{"id":1642,"date":"2021-05-12T14:24:04","date_gmt":"2021-05-12T12:24:04","guid":{"rendered":"https:\/\/wp.kristdemokraterna.se\/regionostergotland\/?p=1642"},"modified":"2021-05-12T14:24:04","modified_gmt":"2021-05-12T12:24:04","slug":"nyhetsbrev-vecka-19-4","status":"publish","type":"post","link":"https:\/\/wp.kristdemokraterna.se\/regionostergotland\/nyhetsbrev-vecka-19-4\/","title":{"rendered":"Nyhetsbrev vecka 19"},"content":{"rendered":"<p>Hej!<\/p>\n<p>Den h\u00e4r veckan har sommarv\u00e4dret verkligen gjort entr\u00e9 i \u00d6sterg\u00f6tland! Med kort arbetsvecka innan den stundande Kristi Himmelsf\u00e4rdshelgen st\u00e4rks sommark\u00e4nslan ytterligare. Att utomhus f\u00e5 njuta av vackert v\u00e4der och alltmer spirande natur, \u00e4r verkligen v\u00e4lkommet i den tid vi befinner oss. L\u00e4get n\u00e4r det g\u00e4ller pandemin \u00e4r fortfarande allvarligt i v\u00e5r region, och det g\u00e4ller att vi alla hj\u00e4lps \u00e5t att h\u00e5lla i och h\u00e5lla ut. Samtidigt kan vi gl\u00e4djande nog se vissa positiva tendenser av utvecklingen av antalet som testas positivt och v\u00e5rdas p\u00e5 sjukhus, och vaccinationerna fortskrider p\u00e5 ett bra s\u00e4tt. Trots den korta arbetsveckan har \u00e4nd\u00e5 en del hunnits med, och lite av det kommer h\u00e4r i veckans nyhetsbrev. Trevlig l\u00e4sning!<!--more--><\/p>\n<p><strong>Laboratoriemedicin i fokus p\u00e5 m\u00e5ndagsm\u00f6te<\/strong><br \/>\nP\u00e5 veckans m\u00e5ndagsm\u00f6te med Kristdemokraterna och Moderaterna g\u00e4stades vi av f\u00f6retr\u00e4dare f\u00f6r den laboratoriemedicinska verksamheten inom Region \u00d6sterg\u00f6tland. En verksamhet som under pandemin har haft extra mycket att g\u00f6ra med framf\u00f6r allt provtagning. V\u00e5ra g\u00e4ster, Martin Hallbeck, verksamhetschef klinisk patologi, och Hanna K\u00e4lvegren, verksamhetschef laboratoriemedicin sjukhus, gav oss en allm\u00e4n \u00f6verblick \u00f6ver verksamheten inom hela Diagnostikcentrum, som ocks\u00e5 inkluderar bild- och funktionsmedicin med bl.a. r\u00f6ntgen, men fokuserade sedan fr\u00e4mst p\u00e5 den laboratoriemedicinska delen. Det finns en del utmaningar, bl.a. behovet av att samla olika verksamheter som idag \u00e4r utspridda p\u00e5 olika delar av hela US-omr\u00e5det i Link\u00f6ping till en byggnad, f\u00f6r att effektivisera processer och b\u00e4ttre kunna samutnyttja avancerad utrustning m.m. Vidare finns en utmaning i rekrytering av olika yrkesgrupper, d\u00e4r bl.a. alltf\u00f6r f\u00e5 examineras fr\u00e5n aktuella h\u00f6gskoleutbildningar. Vi fick ocks\u00e5 en s\u00e4rskild genomg\u00e5ng av hur laboratoriemedicin sj\u00e4lva upplevt pandemi\u00e5ret och diskussioner kring provtagning m.m., vilket var mycket intressant att h\u00f6ra direkt fr\u00e5n verksamheten. M\u00e5ndagsm\u00f6tet g\u00e4stades ocks\u00e5 som vanligt av regiondirekt\u00f6r Krister Bj\u00f6rkegren, som framf\u00f6rallt gav en aktuell uppdatering av pandemil\u00e4get, d\u00e4r det g\u00e5r att sk\u00f6nja en fortsatt l\u00e5ngsam nedg\u00e5ng i antalet som testas positivt, en viss minskning av antalet som v\u00e5rdas p\u00e5 sjukhus och en mycket framg\u00e5ngsrik vaccinationsverksamhet i regionen!<\/p>\n<p><strong>Debattartikel om st\u00f6d till regional kultur i pandemin<\/strong><br \/>\nI tisdagens utg\u00e5va av \u00d6stg\u00f6ta Correspondenten hade vi fr\u00e5n regionutvecklingsn\u00e4mndens presidium en gemensam debattartikel om regionens samlade st\u00f6d p\u00e5 fyra miljoner till det \u00f6stg\u00f6tska kulturlivet. Dels en uppdatering av regionens allm\u00e4nna st\u00f6dformer utifr\u00e5n den nu g\u00e4llande kulturplanen och dels de s\u00e4rskilda st\u00f6d\u00e5tg\u00e4rderna f\u00f6r kulturlivets \u00e5terh\u00e4mtning efter pandemin. Fr\u00e5gor d\u00e4r det \u00e4r angel\u00e4get med bred politisk enighet! Du kan l\u00e4sa hela debattartikeln h\u00e4r: (<a href=\"https:\/\/corren.se\/asikter\/debatt\/artikel\/satsningar-ska-gora-lanets-kulturliv-starkare\/rx1peqgl\" target=\"_blank\" rel=\"noopener\">https:\/\/corren.se\/asikter\/debatt\/artikel\/satsningar-ska-gora-lanets-kulturliv-starkare\/rx1peqgl<\/a>).<\/p>\n<p><strong>E-Day om elektrifierade godstransporter i \u00d6sterg\u00f6tland<\/strong><br \/>\nP\u00e5 tisdagen genomf\u00f6rdes \u00e5rets upplaga av E-Day, som Region \u00d6sterg\u00f6tland, L\u00e4nsstyrelsen, Link\u00f6pings Universitet och Cleantech \u00d6sterg\u00f6tland \u00e5rligen arrangerar f\u00f6r att uppm\u00e4rksamma innovationer och teknisk utveckling i \u00f6stg\u00f6tska f\u00f6retag i syfte att p\u00e5 olika s\u00e4tt st\u00e4rka milj\u00f6- och h\u00e5llbarhetsperspektivet. \u00c5rets tema var elektrifierade godstransporter och efter ett inledande f\u00f6redrag fr\u00e5n professor Alan McKinnon vid K\u00fchne Logistics University i Hamburg, Tyskland, fick vi aktuella f\u00f6redragningar fr\u00e5n Anna Ullstr\u00f6m vid Infrastrukturdepartementet som leder arbetet i Elektrifieringsdelegationens kansli, Olov \u00c5slund och Gustav L\u00e4nn fr\u00e5n Energimyndigheten och Karin Wallin, enhetschef f\u00f6r samh\u00e4llsplanering och infrastruktur, Region \u00d6rebro l\u00e4n. Slutligen fick vi korta inblickar i hur n\u00e5gra \u00f6stg\u00f6tska f\u00f6retag jobbar inom omr\u00e5det, bl.a. Eon Drive, Tekniska Verken, Alfredsson Transport, Renall och Intuizio.<\/p>\n<p><strong>M\u00f6te om Sancta Birgitta Klostermuseum i Vadstena<\/strong><br \/>\nKristdemokraterna har under flera \u00e5r engagerat sig i fr\u00e5gan om Sancta Birgitta klostermuseum i Vadstena, som ett bes\u00f6ksm\u00e5l av stort internationellt intresse, som har goda f\u00f6ruts\u00e4ttningar att vara med och bidra till st\u00e4rkt bes\u00f6ksn\u00e4ring i Vadstena och \u00d6sterg\u00f6tland. I v\u00e5rt regionala valprogram inf\u00f6r valet 2018 fanns bl.a. fr\u00e5gan med om \u00f6kad regional finansiering av museet. I det gemensamma f\u00f6rslaget till Tre\u00e5rsbudget 2021\u20132023 fr\u00e5n Kristdemokraterna och Moderaterna hade vi ocks\u00e5 med ett f\u00f6rslag till uppdrag till regionutvecklingsn\u00e4mnden att utreda m\u00f6jligheten att inkludera fler delar av det \u00f6stg\u00f6tska kulturarvet i \u00d6sterg\u00f6tlands Museum, bl.a. klostermuseet, p\u00e5 samma s\u00e4tt om idag t.ex. L\u00f6fstad slott, Smedstorps dubbelg\u00e5rd och kulturreservatet \u00d6na \u00e4r delar av museets verksamhet. Det f\u00f6rslaget har f\u00e5tt \u00f6kad aktualitet genom att det seglat upp som ett alternativ i diskussioner kring museets framtid. Tidigare under v\u00e5ren h\u00f6lls ett m\u00f6te mellan Region \u00d6sterg\u00f6tland, Vadstena kommun, L\u00e4nsstyrelsen och Link\u00f6pings Stift om museet. I g\u00e5r tisdag eftermiddag tr\u00e4ffade vi fr\u00e5n Region \u00d6sterg\u00f6tland, Vadstena kommun och L\u00e4nsstyrelsen f\u00f6retr\u00e4dare fr\u00e5n Birgittastiftelsens styrelse, som idag driver klostermuseet. D\u00e4r fick vi m\u00f6jlighet att lyssna in stiftelsens tankar och \u00f6nskem\u00e5l f\u00f6r framtiden, och ocks\u00e5 st\u00e4mma av synpunkter p\u00e5 att inkludera museet i den regionala verksamheten, och bli en del av kultursamverkansmodellen. Bra diskussioner och inspel f\u00f6r den fortsatta processen.<\/p>\n<p><strong>\u00d6stg\u00f6tskt f\u00f6rm\u00f6te inf\u00f6r Strukturfondspartnerskapet \u00d6stra Mellansverige<\/strong><br \/>\nIdag onsdag genomf\u00f6rde vi p\u00e5 f\u00f6rmiddagen ett \u00f6stg\u00f6tskt f\u00f6rm\u00f6te inf\u00f6r n\u00e4sta veckas prioriteringsm\u00f6te med Strukturfondspartnerskapet \u00d6stra Mellansverige. Partnerskapet, som best\u00e5r av politiska representanter fr\u00e5n de fem regionerna i \u00d6stra Mellansverige samt f\u00f6retr\u00e4dare f\u00f6r statliga myndigheter, fackliga- och arbetsgivareorganisationer, har uppgiften att prioritera ans\u00f6kningar fr\u00e5n EU:s strukturfonder inom v\u00e5rt geografiska omr\u00e5de. Vi n\u00e4rmar oss slutet av innevarande budgetperiod inom EU, och det kommande prioriteringsm\u00f6tet handlar om projekt kopplade till \u00e5terh\u00e4mtningsfonden efter pandemin, React EU. Inf\u00f6r varje prioriteringsm\u00f6te brukar vi tre ledam\u00f6ter fr\u00e5n Region \u00d6sterg\u00f6tland (Eva Andersson (S), Jan Owe-Larsson (M) och jag), tr\u00e4ffas tillsammans med Lotten Carlsson, enhetschef f\u00f6r regionala utvecklingsprojekt, och g\u00e5 igenom ans\u00f6kningarna och f\u00e5 information fr\u00e5n de diskussioner som f\u00f6rts p\u00e5 tj\u00e4nstepersonsniv\u00e5 mellan regionerna i \u00d6stra Mellansverige. P\u00e5 s\u00e4tt blir vi b\u00e4ttre rustade inf\u00f6r diskussionerna p\u00e5 prioriteringsm\u00f6tet. Sj\u00e4lvklart fokus p\u00e5 \u00f6stg\u00f6tska projekt, som ofta \u00e4r b\u00e5de m\u00e5nga och av h\u00f6g kvalitet!<\/p>\n<p><strong>N\u00e4mndinitiativ om \u00e5terh\u00e4mtning och sommarg\u00e5va till regionens personal<\/strong><br \/>\nIdag p\u00e5 regionstyrelsens sammantr\u00e4de l\u00e4mnade Kristdemokraterna tillsammans med Moderaterna och V\u00e4nsterpartiet in ett n\u00e4mndinitiativ om dels att ta fram en strategi f\u00f6r hur v\u00e5rdens medarbetare ska kunna f\u00e5 en bra \u00e5terh\u00e4mtning efter pandemin, dels att en sommarg\u00e5va ska ges till regionens medarbetare p\u00e5 2 000 kr, som ut\u00f6ver att vara ett tack till medarbetarna i pandemitider, ocks\u00e5 blir ett s\u00e4tt att st\u00f6tta \u00d6sterg\u00f6tlands n\u00e4ringsliv. N\u00e4mndinitiativet fick gl\u00e4djande nog st\u00f6d av \u00f6vriga partier, och f\u00f6rslagen blir d\u00e4rf\u00f6r verklighet!<\/p>\n<p>Nu stundar l\u00e5nghelg, d\u00e4r det enligt v\u00e4derprognoserna v\u00e4ntas en hel del vackert v\u00e4der. Hoppas att det blir m\u00f6jligt att ge sig ut i den vackra \u00f6stg\u00f6tska naturen! I vilket fall som helst \u00f6nskar jag att ni alla f\u00e5r en riktigt fin Kristi Himmelsf\u00e4rdshelg!<\/p>\n<p>Med v\u00e4nlig h\u00e4lsning<br \/>\nPer Larsson<br \/>\nOppositionsr\u00e5d och gruppledare<br \/>\nKristdemokraterna i Region \u00d6sterg\u00f6tland<br \/>\ntfn 010-103 72 84 (arb)<br \/>\ntfn 0702-88 21 34 (mobil)<br \/>\nper.larsson@regionostergotland.se<\/p>\n<p>&nbsp;<\/p>\n","protected":false},"excerpt":{"rendered":"<p>Hej! Den h\u00e4r veckan har sommarv\u00e4dret verkligen gjort entr\u00e9 i \u00d6sterg\u00f6tland! Med kort arbetsvecka innan den stundande Kristi Himmelsf\u00e4rdshelgen st\u00e4rks sommark\u00e4nslan ytterligare. Att utomhus f\u00e5 njuta av vackert v\u00e4der och alltmer spirande natur, \u00e4r verkligen v\u00e4lkommet i den tid vi befinner oss. L\u00e4get n\u00e4r det g\u00e4ller pandemin \u00e4r fortfarande allvarligt i v\u00e5r region, och det <a class=\"read-more-link\" href=\"https:\/\/wp.kristdemokraterna.se\/regionostergotland\/nyhetsbrev-vecka-19-4\/\">Read More<\/a><\/p>\n","protected":false},"author":737,"featured_media":0,"comment_status":"closed","ping_status":"closed","sticky":false,"template":"","format":"standard","meta":{"_acf_changed":false,"footnotes":""},"categories":[1],"tags":[],"class_list":["post-1642","post","type-post","status-publish","format-standard","hentry","category-nyheter"],"acf":[],"yoast_head":"<!-- This site is optimized with the Yoast SEO plugin v27.5 - https:\/\/yoast.com\/product\/yoast-seo-wordpress\/ -->\n<title>Nyhetsbrev vecka 19 - i Region \u00d6sterg\u00f6tland<\/title>\n<meta name=\"robots\" content=\"index, follow, max-snippet:-1, max-image-preview:large, max-video-preview:-1\" \/>\n<link rel=\"canonical\" href=\"https:\/\/wp.kristdemokraterna.se\/regionostergotland\/nyhetsbrev-vecka-19-4\/\" \/>\n<meta property=\"og:locale\" content=\"sv_SE\" \/>\n<meta property=\"og:type\" content=\"article\" \/>\n<meta property=\"og:title\" content=\"Nyhetsbrev vecka 19 - i Region \u00d6sterg\u00f6tland\" \/>\n<meta property=\"og:description\" content=\"Hej! Den h\u00e4r veckan har sommarv\u00e4dret verkligen gjort entr\u00e9 i \u00d6sterg\u00f6tland! Med kort arbetsvecka innan den stundande Kristi Himmelsf\u00e4rdshelgen st\u00e4rks sommark\u00e4nslan ytterligare. Att utomhus f\u00e5 njuta av vackert v\u00e4der och alltmer spirande natur, \u00e4r verkligen v\u00e4lkommet i den tid vi befinner oss. L\u00e4get n\u00e4r det g\u00e4ller pandemin \u00e4r fortfarande allvarligt i v\u00e5r region, och det Read More\" \/>\n<meta property=\"og:url\" content=\"https:\/\/wp.kristdemokraterna.se\/regionostergotland\/nyhetsbrev-vecka-19-4\/\" \/>\n<meta property=\"og:site_name\" content=\"i Region \u00d6sterg\u00f6tland\" \/>\n<meta property=\"article:published_time\" content=\"2021-05-12T12:24:04+00:00\" \/>\n<meta property=\"og:image\" content=\"https:\/\/wp.kristdemokraterna.se\/regionostergotland\/files\/2021\/05\/bild-nyhetsbrev-vecka-19-2021.jpg\" \/>\n\t<meta property=\"og:image:width\" content=\"2048\" \/>\n\t<meta property=\"og:image:height\" content=\"1206\" \/>\n\t<meta property=\"og:image:type\" content=\"image\/jpeg\" \/>\n<meta name=\"author\" content=\"regionostergotland\" \/>\n<meta name=\"twitter:card\" content=\"summary_large_image\" \/>\n<meta name=\"twitter:label1\" content=\"Skriven av\" \/>\n\t<meta name=\"twitter:data1\" content=\"regionostergotland\" \/>\n\t<meta name=\"twitter:label2\" content=\"Ber\u00e4knad l\u00e4stid\" \/>\n\t<meta name=\"twitter:data2\" content=\"5 minuter\" \/>\n<script type=\"application\/ld+json\" class=\"yoast-schema-graph\">{\"@context\":\"https:\\\/\\\/schema.org\",\"@graph\":[{\"@type\":\"Article\",\"@id\":\"https:\\\/\\\/wp.kristdemokraterna.se\\\/regionostergotland\\\/nyhetsbrev-vecka-19-4\\\/#article\",\"isPartOf\":{\"@id\":\"https:\\\/\\\/wp.kristdemokraterna.se\\\/regionostergotland\\\/nyhetsbrev-vecka-19-4\\\/\"},\"author\":{\"name\":\"regionostergotland\",\"@id\":\"https:\\\/\\\/wp.kristdemokraterna.se\\\/regionostergotland\\\/#\\\/schema\\\/person\\\/74c3c4f502fcc489722a7be0dfe0088c\"},\"headline\":\"Nyhetsbrev vecka 19\",\"datePublished\":\"2021-05-12T12:24:04+00:00\",\"mainEntityOfPage\":{\"@id\":\"https:\\\/\\\/wp.kristdemokraterna.se\\\/regionostergotland\\\/nyhetsbrev-vecka-19-4\\\/\"},\"wordCount\":1285,\"articleSection\":[\"Nyheter\"],\"inLanguage\":\"sv-SE\"},{\"@type\":\"WebPage\",\"@id\":\"https:\\\/\\\/wp.kristdemokraterna.se\\\/regionostergotland\\\/nyhetsbrev-vecka-19-4\\\/\",\"url\":\"https:\\\/\\\/wp.kristdemokraterna.se\\\/regionostergotland\\\/nyhetsbrev-vecka-19-4\\\/\",\"name\":\"Nyhetsbrev vecka 19 - i Region \u00d6sterg\u00f6tland\",\"isPartOf\":{\"@id\":\"https:\\\/\\\/wp.kristdemokraterna.se\\\/regionostergotland\\\/#website\"},\"datePublished\":\"2021-05-12T12:24:04+00:00\",\"author\":{\"@id\":\"https:\\\/\\\/wp.kristdemokraterna.se\\\/regionostergotland\\\/#\\\/schema\\\/person\\\/74c3c4f502fcc489722a7be0dfe0088c\"},\"breadcrumb\":{\"@id\":\"https:\\\/\\\/wp.kristdemokraterna.se\\\/regionostergotland\\\/nyhetsbrev-vecka-19-4\\\/#breadcrumb\"},\"inLanguage\":\"sv-SE\",\"potentialAction\":[{\"@type\":\"ReadAction\",\"target\":[\"https:\\\/\\\/wp.kristdemokraterna.se\\\/regionostergotland\\\/nyhetsbrev-vecka-19-4\\\/\"]}]},{\"@type\":\"BreadcrumbList\",\"@id\":\"https:\\\/\\\/wp.kristdemokraterna.se\\\/regionostergotland\\\/nyhetsbrev-vecka-19-4\\\/#breadcrumb\",\"itemListElement\":[{\"@type\":\"ListItem\",\"position\":1,\"name\":\"Hem\",\"item\":\"https:\\\/\\\/wp.kristdemokraterna.se\\\/regionostergotland\\\/\"},{\"@type\":\"ListItem\",\"position\":2,\"name\":\"Nyhetsbrev vecka 19\"}]},{\"@type\":\"WebSite\",\"@id\":\"https:\\\/\\\/wp.kristdemokraterna.se\\\/regionostergotland\\\/#website\",\"url\":\"https:\\\/\\\/wp.kristdemokraterna.se\\\/regionostergotland\\\/\",\"name\":\"i Region \u00d6sterg\u00f6tland\",\"description\":\"\",\"inLanguage\":\"sv-SE\"},{\"@type\":\"Person\",\"@id\":\"https:\\\/\\\/wp.kristdemokraterna.se\\\/regionostergotland\\\/#\\\/schema\\\/person\\\/74c3c4f502fcc489722a7be0dfe0088c\",\"name\":\"regionostergotland\",\"image\":{\"@type\":\"ImageObject\",\"inLanguage\":\"sv-SE\",\"@id\":\"https:\\\/\\\/secure.gravatar.com\\\/avatar\\\/8fb8f0a216e627554da57506bfaf78d677f45512f24f703e185ec701423b1e92?s=96&d=mm&r=g\",\"url\":\"https:\\\/\\\/secure.gravatar.com\\\/avatar\\\/8fb8f0a216e627554da57506bfaf78d677f45512f24f703e185ec701423b1e92?s=96&d=mm&r=g\",\"contentUrl\":\"https:\\\/\\\/secure.gravatar.com\\\/avatar\\\/8fb8f0a216e627554da57506bfaf78d677f45512f24f703e185ec701423b1e92?s=96&d=mm&r=g\",\"caption\":\"regionostergotland\"},\"url\":\"https:\\\/\\\/wp.kristdemokraterna.se\\\/regionostergotland\\\/author\\\/regionostergotland\\\/\"}]}<\/script>\n<!-- \/ Yoast SEO plugin. -->","yoast_head_json":{"title":"Nyhetsbrev vecka 19 - i Region \u00d6sterg\u00f6tland","robots":{"index":"index","follow":"follow","max-snippet":"max-snippet:-1","max-image-preview":"max-image-preview:large","max-video-preview":"max-video-preview:-1"},"canonical":"https:\/\/wp.kristdemokraterna.se\/regionostergotland\/nyhetsbrev-vecka-19-4\/","og_locale":"sv_SE","og_type":"article","og_title":"Nyhetsbrev vecka 19 - i Region \u00d6sterg\u00f6tland","og_description":"Hej! Den h\u00e4r veckan har sommarv\u00e4dret verkligen gjort entr\u00e9 i \u00d6sterg\u00f6tland! Med kort arbetsvecka innan den stundande Kristi Himmelsf\u00e4rdshelgen st\u00e4rks sommark\u00e4nslan ytterligare. Att utomhus f\u00e5 njuta av vackert v\u00e4der och alltmer spirande natur, \u00e4r verkligen v\u00e4lkommet i den tid vi befinner oss. L\u00e4get n\u00e4r det g\u00e4ller pandemin \u00e4r fortfarande allvarligt i v\u00e5r region, och det Read More","og_url":"https:\/\/wp.kristdemokraterna.se\/regionostergotland\/nyhetsbrev-vecka-19-4\/","og_site_name":"i Region \u00d6sterg\u00f6tland","article_published_time":"2021-05-12T12:24:04+00:00","og_image":[{"width":2048,"height":1206,"url":"https:\/\/wp.kristdemokraterna.se\/regionostergotland\/files\/2021\/05\/bild-nyhetsbrev-vecka-19-2021.jpg","type":"image\/jpeg"}],"author":"regionostergotland","twitter_card":"summary_large_image","twitter_misc":{"Skriven av":"regionostergotland","Ber\u00e4knad l\u00e4stid":"5 minuter"},"schema":{"@context":"https:\/\/schema.org","@graph":[{"@type":"Article","@id":"https:\/\/wp.kristdemokraterna.se\/regionostergotland\/nyhetsbrev-vecka-19-4\/#article","isPartOf":{"@id":"https:\/\/wp.kristdemokraterna.se\/regionostergotland\/nyhetsbrev-vecka-19-4\/"},"author":{"name":"regionostergotland","@id":"https:\/\/wp.kristdemokraterna.se\/regionostergotland\/#\/schema\/person\/74c3c4f502fcc489722a7be0dfe0088c"},"headline":"Nyhetsbrev vecka 19","datePublished":"2021-05-12T12:24:04+00:00","mainEntityOfPage":{"@id":"https:\/\/wp.kristdemokraterna.se\/regionostergotland\/nyhetsbrev-vecka-19-4\/"},"wordCount":1285,"articleSection":["Nyheter"],"inLanguage":"sv-SE"},{"@type":"WebPage","@id":"https:\/\/wp.kristdemokraterna.se\/regionostergotland\/nyhetsbrev-vecka-19-4\/","url":"https:\/\/wp.kristdemokraterna.se\/regionostergotland\/nyhetsbrev-vecka-19-4\/","name":"Nyhetsbrev vecka 19 - i Region \u00d6sterg\u00f6tland","isPartOf":{"@id":"https:\/\/wp.kristdemokraterna.se\/regionostergotland\/#website"},"datePublished":"2021-05-12T12:24:04+00:00","author":{"@id":"https:\/\/wp.kristdemokraterna.se\/regionostergotland\/#\/schema\/person\/74c3c4f502fcc489722a7be0dfe0088c"},"breadcrumb":{"@id":"https:\/\/wp.kristdemokraterna.se\/regionostergotland\/nyhetsbrev-vecka-19-4\/#breadcrumb"},"inLanguage":"sv-SE","potentialAction":[{"@type":"ReadAction","target":["https:\/\/wp.kristdemokraterna.se\/regionostergotland\/nyhetsbrev-vecka-19-4\/"]}]},{"@type":"BreadcrumbList","@id":"https:\/\/wp.kristdemokraterna.se\/regionostergotland\/nyhetsbrev-vecka-19-4\/#breadcrumb","itemListElement":[{"@type":"ListItem","position":1,"name":"Hem","item":"https:\/\/wp.kristdemokraterna.se\/regionostergotland\/"},{"@type":"ListItem","position":2,"name":"Nyhetsbrev vecka 19"}]},{"@type":"WebSite","@id":"https:\/\/wp.kristdemokraterna.se\/regionostergotland\/#website","url":"https:\/\/wp.kristdemokraterna.se\/regionostergotland\/","name":"i Region \u00d6sterg\u00f6tland","description":"","inLanguage":"sv-SE"},{"@type":"Person","@id":"https:\/\/wp.kristdemokraterna.se\/regionostergotland\/#\/schema\/person\/74c3c4f502fcc489722a7be0dfe0088c","name":"regionostergotland","image":{"@type":"ImageObject","inLanguage":"sv-SE","@id":"https:\/\/secure.gravatar.com\/avatar\/8fb8f0a216e627554da57506bfaf78d677f45512f24f703e185ec701423b1e92?s=96&d=mm&r=g","url":"https:\/\/secure.gravatar.com\/avatar\/8fb8f0a216e627554da57506bfaf78d677f45512f24f703e185ec701423b1e92?s=96&d=mm&r=g","contentUrl":"https:\/\/secure.gravatar.com\/avatar\/8fb8f0a216e627554da57506bfaf78d677f45512f24f703e185ec701423b1e92?s=96&d=mm&r=g","caption":"regionostergotland"},"url":"https:\/\/wp.kristdemokraterna.se\/regionostergotland\/author\/regionostergotland\/"}]}},"_links":{"self":[{"href":"https:\/\/wp.kristdemokraterna.se\/regionostergotland\/wp-json\/wp\/v2\/posts\/1642","targetHints":{"allow":["GET"]}}],"collection":[{"href":"https:\/\/wp.kristdemokraterna.se\/regionostergotland\/wp-json\/wp\/v2\/posts"}],"about":[{"href":"https:\/\/wp.kristdemokraterna.se\/regionostergotland\/wp-json\/wp\/v2\/types\/post"}],"author":[{"embeddable":true,"href":"https:\/\/wp.kristdemokraterna.se\/regionostergotland\/wp-json\/wp\/v2\/users\/737"}],"replies":[{"embeddable":true,"href":"https:\/\/wp.kristdemokraterna.se\/regionostergotland\/wp-json\/wp\/v2\/comments?post=1642"}],"version-history":[{"count":1,"href":"https:\/\/wp.kristdemokraterna.se\/regionostergotland\/wp-json\/wp\/v2\/posts\/1642\/revisions"}],"predecessor-version":[{"id":1644,"href":"https:\/\/wp.kristdemokraterna.se\/regionostergotland\/wp-json\/wp\/v2\/posts\/1642\/revisions\/1644"}],"wp:attachment":[{"href":"https:\/\/wp.kristdemokraterna.se\/regionostergotland\/wp-json\/wp\/v2\/media?parent=1642"}],"wp:term":[{"taxonomy":"category","embeddable":true,"href":"https:\/\/wp.kristdemokraterna.se\/regionostergotland\/wp-json\/wp\/v2\/categories?post=1642"},{"taxonomy":"post_tag","embeddable":true,"href":"https:\/\/wp.kristdemokraterna.se\/regionostergotland\/wp-json\/wp\/v2\/tags?post=1642"}],"curies":[{"name":"wp","href":"https:\/\/api.w.org\/{rel}","templated":true}]}}