{"id":1651,"date":"2021-06-04T14:49:43","date_gmt":"2021-06-04T12:49:43","guid":{"rendered":"https:\/\/wp.kristdemokraterna.se\/regionostergotland\/?p=1651"},"modified":"2021-06-04T14:49:43","modified_gmt":"2021-06-04T12:49:43","slug":"nyhetsbrev-vecka-22-4","status":"publish","type":"post","link":"https:\/\/wp.kristdemokraterna.se\/regionostergotland\/nyhetsbrev-vecka-22-4\/","title":{"rendered":"Nyhetsbrev vecka 22"},"content":{"rendered":"<p>Hej!<\/p>\n<p>I veckan har maj blivit juni, solen har skinit flitigt, mer \u00e4n h\u00e4lften av \u00f6stg\u00f6tarna \u00f6ver 18 \u00e5r har f\u00e5tt f\u00f6rsta vaccindosen, antal som testas positivt f\u00f6r Covid-19 minskar och f\u00e4rre beh\u00f6ver v\u00e5rd p\u00e5 sjukhus. \u00c4ven om vissa restriktioner l\u00e4ttades 1 juni, \u00e4r det f\u00f6rst\u00e5s viktigt att vi forts\u00e4tter att f\u00f6lja alla de restriktioner som \u00e4nnu finns kvar, och naturligtvis vaccinerar oss n\u00e4r vi f\u00e5r chansen, s\u00e5 att den positiva utvecklingen forts\u00e4tter! I veckan har ocks\u00e5 det regionpolitiska schemat varit inneh\u00e5llsrikt. N\u00e5gra glimtar fr\u00e5n det som h\u00e4nt kommer h\u00e4r i veckans nyhetsbrev. Trevlig l\u00e4sning!<!--more--><\/p>\n<p><strong>Debattartikel om psykisk oh\u00e4lsa<\/strong><br \/>\nRedan i l\u00f6rdags i f\u00f6rra veckan hade Kristdemokraterna en debattartikel i Corren om psykisk oh\u00e4lsa. Martin Zetterlund, ers\u00e4ttare i regionstyrelsen, och Solveig Danielson, ledamot i social- och omsorgsn\u00e4mnden i Link\u00f6pings kommun, skrev gemensamt om \u00f6kad psykisk oh\u00e4lsa i \u00d6sterg\u00f6tland och framf\u00f6r allt f\u00f6rslag f\u00f6r att b\u00e4ttre m\u00f6ta medborgarnas behov p\u00e5 omr\u00e5det. Du kan l\u00e4sa hela debattartikeln h\u00e4r: (<a href=\"https:\/\/corren.se\/asikter\/debatt\/artikel\/battre-samverkan-behovs-kring-okande-psykisk-ohalsa\/l799w5xr\" target=\"_blank\" rel=\"noopener\">https:\/\/corren.se\/asikter\/debatt\/artikel\/battre-samverkan-behovs-kring-okande-psykisk-ohalsa\/l799w5xr<\/a>).<\/p>\n<p><strong>Nyhetsartikel om l\u00e4kemedelsmotion<\/strong><br \/>\nI m\u00e5ndags hade Corren, Norrk\u00f6pings Tidningar och Motala Vadstena Tidning alla nyhetsartiklar om Kristdemokraternas och Moderaternas gemensamma motion p\u00e5 l\u00e4kemedelsomr\u00e5det, som Marie Morell (M) och jag presenterade p\u00e5 ett presswebbinarium (som jag ber\u00e4ttat om i tidigare nyhetsbrev). Du kan bl.a. l\u00e4sa artikeln h\u00e4r: (<a href=\"https:\/\/corren.se\/artikel\/m-och-kd-kraver-battre-koll-pa-lakemedelshantering\/jv99k41l\" target=\"_blank\" rel=\"noopener\">https:\/\/corren.se\/artikel\/m-och-kd-kraver-battre-koll-pa-lakemedelshantering\/jv99k41l<\/a>).<\/p>\n<p><strong>M\u00e5ndagsm\u00f6te med bes\u00f6k av regiondirekt\u00f6ren<\/strong><br \/>\nVeckans f\u00f6rsta m\u00f6te var som vanligt m\u00e5ndagsm\u00f6tet med ledningarna f\u00f6r Kristdemokraterna och Moderaterna i Region \u00d6sterg\u00f6tland. M\u00f6tet g\u00e4stades av regiondirekt\u00f6r Krister Bj\u00f6rkegren, som framf\u00f6rallt gav en l\u00e4gesrapport n\u00e4r det g\u00e4ller Covid-19. Ut\u00f6ver den positiva trenden med minskat antal som testas positivt, f\u00e4rre som beh\u00f6ver sjukhusv\u00e5rd och allt fler som vaccinerats, fick vi bl.a. h\u00f6ra om planeringen att minska antalet v\u00e5rdplatser (d\u00e5 f\u00e4rre beh\u00f6vs) till sommaren, att takten i vaccineringen kommer att \u00f6ka ytterligare kommande veckor, men samtidigt att en tuff h\u00f6st v\u00e4ntar med all framskjuten v\u00e5rd som v\u00e4ntar.<\/p>\n<p><strong>M\u00f6te om projektet Team \u00d6sterg\u00f6tland<\/strong><br \/>\nP\u00e5 tisdagsf\u00f6rmiddagen hade Eva Andersson (S) och jag fr\u00e5n regionutvecklingsn\u00e4mndens presidium, ett m\u00f6te om projektet Team \u00d6sterg\u00f6tland som p\u00e5g\u00e5tt sedan h\u00f6sten 2019 och nu g\u00e5r mot sin avslutning och planerad forts\u00e4ttning i nya permanenta former. P\u00e5 m\u00f6tet medverkade Joakim Ljungqvist, projektledare, Mattias Flodstr\u00f6m, ansvarig strateg p\u00e5 enheten f\u00f6r tillv\u00e4xt, Malin Thunborg, enhetschef p\u00e5 enheten f\u00f6r tillv\u00e4xt och Erik Nellmark, marknadsf\u00f6ringsansvarig East Sweden. Vi har fr\u00e5n b\u00e5de n\u00e4mnden och framf\u00f6r allt presidiet f\u00f6ljt projektet, som finansierats av medel fr\u00e5n Tillv\u00e4xtverket, regelbundet fr\u00e5n start, men fick nu en mer djuplodad genomg\u00e5ng av projektets resultat och framf\u00f6rallt hur tankarna ser ut f\u00f6r fortsatt arbete inom projektets tre delar; investeringsfr\u00e4mjande, rekryteringsfr\u00e4mjande och bes\u00f6ksn\u00e4ringsfr\u00e4mjande. Akt\u00f6rerna s\u00e5v\u00e4l inom kommunernas n\u00e4ringslivsenheter i de tretton \u00f6stg\u00f6tska kommunerna och de tre kommunerna i norra Kalmar l\u00e4n som deltagit (Vimmerby, Hultsfred, V\u00e4stervik), som exempelvis de stora akt\u00f6rerna inom bes\u00f6ksn\u00e4ringen, \u00e4r mycket positiva till och ser tydligt behovet av en gemensam regional leveransfunktion. Fortsatta diskussioner med politiska f\u00f6retr\u00e4dare f\u00f6r kommunerna och \u00e4ven Region Kalmar l\u00e4n v\u00e4ntar under b\u00f6rjan av h\u00f6sten.<\/p>\n<p><strong>Gruppm\u00f6te med Kristdemokraternas regiongrupp<\/strong><br \/>\nI tisdags kv\u00e4ll var det dags f\u00f6r juni m\u00e5nads och v\u00e5rens sista gruppm\u00f6te med Kristdemokraternas regiongrupp. Kv\u00e4llen inleddes som vanligt med n\u00e4mndvisa gruppm\u00f6ten tillsammans med Moderaterna. Sedan f\u00f6ljde ett gemensamt m\u00f6te med b\u00e5da v\u00e5ra regiongrupper, d\u00e4r vi fyra andre vice ordf\u00f6rande i regionstyrelsen och de tre stora n\u00e4mnderna, presenterade h\u00f6jdpunkter ur v\u00e5rt gemensamma f\u00f6rslag till Tre\u00e5rsbudget 2022\u20132024. Slutligen avslutades kv\u00e4llen med Kristdemokraternas eget gruppm\u00f6te, d\u00e5 vi f\u00f6r v\u00e5r del formellt klubbade budgetf\u00f6rslaget. Vi diskuterade ocks\u00e5 andra kommande politiska ageranden och fick bl.a. en rapport av Birgitta Waern fr\u00e5n regionens nyligen genomf\u00f6rda kunskapsseminarium om ny folkh\u00e4lsostrategi.<\/p>\n<p><strong>Ageranden fr\u00e5n KD och M p\u00e5 sammantr\u00e4de med regionutvecklingsn\u00e4mnden<\/strong><br \/>\nP\u00e5 onsdagen sammantr\u00e4dde regionutvecklingsn\u00e4mnden. P\u00e5 dagordningen stod bl.a. beslut om del\u00e5rsrapport f\u00f6r n\u00e4mnden f\u00f6r f\u00f6rsta kvartalet 2021. Det \u00e4r f\u00f6rsta del\u00e5rsrapporten som f\u00f6ljer upp regionens nya styrmodell d\u00e4r Tre\u00e5rsbudgeten har fokusomr\u00e5den och uppdrag till n\u00e4mnderna. Vi fr\u00e5n Kristdemokraterna och Moderaterna l\u00e4mnade en protokollsanteckning, d\u00e4r vi dels h\u00e4nvisade till v\u00e5rt eget f\u00f6rslag till Tre\u00e5rsbudget, och dels l\u00e4mnade ett par synpunkter kring arbetet med \u00f6verenskommelse med civilsamh\u00e4llet och med validering. Bland besluts\u00e4rendena fanns ocks\u00e5 svar p\u00e5 revisionsrapport kring granskning av insatser f\u00f6r att f\u00f6rebygga och minska oh\u00e4lsa. I rapporten riktades ganska skarp kritik mot regionutvecklingsn\u00e4mnden n\u00e4r det g\u00e4ller brister i tydlighet och mandat i styrningen och uppf\u00f6ljningen av n\u00e4mndens uppdrag inom folkh\u00e4lsoomr\u00e5det. D\u00e4rf\u00f6r yrkade vi fr\u00e5n Kristdemokraterna och Moderaterna p\u00e5 ett uppdrag till regionutvecklingsdirekt\u00f6ren att \u00e5terkomma med f\u00f6rslag p\u00e5 hur n\u00e4mnden kan s\u00e4kra tydlighet och mandat i folkh\u00e4lsouppdraget f\u00f6r att uppn\u00e5 en tillfredsst\u00e4llande styrning och uppf\u00f6ljning. Gl\u00e4djande nog st\u00e4llde sig \u00f6vriga partier bakom yrkandet, som d\u00e4rmed gick igenom!<\/p>\n<p><strong>ESBR Miniutbildning \u201dF\u00f6ssta tossdan\u201d<\/strong><br \/>\nI g\u00e5r torsdag inleddes dagen med det andra tillf\u00e4llet i serien miniutbildningar arrangerade f\u00f6r East Sweden Business Region, so \u00e4r det av Region \u00d6sterg\u00f6tland sammanh\u00e5llna n\u00e4tverket f\u00f6r n\u00e4ringslivets st\u00f6dsystem i \u00d6sterg\u00f6tland; d.v.s. n\u00e4ringslivets organisationer, kommunernas n\u00e4ringslivskontor, L\u00e4nsstyrelsen, Link\u00f6pings Universitet m.fl. Miniutbildningarna genomf\u00f6rs p\u00e5 morgonen f\u00f6rsta torsdagen i varje m\u00e5nad, d\u00e4rav namnet p\u00e5 serien\u2026 G\u00e5rdagens tema var Almi, d\u00e4r vice vd Henrik Dahlstr\u00f6m, vd Mats Philipsson och finanschef Gunilla Bystr\u00f6m, ber\u00e4ttade om Almis verksamhet och uppdrag kring utl\u00e5ning och r\u00e5dgivning till \u00f6stg\u00f6tska sm\u00e5 och mellanstora f\u00f6retag.<\/p>\n<p><strong>Digital turn\u00e9 om regionalt valprogram g\u00e4stade Finsp\u00e5ng<\/strong><br \/>\nUnder v\u00e5ren har vi fr\u00e5n Kristdemokraternas regiongrupp genomf\u00f6rt en digital turn\u00e9 till partiavdelningarna i \u00d6sterg\u00f6tland f\u00f6r att inh\u00e4mta id\u00e9er och f\u00f6rslag till det kommande regionala valprogrammet inf\u00f6r valet till regionfullm\u00e4ktige 2022. Ig\u00e5r torsdag f\u00f6rmiddag hade vi gl\u00e4djen att g\u00e4sta Kristdemokraterna i Finsp\u00e5ng, d\u00e4r det blev samtal om bl.a. folkh\u00e4lsa, energif\u00f6rs\u00f6rjning, kollektivtrafik, samverkan mellan offentliga akt\u00f6rer och n\u00e4ra v\u00e5rd. Tack f\u00f6r trevligt samtal!<\/p>\n<p><strong>M\u00f6te med \u00d6sterg\u00f6tlands Museum om Klostermuseet i Vadstena<\/strong><br \/>\nSom jag ber\u00e4ttat om i tidigare nyhetsbrev under v\u00e5ren, har fr\u00e5gan om framtiden f\u00f6r Sancta Birgitta klostermuseum i Vadstena varit p\u00e5 agendan f\u00f6r flera m\u00f6ten mellan regionen och andra ber\u00f6rda akt\u00f6rer under v\u00e5ren. Redan i f\u00f6rslaget till Tre\u00e5rsbudget 2021-2023 fr\u00e5n Kristdemokraterna och Moderaterna, som vi arbetade fram under f\u00f6rra \u00e5ret, f\u00f6reslog vi att klostermuseet liksom t.ex. L\u00f6fstad slott skulle inkluderas som en del av \u00d6sterg\u00f6tlands Museum. N\u00e4r det under den tidiga v\u00e5ren visade sig vara sv\u00e5rt att f\u00e5 till en statlig \u00e4garl\u00f6sning f\u00f6r museet, har v\u00e5rt f\u00f6rslag seglat upp som ett alternativ \u00e4ven f\u00f6r fler. Av det sk\u00e4let har \u00d6sterg\u00f6tlands Museum gjort en utredning kring hur en s\u00e5dan l\u00f6sning skulle kunna se ut, och vid ett m\u00f6te ig\u00e5r torsdag eftermiddag, fick Eva Andersson (S) och jag fr\u00e5n regionutvecklingsn\u00e4mndens presidium tillsammans med kulturchef Rikard \u00c5slund och ansvarig strateg Petra Nordin Carlsson utredningen presenterad av museichef Olof Hermelin, chef f\u00f6r samlingar Bj\u00f6rn Ivarsson Liljeblad, chef f\u00f6r publik verksamhet Gabriela Huk och platsansvarig p\u00e5 L\u00f6fstad slott Per St\u00e5lebro. En mycket intressant f\u00f6redragning och utredning. Arbetet forts\u00e4tter fram\u00e5t, och f\u00f6rhoppningsvis kan utredningens f\u00f6rslag bli verklighet!<\/p>\n<p>D\u00e5 n\u00e4rmar sig arbetsveckan sitt slut, och \u00e4nnu en f\u00f6rsommarhelg v\u00e4ntar. Vi hoppas att v\u00e4derprognosen som talar om sol och behagliga temperaturer st\u00e5r sig. I vilket fall som helst hoppas jag att ni alla f\u00e5r en riktigt trevlig helg!<\/p>\n<p>Med v\u00e4nlig h\u00e4lsning<br \/>\nPer Larsson<br \/>\nOppositionsr\u00e5d och gruppledare<br \/>\nKristdemokraterna i Region \u00d6sterg\u00f6tland<br \/>\ntfn 010-103 72 84 (arb)<br \/>\ntfn 0702-88 21 34 (mobil)<br \/>\nper.larsson@regionostergotland.se<\/p>\n<p>&nbsp;<\/p>\n","protected":false},"excerpt":{"rendered":"<p>Hej! I veckan har maj blivit juni, solen har skinit flitigt, mer \u00e4n h\u00e4lften av \u00f6stg\u00f6tarna \u00f6ver 18 \u00e5r har f\u00e5tt f\u00f6rsta vaccindosen, antal som testas positivt f\u00f6r Covid-19 minskar och f\u00e4rre beh\u00f6ver v\u00e5rd p\u00e5 sjukhus. \u00c4ven om vissa restriktioner l\u00e4ttades 1 juni, \u00e4r det f\u00f6rst\u00e5s viktigt att vi forts\u00e4tter att f\u00f6lja alla de restriktioner <a class=\"read-more-link\" href=\"https:\/\/wp.kristdemokraterna.se\/regionostergotland\/nyhetsbrev-vecka-22-4\/\">Read More<\/a><\/p>\n","protected":false},"author":737,"featured_media":0,"comment_status":"closed","ping_status":"closed","sticky":false,"template":"","format":"standard","meta":{"_acf_changed":false,"footnotes":""},"categories":[1],"tags":[],"class_list":["post-1651","post","type-post","status-publish","format-standard","hentry","category-nyheter"],"acf":[],"yoast_head":"<!-- This site is optimized with the Yoast SEO plugin v27.5 - https:\/\/yoast.com\/product\/yoast-seo-wordpress\/ -->\n<title>Nyhetsbrev vecka 22 - i Region \u00d6sterg\u00f6tland<\/title>\n<meta name=\"robots\" content=\"index, follow, max-snippet:-1, max-image-preview:large, max-video-preview:-1\" \/>\n<link rel=\"canonical\" href=\"https:\/\/wp.kristdemokraterna.se\/regionostergotland\/nyhetsbrev-vecka-22-4\/\" \/>\n<meta property=\"og:locale\" content=\"sv_SE\" \/>\n<meta property=\"og:type\" content=\"article\" \/>\n<meta property=\"og:title\" content=\"Nyhetsbrev vecka 22 - i Region \u00d6sterg\u00f6tland\" \/>\n<meta property=\"og:description\" content=\"Hej! I veckan har maj blivit juni, solen har skinit flitigt, mer \u00e4n h\u00e4lften av \u00f6stg\u00f6tarna \u00f6ver 18 \u00e5r har f\u00e5tt f\u00f6rsta vaccindosen, antal som testas positivt f\u00f6r Covid-19 minskar och f\u00e4rre beh\u00f6ver v\u00e5rd p\u00e5 sjukhus. \u00c4ven om vissa restriktioner l\u00e4ttades 1 juni, \u00e4r det f\u00f6rst\u00e5s viktigt att vi forts\u00e4tter att f\u00f6lja alla de restriktioner Read More\" \/>\n<meta property=\"og:url\" content=\"https:\/\/wp.kristdemokraterna.se\/regionostergotland\/nyhetsbrev-vecka-22-4\/\" \/>\n<meta property=\"og:site_name\" content=\"i Region \u00d6sterg\u00f6tland\" \/>\n<meta property=\"article:published_time\" content=\"2021-06-04T12:49:43+00:00\" \/>\n<meta property=\"og:image\" content=\"https:\/\/wp.kristdemokraterna.se\/regionostergotland\/files\/2021\/06\/bild-nyhetsbrev-vecka-22-2021.jpg\" \/>\n\t<meta property=\"og:image:width\" content=\"2048\" \/>\n\t<meta property=\"og:image:height\" content=\"1289\" \/>\n\t<meta property=\"og:image:type\" content=\"image\/jpeg\" \/>\n<meta name=\"author\" content=\"regionostergotland\" \/>\n<meta name=\"twitter:card\" content=\"summary_large_image\" \/>\n<meta name=\"twitter:label1\" content=\"Skriven av\" \/>\n\t<meta name=\"twitter:data1\" content=\"regionostergotland\" \/>\n\t<meta name=\"twitter:label2\" content=\"Ber\u00e4knad l\u00e4stid\" \/>\n\t<meta name=\"twitter:data2\" content=\"6 minuter\" \/>\n<script type=\"application\/ld+json\" class=\"yoast-schema-graph\">{\"@context\":\"https:\\\/\\\/schema.org\",\"@graph\":[{\"@type\":\"Article\",\"@id\":\"https:\\\/\\\/wp.kristdemokraterna.se\\\/regionostergotland\\\/nyhetsbrev-vecka-22-4\\\/#article\",\"isPartOf\":{\"@id\":\"https:\\\/\\\/wp.kristdemokraterna.se\\\/regionostergotland\\\/nyhetsbrev-vecka-22-4\\\/\"},\"author\":{\"name\":\"regionostergotland\",\"@id\":\"https:\\\/\\\/wp.kristdemokraterna.se\\\/regionostergotland\\\/#\\\/schema\\\/person\\\/74c3c4f502fcc489722a7be0dfe0088c\"},\"headline\":\"Nyhetsbrev vecka 22\",\"datePublished\":\"2021-06-04T12:49:43+00:00\",\"mainEntityOfPage\":{\"@id\":\"https:\\\/\\\/wp.kristdemokraterna.se\\\/regionostergotland\\\/nyhetsbrev-vecka-22-4\\\/\"},\"wordCount\":1480,\"articleSection\":[\"Nyheter\"],\"inLanguage\":\"sv-SE\"},{\"@type\":\"WebPage\",\"@id\":\"https:\\\/\\\/wp.kristdemokraterna.se\\\/regionostergotland\\\/nyhetsbrev-vecka-22-4\\\/\",\"url\":\"https:\\\/\\\/wp.kristdemokraterna.se\\\/regionostergotland\\\/nyhetsbrev-vecka-22-4\\\/\",\"name\":\"Nyhetsbrev vecka 22 - i Region \u00d6sterg\u00f6tland\",\"isPartOf\":{\"@id\":\"https:\\\/\\\/wp.kristdemokraterna.se\\\/regionostergotland\\\/#website\"},\"datePublished\":\"2021-06-04T12:49:43+00:00\",\"author\":{\"@id\":\"https:\\\/\\\/wp.kristdemokraterna.se\\\/regionostergotland\\\/#\\\/schema\\\/person\\\/74c3c4f502fcc489722a7be0dfe0088c\"},\"breadcrumb\":{\"@id\":\"https:\\\/\\\/wp.kristdemokraterna.se\\\/regionostergotland\\\/nyhetsbrev-vecka-22-4\\\/#breadcrumb\"},\"inLanguage\":\"sv-SE\",\"potentialAction\":[{\"@type\":\"ReadAction\",\"target\":[\"https:\\\/\\\/wp.kristdemokraterna.se\\\/regionostergotland\\\/nyhetsbrev-vecka-22-4\\\/\"]}]},{\"@type\":\"BreadcrumbList\",\"@id\":\"https:\\\/\\\/wp.kristdemokraterna.se\\\/regionostergotland\\\/nyhetsbrev-vecka-22-4\\\/#breadcrumb\",\"itemListElement\":[{\"@type\":\"ListItem\",\"position\":1,\"name\":\"Hem\",\"item\":\"https:\\\/\\\/wp.kristdemokraterna.se\\\/regionostergotland\\\/\"},{\"@type\":\"ListItem\",\"position\":2,\"name\":\"Nyhetsbrev vecka 22\"}]},{\"@type\":\"WebSite\",\"@id\":\"https:\\\/\\\/wp.kristdemokraterna.se\\\/regionostergotland\\\/#website\",\"url\":\"https:\\\/\\\/wp.kristdemokraterna.se\\\/regionostergotland\\\/\",\"name\":\"i Region \u00d6sterg\u00f6tland\",\"description\":\"\",\"inLanguage\":\"sv-SE\"},{\"@type\":\"Person\",\"@id\":\"https:\\\/\\\/wp.kristdemokraterna.se\\\/regionostergotland\\\/#\\\/schema\\\/person\\\/74c3c4f502fcc489722a7be0dfe0088c\",\"name\":\"regionostergotland\",\"image\":{\"@type\":\"ImageObject\",\"inLanguage\":\"sv-SE\",\"@id\":\"https:\\\/\\\/secure.gravatar.com\\\/avatar\\\/8fb8f0a216e627554da57506bfaf78d677f45512f24f703e185ec701423b1e92?s=96&d=mm&r=g\",\"url\":\"https:\\\/\\\/secure.gravatar.com\\\/avatar\\\/8fb8f0a216e627554da57506bfaf78d677f45512f24f703e185ec701423b1e92?s=96&d=mm&r=g\",\"contentUrl\":\"https:\\\/\\\/secure.gravatar.com\\\/avatar\\\/8fb8f0a216e627554da57506bfaf78d677f45512f24f703e185ec701423b1e92?s=96&d=mm&r=g\",\"caption\":\"regionostergotland\"},\"url\":\"https:\\\/\\\/wp.kristdemokraterna.se\\\/regionostergotland\\\/author\\\/regionostergotland\\\/\"}]}<\/script>\n<!-- \/ Yoast SEO plugin. -->","yoast_head_json":{"title":"Nyhetsbrev vecka 22 - i Region \u00d6sterg\u00f6tland","robots":{"index":"index","follow":"follow","max-snippet":"max-snippet:-1","max-image-preview":"max-image-preview:large","max-video-preview":"max-video-preview:-1"},"canonical":"https:\/\/wp.kristdemokraterna.se\/regionostergotland\/nyhetsbrev-vecka-22-4\/","og_locale":"sv_SE","og_type":"article","og_title":"Nyhetsbrev vecka 22 - i Region \u00d6sterg\u00f6tland","og_description":"Hej! I veckan har maj blivit juni, solen har skinit flitigt, mer \u00e4n h\u00e4lften av \u00f6stg\u00f6tarna \u00f6ver 18 \u00e5r har f\u00e5tt f\u00f6rsta vaccindosen, antal som testas positivt f\u00f6r Covid-19 minskar och f\u00e4rre beh\u00f6ver v\u00e5rd p\u00e5 sjukhus. \u00c4ven om vissa restriktioner l\u00e4ttades 1 juni, \u00e4r det f\u00f6rst\u00e5s viktigt att vi forts\u00e4tter att f\u00f6lja alla de restriktioner Read More","og_url":"https:\/\/wp.kristdemokraterna.se\/regionostergotland\/nyhetsbrev-vecka-22-4\/","og_site_name":"i Region \u00d6sterg\u00f6tland","article_published_time":"2021-06-04T12:49:43+00:00","og_image":[{"width":2048,"height":1289,"url":"https:\/\/wp.kristdemokraterna.se\/regionostergotland\/files\/2021\/06\/bild-nyhetsbrev-vecka-22-2021.jpg","type":"image\/jpeg"}],"author":"regionostergotland","twitter_card":"summary_large_image","twitter_misc":{"Skriven av":"regionostergotland","Ber\u00e4knad l\u00e4stid":"6 minuter"},"schema":{"@context":"https:\/\/schema.org","@graph":[{"@type":"Article","@id":"https:\/\/wp.kristdemokraterna.se\/regionostergotland\/nyhetsbrev-vecka-22-4\/#article","isPartOf":{"@id":"https:\/\/wp.kristdemokraterna.se\/regionostergotland\/nyhetsbrev-vecka-22-4\/"},"author":{"name":"regionostergotland","@id":"https:\/\/wp.kristdemokraterna.se\/regionostergotland\/#\/schema\/person\/74c3c4f502fcc489722a7be0dfe0088c"},"headline":"Nyhetsbrev vecka 22","datePublished":"2021-06-04T12:49:43+00:00","mainEntityOfPage":{"@id":"https:\/\/wp.kristdemokraterna.se\/regionostergotland\/nyhetsbrev-vecka-22-4\/"},"wordCount":1480,"articleSection":["Nyheter"],"inLanguage":"sv-SE"},{"@type":"WebPage","@id":"https:\/\/wp.kristdemokraterna.se\/regionostergotland\/nyhetsbrev-vecka-22-4\/","url":"https:\/\/wp.kristdemokraterna.se\/regionostergotland\/nyhetsbrev-vecka-22-4\/","name":"Nyhetsbrev vecka 22 - i Region \u00d6sterg\u00f6tland","isPartOf":{"@id":"https:\/\/wp.kristdemokraterna.se\/regionostergotland\/#website"},"datePublished":"2021-06-04T12:49:43+00:00","author":{"@id":"https:\/\/wp.kristdemokraterna.se\/regionostergotland\/#\/schema\/person\/74c3c4f502fcc489722a7be0dfe0088c"},"breadcrumb":{"@id":"https:\/\/wp.kristdemokraterna.se\/regionostergotland\/nyhetsbrev-vecka-22-4\/#breadcrumb"},"inLanguage":"sv-SE","potentialAction":[{"@type":"ReadAction","target":["https:\/\/wp.kristdemokraterna.se\/regionostergotland\/nyhetsbrev-vecka-22-4\/"]}]},{"@type":"BreadcrumbList","@id":"https:\/\/wp.kristdemokraterna.se\/regionostergotland\/nyhetsbrev-vecka-22-4\/#breadcrumb","itemListElement":[{"@type":"ListItem","position":1,"name":"Hem","item":"https:\/\/wp.kristdemokraterna.se\/regionostergotland\/"},{"@type":"ListItem","position":2,"name":"Nyhetsbrev vecka 22"}]},{"@type":"WebSite","@id":"https:\/\/wp.kristdemokraterna.se\/regionostergotland\/#website","url":"https:\/\/wp.kristdemokraterna.se\/regionostergotland\/","name":"i Region \u00d6sterg\u00f6tland","description":"","inLanguage":"sv-SE"},{"@type":"Person","@id":"https:\/\/wp.kristdemokraterna.se\/regionostergotland\/#\/schema\/person\/74c3c4f502fcc489722a7be0dfe0088c","name":"regionostergotland","image":{"@type":"ImageObject","inLanguage":"sv-SE","@id":"https:\/\/secure.gravatar.com\/avatar\/8fb8f0a216e627554da57506bfaf78d677f45512f24f703e185ec701423b1e92?s=96&d=mm&r=g","url":"https:\/\/secure.gravatar.com\/avatar\/8fb8f0a216e627554da57506bfaf78d677f45512f24f703e185ec701423b1e92?s=96&d=mm&r=g","contentUrl":"https:\/\/secure.gravatar.com\/avatar\/8fb8f0a216e627554da57506bfaf78d677f45512f24f703e185ec701423b1e92?s=96&d=mm&r=g","caption":"regionostergotland"},"url":"https:\/\/wp.kristdemokraterna.se\/regionostergotland\/author\/regionostergotland\/"}]}},"_links":{"self":[{"href":"https:\/\/wp.kristdemokraterna.se\/regionostergotland\/wp-json\/wp\/v2\/posts\/1651","targetHints":{"allow":["GET"]}}],"collection":[{"href":"https:\/\/wp.kristdemokraterna.se\/regionostergotland\/wp-json\/wp\/v2\/posts"}],"about":[{"href":"https:\/\/wp.kristdemokraterna.se\/regionostergotland\/wp-json\/wp\/v2\/types\/post"}],"author":[{"embeddable":true,"href":"https:\/\/wp.kristdemokraterna.se\/regionostergotland\/wp-json\/wp\/v2\/users\/737"}],"replies":[{"embeddable":true,"href":"https:\/\/wp.kristdemokraterna.se\/regionostergotland\/wp-json\/wp\/v2\/comments?post=1651"}],"version-history":[{"count":1,"href":"https:\/\/wp.kristdemokraterna.se\/regionostergotland\/wp-json\/wp\/v2\/posts\/1651\/revisions"}],"predecessor-version":[{"id":1653,"href":"https:\/\/wp.kristdemokraterna.se\/regionostergotland\/wp-json\/wp\/v2\/posts\/1651\/revisions\/1653"}],"wp:attachment":[{"href":"https:\/\/wp.kristdemokraterna.se\/regionostergotland\/wp-json\/wp\/v2\/media?parent=1651"}],"wp:term":[{"taxonomy":"category","embeddable":true,"href":"https:\/\/wp.kristdemokraterna.se\/regionostergotland\/wp-json\/wp\/v2\/categories?post=1651"},{"taxonomy":"post_tag","embeddable":true,"href":"https:\/\/wp.kristdemokraterna.se\/regionostergotland\/wp-json\/wp\/v2\/tags?post=1651"}],"curies":[{"name":"wp","href":"https:\/\/api.w.org\/{rel}","templated":true}]}}