{"id":1663,"date":"2021-06-18T13:43:16","date_gmt":"2021-06-18T11:43:16","guid":{"rendered":"https:\/\/wp.kristdemokraterna.se\/regionostergotland\/?p=1663"},"modified":"2021-06-18T13:43:16","modified_gmt":"2021-06-18T11:43:16","slug":"nyhetsbrev-vecka-24-4","status":"publish","type":"post","link":"https:\/\/wp.kristdemokraterna.se\/regionostergotland\/nyhetsbrev-vecka-24-4\/","title":{"rendered":"Nyhetsbrev vecka 24"},"content":{"rendered":"<p>Hej!<\/p>\n<p>F\u00f6rsta sommarlovsveckan f\u00f6r alla lediga elever har verkligen bjudit p\u00e5 sommarv\u00e4der! Idag och de kommande dagarna \u00e4r det temperaturer \u00f6ver 30 grader. Det \u00e4r f\u00f6rst\u00e5s h\u00e4rligt med sol och v\u00e4rme, samtidigt som det ocks\u00e5 kan medf\u00f6ra problem b\u00e5de f\u00f6r h\u00e4lsa och f\u00f6r natur. S\u00e5 \u00e4ven med v\u00e4rmen g\u00e4ller det att vara f\u00f6rsiktig! Detsamma g\u00e4ller f\u00f6rst\u00e5s fortfarande n\u00e4r det g\u00e4ller pandemins restriktioner, d\u00e4r vi kan f\u00e5 en fortsatt positiv utveckling om vi alla hj\u00e4lps \u00e5t att h\u00e5lla i och h\u00e5lla ut! Sommarlov och sommarv\u00e4der till trots, har veckan bjudit p\u00e5 en del regionpolitiskt arbete. N\u00e5got av det kommer h\u00e4r i snabbresum\u00e9 i veckans nyhetsbrev. Trevlig l\u00e4sning!<!--more--><\/p>\n<p><strong>M\u00e5ndagsm\u00f6te med bes\u00f6k av regiondirekt\u00f6r<\/strong><br \/>\nVeckan b\u00f6rjade som vanligt med m\u00e5ndagsm\u00f6te f\u00f6r Kristdemokraterna och Moderaterna i regionen. M\u00f6tet g\u00e4stades av regiondirekt\u00f6r Krister Bj\u00f6rkegren, som bl.a. ber\u00e4ttade om planeringen f\u00f6r att klara bemanningen p\u00e5 sjukhusen under sommaren, och klara m\u00e5ls\u00e4ttningen att alla medarbetare som \u00f6nskar ska kunna f\u00e5 fyra veckors semester. N\u00e4r det g\u00e4ller pandemiv\u00e5rden har antalet patienter i slutenv\u00e5rd och p\u00e5 IVA fortsatt att minska och n\u00e4r det g\u00e4ller provtagning \u00e4r det allt f\u00e4rre som \u00e4r i behov av provtagning och f\u00e4rre andel av dem som testas positivt. Vaccinationsorganisationen g\u00f6r ett imponerande arbete och andelen vaccinerade \u00f6kar hela tiden successivt<\/p>\n<p><strong>Debattartikel om budgetf\u00f6rslag fr\u00e5n KD och M<\/strong><br \/>\nI m\u00e5ndagens upplaga av tidningen Folkbladet hade vi fr\u00e5n Kristdemokraterna och Moderaterna i Region \u00d6sterg\u00f6tland en debattartikel kring v\u00e5rt gemensamma f\u00f6rslag till Tre\u00e5rsbudget 2022-2024, d\u00e4r vi tar upp n\u00e5gra prioriterade omr\u00e5den ur budgeten. Du kan l\u00e4sa hela debattartikeln h\u00e4r: (<a href=\"https:\/\/folkbladet.se\/asikter\/debatt\/artikel\/ytterst-handlar-det-om-sjukhusets-existens\/rk0o26vl\" target=\"_blank\" rel=\"noopener\">https:\/\/folkbladet.se\/asikter\/debatt\/artikel\/ytterst-handlar-det-om-sjukhusets-existens\/rk0o26vl<\/a>).<\/p>\n<p><strong>M\u00f6te med L\u00e4nsstyrelsen och Link\u00f6pings stift om Klostermuseet<\/strong><br \/>\nUnder den senaste m\u00e5naden har det varit flera m\u00f6ten om Sancta Birgitta Klostermuseum i Vadstena, och i onsdags var det dags f\u00f6r \u00e4nnu ett. Denna g\u00e5ng tr\u00e4ffade vi L\u00e4nsstyrelsen med landsh\u00f6vding Carl Fredrik Graf och l\u00e4nsantikvarie Patrick Bj\u00f6rklund samt Link\u00f6pings Stift med biskop Martin Mod\u00e9us. \u00c4ven de fick ta del av den utredning som \u00d6sterg\u00f6tlands Museum gjort p\u00e5 regionens uppdrag om en t\u00e4nkbar ny organisation f\u00f6r klostermuseet, med associering till \u00d6sterg\u00f6tlands Museum och ing\u00e5ende i kultursamverkansmodellen och d\u00e4rmed med m\u00f6jlighet till statlig, regional och kommunal finansiering. \u00c4ven denna g\u00e5ng bj\u00f6ds positiva reaktioner p\u00e5 utredningen, vilket k\u00e4nns bra n\u00e4r arbetet g\u00e5r vidare. F\u00f6rhoppningsvis kan det som vi fr\u00e5n Kristdemokraterna och Moderaterna f\u00f6reslog redan i v\u00e5rt f\u00f6rslag till Tre\u00e5rsbudget f\u00f6rra \u00e5ret, bli verklighet under kommande \u00e5r!<\/p>\n<p><strong>Kort filmklipp om Tre\u00e5rsbudgetf\u00f6rslaget<\/strong><br \/>\nI onsdags publicerade vi fr\u00e5n Kristdemokraterna och Moderaterna i regionen ett kort filmklipp d\u00e4r Marie Morell (M) och jag ber\u00e4ttar om v\u00e5rt gemensamma f\u00f6rslag till Tre\u00e5rsbudget 2022-2024. Du kan se filmklippet h\u00e4r: (<a href=\"https:\/\/fb.watch\/6b-JkQ-gWX\/\" target=\"_blank\" rel=\"noopener\">https:\/\/fb.watch\/6b-JkQ-gWX\/<\/a>).<\/p>\n<p><strong>Strategiskt samr\u00e5d med kommunerna i \u00d6sterg\u00f6tland<\/strong><br \/>\nIdag fredag har det varit sammantr\u00e4de med det strategiska samr\u00e5det mellan regionen och kommunerna i \u00d6sterg\u00f6tland. I samr\u00e5det ing\u00e5r kommunstyrelseordf\u00f6rande och oppositionsledare fr\u00e5n kommunerna samt ordf\u00f6rande och andre vice ordf\u00f6rande i regionstyrelsen, regionutvecklingsn\u00e4mnden och trafik- och samh\u00e4llsplaneringsn\u00e4mnden i regionen. P\u00e5 dagordningen stod bl.a. ett l\u00e4ngre pass om N\u00e4ra v\u00e5rd, med bl.a. bes\u00f6k av Anna Nerg\u00e5rdh, tidigare statlig utredare av bl.a. Samordnad utveckling f\u00f6r god och n\u00e4ra v\u00e5rd. Samr\u00e5det fick ocks\u00e5 bl.a. aktuell information om processen att ta fram ny regional utvecklingsstrategi f\u00f6r \u00d6sterg\u00f6tland, l\u00e4get i regionen n\u00e4r det g\u00e4ller Covid-19 och processen att uppdatera bes\u00f6ksn\u00e4ringsstrategin f\u00f6r \u00d6sterg\u00f6tland.<\/p>\n<p>I n\u00e4sta vecka v\u00e4ntar b\u00e5de tv\u00e5 heldagars sammantr\u00e4de med regionfullm\u00e4ktige, med bl.a. debatt och beslut om Tre\u00e5rsbudget f\u00f6r 2022-2024, och i slutet av veckan, midsommarhelg. Men innan dess v\u00e4ntar en helg, som allts\u00e5 tycks bjuda p\u00e5 ordentligt sommarv\u00e4der. Hoppas ni f\u00e5r chans att njuta av sol och v\u00e4rme \u2013 och att det blir en riktigt trevlig helg!<\/p>\n<p>Med v\u00e4nlig h\u00e4lsning<br \/>\nPer Larsson<br \/>\nOppositionsr\u00e5d och gruppledare<br \/>\nKristdemokraterna i Region \u00d6sterg\u00f6tland<br \/>\ntfn 010-103 72 84 (arb)<br \/>\ntfn 0702-88 21 34 (mobil)<br \/>\nper.larsson@regionostergotland.se<\/p>\n<p>&nbsp;<\/p>\n","protected":false},"excerpt":{"rendered":"<p>Hej! F\u00f6rsta sommarlovsveckan f\u00f6r alla lediga elever har verkligen bjudit p\u00e5 sommarv\u00e4der! Idag och de kommande dagarna \u00e4r det temperaturer \u00f6ver 30 grader. Det \u00e4r f\u00f6rst\u00e5s h\u00e4rligt med sol och v\u00e4rme, samtidigt som det ocks\u00e5 kan medf\u00f6ra problem b\u00e5de f\u00f6r h\u00e4lsa och f\u00f6r natur. S\u00e5 \u00e4ven med v\u00e4rmen g\u00e4ller det att vara f\u00f6rsiktig! Detsamma g\u00e4ller <a class=\"read-more-link\" href=\"https:\/\/wp.kristdemokraterna.se\/regionostergotland\/nyhetsbrev-vecka-24-4\/\">Read More<\/a><\/p>\n","protected":false},"author":737,"featured_media":0,"comment_status":"closed","ping_status":"closed","sticky":false,"template":"","format":"standard","meta":{"_acf_changed":false,"footnotes":""},"categories":[1],"tags":[],"class_list":["post-1663","post","type-post","status-publish","format-standard","hentry","category-nyheter"],"acf":[],"yoast_head":"<!-- This site is optimized with the Yoast SEO plugin v27.5 - https:\/\/yoast.com\/product\/yoast-seo-wordpress\/ -->\n<title>Nyhetsbrev vecka 24 - i Region \u00d6sterg\u00f6tland<\/title>\n<meta name=\"robots\" content=\"index, follow, max-snippet:-1, max-image-preview:large, max-video-preview:-1\" \/>\n<link rel=\"canonical\" href=\"https:\/\/wp.kristdemokraterna.se\/regionostergotland\/nyhetsbrev-vecka-24-4\/\" \/>\n<meta property=\"og:locale\" content=\"sv_SE\" \/>\n<meta property=\"og:type\" content=\"article\" \/>\n<meta property=\"og:title\" content=\"Nyhetsbrev vecka 24 - i Region \u00d6sterg\u00f6tland\" \/>\n<meta property=\"og:description\" content=\"Hej! F\u00f6rsta sommarlovsveckan f\u00f6r alla lediga elever har verkligen bjudit p\u00e5 sommarv\u00e4der! Idag och de kommande dagarna \u00e4r det temperaturer \u00f6ver 30 grader. Det \u00e4r f\u00f6rst\u00e5s h\u00e4rligt med sol och v\u00e4rme, samtidigt som det ocks\u00e5 kan medf\u00f6ra problem b\u00e5de f\u00f6r h\u00e4lsa och f\u00f6r natur. S\u00e5 \u00e4ven med v\u00e4rmen g\u00e4ller det att vara f\u00f6rsiktig! Detsamma g\u00e4ller Read More\" \/>\n<meta property=\"og:url\" content=\"https:\/\/wp.kristdemokraterna.se\/regionostergotland\/nyhetsbrev-vecka-24-4\/\" \/>\n<meta property=\"og:site_name\" content=\"i Region \u00d6sterg\u00f6tland\" \/>\n<meta property=\"article:published_time\" content=\"2021-06-18T11:43:16+00:00\" \/>\n<meta property=\"og:image\" content=\"https:\/\/wp.kristdemokraterna.se\/regionostergotland\/files\/2021\/06\/bild-nyhetsbrev-vecka-24-2021.jpg\" \/>\n\t<meta property=\"og:image:width\" content=\"2048\" \/>\n\t<meta property=\"og:image:height\" content=\"1131\" \/>\n\t<meta property=\"og:image:type\" content=\"image\/jpeg\" \/>\n<meta name=\"author\" content=\"regionostergotland\" \/>\n<meta name=\"twitter:card\" content=\"summary_large_image\" \/>\n<meta name=\"twitter:label1\" content=\"Skriven av\" \/>\n\t<meta name=\"twitter:data1\" content=\"regionostergotland\" \/>\n\t<meta name=\"twitter:label2\" content=\"Ber\u00e4knad l\u00e4stid\" \/>\n\t<meta name=\"twitter:data2\" content=\"3 minuter\" \/>\n<script type=\"application\/ld+json\" class=\"yoast-schema-graph\">{\"@context\":\"https:\\\/\\\/schema.org\",\"@graph\":[{\"@type\":\"Article\",\"@id\":\"https:\\\/\\\/wp.kristdemokraterna.se\\\/regionostergotland\\\/nyhetsbrev-vecka-24-4\\\/#article\",\"isPartOf\":{\"@id\":\"https:\\\/\\\/wp.kristdemokraterna.se\\\/regionostergotland\\\/nyhetsbrev-vecka-24-4\\\/\"},\"author\":{\"name\":\"regionostergotland\",\"@id\":\"https:\\\/\\\/wp.kristdemokraterna.se\\\/regionostergotland\\\/#\\\/schema\\\/person\\\/74c3c4f502fcc489722a7be0dfe0088c\"},\"headline\":\"Nyhetsbrev vecka 24\",\"datePublished\":\"2021-06-18T11:43:16+00:00\",\"mainEntityOfPage\":{\"@id\":\"https:\\\/\\\/wp.kristdemokraterna.se\\\/regionostergotland\\\/nyhetsbrev-vecka-24-4\\\/\"},\"wordCount\":778,\"articleSection\":[\"Nyheter\"],\"inLanguage\":\"sv-SE\"},{\"@type\":\"WebPage\",\"@id\":\"https:\\\/\\\/wp.kristdemokraterna.se\\\/regionostergotland\\\/nyhetsbrev-vecka-24-4\\\/\",\"url\":\"https:\\\/\\\/wp.kristdemokraterna.se\\\/regionostergotland\\\/nyhetsbrev-vecka-24-4\\\/\",\"name\":\"Nyhetsbrev vecka 24 - i Region \u00d6sterg\u00f6tland\",\"isPartOf\":{\"@id\":\"https:\\\/\\\/wp.kristdemokraterna.se\\\/regionostergotland\\\/#website\"},\"datePublished\":\"2021-06-18T11:43:16+00:00\",\"author\":{\"@id\":\"https:\\\/\\\/wp.kristdemokraterna.se\\\/regionostergotland\\\/#\\\/schema\\\/person\\\/74c3c4f502fcc489722a7be0dfe0088c\"},\"breadcrumb\":{\"@id\":\"https:\\\/\\\/wp.kristdemokraterna.se\\\/regionostergotland\\\/nyhetsbrev-vecka-24-4\\\/#breadcrumb\"},\"inLanguage\":\"sv-SE\",\"potentialAction\":[{\"@type\":\"ReadAction\",\"target\":[\"https:\\\/\\\/wp.kristdemokraterna.se\\\/regionostergotland\\\/nyhetsbrev-vecka-24-4\\\/\"]}]},{\"@type\":\"BreadcrumbList\",\"@id\":\"https:\\\/\\\/wp.kristdemokraterna.se\\\/regionostergotland\\\/nyhetsbrev-vecka-24-4\\\/#breadcrumb\",\"itemListElement\":[{\"@type\":\"ListItem\",\"position\":1,\"name\":\"Hem\",\"item\":\"https:\\\/\\\/wp.kristdemokraterna.se\\\/regionostergotland\\\/\"},{\"@type\":\"ListItem\",\"position\":2,\"name\":\"Nyhetsbrev vecka 24\"}]},{\"@type\":\"WebSite\",\"@id\":\"https:\\\/\\\/wp.kristdemokraterna.se\\\/regionostergotland\\\/#website\",\"url\":\"https:\\\/\\\/wp.kristdemokraterna.se\\\/regionostergotland\\\/\",\"name\":\"i Region \u00d6sterg\u00f6tland\",\"description\":\"\",\"inLanguage\":\"sv-SE\"},{\"@type\":\"Person\",\"@id\":\"https:\\\/\\\/wp.kristdemokraterna.se\\\/regionostergotland\\\/#\\\/schema\\\/person\\\/74c3c4f502fcc489722a7be0dfe0088c\",\"name\":\"regionostergotland\",\"image\":{\"@type\":\"ImageObject\",\"inLanguage\":\"sv-SE\",\"@id\":\"https:\\\/\\\/secure.gravatar.com\\\/avatar\\\/8fb8f0a216e627554da57506bfaf78d677f45512f24f703e185ec701423b1e92?s=96&d=mm&r=g\",\"url\":\"https:\\\/\\\/secure.gravatar.com\\\/avatar\\\/8fb8f0a216e627554da57506bfaf78d677f45512f24f703e185ec701423b1e92?s=96&d=mm&r=g\",\"contentUrl\":\"https:\\\/\\\/secure.gravatar.com\\\/avatar\\\/8fb8f0a216e627554da57506bfaf78d677f45512f24f703e185ec701423b1e92?s=96&d=mm&r=g\",\"caption\":\"regionostergotland\"},\"url\":\"https:\\\/\\\/wp.kristdemokraterna.se\\\/regionostergotland\\\/author\\\/regionostergotland\\\/\"}]}<\/script>\n<!-- \/ Yoast SEO plugin. -->","yoast_head_json":{"title":"Nyhetsbrev vecka 24 - i Region \u00d6sterg\u00f6tland","robots":{"index":"index","follow":"follow","max-snippet":"max-snippet:-1","max-image-preview":"max-image-preview:large","max-video-preview":"max-video-preview:-1"},"canonical":"https:\/\/wp.kristdemokraterna.se\/regionostergotland\/nyhetsbrev-vecka-24-4\/","og_locale":"sv_SE","og_type":"article","og_title":"Nyhetsbrev vecka 24 - i Region \u00d6sterg\u00f6tland","og_description":"Hej! F\u00f6rsta sommarlovsveckan f\u00f6r alla lediga elever har verkligen bjudit p\u00e5 sommarv\u00e4der! Idag och de kommande dagarna \u00e4r det temperaturer \u00f6ver 30 grader. Det \u00e4r f\u00f6rst\u00e5s h\u00e4rligt med sol och v\u00e4rme, samtidigt som det ocks\u00e5 kan medf\u00f6ra problem b\u00e5de f\u00f6r h\u00e4lsa och f\u00f6r natur. S\u00e5 \u00e4ven med v\u00e4rmen g\u00e4ller det att vara f\u00f6rsiktig! Detsamma g\u00e4ller Read More","og_url":"https:\/\/wp.kristdemokraterna.se\/regionostergotland\/nyhetsbrev-vecka-24-4\/","og_site_name":"i Region \u00d6sterg\u00f6tland","article_published_time":"2021-06-18T11:43:16+00:00","og_image":[{"width":2048,"height":1131,"url":"https:\/\/wp.kristdemokraterna.se\/regionostergotland\/files\/2021\/06\/bild-nyhetsbrev-vecka-24-2021.jpg","type":"image\/jpeg"}],"author":"regionostergotland","twitter_card":"summary_large_image","twitter_misc":{"Skriven av":"regionostergotland","Ber\u00e4knad l\u00e4stid":"3 minuter"},"schema":{"@context":"https:\/\/schema.org","@graph":[{"@type":"Article","@id":"https:\/\/wp.kristdemokraterna.se\/regionostergotland\/nyhetsbrev-vecka-24-4\/#article","isPartOf":{"@id":"https:\/\/wp.kristdemokraterna.se\/regionostergotland\/nyhetsbrev-vecka-24-4\/"},"author":{"name":"regionostergotland","@id":"https:\/\/wp.kristdemokraterna.se\/regionostergotland\/#\/schema\/person\/74c3c4f502fcc489722a7be0dfe0088c"},"headline":"Nyhetsbrev vecka 24","datePublished":"2021-06-18T11:43:16+00:00","mainEntityOfPage":{"@id":"https:\/\/wp.kristdemokraterna.se\/regionostergotland\/nyhetsbrev-vecka-24-4\/"},"wordCount":778,"articleSection":["Nyheter"],"inLanguage":"sv-SE"},{"@type":"WebPage","@id":"https:\/\/wp.kristdemokraterna.se\/regionostergotland\/nyhetsbrev-vecka-24-4\/","url":"https:\/\/wp.kristdemokraterna.se\/regionostergotland\/nyhetsbrev-vecka-24-4\/","name":"Nyhetsbrev vecka 24 - i Region \u00d6sterg\u00f6tland","isPartOf":{"@id":"https:\/\/wp.kristdemokraterna.se\/regionostergotland\/#website"},"datePublished":"2021-06-18T11:43:16+00:00","author":{"@id":"https:\/\/wp.kristdemokraterna.se\/regionostergotland\/#\/schema\/person\/74c3c4f502fcc489722a7be0dfe0088c"},"breadcrumb":{"@id":"https:\/\/wp.kristdemokraterna.se\/regionostergotland\/nyhetsbrev-vecka-24-4\/#breadcrumb"},"inLanguage":"sv-SE","potentialAction":[{"@type":"ReadAction","target":["https:\/\/wp.kristdemokraterna.se\/regionostergotland\/nyhetsbrev-vecka-24-4\/"]}]},{"@type":"BreadcrumbList","@id":"https:\/\/wp.kristdemokraterna.se\/regionostergotland\/nyhetsbrev-vecka-24-4\/#breadcrumb","itemListElement":[{"@type":"ListItem","position":1,"name":"Hem","item":"https:\/\/wp.kristdemokraterna.se\/regionostergotland\/"},{"@type":"ListItem","position":2,"name":"Nyhetsbrev vecka 24"}]},{"@type":"WebSite","@id":"https:\/\/wp.kristdemokraterna.se\/regionostergotland\/#website","url":"https:\/\/wp.kristdemokraterna.se\/regionostergotland\/","name":"i Region \u00d6sterg\u00f6tland","description":"","inLanguage":"sv-SE"},{"@type":"Person","@id":"https:\/\/wp.kristdemokraterna.se\/regionostergotland\/#\/schema\/person\/74c3c4f502fcc489722a7be0dfe0088c","name":"regionostergotland","image":{"@type":"ImageObject","inLanguage":"sv-SE","@id":"https:\/\/secure.gravatar.com\/avatar\/8fb8f0a216e627554da57506bfaf78d677f45512f24f703e185ec701423b1e92?s=96&d=mm&r=g","url":"https:\/\/secure.gravatar.com\/avatar\/8fb8f0a216e627554da57506bfaf78d677f45512f24f703e185ec701423b1e92?s=96&d=mm&r=g","contentUrl":"https:\/\/secure.gravatar.com\/avatar\/8fb8f0a216e627554da57506bfaf78d677f45512f24f703e185ec701423b1e92?s=96&d=mm&r=g","caption":"regionostergotland"},"url":"https:\/\/wp.kristdemokraterna.se\/regionostergotland\/author\/regionostergotland\/"}]}},"_links":{"self":[{"href":"https:\/\/wp.kristdemokraterna.se\/regionostergotland\/wp-json\/wp\/v2\/posts\/1663","targetHints":{"allow":["GET"]}}],"collection":[{"href":"https:\/\/wp.kristdemokraterna.se\/regionostergotland\/wp-json\/wp\/v2\/posts"}],"about":[{"href":"https:\/\/wp.kristdemokraterna.se\/regionostergotland\/wp-json\/wp\/v2\/types\/post"}],"author":[{"embeddable":true,"href":"https:\/\/wp.kristdemokraterna.se\/regionostergotland\/wp-json\/wp\/v2\/users\/737"}],"replies":[{"embeddable":true,"href":"https:\/\/wp.kristdemokraterna.se\/regionostergotland\/wp-json\/wp\/v2\/comments?post=1663"}],"version-history":[{"count":1,"href":"https:\/\/wp.kristdemokraterna.se\/regionostergotland\/wp-json\/wp\/v2\/posts\/1663\/revisions"}],"predecessor-version":[{"id":1665,"href":"https:\/\/wp.kristdemokraterna.se\/regionostergotland\/wp-json\/wp\/v2\/posts\/1663\/revisions\/1665"}],"wp:attachment":[{"href":"https:\/\/wp.kristdemokraterna.se\/regionostergotland\/wp-json\/wp\/v2\/media?parent=1663"}],"wp:term":[{"taxonomy":"category","embeddable":true,"href":"https:\/\/wp.kristdemokraterna.se\/regionostergotland\/wp-json\/wp\/v2\/categories?post=1663"},{"taxonomy":"post_tag","embeddable":true,"href":"https:\/\/wp.kristdemokraterna.se\/regionostergotland\/wp-json\/wp\/v2\/tags?post=1663"}],"curies":[{"name":"wp","href":"https:\/\/api.w.org\/{rel}","templated":true}]}}