{"id":1670,"date":"2021-06-22T09:24:50","date_gmt":"2021-06-22T07:24:50","guid":{"rendered":"https:\/\/wp.kristdemokraterna.se\/regionostergotland\/?p=1670"},"modified":"2022-04-14T09:37:48","modified_gmt":"2022-04-14T07:37:48","slug":"ostergotland-behover-en-nystart-2","status":"publish","type":"post","link":"https:\/\/wp.kristdemokraterna.se\/regionostergotland\/ostergotland-behover-en-nystart-2\/","title":{"rendered":"\u00d6sterg\u00f6tland beh\u00f6ver en nystart"},"content":{"rendered":"<p><strong>I \u00f6ver ett \u00e5r har covid-19-pandemin haft ett fast grepp om \u00d6sterg\u00f6tland, Sverige och v\u00e4rlden. En pandemi som har inneburit stora p\u00e5frestningar f\u00f6r v\u00e5ra inv\u00e5nare, samh\u00e4llet i stort och som satt v\u00e5ra medarbetare under stor och tidvis om\u00e4nsklig press.<\/strong><\/p>\n<p>Ytterst har pandemin handlat om liv eller d\u00f6d, d\u00e4r m\u00e5nga familjer tvingats ta farv\u00e4l av en n\u00e4rst\u00e5ende i sviterna av covid-19. Men det handlar ocks\u00e5 om dem som drabbats av l\u00e5ngtidscovid och som nu tvingas hantera en helt ny vardag, om dem som lidit sv\u00e5rt av isolering och ensamhet, om de f\u00f6retagare som k\u00e4mpat f\u00f6r att h\u00e5lla sitt livsverk flytande och om alla dem som inte f\u00e5tt den v\u00e5rd man s\u00e5 l\u00e4nge v\u00e4ntat p\u00e5. Listan kan g\u00f6ras l\u00e5ng och sviterna av pandemin kommer vi f\u00e5 leva med under l\u00e5ngt tid fram\u00f6ver.<\/p>\n<article class=\"body\">N\u00e4r vaccinationsinsatsen nu g\u00f6r att vi b\u00f6rjar se ljuset i tunneln beh\u00f6ver fokus fram\u00e5t vara att f\u00e5 \u00d6sterg\u00f6tland p\u00e5 f\u00f6tter igen. Det kr\u00e4vs en nystart. V\u00e5ra medarbetare har gjort fantastiska insatser under hela pandemin. Men priset har varit h\u00f6gt.<\/p>\n<p>Moderaterna och Kristdemokraterna har redan drivit igenom att det ska tas fram en strategi f\u00f6r hur medarbetare i v\u00e5rden ska kunna f\u00e5 \u00e5terh\u00e4mtning samtidigt som b\u00e5de v\u00e5rdskuld, utbildningsskuld och forskningsskuld m\u00e5ste hanteras. Men det kr\u00e4vs ett st\u00f6rre grepp \u00e4n s\u00e5, arbetsmilj\u00f6n m\u00e5ste vara l\u00e5ngsiktigt h\u00e5llbar. Regionens attraktivitet som arbetsgivare \u00e4r av avg\u00f6rande betydelse f\u00f6r att m\u00f6ta behovet av kompetens i dag och fram\u00f6ver.<\/p>\n<p>Redan innan pandemin hade v\u00e5rdk\u00f6erna vuxit sig l\u00e5nga i Region \u00d6sterg\u00f6tland. Alldeles f\u00f6r l\u00e5nga. M\u00e5nga \u00f6stg\u00f6tar har d\u00e4rf\u00f6r f\u00e5tt v\u00e4nta l\u00e4nge p\u00e5 den v\u00e5rd som de har r\u00e4tt till och beh\u00f6ver. Regionen m\u00e5ste arbeta m\u00e5lmedvetet f\u00f6r att f\u00e5 bort dessa k\u00f6er. Vi vill d\u00e4rf\u00f6r se en generalplan f\u00f6r tillg\u00e4nglighet. V\u00e5rden ska finnas d\u00e4r n\u00e4r \u00f6stg\u00f6tarna beh\u00f6ver den.<\/p>\n<p>\u00c4ven andra av regionens verksamheter har f\u00e5tt hantera stora f\u00f6r\u00e4ndringar i pandemins sp\u00e5r. Inte minst kollektivtrafiken med kraftigt minskat resande. H\u00e4r beh\u00f6ver insatser f\u00f6r en snabb \u00e5terh\u00e4mtning av antalet resen\u00e4rer i kollektivtrafiken n\u00e4r pandemin och restriktionerna upph\u00f6r. Men ocks\u00e5 kulturlivet och bes\u00f6ksn\u00e4ringen har p\u00e5verkats starkt av pandemin och en nystart kr\u00e4vs.<\/p>\n<p>Den tre\u00e5rsbudget som Moderaterna och Kristdemokraterna nu l\u00e4gger fram till regionfullm\u00e4ktige fokuserar p\u00e5 f\u00f6rslag som syftar till att f\u00e5 \u00d6sterg\u00f6tland p\u00e5 f\u00f6tter igen. Men vi lyfter samtidigt blicken och har f\u00f6rslag kring hur vi hur vi p\u00e5 l\u00e4ngre sikt f\u00e5r en \u00e4nnu b\u00e4ttre h\u00e4lso- och sjukv\u00e5rd, smartare kollektivtrafik och en h\u00e5llbar tillv\u00e4xt.<\/p>\n<p>\u00d6sterg\u00f6tland \u00e4r fantastiskt, men kan bli \u00e4nnu b\u00e4ttre. V\u00e5r region beh\u00f6ver en nystart och f\u00f6r det kr\u00e4vs ett ledarskap med mod att f\u00f6r\u00e4ndra och med f\u00f6rm\u00e5ga att ta ansvar i en os\u00e4ker tid.<\/p>\n<\/article>\n<div class=\"photo fallback\"><\/div>\n<div class=\"name\">Marie Morell (M), oppositionsr\u00e5d\/2:e vice ordf\u00f6rande regionstyrelsen<\/div>\n<div class=\"photo fallback\"><\/div>\n<div class=\"name\">Per Larsson (KD), oppositionsr\u00e5d\/2:e vice ordf\u00f6rande regionutvecklingsn\u00e4mnden<\/div>\n<div class=\"photo fallback\"><\/div>\n<div class=\"name\">Fredrik Sj\u00f6strand (M), oppositionsr\u00e5d\/2:e vice ordf\u00f6rande h\u00e4lso- och sjukv\u00e5rdsn\u00e4mnden<\/div>\n<div class=\"photo fallback\"><\/div>\n<div class=\"name\">Jan Owe-Larsson (M), 2:e vice ordf\u00f6rande trafik- och samh\u00e4llsplaneringsn\u00e4mnden<\/div>\n","protected":false},"excerpt":{"rendered":"<p>I \u00f6ver ett \u00e5r har covid-19-pandemin haft ett fast grepp om \u00d6sterg\u00f6tland, Sverige och v\u00e4rlden. En pandemi som har inneburit stora p\u00e5frestningar f\u00f6r v\u00e5ra inv\u00e5nare, samh\u00e4llet i stort och som satt v\u00e5ra medarbetare under stor och tidvis om\u00e4nsklig press. Ytterst har pandemin handlat om liv eller d\u00f6d, d\u00e4r m\u00e5nga familjer tvingats ta farv\u00e4l av en <a class=\"read-more-link\" href=\"https:\/\/wp.kristdemokraterna.se\/regionostergotland\/ostergotland-behover-en-nystart-2\/\">Read More<\/a><\/p>\n","protected":false},"author":737,"featured_media":0,"comment_status":"closed","ping_status":"closed","sticky":false,"template":"","format":"standard","meta":{"_acf_changed":false,"footnotes":""},"categories":[1],"tags":[],"class_list":["post-1670","post","type-post","status-publish","format-standard","hentry","category-nyheter"],"acf":[],"yoast_head":"<!-- This site is optimized with the Yoast SEO plugin v27.5 - https:\/\/yoast.com\/product\/yoast-seo-wordpress\/ -->\n<title>\u00d6sterg\u00f6tland beh\u00f6ver en nystart - i Region \u00d6sterg\u00f6tland<\/title>\n<meta name=\"robots\" content=\"index, follow, max-snippet:-1, max-image-preview:large, max-video-preview:-1\" \/>\n<link rel=\"canonical\" href=\"https:\/\/wp.kristdemokraterna.se\/regionostergotland\/ostergotland-behover-en-nystart-2\/\" \/>\n<meta property=\"og:locale\" content=\"sv_SE\" \/>\n<meta property=\"og:type\" content=\"article\" \/>\n<meta property=\"og:title\" content=\"\u00d6sterg\u00f6tland beh\u00f6ver en nystart - i Region \u00d6sterg\u00f6tland\" \/>\n<meta property=\"og:description\" content=\"I \u00f6ver ett \u00e5r har covid-19-pandemin haft ett fast grepp om \u00d6sterg\u00f6tland, Sverige och v\u00e4rlden. En pandemi som har inneburit stora p\u00e5frestningar f\u00f6r v\u00e5ra inv\u00e5nare, samh\u00e4llet i stort och som satt v\u00e5ra medarbetare under stor och tidvis om\u00e4nsklig press. Ytterst har pandemin handlat om liv eller d\u00f6d, d\u00e4r m\u00e5nga familjer tvingats ta farv\u00e4l av en Read More\" \/>\n<meta property=\"og:url\" content=\"https:\/\/wp.kristdemokraterna.se\/regionostergotland\/ostergotland-behover-en-nystart-2\/\" \/>\n<meta property=\"og:site_name\" content=\"i Region \u00d6sterg\u00f6tland\" \/>\n<meta property=\"article:published_time\" content=\"2021-06-22T07:24:50+00:00\" \/>\n<meta property=\"article:modified_time\" content=\"2022-04-14T07:37:48+00:00\" \/>\n<meta name=\"author\" content=\"regionostergotland\" \/>\n<meta name=\"twitter:card\" content=\"summary_large_image\" \/>\n<meta name=\"twitter:label1\" content=\"Skriven av\" \/>\n\t<meta name=\"twitter:data1\" content=\"regionostergotland\" \/>\n\t<meta name=\"twitter:label2\" content=\"Ber\u00e4knad l\u00e4stid\" \/>\n\t<meta name=\"twitter:data2\" content=\"3 minuter\" \/>\n<script type=\"application\/ld+json\" class=\"yoast-schema-graph\">{\"@context\":\"https:\\\/\\\/schema.org\",\"@graph\":[{\"@type\":\"Article\",\"@id\":\"https:\\\/\\\/wp.kristdemokraterna.se\\\/regionostergotland\\\/ostergotland-behover-en-nystart-2\\\/#article\",\"isPartOf\":{\"@id\":\"https:\\\/\\\/wp.kristdemokraterna.se\\\/regionostergotland\\\/ostergotland-behover-en-nystart-2\\\/\"},\"author\":{\"name\":\"regionostergotland\",\"@id\":\"https:\\\/\\\/wp.kristdemokraterna.se\\\/regionostergotland\\\/#\\\/schema\\\/person\\\/74c3c4f502fcc489722a7be0dfe0088c\"},\"headline\":\"\u00d6sterg\u00f6tland beh\u00f6ver en nystart\",\"datePublished\":\"2021-06-22T07:24:50+00:00\",\"dateModified\":\"2022-04-14T07:37:48+00:00\",\"mainEntityOfPage\":{\"@id\":\"https:\\\/\\\/wp.kristdemokraterna.se\\\/regionostergotland\\\/ostergotland-behover-en-nystart-2\\\/\"},\"wordCount\":605,\"articleSection\":[\"Nyheter\"],\"inLanguage\":\"sv-SE\"},{\"@type\":\"WebPage\",\"@id\":\"https:\\\/\\\/wp.kristdemokraterna.se\\\/regionostergotland\\\/ostergotland-behover-en-nystart-2\\\/\",\"url\":\"https:\\\/\\\/wp.kristdemokraterna.se\\\/regionostergotland\\\/ostergotland-behover-en-nystart-2\\\/\",\"name\":\"\u00d6sterg\u00f6tland beh\u00f6ver en nystart - i Region \u00d6sterg\u00f6tland\",\"isPartOf\":{\"@id\":\"https:\\\/\\\/wp.kristdemokraterna.se\\\/regionostergotland\\\/#website\"},\"datePublished\":\"2021-06-22T07:24:50+00:00\",\"dateModified\":\"2022-04-14T07:37:48+00:00\",\"author\":{\"@id\":\"https:\\\/\\\/wp.kristdemokraterna.se\\\/regionostergotland\\\/#\\\/schema\\\/person\\\/74c3c4f502fcc489722a7be0dfe0088c\"},\"breadcrumb\":{\"@id\":\"https:\\\/\\\/wp.kristdemokraterna.se\\\/regionostergotland\\\/ostergotland-behover-en-nystart-2\\\/#breadcrumb\"},\"inLanguage\":\"sv-SE\",\"potentialAction\":[{\"@type\":\"ReadAction\",\"target\":[\"https:\\\/\\\/wp.kristdemokraterna.se\\\/regionostergotland\\\/ostergotland-behover-en-nystart-2\\\/\"]}]},{\"@type\":\"BreadcrumbList\",\"@id\":\"https:\\\/\\\/wp.kristdemokraterna.se\\\/regionostergotland\\\/ostergotland-behover-en-nystart-2\\\/#breadcrumb\",\"itemListElement\":[{\"@type\":\"ListItem\",\"position\":1,\"name\":\"Hem\",\"item\":\"https:\\\/\\\/wp.kristdemokraterna.se\\\/regionostergotland\\\/\"},{\"@type\":\"ListItem\",\"position\":2,\"name\":\"\u00d6sterg\u00f6tland beh\u00f6ver en nystart\"}]},{\"@type\":\"WebSite\",\"@id\":\"https:\\\/\\\/wp.kristdemokraterna.se\\\/regionostergotland\\\/#website\",\"url\":\"https:\\\/\\\/wp.kristdemokraterna.se\\\/regionostergotland\\\/\",\"name\":\"i Region \u00d6sterg\u00f6tland\",\"description\":\"\",\"inLanguage\":\"sv-SE\"},{\"@type\":\"Person\",\"@id\":\"https:\\\/\\\/wp.kristdemokraterna.se\\\/regionostergotland\\\/#\\\/schema\\\/person\\\/74c3c4f502fcc489722a7be0dfe0088c\",\"name\":\"regionostergotland\",\"image\":{\"@type\":\"ImageObject\",\"inLanguage\":\"sv-SE\",\"@id\":\"https:\\\/\\\/secure.gravatar.com\\\/avatar\\\/8fb8f0a216e627554da57506bfaf78d677f45512f24f703e185ec701423b1e92?s=96&d=mm&r=g\",\"url\":\"https:\\\/\\\/secure.gravatar.com\\\/avatar\\\/8fb8f0a216e627554da57506bfaf78d677f45512f24f703e185ec701423b1e92?s=96&d=mm&r=g\",\"contentUrl\":\"https:\\\/\\\/secure.gravatar.com\\\/avatar\\\/8fb8f0a216e627554da57506bfaf78d677f45512f24f703e185ec701423b1e92?s=96&d=mm&r=g\",\"caption\":\"regionostergotland\"},\"url\":\"https:\\\/\\\/wp.kristdemokraterna.se\\\/regionostergotland\\\/author\\\/regionostergotland\\\/\"}]}<\/script>\n<!-- \/ Yoast SEO plugin. -->","yoast_head_json":{"title":"\u00d6sterg\u00f6tland beh\u00f6ver en nystart - i Region \u00d6sterg\u00f6tland","robots":{"index":"index","follow":"follow","max-snippet":"max-snippet:-1","max-image-preview":"max-image-preview:large","max-video-preview":"max-video-preview:-1"},"canonical":"https:\/\/wp.kristdemokraterna.se\/regionostergotland\/ostergotland-behover-en-nystart-2\/","og_locale":"sv_SE","og_type":"article","og_title":"\u00d6sterg\u00f6tland beh\u00f6ver en nystart - i Region \u00d6sterg\u00f6tland","og_description":"I \u00f6ver ett \u00e5r har covid-19-pandemin haft ett fast grepp om \u00d6sterg\u00f6tland, Sverige och v\u00e4rlden. En pandemi som har inneburit stora p\u00e5frestningar f\u00f6r v\u00e5ra inv\u00e5nare, samh\u00e4llet i stort och som satt v\u00e5ra medarbetare under stor och tidvis om\u00e4nsklig press. Ytterst har pandemin handlat om liv eller d\u00f6d, d\u00e4r m\u00e5nga familjer tvingats ta farv\u00e4l av en Read More","og_url":"https:\/\/wp.kristdemokraterna.se\/regionostergotland\/ostergotland-behover-en-nystart-2\/","og_site_name":"i Region \u00d6sterg\u00f6tland","article_published_time":"2021-06-22T07:24:50+00:00","article_modified_time":"2022-04-14T07:37:48+00:00","author":"regionostergotland","twitter_card":"summary_large_image","twitter_misc":{"Skriven av":"regionostergotland","Ber\u00e4knad l\u00e4stid":"3 minuter"},"schema":{"@context":"https:\/\/schema.org","@graph":[{"@type":"Article","@id":"https:\/\/wp.kristdemokraterna.se\/regionostergotland\/ostergotland-behover-en-nystart-2\/#article","isPartOf":{"@id":"https:\/\/wp.kristdemokraterna.se\/regionostergotland\/ostergotland-behover-en-nystart-2\/"},"author":{"name":"regionostergotland","@id":"https:\/\/wp.kristdemokraterna.se\/regionostergotland\/#\/schema\/person\/74c3c4f502fcc489722a7be0dfe0088c"},"headline":"\u00d6sterg\u00f6tland beh\u00f6ver en nystart","datePublished":"2021-06-22T07:24:50+00:00","dateModified":"2022-04-14T07:37:48+00:00","mainEntityOfPage":{"@id":"https:\/\/wp.kristdemokraterna.se\/regionostergotland\/ostergotland-behover-en-nystart-2\/"},"wordCount":605,"articleSection":["Nyheter"],"inLanguage":"sv-SE"},{"@type":"WebPage","@id":"https:\/\/wp.kristdemokraterna.se\/regionostergotland\/ostergotland-behover-en-nystart-2\/","url":"https:\/\/wp.kristdemokraterna.se\/regionostergotland\/ostergotland-behover-en-nystart-2\/","name":"\u00d6sterg\u00f6tland beh\u00f6ver en nystart - i Region \u00d6sterg\u00f6tland","isPartOf":{"@id":"https:\/\/wp.kristdemokraterna.se\/regionostergotland\/#website"},"datePublished":"2021-06-22T07:24:50+00:00","dateModified":"2022-04-14T07:37:48+00:00","author":{"@id":"https:\/\/wp.kristdemokraterna.se\/regionostergotland\/#\/schema\/person\/74c3c4f502fcc489722a7be0dfe0088c"},"breadcrumb":{"@id":"https:\/\/wp.kristdemokraterna.se\/regionostergotland\/ostergotland-behover-en-nystart-2\/#breadcrumb"},"inLanguage":"sv-SE","potentialAction":[{"@type":"ReadAction","target":["https:\/\/wp.kristdemokraterna.se\/regionostergotland\/ostergotland-behover-en-nystart-2\/"]}]},{"@type":"BreadcrumbList","@id":"https:\/\/wp.kristdemokraterna.se\/regionostergotland\/ostergotland-behover-en-nystart-2\/#breadcrumb","itemListElement":[{"@type":"ListItem","position":1,"name":"Hem","item":"https:\/\/wp.kristdemokraterna.se\/regionostergotland\/"},{"@type":"ListItem","position":2,"name":"\u00d6sterg\u00f6tland beh\u00f6ver en nystart"}]},{"@type":"WebSite","@id":"https:\/\/wp.kristdemokraterna.se\/regionostergotland\/#website","url":"https:\/\/wp.kristdemokraterna.se\/regionostergotland\/","name":"i Region \u00d6sterg\u00f6tland","description":"","inLanguage":"sv-SE"},{"@type":"Person","@id":"https:\/\/wp.kristdemokraterna.se\/regionostergotland\/#\/schema\/person\/74c3c4f502fcc489722a7be0dfe0088c","name":"regionostergotland","image":{"@type":"ImageObject","inLanguage":"sv-SE","@id":"https:\/\/secure.gravatar.com\/avatar\/8fb8f0a216e627554da57506bfaf78d677f45512f24f703e185ec701423b1e92?s=96&d=mm&r=g","url":"https:\/\/secure.gravatar.com\/avatar\/8fb8f0a216e627554da57506bfaf78d677f45512f24f703e185ec701423b1e92?s=96&d=mm&r=g","contentUrl":"https:\/\/secure.gravatar.com\/avatar\/8fb8f0a216e627554da57506bfaf78d677f45512f24f703e185ec701423b1e92?s=96&d=mm&r=g","caption":"regionostergotland"},"url":"https:\/\/wp.kristdemokraterna.se\/regionostergotland\/author\/regionostergotland\/"}]}},"_links":{"self":[{"href":"https:\/\/wp.kristdemokraterna.se\/regionostergotland\/wp-json\/wp\/v2\/posts\/1670","targetHints":{"allow":["GET"]}}],"collection":[{"href":"https:\/\/wp.kristdemokraterna.se\/regionostergotland\/wp-json\/wp\/v2\/posts"}],"about":[{"href":"https:\/\/wp.kristdemokraterna.se\/regionostergotland\/wp-json\/wp\/v2\/types\/post"}],"author":[{"embeddable":true,"href":"https:\/\/wp.kristdemokraterna.se\/regionostergotland\/wp-json\/wp\/v2\/users\/737"}],"replies":[{"embeddable":true,"href":"https:\/\/wp.kristdemokraterna.se\/regionostergotland\/wp-json\/wp\/v2\/comments?post=1670"}],"version-history":[{"count":1,"href":"https:\/\/wp.kristdemokraterna.se\/regionostergotland\/wp-json\/wp\/v2\/posts\/1670\/revisions"}],"predecessor-version":[{"id":1671,"href":"https:\/\/wp.kristdemokraterna.se\/regionostergotland\/wp-json\/wp\/v2\/posts\/1670\/revisions\/1671"}],"wp:attachment":[{"href":"https:\/\/wp.kristdemokraterna.se\/regionostergotland\/wp-json\/wp\/v2\/media?parent=1670"}],"wp:term":[{"taxonomy":"category","embeddable":true,"href":"https:\/\/wp.kristdemokraterna.se\/regionostergotland\/wp-json\/wp\/v2\/categories?post=1670"},{"taxonomy":"post_tag","embeddable":true,"href":"https:\/\/wp.kristdemokraterna.se\/regionostergotland\/wp-json\/wp\/v2\/tags?post=1670"}],"curies":[{"name":"wp","href":"https:\/\/api.w.org\/{rel}","templated":true}]}}