{"id":1692,"date":"2021-06-24T10:39:42","date_gmt":"2021-06-24T08:39:42","guid":{"rendered":"https:\/\/wp.kristdemokraterna.se\/regionostergotland\/?p=1692"},"modified":"2021-06-24T10:47:23","modified_gmt":"2021-06-24T08:47:23","slug":"nyhetsbrev-vecka-25-2","status":"publish","type":"post","link":"https:\/\/wp.kristdemokraterna.se\/regionostergotland\/nyhetsbrev-vecka-25-2\/","title":{"rendered":"Nyhetsbrev vecka 25"},"content":{"rendered":"<p>Hej!<\/p>\n<p>I morgon \u00e4r det midsommarafton och den lite kortare arbetsveckan g\u00e5r mot sitt lut. I rikspolitiken en omtumlande vecka, med en historisk misstroendeomr\u00f6stning. I regionpolitiken \u00e4r det inte alls lika turbulent, \u00e4ven om det varit en h\u00e4ndelserik vecka med bl.a. budgetsammantr\u00e4de f\u00f6r regionfullm\u00e4ktige. Om det och en del annat kommer h\u00e4r n\u00e5gra rader i veckans nyhetsbrev. Trevlig l\u00e4sning!<!--more--><\/p>\n<p><strong>M\u00f6te med idrottsr\u00f6relsen \u2013 RF-SISU \u00d6sterg\u00f6tland<\/strong><br \/>\nEtt av f\u00f6rslagen i Kristdemokraternas och Moderaternas gemensamma f\u00f6rslag till Tre\u00e5rsbudget 2022-2024 f\u00f6r Region \u00d6sterg\u00f6tland, handlar om \u00f6kad samverkan mellan regionen och idrottsr\u00f6relsen i \u00d6sterg\u00f6tland kring s\u00e5v\u00e4l f\u00f6rb\u00e4ttrad folkh\u00e4lsa som st\u00e4rkt n\u00e4ringslivsutveckling. F\u00f6r att samtala om det f\u00f6rslaget och f\u00e5 aktuell inblick i l\u00e4get f\u00f6r den \u00f6stg\u00f6tska idrottsr\u00f6relsen, tr\u00e4ffade vi i m\u00e5ndags f\u00f6rmiddag RF-SISU \u00d6sterg\u00f6tland, som \u00e4r den nya organisationen efter sammanslagningen av \u00d6sterg\u00f6tlands idrottsf\u00f6rbund och SISU Idrottsutbildarna. Eva-Lena Frick, ordf\u00f6rande och Kristin L\u00f6nnqvist, distriktsidrottschef, ber\u00e4ttade om organisationens arbete, men ocks\u00e5 hur idrottsr\u00f6relsen i \u00d6sterg\u00f6tland p\u00e5verkats av pandemin. Vi fick ocks\u00e5 m\u00f6jlighet att ytterligare presentera v\u00e5rt f\u00f6rslag i tre\u00e5rsbudgeten. Tack f\u00f6r ett givande m\u00f6te!<\/p>\n<p><strong>M\u00e5ndagsm\u00f6te med direkt\u00f6rsbes\u00f6k<\/strong><br \/>\nEn g\u00e5ng i m\u00e5naden g\u00e4stas m\u00e5ndagsm\u00f6tet f\u00f6r Kristdemokraterna och Moderaterna av flera av regionens ledande direkt\u00f6rer. I m\u00e5ndags var det dags f\u00f6r juni m\u00e5nads direkt\u00f6rsbes\u00f6k. Regiondirekt\u00f6r Krister Bj\u00f6rkegren, HR-direkt\u00f6r Zilla Jonsson, regionutvecklingsdirekt\u00f6r Richard Wid\u00e9n, h\u00e4lso- och sjukv\u00e5rdsdirekt\u00f6r Lena Lundgren, ekonomidirekt\u00f6r Josefin Bj\u00e4resten och regiondirekt\u00f6rens strateg Ellinor Komarek g\u00e4stade m\u00f6tet. Vi fick bl.a. en aktuell uppdatering av l\u00e4get n\u00e4r det g\u00e4ller Covid-19, information om arbetet med strategi f\u00f6r \u00e5terh\u00e4mtning och sommarg\u00e5va till medarbetarna utifr\u00e5n det f\u00f6rslag som Kristdemokraterna och Moderaterna fick igenom i regionstyrelsen i maj och en rapport fr\u00e5n bearbetningen av inkomna remisser p\u00e5 den kommande regionala utvecklingsstrategin.<\/p>\n<p><strong>M\u00f6te med Kristdemokraternas regionfullm\u00e4ktigegrupp<\/strong><br \/>\nP\u00e5 m\u00e5ndagskv\u00e4llen tr\u00e4ffades Kristdemokraternas regionfullm\u00e4ktigegrupp (RF-gruppen) som best\u00e5r av ordinarie ledam\u00f6ter och f\u00f6rste ers\u00e4ttare i regionfullm\u00e4ktige. Anledningen till tr\u00e4ffen var genomg\u00e5ng av handlingar och f\u00f6rberedelser inf\u00f6r veckans sammantr\u00e4de med regionfullm\u00e4ktige. Vi hann ocks\u00e5 med att avhandla en del kommande motioner och interpellationer samt avst\u00e4mning av kommande regionpolitiska aktiviteter under h\u00f6sten 2021.<\/p>\n<p><strong>Debattartikel om f\u00f6rslag till tre\u00e5rsbudget fr\u00e5n KD och M<\/strong><br \/>\nI tisdagens utg\u00e5va av Corren hade vi fr\u00e5n Kristdemokraterna och Moderaterna en debattartikel om v\u00e5rt gemensamma f\u00f6rslag till Tre\u00e5rsbudget 2022-2024, inf\u00f6r tisdagens och onsdagens regionfullm\u00e4ktigesammantr\u00e4de, med bl.a. beslut om just tre\u00e5rsbudget f\u00f6r Region \u00d6sterg\u00f6tland. Du kan l\u00e4sa hela debattartikeln h\u00e4r: (<a href=\"https:\/\/corren.se\/asikter\/debatt\/artikel\/m-och-kd-ostergotland-behover-en-nystart\/r2mp44pj\" target=\"_blank\" rel=\"noopener\">https:\/\/corren.se\/asikter\/debatt\/artikel\/m-och-kd-ostergotland-behover-en-nystart\/r2mp44pj<\/a>).<\/p>\n<p><strong>Regionfullm\u00e4ktiges budgetsammantr\u00e4de i tv\u00e5 dagar<\/strong><br \/>\nTisdag och onsdag har \u00e4gnats \u00e5t regionfullm\u00e4ktiges \u00e5rliga budgetsammantr\u00e4de. Sedan i h\u00f6stas m\u00f6ts hela regionfullm\u00e4ktige via Zoom, och enbart presidiet med bl.a. andre vice ordf\u00f6rande Elvira Wibeck (KD), \u00e4r p\u00e5 plats i sammantr\u00e4deslokalen. N\u00e4stan hela f\u00f6rsta dagen togs upp av debatten kring de olika f\u00f6rslagen till Tre\u00e5rsbudget 2022-2024. Trots utm\u00e4rkta inl\u00e4gg fr\u00e5n flera ur den kristdemokratiska fullm\u00e4ktigegruppen och fr\u00e5n ett antal av v\u00e5ra moderata kollegor, vann inte det gemensamma budgetf\u00f6rslaget fr\u00e5n Kristdemokraterna och Moderaterna bifall. Men, de utm\u00e4rkta f\u00f6rslagen i budgeten forts\u00e4tter vi f\u00f6rst\u00e5s att driva p\u00e5 andra s\u00e4tt fram\u00f6ver! Under fullm\u00e4ktigem\u00f6tet anm\u00e4ldes ocks\u00e5 en ny motion fr\u00e5n Kristdemokraterna, d\u00e4r Lena K\u00e4cker Johansson och Elvira Wibeck l\u00e4mnat in en motion utifr\u00e5n den id\u00e9 om att inf\u00f6ra psykiatriambulans och mobila omv\u00e5rdnadsteam inom psykiatrin i hela l\u00e4net, som Martin Zetterlund, ers\u00e4ttare i regionstyrelsen tillsammans med Solveig Danielson, nyligen f\u00f6rde fram i en debattartikel i Corren. Eftersom Martin och Solveig inte \u00e4r ledam\u00f6ter i fullm\u00e4ktige, l\u00e4mnades motionen in av Lena och Elvira. Du kan l\u00e4sa motionen h\u00e4r: (<a href=\"https:\/\/wp.kristdemokraterna.se\/regionostergotland\/files\/2021\/06\/210617-motion_kd_-infor-mobila-psykiatriteam-i-hela-lanet.pdf\" target=\"_blank\" rel=\"noopener\">https:\/\/wp.kristdemokraterna.se\/regionostergotland\/files\/2021\/06\/210617-motion_kd_-infor-mobila-psykiatriteam-i-hela-lanet.pdf<\/a>). Under f\u00f6rsta sammantr\u00e4desdagen tj\u00e4nstgjorde f\u00f6rste ers\u00e4ttarna Birgitta Waern och M\u00e1ire Skogstj\u00e4rna, vilket gjorde att totalt tio kristdemokrater var i tj\u00e4nst under hela fullm\u00e4ktigem\u00f6tet \u2013 stort tack till er alla f\u00f6r goda insatser!<\/p>\n<p>Nu v\u00e4ntar midsommarhelgen, och \u00e4ven om den positiva trenden i veckan har fortsatt med l\u00e5g smittspridning, f\u00e4rre som beh\u00f6ver sjukhusv\u00e5rd och vaccinationer som p\u00e5g\u00e5r med full kraft, \u00e4r det viktigt att vi alla hj\u00e4lps \u00e5t att f\u00f6lja riktlinjer och restriktioner och vaccinera oss n\u00e4r det blir v\u00e5r tur!<\/p>\n<p>Jag hoppas att ni alla f\u00e5r en riktigt fin midsommarhelg, och en sk\u00f6n och avkopplande sommar! \u00c4ven om det finns n\u00e5gra sammantr\u00e4den inbokade i n\u00e4sta vecka, t\u00e4nkte jag att nyhetsbrevet skulle f\u00e5 semester, och f\u00e5r \u00e5terkomma i mitten av augusti. P\u00e5 \u00e5terseende d\u00e5!<\/p>\n<p>Med v\u00e4nlig h\u00e4lsning<br \/>\nPer Larsson<br \/>\nOppositionsr\u00e5d och gruppledare<br \/>\nKristdemokraterna i Region \u00d6sterg\u00f6tland<br \/>\ntfn 010-103 72 84 (arb)<br \/>\ntfn 0702-88 21 34 (mobil)<br \/>\nper.larsson@regionostergotland.se<\/p>\n<p>&nbsp;<\/p>\n","protected":false},"excerpt":{"rendered":"<p>Hej! I morgon \u00e4r det midsommarafton och den lite kortare arbetsveckan g\u00e5r mot sitt lut. I rikspolitiken en omtumlande vecka, med en historisk misstroendeomr\u00f6stning. I regionpolitiken \u00e4r det inte alls lika turbulent, \u00e4ven om det varit en h\u00e4ndelserik vecka med bl.a. budgetsammantr\u00e4de f\u00f6r regionfullm\u00e4ktige. Om det och en del annat kommer h\u00e4r n\u00e5gra rader i <a class=\"read-more-link\" href=\"https:\/\/wp.kristdemokraterna.se\/regionostergotland\/nyhetsbrev-vecka-25-2\/\">Read More<\/a><\/p>\n","protected":false},"author":737,"featured_media":0,"comment_status":"closed","ping_status":"closed","sticky":false,"template":"","format":"standard","meta":{"_acf_changed":false,"footnotes":""},"categories":[1],"tags":[],"class_list":["post-1692","post","type-post","status-publish","format-standard","hentry","category-nyheter"],"acf":[],"yoast_head":"<!-- This site is optimized with the Yoast SEO plugin v27.5 - https:\/\/yoast.com\/product\/yoast-seo-wordpress\/ -->\n<title>Nyhetsbrev vecka 25 - i Region \u00d6sterg\u00f6tland<\/title>\n<meta name=\"robots\" content=\"index, follow, max-snippet:-1, max-image-preview:large, max-video-preview:-1\" \/>\n<link rel=\"canonical\" href=\"https:\/\/wp.kristdemokraterna.se\/regionostergotland\/nyhetsbrev-vecka-25-2\/\" \/>\n<meta property=\"og:locale\" content=\"sv_SE\" \/>\n<meta property=\"og:type\" content=\"article\" \/>\n<meta property=\"og:title\" content=\"Nyhetsbrev vecka 25 - i Region \u00d6sterg\u00f6tland\" \/>\n<meta property=\"og:description\" content=\"Hej! I morgon \u00e4r det midsommarafton och den lite kortare arbetsveckan g\u00e5r mot sitt lut. I rikspolitiken en omtumlande vecka, med en historisk misstroendeomr\u00f6stning. I regionpolitiken \u00e4r det inte alls lika turbulent, \u00e4ven om det varit en h\u00e4ndelserik vecka med bl.a. budgetsammantr\u00e4de f\u00f6r regionfullm\u00e4ktige. Om det och en del annat kommer h\u00e4r n\u00e5gra rader i Read More\" \/>\n<meta property=\"og:url\" content=\"https:\/\/wp.kristdemokraterna.se\/regionostergotland\/nyhetsbrev-vecka-25-2\/\" \/>\n<meta property=\"og:site_name\" content=\"i Region \u00d6sterg\u00f6tland\" \/>\n<meta property=\"article:published_time\" content=\"2021-06-24T08:39:42+00:00\" \/>\n<meta property=\"article:modified_time\" content=\"2021-06-24T08:47:23+00:00\" \/>\n<meta property=\"og:image\" content=\"https:\/\/wp.kristdemokraterna.se\/regionostergotland\/files\/2021\/06\/bild-nyhetsbrev-vecka-25-2021v3.jpg\" \/>\n\t<meta property=\"og:image:width\" content=\"2048\" \/>\n\t<meta property=\"og:image:height\" content=\"1178\" \/>\n\t<meta property=\"og:image:type\" content=\"image\/jpeg\" \/>\n<meta name=\"author\" content=\"regionostergotland\" \/>\n<meta name=\"twitter:card\" content=\"summary_large_image\" \/>\n<meta name=\"twitter:label1\" content=\"Skriven av\" \/>\n\t<meta name=\"twitter:data1\" content=\"regionostergotland\" \/>\n\t<meta name=\"twitter:label2\" content=\"Ber\u00e4knad l\u00e4stid\" \/>\n\t<meta name=\"twitter:data2\" content=\"4 minuter\" \/>\n<script type=\"application\/ld+json\" class=\"yoast-schema-graph\">{\"@context\":\"https:\\\/\\\/schema.org\",\"@graph\":[{\"@type\":\"Article\",\"@id\":\"https:\\\/\\\/wp.kristdemokraterna.se\\\/regionostergotland\\\/nyhetsbrev-vecka-25-2\\\/#article\",\"isPartOf\":{\"@id\":\"https:\\\/\\\/wp.kristdemokraterna.se\\\/regionostergotland\\\/nyhetsbrev-vecka-25-2\\\/\"},\"author\":{\"name\":\"regionostergotland\",\"@id\":\"https:\\\/\\\/wp.kristdemokraterna.se\\\/regionostergotland\\\/#\\\/schema\\\/person\\\/74c3c4f502fcc489722a7be0dfe0088c\"},\"headline\":\"Nyhetsbrev vecka 25\",\"datePublished\":\"2021-06-24T08:39:42+00:00\",\"dateModified\":\"2021-06-24T08:47:23+00:00\",\"mainEntityOfPage\":{\"@id\":\"https:\\\/\\\/wp.kristdemokraterna.se\\\/regionostergotland\\\/nyhetsbrev-vecka-25-2\\\/\"},\"wordCount\":914,\"articleSection\":[\"Nyheter\"],\"inLanguage\":\"sv-SE\"},{\"@type\":\"WebPage\",\"@id\":\"https:\\\/\\\/wp.kristdemokraterna.se\\\/regionostergotland\\\/nyhetsbrev-vecka-25-2\\\/\",\"url\":\"https:\\\/\\\/wp.kristdemokraterna.se\\\/regionostergotland\\\/nyhetsbrev-vecka-25-2\\\/\",\"name\":\"Nyhetsbrev vecka 25 - i Region \u00d6sterg\u00f6tland\",\"isPartOf\":{\"@id\":\"https:\\\/\\\/wp.kristdemokraterna.se\\\/regionostergotland\\\/#website\"},\"datePublished\":\"2021-06-24T08:39:42+00:00\",\"dateModified\":\"2021-06-24T08:47:23+00:00\",\"author\":{\"@id\":\"https:\\\/\\\/wp.kristdemokraterna.se\\\/regionostergotland\\\/#\\\/schema\\\/person\\\/74c3c4f502fcc489722a7be0dfe0088c\"},\"breadcrumb\":{\"@id\":\"https:\\\/\\\/wp.kristdemokraterna.se\\\/regionostergotland\\\/nyhetsbrev-vecka-25-2\\\/#breadcrumb\"},\"inLanguage\":\"sv-SE\",\"potentialAction\":[{\"@type\":\"ReadAction\",\"target\":[\"https:\\\/\\\/wp.kristdemokraterna.se\\\/regionostergotland\\\/nyhetsbrev-vecka-25-2\\\/\"]}]},{\"@type\":\"BreadcrumbList\",\"@id\":\"https:\\\/\\\/wp.kristdemokraterna.se\\\/regionostergotland\\\/nyhetsbrev-vecka-25-2\\\/#breadcrumb\",\"itemListElement\":[{\"@type\":\"ListItem\",\"position\":1,\"name\":\"Hem\",\"item\":\"https:\\\/\\\/wp.kristdemokraterna.se\\\/regionostergotland\\\/\"},{\"@type\":\"ListItem\",\"position\":2,\"name\":\"Nyhetsbrev vecka 25\"}]},{\"@type\":\"WebSite\",\"@id\":\"https:\\\/\\\/wp.kristdemokraterna.se\\\/regionostergotland\\\/#website\",\"url\":\"https:\\\/\\\/wp.kristdemokraterna.se\\\/regionostergotland\\\/\",\"name\":\"i Region \u00d6sterg\u00f6tland\",\"description\":\"\",\"inLanguage\":\"sv-SE\"},{\"@type\":\"Person\",\"@id\":\"https:\\\/\\\/wp.kristdemokraterna.se\\\/regionostergotland\\\/#\\\/schema\\\/person\\\/74c3c4f502fcc489722a7be0dfe0088c\",\"name\":\"regionostergotland\",\"image\":{\"@type\":\"ImageObject\",\"inLanguage\":\"sv-SE\",\"@id\":\"https:\\\/\\\/secure.gravatar.com\\\/avatar\\\/8fb8f0a216e627554da57506bfaf78d677f45512f24f703e185ec701423b1e92?s=96&d=mm&r=g\",\"url\":\"https:\\\/\\\/secure.gravatar.com\\\/avatar\\\/8fb8f0a216e627554da57506bfaf78d677f45512f24f703e185ec701423b1e92?s=96&d=mm&r=g\",\"contentUrl\":\"https:\\\/\\\/secure.gravatar.com\\\/avatar\\\/8fb8f0a216e627554da57506bfaf78d677f45512f24f703e185ec701423b1e92?s=96&d=mm&r=g\",\"caption\":\"regionostergotland\"},\"url\":\"https:\\\/\\\/wp.kristdemokraterna.se\\\/regionostergotland\\\/author\\\/regionostergotland\\\/\"}]}<\/script>\n<!-- \/ Yoast SEO plugin. -->","yoast_head_json":{"title":"Nyhetsbrev vecka 25 - i Region \u00d6sterg\u00f6tland","robots":{"index":"index","follow":"follow","max-snippet":"max-snippet:-1","max-image-preview":"max-image-preview:large","max-video-preview":"max-video-preview:-1"},"canonical":"https:\/\/wp.kristdemokraterna.se\/regionostergotland\/nyhetsbrev-vecka-25-2\/","og_locale":"sv_SE","og_type":"article","og_title":"Nyhetsbrev vecka 25 - i Region \u00d6sterg\u00f6tland","og_description":"Hej! I morgon \u00e4r det midsommarafton och den lite kortare arbetsveckan g\u00e5r mot sitt lut. I rikspolitiken en omtumlande vecka, med en historisk misstroendeomr\u00f6stning. I regionpolitiken \u00e4r det inte alls lika turbulent, \u00e4ven om det varit en h\u00e4ndelserik vecka med bl.a. budgetsammantr\u00e4de f\u00f6r regionfullm\u00e4ktige. Om det och en del annat kommer h\u00e4r n\u00e5gra rader i Read More","og_url":"https:\/\/wp.kristdemokraterna.se\/regionostergotland\/nyhetsbrev-vecka-25-2\/","og_site_name":"i Region \u00d6sterg\u00f6tland","article_published_time":"2021-06-24T08:39:42+00:00","article_modified_time":"2021-06-24T08:47:23+00:00","og_image":[{"width":2048,"height":1178,"url":"https:\/\/wp.kristdemokraterna.se\/regionostergotland\/files\/2021\/06\/bild-nyhetsbrev-vecka-25-2021v3.jpg","type":"image\/jpeg"}],"author":"regionostergotland","twitter_card":"summary_large_image","twitter_misc":{"Skriven av":"regionostergotland","Ber\u00e4knad l\u00e4stid":"4 minuter"},"schema":{"@context":"https:\/\/schema.org","@graph":[{"@type":"Article","@id":"https:\/\/wp.kristdemokraterna.se\/regionostergotland\/nyhetsbrev-vecka-25-2\/#article","isPartOf":{"@id":"https:\/\/wp.kristdemokraterna.se\/regionostergotland\/nyhetsbrev-vecka-25-2\/"},"author":{"name":"regionostergotland","@id":"https:\/\/wp.kristdemokraterna.se\/regionostergotland\/#\/schema\/person\/74c3c4f502fcc489722a7be0dfe0088c"},"headline":"Nyhetsbrev vecka 25","datePublished":"2021-06-24T08:39:42+00:00","dateModified":"2021-06-24T08:47:23+00:00","mainEntityOfPage":{"@id":"https:\/\/wp.kristdemokraterna.se\/regionostergotland\/nyhetsbrev-vecka-25-2\/"},"wordCount":914,"articleSection":["Nyheter"],"inLanguage":"sv-SE"},{"@type":"WebPage","@id":"https:\/\/wp.kristdemokraterna.se\/regionostergotland\/nyhetsbrev-vecka-25-2\/","url":"https:\/\/wp.kristdemokraterna.se\/regionostergotland\/nyhetsbrev-vecka-25-2\/","name":"Nyhetsbrev vecka 25 - i Region \u00d6sterg\u00f6tland","isPartOf":{"@id":"https:\/\/wp.kristdemokraterna.se\/regionostergotland\/#website"},"datePublished":"2021-06-24T08:39:42+00:00","dateModified":"2021-06-24T08:47:23+00:00","author":{"@id":"https:\/\/wp.kristdemokraterna.se\/regionostergotland\/#\/schema\/person\/74c3c4f502fcc489722a7be0dfe0088c"},"breadcrumb":{"@id":"https:\/\/wp.kristdemokraterna.se\/regionostergotland\/nyhetsbrev-vecka-25-2\/#breadcrumb"},"inLanguage":"sv-SE","potentialAction":[{"@type":"ReadAction","target":["https:\/\/wp.kristdemokraterna.se\/regionostergotland\/nyhetsbrev-vecka-25-2\/"]}]},{"@type":"BreadcrumbList","@id":"https:\/\/wp.kristdemokraterna.se\/regionostergotland\/nyhetsbrev-vecka-25-2\/#breadcrumb","itemListElement":[{"@type":"ListItem","position":1,"name":"Hem","item":"https:\/\/wp.kristdemokraterna.se\/regionostergotland\/"},{"@type":"ListItem","position":2,"name":"Nyhetsbrev vecka 25"}]},{"@type":"WebSite","@id":"https:\/\/wp.kristdemokraterna.se\/regionostergotland\/#website","url":"https:\/\/wp.kristdemokraterna.se\/regionostergotland\/","name":"i Region \u00d6sterg\u00f6tland","description":"","inLanguage":"sv-SE"},{"@type":"Person","@id":"https:\/\/wp.kristdemokraterna.se\/regionostergotland\/#\/schema\/person\/74c3c4f502fcc489722a7be0dfe0088c","name":"regionostergotland","image":{"@type":"ImageObject","inLanguage":"sv-SE","@id":"https:\/\/secure.gravatar.com\/avatar\/8fb8f0a216e627554da57506bfaf78d677f45512f24f703e185ec701423b1e92?s=96&d=mm&r=g","url":"https:\/\/secure.gravatar.com\/avatar\/8fb8f0a216e627554da57506bfaf78d677f45512f24f703e185ec701423b1e92?s=96&d=mm&r=g","contentUrl":"https:\/\/secure.gravatar.com\/avatar\/8fb8f0a216e627554da57506bfaf78d677f45512f24f703e185ec701423b1e92?s=96&d=mm&r=g","caption":"regionostergotland"},"url":"https:\/\/wp.kristdemokraterna.se\/regionostergotland\/author\/regionostergotland\/"}]}},"_links":{"self":[{"href":"https:\/\/wp.kristdemokraterna.se\/regionostergotland\/wp-json\/wp\/v2\/posts\/1692","targetHints":{"allow":["GET"]}}],"collection":[{"href":"https:\/\/wp.kristdemokraterna.se\/regionostergotland\/wp-json\/wp\/v2\/posts"}],"about":[{"href":"https:\/\/wp.kristdemokraterna.se\/regionostergotland\/wp-json\/wp\/v2\/types\/post"}],"author":[{"embeddable":true,"href":"https:\/\/wp.kristdemokraterna.se\/regionostergotland\/wp-json\/wp\/v2\/users\/737"}],"replies":[{"embeddable":true,"href":"https:\/\/wp.kristdemokraterna.se\/regionostergotland\/wp-json\/wp\/v2\/comments?post=1692"}],"version-history":[{"count":3,"href":"https:\/\/wp.kristdemokraterna.se\/regionostergotland\/wp-json\/wp\/v2\/posts\/1692\/revisions"}],"predecessor-version":[{"id":1698,"href":"https:\/\/wp.kristdemokraterna.se\/regionostergotland\/wp-json\/wp\/v2\/posts\/1692\/revisions\/1698"}],"wp:attachment":[{"href":"https:\/\/wp.kristdemokraterna.se\/regionostergotland\/wp-json\/wp\/v2\/media?parent=1692"}],"wp:term":[{"taxonomy":"category","embeddable":true,"href":"https:\/\/wp.kristdemokraterna.se\/regionostergotland\/wp-json\/wp\/v2\/categories?post=1692"},{"taxonomy":"post_tag","embeddable":true,"href":"https:\/\/wp.kristdemokraterna.se\/regionostergotland\/wp-json\/wp\/v2\/tags?post=1692"}],"curies":[{"name":"wp","href":"https:\/\/api.w.org\/{rel}","templated":true}]}}