{"id":1917,"date":"2022-05-20T14:42:09","date_gmt":"2022-05-20T12:42:09","guid":{"rendered":"https:\/\/wp.kristdemokraterna.se\/regionostergotland\/?p=1917"},"modified":"2022-05-20T14:42:09","modified_gmt":"2022-05-20T12:42:09","slug":"nyhetsbrev-vecka-20-6","status":"publish","type":"post","link":"https:\/\/wp.kristdemokraterna.se\/regionostergotland\/nyhetsbrev-vecka-20-6\/","title":{"rendered":"Nyhetsbrev vecka 20"},"content":{"rendered":"<p>Hej!<\/p>\n<p>Nationellt och internationellt befinner vi oss i en historisk vecka, med riksdagsbeslut om ans\u00f6kan om svenskt Natomedlemskap, och gemensamt bes\u00f6k fr\u00e5n Sverige och Finland hos USA:s president. P\u00e5 den regionpolitiska fronten har veckan kanske inte varit historisk, men \u00e4nd\u00e5 mycket inneh\u00e5llsrik och varierad. Att det \u00e4r val\u00e5r har inte minst m\u00e4rkts genom tv\u00e5 paneldebatter denna vecka! Om dem och n\u00e5gra \u00f6vriga nedslag i veckan kommer h\u00e4r n\u00e5gra rader i nyhetsbrevet. Trevlig l\u00e4sning!<!--more--><\/p>\n<p><strong>Kampanj p\u00e5 Kise Marken och m\u00f6te med St\u00e5ng\u00e5dalsbanans v\u00e4nner<\/strong><br \/>\nI l\u00f6rdags arrangerades Kise Marken i Kisa, och Kristdemokraterna i Kinda kommun hade bokat en plats p\u00e5 marknaden. Partidistriktets ombudsman Elvira Wibeck och jag begav oss till Kisa f\u00f6r att tillsammans med lokala kristdemokrater m\u00f6ta marknadsbes\u00f6kare med kristdemokratisk politik, och en och annan doftgran\u2026 M\u00e5nga positiva \u00f6stg\u00f6tar passerade v\u00e5rt kristdemokratiska t\u00e4lt, och flera bra samtal, bl.a. med en nybliven snart 18-\u00e5rig kristdemokrat som var taggat att engagera sig! Under dagen passade lokala gruppledaren Lena K\u00e4cker Johansson och jag p\u00e5 att tr\u00e4ffa St\u00e5ng\u00e5dalsbanans V\u00e4nner vid det historiska lokstallet bredvid stationen. Ut\u00f6ver att besk\u00e5da en nyrenoverad historisk vagn, hann vi f\u00f6rst\u00e5s ocks\u00e5 prata om betydelsen av j\u00e4rnv\u00e4gstrafiken p\u00e5 l\u00e4nsbanan till Kalmar!<\/p>\n<p><strong>M\u00e5ndagsm\u00f6te med bes\u00f6k av regiondirekt\u00f6r och budgetarbete<\/strong><br \/>\nVid veckans m\u00e5ndagsm\u00f6te \u00e4gnades en hel del tid \u00e5t det gemensamma f\u00f6rslaget till Tre\u00e5rsbudget 2023-2025 fr\u00e5n Kristdemokraterna och Moderaterna. Successivt v\u00e4xer f\u00f6rslaget fram, och om ett par veckor \u00e4r det dags f\u00f6r beslut. M\u00e5ndagsm\u00f6tet g\u00e4stades ocks\u00e5 av regiondirekt\u00f6r Krister Bj\u00f6rkegren, som bl.a. rapporterade fr\u00e5n regionens samarbete med L\u00e4nsstyrelsen, F\u00f6rsvarsmakten m.fl. myndigheter kring den regionala hanteringen av det aktuella s\u00e4kerhetsl\u00e4get i omv\u00e4rlden. Han konstaterade ocks\u00e5, inte alls ov\u00e4ntat, att det \u00e4r tufft i planeringen av bemanningen i v\u00e5rden inf\u00f6r sommaren.<\/p>\n<p><strong>P\u00e5tryckningar fr\u00e5n KD och M gav resultat: Busslinje till V\u00e5nga blir kvar<\/strong><br \/>\nRedan i f\u00f6rra veckan (9 maj) gick vi fr\u00e5n Kristdemokraterna och Moderaterna ut med f\u00f6rslaget att riva upp beslutet att l\u00e4gga ned busslinje 482 mellan V\u00e5nga och Norrk\u00f6ping. Ett beslut som inte var ordentligt f\u00f6rankrat vare sig i kommunen eller hos medborgare. Vi bj\u00f6d i samma veva in f\u00f6retr\u00e4dare f\u00f6r den styrande koalitionen till ett m\u00f6te m\u00e5ndag 16 maj, f\u00f6r att om m\u00f6jligt f\u00e5 till en uppg\u00f6relse f\u00f6r att kunna ha linjen kvar. Uppenbarligen tog v\u00e5rt initiativ skruv, och n\u00e5gon timme innan v\u00e5rt inbokade m\u00f6te presenterade koalitionen en l\u00f6sning f\u00f6r att kvar linjen. Det \u00e4r f\u00f6rst\u00e5s gl\u00e4djande att v\u00e5ra p\u00e5tryckningar gav effekt. Samtidigt \u00e4r det n\u00f6dv\u00e4ndigt att vi inte hamnar i situationen igen, och i kommentar i Norrk\u00f6pings Tidningar s\u00e4ger jag: \u201d \u2013 Det h\u00e4r visar dock att det finns f\u00f6rb\u00e4ttringspotential i processen n\u00e4r f\u00f6r\u00e4ndringar g\u00f6rs i kollektivtrafiken, dialog och samverkan \u00e4r viktigt f\u00f6r att i forts\u00e4ttningen undvika liknande situationer, s\u00e4ger oppositionsr\u00e5det Per Larsson (KD)\u201d. Du kan l\u00e4sa hela artikeln h\u00e4r: (<a href=\"https:\/\/nt.se\/nyheter\/norrkoping\/artikel\/lattnad-nar-deras-hotade-busslinje-blir-kvar-nu-kan-min-son-ta-sig-till-och-fran-skolan\/rx5p3xkj\" target=\"_blank\" rel=\"noopener\">https:\/\/nt.se\/nyheter\/norrkoping\/artikel\/lattnad-nar-deras-hotade-busslinje-blir-kvar-nu-kan-min-son-ta-sig-till-och-fran-skolan\/rx5p3xkj<\/a>)<\/p>\n<p><strong>Studiebes\u00f6k, styrelsem\u00f6te och seminarium med M\u00e4lardalstrafik<\/strong><br \/>\nTisdag och onsdag i denna vecka blev tv\u00e5 heldagar i Eskilstuna med omnejd f\u00f6r \u00e5rsst\u00e4mma, seminarium, styrelsem\u00f6te och tv\u00e5 intressanta studiebes\u00f6k med M\u00e4lardalstrafik. Bolaget, som bedriver regional t\u00e5gtrafik, \u00e4gs gemensamt av Region \u00d6sterg\u00f6tland, Region S\u00f6rmland, Region \u00d6rebro l\u00e4n, Region V\u00e4stmanland, Region Uppsala l\u00e4n och Region Stockholm. Dagarna inleddes med ett bes\u00f6k p\u00e5 den nya moderna t\u00e5gdep\u00e5n i Eskilstuna, d\u00e4r de nya M\u00e4lart\u00e5gen servas, tv\u00e4ttas, repareras o.s.v. En imponerande anl\u00e4ggning! Sedan f\u00f6ljde under tisdagen ett seminarium kring aktuella och kommande fr\u00e5gor f\u00f6r M\u00e4lardalstrafik och formell \u00e5rsst\u00e4mma f\u00f6r bolaget. P\u00e5 onsdagen h\u00f6lls styrelsem\u00f6te p\u00e5 f\u00f6rmiddagen, och efter lunch avslutades dagarna med ett bes\u00f6k p\u00e5 kundcentret f\u00f6r M\u00e4lart\u00e5g, d\u00e4r vi fick l\u00e4ra oss mer om hur kund- och resen\u00e4rskontakterna fungerar. Tv\u00e5 givande dagar, d\u00e4r det \u00e4r gl\u00e4djande att se hur den regionala t\u00e5grafiken bidrar till tillv\u00e4xt i v\u00e5rt omr\u00e5de!<\/p>\n<p><strong>Presidiem\u00f6te med regionutvecklingsn\u00e4mndens presidium<\/strong><br \/>\nI g\u00e5r torsdag f\u00f6rmiddag sammantr\u00e4dde regionutvecklingsn\u00e4mndens presidium. Huvud\u00e4rendet f\u00f6r m\u00f6tet var att bereda n\u00e4sta n\u00e4mndsammantr\u00e4de. D\u00e5 ska n\u00e4mnden bl.a. behandla f\u00f6rslag till ny Folkh\u00e4lsostrategi, som slutligen ska beslutas av regionfullm\u00e4ktige. Vidare v\u00e4ntar beslut om del\u00e5rsrapport f\u00f6r n\u00e4mnden och regionens skolor f\u00f6r det f\u00f6rsta kvartalet och uppdrags\u00f6verenskommelse f\u00f6r Shakespearefabriken i Vadstena, som blir ny akt\u00f6r i Kultursamverkansmodellen!<\/p>\n<p><strong>Seminarium och panelsamtal p\u00e5 Allm\u00e4nl\u00e4karens dag<\/strong><br \/>\nTorsdagen var ocks\u00e5 internationella allm\u00e4nl\u00e4karens dag, och med anledning av det hade Svensk f\u00f6rening f\u00f6r allm\u00e4nmedicin tillsammans med Kungsgatans v\u00e5rdcentral i Link\u00f6ping bjudit in till ett seminarium med avslutande panelsamtal i Berzeliussalen p\u00e5 Universitetssjukhuset i Link\u00f6ping. Seminariet inneh\u00f6ll intressanta f\u00f6redrag fr\u00e5n Angelica Staff, distriktsl\u00e4karf\u00f6reningen och de b\u00e5da ST-l\u00e4karna Kristina Ros\u00e9n och Johanna S\u00f6derholm samt fr\u00e5n G\u00f6ran Stiernstedt, utifr\u00e5n sina b\u00e5da statliga utredningar Effektiv v\u00e5rd och Digifysiskt v\u00e5rdval. I det avslutande panelsamtalet deltog s\u00e5v\u00e4l representanter fr\u00e5n regionens tj\u00e4nstepersonledning som f\u00f6retr\u00e4dare fr\u00e5n partierna i regionfullm\u00e4ktige. Fr\u00e5n Kristdemokraterna lyfte jag bla. fram: Nationellt ansvar f\u00f6r v\u00e5rden f\u00f6r samlad kompetensf\u00f6rs\u00f6rjning, journalsystem, patientavgifter, ers\u00e4ttningssystem m.m. Flytta ekonomiska resurser fr\u00e5n sjukhusv\u00e5rd till prim\u00e4rv\u00e5rd. St\u00e4rk prim\u00e4rv\u00e5rdens ansvar och varje v\u00e5rdcentrals befogenheter. Fler yrkesgrupper p\u00e5 v\u00e5rdcentralen &#8211; kuratorer, psykologer m.fl. Minska den administrativ b\u00f6rdan!<\/p>\n<p><strong>Bes\u00f6k p\u00e5 konferens med Forskning vid museer p\u00e5 \u00d6sterg\u00f6tlands Museum<\/strong><br \/>\nI g\u00e5r och idag p\u00e5g\u00e5r konferensen \u201dForskande utst\u00e4llning och utst\u00e4lld forskning\u201d p\u00e5 nyligen \u00e5ter\u00f6ppnade \u00d6sterg\u00f6tlands Museum i Link\u00f6ping, arrangerad av f\u00f6reningen Forskning vid museer. Forskare anst\u00e4llda vid museer eller i t\u00e4tt samarbete med museer samlas \u00e5rligen till konferens, och passande nog fokuserar \u00e5rets konferens p\u00e5 utst\u00e4llningar, d\u00e4r det precis nyrenoverade och ombyggda museet i Link\u00f6ping erbjuder goda m\u00f6jligheter att studera hur alldeles nya utst\u00e4llningar gestaltats. Region \u00d6sterg\u00f6tland, som st\u00f6rsta huvudman f\u00f6r \u00d6sterg\u00f6tlands Museum, har bidragit till konferensen genom att bjuda deltagarna p\u00e5 torsdagskv\u00e4llens middag, och som andre vice ordf\u00f6rande i ansvarig n\u00e4mnd, regionutvecklingsn\u00e4mnden, fick jag ig\u00e5r kv\u00e4ll m\u00f6jlighet att g\u00e4sta konferensen, s\u00e4ga n\u00e5gra ord i samband med middagen och framf\u00f6rallt samtala med flera av deltagarna \u2013 och l\u00e4ra mig mycket nytt!<\/p>\n<p><strong>Debatt hos PRO \u00d6sterg\u00f6tland<\/strong><br \/>\nIdag fredag bj\u00f6d PRO \u00d6sterg\u00f6tland in till debatt mellan f\u00f6retr\u00e4dare f\u00f6r partierna i regionfullm\u00e4ktige, p\u00e5 f\u00f6rmiddagen i Vagnhallen i f\u00f6reningshuset Font\u00e4nen i Link\u00f6ping. Utifr\u00e5n de fr\u00e5gor vi f\u00e5tt i f\u00f6rv\u00e4g kom debatten fr\u00e4mst att handla om h\u00e4lso- och sjukv\u00e5rdsfr\u00e5gor, inte minst n\u00e4ra v\u00e5rd och fr\u00e5gor om transporter till och fr\u00e5n sjukv\u00e5rden med sjukresor. Genom en fr\u00e5ga fr\u00e5n publiken kom ocks\u00e5 en del av debatten att handla om Kristdemokraternas f\u00f6rslag om nationellt ansvar f\u00f6r h\u00e4lso- och sjukv\u00e5rden!<\/p>\n<p>Efter n\u00e5gra riktigt varma och soliga sommardagar i b\u00f6rjan av veckan har nu regn och l\u00e4gre temperaturer avl\u00f6st p\u00e5 v\u00e4derfronten. Men lilla valr\u00f6relsen forts\u00e4tter \u00e4nd\u00e5\u2026och imorgon v\u00e4ntar bes\u00f6k p\u00e5 Motala Expo d\u00e4r Kristdemokraterna finns p\u00e5 plats. Oavsett v\u00e4derlek hoppas jag att ni alla f\u00e5r en riktigt trevlig helg!<\/p>\n<p>Med v\u00e4nlig h\u00e4lsning<br \/>\nPer Larsson<br \/>\nOppositionsr\u00e5d och gruppledare<br \/>\nKristdemokraterna i Region \u00d6sterg\u00f6tland<br \/>\ntfn 010-103 72 84 (arb)<br \/>\ntfn 0702-88 21 34 (mobil)<br \/>\nper.larsson@regionostergotland.se<\/p>\n<p>&nbsp;<\/p>\n","protected":false},"excerpt":{"rendered":"<p>Hej! Nationellt och internationellt befinner vi oss i en historisk vecka, med riksdagsbeslut om ans\u00f6kan om svenskt Natomedlemskap, och gemensamt bes\u00f6k fr\u00e5n Sverige och Finland hos USA:s president. P\u00e5 den regionpolitiska fronten har veckan kanske inte varit historisk, men \u00e4nd\u00e5 mycket inneh\u00e5llsrik och varierad. Att det \u00e4r val\u00e5r har inte minst m\u00e4rkts genom tv\u00e5 paneldebatter <a class=\"read-more-link\" href=\"https:\/\/wp.kristdemokraterna.se\/regionostergotland\/nyhetsbrev-vecka-20-6\/\">Read More<\/a><\/p>\n","protected":false},"author":737,"featured_media":0,"comment_status":"closed","ping_status":"closed","sticky":false,"template":"","format":"standard","meta":{"_acf_changed":false,"footnotes":""},"categories":[1],"tags":[],"class_list":["post-1917","post","type-post","status-publish","format-standard","hentry","category-nyheter"],"acf":[],"yoast_head":"<!-- This site is optimized with the Yoast SEO plugin v27.5 - https:\/\/yoast.com\/product\/yoast-seo-wordpress\/ -->\n<title>Nyhetsbrev vecka 20 - i Region \u00d6sterg\u00f6tland<\/title>\n<meta name=\"robots\" content=\"index, follow, max-snippet:-1, max-image-preview:large, max-video-preview:-1\" \/>\n<link rel=\"canonical\" href=\"https:\/\/wp.kristdemokraterna.se\/regionostergotland\/nyhetsbrev-vecka-20-6\/\" \/>\n<meta property=\"og:locale\" content=\"sv_SE\" \/>\n<meta property=\"og:type\" content=\"article\" \/>\n<meta property=\"og:title\" content=\"Nyhetsbrev vecka 20 - i Region \u00d6sterg\u00f6tland\" \/>\n<meta property=\"og:description\" content=\"Hej! Nationellt och internationellt befinner vi oss i en historisk vecka, med riksdagsbeslut om ans\u00f6kan om svenskt Natomedlemskap, och gemensamt bes\u00f6k fr\u00e5n Sverige och Finland hos USA:s president. P\u00e5 den regionpolitiska fronten har veckan kanske inte varit historisk, men \u00e4nd\u00e5 mycket inneh\u00e5llsrik och varierad. Att det \u00e4r val\u00e5r har inte minst m\u00e4rkts genom tv\u00e5 paneldebatter Read More\" \/>\n<meta property=\"og:url\" content=\"https:\/\/wp.kristdemokraterna.se\/regionostergotland\/nyhetsbrev-vecka-20-6\/\" \/>\n<meta property=\"og:site_name\" content=\"i Region \u00d6sterg\u00f6tland\" \/>\n<meta property=\"article:published_time\" content=\"2022-05-20T12:42:09+00:00\" \/>\n<meta property=\"og:image\" content=\"http:\/\/wp.kristdemokraterna.se\/regionostergotland\/files\/2022\/05\/bild-nyhetsbrev-2022-vecka-20-1024x533.jpg\" \/>\n\t<meta property=\"og:image:width\" content=\"1024\" \/>\n\t<meta property=\"og:image:height\" content=\"533\" \/>\n\t<meta property=\"og:image:type\" content=\"image\/jpeg\" \/>\n<meta name=\"author\" content=\"regionostergotland\" \/>\n<meta name=\"twitter:card\" content=\"summary_large_image\" \/>\n<meta name=\"twitter:label1\" content=\"Skriven av\" \/>\n\t<meta name=\"twitter:data1\" content=\"regionostergotland\" \/>\n\t<meta name=\"twitter:label2\" content=\"Ber\u00e4knad l\u00e4stid\" \/>\n\t<meta name=\"twitter:data2\" content=\"7 minuter\" \/>\n<script type=\"application\/ld+json\" class=\"yoast-schema-graph\">{\"@context\":\"https:\\\/\\\/schema.org\",\"@graph\":[{\"@type\":\"Article\",\"@id\":\"https:\\\/\\\/wp.kristdemokraterna.se\\\/regionostergotland\\\/nyhetsbrev-vecka-20-6\\\/#article\",\"isPartOf\":{\"@id\":\"https:\\\/\\\/wp.kristdemokraterna.se\\\/regionostergotland\\\/nyhetsbrev-vecka-20-6\\\/\"},\"author\":{\"name\":\"regionostergotland\",\"@id\":\"https:\\\/\\\/wp.kristdemokraterna.se\\\/regionostergotland\\\/#\\\/schema\\\/person\\\/74c3c4f502fcc489722a7be0dfe0088c\"},\"headline\":\"Nyhetsbrev vecka 20\",\"datePublished\":\"2022-05-20T12:42:09+00:00\",\"mainEntityOfPage\":{\"@id\":\"https:\\\/\\\/wp.kristdemokraterna.se\\\/regionostergotland\\\/nyhetsbrev-vecka-20-6\\\/\"},\"wordCount\":1391,\"articleSection\":[\"Nyheter\"],\"inLanguage\":\"sv-SE\"},{\"@type\":\"WebPage\",\"@id\":\"https:\\\/\\\/wp.kristdemokraterna.se\\\/regionostergotland\\\/nyhetsbrev-vecka-20-6\\\/\",\"url\":\"https:\\\/\\\/wp.kristdemokraterna.se\\\/regionostergotland\\\/nyhetsbrev-vecka-20-6\\\/\",\"name\":\"Nyhetsbrev vecka 20 - i Region \u00d6sterg\u00f6tland\",\"isPartOf\":{\"@id\":\"https:\\\/\\\/wp.kristdemokraterna.se\\\/regionostergotland\\\/#website\"},\"datePublished\":\"2022-05-20T12:42:09+00:00\",\"author\":{\"@id\":\"https:\\\/\\\/wp.kristdemokraterna.se\\\/regionostergotland\\\/#\\\/schema\\\/person\\\/74c3c4f502fcc489722a7be0dfe0088c\"},\"breadcrumb\":{\"@id\":\"https:\\\/\\\/wp.kristdemokraterna.se\\\/regionostergotland\\\/nyhetsbrev-vecka-20-6\\\/#breadcrumb\"},\"inLanguage\":\"sv-SE\",\"potentialAction\":[{\"@type\":\"ReadAction\",\"target\":[\"https:\\\/\\\/wp.kristdemokraterna.se\\\/regionostergotland\\\/nyhetsbrev-vecka-20-6\\\/\"]}]},{\"@type\":\"BreadcrumbList\",\"@id\":\"https:\\\/\\\/wp.kristdemokraterna.se\\\/regionostergotland\\\/nyhetsbrev-vecka-20-6\\\/#breadcrumb\",\"itemListElement\":[{\"@type\":\"ListItem\",\"position\":1,\"name\":\"Hem\",\"item\":\"https:\\\/\\\/wp.kristdemokraterna.se\\\/regionostergotland\\\/\"},{\"@type\":\"ListItem\",\"position\":2,\"name\":\"Nyhetsbrev vecka 20\"}]},{\"@type\":\"WebSite\",\"@id\":\"https:\\\/\\\/wp.kristdemokraterna.se\\\/regionostergotland\\\/#website\",\"url\":\"https:\\\/\\\/wp.kristdemokraterna.se\\\/regionostergotland\\\/\",\"name\":\"i Region \u00d6sterg\u00f6tland\",\"description\":\"\",\"inLanguage\":\"sv-SE\"},{\"@type\":\"Person\",\"@id\":\"https:\\\/\\\/wp.kristdemokraterna.se\\\/regionostergotland\\\/#\\\/schema\\\/person\\\/74c3c4f502fcc489722a7be0dfe0088c\",\"name\":\"regionostergotland\",\"image\":{\"@type\":\"ImageObject\",\"inLanguage\":\"sv-SE\",\"@id\":\"https:\\\/\\\/secure.gravatar.com\\\/avatar\\\/8fb8f0a216e627554da57506bfaf78d677f45512f24f703e185ec701423b1e92?s=96&d=mm&r=g\",\"url\":\"https:\\\/\\\/secure.gravatar.com\\\/avatar\\\/8fb8f0a216e627554da57506bfaf78d677f45512f24f703e185ec701423b1e92?s=96&d=mm&r=g\",\"contentUrl\":\"https:\\\/\\\/secure.gravatar.com\\\/avatar\\\/8fb8f0a216e627554da57506bfaf78d677f45512f24f703e185ec701423b1e92?s=96&d=mm&r=g\",\"caption\":\"regionostergotland\"},\"url\":\"https:\\\/\\\/wp.kristdemokraterna.se\\\/regionostergotland\\\/author\\\/regionostergotland\\\/\"}]}<\/script>\n<!-- \/ Yoast SEO plugin. -->","yoast_head_json":{"title":"Nyhetsbrev vecka 20 - i Region \u00d6sterg\u00f6tland","robots":{"index":"index","follow":"follow","max-snippet":"max-snippet:-1","max-image-preview":"max-image-preview:large","max-video-preview":"max-video-preview:-1"},"canonical":"https:\/\/wp.kristdemokraterna.se\/regionostergotland\/nyhetsbrev-vecka-20-6\/","og_locale":"sv_SE","og_type":"article","og_title":"Nyhetsbrev vecka 20 - i Region \u00d6sterg\u00f6tland","og_description":"Hej! Nationellt och internationellt befinner vi oss i en historisk vecka, med riksdagsbeslut om ans\u00f6kan om svenskt Natomedlemskap, och gemensamt bes\u00f6k fr\u00e5n Sverige och Finland hos USA:s president. P\u00e5 den regionpolitiska fronten har veckan kanske inte varit historisk, men \u00e4nd\u00e5 mycket inneh\u00e5llsrik och varierad. Att det \u00e4r val\u00e5r har inte minst m\u00e4rkts genom tv\u00e5 paneldebatter Read More","og_url":"https:\/\/wp.kristdemokraterna.se\/regionostergotland\/nyhetsbrev-vecka-20-6\/","og_site_name":"i Region \u00d6sterg\u00f6tland","article_published_time":"2022-05-20T12:42:09+00:00","og_image":[{"width":1024,"height":533,"url":"http:\/\/wp.kristdemokraterna.se\/regionostergotland\/files\/2022\/05\/bild-nyhetsbrev-2022-vecka-20-1024x533.jpg","type":"image\/jpeg"}],"author":"regionostergotland","twitter_card":"summary_large_image","twitter_misc":{"Skriven av":"regionostergotland","Ber\u00e4knad l\u00e4stid":"7 minuter"},"schema":{"@context":"https:\/\/schema.org","@graph":[{"@type":"Article","@id":"https:\/\/wp.kristdemokraterna.se\/regionostergotland\/nyhetsbrev-vecka-20-6\/#article","isPartOf":{"@id":"https:\/\/wp.kristdemokraterna.se\/regionostergotland\/nyhetsbrev-vecka-20-6\/"},"author":{"name":"regionostergotland","@id":"https:\/\/wp.kristdemokraterna.se\/regionostergotland\/#\/schema\/person\/74c3c4f502fcc489722a7be0dfe0088c"},"headline":"Nyhetsbrev vecka 20","datePublished":"2022-05-20T12:42:09+00:00","mainEntityOfPage":{"@id":"https:\/\/wp.kristdemokraterna.se\/regionostergotland\/nyhetsbrev-vecka-20-6\/"},"wordCount":1391,"articleSection":["Nyheter"],"inLanguage":"sv-SE"},{"@type":"WebPage","@id":"https:\/\/wp.kristdemokraterna.se\/regionostergotland\/nyhetsbrev-vecka-20-6\/","url":"https:\/\/wp.kristdemokraterna.se\/regionostergotland\/nyhetsbrev-vecka-20-6\/","name":"Nyhetsbrev vecka 20 - i Region \u00d6sterg\u00f6tland","isPartOf":{"@id":"https:\/\/wp.kristdemokraterna.se\/regionostergotland\/#website"},"datePublished":"2022-05-20T12:42:09+00:00","author":{"@id":"https:\/\/wp.kristdemokraterna.se\/regionostergotland\/#\/schema\/person\/74c3c4f502fcc489722a7be0dfe0088c"},"breadcrumb":{"@id":"https:\/\/wp.kristdemokraterna.se\/regionostergotland\/nyhetsbrev-vecka-20-6\/#breadcrumb"},"inLanguage":"sv-SE","potentialAction":[{"@type":"ReadAction","target":["https:\/\/wp.kristdemokraterna.se\/regionostergotland\/nyhetsbrev-vecka-20-6\/"]}]},{"@type":"BreadcrumbList","@id":"https:\/\/wp.kristdemokraterna.se\/regionostergotland\/nyhetsbrev-vecka-20-6\/#breadcrumb","itemListElement":[{"@type":"ListItem","position":1,"name":"Hem","item":"https:\/\/wp.kristdemokraterna.se\/regionostergotland\/"},{"@type":"ListItem","position":2,"name":"Nyhetsbrev vecka 20"}]},{"@type":"WebSite","@id":"https:\/\/wp.kristdemokraterna.se\/regionostergotland\/#website","url":"https:\/\/wp.kristdemokraterna.se\/regionostergotland\/","name":"i Region \u00d6sterg\u00f6tland","description":"","inLanguage":"sv-SE"},{"@type":"Person","@id":"https:\/\/wp.kristdemokraterna.se\/regionostergotland\/#\/schema\/person\/74c3c4f502fcc489722a7be0dfe0088c","name":"regionostergotland","image":{"@type":"ImageObject","inLanguage":"sv-SE","@id":"https:\/\/secure.gravatar.com\/avatar\/8fb8f0a216e627554da57506bfaf78d677f45512f24f703e185ec701423b1e92?s=96&d=mm&r=g","url":"https:\/\/secure.gravatar.com\/avatar\/8fb8f0a216e627554da57506bfaf78d677f45512f24f703e185ec701423b1e92?s=96&d=mm&r=g","contentUrl":"https:\/\/secure.gravatar.com\/avatar\/8fb8f0a216e627554da57506bfaf78d677f45512f24f703e185ec701423b1e92?s=96&d=mm&r=g","caption":"regionostergotland"},"url":"https:\/\/wp.kristdemokraterna.se\/regionostergotland\/author\/regionostergotland\/"}]}},"_links":{"self":[{"href":"https:\/\/wp.kristdemokraterna.se\/regionostergotland\/wp-json\/wp\/v2\/posts\/1917","targetHints":{"allow":["GET"]}}],"collection":[{"href":"https:\/\/wp.kristdemokraterna.se\/regionostergotland\/wp-json\/wp\/v2\/posts"}],"about":[{"href":"https:\/\/wp.kristdemokraterna.se\/regionostergotland\/wp-json\/wp\/v2\/types\/post"}],"author":[{"embeddable":true,"href":"https:\/\/wp.kristdemokraterna.se\/regionostergotland\/wp-json\/wp\/v2\/users\/737"}],"replies":[{"embeddable":true,"href":"https:\/\/wp.kristdemokraterna.se\/regionostergotland\/wp-json\/wp\/v2\/comments?post=1917"}],"version-history":[{"count":1,"href":"https:\/\/wp.kristdemokraterna.se\/regionostergotland\/wp-json\/wp\/v2\/posts\/1917\/revisions"}],"predecessor-version":[{"id":1919,"href":"https:\/\/wp.kristdemokraterna.se\/regionostergotland\/wp-json\/wp\/v2\/posts\/1917\/revisions\/1919"}],"wp:attachment":[{"href":"https:\/\/wp.kristdemokraterna.se\/regionostergotland\/wp-json\/wp\/v2\/media?parent=1917"}],"wp:term":[{"taxonomy":"category","embeddable":true,"href":"https:\/\/wp.kristdemokraterna.se\/regionostergotland\/wp-json\/wp\/v2\/categories?post=1917"},{"taxonomy":"post_tag","embeddable":true,"href":"https:\/\/wp.kristdemokraterna.se\/regionostergotland\/wp-json\/wp\/v2\/tags?post=1917"}],"curies":[{"name":"wp","href":"https:\/\/api.w.org\/{rel}","templated":true}]}}