{"id":1920,"date":"2022-05-25T11:31:32","date_gmt":"2022-05-25T09:31:32","guid":{"rendered":"https:\/\/wp.kristdemokraterna.se\/regionostergotland\/?p=1920"},"modified":"2022-05-25T11:31:32","modified_gmt":"2022-05-25T09:31:32","slug":"nyhetsbrev-vecka-21-4","status":"publish","type":"post","link":"https:\/\/wp.kristdemokraterna.se\/regionostergotland\/nyhetsbrev-vecka-21-4\/","title":{"rendered":"Nyhetsbrev vecka 21"},"content":{"rendered":"<p>Hej!<\/p>\n<p>Det \u00e4r onsdag och redan dags att skicka ut veckans nyhetsbrev, d\u00e5 en l\u00e5nghelg st\u00e5r f\u00f6r d\u00f6rren. Trots att veckan bara inneh\u00e5llit tre arbetsdagar, har mycket hunnits med, och n\u00e5got av det som h\u00e4nt och skett kommer h\u00e4r i kortform i veckans nyhetsbrev. Trevlig l\u00e4sning!<!--more--><\/p>\n<p><strong>Kristdemokraterna kampanjade p\u00e5 Motala Expo<\/strong><br \/>\nI l\u00f6rdags fanns Kristdemokraterna i Motala p\u00e5 den stora m\u00e4ssan Motala Expo i V\u00e4tternrundan Arena. Jag var inbjuden att finnas med fr\u00e5n regional niv\u00e5. Roligt att m\u00f6ta v\u00e4ljare med kristdemokratisk politik i den egna montern, men ocks\u00e5 trevligt att f\u00e5 tillf\u00e4lle att g\u00e5 runt p\u00e5 m\u00e4ssan och prata med olika f\u00f6retag och organisationer verksamma lokalt och regionalt.<\/p>\n<p><strong>M\u00e5ndagsm\u00f6te med budgetarbete och regiondirekt\u00f6rsbes\u00f6k<\/strong><br \/>\nDet \u00e4r nu inte l\u00e5ngt kvar till att det gemensamma f\u00f6rslaget till Tre\u00e5rsbudget 2023-2025 fr\u00e5n Kristdemokraterna och Moderaterna ska vara klart. Vid veckans m\u00e5ndagsm\u00f6te gjorde vi \u00e4nnu en ordentlig genomg\u00e5ng av aktuell version av f\u00f6rslaget. Finns mycket bra politik, som f\u00f6rhoppningsvis ocks\u00e5 blir regionens politik efter valet\u2026 P\u00e5 m\u00e5ndagsm\u00f6tet g\u00e4stades vi ocks\u00e5 som vanligt av regiondirekt\u00f6r Krister Bj\u00f6rkegren, som informerade om olika aktuella fr\u00e5gor, bl.a. att det i maj m\u00e5nad inte har blivit n\u00e5gon \u00f6kning av antal smittade med Covid-19 som tidigare prognostiserats. D\u00e4remot ser det fortsatt mycket kritiskt ut att klara personalbemanningen i v\u00e5rden under sommaren.<\/p>\n<p><strong>Studiebes\u00f6k p\u00e5 Vadstena v\u00e5rdcentral<\/strong><br \/>\nI m\u00e5ndags fick vi bes\u00f6k h\u00e4r i \u00d6sterg\u00f6tland fr\u00e5n Kristdemokraternas partiledare Ebba Busch och socialutskottets ordf\u00f6rande Acko Ankarberg Johansson. P\u00e5 programmet stod bl.a. tv\u00e5 studiebes\u00f6k i Region \u00d6sterg\u00f6tlands verksamheter i Vadstena. F\u00f6rst ut var ett studiebes\u00f6k p\u00e5 v\u00e5rdcentralen, d\u00e4r Ebba, Acko och jag fick h\u00f6ra om hur v\u00e5rdcentralen arbetat framg\u00e5ngsrikt med vaccineringen mot Covid-19 och n\u00e5tt b\u00e4st resultat i landet!<\/p>\n<p><strong>Studiebes\u00f6k p\u00e5 R\u00e4ttspsykiatriska regionkliniken i Vadstena<\/strong><br \/>\nN\u00e4sta studiebes\u00f6k under m\u00e5ndagseftermiddagen var p\u00e5 R\u00e4ttspsykiatriska regionkliniken, d\u00e4r Acko Ankarberg Johansson och jag fick en gedigen genomg\u00e5ng av verksamheten i den nybyggda kliniken. S\u00e5v\u00e4l verksamhetschef Christina Blom, som flera av hennes medarbetare; chefs\u00f6verl\u00e4kare Erik Nilz\u00e9n, FoU-samordnare Sara Levin, v\u00e5rdutvecklare Jenny \u00c5slund och kurator Sara Karlsson, ber\u00e4ttade inspirerande om verksamheten, framg\u00e5ngar och utmaningar.<\/p>\n<p><strong>Sverigesnack med Ebba och Acko i Vadstena<\/strong><br \/>\nP\u00e5 m\u00e5ndagskv\u00e4llen, efter eftermiddagens studiebes\u00f6k, bj\u00f6d Kristdemokraterna in till \u201dSverigesnack\u201d p\u00e5 restaurangen Borgm\u00e4staren i Vadstena, med medverkan av Ebba Busch och Acko Ankarberg Johansson. Lokalen blev v\u00e4lfylld av intresserade som fick lyssna p\u00e5 n\u00e5gra av Kristdemokraternas prioriterade fr\u00e5gor inf\u00f6r det stundande valet.<\/p>\n<p><strong>Sammantr\u00e4de med Politiska ledningsgruppen<\/strong><br \/>\nIg\u00e5r tisdag sammantr\u00e4dde regionens politiska ledningsgrupp. F\u00f6rsta delen av m\u00f6tet \u00e4gnades \u00e5t en omfattande genomg\u00e5ng av olika fr\u00e5gor kopplade till h\u00e4lso- och sjukv\u00e5rdens beredskap, dels nul\u00e4get kring regionens agerande med anledning av kriget i Ukraina, dels genomg\u00e5ng av tv\u00e5 aktuella statliga utredningar; Struktur f\u00f6r \u00f6kad motst\u00e5ndskraft och H\u00e4lso- och sjukv\u00e5rdens beredskap. Rickard Lundin, chef f\u00f6r Katastrofmedicinskt centrum och Eva Bengtsson, beredskaps\u00f6verl\u00e4kare, gick igenom \u00e4rendet, liksom fr\u00e5gan om en revidering av regionens egen kris- och katastrofberedskapsplan. PLG fortsatte ocks\u00e5 diskussionen om politisk organisation f\u00f6r n\u00e4sta mandatperiod, utifr\u00e5n de gruppledar\u00f6verl\u00e4ggningar som \u00e4gt rum den senaste tiden. \u00c4ven plan f\u00f6r genomf\u00f6rande av den i oktober beslutade regionala utvecklingsstrategin och aktuellt ekonomiskt l\u00e4ge, informerades om.<\/p>\n<p><strong>F\u00f6rm\u00f6te inf\u00f6r kommande v\u00e5rddebatt<\/strong><br \/>\nIdag onsdag inleddes dagen med ett tidigt morgonm\u00f6te med L\u00e4kemedelsindustrif\u00f6reningen (Lif) f\u00f6r avst\u00e4mning inf\u00f6r den regionala debatt om \u201dV\u00e5rdens viktiga v\u00e4gval\u201d som de arrangerar i n\u00e4sta vecka, d\u00e4r Kaisa Karro (S), Kerstin Sj\u00f6berg (C), Marie Morell (M) och jag ska delta fr\u00e5n regionpolitiken. Debatten som kommer att visas digitalt i Lifs kanaler, s\u00e4nds fr\u00e5n Konsert &amp; Kongress i Link\u00f6ping, och p\u00e5 f\u00f6rm\u00f6tet gick vi igenom s\u00e5v\u00e4l praktiska fr\u00e5gor som det t\u00e4nkta inneh\u00e5llet.<\/p>\n<p><strong>Strategim\u00f6te om regional kultur<\/strong><br \/>\nOnsdagen fortsatte med ett strategim\u00f6te mellan regionutvecklingsn\u00e4mndens presidium och kulturchef Rikard \u00c5slund, kring en rad fr\u00e5gor inom det kulturpolitiska omr\u00e5det som v\u00e4ntar det n\u00e4rmaste \u00e5ret, b\u00e5de p\u00e5 kort och l\u00e5ng sikt. Bland annat lyftes planeringen f\u00f6r den kommande processen att ta fram ny kulturplan f\u00f6r Region \u00d6sterg\u00f6tland, som slutligt ska beslutas i regionfullm\u00e4ktige h\u00f6sten 2023, liksom det p\u00e5g\u00e5ende samg\u00e5endet mellan \u00d6stg\u00f6tamusiken och Scenkonst \u00d6st. En del av m\u00f6tet deltog ocks\u00e5 Mattias Ahl\u00e9n, filmutvecklare, f\u00f6r att dryfta aktuella fr\u00e5gor inom filmomr\u00e5det.<\/p>\n<p><strong>Presidiem\u00f6te med regionutvecklingsn\u00e4mndens presidium<\/strong><br \/>\nIdag har det ocks\u00e5 hunnits med ett presidiem\u00f6te med regionutvecklingsn\u00e4mndens presidium. Bland annat diskuterades uppl\u00e4gg f\u00f6r kommande n\u00e4mndsammantr\u00e4den och hur \u00e5rsplanen f\u00f6r n\u00e4mnden f\u00f6r n\u00e4sta \u00e5r ska tas fram (med tanke p\u00e5 att det kan h\u00e4nda saker i valet\u2026). Hur vi organisatoriskt kan st\u00e4rka samverkan mellan regionens skolor; Naturbruksgymnasiet och Lunnevads folkh\u00f6gskola, diskuterades ocks\u00e5.<\/p>\n<p>I en minst sagt arbetsintensiv tid, kan det vara passande med en l\u00e5nghelg, som ger lite mer m\u00f6jlighet till avkoppling. Hoppas att ni alla f\u00e5r en riktigt trevlig Kristi Himmelsf\u00e4rdshelg!<\/p>\n","protected":false},"excerpt":{"rendered":"<p>Hej! Det \u00e4r onsdag och redan dags att skicka ut veckans nyhetsbrev, d\u00e5 en l\u00e5nghelg st\u00e5r f\u00f6r d\u00f6rren. Trots att veckan bara inneh\u00e5llit tre arbetsdagar, har mycket hunnits med, och n\u00e5got av det som h\u00e4nt och skett kommer h\u00e4r i kortform i veckans nyhetsbrev. Trevlig l\u00e4sning!<\/p>\n","protected":false},"author":737,"featured_media":0,"comment_status":"closed","ping_status":"closed","sticky":false,"template":"","format":"standard","meta":{"_acf_changed":false,"footnotes":""},"categories":[1],"tags":[],"class_list":["post-1920","post","type-post","status-publish","format-standard","hentry","category-nyheter"],"acf":[],"yoast_head":"<!-- This site is optimized with the Yoast SEO plugin v27.5 - https:\/\/yoast.com\/product\/yoast-seo-wordpress\/ -->\n<title>Nyhetsbrev vecka 21 - i Region \u00d6sterg\u00f6tland<\/title>\n<meta name=\"robots\" content=\"index, follow, max-snippet:-1, max-image-preview:large, max-video-preview:-1\" \/>\n<link rel=\"canonical\" href=\"https:\/\/wp.kristdemokraterna.se\/regionostergotland\/nyhetsbrev-vecka-21-4\/\" \/>\n<meta property=\"og:locale\" content=\"sv_SE\" \/>\n<meta property=\"og:type\" content=\"article\" \/>\n<meta property=\"og:title\" content=\"Nyhetsbrev vecka 21 - i Region \u00d6sterg\u00f6tland\" \/>\n<meta property=\"og:description\" content=\"Hej! Det \u00e4r onsdag och redan dags att skicka ut veckans nyhetsbrev, d\u00e5 en l\u00e5nghelg st\u00e5r f\u00f6r d\u00f6rren. Trots att veckan bara inneh\u00e5llit tre arbetsdagar, har mycket hunnits med, och n\u00e5got av det som h\u00e4nt och skett kommer h\u00e4r i kortform i veckans nyhetsbrev. Trevlig l\u00e4sning!\" \/>\n<meta property=\"og:url\" content=\"https:\/\/wp.kristdemokraterna.se\/regionostergotland\/nyhetsbrev-vecka-21-4\/\" \/>\n<meta property=\"og:site_name\" content=\"i Region \u00d6sterg\u00f6tland\" \/>\n<meta property=\"article:published_time\" content=\"2022-05-25T09:31:32+00:00\" \/>\n<meta property=\"og:image\" content=\"http:\/\/wp.kristdemokraterna.se\/regionostergotland\/files\/2022\/05\/bild-nyhetsbrev-2022-vecka-21-1024x533.jpg\" \/>\n\t<meta property=\"og:image:width\" content=\"1024\" \/>\n\t<meta property=\"og:image:height\" content=\"533\" \/>\n\t<meta property=\"og:image:type\" content=\"image\/jpeg\" \/>\n<meta name=\"author\" content=\"regionostergotland\" \/>\n<meta name=\"twitter:card\" content=\"summary_large_image\" \/>\n<meta name=\"twitter:label1\" content=\"Skriven av\" \/>\n\t<meta name=\"twitter:data1\" content=\"regionostergotland\" \/>\n\t<meta name=\"twitter:label2\" content=\"Ber\u00e4knad l\u00e4stid\" \/>\n\t<meta name=\"twitter:data2\" content=\"5 minuter\" \/>\n<script type=\"application\/ld+json\" class=\"yoast-schema-graph\">{\"@context\":\"https:\\\/\\\/schema.org\",\"@graph\":[{\"@type\":\"Article\",\"@id\":\"https:\\\/\\\/wp.kristdemokraterna.se\\\/regionostergotland\\\/nyhetsbrev-vecka-21-4\\\/#article\",\"isPartOf\":{\"@id\":\"https:\\\/\\\/wp.kristdemokraterna.se\\\/regionostergotland\\\/nyhetsbrev-vecka-21-4\\\/\"},\"author\":{\"name\":\"regionostergotland\",\"@id\":\"https:\\\/\\\/wp.kristdemokraterna.se\\\/regionostergotland\\\/#\\\/schema\\\/person\\\/74c3c4f502fcc489722a7be0dfe0088c\"},\"headline\":\"Nyhetsbrev vecka 21\",\"datePublished\":\"2022-05-25T09:31:32+00:00\",\"mainEntityOfPage\":{\"@id\":\"https:\\\/\\\/wp.kristdemokraterna.se\\\/regionostergotland\\\/nyhetsbrev-vecka-21-4\\\/\"},\"wordCount\":928,\"articleSection\":[\"Nyheter\"],\"inLanguage\":\"sv-SE\"},{\"@type\":\"WebPage\",\"@id\":\"https:\\\/\\\/wp.kristdemokraterna.se\\\/regionostergotland\\\/nyhetsbrev-vecka-21-4\\\/\",\"url\":\"https:\\\/\\\/wp.kristdemokraterna.se\\\/regionostergotland\\\/nyhetsbrev-vecka-21-4\\\/\",\"name\":\"Nyhetsbrev vecka 21 - i Region \u00d6sterg\u00f6tland\",\"isPartOf\":{\"@id\":\"https:\\\/\\\/wp.kristdemokraterna.se\\\/regionostergotland\\\/#website\"},\"datePublished\":\"2022-05-25T09:31:32+00:00\",\"author\":{\"@id\":\"https:\\\/\\\/wp.kristdemokraterna.se\\\/regionostergotland\\\/#\\\/schema\\\/person\\\/74c3c4f502fcc489722a7be0dfe0088c\"},\"breadcrumb\":{\"@id\":\"https:\\\/\\\/wp.kristdemokraterna.se\\\/regionostergotland\\\/nyhetsbrev-vecka-21-4\\\/#breadcrumb\"},\"inLanguage\":\"sv-SE\",\"potentialAction\":[{\"@type\":\"ReadAction\",\"target\":[\"https:\\\/\\\/wp.kristdemokraterna.se\\\/regionostergotland\\\/nyhetsbrev-vecka-21-4\\\/\"]}]},{\"@type\":\"BreadcrumbList\",\"@id\":\"https:\\\/\\\/wp.kristdemokraterna.se\\\/regionostergotland\\\/nyhetsbrev-vecka-21-4\\\/#breadcrumb\",\"itemListElement\":[{\"@type\":\"ListItem\",\"position\":1,\"name\":\"Hem\",\"item\":\"https:\\\/\\\/wp.kristdemokraterna.se\\\/regionostergotland\\\/\"},{\"@type\":\"ListItem\",\"position\":2,\"name\":\"Nyhetsbrev vecka 21\"}]},{\"@type\":\"WebSite\",\"@id\":\"https:\\\/\\\/wp.kristdemokraterna.se\\\/regionostergotland\\\/#website\",\"url\":\"https:\\\/\\\/wp.kristdemokraterna.se\\\/regionostergotland\\\/\",\"name\":\"i Region \u00d6sterg\u00f6tland\",\"description\":\"\",\"inLanguage\":\"sv-SE\"},{\"@type\":\"Person\",\"@id\":\"https:\\\/\\\/wp.kristdemokraterna.se\\\/regionostergotland\\\/#\\\/schema\\\/person\\\/74c3c4f502fcc489722a7be0dfe0088c\",\"name\":\"regionostergotland\",\"image\":{\"@type\":\"ImageObject\",\"inLanguage\":\"sv-SE\",\"@id\":\"https:\\\/\\\/secure.gravatar.com\\\/avatar\\\/8fb8f0a216e627554da57506bfaf78d677f45512f24f703e185ec701423b1e92?s=96&d=mm&r=g\",\"url\":\"https:\\\/\\\/secure.gravatar.com\\\/avatar\\\/8fb8f0a216e627554da57506bfaf78d677f45512f24f703e185ec701423b1e92?s=96&d=mm&r=g\",\"contentUrl\":\"https:\\\/\\\/secure.gravatar.com\\\/avatar\\\/8fb8f0a216e627554da57506bfaf78d677f45512f24f703e185ec701423b1e92?s=96&d=mm&r=g\",\"caption\":\"regionostergotland\"},\"url\":\"https:\\\/\\\/wp.kristdemokraterna.se\\\/regionostergotland\\\/author\\\/regionostergotland\\\/\"}]}<\/script>\n<!-- \/ Yoast SEO plugin. -->","yoast_head_json":{"title":"Nyhetsbrev vecka 21 - i Region \u00d6sterg\u00f6tland","robots":{"index":"index","follow":"follow","max-snippet":"max-snippet:-1","max-image-preview":"max-image-preview:large","max-video-preview":"max-video-preview:-1"},"canonical":"https:\/\/wp.kristdemokraterna.se\/regionostergotland\/nyhetsbrev-vecka-21-4\/","og_locale":"sv_SE","og_type":"article","og_title":"Nyhetsbrev vecka 21 - i Region \u00d6sterg\u00f6tland","og_description":"Hej! Det \u00e4r onsdag och redan dags att skicka ut veckans nyhetsbrev, d\u00e5 en l\u00e5nghelg st\u00e5r f\u00f6r d\u00f6rren. Trots att veckan bara inneh\u00e5llit tre arbetsdagar, har mycket hunnits med, och n\u00e5got av det som h\u00e4nt och skett kommer h\u00e4r i kortform i veckans nyhetsbrev. Trevlig l\u00e4sning!","og_url":"https:\/\/wp.kristdemokraterna.se\/regionostergotland\/nyhetsbrev-vecka-21-4\/","og_site_name":"i Region \u00d6sterg\u00f6tland","article_published_time":"2022-05-25T09:31:32+00:00","og_image":[{"width":1024,"height":533,"url":"http:\/\/wp.kristdemokraterna.se\/regionostergotland\/files\/2022\/05\/bild-nyhetsbrev-2022-vecka-21-1024x533.jpg","type":"image\/jpeg"}],"author":"regionostergotland","twitter_card":"summary_large_image","twitter_misc":{"Skriven av":"regionostergotland","Ber\u00e4knad l\u00e4stid":"5 minuter"},"schema":{"@context":"https:\/\/schema.org","@graph":[{"@type":"Article","@id":"https:\/\/wp.kristdemokraterna.se\/regionostergotland\/nyhetsbrev-vecka-21-4\/#article","isPartOf":{"@id":"https:\/\/wp.kristdemokraterna.se\/regionostergotland\/nyhetsbrev-vecka-21-4\/"},"author":{"name":"regionostergotland","@id":"https:\/\/wp.kristdemokraterna.se\/regionostergotland\/#\/schema\/person\/74c3c4f502fcc489722a7be0dfe0088c"},"headline":"Nyhetsbrev vecka 21","datePublished":"2022-05-25T09:31:32+00:00","mainEntityOfPage":{"@id":"https:\/\/wp.kristdemokraterna.se\/regionostergotland\/nyhetsbrev-vecka-21-4\/"},"wordCount":928,"articleSection":["Nyheter"],"inLanguage":"sv-SE"},{"@type":"WebPage","@id":"https:\/\/wp.kristdemokraterna.se\/regionostergotland\/nyhetsbrev-vecka-21-4\/","url":"https:\/\/wp.kristdemokraterna.se\/regionostergotland\/nyhetsbrev-vecka-21-4\/","name":"Nyhetsbrev vecka 21 - i Region \u00d6sterg\u00f6tland","isPartOf":{"@id":"https:\/\/wp.kristdemokraterna.se\/regionostergotland\/#website"},"datePublished":"2022-05-25T09:31:32+00:00","author":{"@id":"https:\/\/wp.kristdemokraterna.se\/regionostergotland\/#\/schema\/person\/74c3c4f502fcc489722a7be0dfe0088c"},"breadcrumb":{"@id":"https:\/\/wp.kristdemokraterna.se\/regionostergotland\/nyhetsbrev-vecka-21-4\/#breadcrumb"},"inLanguage":"sv-SE","potentialAction":[{"@type":"ReadAction","target":["https:\/\/wp.kristdemokraterna.se\/regionostergotland\/nyhetsbrev-vecka-21-4\/"]}]},{"@type":"BreadcrumbList","@id":"https:\/\/wp.kristdemokraterna.se\/regionostergotland\/nyhetsbrev-vecka-21-4\/#breadcrumb","itemListElement":[{"@type":"ListItem","position":1,"name":"Hem","item":"https:\/\/wp.kristdemokraterna.se\/regionostergotland\/"},{"@type":"ListItem","position":2,"name":"Nyhetsbrev vecka 21"}]},{"@type":"WebSite","@id":"https:\/\/wp.kristdemokraterna.se\/regionostergotland\/#website","url":"https:\/\/wp.kristdemokraterna.se\/regionostergotland\/","name":"i Region \u00d6sterg\u00f6tland","description":"","inLanguage":"sv-SE"},{"@type":"Person","@id":"https:\/\/wp.kristdemokraterna.se\/regionostergotland\/#\/schema\/person\/74c3c4f502fcc489722a7be0dfe0088c","name":"regionostergotland","image":{"@type":"ImageObject","inLanguage":"sv-SE","@id":"https:\/\/secure.gravatar.com\/avatar\/8fb8f0a216e627554da57506bfaf78d677f45512f24f703e185ec701423b1e92?s=96&d=mm&r=g","url":"https:\/\/secure.gravatar.com\/avatar\/8fb8f0a216e627554da57506bfaf78d677f45512f24f703e185ec701423b1e92?s=96&d=mm&r=g","contentUrl":"https:\/\/secure.gravatar.com\/avatar\/8fb8f0a216e627554da57506bfaf78d677f45512f24f703e185ec701423b1e92?s=96&d=mm&r=g","caption":"regionostergotland"},"url":"https:\/\/wp.kristdemokraterna.se\/regionostergotland\/author\/regionostergotland\/"}]}},"_links":{"self":[{"href":"https:\/\/wp.kristdemokraterna.se\/regionostergotland\/wp-json\/wp\/v2\/posts\/1920","targetHints":{"allow":["GET"]}}],"collection":[{"href":"https:\/\/wp.kristdemokraterna.se\/regionostergotland\/wp-json\/wp\/v2\/posts"}],"about":[{"href":"https:\/\/wp.kristdemokraterna.se\/regionostergotland\/wp-json\/wp\/v2\/types\/post"}],"author":[{"embeddable":true,"href":"https:\/\/wp.kristdemokraterna.se\/regionostergotland\/wp-json\/wp\/v2\/users\/737"}],"replies":[{"embeddable":true,"href":"https:\/\/wp.kristdemokraterna.se\/regionostergotland\/wp-json\/wp\/v2\/comments?post=1920"}],"version-history":[{"count":1,"href":"https:\/\/wp.kristdemokraterna.se\/regionostergotland\/wp-json\/wp\/v2\/posts\/1920\/revisions"}],"predecessor-version":[{"id":1922,"href":"https:\/\/wp.kristdemokraterna.se\/regionostergotland\/wp-json\/wp\/v2\/posts\/1920\/revisions\/1922"}],"wp:attachment":[{"href":"https:\/\/wp.kristdemokraterna.se\/regionostergotland\/wp-json\/wp\/v2\/media?parent=1920"}],"wp:term":[{"taxonomy":"category","embeddable":true,"href":"https:\/\/wp.kristdemokraterna.se\/regionostergotland\/wp-json\/wp\/v2\/categories?post=1920"},{"taxonomy":"post_tag","embeddable":true,"href":"https:\/\/wp.kristdemokraterna.se\/regionostergotland\/wp-json\/wp\/v2\/tags?post=1920"}],"curies":[{"name":"wp","href":"https:\/\/api.w.org\/{rel}","templated":true}]}}