{"id":1923,"date":"2022-06-03T12:41:33","date_gmt":"2022-06-03T10:41:33","guid":{"rendered":"https:\/\/wp.kristdemokraterna.se\/regionostergotland\/?p=1923"},"modified":"2022-06-03T12:41:33","modified_gmt":"2022-06-03T10:41:33","slug":"kristdemokraternas-forslag-att-aterinfora-busslinje-432-rostades-ned","status":"publish","type":"post","link":"https:\/\/wp.kristdemokraterna.se\/regionostergotland\/kristdemokraternas-forslag-att-aterinfora-busslinje-432-rostades-ned\/","title":{"rendered":"Kristdemokraternas f\u00f6rslag att \u00e5terinf\u00f6ra busslinje 432 r\u00f6stades ned"},"content":{"rendered":"<p><strong>Vid trafik- och samh\u00e4llsplaneringsn\u00e4mndens (TSN) m\u00f6te den 2 juni l\u00e4mnade Kristdemokraterna ett n\u00e4mndinitiativ. F\u00f6rslaget var att snabbutreda m\u00f6jligheten att \u00e5terinf\u00f6ra busslinje 432 fr\u00e5n Krokek till Norrk\u00f6ping. Tyv\u00e4rr sade Koalition f\u00f6r \u00d6sterg\u00f6tland blankt nej till detta.<\/strong><\/p>\n<p>Busslinje 432 passerar idag Strandv\u00e4gen i Krokek\/Kolm\u00e5rden p\u00e5 v\u00e4g till och fr\u00e5n Norrk\u00f6ping, men f\u00f6rsvinner den 13 juni. Fr\u00e5n 20 avg\u00e5ngar dagligen kommer fram\u00f6ver inga avg\u00e5ngar att g\u00e5. Det inneb\u00e4r att de som idag anv\u00e4nder bussen tvingas \u00f6verg\u00e5 till att f\u00e4rdas med bil eller g\u00e5 upp till 8 km till n\u00e4rmaste h\u00e5llplats. Det \u00e4r ocks\u00e5 en v\u00e4g d\u00e4r det \u00e4r sv\u00e5rt att s\u00e4kert kunna g\u00e5 och cykla f\u00f6r att ta sig till centrala Krokek.<\/p>\n<p><em>&#8211; Vi var med och fattade beslut om f\u00f6r\u00e4ndring av linje 432. Tyv\u00e4rr \u00e4r det inte alltid som politiska beslut blir helt r\u00e4tt. D\u00e4rf\u00f6r \u00e4r det viktigt att politiken v\u00e5gar g\u00f6ra omtag och lyssna p\u00e5 de som p\u00e5verkas av v\u00e5ra beslut, s\u00e4ger Jonni Harrius (KD), ledamot trafik- och samh\u00e4llsplaneringsn\u00e4mnden.<\/em><\/p>\n<p><em>\u00a0<\/em><em>&#8211; Det h\u00e4r inneb\u00e4r bland annat att jobbpendlare utan k\u00f6rkort inte kan ta sig till jobbet, sommarjobbare kan inte ta sig till eller fr\u00e5n till exempel Villa Fridhem, familjer beh\u00f6ver tv\u00e5 bilar f\u00f6r att klara logistiken och en \u00f6kad trafik p\u00e5 Strandv\u00e4gen kommer p\u00e5verka trafiks\u00e4kerheten, forts\u00e4tter Jonni.<\/em><\/p>\n<p>Kristdemokraternas f\u00f6rslag innebar att genomf\u00f6ra en snabbutredning i syfte att m\u00f6jligg\u00f6ra linjetrafik med linje 432 fr\u00e5n Krokek till Norrk\u00f6ping fr\u00e5n terminsstart h\u00f6stterminen 2022. Initiativet fick st\u00f6d fr\u00e5n b\u00e5de Moderaterna och Sverigedemokraterna. Men d\u00e5 V\u00e4nsterpartiet lade ned sin r\u00f6st avgjorde Koalition f\u00f6r \u00d6sterg\u00f6tland \u00e4rendet, genom ordf\u00f6randes utslagsr\u00f6st, och f\u00f6rslaget r\u00f6stades ned.<\/p>\n<p>Onsdagen den 1 juni tr\u00e4ffade Per Larsson och Eva-Britt Sj\u00f6berg ett 20-tal av de boende vid Strandv\u00e4gen och lyssnade p\u00e5 de konsekvenser som indragning f\u00e5r.<\/p>\n<p><em>\u00a0<\/em><em>&#8211; F\u00f6r mindre \u00e4n en m\u00e5nad sedan lyckades oppositionen, best\u00e5ende av Kristdemokraterna och Moderaterna, driva p\u00e5 f\u00f6r att \u00e4ndra beslutet om nedl\u00e4ggning av busslinje 482 i V\u00e5nga. D\u00e5 meddelade Koalition f\u00f6r \u00d6sterg\u00f6tland att de kommer \u00e5terinf\u00f6ra linjen, om \u00e4n i begr\u00e4nsad omfattning. Men den h\u00e4r g\u00e5ngen var de inte lyh\u00f6rda, s\u00e4ger Per Larsson, oppositionsr\u00e5d och gruppledare.<\/em><\/p>\n<p><em>&#8211; Det \u00e4r onekligen m\u00e4rkligt att g\u00e5 fr\u00e5n 20 avg\u00e5ngar dagligen till 0 i ett omr\u00e5de d\u00e4r Norrk\u00f6pings kommun har gjort det m\u00f6jligt f\u00f6r m\u00e5nga nya bost\u00e4der. Det blir helt enkelt skevt n\u00e4r kommunen utvecklar omr\u00e5den och \u00d6stg\u00f6tatrafiken f\u00f6rs\u00e4mrar kollektivtrafiken. H\u00e4r beh\u00f6vs fram\u00f6ver en b\u00e4ttre dialog mellan regionen, kommunen och drabbade medborgare, avslutar Eva-Britt Sj\u00f6berg, kommunalr\u00e5d i Norrk\u00f6pings kommun.<\/em><\/p>\n<p><strong>F\u00f6r mer information<br \/>\n<\/strong>Jonni Harrius, ledamot i trafik- och samh\u00e4llsplaneringsn\u00e4mnden<br \/>\n0705-48 24 68<\/p>\n<p>Per Larsson, oppositionsr\u00e5d och gruppledare Region \u00d6sterg\u00f6tland<br \/>\n0702-88 21 34<\/p>\n<p>Eva-Britt Sj\u00f6berg, kommunalr\u00e5d i Norrk\u00f6pings kommun<br \/>\n0767-62 03 53<\/p>\n","protected":false},"excerpt":{"rendered":"<p>Vid trafik- och samh\u00e4llsplaneringsn\u00e4mndens (TSN) m\u00f6te den 2 juni l\u00e4mnade Kristdemokraterna ett n\u00e4mndinitiativ. F\u00f6rslaget var att snabbutreda m\u00f6jligheten att \u00e5terinf\u00f6ra busslinje 432 fr\u00e5n Krokek till Norrk\u00f6ping. Tyv\u00e4rr sade Koalition f\u00f6r \u00d6sterg\u00f6tland blankt nej till detta. Busslinje 432 passerar idag Strandv\u00e4gen i Krokek\/Kolm\u00e5rden p\u00e5 v\u00e4g till och fr\u00e5n Norrk\u00f6ping, men f\u00f6rsvinner den 13 juni. Fr\u00e5n 20 <a class=\"read-more-link\" href=\"https:\/\/wp.kristdemokraterna.se\/regionostergotland\/kristdemokraternas-forslag-att-aterinfora-busslinje-432-rostades-ned\/\">Read More<\/a><\/p>\n","protected":false},"author":737,"featured_media":0,"comment_status":"closed","ping_status":"closed","sticky":false,"template":"","format":"standard","meta":{"_acf_changed":false,"footnotes":""},"categories":[1],"tags":[],"class_list":["post-1923","post","type-post","status-publish","format-standard","hentry","category-nyheter"],"acf":[],"yoast_head":"<!-- This site is optimized with the Yoast SEO plugin v27.5 - https:\/\/yoast.com\/product\/yoast-seo-wordpress\/ -->\n<title>Kristdemokraternas f\u00f6rslag att \u00e5terinf\u00f6ra busslinje 432 r\u00f6stades ned - i Region \u00d6sterg\u00f6tland<\/title>\n<meta name=\"robots\" content=\"index, follow, max-snippet:-1, max-image-preview:large, max-video-preview:-1\" \/>\n<link rel=\"canonical\" href=\"https:\/\/wp.kristdemokraterna.se\/regionostergotland\/kristdemokraternas-forslag-att-aterinfora-busslinje-432-rostades-ned\/\" \/>\n<meta property=\"og:locale\" content=\"sv_SE\" \/>\n<meta property=\"og:type\" content=\"article\" \/>\n<meta property=\"og:title\" content=\"Kristdemokraternas f\u00f6rslag att \u00e5terinf\u00f6ra busslinje 432 r\u00f6stades ned - i Region \u00d6sterg\u00f6tland\" \/>\n<meta property=\"og:description\" content=\"Vid trafik- och samh\u00e4llsplaneringsn\u00e4mndens (TSN) m\u00f6te den 2 juni l\u00e4mnade Kristdemokraterna ett n\u00e4mndinitiativ. F\u00f6rslaget var att snabbutreda m\u00f6jligheten att \u00e5terinf\u00f6ra busslinje 432 fr\u00e5n Krokek till Norrk\u00f6ping. Tyv\u00e4rr sade Koalition f\u00f6r \u00d6sterg\u00f6tland blankt nej till detta. Busslinje 432 passerar idag Strandv\u00e4gen i Krokek\/Kolm\u00e5rden p\u00e5 v\u00e4g till och fr\u00e5n Norrk\u00f6ping, men f\u00f6rsvinner den 13 juni. Fr\u00e5n 20 Read More\" \/>\n<meta property=\"og:url\" content=\"https:\/\/wp.kristdemokraterna.se\/regionostergotland\/kristdemokraternas-forslag-att-aterinfora-busslinje-432-rostades-ned\/\" \/>\n<meta property=\"og:site_name\" content=\"i Region \u00d6sterg\u00f6tland\" \/>\n<meta property=\"article:published_time\" content=\"2022-06-03T10:41:33+00:00\" \/>\n<meta name=\"author\" content=\"regionostergotland\" \/>\n<meta name=\"twitter:card\" content=\"summary_large_image\" \/>\n<meta name=\"twitter:label1\" content=\"Skriven av\" \/>\n\t<meta name=\"twitter:data1\" content=\"regionostergotland\" \/>\n\t<meta name=\"twitter:label2\" content=\"Ber\u00e4knad l\u00e4stid\" \/>\n\t<meta name=\"twitter:data2\" content=\"3 minuter\" \/>\n<script type=\"application\/ld+json\" class=\"yoast-schema-graph\">{\"@context\":\"https:\\\/\\\/schema.org\",\"@graph\":[{\"@type\":\"Article\",\"@id\":\"https:\\\/\\\/wp.kristdemokraterna.se\\\/regionostergotland\\\/kristdemokraternas-forslag-att-aterinfora-busslinje-432-rostades-ned\\\/#article\",\"isPartOf\":{\"@id\":\"https:\\\/\\\/wp.kristdemokraterna.se\\\/regionostergotland\\\/kristdemokraternas-forslag-att-aterinfora-busslinje-432-rostades-ned\\\/\"},\"author\":{\"name\":\"regionostergotland\",\"@id\":\"https:\\\/\\\/wp.kristdemokraterna.se\\\/regionostergotland\\\/#\\\/schema\\\/person\\\/74c3c4f502fcc489722a7be0dfe0088c\"},\"headline\":\"Kristdemokraternas f\u00f6rslag att \u00e5terinf\u00f6ra busslinje 432 r\u00f6stades ned\",\"datePublished\":\"2022-06-03T10:41:33+00:00\",\"mainEntityOfPage\":{\"@id\":\"https:\\\/\\\/wp.kristdemokraterna.se\\\/regionostergotland\\\/kristdemokraternas-forslag-att-aterinfora-busslinje-432-rostades-ned\\\/\"},\"wordCount\":543,\"articleSection\":[\"Nyheter\"],\"inLanguage\":\"sv-SE\"},{\"@type\":\"WebPage\",\"@id\":\"https:\\\/\\\/wp.kristdemokraterna.se\\\/regionostergotland\\\/kristdemokraternas-forslag-att-aterinfora-busslinje-432-rostades-ned\\\/\",\"url\":\"https:\\\/\\\/wp.kristdemokraterna.se\\\/regionostergotland\\\/kristdemokraternas-forslag-att-aterinfora-busslinje-432-rostades-ned\\\/\",\"name\":\"Kristdemokraternas f\u00f6rslag att \u00e5terinf\u00f6ra busslinje 432 r\u00f6stades ned - i Region \u00d6sterg\u00f6tland\",\"isPartOf\":{\"@id\":\"https:\\\/\\\/wp.kristdemokraterna.se\\\/regionostergotland\\\/#website\"},\"datePublished\":\"2022-06-03T10:41:33+00:00\",\"author\":{\"@id\":\"https:\\\/\\\/wp.kristdemokraterna.se\\\/regionostergotland\\\/#\\\/schema\\\/person\\\/74c3c4f502fcc489722a7be0dfe0088c\"},\"breadcrumb\":{\"@id\":\"https:\\\/\\\/wp.kristdemokraterna.se\\\/regionostergotland\\\/kristdemokraternas-forslag-att-aterinfora-busslinje-432-rostades-ned\\\/#breadcrumb\"},\"inLanguage\":\"sv-SE\",\"potentialAction\":[{\"@type\":\"ReadAction\",\"target\":[\"https:\\\/\\\/wp.kristdemokraterna.se\\\/regionostergotland\\\/kristdemokraternas-forslag-att-aterinfora-busslinje-432-rostades-ned\\\/\"]}]},{\"@type\":\"BreadcrumbList\",\"@id\":\"https:\\\/\\\/wp.kristdemokraterna.se\\\/regionostergotland\\\/kristdemokraternas-forslag-att-aterinfora-busslinje-432-rostades-ned\\\/#breadcrumb\",\"itemListElement\":[{\"@type\":\"ListItem\",\"position\":1,\"name\":\"Hem\",\"item\":\"https:\\\/\\\/wp.kristdemokraterna.se\\\/regionostergotland\\\/\"},{\"@type\":\"ListItem\",\"position\":2,\"name\":\"Kristdemokraternas f\u00f6rslag att \u00e5terinf\u00f6ra busslinje 432 r\u00f6stades ned\"}]},{\"@type\":\"WebSite\",\"@id\":\"https:\\\/\\\/wp.kristdemokraterna.se\\\/regionostergotland\\\/#website\",\"url\":\"https:\\\/\\\/wp.kristdemokraterna.se\\\/regionostergotland\\\/\",\"name\":\"i Region \u00d6sterg\u00f6tland\",\"description\":\"\",\"inLanguage\":\"sv-SE\"},{\"@type\":\"Person\",\"@id\":\"https:\\\/\\\/wp.kristdemokraterna.se\\\/regionostergotland\\\/#\\\/schema\\\/person\\\/74c3c4f502fcc489722a7be0dfe0088c\",\"name\":\"regionostergotland\",\"image\":{\"@type\":\"ImageObject\",\"inLanguage\":\"sv-SE\",\"@id\":\"https:\\\/\\\/secure.gravatar.com\\\/avatar\\\/8fb8f0a216e627554da57506bfaf78d677f45512f24f703e185ec701423b1e92?s=96&d=mm&r=g\",\"url\":\"https:\\\/\\\/secure.gravatar.com\\\/avatar\\\/8fb8f0a216e627554da57506bfaf78d677f45512f24f703e185ec701423b1e92?s=96&d=mm&r=g\",\"contentUrl\":\"https:\\\/\\\/secure.gravatar.com\\\/avatar\\\/8fb8f0a216e627554da57506bfaf78d677f45512f24f703e185ec701423b1e92?s=96&d=mm&r=g\",\"caption\":\"regionostergotland\"},\"url\":\"https:\\\/\\\/wp.kristdemokraterna.se\\\/regionostergotland\\\/author\\\/regionostergotland\\\/\"}]}<\/script>\n<!-- \/ Yoast SEO plugin. -->","yoast_head_json":{"title":"Kristdemokraternas f\u00f6rslag att \u00e5terinf\u00f6ra busslinje 432 r\u00f6stades ned - i Region \u00d6sterg\u00f6tland","robots":{"index":"index","follow":"follow","max-snippet":"max-snippet:-1","max-image-preview":"max-image-preview:large","max-video-preview":"max-video-preview:-1"},"canonical":"https:\/\/wp.kristdemokraterna.se\/regionostergotland\/kristdemokraternas-forslag-att-aterinfora-busslinje-432-rostades-ned\/","og_locale":"sv_SE","og_type":"article","og_title":"Kristdemokraternas f\u00f6rslag att \u00e5terinf\u00f6ra busslinje 432 r\u00f6stades ned - i Region \u00d6sterg\u00f6tland","og_description":"Vid trafik- och samh\u00e4llsplaneringsn\u00e4mndens (TSN) m\u00f6te den 2 juni l\u00e4mnade Kristdemokraterna ett n\u00e4mndinitiativ. F\u00f6rslaget var att snabbutreda m\u00f6jligheten att \u00e5terinf\u00f6ra busslinje 432 fr\u00e5n Krokek till Norrk\u00f6ping. Tyv\u00e4rr sade Koalition f\u00f6r \u00d6sterg\u00f6tland blankt nej till detta. Busslinje 432 passerar idag Strandv\u00e4gen i Krokek\/Kolm\u00e5rden p\u00e5 v\u00e4g till och fr\u00e5n Norrk\u00f6ping, men f\u00f6rsvinner den 13 juni. Fr\u00e5n 20 Read More","og_url":"https:\/\/wp.kristdemokraterna.se\/regionostergotland\/kristdemokraternas-forslag-att-aterinfora-busslinje-432-rostades-ned\/","og_site_name":"i Region \u00d6sterg\u00f6tland","article_published_time":"2022-06-03T10:41:33+00:00","author":"regionostergotland","twitter_card":"summary_large_image","twitter_misc":{"Skriven av":"regionostergotland","Ber\u00e4knad l\u00e4stid":"3 minuter"},"schema":{"@context":"https:\/\/schema.org","@graph":[{"@type":"Article","@id":"https:\/\/wp.kristdemokraterna.se\/regionostergotland\/kristdemokraternas-forslag-att-aterinfora-busslinje-432-rostades-ned\/#article","isPartOf":{"@id":"https:\/\/wp.kristdemokraterna.se\/regionostergotland\/kristdemokraternas-forslag-att-aterinfora-busslinje-432-rostades-ned\/"},"author":{"name":"regionostergotland","@id":"https:\/\/wp.kristdemokraterna.se\/regionostergotland\/#\/schema\/person\/74c3c4f502fcc489722a7be0dfe0088c"},"headline":"Kristdemokraternas f\u00f6rslag att \u00e5terinf\u00f6ra busslinje 432 r\u00f6stades ned","datePublished":"2022-06-03T10:41:33+00:00","mainEntityOfPage":{"@id":"https:\/\/wp.kristdemokraterna.se\/regionostergotland\/kristdemokraternas-forslag-att-aterinfora-busslinje-432-rostades-ned\/"},"wordCount":543,"articleSection":["Nyheter"],"inLanguage":"sv-SE"},{"@type":"WebPage","@id":"https:\/\/wp.kristdemokraterna.se\/regionostergotland\/kristdemokraternas-forslag-att-aterinfora-busslinje-432-rostades-ned\/","url":"https:\/\/wp.kristdemokraterna.se\/regionostergotland\/kristdemokraternas-forslag-att-aterinfora-busslinje-432-rostades-ned\/","name":"Kristdemokraternas f\u00f6rslag att \u00e5terinf\u00f6ra busslinje 432 r\u00f6stades ned - i Region \u00d6sterg\u00f6tland","isPartOf":{"@id":"https:\/\/wp.kristdemokraterna.se\/regionostergotland\/#website"},"datePublished":"2022-06-03T10:41:33+00:00","author":{"@id":"https:\/\/wp.kristdemokraterna.se\/regionostergotland\/#\/schema\/person\/74c3c4f502fcc489722a7be0dfe0088c"},"breadcrumb":{"@id":"https:\/\/wp.kristdemokraterna.se\/regionostergotland\/kristdemokraternas-forslag-att-aterinfora-busslinje-432-rostades-ned\/#breadcrumb"},"inLanguage":"sv-SE","potentialAction":[{"@type":"ReadAction","target":["https:\/\/wp.kristdemokraterna.se\/regionostergotland\/kristdemokraternas-forslag-att-aterinfora-busslinje-432-rostades-ned\/"]}]},{"@type":"BreadcrumbList","@id":"https:\/\/wp.kristdemokraterna.se\/regionostergotland\/kristdemokraternas-forslag-att-aterinfora-busslinje-432-rostades-ned\/#breadcrumb","itemListElement":[{"@type":"ListItem","position":1,"name":"Hem","item":"https:\/\/wp.kristdemokraterna.se\/regionostergotland\/"},{"@type":"ListItem","position":2,"name":"Kristdemokraternas f\u00f6rslag att \u00e5terinf\u00f6ra busslinje 432 r\u00f6stades ned"}]},{"@type":"WebSite","@id":"https:\/\/wp.kristdemokraterna.se\/regionostergotland\/#website","url":"https:\/\/wp.kristdemokraterna.se\/regionostergotland\/","name":"i Region \u00d6sterg\u00f6tland","description":"","inLanguage":"sv-SE"},{"@type":"Person","@id":"https:\/\/wp.kristdemokraterna.se\/regionostergotland\/#\/schema\/person\/74c3c4f502fcc489722a7be0dfe0088c","name":"regionostergotland","image":{"@type":"ImageObject","inLanguage":"sv-SE","@id":"https:\/\/secure.gravatar.com\/avatar\/8fb8f0a216e627554da57506bfaf78d677f45512f24f703e185ec701423b1e92?s=96&d=mm&r=g","url":"https:\/\/secure.gravatar.com\/avatar\/8fb8f0a216e627554da57506bfaf78d677f45512f24f703e185ec701423b1e92?s=96&d=mm&r=g","contentUrl":"https:\/\/secure.gravatar.com\/avatar\/8fb8f0a216e627554da57506bfaf78d677f45512f24f703e185ec701423b1e92?s=96&d=mm&r=g","caption":"regionostergotland"},"url":"https:\/\/wp.kristdemokraterna.se\/regionostergotland\/author\/regionostergotland\/"}]}},"_links":{"self":[{"href":"https:\/\/wp.kristdemokraterna.se\/regionostergotland\/wp-json\/wp\/v2\/posts\/1923","targetHints":{"allow":["GET"]}}],"collection":[{"href":"https:\/\/wp.kristdemokraterna.se\/regionostergotland\/wp-json\/wp\/v2\/posts"}],"about":[{"href":"https:\/\/wp.kristdemokraterna.se\/regionostergotland\/wp-json\/wp\/v2\/types\/post"}],"author":[{"embeddable":true,"href":"https:\/\/wp.kristdemokraterna.se\/regionostergotland\/wp-json\/wp\/v2\/users\/737"}],"replies":[{"embeddable":true,"href":"https:\/\/wp.kristdemokraterna.se\/regionostergotland\/wp-json\/wp\/v2\/comments?post=1923"}],"version-history":[{"count":1,"href":"https:\/\/wp.kristdemokraterna.se\/regionostergotland\/wp-json\/wp\/v2\/posts\/1923\/revisions"}],"predecessor-version":[{"id":1925,"href":"https:\/\/wp.kristdemokraterna.se\/regionostergotland\/wp-json\/wp\/v2\/posts\/1923\/revisions\/1925"}],"wp:attachment":[{"href":"https:\/\/wp.kristdemokraterna.se\/regionostergotland\/wp-json\/wp\/v2\/media?parent=1923"}],"wp:term":[{"taxonomy":"category","embeddable":true,"href":"https:\/\/wp.kristdemokraterna.se\/regionostergotland\/wp-json\/wp\/v2\/categories?post=1923"},{"taxonomy":"post_tag","embeddable":true,"href":"https:\/\/wp.kristdemokraterna.se\/regionostergotland\/wp-json\/wp\/v2\/tags?post=1923"}],"curies":[{"name":"wp","href":"https:\/\/api.w.org\/{rel}","templated":true}]}}