{"id":1926,"date":"2022-06-03T17:40:19","date_gmt":"2022-06-03T15:40:19","guid":{"rendered":"https:\/\/wp.kristdemokraterna.se\/regionostergotland\/?p=1926"},"modified":"2022-06-03T17:40:19","modified_gmt":"2022-06-03T15:40:19","slug":"nyhetsbrev-vecka-22-5","status":"publish","type":"post","link":"https:\/\/wp.kristdemokraterna.se\/regionostergotland\/nyhetsbrev-vecka-22-5\/","title":{"rendered":"Nyhetsbrev vecka 22"},"content":{"rendered":"<p>Hej!<\/p>\n<p>Denna fredag skickar jag ut nyhetsbrevet fr\u00e5n Stockholm, d\u00e4r det idag har varit dialog mellan regionerna och regeringen om regionala utvecklingsfr\u00e5gor, som jag ber\u00e4ttar mer om l\u00e4ngre fram i nyhetsbrevet. I veckan kom SCB:s stora opinionsunders\u00f6kning, d\u00e4r Kristdemokraterna gl\u00e4djande gick fram\u00e5t till 5,2 procent. Jag minns motsvarande m\u00e4tning f\u00f6rra val\u00e5ret (2018), d\u00e4r siffran var 2,9. D\u00e4rf\u00f6r k\u00e4nns det f\u00f6rst\u00e5s nu betydligt b\u00e4ttre att g\u00e5 in i valr\u00f6relsen med b\u00e4ttre startsiffra \u00e4n f\u00f6r fyra \u00e5r sedan. Sedan \u00e4r det v\u00e5rt gemensamma jobb att \u00f6ka st\u00f6det ytterligare fram till valdagen! N\u00e5gra ytterligare nedslag i den regionpolitiska veckan kommer h\u00e4r i nyhetsbrevet. Trevlig l\u00e4sning!<\/p>\n<p><strong>M\u00e5ndagsm\u00f6te med fokus p\u00e5 h\u00f6gspecialiserad v\u00e5rd och sommarbemanning<\/strong><br \/>\nP\u00e5 veckans m\u00e5ndagsm\u00f6te med Kristdemokraterna och Moderaterna i regionen hade vi flera bes\u00f6k inbokade. F\u00f6rst ut var Johan D S\u00f6derholm, professor i kirurgi och medicinsk r\u00e5dgivare med \u00f6vergripande ansvar f\u00f6r nationell h\u00f6gspecialiserad v\u00e5rd inom Region \u00d6sterg\u00f6tland och Stefan Franz\u00e9n, medicinsk direkt\u00f6r, som redogjorde f\u00f6r det aktuella l\u00e4get n\u00e4r det g\u00e4ller tilldelningen av uppdrag inom nationellt h\u00f6gspecialiserad v\u00e5rd, vilka uppdrag regionen tilldelats och vilka nya tilldelningar som \u00e4r p\u00e5 g\u00e5ng. Det finns en hel del synpunkter p\u00e5 hur processerna fungerar n\u00e4r det g\u00e4ller f\u00f6rdelningen av nationellt h\u00f6gspecialiserad v\u00e5rd. N\u00e4sta g\u00e4st var Jessica Frisk, v\u00e5rddirekt\u00f6r, som redogjorde f\u00f6r hur bemanningsl\u00e4get i v\u00e5rden ser ut inf\u00f6r sommaren. Hon konstaterade att l\u00e4get \u00e4r mycket anstr\u00e4ngt och att den \u00f6stg\u00f6tska v\u00e5rden st\u00e5r inf\u00f6r den tuffaste sommaren hittills. Den tredje huvudg\u00e4sten var ekonomidirekt\u00f6r Josefin Bj\u00e4resten, som gick igenom de aktuella ekonomiska f\u00f6ruts\u00e4ttningarna inf\u00f6r slutf\u00f6randet av v\u00e5rt gemensamma f\u00f6rslag till Tre\u00e5rsbudget 2023-2025 fr\u00e5n Kristdemokraterna och Moderaterna. M\u00e5ndagsm\u00f6tet g\u00e4stades ocks\u00e5 av regiondirekt\u00f6r Krister Bj\u00f6rkegren, h\u00e4lso- och sjukv\u00e5rdsdirekt\u00f6r Lena Lundgren, regionutvecklingsdirekt\u00f6r Richard Wid\u00e9n och regiondirekt\u00f6rens strateg Ellinor Komarek.<\/p>\n<p><strong>Regional valdebatt: V\u00e5rdens viktiga v\u00e4gval<\/strong><br \/>\nI tisdags eftermiddag bj\u00f6d Lif, L\u00e4kemedelsindustrif\u00f6reningen, in till en regional debatt i \u00d6sterg\u00f6tland under vinjetten V\u00e5rdens Viktiga V\u00e4gval. Lif arrangerar n\u00e5gra regionala debatter p\u00e5 olika h\u00e5ll i landet, och i tisdags hade allts\u00e5 turen kommit till \u00d6sterg\u00f6tland. Fyra partier var inbjudna och representerades av sina gruppledare i regionen; Kaisa Karro (S), Kerstin Sj\u00f6berg (C), Marie Morell (M) och undertecknad fr\u00e5n Kristdemokraterna. Dessutom inneh\u00f6ll debatten inspel fr\u00e5n Emma Klingvall, avdelningsordf\u00f6rande f\u00f6r V\u00e5rdf\u00f6rbundet \u00d6sterg\u00f6tland och n\u00e4rst\u00e5enderepresentanten Hans-Inge Persson. I b\u00f6rjan av debatten fick varje partirepresentant skriva ned fyra viktiga valfr\u00e5gor p\u00e5 en whiteboard-tavla och sedan ber\u00e4tta mer om dem. Jag skrev ned: Kapa v\u00e5rdk\u00f6erna, Fler bemannade v\u00e5rdplatser, Mer \u00f6ppet p\u00e5 din v\u00e5rdcentral och R\u00e4dda liv med ambulanshelikopter. Hela debatten finns att se p\u00e5 Lif:s hemsida: (<a href=\"https:\/\/www.lif.se\/event\/kommande\/2022\/5\/vardens-viktiga-vagval-valet-i-sydost-2022\/\" target=\"_blank\" rel=\"noopener\">https:\/\/www.lif.se\/event\/kommande\/2022\/5\/vardens-viktiga-vagval-valet-i-sydost-2022\/<\/a>)<\/p>\n<p><strong>Gruppm\u00f6te med Kristdemokraternas regiongrupp<\/strong><br \/>\nP\u00e5 tisdagskv\u00e4llen var det dags f\u00f6r terminens sista gruppm\u00f6te med Kristdemokraternas regiongrupp. Som vanligt inleddes kv\u00e4llen med n\u00e4mndvisa gruppm\u00f6ten tillsammans med Moderaterna. Sedan f\u00f6ljde en gemensam sittning med hela regiongrupperna f\u00f6r v\u00e5ra b\u00e5da partier, d\u00e4r vi tre oppositionsr\u00e5d presenterade det n\u00e4stan f\u00e4rdiga f\u00f6rslaget till Tre\u00e5rsbudget 2023-2025. Efter fr\u00e5gor och diskussion, f\u00f6ljde sedan v\u00e5ra egna gruppm\u00f6ten, och vi i Kristdemokraternas regiongrupp gick igenom flera aktuella fr\u00e5gor och kommande ageranden, b\u00e5de under \u00e5terst\u00e5ende del av v\u00e5ren men ocks\u00e5 under den kommande valr\u00f6relsen.<\/p>\n<p><strong>Sammantr\u00e4de med regionutvecklingsn\u00e4mnden<\/strong><br \/>\nP\u00e5 onsdagen sammantr\u00e4dde regionutvecklingsn\u00e4mnden sista g\u00e5ngen innan sommaruppeh\u00e5llet. P\u00e5 dagordningen stod bl.a. beslut om ny Folkh\u00e4lsostrategi f\u00f6r Region \u00d6sterg\u00f6tland, ett \u00e4rende som slutligt avg\u00f6rs av regionfullm\u00e4ktige om ett par veckor. N\u00e4mnden behandlade ocks\u00e5 sin del\u00e5rsrapport f\u00f6r f\u00f6rsta kvartalet, och vi fr\u00e5n Kristdemokraterna och Moderaterna l\u00e4mnade en protokollsanteckning, d\u00e4r vi bl.a. lyfte att det \u00e4r beklagligt att uppdraget om st\u00e4rkt samverkan med id\u00e9buren sektor inte bed\u00f6ms kunna bli uppfyllt under \u00e5ret, och vikten av att \u00e4nnu mer involvera civilsamh\u00e4llets akt\u00f6rer i den stundande processen att ta fram ny kulturplan f\u00f6r \u00d6sterg\u00f6tland. Under informationspunkterna p\u00e5 n\u00e4mndsammantr\u00e4det, fick Annelie Noort (KD), ta hand om rapporten fr\u00e5n Folkh\u00e4lsoberedningen i sin egenskap som vice ordf\u00f6rande i beredningen, d\u00e5 ordf\u00f6rande var fr\u00e5nvarande p\u00e5 n\u00e4mnden.<\/p>\n<p><strong>M\u00f6te med kunskapsgrupp Kultur och friluftsliv<\/strong><br \/>\nOnsdagen fortsatte med m\u00f6te med regionutvecklingsn\u00e4mndens kunskapsgrupp Kultur och friluftsliv. Som jag ber\u00e4ttat om i tidigare nyhetsbrev, har n\u00e4mnden tre kunskapsgrupper, som leds av en av oss i n\u00e4mndens presidium. Och trots oppositionsrollen i presidiet, har jag f\u00e5tt f\u00f6rtroendet att leda kunskapsgrupp Kultur och friluftsliv. Eftersom gruppen har f\u00e5tt ett par nya ledam\u00f6ter sedan vi senast tr\u00e4ffades, \u00e4gnade vi detta tillf\u00e4lle \u00e5t en mer allm\u00e4n genomg\u00e5ng av regionens uppdrag inom kulturomr\u00e5det, fr\u00e5n kulturchef Rikard \u00c5slund.<\/p>\n<p><strong>Extra budgetm\u00f6te med Kristdemokraterna och Moderaterna<\/strong><br \/>\nP\u00e5 onsdagseftermiddagen hanns ocks\u00e5 med ett extra budgetm\u00f6te med ledningarna f\u00f6r Kristdemokraterna och Moderaterna i regionen. Eftersom vi sent p\u00e5 tisdagseftermiddagen fick del av den styrande koalitionens f\u00f6rslag till budget, beh\u00f6vde vi gemensamt g\u00e5 igenom det och j\u00e4mf\u00f6ra med v\u00e5rt budgetf\u00f6rslag. Sj\u00e4lvklart n\u00e5r inte koalitionens f\u00f6rslag upp till v\u00e5r niv\u00e5\u2026, men n\u00e5gra korn kan \u00e4nd\u00e5 vara v\u00e4rda att f\u00e5nga upp och f\u00f6rh\u00e5lla sig till i v\u00e5rt f\u00f6rslag.<\/p>\n<p><strong>M\u00f6te med medborgare l\u00e4ngs Strandv\u00e4gen i Krokek om nedlagd busslinje 432<\/strong><br \/>\nP\u00e5 onsdagskv\u00e4llen tr\u00e4ffade Eva-Britt Sj\u00f6berg, kommunalr\u00e5d f\u00f6r Kristdemokraterna i Norrk\u00f6pings kommun, och jag, ett antal medborgare boende l\u00e4ngs Strandv\u00e4gen i Krokek. Utmed v\u00e4gen har under de senaste \u00e5ren ett stort antal nya hus byggts, tidigare fritidshus har omvandlats till permanentboende och ytterligare ett stort antal tomter har sl\u00e4ppts f\u00f6r \u00e4nnu mer bost\u00e4der. Omr\u00e5det \u00e4r klart v\u00e4xande och behovet av busslinjen 432 som \u00e4nnu trafikerar Strandv\u00e4gen mellan Krokek och Norrk\u00f6ping \u00e4r stort f\u00f6r arbete, utbildning och \u00e4ven f\u00f6r bes\u00f6ksn\u00e4ringens akt\u00f6rer l\u00e4ngs v\u00e4gen. Dessv\u00e4rre har det mycket m\u00e4rkliga beslutet fattats att l\u00e4gga ned linjen fr\u00e5n 13 juni i \u00e5r. F\u00f6r att f\u00e5 information och synpunkter fr\u00e5n de som nyttjar linjen mest, de boende l\u00e4ngs Strandv\u00e4gen, var det mycket positivt att s\u00e5 m\u00e5nga m\u00f6tte upp hemma hos en av de nyligen inflyttade barnfamiljerna i omr\u00e5det, medborgare i alla \u00e5ldrar. Stort tack f\u00f6r v\u00e4rdskapet, till alla som kom och delade med sig av viktig kunskap och synpunkter!<\/p>\n<p><strong>N\u00e4mndinitiativ fr\u00e5n KD p\u00e5 Tafik- och samh\u00e4llsplaneringsn\u00e4mnden: R\u00e4dda linje 432!<\/strong><br \/>\nEfter m\u00f6tet med medborgarna l\u00e4ngs Strandv\u00e4gen i Krokek p\u00e5 onsdagskv\u00e4llen, tog vi fr\u00e5n Kristdemokraterna fram ett n\u00e4mndinitiativ till Trafik- och samh\u00e4llsplaneringsn\u00e4mndens sammantr\u00e4de p\u00e5 torsdagen, d\u00e4r vi f\u00f6reslog en snabbutredning f\u00f6r att kunna r\u00e4dda kvar linje 432. V\u00e5ra kristdemokratiska representanter i n\u00e4mnden, ledamot Jonni Harrius och ers\u00e4ttare Lars Rox\u00e5, lade fram n\u00e4mndinitiativet, som togs upp f\u00f6r beslut direkt. Initiativet fick st\u00f6d \u00e4ven av M och SD, medan koalitionens partier (S, MP, C, L) r\u00f6stade avslag. Eftersom representanten fr\u00e5n V lade ned sin r\u00f6st, blev det helt j\u00e4mt (7-7), varvid ordf\u00f6randes (C) utslagsr\u00f6st gjorde att initiativet avslogs, och att d\u00e4rmed linje 432 inte kunde r\u00e4ddas. Det hade f\u00f6rst\u00e5s varit det b\u00e4sta, men vi fr\u00e5n Kristdemokraterna ger inte upp, utan forts\u00e4tter att k\u00e4mpa f\u00f6r god kollektivtrafik i ett v\u00e4xande bostadsomr\u00e5de! L\u00e4s mer om v\u00e5rt n\u00e4mndinitiativ h\u00e4r: (<a href=\"https:\/\/wp.kristdemokraterna.se\/regionostergotland\/kristdemokraternas-forslag-att-aterinfora-busslinje-432-rostades-ned\/\" target=\"_blank\" rel=\"noopener\">https:\/\/wp.kristdemokraterna.se\/regionostergotland\/kristdemokraternas-forslag-att-aterinfora-busslinje-432-rostades-ned\/<\/a>)<\/p>\n<p><strong>ESBR Miniutbildning med fokus p\u00e5 F\u00f6retagarna<\/strong><br \/>\nI g\u00e5r torsdag h\u00f6lls ocks\u00e5 terminens sista miniutbildning inom ramen f\u00f6r East Sweden Business Region, som samordnas av Region \u00d6sterg\u00f6tland. Denna g\u00e5ng var det F\u00f6retagarna, som samlar sm\u00e5- och medelstora f\u00f6retag som medlemmar, som presenterade sig. Robert Wallin och Frida Boklund presenterade F\u00f6retagarnas arbete och ocks\u00e5 tankar kring framtida utveckling f\u00f6r f\u00f6retagande och kompetensf\u00f6rs\u00f6rjning i regionen.<\/p>\n<p><strong>Dialog mellan regionerna och regeringen om regionala utvecklingsfr\u00e5gor &#8211; Politikerforum<\/strong><br \/>\nIdag fredag h\u00f6lls mandatperiodens sista dialog mellan landets regioner och regeringen kring regionala utvecklingsfr\u00e5gor &#8211; Politikerforum. Efter tv\u00e5 och ett halvt \u00e5r med digitala m\u00f6ten, h\u00f6lls dagens dialog \u00e5terigen p\u00e5 plats i N\u00e4ringsdepartementets aula p\u00e5 Regeringskansliet. Varje region representeras av majoritets- och oppositionsf\u00f6retr\u00e4dare med ansvar f\u00f6r regionala utvecklingsfr\u00e5gor, och fr\u00e5n \u00d6sterg\u00f6tland \u00e4r det ordf\u00f6rande och andre vice ordf\u00f6rande i regionutvecklingsn\u00e4mnden. Eftersom ordf\u00f6rande Eva Andersson (S) denna g\u00e5ng var f\u00f6rhindrad att delta, var jag ende representant f\u00f6r \u00d6sterg\u00f6tland. Normalt \u00e4r vi fyra kristdemokrater med p\u00e5 Politikerforum, men idag deltog enbart Birgitta Sacr\u00e9deus, regionr\u00e5d i Region Dalarna och jag. Flera fr\u00e5gor stod p\u00e5 dagordningen f\u00f6r dialogen, bl.a. handlingsplanen f\u00f6r genomf\u00f6rande av den nationella strategin f\u00f6r h\u00e5llbar regional tillv\u00e4xt i hela landet, d\u00e4r landsbygdsminister Anna-Caren S\u00e4therberg f\u00f6redrog, Aktuellt inom kulturdepartementet med kulturminister Jeanette Gustafsdotter, Riksrevisionens rapport om den regionala utvecklingspolitiken med riksrevisor Helena Lindberg, l\u00e4get f\u00f6r EU:s sammanh\u00e5llningspolitik med statssekreterarna Roger M\u00f6rtvik och Oskar Magnusson samt framtidens industri med statssekreterare Emil H\u00f6gberg. I g\u00e5r torsdag kv\u00e4ll tr\u00e4ffades regionernas f\u00f6retr\u00e4dare f\u00f6r f\u00f6rm\u00f6te arrangerat av Sveriges Kommuner och Regioner (SKR), f\u00f6r v\u00e4rdefullt sampratande inf\u00f6r dagens dialog.<\/p>\n<p>Nu v\u00e4ntar Pingsthelgen och nationaldag, och d\u00e4rmed lite l\u00e5nghelg. Hoppas att ni alla f\u00e5r riktigt fina helgdagar!<\/p>\n<p>Med v\u00e4nlig h\u00e4lsning<br \/>\nPer Larsson<br \/>\nOppositionsr\u00e5d och gruppledare<br \/>\nKristdemokraterna i Region \u00d6sterg\u00f6tland<br \/>\ntfn 010-103 72 84 (arb)<br \/>\ntfn 0702-88 21 34 (mobil)<br \/>\nper.larsson@regionostergotland.se<\/p>\n<p>&nbsp;<\/p>\n","protected":false},"excerpt":{"rendered":"<p>Hej! Denna fredag skickar jag ut nyhetsbrevet fr\u00e5n Stockholm, d\u00e4r det idag har varit dialog mellan regionerna och regeringen om regionala utvecklingsfr\u00e5gor, som jag ber\u00e4ttar mer om l\u00e4ngre fram i nyhetsbrevet. I veckan kom SCB:s stora opinionsunders\u00f6kning, d\u00e4r Kristdemokraterna gl\u00e4djande gick fram\u00e5t till 5,2 procent. Jag minns motsvarande m\u00e4tning f\u00f6rra val\u00e5ret (2018), d\u00e4r siffran var <a class=\"read-more-link\" href=\"https:\/\/wp.kristdemokraterna.se\/regionostergotland\/nyhetsbrev-vecka-22-5\/\">Read More<\/a><\/p>\n","protected":false},"author":737,"featured_media":0,"comment_status":"closed","ping_status":"closed","sticky":false,"template":"","format":"standard","meta":{"_acf_changed":false,"footnotes":""},"categories":[1],"tags":[],"class_list":["post-1926","post","type-post","status-publish","format-standard","hentry","category-nyheter"],"acf":[],"yoast_head":"<!-- This site is optimized with the Yoast SEO plugin v27.5 - https:\/\/yoast.com\/product\/yoast-seo-wordpress\/ -->\n<title>Nyhetsbrev vecka 22 - i Region \u00d6sterg\u00f6tland<\/title>\n<meta name=\"robots\" content=\"index, follow, max-snippet:-1, max-image-preview:large, max-video-preview:-1\" \/>\n<link rel=\"canonical\" href=\"https:\/\/wp.kristdemokraterna.se\/regionostergotland\/nyhetsbrev-vecka-22-5\/\" \/>\n<meta property=\"og:locale\" content=\"sv_SE\" \/>\n<meta property=\"og:type\" content=\"article\" \/>\n<meta property=\"og:title\" content=\"Nyhetsbrev vecka 22 - i Region \u00d6sterg\u00f6tland\" \/>\n<meta property=\"og:description\" content=\"Hej! Denna fredag skickar jag ut nyhetsbrevet fr\u00e5n Stockholm, d\u00e4r det idag har varit dialog mellan regionerna och regeringen om regionala utvecklingsfr\u00e5gor, som jag ber\u00e4ttar mer om l\u00e4ngre fram i nyhetsbrevet. I veckan kom SCB:s stora opinionsunders\u00f6kning, d\u00e4r Kristdemokraterna gl\u00e4djande gick fram\u00e5t till 5,2 procent. Jag minns motsvarande m\u00e4tning f\u00f6rra val\u00e5ret (2018), d\u00e4r siffran var Read More\" \/>\n<meta property=\"og:url\" content=\"https:\/\/wp.kristdemokraterna.se\/regionostergotland\/nyhetsbrev-vecka-22-5\/\" \/>\n<meta property=\"og:site_name\" content=\"i Region \u00d6sterg\u00f6tland\" \/>\n<meta property=\"article:published_time\" content=\"2022-06-03T15:40:19+00:00\" \/>\n<meta property=\"og:image\" content=\"http:\/\/wp.kristdemokraterna.se\/regionostergotland\/files\/2022\/06\/bild-nyhetsbrev-2022-vecka-22-1024x533.jpg\" \/>\n\t<meta property=\"og:image:width\" content=\"1024\" \/>\n\t<meta property=\"og:image:height\" content=\"533\" \/>\n\t<meta property=\"og:image:type\" content=\"image\/jpeg\" \/>\n<meta name=\"author\" content=\"regionostergotland\" \/>\n<meta name=\"twitter:card\" content=\"summary_large_image\" \/>\n<meta name=\"twitter:label1\" content=\"Skriven av\" \/>\n\t<meta name=\"twitter:data1\" content=\"regionostergotland\" \/>\n\t<meta name=\"twitter:label2\" content=\"Ber\u00e4knad l\u00e4stid\" \/>\n\t<meta name=\"twitter:data2\" content=\"7 minuter\" \/>\n<script type=\"application\/ld+json\" class=\"yoast-schema-graph\">{\"@context\":\"https:\\\/\\\/schema.org\",\"@graph\":[{\"@type\":\"Article\",\"@id\":\"https:\\\/\\\/wp.kristdemokraterna.se\\\/regionostergotland\\\/nyhetsbrev-vecka-22-5\\\/#article\",\"isPartOf\":{\"@id\":\"https:\\\/\\\/wp.kristdemokraterna.se\\\/regionostergotland\\\/nyhetsbrev-vecka-22-5\\\/\"},\"author\":{\"name\":\"regionostergotland\",\"@id\":\"https:\\\/\\\/wp.kristdemokraterna.se\\\/regionostergotland\\\/#\\\/schema\\\/person\\\/74c3c4f502fcc489722a7be0dfe0088c\"},\"headline\":\"Nyhetsbrev vecka 22\",\"datePublished\":\"2022-06-03T15:40:19+00:00\",\"mainEntityOfPage\":{\"@id\":\"https:\\\/\\\/wp.kristdemokraterna.se\\\/regionostergotland\\\/nyhetsbrev-vecka-22-5\\\/\"},\"wordCount\":1749,\"articleSection\":[\"Nyheter\"],\"inLanguage\":\"sv-SE\"},{\"@type\":\"WebPage\",\"@id\":\"https:\\\/\\\/wp.kristdemokraterna.se\\\/regionostergotland\\\/nyhetsbrev-vecka-22-5\\\/\",\"url\":\"https:\\\/\\\/wp.kristdemokraterna.se\\\/regionostergotland\\\/nyhetsbrev-vecka-22-5\\\/\",\"name\":\"Nyhetsbrev vecka 22 - i Region \u00d6sterg\u00f6tland\",\"isPartOf\":{\"@id\":\"https:\\\/\\\/wp.kristdemokraterna.se\\\/regionostergotland\\\/#website\"},\"datePublished\":\"2022-06-03T15:40:19+00:00\",\"author\":{\"@id\":\"https:\\\/\\\/wp.kristdemokraterna.se\\\/regionostergotland\\\/#\\\/schema\\\/person\\\/74c3c4f502fcc489722a7be0dfe0088c\"},\"breadcrumb\":{\"@id\":\"https:\\\/\\\/wp.kristdemokraterna.se\\\/regionostergotland\\\/nyhetsbrev-vecka-22-5\\\/#breadcrumb\"},\"inLanguage\":\"sv-SE\",\"potentialAction\":[{\"@type\":\"ReadAction\",\"target\":[\"https:\\\/\\\/wp.kristdemokraterna.se\\\/regionostergotland\\\/nyhetsbrev-vecka-22-5\\\/\"]}]},{\"@type\":\"BreadcrumbList\",\"@id\":\"https:\\\/\\\/wp.kristdemokraterna.se\\\/regionostergotland\\\/nyhetsbrev-vecka-22-5\\\/#breadcrumb\",\"itemListElement\":[{\"@type\":\"ListItem\",\"position\":1,\"name\":\"Hem\",\"item\":\"https:\\\/\\\/wp.kristdemokraterna.se\\\/regionostergotland\\\/\"},{\"@type\":\"ListItem\",\"position\":2,\"name\":\"Nyhetsbrev vecka 22\"}]},{\"@type\":\"WebSite\",\"@id\":\"https:\\\/\\\/wp.kristdemokraterna.se\\\/regionostergotland\\\/#website\",\"url\":\"https:\\\/\\\/wp.kristdemokraterna.se\\\/regionostergotland\\\/\",\"name\":\"i Region \u00d6sterg\u00f6tland\",\"description\":\"\",\"inLanguage\":\"sv-SE\"},{\"@type\":\"Person\",\"@id\":\"https:\\\/\\\/wp.kristdemokraterna.se\\\/regionostergotland\\\/#\\\/schema\\\/person\\\/74c3c4f502fcc489722a7be0dfe0088c\",\"name\":\"regionostergotland\",\"image\":{\"@type\":\"ImageObject\",\"inLanguage\":\"sv-SE\",\"@id\":\"https:\\\/\\\/secure.gravatar.com\\\/avatar\\\/8fb8f0a216e627554da57506bfaf78d677f45512f24f703e185ec701423b1e92?s=96&d=mm&r=g\",\"url\":\"https:\\\/\\\/secure.gravatar.com\\\/avatar\\\/8fb8f0a216e627554da57506bfaf78d677f45512f24f703e185ec701423b1e92?s=96&d=mm&r=g\",\"contentUrl\":\"https:\\\/\\\/secure.gravatar.com\\\/avatar\\\/8fb8f0a216e627554da57506bfaf78d677f45512f24f703e185ec701423b1e92?s=96&d=mm&r=g\",\"caption\":\"regionostergotland\"},\"url\":\"https:\\\/\\\/wp.kristdemokraterna.se\\\/regionostergotland\\\/author\\\/regionostergotland\\\/\"}]}<\/script>\n<!-- \/ Yoast SEO plugin. -->","yoast_head_json":{"title":"Nyhetsbrev vecka 22 - i Region \u00d6sterg\u00f6tland","robots":{"index":"index","follow":"follow","max-snippet":"max-snippet:-1","max-image-preview":"max-image-preview:large","max-video-preview":"max-video-preview:-1"},"canonical":"https:\/\/wp.kristdemokraterna.se\/regionostergotland\/nyhetsbrev-vecka-22-5\/","og_locale":"sv_SE","og_type":"article","og_title":"Nyhetsbrev vecka 22 - i Region \u00d6sterg\u00f6tland","og_description":"Hej! Denna fredag skickar jag ut nyhetsbrevet fr\u00e5n Stockholm, d\u00e4r det idag har varit dialog mellan regionerna och regeringen om regionala utvecklingsfr\u00e5gor, som jag ber\u00e4ttar mer om l\u00e4ngre fram i nyhetsbrevet. I veckan kom SCB:s stora opinionsunders\u00f6kning, d\u00e4r Kristdemokraterna gl\u00e4djande gick fram\u00e5t till 5,2 procent. Jag minns motsvarande m\u00e4tning f\u00f6rra val\u00e5ret (2018), d\u00e4r siffran var Read More","og_url":"https:\/\/wp.kristdemokraterna.se\/regionostergotland\/nyhetsbrev-vecka-22-5\/","og_site_name":"i Region \u00d6sterg\u00f6tland","article_published_time":"2022-06-03T15:40:19+00:00","og_image":[{"width":1024,"height":533,"url":"http:\/\/wp.kristdemokraterna.se\/regionostergotland\/files\/2022\/06\/bild-nyhetsbrev-2022-vecka-22-1024x533.jpg","type":"image\/jpeg"}],"author":"regionostergotland","twitter_card":"summary_large_image","twitter_misc":{"Skriven av":"regionostergotland","Ber\u00e4knad l\u00e4stid":"7 minuter"},"schema":{"@context":"https:\/\/schema.org","@graph":[{"@type":"Article","@id":"https:\/\/wp.kristdemokraterna.se\/regionostergotland\/nyhetsbrev-vecka-22-5\/#article","isPartOf":{"@id":"https:\/\/wp.kristdemokraterna.se\/regionostergotland\/nyhetsbrev-vecka-22-5\/"},"author":{"name":"regionostergotland","@id":"https:\/\/wp.kristdemokraterna.se\/regionostergotland\/#\/schema\/person\/74c3c4f502fcc489722a7be0dfe0088c"},"headline":"Nyhetsbrev vecka 22","datePublished":"2022-06-03T15:40:19+00:00","mainEntityOfPage":{"@id":"https:\/\/wp.kristdemokraterna.se\/regionostergotland\/nyhetsbrev-vecka-22-5\/"},"wordCount":1749,"articleSection":["Nyheter"],"inLanguage":"sv-SE"},{"@type":"WebPage","@id":"https:\/\/wp.kristdemokraterna.se\/regionostergotland\/nyhetsbrev-vecka-22-5\/","url":"https:\/\/wp.kristdemokraterna.se\/regionostergotland\/nyhetsbrev-vecka-22-5\/","name":"Nyhetsbrev vecka 22 - i Region \u00d6sterg\u00f6tland","isPartOf":{"@id":"https:\/\/wp.kristdemokraterna.se\/regionostergotland\/#website"},"datePublished":"2022-06-03T15:40:19+00:00","author":{"@id":"https:\/\/wp.kristdemokraterna.se\/regionostergotland\/#\/schema\/person\/74c3c4f502fcc489722a7be0dfe0088c"},"breadcrumb":{"@id":"https:\/\/wp.kristdemokraterna.se\/regionostergotland\/nyhetsbrev-vecka-22-5\/#breadcrumb"},"inLanguage":"sv-SE","potentialAction":[{"@type":"ReadAction","target":["https:\/\/wp.kristdemokraterna.se\/regionostergotland\/nyhetsbrev-vecka-22-5\/"]}]},{"@type":"BreadcrumbList","@id":"https:\/\/wp.kristdemokraterna.se\/regionostergotland\/nyhetsbrev-vecka-22-5\/#breadcrumb","itemListElement":[{"@type":"ListItem","position":1,"name":"Hem","item":"https:\/\/wp.kristdemokraterna.se\/regionostergotland\/"},{"@type":"ListItem","position":2,"name":"Nyhetsbrev vecka 22"}]},{"@type":"WebSite","@id":"https:\/\/wp.kristdemokraterna.se\/regionostergotland\/#website","url":"https:\/\/wp.kristdemokraterna.se\/regionostergotland\/","name":"i Region \u00d6sterg\u00f6tland","description":"","inLanguage":"sv-SE"},{"@type":"Person","@id":"https:\/\/wp.kristdemokraterna.se\/regionostergotland\/#\/schema\/person\/74c3c4f502fcc489722a7be0dfe0088c","name":"regionostergotland","image":{"@type":"ImageObject","inLanguage":"sv-SE","@id":"https:\/\/secure.gravatar.com\/avatar\/8fb8f0a216e627554da57506bfaf78d677f45512f24f703e185ec701423b1e92?s=96&d=mm&r=g","url":"https:\/\/secure.gravatar.com\/avatar\/8fb8f0a216e627554da57506bfaf78d677f45512f24f703e185ec701423b1e92?s=96&d=mm&r=g","contentUrl":"https:\/\/secure.gravatar.com\/avatar\/8fb8f0a216e627554da57506bfaf78d677f45512f24f703e185ec701423b1e92?s=96&d=mm&r=g","caption":"regionostergotland"},"url":"https:\/\/wp.kristdemokraterna.se\/regionostergotland\/author\/regionostergotland\/"}]}},"_links":{"self":[{"href":"https:\/\/wp.kristdemokraterna.se\/regionostergotland\/wp-json\/wp\/v2\/posts\/1926","targetHints":{"allow":["GET"]}}],"collection":[{"href":"https:\/\/wp.kristdemokraterna.se\/regionostergotland\/wp-json\/wp\/v2\/posts"}],"about":[{"href":"https:\/\/wp.kristdemokraterna.se\/regionostergotland\/wp-json\/wp\/v2\/types\/post"}],"author":[{"embeddable":true,"href":"https:\/\/wp.kristdemokraterna.se\/regionostergotland\/wp-json\/wp\/v2\/users\/737"}],"replies":[{"embeddable":true,"href":"https:\/\/wp.kristdemokraterna.se\/regionostergotland\/wp-json\/wp\/v2\/comments?post=1926"}],"version-history":[{"count":1,"href":"https:\/\/wp.kristdemokraterna.se\/regionostergotland\/wp-json\/wp\/v2\/posts\/1926\/revisions"}],"predecessor-version":[{"id":1928,"href":"https:\/\/wp.kristdemokraterna.se\/regionostergotland\/wp-json\/wp\/v2\/posts\/1926\/revisions\/1928"}],"wp:attachment":[{"href":"https:\/\/wp.kristdemokraterna.se\/regionostergotland\/wp-json\/wp\/v2\/media?parent=1926"}],"wp:term":[{"taxonomy":"category","embeddable":true,"href":"https:\/\/wp.kristdemokraterna.se\/regionostergotland\/wp-json\/wp\/v2\/categories?post=1926"},{"taxonomy":"post_tag","embeddable":true,"href":"https:\/\/wp.kristdemokraterna.se\/regionostergotland\/wp-json\/wp\/v2\/tags?post=1926"}],"curies":[{"name":"wp","href":"https:\/\/api.w.org\/{rel}","templated":true}]}}