{"id":1941,"date":"2022-06-17T14:35:55","date_gmt":"2022-06-17T12:35:55","guid":{"rendered":"https:\/\/wp.kristdemokraterna.se\/regionostergotland\/?p=1941"},"modified":"2022-06-17T14:35:55","modified_gmt":"2022-06-17T12:35:55","slug":"nyhetsbrev-vecka-24-5","status":"publish","type":"post","link":"https:\/\/wp.kristdemokraterna.se\/regionostergotland\/nyhetsbrev-vecka-24-5\/","title":{"rendered":"Nyhetsbrev vecka 24"},"content":{"rendered":"<p>Hej!<\/p>\n<p>Det \u00e4r riktigt varma sommartemperaturer utanf\u00f6r d\u00f6rren denna fredagseftermiddag, s\u00e5 det k\u00e4nns inte helt fel att helgen st\u00e5r f\u00f6r d\u00f6rren. Men innan dess ska veckan i regionpolitiken sammanfattas, d\u00e4r juni forts\u00e4tter att vara en intensiv och inneh\u00e5llsrik m\u00e5nad i politiken. Denna vecka har mycket kretsat kring det gemensamma f\u00f6rslaget till Tre\u00e5rsbudget 2023-2025 fr\u00e5n Kristdemokraterna och Moderaterna, som vi presenterade i m\u00e5ndags. Om det och en del annat kommer h\u00e4r n\u00e5gra rader i veckans nyhetsbrev. Trevlig l\u00e4sning!<!--more--><\/p>\n<p><strong>Presstr\u00e4ff om f\u00f6rslag till Tre\u00e5rsbudget 2023-2025 fr\u00e5n KD och M<\/strong><br \/>\nVeckan b\u00f6rjade med att vi fr\u00e5n Kristdemokraterna och Moderaterna hade presstr\u00e4ff i Norrk\u00f6ping i m\u00e5ndags f\u00f6rmiddag f\u00f6r att presentera v\u00e5rt gemensamma f\u00f6rslag till Tre\u00e5rsbudget 2023-2025 f\u00f6r Region \u00d6sterg\u00f6tland. Rubriken f\u00f6r v\u00e5r budget \u00e4r \u201dRedo att f\u00e5 ordning p\u00e5 Region \u00d6sterg\u00f6tland\u201d, och ut\u00f6ver en l\u00e5ng rad uppdrag till regionens n\u00e4mnder och regionstyrelsen inneh\u00e5ller ocks\u00e5 v\u00e5rt f\u00f6rslag n\u00e5gra konkreta ekonomiska satsningar p\u00e5 h\u00f6jt OB-till\u00e4gg f\u00f6r v\u00e5rdens personal, \u00f6kade resurser till l\u00e4karmedverkan i \u00d6sterg\u00f6tlands kommuner, f\u00f6rb\u00e4ttrad kollektivtrafik och \u00e5tg\u00e4rder f\u00f6r att st\u00e4rka arbetsmarknaden. Du kan l\u00e4sa mer om budgeten h\u00e4r: (https:\/\/wp.kristdemokraterna.se\/regionostergotland\/redo-att-fa-ordning-pa-region-ostergotland\/). Tillsammans med min gruppledarkollega Marie Morell (M) har vi ocks\u00e5 spelat in ett filmklipp d\u00e4r vi presenterar satsningarna i v\u00e5r budget, du kan se filmklippet p\u00e5 Facebook h\u00e4r: (https:\/\/fb.watch\/dGZs-0MQeC\/). Flera medier rapporterade fr\u00e5n presstr\u00e4ffen, och du kan bl.a. l\u00e4sa artiklar fr\u00e5n Corren: (<a href=\"https:\/\/corren.se\/nyheter\/ostergotland\/artikel\/de-vill-satsa-60-miljoner-pa-hojda-tillagg-for-vardpersonalen-det-ska-lona-sig-att-jobba-kvall-och-helg\/lqdz9odr\" target=\"_blank\" rel=\"noopener\">https:\/\/corren.se\/nyheter\/ostergotland\/artikel\/de-vill-satsa-60-miljoner-pa-hojda-tillagg-for-vardpersonalen-det-ska-lona-sig-att-jobba-kvall-och-helg\/lqdz9odr<\/a>) och Folkbladet: (<a href=\"https:\/\/folkbladet.se\/nyheter\/norrkoping\/artikel\/m-och-kd-i-regionen-kapa-koerna-och-hoj-ob-tillagget-battre-dialog-om-kollektivtrafiken\/r9xed6vr\" target=\"_blank\" rel=\"noopener\">https:\/\/folkbladet.se\/nyheter\/norrkoping\/artikel\/m-och-kd-i-regionen-kapa-koerna-och-hoj-ob-tillagget-battre-dialog-om-kollektivtrafiken\/r9xed6vr<\/a>).<\/p>\n<p><strong>Lunchsamtal p\u00e5 \u00d6stsvenska handelskammaren inf\u00f6r regionvalet<\/strong><br \/>\nI m\u00e5ndags lunch var jag inbjuden av \u00d6stsvenska handelskammaren till Kammarforum i Norrk\u00f6ping f\u00f6r att tillsammans med tre regionpolitikerkollegor redog\u00f6ra f\u00f6r tankar och f\u00f6rslag inf\u00f6r regionvalet, n\u00e4r det g\u00e4ller regional utveckling. Samtalet leddes av handelskammarens vd Simon Helm\u00e9r och n\u00e4ringspolitisk chef Maria Bj\u00f6rk Hummelgren, och ett antal representanter f\u00f6r medlemsf\u00f6retag hos handelskammaren fanns p\u00e5 plats f\u00f6r att lyssna, st\u00e4lla fr\u00e5gor och komma med inl\u00e4gg. Eftersom handelskammaren omfattar b\u00e5de \u00d6sterg\u00f6tland och S\u00f6rmland, var tv\u00e5 f\u00f6rtroendevalda fr\u00e5n Region \u00d6sterg\u00f6tland och tv\u00e5 fr\u00e5n Region S\u00f6rmland inbjudna. Fr\u00e5n \u00d6sterg\u00f6tland deltog regionutvecklingsn\u00e4mndens ordf\u00f6rande Eva Andersson (S) och jag, och fr\u00e5n S\u00f6rmland deltog regionstyrelsens ordf\u00f6rande Monica Johansson (S) och min kristdemokratiske gruppledarkollega Joha Frondelius (KD). Det blev ett bra samtal \u2013 tack till handelskammaren f\u00f6r ett fint arrangemang! Du kan l\u00e4sa mer om samtalet h\u00e4r: (<a href=\"https:\/\/ostsvenskahandelskammaren.se\/vad-handlar-regionvalet-om\/\" target=\"_blank\" rel=\"noopener\">https:\/\/ostsvenskahandelskammaren.se\/vad-handlar-regionvalet-om\/<\/a>).<\/p>\n<p><strong>Gruppledar\u00f6verl\u00e4ggningar om politisk organisation<\/strong><br \/>\nP\u00e5 m\u00e5ndagseftermiddagen h\u00f6lls de sista gruppledar\u00f6verl\u00e4ggningarna om politisk organisation n\u00e4sta mandatperiod, innan beslut i regionstyrelsen p\u00e5 onsdagen inf\u00f6r regionfullm\u00e4ktige i n\u00e4sta vecka. Efter ett antal fysiska och digitala tr\u00e4ffar, fanns till slut ett f\u00f6rslag f\u00f6r regionstyrelsen att behandla. Som alltid, n\u00e4r ambitionen \u00e4r att bli eniga mellan partierna, kan inte var och en f\u00e5 igenom alla sina ursprungliga f\u00f6rslag, och alla m\u00e5ste g\u00f6ra vissa eftergifter. Men, nu finns i alla fall en organisation framtagen inf\u00f6r n\u00e4sta mandatperiod!<\/p>\n<p><strong>M\u00f6te med \u00d6sterg\u00f6tlands l\u00e4karf\u00f6rening<\/strong><br \/>\nM\u00e5ndagen avslutades med att jag tillsammans med mina oppositionsr\u00e5dskollegor fr\u00e5n Moderaterna, Marie Morell och Fredrik Sj\u00f6strand, var inbjuden till \u00d6sterg\u00f6tlands l\u00e4karf\u00f6renings styrelse, f\u00f6r att diskutera aktuellt l\u00e4ge i den \u00f6stg\u00f6tska sjukv\u00e5rden, problem, utmaningar, tankar och id\u00e9er om framtiden. Vi brukar tr\u00e4ffas ungef\u00e4r en g\u00e5ng per termin, och dessv\u00e4rre var detta m\u00f6te pr\u00e4glat av det mycket prek\u00e4ra l\u00e4get inf\u00f6r sommaren, d\u00e5 bemanningssituationen \u00e4r mycket besv\u00e4rlig och det d\u00e4rf\u00f6r \u00e4r rekordf\u00e5 v\u00e5rdplatser. Viktiga inspel som \u00e4r n\u00f6dv\u00e4ndiga att ta med inf\u00f6r, och framf\u00f6r allt efter, valet.<\/p>\n<p><strong>Strategim\u00f6te med styrelsen f\u00f6r Almi \u00d6sterg\u00f6tland<\/strong><br \/>\nTisdag och onsdag hade styrelsen f\u00f6r Almi \u00d6sterg\u00f6tland strategim\u00f6te. Efter en paus pandemi\u00e5ren 2020 och 2021 samlades styrelse och ledningsgrupp igen f\u00f6r att diskutera mer l\u00e5ngsiktiga och strategiska fr\u00e5gor f\u00f6r bolaget, och ocks\u00e5 genomf\u00f6ra ett ordinarie styrelsem\u00f6te. Ut\u00f6ver vd Mats Philipsson och de tv\u00e5 aff\u00e4rscheferna Gunilla Bystr\u00f6m och Henrik Dahlstr\u00f6m, medverkade ocks\u00e5 Sara Brandt, vice vd p\u00e5 det statligt \u00e4gda moderbolaget Almi, som gick igenom den nya nationella strategin f\u00f6r bolaget.<\/p>\n<p><strong>Frukostm\u00f6te om h\u00e5llbarhetsarbete p\u00e5 Holmen<\/strong><br \/>\nP\u00e5 torsdagsmorgonen var det \u00e5ter dags f\u00f6r frukostm\u00f6tet Skyline, som numera h\u00e5lls p\u00e5 Link Business Center vid St\u00e5ng\u00e5ns strand i centrala Link\u00f6ping. Denna g\u00e5ng var g\u00e4sttalaren Nils Ringborg fr\u00e5n Holmen, som ber\u00e4ttade om den stora \u00f6stg\u00f6tsk papperskoncernens h\u00e5llbarhetsarbete. Mycket intressant och flera sp\u00e4nnande aspekter p\u00e5 milj\u00f6, energi och tillv\u00e4xt.<\/p>\n<p><strong>M\u00f6te med Region Kalmar l\u00e4n om bes\u00f6ksn\u00e4ringsfr\u00e5gor<\/strong><br \/>\nI g\u00e5r torsdag genomf\u00f6rdes ocks\u00e5 ett avst\u00e4mningsm\u00f6te med Region Kalmar l\u00e4n om det samarbete som p\u00e5g\u00e5r sedan n\u00e5gra \u00e5r tillbaka kring framf\u00f6rallt bes\u00f6ksn\u00e4ringsfr\u00e5gor. F\u00f6r ett par \u00e5r sedan undertecknades en avsiktsf\u00f6rklaring av f\u00f6retr\u00e4dare f\u00f6r styrande partier och opposition i v\u00e5ra b\u00e5da regioner, vilket innebar s\u00e5v\u00e4l min oppositionsr\u00e5dskollega Anders Andersson (KD) som jag sj\u00e4lv. Pandemin har bromsat arbetet n\u00e5got, men nu n\u00e4r goda m\u00f6jligheter finns igen, ska vi f\u00f6rs\u00f6ka ta nya tag och f\u00f6rhoppningsvis f\u00e5 till ett m\u00f6te med politiker, tj\u00e4nstepersoner och akt\u00f6rer fr\u00e5n bes\u00f6ksn\u00e4ringen till h\u00f6sten.<\/p>\n<p><strong>Strategiskt samr\u00e5d med kommunerna i \u00d6sterg\u00f6tland<\/strong><br \/>\nIdag fredag h\u00f6lls v\u00e5rens sista strategiska samr\u00e5d mellan Region \u00d6sterg\u00f6tland och kommunerna i \u00d6sterg\u00f6tland. P\u00e5 dagordningen stod bl.a. beslut om avsiktsf\u00f6rklaring om n\u00e4ra v\u00e5rd, presentation av hur regionen t\u00e4nker sig sitt uppdrag att samordna genomf\u00f6randet av den i h\u00f6stas beslutade regionala utvecklingsstrategin (RUS) och l\u00e4gesrapport om bredbandsutbyggnaden i \u00d6sterg\u00f6tland. Trevligt ocks\u00e5 att bland de deltagande kommunstyrelseordf\u00f6randena tr\u00e4ffa Annicki Oscarsson (KD) fr\u00e5n \u00d6desh\u00f6gs kommun!<\/p>\n<p>I morgon l\u00f6rdag \u00e4r det dags f\u00f6r kristdemokratisk kampanj p\u00e5 marknad igen, denna g\u00e5ng \u00e4r det Bj\u00f6rkfors marknad som v\u00e4ntar. Vi hoppas att sommarv\u00e4dret h\u00e5ller i sig, s\u00e5 det blir m\u00e5nga marknadsbes\u00f6kare. Kom g\u00e4rna f\u00f6rbi Bj\u00f6rkfors du ocks\u00e5! I vilket fall som helst, \u00f6nskar jag dig en riktigt trevlig helg!<\/p>\n<p>Med v\u00e4nlig h\u00e4lsning<br \/>\nPer Larsson<br \/>\nOppositionsr\u00e5d och gruppledare<br \/>\nKristdemokraterna i Region \u00d6sterg\u00f6tland<br \/>\ntfn 010-103 72 84 (arb)<br \/>\ntfn 0702-88 21 34 (mobil)<br \/>\nper.larsson@regionostergotland.se<\/p>\n<p>&nbsp;<\/p>\n","protected":false},"excerpt":{"rendered":"<p>Hej! Det \u00e4r riktigt varma sommartemperaturer utanf\u00f6r d\u00f6rren denna fredagseftermiddag, s\u00e5 det k\u00e4nns inte helt fel att helgen st\u00e5r f\u00f6r d\u00f6rren. Men innan dess ska veckan i regionpolitiken sammanfattas, d\u00e4r juni forts\u00e4tter att vara en intensiv och inneh\u00e5llsrik m\u00e5nad i politiken. Denna vecka har mycket kretsat kring det gemensamma f\u00f6rslaget till Tre\u00e5rsbudget 2023-2025 fr\u00e5n Kristdemokraterna <a class=\"read-more-link\" href=\"https:\/\/wp.kristdemokraterna.se\/regionostergotland\/nyhetsbrev-vecka-24-5\/\">Read More<\/a><\/p>\n","protected":false},"author":737,"featured_media":0,"comment_status":"closed","ping_status":"closed","sticky":false,"template":"","format":"standard","meta":{"_acf_changed":false,"footnotes":""},"categories":[1],"tags":[],"class_list":["post-1941","post","type-post","status-publish","format-standard","hentry","category-nyheter"],"acf":[],"yoast_head":"<!-- This site is optimized with the Yoast SEO plugin v27.5 - https:\/\/yoast.com\/product\/yoast-seo-wordpress\/ -->\n<title>Nyhetsbrev vecka 24 - i Region \u00d6sterg\u00f6tland<\/title>\n<meta name=\"robots\" content=\"index, follow, max-snippet:-1, max-image-preview:large, max-video-preview:-1\" \/>\n<link rel=\"canonical\" href=\"https:\/\/wp.kristdemokraterna.se\/regionostergotland\/nyhetsbrev-vecka-24-5\/\" \/>\n<meta property=\"og:locale\" content=\"sv_SE\" \/>\n<meta property=\"og:type\" content=\"article\" \/>\n<meta property=\"og:title\" content=\"Nyhetsbrev vecka 24 - i Region \u00d6sterg\u00f6tland\" \/>\n<meta property=\"og:description\" content=\"Hej! Det \u00e4r riktigt varma sommartemperaturer utanf\u00f6r d\u00f6rren denna fredagseftermiddag, s\u00e5 det k\u00e4nns inte helt fel att helgen st\u00e5r f\u00f6r d\u00f6rren. Men innan dess ska veckan i regionpolitiken sammanfattas, d\u00e4r juni forts\u00e4tter att vara en intensiv och inneh\u00e5llsrik m\u00e5nad i politiken. Denna vecka har mycket kretsat kring det gemensamma f\u00f6rslaget till Tre\u00e5rsbudget 2023-2025 fr\u00e5n Kristdemokraterna Read More\" \/>\n<meta property=\"og:url\" content=\"https:\/\/wp.kristdemokraterna.se\/regionostergotland\/nyhetsbrev-vecka-24-5\/\" \/>\n<meta property=\"og:site_name\" content=\"i Region \u00d6sterg\u00f6tland\" \/>\n<meta property=\"article:published_time\" content=\"2022-06-17T12:35:55+00:00\" \/>\n<meta property=\"og:image\" content=\"http:\/\/wp.kristdemokraterna.se\/regionostergotland\/files\/2022\/06\/bild-nyhetsbrev-2022-vecka-24-1024x533.jpg\" \/>\n\t<meta property=\"og:image:width\" content=\"1024\" \/>\n\t<meta property=\"og:image:height\" content=\"533\" \/>\n\t<meta property=\"og:image:type\" content=\"image\/jpeg\" \/>\n<meta name=\"author\" content=\"regionostergotland\" \/>\n<meta name=\"twitter:card\" content=\"summary_large_image\" \/>\n<meta name=\"twitter:label1\" content=\"Skriven av\" \/>\n\t<meta name=\"twitter:data1\" content=\"regionostergotland\" \/>\n\t<meta name=\"twitter:label2\" content=\"Ber\u00e4knad l\u00e4stid\" \/>\n\t<meta name=\"twitter:data2\" content=\"6 minuter\" \/>\n<script type=\"application\/ld+json\" class=\"yoast-schema-graph\">{\"@context\":\"https:\\\/\\\/schema.org\",\"@graph\":[{\"@type\":\"Article\",\"@id\":\"https:\\\/\\\/wp.kristdemokraterna.se\\\/regionostergotland\\\/nyhetsbrev-vecka-24-5\\\/#article\",\"isPartOf\":{\"@id\":\"https:\\\/\\\/wp.kristdemokraterna.se\\\/regionostergotland\\\/nyhetsbrev-vecka-24-5\\\/\"},\"author\":{\"name\":\"regionostergotland\",\"@id\":\"https:\\\/\\\/wp.kristdemokraterna.se\\\/regionostergotland\\\/#\\\/schema\\\/person\\\/74c3c4f502fcc489722a7be0dfe0088c\"},\"headline\":\"Nyhetsbrev vecka 24\",\"datePublished\":\"2022-06-17T12:35:55+00:00\",\"mainEntityOfPage\":{\"@id\":\"https:\\\/\\\/wp.kristdemokraterna.se\\\/regionostergotland\\\/nyhetsbrev-vecka-24-5\\\/\"},\"wordCount\":1185,\"articleSection\":[\"Nyheter\"],\"inLanguage\":\"sv-SE\"},{\"@type\":\"WebPage\",\"@id\":\"https:\\\/\\\/wp.kristdemokraterna.se\\\/regionostergotland\\\/nyhetsbrev-vecka-24-5\\\/\",\"url\":\"https:\\\/\\\/wp.kristdemokraterna.se\\\/regionostergotland\\\/nyhetsbrev-vecka-24-5\\\/\",\"name\":\"Nyhetsbrev vecka 24 - i Region \u00d6sterg\u00f6tland\",\"isPartOf\":{\"@id\":\"https:\\\/\\\/wp.kristdemokraterna.se\\\/regionostergotland\\\/#website\"},\"datePublished\":\"2022-06-17T12:35:55+00:00\",\"author\":{\"@id\":\"https:\\\/\\\/wp.kristdemokraterna.se\\\/regionostergotland\\\/#\\\/schema\\\/person\\\/74c3c4f502fcc489722a7be0dfe0088c\"},\"breadcrumb\":{\"@id\":\"https:\\\/\\\/wp.kristdemokraterna.se\\\/regionostergotland\\\/nyhetsbrev-vecka-24-5\\\/#breadcrumb\"},\"inLanguage\":\"sv-SE\",\"potentialAction\":[{\"@type\":\"ReadAction\",\"target\":[\"https:\\\/\\\/wp.kristdemokraterna.se\\\/regionostergotland\\\/nyhetsbrev-vecka-24-5\\\/\"]}]},{\"@type\":\"BreadcrumbList\",\"@id\":\"https:\\\/\\\/wp.kristdemokraterna.se\\\/regionostergotland\\\/nyhetsbrev-vecka-24-5\\\/#breadcrumb\",\"itemListElement\":[{\"@type\":\"ListItem\",\"position\":1,\"name\":\"Hem\",\"item\":\"https:\\\/\\\/wp.kristdemokraterna.se\\\/regionostergotland\\\/\"},{\"@type\":\"ListItem\",\"position\":2,\"name\":\"Nyhetsbrev vecka 24\"}]},{\"@type\":\"WebSite\",\"@id\":\"https:\\\/\\\/wp.kristdemokraterna.se\\\/regionostergotland\\\/#website\",\"url\":\"https:\\\/\\\/wp.kristdemokraterna.se\\\/regionostergotland\\\/\",\"name\":\"i Region \u00d6sterg\u00f6tland\",\"description\":\"\",\"inLanguage\":\"sv-SE\"},{\"@type\":\"Person\",\"@id\":\"https:\\\/\\\/wp.kristdemokraterna.se\\\/regionostergotland\\\/#\\\/schema\\\/person\\\/74c3c4f502fcc489722a7be0dfe0088c\",\"name\":\"regionostergotland\",\"image\":{\"@type\":\"ImageObject\",\"inLanguage\":\"sv-SE\",\"@id\":\"https:\\\/\\\/secure.gravatar.com\\\/avatar\\\/8fb8f0a216e627554da57506bfaf78d677f45512f24f703e185ec701423b1e92?s=96&d=mm&r=g\",\"url\":\"https:\\\/\\\/secure.gravatar.com\\\/avatar\\\/8fb8f0a216e627554da57506bfaf78d677f45512f24f703e185ec701423b1e92?s=96&d=mm&r=g\",\"contentUrl\":\"https:\\\/\\\/secure.gravatar.com\\\/avatar\\\/8fb8f0a216e627554da57506bfaf78d677f45512f24f703e185ec701423b1e92?s=96&d=mm&r=g\",\"caption\":\"regionostergotland\"},\"url\":\"https:\\\/\\\/wp.kristdemokraterna.se\\\/regionostergotland\\\/author\\\/regionostergotland\\\/\"}]}<\/script>\n<!-- \/ Yoast SEO plugin. -->","yoast_head_json":{"title":"Nyhetsbrev vecka 24 - i Region \u00d6sterg\u00f6tland","robots":{"index":"index","follow":"follow","max-snippet":"max-snippet:-1","max-image-preview":"max-image-preview:large","max-video-preview":"max-video-preview:-1"},"canonical":"https:\/\/wp.kristdemokraterna.se\/regionostergotland\/nyhetsbrev-vecka-24-5\/","og_locale":"sv_SE","og_type":"article","og_title":"Nyhetsbrev vecka 24 - i Region \u00d6sterg\u00f6tland","og_description":"Hej! Det \u00e4r riktigt varma sommartemperaturer utanf\u00f6r d\u00f6rren denna fredagseftermiddag, s\u00e5 det k\u00e4nns inte helt fel att helgen st\u00e5r f\u00f6r d\u00f6rren. Men innan dess ska veckan i regionpolitiken sammanfattas, d\u00e4r juni forts\u00e4tter att vara en intensiv och inneh\u00e5llsrik m\u00e5nad i politiken. Denna vecka har mycket kretsat kring det gemensamma f\u00f6rslaget till Tre\u00e5rsbudget 2023-2025 fr\u00e5n Kristdemokraterna Read More","og_url":"https:\/\/wp.kristdemokraterna.se\/regionostergotland\/nyhetsbrev-vecka-24-5\/","og_site_name":"i Region \u00d6sterg\u00f6tland","article_published_time":"2022-06-17T12:35:55+00:00","og_image":[{"width":1024,"height":533,"url":"http:\/\/wp.kristdemokraterna.se\/regionostergotland\/files\/2022\/06\/bild-nyhetsbrev-2022-vecka-24-1024x533.jpg","type":"image\/jpeg"}],"author":"regionostergotland","twitter_card":"summary_large_image","twitter_misc":{"Skriven av":"regionostergotland","Ber\u00e4knad l\u00e4stid":"6 minuter"},"schema":{"@context":"https:\/\/schema.org","@graph":[{"@type":"Article","@id":"https:\/\/wp.kristdemokraterna.se\/regionostergotland\/nyhetsbrev-vecka-24-5\/#article","isPartOf":{"@id":"https:\/\/wp.kristdemokraterna.se\/regionostergotland\/nyhetsbrev-vecka-24-5\/"},"author":{"name":"regionostergotland","@id":"https:\/\/wp.kristdemokraterna.se\/regionostergotland\/#\/schema\/person\/74c3c4f502fcc489722a7be0dfe0088c"},"headline":"Nyhetsbrev vecka 24","datePublished":"2022-06-17T12:35:55+00:00","mainEntityOfPage":{"@id":"https:\/\/wp.kristdemokraterna.se\/regionostergotland\/nyhetsbrev-vecka-24-5\/"},"wordCount":1185,"articleSection":["Nyheter"],"inLanguage":"sv-SE"},{"@type":"WebPage","@id":"https:\/\/wp.kristdemokraterna.se\/regionostergotland\/nyhetsbrev-vecka-24-5\/","url":"https:\/\/wp.kristdemokraterna.se\/regionostergotland\/nyhetsbrev-vecka-24-5\/","name":"Nyhetsbrev vecka 24 - i Region \u00d6sterg\u00f6tland","isPartOf":{"@id":"https:\/\/wp.kristdemokraterna.se\/regionostergotland\/#website"},"datePublished":"2022-06-17T12:35:55+00:00","author":{"@id":"https:\/\/wp.kristdemokraterna.se\/regionostergotland\/#\/schema\/person\/74c3c4f502fcc489722a7be0dfe0088c"},"breadcrumb":{"@id":"https:\/\/wp.kristdemokraterna.se\/regionostergotland\/nyhetsbrev-vecka-24-5\/#breadcrumb"},"inLanguage":"sv-SE","potentialAction":[{"@type":"ReadAction","target":["https:\/\/wp.kristdemokraterna.se\/regionostergotland\/nyhetsbrev-vecka-24-5\/"]}]},{"@type":"BreadcrumbList","@id":"https:\/\/wp.kristdemokraterna.se\/regionostergotland\/nyhetsbrev-vecka-24-5\/#breadcrumb","itemListElement":[{"@type":"ListItem","position":1,"name":"Hem","item":"https:\/\/wp.kristdemokraterna.se\/regionostergotland\/"},{"@type":"ListItem","position":2,"name":"Nyhetsbrev vecka 24"}]},{"@type":"WebSite","@id":"https:\/\/wp.kristdemokraterna.se\/regionostergotland\/#website","url":"https:\/\/wp.kristdemokraterna.se\/regionostergotland\/","name":"i Region \u00d6sterg\u00f6tland","description":"","inLanguage":"sv-SE"},{"@type":"Person","@id":"https:\/\/wp.kristdemokraterna.se\/regionostergotland\/#\/schema\/person\/74c3c4f502fcc489722a7be0dfe0088c","name":"regionostergotland","image":{"@type":"ImageObject","inLanguage":"sv-SE","@id":"https:\/\/secure.gravatar.com\/avatar\/8fb8f0a216e627554da57506bfaf78d677f45512f24f703e185ec701423b1e92?s=96&d=mm&r=g","url":"https:\/\/secure.gravatar.com\/avatar\/8fb8f0a216e627554da57506bfaf78d677f45512f24f703e185ec701423b1e92?s=96&d=mm&r=g","contentUrl":"https:\/\/secure.gravatar.com\/avatar\/8fb8f0a216e627554da57506bfaf78d677f45512f24f703e185ec701423b1e92?s=96&d=mm&r=g","caption":"regionostergotland"},"url":"https:\/\/wp.kristdemokraterna.se\/regionostergotland\/author\/regionostergotland\/"}]}},"_links":{"self":[{"href":"https:\/\/wp.kristdemokraterna.se\/regionostergotland\/wp-json\/wp\/v2\/posts\/1941","targetHints":{"allow":["GET"]}}],"collection":[{"href":"https:\/\/wp.kristdemokraterna.se\/regionostergotland\/wp-json\/wp\/v2\/posts"}],"about":[{"href":"https:\/\/wp.kristdemokraterna.se\/regionostergotland\/wp-json\/wp\/v2\/types\/post"}],"author":[{"embeddable":true,"href":"https:\/\/wp.kristdemokraterna.se\/regionostergotland\/wp-json\/wp\/v2\/users\/737"}],"replies":[{"embeddable":true,"href":"https:\/\/wp.kristdemokraterna.se\/regionostergotland\/wp-json\/wp\/v2\/comments?post=1941"}],"version-history":[{"count":1,"href":"https:\/\/wp.kristdemokraterna.se\/regionostergotland\/wp-json\/wp\/v2\/posts\/1941\/revisions"}],"predecessor-version":[{"id":1943,"href":"https:\/\/wp.kristdemokraterna.se\/regionostergotland\/wp-json\/wp\/v2\/posts\/1941\/revisions\/1943"}],"wp:attachment":[{"href":"https:\/\/wp.kristdemokraterna.se\/regionostergotland\/wp-json\/wp\/v2\/media?parent=1941"}],"wp:term":[{"taxonomy":"category","embeddable":true,"href":"https:\/\/wp.kristdemokraterna.se\/regionostergotland\/wp-json\/wp\/v2\/categories?post=1941"},{"taxonomy":"post_tag","embeddable":true,"href":"https:\/\/wp.kristdemokraterna.se\/regionostergotland\/wp-json\/wp\/v2\/tags?post=1941"}],"curies":[{"name":"wp","href":"https:\/\/api.w.org\/{rel}","templated":true}]}}