{"id":1944,"date":"2022-06-20T10:19:17","date_gmt":"2022-06-20T08:19:17","guid":{"rendered":"https:\/\/wp.kristdemokraterna.se\/regionostergotland\/?p=1944"},"modified":"2022-06-20T10:19:17","modified_gmt":"2022-06-20T08:19:17","slug":"vi-vill-satsa-mer-pa-regionens-medarbetare","status":"publish","type":"post","link":"https:\/\/wp.kristdemokraterna.se\/regionostergotland\/vi-vill-satsa-mer-pa-regionens-medarbetare\/","title":{"rendered":"Vi vill satsa mer p\u00e5 regionens medarbetare!"},"content":{"rendered":"<p><strong>N\u00e4r regionfullm\u00e4ktige p\u00e5 tisdag ska besluta om den sista budgeten f\u00f6r mandatperioden kan vi konstatera att det g\u00f6rs i en tid kantad av kriser.<\/strong><\/p>\n<p>Givetvis t\u00e4nker vi p\u00e5 Coronapandemin, som satt v\u00e5rden och samh\u00e4llet i stort under enorm press och d\u00e4r sviterna kommer vara k\u00e4nnbara under l\u00e5ng tid fram\u00e5t. Samtidigt p\u00e5g\u00e5r ett krig i v\u00e5rt Europa, ett krig med f\u00f6r\u00f6dande konsekvenser som \u00e4nnu \u00e4r sv\u00e5ra att \u00f6verblicka.<\/p>\n<p>Men det finns ocks\u00e5 en annan p\u00e5g\u00e5ende kris. En kris i v\u00e5r n\u00e4rhet, som har p\u00e5g\u00e5tt l\u00e4nge och som till\u00e5tits fortg\u00e5. En kris som kan drabba var och en av oss. Krisen i v\u00e5rden.<\/p>\n<p>Redan innan pandemin hade v\u00e5rdk\u00f6erna vuxit sig l\u00e5nga i Region \u00d6sterg\u00f6tland. Alldeles f\u00f6r l\u00e5nga. M\u00e5nga \u00f6stg\u00f6tar har d\u00e4rf\u00f6r f\u00e5tt v\u00e4nta l\u00e4nge p\u00e5 den v\u00e5rd som de har r\u00e4tt till och beh\u00f6ver, vilket i sig kan ge allvarliga f\u00f6ljder f\u00f6r den enskilde. Moderaterna och Kristdemokraterna har l\u00e4nge kr\u00e4vt att en generalplan f\u00f6r \u00f6kad tillg\u00e4nglighet i v\u00e5rden tas fram, men S-ledningen har konsekvent sagt nej. Vi kommer dock inte ge oss p\u00e5 den punkten. \u00d6stg\u00f6tarna f\u00f6rtj\u00e4nar att f\u00e5 v\u00e5rd n\u00e4r den beh\u00f6vs, i r\u00e4tt tid.<\/p>\n<p>Vi h\u00f6r ocks\u00e5 otaliga vittnesm\u00e5l fr\u00e5n v\u00e5rdens medarbetare om en oh\u00e5llbar arbetssituation, d\u00e4r man inte l\u00e4ngre kan garantera patients\u00e4kerheten och d\u00e4r medarbetarna \u00e4r slutk\u00f6rda. Inte ens p\u00e5 sin lediga tid f\u00e5r man vara ledig p\u00e5 riktigt d\u00e5 det rings och sms:as om att t\u00e4cka upp obemannade pass. Situationen \u00e4r oh\u00e5llbar.<\/p>\n<p>F\u00f6r att komma till r\u00e4tta med detta finns inga genv\u00e4gar. Vi beh\u00f6ver satsa p\u00e5 v\u00e5rdens viktigaste resurs \u2013 medarbetarna. Regionens attraktivitet som arbetsgivare \u00e4r av avg\u00f6rande betydelse f\u00f6r att m\u00f6ta behovet av kompetens i dag och fram\u00e5t. I v\u00e5rt budgetf\u00f6rslag presenterar vi ett batteri av \u00e5tg\u00e4rder f\u00f6r att beh\u00e5lla och rekrytera medarbetare till v\u00e5rden.<\/p>\n<p>En avg\u00f6rande faktor \u00e4r att man som medarbetare i sjukv\u00e5rden ska kunna ha ett s\u00e5 pass h\u00e5llbart arbetsliv att man orkar arbeta ett helt yrkesliv och kunna kombinera arbetet med ett fungerande familjeliv. S\u00e5 ser inte verkligheten ut f\u00f6r alla idag. H\u00e4r \u00e4r utvecklandet av schematidsmodeller, som ger m\u00f6jlighet till \u00e5terh\u00e4mtning, en viktig pusselbit. Men det m\u00e5ste ocks\u00e5 l\u00f6na sig mer att arbeta obekv\u00e4ma arbetstider. Vi vill d\u00e4rf\u00f6r h\u00f6ja OB-till\u00e4gget f\u00f6r alla som jobbar i v\u00e5rden.<\/p>\n<p>F\u00f6r att \u00f6ka regionens attraktivitet som arbetsgivare handlar det ocks\u00e5 om att skapa fler karri\u00e4rv\u00e4gar inom v\u00e5rden och att det \u2013 inte minst \u2013 visas tillit till de som kan v\u00e5rden allra b\u00e4st. Innovationsid\u00e9er och engagemang hos v\u00e5rdens medarbetare ska b\u00e4ttre tas tillvara. Fr\u00e5n politisk niv\u00e5 ska fungerande l\u00f6sningar v\u00e4lkomnas, inte motarbetas f\u00f6r att det eventuellt inte passar in i mallen.<\/p>\n<p>Det \u00e4r ocks\u00e5 viktigt att betona att ett v\u00e4l fungerande ledarskap \u00e4r nyckeln till en v\u00e4l fungerande organisation. D\u00e4rf\u00f6r beh\u00f6vs b\u00e5de utveckling av dagens chefer, men ocks\u00e5 av morgondagens. Vi vet hur centralt bra ledarskap \u00e4r f\u00f6r en verksamhet och vi vet ocks\u00e5 vad motsatsen kan betyda.<\/p>\n<p>Vi vet att det utf\u00f6rs fantastiska insatser varje dag inom sjukv\u00e5rden i Region \u00d6sterg\u00f6tland. Vi har en v\u00e5rd att vara stolta \u00f6ver p\u00e5 m\u00e5nga s\u00e4tt. Men vi h\u00f6r att v\u00e5rdens medarbetare ropar sig hesa om att gr\u00e4nsen f\u00f6r vad de klarar av \u00e4r n\u00e5dd. Och vi ser dig, som bakom statistik g\u00f6ms i en v\u00e5rdk\u00f6, d\u00e4r du i detta nu v\u00e4ntar p\u00e5 den v\u00e5rd som du s\u00e5 v\u00e4l beh\u00f6ver.<\/p>\n<p>Moderaterna och Kristdemokraterna menar att regionen beh\u00f6ver en nystart, med ett ledarskap som har f\u00f6rm\u00e5ga att ta ansvar och som inte blundar f\u00f6r problemen. Vi \u00e4r redo att f\u00e5 ordning p\u00e5 Region \u00d6sterg\u00f6tland.<\/p>\n<p>Marie Morell (M), oppositionsr\u00e5d Region \u00d6sterg\u00f6tland<br \/>\nFredrik Sj\u00f6strand (M), oppositionsr\u00e5d Region \u00d6sterg\u00f6tland<br \/>\nPer Larsson, (KD) oppositionsr\u00e5d Region \u00d6sterg\u00f6tland<\/p>\n<p>&nbsp;<\/p>\n","protected":false},"excerpt":{"rendered":"<p>N\u00e4r regionfullm\u00e4ktige p\u00e5 tisdag ska besluta om den sista budgeten f\u00f6r mandatperioden kan vi konstatera att det g\u00f6rs i en tid kantad av kriser. Givetvis t\u00e4nker vi p\u00e5 Coronapandemin, som satt v\u00e5rden och samh\u00e4llet i stort under enorm press och d\u00e4r sviterna kommer vara k\u00e4nnbara under l\u00e5ng tid fram\u00e5t. Samtidigt p\u00e5g\u00e5r ett krig i v\u00e5rt <a class=\"read-more-link\" href=\"https:\/\/wp.kristdemokraterna.se\/regionostergotland\/vi-vill-satsa-mer-pa-regionens-medarbetare\/\">Read More<\/a><\/p>\n","protected":false},"author":737,"featured_media":0,"comment_status":"closed","ping_status":"closed","sticky":false,"template":"","format":"standard","meta":{"_acf_changed":false,"footnotes":""},"categories":[1],"tags":[],"class_list":["post-1944","post","type-post","status-publish","format-standard","hentry","category-nyheter"],"acf":[],"yoast_head":"<!-- This site is optimized with the Yoast SEO plugin v27.5 - https:\/\/yoast.com\/product\/yoast-seo-wordpress\/ -->\n<title>Vi vill satsa mer p\u00e5 regionens medarbetare! - i Region \u00d6sterg\u00f6tland<\/title>\n<meta name=\"robots\" content=\"index, follow, max-snippet:-1, max-image-preview:large, max-video-preview:-1\" \/>\n<link rel=\"canonical\" href=\"https:\/\/wp.kristdemokraterna.se\/regionostergotland\/vi-vill-satsa-mer-pa-regionens-medarbetare\/\" \/>\n<meta property=\"og:locale\" content=\"sv_SE\" \/>\n<meta property=\"og:type\" content=\"article\" \/>\n<meta property=\"og:title\" content=\"Vi vill satsa mer p\u00e5 regionens medarbetare! - i Region \u00d6sterg\u00f6tland\" \/>\n<meta property=\"og:description\" content=\"N\u00e4r regionfullm\u00e4ktige p\u00e5 tisdag ska besluta om den sista budgeten f\u00f6r mandatperioden kan vi konstatera att det g\u00f6rs i en tid kantad av kriser. Givetvis t\u00e4nker vi p\u00e5 Coronapandemin, som satt v\u00e5rden och samh\u00e4llet i stort under enorm press och d\u00e4r sviterna kommer vara k\u00e4nnbara under l\u00e5ng tid fram\u00e5t. Samtidigt p\u00e5g\u00e5r ett krig i v\u00e5rt Read More\" \/>\n<meta property=\"og:url\" content=\"https:\/\/wp.kristdemokraterna.se\/regionostergotland\/vi-vill-satsa-mer-pa-regionens-medarbetare\/\" \/>\n<meta property=\"og:site_name\" content=\"i Region \u00d6sterg\u00f6tland\" \/>\n<meta property=\"article:published_time\" content=\"2022-06-20T08:19:17+00:00\" \/>\n<meta name=\"author\" content=\"regionostergotland\" \/>\n<meta name=\"twitter:card\" content=\"summary_large_image\" \/>\n<meta name=\"twitter:label1\" content=\"Skriven av\" \/>\n\t<meta name=\"twitter:data1\" content=\"regionostergotland\" \/>\n\t<meta name=\"twitter:label2\" content=\"Ber\u00e4knad l\u00e4stid\" \/>\n\t<meta name=\"twitter:data2\" content=\"4 minuter\" \/>\n<script type=\"application\/ld+json\" class=\"yoast-schema-graph\">{\"@context\":\"https:\\\/\\\/schema.org\",\"@graph\":[{\"@type\":\"Article\",\"@id\":\"https:\\\/\\\/wp.kristdemokraterna.se\\\/regionostergotland\\\/vi-vill-satsa-mer-pa-regionens-medarbetare\\\/#article\",\"isPartOf\":{\"@id\":\"https:\\\/\\\/wp.kristdemokraterna.se\\\/regionostergotland\\\/vi-vill-satsa-mer-pa-regionens-medarbetare\\\/\"},\"author\":{\"name\":\"regionostergotland\",\"@id\":\"https:\\\/\\\/wp.kristdemokraterna.se\\\/regionostergotland\\\/#\\\/schema\\\/person\\\/74c3c4f502fcc489722a7be0dfe0088c\"},\"headline\":\"Vi vill satsa mer p\u00e5 regionens medarbetare!\",\"datePublished\":\"2022-06-20T08:19:17+00:00\",\"mainEntityOfPage\":{\"@id\":\"https:\\\/\\\/wp.kristdemokraterna.se\\\/regionostergotland\\\/vi-vill-satsa-mer-pa-regionens-medarbetare\\\/\"},\"wordCount\":748,\"articleSection\":[\"Nyheter\"],\"inLanguage\":\"sv-SE\"},{\"@type\":\"WebPage\",\"@id\":\"https:\\\/\\\/wp.kristdemokraterna.se\\\/regionostergotland\\\/vi-vill-satsa-mer-pa-regionens-medarbetare\\\/\",\"url\":\"https:\\\/\\\/wp.kristdemokraterna.se\\\/regionostergotland\\\/vi-vill-satsa-mer-pa-regionens-medarbetare\\\/\",\"name\":\"Vi vill satsa mer p\u00e5 regionens medarbetare! - i Region \u00d6sterg\u00f6tland\",\"isPartOf\":{\"@id\":\"https:\\\/\\\/wp.kristdemokraterna.se\\\/regionostergotland\\\/#website\"},\"datePublished\":\"2022-06-20T08:19:17+00:00\",\"author\":{\"@id\":\"https:\\\/\\\/wp.kristdemokraterna.se\\\/regionostergotland\\\/#\\\/schema\\\/person\\\/74c3c4f502fcc489722a7be0dfe0088c\"},\"breadcrumb\":{\"@id\":\"https:\\\/\\\/wp.kristdemokraterna.se\\\/regionostergotland\\\/vi-vill-satsa-mer-pa-regionens-medarbetare\\\/#breadcrumb\"},\"inLanguage\":\"sv-SE\",\"potentialAction\":[{\"@type\":\"ReadAction\",\"target\":[\"https:\\\/\\\/wp.kristdemokraterna.se\\\/regionostergotland\\\/vi-vill-satsa-mer-pa-regionens-medarbetare\\\/\"]}]},{\"@type\":\"BreadcrumbList\",\"@id\":\"https:\\\/\\\/wp.kristdemokraterna.se\\\/regionostergotland\\\/vi-vill-satsa-mer-pa-regionens-medarbetare\\\/#breadcrumb\",\"itemListElement\":[{\"@type\":\"ListItem\",\"position\":1,\"name\":\"Hem\",\"item\":\"https:\\\/\\\/wp.kristdemokraterna.se\\\/regionostergotland\\\/\"},{\"@type\":\"ListItem\",\"position\":2,\"name\":\"Vi vill satsa mer p\u00e5 regionens medarbetare!\"}]},{\"@type\":\"WebSite\",\"@id\":\"https:\\\/\\\/wp.kristdemokraterna.se\\\/regionostergotland\\\/#website\",\"url\":\"https:\\\/\\\/wp.kristdemokraterna.se\\\/regionostergotland\\\/\",\"name\":\"i Region \u00d6sterg\u00f6tland\",\"description\":\"\",\"inLanguage\":\"sv-SE\"},{\"@type\":\"Person\",\"@id\":\"https:\\\/\\\/wp.kristdemokraterna.se\\\/regionostergotland\\\/#\\\/schema\\\/person\\\/74c3c4f502fcc489722a7be0dfe0088c\",\"name\":\"regionostergotland\",\"image\":{\"@type\":\"ImageObject\",\"inLanguage\":\"sv-SE\",\"@id\":\"https:\\\/\\\/secure.gravatar.com\\\/avatar\\\/8fb8f0a216e627554da57506bfaf78d677f45512f24f703e185ec701423b1e92?s=96&d=mm&r=g\",\"url\":\"https:\\\/\\\/secure.gravatar.com\\\/avatar\\\/8fb8f0a216e627554da57506bfaf78d677f45512f24f703e185ec701423b1e92?s=96&d=mm&r=g\",\"contentUrl\":\"https:\\\/\\\/secure.gravatar.com\\\/avatar\\\/8fb8f0a216e627554da57506bfaf78d677f45512f24f703e185ec701423b1e92?s=96&d=mm&r=g\",\"caption\":\"regionostergotland\"},\"url\":\"https:\\\/\\\/wp.kristdemokraterna.se\\\/regionostergotland\\\/author\\\/regionostergotland\\\/\"}]}<\/script>\n<!-- \/ Yoast SEO plugin. -->","yoast_head_json":{"title":"Vi vill satsa mer p\u00e5 regionens medarbetare! - i Region \u00d6sterg\u00f6tland","robots":{"index":"index","follow":"follow","max-snippet":"max-snippet:-1","max-image-preview":"max-image-preview:large","max-video-preview":"max-video-preview:-1"},"canonical":"https:\/\/wp.kristdemokraterna.se\/regionostergotland\/vi-vill-satsa-mer-pa-regionens-medarbetare\/","og_locale":"sv_SE","og_type":"article","og_title":"Vi vill satsa mer p\u00e5 regionens medarbetare! - i Region \u00d6sterg\u00f6tland","og_description":"N\u00e4r regionfullm\u00e4ktige p\u00e5 tisdag ska besluta om den sista budgeten f\u00f6r mandatperioden kan vi konstatera att det g\u00f6rs i en tid kantad av kriser. Givetvis t\u00e4nker vi p\u00e5 Coronapandemin, som satt v\u00e5rden och samh\u00e4llet i stort under enorm press och d\u00e4r sviterna kommer vara k\u00e4nnbara under l\u00e5ng tid fram\u00e5t. Samtidigt p\u00e5g\u00e5r ett krig i v\u00e5rt Read More","og_url":"https:\/\/wp.kristdemokraterna.se\/regionostergotland\/vi-vill-satsa-mer-pa-regionens-medarbetare\/","og_site_name":"i Region \u00d6sterg\u00f6tland","article_published_time":"2022-06-20T08:19:17+00:00","author":"regionostergotland","twitter_card":"summary_large_image","twitter_misc":{"Skriven av":"regionostergotland","Ber\u00e4knad l\u00e4stid":"4 minuter"},"schema":{"@context":"https:\/\/schema.org","@graph":[{"@type":"Article","@id":"https:\/\/wp.kristdemokraterna.se\/regionostergotland\/vi-vill-satsa-mer-pa-regionens-medarbetare\/#article","isPartOf":{"@id":"https:\/\/wp.kristdemokraterna.se\/regionostergotland\/vi-vill-satsa-mer-pa-regionens-medarbetare\/"},"author":{"name":"regionostergotland","@id":"https:\/\/wp.kristdemokraterna.se\/regionostergotland\/#\/schema\/person\/74c3c4f502fcc489722a7be0dfe0088c"},"headline":"Vi vill satsa mer p\u00e5 regionens medarbetare!","datePublished":"2022-06-20T08:19:17+00:00","mainEntityOfPage":{"@id":"https:\/\/wp.kristdemokraterna.se\/regionostergotland\/vi-vill-satsa-mer-pa-regionens-medarbetare\/"},"wordCount":748,"articleSection":["Nyheter"],"inLanguage":"sv-SE"},{"@type":"WebPage","@id":"https:\/\/wp.kristdemokraterna.se\/regionostergotland\/vi-vill-satsa-mer-pa-regionens-medarbetare\/","url":"https:\/\/wp.kristdemokraterna.se\/regionostergotland\/vi-vill-satsa-mer-pa-regionens-medarbetare\/","name":"Vi vill satsa mer p\u00e5 regionens medarbetare! - i Region \u00d6sterg\u00f6tland","isPartOf":{"@id":"https:\/\/wp.kristdemokraterna.se\/regionostergotland\/#website"},"datePublished":"2022-06-20T08:19:17+00:00","author":{"@id":"https:\/\/wp.kristdemokraterna.se\/regionostergotland\/#\/schema\/person\/74c3c4f502fcc489722a7be0dfe0088c"},"breadcrumb":{"@id":"https:\/\/wp.kristdemokraterna.se\/regionostergotland\/vi-vill-satsa-mer-pa-regionens-medarbetare\/#breadcrumb"},"inLanguage":"sv-SE","potentialAction":[{"@type":"ReadAction","target":["https:\/\/wp.kristdemokraterna.se\/regionostergotland\/vi-vill-satsa-mer-pa-regionens-medarbetare\/"]}]},{"@type":"BreadcrumbList","@id":"https:\/\/wp.kristdemokraterna.se\/regionostergotland\/vi-vill-satsa-mer-pa-regionens-medarbetare\/#breadcrumb","itemListElement":[{"@type":"ListItem","position":1,"name":"Hem","item":"https:\/\/wp.kristdemokraterna.se\/regionostergotland\/"},{"@type":"ListItem","position":2,"name":"Vi vill satsa mer p\u00e5 regionens medarbetare!"}]},{"@type":"WebSite","@id":"https:\/\/wp.kristdemokraterna.se\/regionostergotland\/#website","url":"https:\/\/wp.kristdemokraterna.se\/regionostergotland\/","name":"i Region \u00d6sterg\u00f6tland","description":"","inLanguage":"sv-SE"},{"@type":"Person","@id":"https:\/\/wp.kristdemokraterna.se\/regionostergotland\/#\/schema\/person\/74c3c4f502fcc489722a7be0dfe0088c","name":"regionostergotland","image":{"@type":"ImageObject","inLanguage":"sv-SE","@id":"https:\/\/secure.gravatar.com\/avatar\/8fb8f0a216e627554da57506bfaf78d677f45512f24f703e185ec701423b1e92?s=96&d=mm&r=g","url":"https:\/\/secure.gravatar.com\/avatar\/8fb8f0a216e627554da57506bfaf78d677f45512f24f703e185ec701423b1e92?s=96&d=mm&r=g","contentUrl":"https:\/\/secure.gravatar.com\/avatar\/8fb8f0a216e627554da57506bfaf78d677f45512f24f703e185ec701423b1e92?s=96&d=mm&r=g","caption":"regionostergotland"},"url":"https:\/\/wp.kristdemokraterna.se\/regionostergotland\/author\/regionostergotland\/"}]}},"_links":{"self":[{"href":"https:\/\/wp.kristdemokraterna.se\/regionostergotland\/wp-json\/wp\/v2\/posts\/1944","targetHints":{"allow":["GET"]}}],"collection":[{"href":"https:\/\/wp.kristdemokraterna.se\/regionostergotland\/wp-json\/wp\/v2\/posts"}],"about":[{"href":"https:\/\/wp.kristdemokraterna.se\/regionostergotland\/wp-json\/wp\/v2\/types\/post"}],"author":[{"embeddable":true,"href":"https:\/\/wp.kristdemokraterna.se\/regionostergotland\/wp-json\/wp\/v2\/users\/737"}],"replies":[{"embeddable":true,"href":"https:\/\/wp.kristdemokraterna.se\/regionostergotland\/wp-json\/wp\/v2\/comments?post=1944"}],"version-history":[{"count":1,"href":"https:\/\/wp.kristdemokraterna.se\/regionostergotland\/wp-json\/wp\/v2\/posts\/1944\/revisions"}],"predecessor-version":[{"id":1946,"href":"https:\/\/wp.kristdemokraterna.se\/regionostergotland\/wp-json\/wp\/v2\/posts\/1944\/revisions\/1946"}],"wp:attachment":[{"href":"https:\/\/wp.kristdemokraterna.se\/regionostergotland\/wp-json\/wp\/v2\/media?parent=1944"}],"wp:term":[{"taxonomy":"category","embeddable":true,"href":"https:\/\/wp.kristdemokraterna.se\/regionostergotland\/wp-json\/wp\/v2\/categories?post=1944"},{"taxonomy":"post_tag","embeddable":true,"href":"https:\/\/wp.kristdemokraterna.se\/regionostergotland\/wp-json\/wp\/v2\/tags?post=1944"}],"curies":[{"name":"wp","href":"https:\/\/api.w.org\/{rel}","templated":true}]}}