{"id":1952,"date":"2022-06-22T12:16:29","date_gmt":"2022-06-22T10:16:29","guid":{"rendered":"https:\/\/wp.kristdemokraterna.se\/regionostergotland\/?p=1952"},"modified":"2022-06-22T12:20:07","modified_gmt":"2022-06-22T10:20:07","slug":"ett-steg-narmare-hospice-i-ostergotland","status":"publish","type":"post","link":"https:\/\/wp.kristdemokraterna.se\/regionostergotland\/ett-steg-narmare-hospice-i-ostergotland\/","title":{"rendered":"Ett steg n\u00e4rmare hospice i \u00d6sterg\u00f6tland"},"content":{"rendered":"<p><strong>Moderaterna och Kristdemokraterna har l\u00e4mnat in en motion till regionfullm\u00e4ktige om att st\u00e4rka den palliativa v\u00e5rden och att f\u00f6ruts\u00e4ttningarna f\u00f6r hospiceverksamhet i \u00d6sterg\u00f6tland ska utredas. N\u00e5got som nu den styrande koalitionen st\u00e4ller sig bakom och regionfullm\u00e4ktige r\u00f6stade JA till f\u00f6rslaget.<\/strong><\/p>\n<p>Trots att befolkningen i regionen \u00f6kat och att antal \u00e4ldre hela tiden blir fler har slutenv\u00e5rdsplatser och \u00e4ven platserna p\u00e5 lasarettansluten hemsjukv\u00e5rd (LAH) minskat. Det har ocks\u00e5 skett en f\u00f6r\u00e4ndring av cancerv\u00e5rden, d\u00e4r den onkologiska behandlingen ofta fortg\u00e5r l\u00e4ngre i livsprocessen.<\/p>\n<p>&#8211; Sammantaget kan tyv\u00e4rr \u00d6sterg\u00f6tland idag inte garantera valfrihet n\u00e4r livets slut n\u00e4rmar sig. Vi \u00e4r av uppfattningen att en \u00f6versyn av den palliativa v\u00e5rden i \u00d6sterg\u00f6tland \u00e4r p\u00e5 sin plats f\u00f6r att se vilka behov som finns kring utbud, bem\u00f6tande och information samt hur verksamheten kan utvecklas f\u00f6r att s\u00e4kra kvalitet och valfrihet, s\u00e4ger en av motion\u00e4rerna Per-Arne Fall (M), ledamot i h\u00e4lso- och sjukv\u00e5rdsn\u00e4mnden.<\/p>\n<p>&#8211; I flertalet stora kommuner i Sverige finns m\u00f6jlighet att i livets slutskede v\u00e5rdas p\u00e5 hospice, men inte i \u00d6sterg\u00f6tland. Vi menar att det \u00e4r dags att utreda f\u00f6ruts\u00e4ttningarna f\u00f6r ett hospice h\u00e4r i v\u00e5r region. Hospiceverksamheten ska finnas f\u00f6r de patienter som har en obotlig och l\u00e5ngt framskriden sjukdom med en begr\u00e4nsad \u00e5terst\u00e5ende tid i livet, forts\u00e4tter Stefan Red\u00e9en (KD), ledamot i regionfullm\u00e4ktige tillika motion\u00e4r.<\/p>\n<p>&#8211; Vi menar att v\u00e5ra medborgare beh\u00f6ver vara trygga i vetskapen att n\u00e4r de hamnar i livets slutskede, att det finns en specialiserad v\u00e5rd som ser till att deras unika v\u00e5rdbehov tillfredsst\u00e4lls, oavsett vilken v\u00e5rdform som \u00e4r mest l\u00e4mplig f\u00f6r patienten i fr\u00e5ga. D\u00e4rf\u00f6r \u00e4r vi glada att v\u00e5ra f\u00f6rslag nu ser ut att bli verklighet, avslutar Fall och Red\u00e9en.<\/p>\n<p><em>L\u00e4nk till motionen i sin helhet samt koalitionens svar: <\/em><a href=\"https:\/\/dokument.regionostergotland.se\/Politiska%20dokument\/Regionfullm%C3%A4ktige\/2022%20Regionfullm%C3%A4ktige\/2022-06-21--22\/02.%20Besluts%C3%A4renden\/10.%20Svar%20p%C3%A5%20motion%20palliativ%20v%C3%A5rd.pdf\" target=\"_blank\" rel=\"noopener\">https:\/\/dokument.regionostergotland.se\/Politiska%20dokument\/Regionfullm%C3%A4ktige\/2022%20Regionfullm%C3%A4ktige\/2022-06-21&#8211;22\/02.%20Besluts%C3%A4renden\/10.%20Svar%20p%C3%A5%20motion%20palliativ%20v%C3%A5rd.pdf<\/a><\/p>\n<p><strong>Kontakt:<br \/>\n<\/strong>Per-Arne Fall (M), 070-603 78 84<br \/>\nStefan Red\u00e9en (KD), 070-234 26 39<\/p>\n","protected":false},"excerpt":{"rendered":"<p>Moderaterna och Kristdemokraterna har l\u00e4mnat in en motion till regionfullm\u00e4ktige om att st\u00e4rka den palliativa v\u00e5rden och att f\u00f6ruts\u00e4ttningarna f\u00f6r hospiceverksamhet i \u00d6sterg\u00f6tland ska utredas. N\u00e5got som nu den styrande koalitionen st\u00e4ller sig bakom och regionfullm\u00e4ktige r\u00f6stade JA till f\u00f6rslaget. Trots att befolkningen i regionen \u00f6kat och att antal \u00e4ldre hela tiden blir fler har <a class=\"read-more-link\" href=\"https:\/\/wp.kristdemokraterna.se\/regionostergotland\/ett-steg-narmare-hospice-i-ostergotland\/\">Read More<\/a><\/p>\n","protected":false},"author":737,"featured_media":0,"comment_status":"closed","ping_status":"closed","sticky":false,"template":"","format":"standard","meta":{"_acf_changed":false,"footnotes":""},"categories":[1],"tags":[],"class_list":["post-1952","post","type-post","status-publish","format-standard","hentry","category-nyheter"],"acf":[],"yoast_head":"<!-- This site is optimized with the Yoast SEO plugin v27.5 - https:\/\/yoast.com\/product\/yoast-seo-wordpress\/ -->\n<title>Ett steg n\u00e4rmare hospice i \u00d6sterg\u00f6tland - i Region \u00d6sterg\u00f6tland<\/title>\n<meta name=\"robots\" content=\"index, follow, max-snippet:-1, max-image-preview:large, max-video-preview:-1\" \/>\n<link rel=\"canonical\" href=\"https:\/\/wp.kristdemokraterna.se\/regionostergotland\/ett-steg-narmare-hospice-i-ostergotland\/\" \/>\n<meta property=\"og:locale\" content=\"sv_SE\" \/>\n<meta property=\"og:type\" content=\"article\" \/>\n<meta property=\"og:title\" content=\"Ett steg n\u00e4rmare hospice i \u00d6sterg\u00f6tland - i Region \u00d6sterg\u00f6tland\" \/>\n<meta property=\"og:description\" content=\"Moderaterna och Kristdemokraterna har l\u00e4mnat in en motion till regionfullm\u00e4ktige om att st\u00e4rka den palliativa v\u00e5rden och att f\u00f6ruts\u00e4ttningarna f\u00f6r hospiceverksamhet i \u00d6sterg\u00f6tland ska utredas. N\u00e5got som nu den styrande koalitionen st\u00e4ller sig bakom och regionfullm\u00e4ktige r\u00f6stade JA till f\u00f6rslaget. Trots att befolkningen i regionen \u00f6kat och att antal \u00e4ldre hela tiden blir fler har Read More\" \/>\n<meta property=\"og:url\" content=\"https:\/\/wp.kristdemokraterna.se\/regionostergotland\/ett-steg-narmare-hospice-i-ostergotland\/\" \/>\n<meta property=\"og:site_name\" content=\"i Region \u00d6sterg\u00f6tland\" \/>\n<meta property=\"article:published_time\" content=\"2022-06-22T10:16:29+00:00\" \/>\n<meta property=\"article:modified_time\" content=\"2022-06-22T10:20:07+00:00\" \/>\n<meta name=\"author\" content=\"regionostergotland\" \/>\n<meta name=\"twitter:card\" content=\"summary_large_image\" \/>\n<meta name=\"twitter:label1\" content=\"Skriven av\" \/>\n\t<meta name=\"twitter:data1\" content=\"regionostergotland\" \/>\n\t<meta name=\"twitter:label2\" content=\"Ber\u00e4knad l\u00e4stid\" \/>\n\t<meta name=\"twitter:data2\" content=\"2 minuter\" \/>\n<script type=\"application\/ld+json\" class=\"yoast-schema-graph\">{\"@context\":\"https:\\\/\\\/schema.org\",\"@graph\":[{\"@type\":\"Article\",\"@id\":\"https:\\\/\\\/wp.kristdemokraterna.se\\\/regionostergotland\\\/ett-steg-narmare-hospice-i-ostergotland\\\/#article\",\"isPartOf\":{\"@id\":\"https:\\\/\\\/wp.kristdemokraterna.se\\\/regionostergotland\\\/ett-steg-narmare-hospice-i-ostergotland\\\/\"},\"author\":{\"name\":\"regionostergotland\",\"@id\":\"https:\\\/\\\/wp.kristdemokraterna.se\\\/regionostergotland\\\/#\\\/schema\\\/person\\\/74c3c4f502fcc489722a7be0dfe0088c\"},\"headline\":\"Ett steg n\u00e4rmare hospice i \u00d6sterg\u00f6tland\",\"datePublished\":\"2022-06-22T10:16:29+00:00\",\"dateModified\":\"2022-06-22T10:20:07+00:00\",\"mainEntityOfPage\":{\"@id\":\"https:\\\/\\\/wp.kristdemokraterna.se\\\/regionostergotland\\\/ett-steg-narmare-hospice-i-ostergotland\\\/\"},\"wordCount\":400,\"articleSection\":[\"Nyheter\"],\"inLanguage\":\"sv-SE\"},{\"@type\":\"WebPage\",\"@id\":\"https:\\\/\\\/wp.kristdemokraterna.se\\\/regionostergotland\\\/ett-steg-narmare-hospice-i-ostergotland\\\/\",\"url\":\"https:\\\/\\\/wp.kristdemokraterna.se\\\/regionostergotland\\\/ett-steg-narmare-hospice-i-ostergotland\\\/\",\"name\":\"Ett steg n\u00e4rmare hospice i \u00d6sterg\u00f6tland - i Region \u00d6sterg\u00f6tland\",\"isPartOf\":{\"@id\":\"https:\\\/\\\/wp.kristdemokraterna.se\\\/regionostergotland\\\/#website\"},\"datePublished\":\"2022-06-22T10:16:29+00:00\",\"dateModified\":\"2022-06-22T10:20:07+00:00\",\"author\":{\"@id\":\"https:\\\/\\\/wp.kristdemokraterna.se\\\/regionostergotland\\\/#\\\/schema\\\/person\\\/74c3c4f502fcc489722a7be0dfe0088c\"},\"breadcrumb\":{\"@id\":\"https:\\\/\\\/wp.kristdemokraterna.se\\\/regionostergotland\\\/ett-steg-narmare-hospice-i-ostergotland\\\/#breadcrumb\"},\"inLanguage\":\"sv-SE\",\"potentialAction\":[{\"@type\":\"ReadAction\",\"target\":[\"https:\\\/\\\/wp.kristdemokraterna.se\\\/regionostergotland\\\/ett-steg-narmare-hospice-i-ostergotland\\\/\"]}]},{\"@type\":\"BreadcrumbList\",\"@id\":\"https:\\\/\\\/wp.kristdemokraterna.se\\\/regionostergotland\\\/ett-steg-narmare-hospice-i-ostergotland\\\/#breadcrumb\",\"itemListElement\":[{\"@type\":\"ListItem\",\"position\":1,\"name\":\"Hem\",\"item\":\"https:\\\/\\\/wp.kristdemokraterna.se\\\/regionostergotland\\\/\"},{\"@type\":\"ListItem\",\"position\":2,\"name\":\"Ett steg n\u00e4rmare hospice i \u00d6sterg\u00f6tland\"}]},{\"@type\":\"WebSite\",\"@id\":\"https:\\\/\\\/wp.kristdemokraterna.se\\\/regionostergotland\\\/#website\",\"url\":\"https:\\\/\\\/wp.kristdemokraterna.se\\\/regionostergotland\\\/\",\"name\":\"i Region \u00d6sterg\u00f6tland\",\"description\":\"\",\"inLanguage\":\"sv-SE\"},{\"@type\":\"Person\",\"@id\":\"https:\\\/\\\/wp.kristdemokraterna.se\\\/regionostergotland\\\/#\\\/schema\\\/person\\\/74c3c4f502fcc489722a7be0dfe0088c\",\"name\":\"regionostergotland\",\"image\":{\"@type\":\"ImageObject\",\"inLanguage\":\"sv-SE\",\"@id\":\"https:\\\/\\\/secure.gravatar.com\\\/avatar\\\/8fb8f0a216e627554da57506bfaf78d677f45512f24f703e185ec701423b1e92?s=96&d=mm&r=g\",\"url\":\"https:\\\/\\\/secure.gravatar.com\\\/avatar\\\/8fb8f0a216e627554da57506bfaf78d677f45512f24f703e185ec701423b1e92?s=96&d=mm&r=g\",\"contentUrl\":\"https:\\\/\\\/secure.gravatar.com\\\/avatar\\\/8fb8f0a216e627554da57506bfaf78d677f45512f24f703e185ec701423b1e92?s=96&d=mm&r=g\",\"caption\":\"regionostergotland\"},\"url\":\"https:\\\/\\\/wp.kristdemokraterna.se\\\/regionostergotland\\\/author\\\/regionostergotland\\\/\"}]}<\/script>\n<!-- \/ Yoast SEO plugin. -->","yoast_head_json":{"title":"Ett steg n\u00e4rmare hospice i \u00d6sterg\u00f6tland - i Region \u00d6sterg\u00f6tland","robots":{"index":"index","follow":"follow","max-snippet":"max-snippet:-1","max-image-preview":"max-image-preview:large","max-video-preview":"max-video-preview:-1"},"canonical":"https:\/\/wp.kristdemokraterna.se\/regionostergotland\/ett-steg-narmare-hospice-i-ostergotland\/","og_locale":"sv_SE","og_type":"article","og_title":"Ett steg n\u00e4rmare hospice i \u00d6sterg\u00f6tland - i Region \u00d6sterg\u00f6tland","og_description":"Moderaterna och Kristdemokraterna har l\u00e4mnat in en motion till regionfullm\u00e4ktige om att st\u00e4rka den palliativa v\u00e5rden och att f\u00f6ruts\u00e4ttningarna f\u00f6r hospiceverksamhet i \u00d6sterg\u00f6tland ska utredas. N\u00e5got som nu den styrande koalitionen st\u00e4ller sig bakom och regionfullm\u00e4ktige r\u00f6stade JA till f\u00f6rslaget. Trots att befolkningen i regionen \u00f6kat och att antal \u00e4ldre hela tiden blir fler har Read More","og_url":"https:\/\/wp.kristdemokraterna.se\/regionostergotland\/ett-steg-narmare-hospice-i-ostergotland\/","og_site_name":"i Region \u00d6sterg\u00f6tland","article_published_time":"2022-06-22T10:16:29+00:00","article_modified_time":"2022-06-22T10:20:07+00:00","author":"regionostergotland","twitter_card":"summary_large_image","twitter_misc":{"Skriven av":"regionostergotland","Ber\u00e4knad l\u00e4stid":"2 minuter"},"schema":{"@context":"https:\/\/schema.org","@graph":[{"@type":"Article","@id":"https:\/\/wp.kristdemokraterna.se\/regionostergotland\/ett-steg-narmare-hospice-i-ostergotland\/#article","isPartOf":{"@id":"https:\/\/wp.kristdemokraterna.se\/regionostergotland\/ett-steg-narmare-hospice-i-ostergotland\/"},"author":{"name":"regionostergotland","@id":"https:\/\/wp.kristdemokraterna.se\/regionostergotland\/#\/schema\/person\/74c3c4f502fcc489722a7be0dfe0088c"},"headline":"Ett steg n\u00e4rmare hospice i \u00d6sterg\u00f6tland","datePublished":"2022-06-22T10:16:29+00:00","dateModified":"2022-06-22T10:20:07+00:00","mainEntityOfPage":{"@id":"https:\/\/wp.kristdemokraterna.se\/regionostergotland\/ett-steg-narmare-hospice-i-ostergotland\/"},"wordCount":400,"articleSection":["Nyheter"],"inLanguage":"sv-SE"},{"@type":"WebPage","@id":"https:\/\/wp.kristdemokraterna.se\/regionostergotland\/ett-steg-narmare-hospice-i-ostergotland\/","url":"https:\/\/wp.kristdemokraterna.se\/regionostergotland\/ett-steg-narmare-hospice-i-ostergotland\/","name":"Ett steg n\u00e4rmare hospice i \u00d6sterg\u00f6tland - i Region \u00d6sterg\u00f6tland","isPartOf":{"@id":"https:\/\/wp.kristdemokraterna.se\/regionostergotland\/#website"},"datePublished":"2022-06-22T10:16:29+00:00","dateModified":"2022-06-22T10:20:07+00:00","author":{"@id":"https:\/\/wp.kristdemokraterna.se\/regionostergotland\/#\/schema\/person\/74c3c4f502fcc489722a7be0dfe0088c"},"breadcrumb":{"@id":"https:\/\/wp.kristdemokraterna.se\/regionostergotland\/ett-steg-narmare-hospice-i-ostergotland\/#breadcrumb"},"inLanguage":"sv-SE","potentialAction":[{"@type":"ReadAction","target":["https:\/\/wp.kristdemokraterna.se\/regionostergotland\/ett-steg-narmare-hospice-i-ostergotland\/"]}]},{"@type":"BreadcrumbList","@id":"https:\/\/wp.kristdemokraterna.se\/regionostergotland\/ett-steg-narmare-hospice-i-ostergotland\/#breadcrumb","itemListElement":[{"@type":"ListItem","position":1,"name":"Hem","item":"https:\/\/wp.kristdemokraterna.se\/regionostergotland\/"},{"@type":"ListItem","position":2,"name":"Ett steg n\u00e4rmare hospice i \u00d6sterg\u00f6tland"}]},{"@type":"WebSite","@id":"https:\/\/wp.kristdemokraterna.se\/regionostergotland\/#website","url":"https:\/\/wp.kristdemokraterna.se\/regionostergotland\/","name":"i Region \u00d6sterg\u00f6tland","description":"","inLanguage":"sv-SE"},{"@type":"Person","@id":"https:\/\/wp.kristdemokraterna.se\/regionostergotland\/#\/schema\/person\/74c3c4f502fcc489722a7be0dfe0088c","name":"regionostergotland","image":{"@type":"ImageObject","inLanguage":"sv-SE","@id":"https:\/\/secure.gravatar.com\/avatar\/8fb8f0a216e627554da57506bfaf78d677f45512f24f703e185ec701423b1e92?s=96&d=mm&r=g","url":"https:\/\/secure.gravatar.com\/avatar\/8fb8f0a216e627554da57506bfaf78d677f45512f24f703e185ec701423b1e92?s=96&d=mm&r=g","contentUrl":"https:\/\/secure.gravatar.com\/avatar\/8fb8f0a216e627554da57506bfaf78d677f45512f24f703e185ec701423b1e92?s=96&d=mm&r=g","caption":"regionostergotland"},"url":"https:\/\/wp.kristdemokraterna.se\/regionostergotland\/author\/regionostergotland\/"}]}},"_links":{"self":[{"href":"https:\/\/wp.kristdemokraterna.se\/regionostergotland\/wp-json\/wp\/v2\/posts\/1952","targetHints":{"allow":["GET"]}}],"collection":[{"href":"https:\/\/wp.kristdemokraterna.se\/regionostergotland\/wp-json\/wp\/v2\/posts"}],"about":[{"href":"https:\/\/wp.kristdemokraterna.se\/regionostergotland\/wp-json\/wp\/v2\/types\/post"}],"author":[{"embeddable":true,"href":"https:\/\/wp.kristdemokraterna.se\/regionostergotland\/wp-json\/wp\/v2\/users\/737"}],"replies":[{"embeddable":true,"href":"https:\/\/wp.kristdemokraterna.se\/regionostergotland\/wp-json\/wp\/v2\/comments?post=1952"}],"version-history":[{"count":2,"href":"https:\/\/wp.kristdemokraterna.se\/regionostergotland\/wp-json\/wp\/v2\/posts\/1952\/revisions"}],"predecessor-version":[{"id":1955,"href":"https:\/\/wp.kristdemokraterna.se\/regionostergotland\/wp-json\/wp\/v2\/posts\/1952\/revisions\/1955"}],"wp:attachment":[{"href":"https:\/\/wp.kristdemokraterna.se\/regionostergotland\/wp-json\/wp\/v2\/media?parent=1952"}],"wp:term":[{"taxonomy":"category","embeddable":true,"href":"https:\/\/wp.kristdemokraterna.se\/regionostergotland\/wp-json\/wp\/v2\/categories?post=1952"},{"taxonomy":"post_tag","embeddable":true,"href":"https:\/\/wp.kristdemokraterna.se\/regionostergotland\/wp-json\/wp\/v2\/tags?post=1952"}],"curies":[{"name":"wp","href":"https:\/\/api.w.org\/{rel}","templated":true}]}}