{"id":1956,"date":"2022-06-23T11:53:22","date_gmt":"2022-06-23T09:53:22","guid":{"rendered":"https:\/\/wp.kristdemokraterna.se\/regionostergotland\/?p=1956"},"modified":"2022-06-23T11:53:22","modified_gmt":"2022-06-23T09:53:22","slug":"nyhetsbrev-vecka-25-3","status":"publish","type":"post","link":"https:\/\/wp.kristdemokraterna.se\/regionostergotland\/nyhetsbrev-vecka-25-3\/","title":{"rendered":"Nyhetsbrev vecka 25"},"content":{"rendered":"<p>Hej!<\/p>\n<p>Midsommarhelgen st\u00e5r f\u00f6r d\u00f6rren, och i veckan har regionpolitiken traditionsenligt haft sin \u2019sommaravslutning\u2019 med det \u00e5rliga tv\u00e5dagars budgetsammantr\u00e4det. \u00c4ven i \u00f6vrigt har denna midsommarvecka bjudit p\u00e5 en hel del inneh\u00e5ll, och n\u00e5got av det ska jag som vanligt f\u00f6rs\u00f6ka rekapitulera i veckans nyhetsbrev. Trevlig l\u00e4sning!<!--more--><\/p>\n<p><strong>Kristdemokratisk kampanj p\u00e5 Bj\u00f6rkfors Bymarknad<\/strong><br \/>\nI l\u00f6rdags var det dags f\u00f6r kristdemokratisk marknadskampanj igen. Denna g\u00e5ng var det Bj\u00f6rkfors Bymarknad som stod p\u00e5 programmet, och Kristdemokraterna i Kinda hade bokat en marknadsplats. Birre Waern och jag tog med oss partidistriktets helt nya t\u00e4lt och en hel del kampanjmaterial och \u00e5kte dit. Kinda partiavdelning med Lena K\u00e4cker Johansson i spetsen, sekunderad av Max Dahlgren, tog emot med \u00f6vriga attiraljer. En trevlig marknad med m\u00f6jlighet att m\u00f6ta m\u00e5nga \u00f6stg\u00f6tar med politik, kampanjmaterial och ett och annat samtal!<\/p>\n<p><strong>Debattartiklar om budgetf\u00f6rslag fr\u00e5n KD och M<\/strong><br \/>\nDen senaste veckan har vi fr\u00e5n Kristdemokraterna och Moderaterna i regionen haft debattartiklar i de \u00f6stg\u00f6tska tidningarna om v\u00e5rt gemensamma f\u00f6rslag till Tre\u00e5rsbudget 2023-2025, inf\u00f6r veckans budgetsammantr\u00e4de med regionfullm\u00e4ktige. Du kan exempelvis l\u00e4sa debattartikel i Corren h\u00e4r: (<a href=\"https:\/\/corren.se\/debatt\/artikel\/vi-ar-redo-att-fa-ordning-pa-region-ostergotland\/rxm5k6kl\" target=\"_blank\" rel=\"noopener\">https:\/\/corren.se\/debatt\/artikel\/vi-ar-redo-att-fa-ordning-pa-region-ostergotland\/rxm5k6kl<\/a>) och debattartikel i Norrk\u00f6pings Tidningar h\u00e4r: (<a href=\"https:\/\/nt.se\/debatt\/artikel\/infor-budgetbeslut-i-regionen-m-och-kd-vill-satsa-mer-pa-regionens-medarbetare-regionen-behover-en-nystart\/jv8wgoer\" target=\"_blank\" rel=\"noopener\">https:\/\/nt.se\/debatt\/artikel\/infor-budgetbeslut-i-regionen-m-och-kd-vill-satsa-mer-pa-regionens-medarbetare-regionen-behover-en-nystart\/jv8wgoer<\/a>).<\/p>\n<p><strong>M\u00e5ndagsm\u00f6te med fokus p\u00e5 sommarbemanning och ekonomi<\/strong><br \/>\nV\u00e5rens sista m\u00e5ndagsm\u00f6te inneh\u00f6ll f\u00f6rst\u00e5s en hel del f\u00f6rberedelser inf\u00f6r veckans tv\u00e5dagarssammantr\u00e4de med regionfullm\u00e4ktige, men vi hade ocks\u00e5 bes\u00f6k av v\u00e5rddirekt\u00f6r Ninnie Borendal Wodlin, som redogjorde f\u00f6r bemanningsl\u00e4get i v\u00e5rden inf\u00f6r sommaren, som \u00e4r ett minst sagt besv\u00e4rligt l\u00e4ge, och ekonomidirekt\u00f6r Josefin Bj\u00e4resten, som beskrev aktuellt l\u00e4ge i regionens ekonomi, ocks\u00e5 det mycket os\u00e4kerhet p\u00e5 grund av m\u00e5nga olika omv\u00e4rldsfaktorer.<\/p>\n<p><strong>F\u00f6retagarnas valtr\u00e4ff<\/strong><br \/>\nI m\u00e5ndags lunch bj\u00f6d F\u00f6retagarna \u00d6sterg\u00f6tland in till valtr\u00e4ff p\u00e5 St\u00e5ngs Mj\u00e4rdevi. Regionchef Frida Boklund presenterade den f\u00e4rska sm\u00e5f\u00f6retagarbarometern, d\u00e4r m\u00e5nga siffror f\u00f6r de \u00f6stg\u00f6tska f\u00f6retagen \u00e4r bra, men d\u00e4r bristen p\u00e5 arbetskraft \u00e4r den allra st\u00f6rsta utmaningen f\u00f6r de flesta branscher och f\u00f6retag. Till lunchen var F\u00f6retagarnas medlemsf\u00f6retag inbjudna, och det fanns m\u00f6jlighet att v\u00e4xla n\u00e5got ord med de som deltog i tr\u00e4ffen. Som avslutning h\u00f6lls en kort utfr\u00e5gning av riksdagsledam\u00f6ter\/riksdagskandidater fr\u00e5n \u00d6sterg\u00f6tland, d\u00e4r Kristdemokraterna representerades v\u00e4l av riksdagsledamot Magnus Oscarsson!<\/p>\n<p><strong>M\u00f6te med Kristdemokraternas regionfullm\u00e4ktigegrupp<\/strong><br \/>\nP\u00e5 m\u00e5ndagskv\u00e4llen samlades Kristdemokraternas regionfullm\u00e4ktigegrupp, de ledam\u00f6ter och f\u00f6rste ers\u00e4ttare som skulle delta vid veckans regionfullm\u00e4ktigesammantr\u00e4de. Som brukligt gick vi igenom fullm\u00e4ktiges dagordning, diskuterade v\u00e5ra ageranden och planerade ansvarsf\u00f6rdelningen mellan oss. Bra att p\u00e5 detta s\u00e4tt f\u00e5 en aktuell avst\u00e4mning kort innan fullm\u00e4ktigem\u00f6tet!<\/p>\n<p>Sammantr\u00e4de med regionfullm\u00e4ktige<br \/>\nTisdagen och onsdagen genomf\u00f6rdes mandatperiodens sista sammantr\u00e4de med regionfullm\u00e4ktige. Tv\u00e5dagarsm\u00f6tets huvud\u00e4rende var f\u00f6rst\u00e5s Tre\u00e5rsbudgeten 2023-2025, d\u00e4r flera ur den kristdemokratiska fullm\u00e4ktigegruppen pl\u00e4derade f\u00f6r det gemensamma budgetf\u00f6rslaget fr\u00e5n Kristdemokraterna och Moderaterna. Under fullm\u00e4ktigem\u00f6tet antogs ocks\u00e5 bl.a. Folkh\u00e4lsostrategi och H\u00e5llbarhetsprogram i stor politisk enighet. Enighet fanns gl\u00e4djande nog ocks\u00e5 kring Kristdemokraternas och Moderaternas gemensamma motion om att st\u00e4rka den palliativa v\u00e5rden i \u00d6sterg\u00f6tland, d\u00e4r den motion som Stefan Red\u00e9en (KD) och Per-Arne Fall (M) l\u00e4mnat in, f\u00f6reslogs bifallas. Du kan l\u00e4sa mer om den bifallna motionen h\u00e4r: (<a href=\"https:\/\/wp.kristdemokraterna.se\/regionostergotland\/ett-steg-narmare-hospice-i-ostergotland\/\" target=\"_blank\" rel=\"noopener\">https:\/\/wp.kristdemokraterna.se\/regionostergotland\/ett-steg-narmare-hospice-i-ostergotland\/<\/a>). Innan fullm\u00e4ktiges ordf\u00f6rande avslutade sammantr\u00e4det p\u00e5 onsdagen, fick \u00e5lderspresident Nils-Ingvar Graan (KD) ordet och tackade f\u00f6r samarbetet i fullm\u00e4ktige under 31 \u00e5r vid sitt troligen sista fullm\u00e4ktigesammantr\u00e4de. Han m\u00f6ttes med appl\u00e5der, och vi tackar ocks\u00e5 Nisse f\u00f6r m\u00e5ng\u00e5riga insatser f\u00f6r Kristdemokraternas landstings\/regionfullm\u00e4ktigegrupp!<\/p>\n<p><strong>Dialog med Funktionsr\u00e4tt \u00d6sterg\u00f6tland<\/strong><br \/>\nIdag var vi fr\u00e5n Kristdemokraterna inbjudna till dialog med Funktionsr\u00e4tt \u00d6sterg\u00f6tland, som samlar olika f\u00f6rbund inom funktionshinderomr\u00e5det p\u00e5 l\u00e4nsniv\u00e5 i \u00d6sterg\u00f6tland. Eva-Britt Sj\u00f6berg, i dagsl\u00e4get kommunalr\u00e5d i Norrk\u00f6ping, deltog som andranamn p\u00e5 riksdagsvalsedeln f\u00f6r \u00d6sterg\u00f6tland, och fr\u00e5n regionen deltog politisk sekreterare Fredrik Topplund och jag. Det blev ett bra samtal, d\u00e4r vi fick b\u00e5de ny kunskap och v\u00e4rdefulla medskick, samt fick m\u00f6jlighet att lyfta fr\u00e5gor som vi drivit p\u00e5 olika niv\u00e5er i politiken. Stort tack f\u00f6r en v\u00e4rdefull dialog!<\/p>\n<p>I morgon \u00e4r det midsommarafton och sedan v\u00e4ntar n\u00e5gra veckor med n\u00e5got lugnare tempo \u00e4n de intensiva v\u00e5rveckor vi har bakom oss i regionpolitiken. Men en och annan marknad, ett par inbokade intervjuer med \u00f6stg\u00f6tsk media och ett bes\u00f6k i Visby under Almedalsveckan st\u00e5r bl.a. p\u00e5 programmet. Och i b\u00f6rjan p\u00e5 augusti drar valr\u00f6relsen ig\u00e5ng p\u00e5 allvar inf\u00f6r valdagen 11 september. Innan dess hoppas jag dock att b\u00e5de jag sj\u00e4lv och ni som l\u00e4ser nyhetsbrevet f\u00e5r m\u00f6jlighet till lite somrig avkoppling. Nyhetsbrevet f\u00e5r sommarledigt och \u00e5terkommer i h\u00f6st! En riktigt fin sommar hoppas jag att ni alla f\u00e5r!<\/p>\n<p>Med v\u00e4nlig h\u00e4lsning<br \/>\nPer Larsson<br \/>\nOppositionsr\u00e5d och gruppledare<br \/>\nKristdemokraterna i Region \u00d6sterg\u00f6tland<br \/>\ntfn 010-103 72 84 (arb)<br \/>\ntfn 0702-88 21 34 (mobil)<br \/>\nper.larsson@regionostergotland.se<\/p>\n<p>&nbsp;<\/p>\n","protected":false},"excerpt":{"rendered":"<p>Hej! Midsommarhelgen st\u00e5r f\u00f6r d\u00f6rren, och i veckan har regionpolitiken traditionsenligt haft sin \u2019sommaravslutning\u2019 med det \u00e5rliga tv\u00e5dagars budgetsammantr\u00e4det. \u00c4ven i \u00f6vrigt har denna midsommarvecka bjudit p\u00e5 en hel del inneh\u00e5ll, och n\u00e5got av det ska jag som vanligt f\u00f6rs\u00f6ka rekapitulera i veckans nyhetsbrev. Trevlig l\u00e4sning!<\/p>\n","protected":false},"author":737,"featured_media":0,"comment_status":"closed","ping_status":"closed","sticky":false,"template":"","format":"standard","meta":{"_acf_changed":false,"footnotes":""},"categories":[1],"tags":[],"class_list":["post-1956","post","type-post","status-publish","format-standard","hentry","category-nyheter"],"acf":[],"yoast_head":"<!-- This site is optimized with the Yoast SEO plugin v27.5 - https:\/\/yoast.com\/product\/yoast-seo-wordpress\/ -->\n<title>Nyhetsbrev vecka 25 - i Region \u00d6sterg\u00f6tland<\/title>\n<meta name=\"robots\" content=\"index, follow, max-snippet:-1, max-image-preview:large, max-video-preview:-1\" \/>\n<link rel=\"canonical\" href=\"https:\/\/wp.kristdemokraterna.se\/regionostergotland\/nyhetsbrev-vecka-25-3\/\" \/>\n<meta property=\"og:locale\" content=\"sv_SE\" \/>\n<meta property=\"og:type\" content=\"article\" \/>\n<meta property=\"og:title\" content=\"Nyhetsbrev vecka 25 - i Region \u00d6sterg\u00f6tland\" \/>\n<meta property=\"og:description\" content=\"Hej! Midsommarhelgen st\u00e5r f\u00f6r d\u00f6rren, och i veckan har regionpolitiken traditionsenligt haft sin \u2019sommaravslutning\u2019 med det \u00e5rliga tv\u00e5dagars budgetsammantr\u00e4det. \u00c4ven i \u00f6vrigt har denna midsommarvecka bjudit p\u00e5 en hel del inneh\u00e5ll, och n\u00e5got av det ska jag som vanligt f\u00f6rs\u00f6ka rekapitulera i veckans nyhetsbrev. Trevlig l\u00e4sning!\" \/>\n<meta property=\"og:url\" content=\"https:\/\/wp.kristdemokraterna.se\/regionostergotland\/nyhetsbrev-vecka-25-3\/\" \/>\n<meta property=\"og:site_name\" content=\"i Region \u00d6sterg\u00f6tland\" \/>\n<meta property=\"article:published_time\" content=\"2022-06-23T09:53:22+00:00\" \/>\n<meta property=\"og:image\" content=\"http:\/\/wp.kristdemokraterna.se\/regionostergotland\/files\/2022\/06\/bild-nyhetsbrev-2022-vecka-25-1024x533.jpg\" \/>\n\t<meta property=\"og:image:width\" content=\"1024\" \/>\n\t<meta property=\"og:image:height\" content=\"533\" \/>\n\t<meta property=\"og:image:type\" content=\"image\/jpeg\" \/>\n<meta name=\"author\" content=\"regionostergotland\" \/>\n<meta name=\"twitter:card\" content=\"summary_large_image\" \/>\n<meta name=\"twitter:label1\" content=\"Skriven av\" \/>\n\t<meta name=\"twitter:data1\" content=\"regionostergotland\" \/>\n\t<meta name=\"twitter:label2\" content=\"Ber\u00e4knad l\u00e4stid\" \/>\n\t<meta name=\"twitter:data2\" content=\"4 minuter\" \/>\n<script type=\"application\/ld+json\" class=\"yoast-schema-graph\">{\"@context\":\"https:\\\/\\\/schema.org\",\"@graph\":[{\"@type\":\"Article\",\"@id\":\"https:\\\/\\\/wp.kristdemokraterna.se\\\/regionostergotland\\\/nyhetsbrev-vecka-25-3\\\/#article\",\"isPartOf\":{\"@id\":\"https:\\\/\\\/wp.kristdemokraterna.se\\\/regionostergotland\\\/nyhetsbrev-vecka-25-3\\\/\"},\"author\":{\"name\":\"regionostergotland\",\"@id\":\"https:\\\/\\\/wp.kristdemokraterna.se\\\/regionostergotland\\\/#\\\/schema\\\/person\\\/74c3c4f502fcc489722a7be0dfe0088c\"},\"headline\":\"Nyhetsbrev vecka 25\",\"datePublished\":\"2022-06-23T09:53:22+00:00\",\"mainEntityOfPage\":{\"@id\":\"https:\\\/\\\/wp.kristdemokraterna.se\\\/regionostergotland\\\/nyhetsbrev-vecka-25-3\\\/\"},\"wordCount\":946,\"articleSection\":[\"Nyheter\"],\"inLanguage\":\"sv-SE\"},{\"@type\":\"WebPage\",\"@id\":\"https:\\\/\\\/wp.kristdemokraterna.se\\\/regionostergotland\\\/nyhetsbrev-vecka-25-3\\\/\",\"url\":\"https:\\\/\\\/wp.kristdemokraterna.se\\\/regionostergotland\\\/nyhetsbrev-vecka-25-3\\\/\",\"name\":\"Nyhetsbrev vecka 25 - i Region \u00d6sterg\u00f6tland\",\"isPartOf\":{\"@id\":\"https:\\\/\\\/wp.kristdemokraterna.se\\\/regionostergotland\\\/#website\"},\"datePublished\":\"2022-06-23T09:53:22+00:00\",\"author\":{\"@id\":\"https:\\\/\\\/wp.kristdemokraterna.se\\\/regionostergotland\\\/#\\\/schema\\\/person\\\/74c3c4f502fcc489722a7be0dfe0088c\"},\"breadcrumb\":{\"@id\":\"https:\\\/\\\/wp.kristdemokraterna.se\\\/regionostergotland\\\/nyhetsbrev-vecka-25-3\\\/#breadcrumb\"},\"inLanguage\":\"sv-SE\",\"potentialAction\":[{\"@type\":\"ReadAction\",\"target\":[\"https:\\\/\\\/wp.kristdemokraterna.se\\\/regionostergotland\\\/nyhetsbrev-vecka-25-3\\\/\"]}]},{\"@type\":\"BreadcrumbList\",\"@id\":\"https:\\\/\\\/wp.kristdemokraterna.se\\\/regionostergotland\\\/nyhetsbrev-vecka-25-3\\\/#breadcrumb\",\"itemListElement\":[{\"@type\":\"ListItem\",\"position\":1,\"name\":\"Hem\",\"item\":\"https:\\\/\\\/wp.kristdemokraterna.se\\\/regionostergotland\\\/\"},{\"@type\":\"ListItem\",\"position\":2,\"name\":\"Nyhetsbrev vecka 25\"}]},{\"@type\":\"WebSite\",\"@id\":\"https:\\\/\\\/wp.kristdemokraterna.se\\\/regionostergotland\\\/#website\",\"url\":\"https:\\\/\\\/wp.kristdemokraterna.se\\\/regionostergotland\\\/\",\"name\":\"i Region \u00d6sterg\u00f6tland\",\"description\":\"\",\"inLanguage\":\"sv-SE\"},{\"@type\":\"Person\",\"@id\":\"https:\\\/\\\/wp.kristdemokraterna.se\\\/regionostergotland\\\/#\\\/schema\\\/person\\\/74c3c4f502fcc489722a7be0dfe0088c\",\"name\":\"regionostergotland\",\"image\":{\"@type\":\"ImageObject\",\"inLanguage\":\"sv-SE\",\"@id\":\"https:\\\/\\\/secure.gravatar.com\\\/avatar\\\/8fb8f0a216e627554da57506bfaf78d677f45512f24f703e185ec701423b1e92?s=96&d=mm&r=g\",\"url\":\"https:\\\/\\\/secure.gravatar.com\\\/avatar\\\/8fb8f0a216e627554da57506bfaf78d677f45512f24f703e185ec701423b1e92?s=96&d=mm&r=g\",\"contentUrl\":\"https:\\\/\\\/secure.gravatar.com\\\/avatar\\\/8fb8f0a216e627554da57506bfaf78d677f45512f24f703e185ec701423b1e92?s=96&d=mm&r=g\",\"caption\":\"regionostergotland\"},\"url\":\"https:\\\/\\\/wp.kristdemokraterna.se\\\/regionostergotland\\\/author\\\/regionostergotland\\\/\"}]}<\/script>\n<!-- \/ Yoast SEO plugin. -->","yoast_head_json":{"title":"Nyhetsbrev vecka 25 - i Region \u00d6sterg\u00f6tland","robots":{"index":"index","follow":"follow","max-snippet":"max-snippet:-1","max-image-preview":"max-image-preview:large","max-video-preview":"max-video-preview:-1"},"canonical":"https:\/\/wp.kristdemokraterna.se\/regionostergotland\/nyhetsbrev-vecka-25-3\/","og_locale":"sv_SE","og_type":"article","og_title":"Nyhetsbrev vecka 25 - i Region \u00d6sterg\u00f6tland","og_description":"Hej! Midsommarhelgen st\u00e5r f\u00f6r d\u00f6rren, och i veckan har regionpolitiken traditionsenligt haft sin \u2019sommaravslutning\u2019 med det \u00e5rliga tv\u00e5dagars budgetsammantr\u00e4det. \u00c4ven i \u00f6vrigt har denna midsommarvecka bjudit p\u00e5 en hel del inneh\u00e5ll, och n\u00e5got av det ska jag som vanligt f\u00f6rs\u00f6ka rekapitulera i veckans nyhetsbrev. Trevlig l\u00e4sning!","og_url":"https:\/\/wp.kristdemokraterna.se\/regionostergotland\/nyhetsbrev-vecka-25-3\/","og_site_name":"i Region \u00d6sterg\u00f6tland","article_published_time":"2022-06-23T09:53:22+00:00","og_image":[{"width":1024,"height":533,"url":"http:\/\/wp.kristdemokraterna.se\/regionostergotland\/files\/2022\/06\/bild-nyhetsbrev-2022-vecka-25-1024x533.jpg","type":"image\/jpeg"}],"author":"regionostergotland","twitter_card":"summary_large_image","twitter_misc":{"Skriven av":"regionostergotland","Ber\u00e4knad l\u00e4stid":"4 minuter"},"schema":{"@context":"https:\/\/schema.org","@graph":[{"@type":"Article","@id":"https:\/\/wp.kristdemokraterna.se\/regionostergotland\/nyhetsbrev-vecka-25-3\/#article","isPartOf":{"@id":"https:\/\/wp.kristdemokraterna.se\/regionostergotland\/nyhetsbrev-vecka-25-3\/"},"author":{"name":"regionostergotland","@id":"https:\/\/wp.kristdemokraterna.se\/regionostergotland\/#\/schema\/person\/74c3c4f502fcc489722a7be0dfe0088c"},"headline":"Nyhetsbrev vecka 25","datePublished":"2022-06-23T09:53:22+00:00","mainEntityOfPage":{"@id":"https:\/\/wp.kristdemokraterna.se\/regionostergotland\/nyhetsbrev-vecka-25-3\/"},"wordCount":946,"articleSection":["Nyheter"],"inLanguage":"sv-SE"},{"@type":"WebPage","@id":"https:\/\/wp.kristdemokraterna.se\/regionostergotland\/nyhetsbrev-vecka-25-3\/","url":"https:\/\/wp.kristdemokraterna.se\/regionostergotland\/nyhetsbrev-vecka-25-3\/","name":"Nyhetsbrev vecka 25 - i Region \u00d6sterg\u00f6tland","isPartOf":{"@id":"https:\/\/wp.kristdemokraterna.se\/regionostergotland\/#website"},"datePublished":"2022-06-23T09:53:22+00:00","author":{"@id":"https:\/\/wp.kristdemokraterna.se\/regionostergotland\/#\/schema\/person\/74c3c4f502fcc489722a7be0dfe0088c"},"breadcrumb":{"@id":"https:\/\/wp.kristdemokraterna.se\/regionostergotland\/nyhetsbrev-vecka-25-3\/#breadcrumb"},"inLanguage":"sv-SE","potentialAction":[{"@type":"ReadAction","target":["https:\/\/wp.kristdemokraterna.se\/regionostergotland\/nyhetsbrev-vecka-25-3\/"]}]},{"@type":"BreadcrumbList","@id":"https:\/\/wp.kristdemokraterna.se\/regionostergotland\/nyhetsbrev-vecka-25-3\/#breadcrumb","itemListElement":[{"@type":"ListItem","position":1,"name":"Hem","item":"https:\/\/wp.kristdemokraterna.se\/regionostergotland\/"},{"@type":"ListItem","position":2,"name":"Nyhetsbrev vecka 25"}]},{"@type":"WebSite","@id":"https:\/\/wp.kristdemokraterna.se\/regionostergotland\/#website","url":"https:\/\/wp.kristdemokraterna.se\/regionostergotland\/","name":"i Region \u00d6sterg\u00f6tland","description":"","inLanguage":"sv-SE"},{"@type":"Person","@id":"https:\/\/wp.kristdemokraterna.se\/regionostergotland\/#\/schema\/person\/74c3c4f502fcc489722a7be0dfe0088c","name":"regionostergotland","image":{"@type":"ImageObject","inLanguage":"sv-SE","@id":"https:\/\/secure.gravatar.com\/avatar\/8fb8f0a216e627554da57506bfaf78d677f45512f24f703e185ec701423b1e92?s=96&d=mm&r=g","url":"https:\/\/secure.gravatar.com\/avatar\/8fb8f0a216e627554da57506bfaf78d677f45512f24f703e185ec701423b1e92?s=96&d=mm&r=g","contentUrl":"https:\/\/secure.gravatar.com\/avatar\/8fb8f0a216e627554da57506bfaf78d677f45512f24f703e185ec701423b1e92?s=96&d=mm&r=g","caption":"regionostergotland"},"url":"https:\/\/wp.kristdemokraterna.se\/regionostergotland\/author\/regionostergotland\/"}]}},"_links":{"self":[{"href":"https:\/\/wp.kristdemokraterna.se\/regionostergotland\/wp-json\/wp\/v2\/posts\/1956","targetHints":{"allow":["GET"]}}],"collection":[{"href":"https:\/\/wp.kristdemokraterna.se\/regionostergotland\/wp-json\/wp\/v2\/posts"}],"about":[{"href":"https:\/\/wp.kristdemokraterna.se\/regionostergotland\/wp-json\/wp\/v2\/types\/post"}],"author":[{"embeddable":true,"href":"https:\/\/wp.kristdemokraterna.se\/regionostergotland\/wp-json\/wp\/v2\/users\/737"}],"replies":[{"embeddable":true,"href":"https:\/\/wp.kristdemokraterna.se\/regionostergotland\/wp-json\/wp\/v2\/comments?post=1956"}],"version-history":[{"count":1,"href":"https:\/\/wp.kristdemokraterna.se\/regionostergotland\/wp-json\/wp\/v2\/posts\/1956\/revisions"}],"predecessor-version":[{"id":1958,"href":"https:\/\/wp.kristdemokraterna.se\/regionostergotland\/wp-json\/wp\/v2\/posts\/1956\/revisions\/1958"}],"wp:attachment":[{"href":"https:\/\/wp.kristdemokraterna.se\/regionostergotland\/wp-json\/wp\/v2\/media?parent=1956"}],"wp:term":[{"taxonomy":"category","embeddable":true,"href":"https:\/\/wp.kristdemokraterna.se\/regionostergotland\/wp-json\/wp\/v2\/categories?post=1956"},{"taxonomy":"post_tag","embeddable":true,"href":"https:\/\/wp.kristdemokraterna.se\/regionostergotland\/wp-json\/wp\/v2\/tags?post=1956"}],"curies":[{"name":"wp","href":"https:\/\/api.w.org\/{rel}","templated":true}]}}