{"id":1977,"date":"2022-10-24T12:16:42","date_gmt":"2022-10-24T10:16:42","guid":{"rendered":"https:\/\/wp.kristdemokraterna.se\/regionostergotland\/?p=1977"},"modified":"2022-10-24T12:16:42","modified_gmt":"2022-10-24T10:16:42","slug":"ledarskap-for-ett-battre-ostergotland","status":"publish","type":"post","link":"https:\/\/wp.kristdemokraterna.se\/regionostergotland\/ledarskap-for-ett-battre-ostergotland\/","title":{"rendered":"Ledarskap f\u00f6r ett b\u00e4ttre \u00d6sterg\u00f6tland"},"content":{"rendered":"<div class=\"xdj266r x11i5rnm xat24cr x1mh8g0r x1vvkbs x126k92a\">\n<div dir=\"auto\">Idag kan vi presentera ett nytt borgerligt styre f\u00f6r Region \u00d6sterg\u00f6tland \u2013 som best\u00e5r av Moderaterna, Kristdemokraterna och Liberalerna. Det \u00e4r v\u00e5ra tre partier som utg\u00f6r styret, men f\u00f6r att samla en majoritet i regionfullm\u00e4ktige har vi en sakpolitisk \u00f6verenskommelse med Sverigedemokraterna.<\/div>\n<\/div>\n<div class=\"x11i5rnm xat24cr x1mh8g0r x1vvkbs xtlvy1s x126k92a\">\n<div dir=\"auto\"><\/div>\n<div dir=\"auto\">Vi har haft konstruktiva f\u00f6rhandlingar och har enats om en politisk inriktning f\u00f6r Region \u00d6sterg\u00f6tland den kommande mandatperioden. Vi \u00e4r alla \u00f6verens om att regionen beh\u00f6ver en ny inriktning.<\/div>\n<\/div>\n<div class=\"x11i5rnm xat24cr x1mh8g0r x1vvkbs xtlvy1s x126k92a\">\n<div dir=\"auto\"><\/div>\n<div dir=\"auto\">V\u00e5rden i Region \u00d6sterg\u00f6tland befinner sig i ett ytterst allvarligt l\u00e4ge. Pandemins p\u00e5frestningar, accelererande demografiska utmaningar och en os\u00e4ker omv\u00e4rld pressar m\u00e5nga verksamheter till det yttersta. Det inneb\u00e4r v\u00e5rdplatser som inte kan bemannas och v\u00e5rdpersonal som \u00e4r utarbetad och som l\u00e4mnar v\u00e5r organisation. Tillg\u00e4ngligheten och kvaliteten i h\u00e4lso- och sjukv\u00e5rden s\u00e4tts nu p\u00e5 sv\u00e5ra prov.<\/div>\n<\/div>\n<div class=\"x11i5rnm xat24cr x1mh8g0r x1vvkbs xtlvy1s x126k92a\">\n<div dir=\"auto\"><\/div>\n<div dir=\"auto\">Det ekonomiska l\u00e4get kommande \u00e5r kommer vara extremt anstr\u00e4ngt. Mandatperioden 2022-2026 kommer beh\u00f6va handla om \u201dback to basics\u201d. Det handlar om att bygga upp grunden igen, med fokus p\u00e5 k\u00e4rnverksamheter och att s\u00e4kerst\u00e4lla det v\u00e4sentliga f\u00f6r \u00f6stg\u00f6tarnas b\u00e4sta.<\/div>\n<\/div>\n<div class=\"x11i5rnm xat24cr x1mh8g0r x1vvkbs xtlvy1s x126k92a\">\n<div dir=\"auto\"><\/div>\n<div dir=\"auto\">F\u00f6r detta kr\u00e4vs politiskt ledarskap som har kraft och f\u00f6rm\u00e5ga att f\u00f6r\u00e4ndra och som inte blundar f\u00f6r de problem vi st\u00e5r inf\u00f6r, inte minst vad g\u00e4ller sjukv\u00e5rden, men \u00e4ven kollektivtrafiken. Det \u00e4r ocks\u00e5 dags att ta p\u00e5 ledartr\u00f6jan n\u00e4r det handlar om regional utveckling. \u00d6sterg\u00f6tland ska vara ett l\u00e4n som tar till vara och utvecklar sin kompetens och potential f\u00f6r ett livskraftigt och v\u00e4xande n\u00e4ringsliv, ett l\u00e4n d\u00e4r inv\u00e5narna vill bo, arbeta och trivs med sina liv.<\/div>\n<\/div>\n<div class=\"x11i5rnm xat24cr x1mh8g0r x1vvkbs xtlvy1s x126k92a\">\n<div dir=\"auto\"><\/div>\n<div dir=\"auto\">Vid regionfullm\u00e4ktige den 1 november kommer nytt presidium f\u00f6r regionfullm\u00e4ktige och ny regionstyrelse att v\u00e4ljas. En reviderad budget kommer l\u00e4ggas fram och beslutas den 23 november. Vid en senare presstr\u00e4ff kommer vi presentera budgeten i n\u00e4rmare detalj.<\/div>\n<\/div>\n<div class=\"x11i5rnm xat24cr x1mh8g0r x1vvkbs xtlvy1s x126k92a\">\n<div dir=\"auto\"><\/div>\n<div dir=\"auto\">Per Larsson, gruppledare KD<\/div>\n<div dir=\"auto\">Marie Morell, gruppledare M<\/div>\n<div dir=\"auto\">Alexander H\u00f6glund, gruppledare L<\/div>\n<\/div>\n","protected":false},"excerpt":{"rendered":"<p>Idag kan vi presentera ett nytt borgerligt styre f\u00f6r Region \u00d6sterg\u00f6tland \u2013 som best\u00e5r av Moderaterna, Kristdemokraterna och Liberalerna. Det \u00e4r v\u00e5ra tre partier som utg\u00f6r styret, men f\u00f6r att samla en majoritet i regionfullm\u00e4ktige har vi en sakpolitisk \u00f6verenskommelse med Sverigedemokraterna. Vi har haft konstruktiva f\u00f6rhandlingar och har enats om en politisk inriktning f\u00f6r <a class=\"read-more-link\" href=\"https:\/\/wp.kristdemokraterna.se\/regionostergotland\/ledarskap-for-ett-battre-ostergotland\/\">Read More<\/a><\/p>\n","protected":false},"author":737,"featured_media":0,"comment_status":"closed","ping_status":"closed","sticky":false,"template":"","format":"standard","meta":{"_acf_changed":false,"footnotes":""},"categories":[1],"tags":[],"class_list":["post-1977","post","type-post","status-publish","format-standard","hentry","category-nyheter"],"acf":[],"yoast_head":"<!-- This site is optimized with the Yoast SEO plugin v27.5 - https:\/\/yoast.com\/product\/yoast-seo-wordpress\/ -->\n<title>Ledarskap f\u00f6r ett b\u00e4ttre \u00d6sterg\u00f6tland - i Region \u00d6sterg\u00f6tland<\/title>\n<meta name=\"robots\" content=\"index, follow, max-snippet:-1, max-image-preview:large, max-video-preview:-1\" \/>\n<link rel=\"canonical\" href=\"https:\/\/wp.kristdemokraterna.se\/regionostergotland\/ledarskap-for-ett-battre-ostergotland\/\" \/>\n<meta property=\"og:locale\" content=\"sv_SE\" \/>\n<meta property=\"og:type\" content=\"article\" \/>\n<meta property=\"og:title\" content=\"Ledarskap f\u00f6r ett b\u00e4ttre \u00d6sterg\u00f6tland - i Region \u00d6sterg\u00f6tland\" \/>\n<meta property=\"og:description\" content=\"Idag kan vi presentera ett nytt borgerligt styre f\u00f6r Region \u00d6sterg\u00f6tland \u2013 som best\u00e5r av Moderaterna, Kristdemokraterna och Liberalerna. Det \u00e4r v\u00e5ra tre partier som utg\u00f6r styret, men f\u00f6r att samla en majoritet i regionfullm\u00e4ktige har vi en sakpolitisk \u00f6verenskommelse med Sverigedemokraterna. Vi har haft konstruktiva f\u00f6rhandlingar och har enats om en politisk inriktning f\u00f6r Read More\" \/>\n<meta property=\"og:url\" content=\"https:\/\/wp.kristdemokraterna.se\/regionostergotland\/ledarskap-for-ett-battre-ostergotland\/\" \/>\n<meta property=\"og:site_name\" content=\"i Region \u00d6sterg\u00f6tland\" \/>\n<meta property=\"article:published_time\" content=\"2022-10-24T10:16:42+00:00\" \/>\n<meta name=\"author\" content=\"regionostergotland\" \/>\n<meta name=\"twitter:card\" content=\"summary_large_image\" \/>\n<meta name=\"twitter:label1\" content=\"Skriven av\" \/>\n\t<meta name=\"twitter:data1\" content=\"regionostergotland\" \/>\n\t<meta name=\"twitter:label2\" content=\"Ber\u00e4knad l\u00e4stid\" \/>\n\t<meta name=\"twitter:data2\" content=\"2 minuter\" \/>\n<script type=\"application\/ld+json\" class=\"yoast-schema-graph\">{\"@context\":\"https:\\\/\\\/schema.org\",\"@graph\":[{\"@type\":\"Article\",\"@id\":\"https:\\\/\\\/wp.kristdemokraterna.se\\\/regionostergotland\\\/ledarskap-for-ett-battre-ostergotland\\\/#article\",\"isPartOf\":{\"@id\":\"https:\\\/\\\/wp.kristdemokraterna.se\\\/regionostergotland\\\/ledarskap-for-ett-battre-ostergotland\\\/\"},\"author\":{\"name\":\"regionostergotland\",\"@id\":\"https:\\\/\\\/wp.kristdemokraterna.se\\\/regionostergotland\\\/#\\\/schema\\\/person\\\/74c3c4f502fcc489722a7be0dfe0088c\"},\"headline\":\"Ledarskap f\u00f6r ett b\u00e4ttre \u00d6sterg\u00f6tland\",\"datePublished\":\"2022-10-24T10:16:42+00:00\",\"mainEntityOfPage\":{\"@id\":\"https:\\\/\\\/wp.kristdemokraterna.se\\\/regionostergotland\\\/ledarskap-for-ett-battre-ostergotland\\\/\"},\"wordCount\":362,\"articleSection\":[\"Nyheter\"],\"inLanguage\":\"sv-SE\"},{\"@type\":\"WebPage\",\"@id\":\"https:\\\/\\\/wp.kristdemokraterna.se\\\/regionostergotland\\\/ledarskap-for-ett-battre-ostergotland\\\/\",\"url\":\"https:\\\/\\\/wp.kristdemokraterna.se\\\/regionostergotland\\\/ledarskap-for-ett-battre-ostergotland\\\/\",\"name\":\"Ledarskap f\u00f6r ett b\u00e4ttre \u00d6sterg\u00f6tland - i Region \u00d6sterg\u00f6tland\",\"isPartOf\":{\"@id\":\"https:\\\/\\\/wp.kristdemokraterna.se\\\/regionostergotland\\\/#website\"},\"datePublished\":\"2022-10-24T10:16:42+00:00\",\"author\":{\"@id\":\"https:\\\/\\\/wp.kristdemokraterna.se\\\/regionostergotland\\\/#\\\/schema\\\/person\\\/74c3c4f502fcc489722a7be0dfe0088c\"},\"breadcrumb\":{\"@id\":\"https:\\\/\\\/wp.kristdemokraterna.se\\\/regionostergotland\\\/ledarskap-for-ett-battre-ostergotland\\\/#breadcrumb\"},\"inLanguage\":\"sv-SE\",\"potentialAction\":[{\"@type\":\"ReadAction\",\"target\":[\"https:\\\/\\\/wp.kristdemokraterna.se\\\/regionostergotland\\\/ledarskap-for-ett-battre-ostergotland\\\/\"]}]},{\"@type\":\"BreadcrumbList\",\"@id\":\"https:\\\/\\\/wp.kristdemokraterna.se\\\/regionostergotland\\\/ledarskap-for-ett-battre-ostergotland\\\/#breadcrumb\",\"itemListElement\":[{\"@type\":\"ListItem\",\"position\":1,\"name\":\"Hem\",\"item\":\"https:\\\/\\\/wp.kristdemokraterna.se\\\/regionostergotland\\\/\"},{\"@type\":\"ListItem\",\"position\":2,\"name\":\"Ledarskap f\u00f6r ett b\u00e4ttre \u00d6sterg\u00f6tland\"}]},{\"@type\":\"WebSite\",\"@id\":\"https:\\\/\\\/wp.kristdemokraterna.se\\\/regionostergotland\\\/#website\",\"url\":\"https:\\\/\\\/wp.kristdemokraterna.se\\\/regionostergotland\\\/\",\"name\":\"i Region \u00d6sterg\u00f6tland\",\"description\":\"\",\"inLanguage\":\"sv-SE\"},{\"@type\":\"Person\",\"@id\":\"https:\\\/\\\/wp.kristdemokraterna.se\\\/regionostergotland\\\/#\\\/schema\\\/person\\\/74c3c4f502fcc489722a7be0dfe0088c\",\"name\":\"regionostergotland\",\"image\":{\"@type\":\"ImageObject\",\"inLanguage\":\"sv-SE\",\"@id\":\"https:\\\/\\\/secure.gravatar.com\\\/avatar\\\/8fb8f0a216e627554da57506bfaf78d677f45512f24f703e185ec701423b1e92?s=96&d=mm&r=g\",\"url\":\"https:\\\/\\\/secure.gravatar.com\\\/avatar\\\/8fb8f0a216e627554da57506bfaf78d677f45512f24f703e185ec701423b1e92?s=96&d=mm&r=g\",\"contentUrl\":\"https:\\\/\\\/secure.gravatar.com\\\/avatar\\\/8fb8f0a216e627554da57506bfaf78d677f45512f24f703e185ec701423b1e92?s=96&d=mm&r=g\",\"caption\":\"regionostergotland\"},\"url\":\"https:\\\/\\\/wp.kristdemokraterna.se\\\/regionostergotland\\\/author\\\/regionostergotland\\\/\"}]}<\/script>\n<!-- \/ Yoast SEO plugin. -->","yoast_head_json":{"title":"Ledarskap f\u00f6r ett b\u00e4ttre \u00d6sterg\u00f6tland - i Region \u00d6sterg\u00f6tland","robots":{"index":"index","follow":"follow","max-snippet":"max-snippet:-1","max-image-preview":"max-image-preview:large","max-video-preview":"max-video-preview:-1"},"canonical":"https:\/\/wp.kristdemokraterna.se\/regionostergotland\/ledarskap-for-ett-battre-ostergotland\/","og_locale":"sv_SE","og_type":"article","og_title":"Ledarskap f\u00f6r ett b\u00e4ttre \u00d6sterg\u00f6tland - i Region \u00d6sterg\u00f6tland","og_description":"Idag kan vi presentera ett nytt borgerligt styre f\u00f6r Region \u00d6sterg\u00f6tland \u2013 som best\u00e5r av Moderaterna, Kristdemokraterna och Liberalerna. Det \u00e4r v\u00e5ra tre partier som utg\u00f6r styret, men f\u00f6r att samla en majoritet i regionfullm\u00e4ktige har vi en sakpolitisk \u00f6verenskommelse med Sverigedemokraterna. Vi har haft konstruktiva f\u00f6rhandlingar och har enats om en politisk inriktning f\u00f6r Read More","og_url":"https:\/\/wp.kristdemokraterna.se\/regionostergotland\/ledarskap-for-ett-battre-ostergotland\/","og_site_name":"i Region \u00d6sterg\u00f6tland","article_published_time":"2022-10-24T10:16:42+00:00","author":"regionostergotland","twitter_card":"summary_large_image","twitter_misc":{"Skriven av":"regionostergotland","Ber\u00e4knad l\u00e4stid":"2 minuter"},"schema":{"@context":"https:\/\/schema.org","@graph":[{"@type":"Article","@id":"https:\/\/wp.kristdemokraterna.se\/regionostergotland\/ledarskap-for-ett-battre-ostergotland\/#article","isPartOf":{"@id":"https:\/\/wp.kristdemokraterna.se\/regionostergotland\/ledarskap-for-ett-battre-ostergotland\/"},"author":{"name":"regionostergotland","@id":"https:\/\/wp.kristdemokraterna.se\/regionostergotland\/#\/schema\/person\/74c3c4f502fcc489722a7be0dfe0088c"},"headline":"Ledarskap f\u00f6r ett b\u00e4ttre \u00d6sterg\u00f6tland","datePublished":"2022-10-24T10:16:42+00:00","mainEntityOfPage":{"@id":"https:\/\/wp.kristdemokraterna.se\/regionostergotland\/ledarskap-for-ett-battre-ostergotland\/"},"wordCount":362,"articleSection":["Nyheter"],"inLanguage":"sv-SE"},{"@type":"WebPage","@id":"https:\/\/wp.kristdemokraterna.se\/regionostergotland\/ledarskap-for-ett-battre-ostergotland\/","url":"https:\/\/wp.kristdemokraterna.se\/regionostergotland\/ledarskap-for-ett-battre-ostergotland\/","name":"Ledarskap f\u00f6r ett b\u00e4ttre \u00d6sterg\u00f6tland - i Region \u00d6sterg\u00f6tland","isPartOf":{"@id":"https:\/\/wp.kristdemokraterna.se\/regionostergotland\/#website"},"datePublished":"2022-10-24T10:16:42+00:00","author":{"@id":"https:\/\/wp.kristdemokraterna.se\/regionostergotland\/#\/schema\/person\/74c3c4f502fcc489722a7be0dfe0088c"},"breadcrumb":{"@id":"https:\/\/wp.kristdemokraterna.se\/regionostergotland\/ledarskap-for-ett-battre-ostergotland\/#breadcrumb"},"inLanguage":"sv-SE","potentialAction":[{"@type":"ReadAction","target":["https:\/\/wp.kristdemokraterna.se\/regionostergotland\/ledarskap-for-ett-battre-ostergotland\/"]}]},{"@type":"BreadcrumbList","@id":"https:\/\/wp.kristdemokraterna.se\/regionostergotland\/ledarskap-for-ett-battre-ostergotland\/#breadcrumb","itemListElement":[{"@type":"ListItem","position":1,"name":"Hem","item":"https:\/\/wp.kristdemokraterna.se\/regionostergotland\/"},{"@type":"ListItem","position":2,"name":"Ledarskap f\u00f6r ett b\u00e4ttre \u00d6sterg\u00f6tland"}]},{"@type":"WebSite","@id":"https:\/\/wp.kristdemokraterna.se\/regionostergotland\/#website","url":"https:\/\/wp.kristdemokraterna.se\/regionostergotland\/","name":"i Region \u00d6sterg\u00f6tland","description":"","inLanguage":"sv-SE"},{"@type":"Person","@id":"https:\/\/wp.kristdemokraterna.se\/regionostergotland\/#\/schema\/person\/74c3c4f502fcc489722a7be0dfe0088c","name":"regionostergotland","image":{"@type":"ImageObject","inLanguage":"sv-SE","@id":"https:\/\/secure.gravatar.com\/avatar\/8fb8f0a216e627554da57506bfaf78d677f45512f24f703e185ec701423b1e92?s=96&d=mm&r=g","url":"https:\/\/secure.gravatar.com\/avatar\/8fb8f0a216e627554da57506bfaf78d677f45512f24f703e185ec701423b1e92?s=96&d=mm&r=g","contentUrl":"https:\/\/secure.gravatar.com\/avatar\/8fb8f0a216e627554da57506bfaf78d677f45512f24f703e185ec701423b1e92?s=96&d=mm&r=g","caption":"regionostergotland"},"url":"https:\/\/wp.kristdemokraterna.se\/regionostergotland\/author\/regionostergotland\/"}]}},"_links":{"self":[{"href":"https:\/\/wp.kristdemokraterna.se\/regionostergotland\/wp-json\/wp\/v2\/posts\/1977","targetHints":{"allow":["GET"]}}],"collection":[{"href":"https:\/\/wp.kristdemokraterna.se\/regionostergotland\/wp-json\/wp\/v2\/posts"}],"about":[{"href":"https:\/\/wp.kristdemokraterna.se\/regionostergotland\/wp-json\/wp\/v2\/types\/post"}],"author":[{"embeddable":true,"href":"https:\/\/wp.kristdemokraterna.se\/regionostergotland\/wp-json\/wp\/v2\/users\/737"}],"replies":[{"embeddable":true,"href":"https:\/\/wp.kristdemokraterna.se\/regionostergotland\/wp-json\/wp\/v2\/comments?post=1977"}],"version-history":[{"count":1,"href":"https:\/\/wp.kristdemokraterna.se\/regionostergotland\/wp-json\/wp\/v2\/posts\/1977\/revisions"}],"predecessor-version":[{"id":1979,"href":"https:\/\/wp.kristdemokraterna.se\/regionostergotland\/wp-json\/wp\/v2\/posts\/1977\/revisions\/1979"}],"wp:attachment":[{"href":"https:\/\/wp.kristdemokraterna.se\/regionostergotland\/wp-json\/wp\/v2\/media?parent=1977"}],"wp:term":[{"taxonomy":"category","embeddable":true,"href":"https:\/\/wp.kristdemokraterna.se\/regionostergotland\/wp-json\/wp\/v2\/categories?post=1977"},{"taxonomy":"post_tag","embeddable":true,"href":"https:\/\/wp.kristdemokraterna.se\/regionostergotland\/wp-json\/wp\/v2\/tags?post=1977"}],"curies":[{"name":"wp","href":"https:\/\/api.w.org\/{rel}","templated":true}]}}