{"id":1980,"date":"2022-10-28T08:34:26","date_gmt":"2022-10-28T06:34:26","guid":{"rendered":"https:\/\/wp.kristdemokraterna.se\/regionostergotland\/?p=1980"},"modified":"2022-10-28T08:34:26","modified_gmt":"2022-10-28T06:34:26","slug":"nyhetsbrev-vecka-43-5","status":"publish","type":"post","link":"https:\/\/wp.kristdemokraterna.se\/regionostergotland\/nyhetsbrev-vecka-43-5\/","title":{"rendered":"Nyhetsbrev vecka 43"},"content":{"rendered":"<p>Hej!<\/p>\n<p>V\u00e4ntan har varit l\u00e5ng, men nu \u00e4r nyhetsbrevet \u00e4ntligen tillbaka! Efter sommaruppeh\u00e5ll, valr\u00f6relse och ett antal veckor av f\u00f6rhandlingar, \u00e4r det nu r\u00e4tt tid att \u00e5terg\u00e5 till att regelbundet ge en kort veckorapport fr\u00e5n det regionpolitiska arbetet ur ett kristdemokratiskt perspektiv. Trevlig l\u00e4sning!<!--more--><\/p>\n<p><strong>Intensiv valr\u00f6relse och valframg\u00e5ng<\/strong><br \/>\n\u00c4ven om det nu har g\u00e5tt n\u00e4stan sju veckor sedan valdagen, m\u00e5ste \u00e4nd\u00e5 f\u00f6rsta punkten i veckans nyhetsbrev blicka tillbaka p\u00e5 valr\u00f6relse och valresultat. Det blev en intensiv valr\u00f6relse med regionpolitiska kampanjbes\u00f6k runt om i \u00d6sterg\u00f6tland, p\u00e5 marknader, utanf\u00f6r sjukhus och v\u00e5rdcentraler, p\u00e5 f\u00f6retagsbes\u00f6k och p\u00e5 torg och j\u00e4rnv\u00e4gsstationer. Vi genomf\u00f6rde presstr\u00e4ffar om f\u00f6rslag kring kollektivtrafik p\u00e5 landsbygden, utveckling av St\u00e5ng\u00e5dalsbanan och st\u00e4rkt samverkan inom sjukv\u00e5rdsregionen med bl.a. egen ambulanshelikopter &#8211; alla gav god utdelning i media. N\u00e5gra debattartiklar publicerades ocks\u00e5 under valr\u00f6relsen. I sociala medier och genom personvalsfoldrar lyfte vi fram v\u00e5ra olika toppkandidater p\u00e5 regionvalsedlarna, liksom v\u00e5ra huvudbudskap i det regionala valprogrammet. Sammantaget var m\u00e5nga regionkandidater och andra valkampanjande kristdemokrater med och bidrag till en mycket h\u00f6g aktivitet i valr\u00f6relsen &#8211; stort tack till er alla! Och allt arbete gav ocks\u00e5 resultat, Kristdemokraterna gick fram\u00e5t i regionvalet, fr\u00e5n 7,47 i valet 2018 till 8,31 i \u00e5rets val. Vi \u00f6kade i regionvalet \u00f6ver hela \u00d6sterg\u00f6tland, i alla regionvalkretsar, och i alla kommuner. Mycket gl\u00e4djande och uppmuntrande efter intensivt valarbete!<\/p>\n<p><strong>Presentation av nytt borgerligt styre i regionen &#8211; KD, M och L<\/strong><br \/>\nEfter valet p\u00e5b\u00f6rjades direkt kontakter mellan olika partier, och olika t\u00e4nkbara konstellationer f\u00f6r styret i regionen sonderades. Efter n\u00e5gra veckor stod det klart att vi fr\u00e5n Kristdemokraterna tillsammans med Moderaterna och Liberalerna \u00e4mnade f\u00f6rhandla vidare m\u00f6jligheten till att bilda ett nytt regionstyre, med en sakpolitisk \u00f6verenskommelse med Sverigedemokraterna f\u00f6r att s\u00e4kra majoritet i regionfullm\u00e4ktige. F\u00f6rhandlingarna har g\u00e5tt bra och i m\u00e5ndags kunde vi allts\u00e5 presentera det nya borgerliga styret i regionen vid en presstr\u00e4ff i regionhuset. Det nya M-KD-L-styret har f\u00e5tt namnet \u00d6stg\u00f6tasamverkan. I princip samtliga stora \u00f6stg\u00f6tska medier bevakade presskonferensen och det blev m\u00e5nga artiklar och nyhetsinslag. Vid presstr\u00e4ffen lyfte vi fram flera av de stora utmaningar som regionen st\u00e5r inf\u00f6r, inte minst bemanningssituationen i v\u00e5rden, f\u00f6r l\u00e5nga v\u00e5rdk\u00f6er och anstr\u00e4ngd ekonomin. Behov av nya tag n\u00e4r det g\u00e4ller kollektivtrafikens m\u00e5l och organisering, inte minst f\u00f6r att st\u00e4rka kollektivtrafik p\u00e5 landsbygden, tog vi ocks\u00e5 upp. I n\u00e4sta vecka v\u00e4ntar mer detaljerad presentation b\u00e5de av det politiska inneh\u00e5llet och vilka personer fr\u00e5n v\u00e5ra tre partier som f\u00e5r vilka ledande uppdrag n\u00e4sta mandatperiod.<\/p>\n<p><strong>M\u00e5ndagsm\u00f6te med budgetfokus<\/strong><br \/>\nVeckans allra f\u00f6rsta m\u00f6te var som vanligt m\u00e5ndagsm\u00f6tet, d\u00e4r sedan en tid tillbaka v\u00e5ra ledande f\u00f6retr\u00e4dare f\u00f6r Kristdemokraterna, Moderaterna och Liberalerna deltar. Vid veckans m\u00f6te, var fokus, liksom vid flera andra m\u00f6ten under veckan, det uppdaterade f\u00f6rslaget till Tre\u00e5rsbudget 2023-2025, som vi ska l\u00e4gga fram f\u00f6r beslut inf\u00f6r regionfullm\u00e4ktiges sammantr\u00e4de 23 november. S\u00e5v\u00e4l regiondirekt\u00f6r Krister Bj\u00f6rkegren som ekonomidirekt\u00f6r Josefin Bj\u00e4resten g\u00e4stade m\u00f6tet. En tre\u00e5rsbudget beslutades redan i juni, men med nytt borgerligt styre i regionen, ska ett nytt uppdaterat f\u00f6rslag tas fram och beslutas. I n\u00e4sta vecka v\u00e4ntar gruppm\u00f6ten i v\u00e5ra tre partier, som formellt ska st\u00e4lla sig bakom f\u00f6rslaget, och sedan offentligg\u00f6rs budgeten och beslutsprocessen kan inledas.<\/p>\n<p><strong>Gemensamt presidiem\u00f6te med presidierna i RUN och TSN<\/strong><br \/>\nMitt i allt arbete med nytt regionstyre, budgetf\u00f6rhandlingar, nomineringar och olika nystarter, p\u00e5g\u00e5r en hel del av det ordinarie politiska arbetet enligt plan. I tisdags h\u00f6lls exempelvis gemensamt presidiem\u00f6te mellan presidierna i regionutvecklingsn\u00e4mnden och trafik- och samh\u00e4llsplaneringsn\u00e4mnden. P\u00e5 dagordningen stod bl.a. utv\u00e4rdering av \u00d6stg\u00f6tadagarna, s\u00e5v\u00e4l den traditionella helgen i september, som det nya arrangemanget i maj, \u00d6sterg\u00f6tland spirar. Presidierna diskuterade utifr\u00e5n utv\u00e4rderingen hur arrangemanget ska forts\u00e4tta utvecklas kommande \u00e5r. Vidare dryftades de utbildningsinsatser som planeras f\u00f6r de b\u00e5da n\u00e4mnderna i b\u00f6rjan av n\u00e4sta mandatperiod, v\u00e5ren 2023. B\u00e5de nya ledam\u00f6ter och ers\u00e4ttare, och de som forts\u00e4tter, beh\u00f6ver utbildning i n\u00e4mndernas breda och m\u00e5ngfacetterade uppdrag och uppgifter.<\/p>\n<p><strong>Styrelsem\u00f6te med Almi \u00d6sterg\u00f6tland<\/strong><br \/>\nI onsdags f\u00f6rmiddag sammantr\u00e4dde styrelsen f\u00f6r Almi \u00d6sterg\u00f6tland. Bolaget, som \u00e4gs till h\u00e4lften av det statliga moderbolaget Almi och till h\u00e4lften av Region \u00d6sterg\u00f6tland, brukar vi betrakta som regionens viktigaste tillv\u00e4xtverktyg, med en omfattande verksamhet med r\u00e5dgivning och utl\u00e5ning till sm\u00e5 och medelstora f\u00f6retag. M\u00e5nga jobb har skapats i \u00f6stg\u00f6tska f\u00f6retag, tack vare insatser fr\u00e5n Almi. Regionen utser genom sitt \u00e4gande fyra styrelseledam\u00f6ter i styrelsen, och under den g\u00e5ngna mandatperioden (som f\u00f6r bolagets del p\u00e5g\u00e5r till bolagsst\u00e4mman v\u00e5ren 2023), har jag haft f\u00f6rm\u00e5nen att f\u00f6r andra perioden i rad vara en av de fyra ledam\u00f6terna. Vid onsdagens sammantr\u00e4de, bestod dagordningen ut\u00f6ver sedvanliga rapportpunkter, ocks\u00e5 av beslut om Verksamhetsplan f\u00f6r 2023.<\/p>\n<p><strong>Dialog mellan regionutvecklingsn\u00e4mnden och regionens revisorer<\/strong><br \/>\nP\u00e5 onsdagsf\u00f6rmiddagen var det dags f\u00f6r \u00e5rets andra tr\u00e4ff mellan regionutvecklingsn\u00e4mnden och regionens revisorer. Tv\u00e5 g\u00e5nger om \u00e5ret kallar revisorerna in n\u00e4mndens presidium och en representant vardera f\u00f6r de partier som inte ing\u00e5r i presidiet. Uppf\u00f6ljande fr\u00e5gest\u00e4llningar kring olika delar av n\u00e4mndens breda ansvarsomr\u00e5de har s\u00e4nts ut inf\u00f6r tr\u00e4ffen, och vi f\u00f6rs\u00f6ker med gemensamma krafter besvara fr\u00e5gorna. Det brukar bli givande samtal med god st\u00e4mning, d\u00e4r samtliga kan f\u00e5 tillf\u00e4lle att ta med nya l\u00e4rdomar!<\/p>\n<p><strong>Strategim\u00f6te med Strukturfondspartnerskapet \u00d6stra Mellansverige<\/strong><br \/>\nI g\u00e5r torsdag samlades Strukturfondspartnerskapet \u00d6stra Mellansverige f\u00f6r strategim\u00f6te i Stockholm. Partnerskapet har varit verksamma under den g\u00e5ngna strukturfondsperioden, som \u00e4r kopplat till EU:s l\u00e5ngtidsbudget, egentligen 2014-2020, men med den tid det tagit att f\u00f6rhandla ny EU-budget och att sedan f\u00e5 ig\u00e5ng alla processer nationellt och storregionalt, har nuvarande partnerskap f\u00e5tt f\u00f6rl\u00e4ngt uppdrag till 2022 \u00e5rs slut. Uppgiften f\u00f6r partnerskapet \u00e4r, efter beredning av Tillv\u00e4tverket respektive Svenska ESF-r\u00e5det, prioritera bland projektans\u00f6kningar ur Europeiska regionala utvecklingsfonden (ERUF) och Europeiska socialfonden (ESF). Partnerskapet best\u00e5r av ledam\u00f6ter fr\u00e5n de fem regionerna i \u00d6stra Mellansverige (Region \u00d6sterg\u00f6tland, Region S\u00f6rmland, Region \u00d6rebro l\u00e4n, Region V\u00e4stmanland och Region Uppsala) samt av representanter fr\u00e5n en del statliga myndigheter, l\u00e4ros\u00e4ten, fackliga organisationer m.fl. Vid g\u00e5rdagens m\u00f6te, var syftet att inf\u00f6r att perioden vid \u00e5rsskiftet slutligen tar slut, utv\u00e4rdera arbetet och diskutera hur det viktiga prioriteringsarbetet kan utvecklas n\u00e4sta period. Det blev bra och givande diskussioner, och dessutom trevligt att ses efter enbart digitala m\u00f6ten under n\u00e4stan tre \u00e5r\u2026<\/p>\n<p>Idag fredag v\u00e4ntar sammantr\u00e4de med Kristdemokraternas partifullm\u00e4ktige, i riksdagshuset i Stockholm, med bl.a. beslut om verksamhetsplan f\u00f6r n\u00e4sta \u00e5r. Sedan v\u00e4ntar helg och d\u00e4refter en ny vecka med fler intressanta inslag i regionpolitiken\u2026 Men, s\u00e5 l\u00e4nge \u00f6nskar jag er alla en riktigt trevlig helg!<\/p>\n<p>Med v\u00e4nlig h\u00e4lsning<br \/>\nPer Larsson<br \/>\nOppositionsr\u00e5d och gruppledare<br \/>\nKristdemokraterna i Region \u00d6sterg\u00f6tland<br \/>\ntfn 010-103 72 84 (arb)<br \/>\ntfn 0702-88 21 34 (mobil)<br \/>\nper.larsson@regionostergotland.se<\/p>\n","protected":false},"excerpt":{"rendered":"<p>Hej! V\u00e4ntan har varit l\u00e5ng, men nu \u00e4r nyhetsbrevet \u00e4ntligen tillbaka! Efter sommaruppeh\u00e5ll, valr\u00f6relse och ett antal veckor av f\u00f6rhandlingar, \u00e4r det nu r\u00e4tt tid att \u00e5terg\u00e5 till att regelbundet ge en kort veckorapport fr\u00e5n det regionpolitiska arbetet ur ett kristdemokratiskt perspektiv. Trevlig l\u00e4sning!<\/p>\n","protected":false},"author":737,"featured_media":0,"comment_status":"closed","ping_status":"closed","sticky":false,"template":"","format":"standard","meta":{"_acf_changed":false,"footnotes":""},"categories":[1],"tags":[],"class_list":["post-1980","post","type-post","status-publish","format-standard","hentry","category-nyheter"],"acf":[],"yoast_head":"<!-- This site is optimized with the Yoast SEO plugin v27.5 - https:\/\/yoast.com\/product\/yoast-seo-wordpress\/ -->\n<title>Nyhetsbrev vecka 43 - i Region \u00d6sterg\u00f6tland<\/title>\n<meta name=\"robots\" content=\"index, follow, max-snippet:-1, max-image-preview:large, max-video-preview:-1\" \/>\n<link rel=\"canonical\" href=\"https:\/\/wp.kristdemokraterna.se\/regionostergotland\/nyhetsbrev-vecka-43-5\/\" \/>\n<meta property=\"og:locale\" content=\"sv_SE\" \/>\n<meta property=\"og:type\" content=\"article\" \/>\n<meta property=\"og:title\" content=\"Nyhetsbrev vecka 43 - i Region \u00d6sterg\u00f6tland\" \/>\n<meta property=\"og:description\" content=\"Hej! V\u00e4ntan har varit l\u00e5ng, men nu \u00e4r nyhetsbrevet \u00e4ntligen tillbaka! Efter sommaruppeh\u00e5ll, valr\u00f6relse och ett antal veckor av f\u00f6rhandlingar, \u00e4r det nu r\u00e4tt tid att \u00e5terg\u00e5 till att regelbundet ge en kort veckorapport fr\u00e5n det regionpolitiska arbetet ur ett kristdemokratiskt perspektiv. Trevlig l\u00e4sning!\" \/>\n<meta property=\"og:url\" content=\"https:\/\/wp.kristdemokraterna.se\/regionostergotland\/nyhetsbrev-vecka-43-5\/\" \/>\n<meta property=\"og:site_name\" content=\"i Region \u00d6sterg\u00f6tland\" \/>\n<meta property=\"article:published_time\" content=\"2022-10-28T06:34:26+00:00\" \/>\n<meta property=\"og:image\" content=\"http:\/\/wp.kristdemokraterna.se\/regionostergotland\/files\/2022\/10\/bild-nyhetsbrev-2022-vecka-43-1024x533.jpg\" \/>\n\t<meta property=\"og:image:width\" content=\"1024\" \/>\n\t<meta property=\"og:image:height\" content=\"533\" \/>\n\t<meta property=\"og:image:type\" content=\"image\/jpeg\" \/>\n<meta name=\"author\" content=\"regionostergotland\" \/>\n<meta name=\"twitter:card\" content=\"summary_large_image\" \/>\n<meta name=\"twitter:label1\" content=\"Skriven av\" \/>\n\t<meta name=\"twitter:data1\" content=\"regionostergotland\" \/>\n\t<meta name=\"twitter:label2\" content=\"Ber\u00e4knad l\u00e4stid\" \/>\n\t<meta name=\"twitter:data2\" content=\"6 minuter\" \/>\n<script type=\"application\/ld+json\" class=\"yoast-schema-graph\">{\"@context\":\"https:\\\/\\\/schema.org\",\"@graph\":[{\"@type\":\"Article\",\"@id\":\"https:\\\/\\\/wp.kristdemokraterna.se\\\/regionostergotland\\\/nyhetsbrev-vecka-43-5\\\/#article\",\"isPartOf\":{\"@id\":\"https:\\\/\\\/wp.kristdemokraterna.se\\\/regionostergotland\\\/nyhetsbrev-vecka-43-5\\\/\"},\"author\":{\"name\":\"regionostergotland\",\"@id\":\"https:\\\/\\\/wp.kristdemokraterna.se\\\/regionostergotland\\\/#\\\/schema\\\/person\\\/74c3c4f502fcc489722a7be0dfe0088c\"},\"headline\":\"Nyhetsbrev vecka 43\",\"datePublished\":\"2022-10-28T06:34:26+00:00\",\"mainEntityOfPage\":{\"@id\":\"https:\\\/\\\/wp.kristdemokraterna.se\\\/regionostergotland\\\/nyhetsbrev-vecka-43-5\\\/\"},\"wordCount\":1300,\"articleSection\":[\"Nyheter\"],\"inLanguage\":\"sv-SE\"},{\"@type\":\"WebPage\",\"@id\":\"https:\\\/\\\/wp.kristdemokraterna.se\\\/regionostergotland\\\/nyhetsbrev-vecka-43-5\\\/\",\"url\":\"https:\\\/\\\/wp.kristdemokraterna.se\\\/regionostergotland\\\/nyhetsbrev-vecka-43-5\\\/\",\"name\":\"Nyhetsbrev vecka 43 - i Region \u00d6sterg\u00f6tland\",\"isPartOf\":{\"@id\":\"https:\\\/\\\/wp.kristdemokraterna.se\\\/regionostergotland\\\/#website\"},\"datePublished\":\"2022-10-28T06:34:26+00:00\",\"author\":{\"@id\":\"https:\\\/\\\/wp.kristdemokraterna.se\\\/regionostergotland\\\/#\\\/schema\\\/person\\\/74c3c4f502fcc489722a7be0dfe0088c\"},\"breadcrumb\":{\"@id\":\"https:\\\/\\\/wp.kristdemokraterna.se\\\/regionostergotland\\\/nyhetsbrev-vecka-43-5\\\/#breadcrumb\"},\"inLanguage\":\"sv-SE\",\"potentialAction\":[{\"@type\":\"ReadAction\",\"target\":[\"https:\\\/\\\/wp.kristdemokraterna.se\\\/regionostergotland\\\/nyhetsbrev-vecka-43-5\\\/\"]}]},{\"@type\":\"BreadcrumbList\",\"@id\":\"https:\\\/\\\/wp.kristdemokraterna.se\\\/regionostergotland\\\/nyhetsbrev-vecka-43-5\\\/#breadcrumb\",\"itemListElement\":[{\"@type\":\"ListItem\",\"position\":1,\"name\":\"Hem\",\"item\":\"https:\\\/\\\/wp.kristdemokraterna.se\\\/regionostergotland\\\/\"},{\"@type\":\"ListItem\",\"position\":2,\"name\":\"Nyhetsbrev vecka 43\"}]},{\"@type\":\"WebSite\",\"@id\":\"https:\\\/\\\/wp.kristdemokraterna.se\\\/regionostergotland\\\/#website\",\"url\":\"https:\\\/\\\/wp.kristdemokraterna.se\\\/regionostergotland\\\/\",\"name\":\"i Region \u00d6sterg\u00f6tland\",\"description\":\"\",\"inLanguage\":\"sv-SE\"},{\"@type\":\"Person\",\"@id\":\"https:\\\/\\\/wp.kristdemokraterna.se\\\/regionostergotland\\\/#\\\/schema\\\/person\\\/74c3c4f502fcc489722a7be0dfe0088c\",\"name\":\"regionostergotland\",\"image\":{\"@type\":\"ImageObject\",\"inLanguage\":\"sv-SE\",\"@id\":\"https:\\\/\\\/secure.gravatar.com\\\/avatar\\\/8fb8f0a216e627554da57506bfaf78d677f45512f24f703e185ec701423b1e92?s=96&d=mm&r=g\",\"url\":\"https:\\\/\\\/secure.gravatar.com\\\/avatar\\\/8fb8f0a216e627554da57506bfaf78d677f45512f24f703e185ec701423b1e92?s=96&d=mm&r=g\",\"contentUrl\":\"https:\\\/\\\/secure.gravatar.com\\\/avatar\\\/8fb8f0a216e627554da57506bfaf78d677f45512f24f703e185ec701423b1e92?s=96&d=mm&r=g\",\"caption\":\"regionostergotland\"},\"url\":\"https:\\\/\\\/wp.kristdemokraterna.se\\\/regionostergotland\\\/author\\\/regionostergotland\\\/\"}]}<\/script>\n<!-- \/ Yoast SEO plugin. -->","yoast_head_json":{"title":"Nyhetsbrev vecka 43 - i Region \u00d6sterg\u00f6tland","robots":{"index":"index","follow":"follow","max-snippet":"max-snippet:-1","max-image-preview":"max-image-preview:large","max-video-preview":"max-video-preview:-1"},"canonical":"https:\/\/wp.kristdemokraterna.se\/regionostergotland\/nyhetsbrev-vecka-43-5\/","og_locale":"sv_SE","og_type":"article","og_title":"Nyhetsbrev vecka 43 - i Region \u00d6sterg\u00f6tland","og_description":"Hej! V\u00e4ntan har varit l\u00e5ng, men nu \u00e4r nyhetsbrevet \u00e4ntligen tillbaka! Efter sommaruppeh\u00e5ll, valr\u00f6relse och ett antal veckor av f\u00f6rhandlingar, \u00e4r det nu r\u00e4tt tid att \u00e5terg\u00e5 till att regelbundet ge en kort veckorapport fr\u00e5n det regionpolitiska arbetet ur ett kristdemokratiskt perspektiv. Trevlig l\u00e4sning!","og_url":"https:\/\/wp.kristdemokraterna.se\/regionostergotland\/nyhetsbrev-vecka-43-5\/","og_site_name":"i Region \u00d6sterg\u00f6tland","article_published_time":"2022-10-28T06:34:26+00:00","og_image":[{"width":1024,"height":533,"url":"http:\/\/wp.kristdemokraterna.se\/regionostergotland\/files\/2022\/10\/bild-nyhetsbrev-2022-vecka-43-1024x533.jpg","type":"image\/jpeg"}],"author":"regionostergotland","twitter_card":"summary_large_image","twitter_misc":{"Skriven av":"regionostergotland","Ber\u00e4knad l\u00e4stid":"6 minuter"},"schema":{"@context":"https:\/\/schema.org","@graph":[{"@type":"Article","@id":"https:\/\/wp.kristdemokraterna.se\/regionostergotland\/nyhetsbrev-vecka-43-5\/#article","isPartOf":{"@id":"https:\/\/wp.kristdemokraterna.se\/regionostergotland\/nyhetsbrev-vecka-43-5\/"},"author":{"name":"regionostergotland","@id":"https:\/\/wp.kristdemokraterna.se\/regionostergotland\/#\/schema\/person\/74c3c4f502fcc489722a7be0dfe0088c"},"headline":"Nyhetsbrev vecka 43","datePublished":"2022-10-28T06:34:26+00:00","mainEntityOfPage":{"@id":"https:\/\/wp.kristdemokraterna.se\/regionostergotland\/nyhetsbrev-vecka-43-5\/"},"wordCount":1300,"articleSection":["Nyheter"],"inLanguage":"sv-SE"},{"@type":"WebPage","@id":"https:\/\/wp.kristdemokraterna.se\/regionostergotland\/nyhetsbrev-vecka-43-5\/","url":"https:\/\/wp.kristdemokraterna.se\/regionostergotland\/nyhetsbrev-vecka-43-5\/","name":"Nyhetsbrev vecka 43 - i Region \u00d6sterg\u00f6tland","isPartOf":{"@id":"https:\/\/wp.kristdemokraterna.se\/regionostergotland\/#website"},"datePublished":"2022-10-28T06:34:26+00:00","author":{"@id":"https:\/\/wp.kristdemokraterna.se\/regionostergotland\/#\/schema\/person\/74c3c4f502fcc489722a7be0dfe0088c"},"breadcrumb":{"@id":"https:\/\/wp.kristdemokraterna.se\/regionostergotland\/nyhetsbrev-vecka-43-5\/#breadcrumb"},"inLanguage":"sv-SE","potentialAction":[{"@type":"ReadAction","target":["https:\/\/wp.kristdemokraterna.se\/regionostergotland\/nyhetsbrev-vecka-43-5\/"]}]},{"@type":"BreadcrumbList","@id":"https:\/\/wp.kristdemokraterna.se\/regionostergotland\/nyhetsbrev-vecka-43-5\/#breadcrumb","itemListElement":[{"@type":"ListItem","position":1,"name":"Hem","item":"https:\/\/wp.kristdemokraterna.se\/regionostergotland\/"},{"@type":"ListItem","position":2,"name":"Nyhetsbrev vecka 43"}]},{"@type":"WebSite","@id":"https:\/\/wp.kristdemokraterna.se\/regionostergotland\/#website","url":"https:\/\/wp.kristdemokraterna.se\/regionostergotland\/","name":"i Region \u00d6sterg\u00f6tland","description":"","inLanguage":"sv-SE"},{"@type":"Person","@id":"https:\/\/wp.kristdemokraterna.se\/regionostergotland\/#\/schema\/person\/74c3c4f502fcc489722a7be0dfe0088c","name":"regionostergotland","image":{"@type":"ImageObject","inLanguage":"sv-SE","@id":"https:\/\/secure.gravatar.com\/avatar\/8fb8f0a216e627554da57506bfaf78d677f45512f24f703e185ec701423b1e92?s=96&d=mm&r=g","url":"https:\/\/secure.gravatar.com\/avatar\/8fb8f0a216e627554da57506bfaf78d677f45512f24f703e185ec701423b1e92?s=96&d=mm&r=g","contentUrl":"https:\/\/secure.gravatar.com\/avatar\/8fb8f0a216e627554da57506bfaf78d677f45512f24f703e185ec701423b1e92?s=96&d=mm&r=g","caption":"regionostergotland"},"url":"https:\/\/wp.kristdemokraterna.se\/regionostergotland\/author\/regionostergotland\/"}]}},"_links":{"self":[{"href":"https:\/\/wp.kristdemokraterna.se\/regionostergotland\/wp-json\/wp\/v2\/posts\/1980","targetHints":{"allow":["GET"]}}],"collection":[{"href":"https:\/\/wp.kristdemokraterna.se\/regionostergotland\/wp-json\/wp\/v2\/posts"}],"about":[{"href":"https:\/\/wp.kristdemokraterna.se\/regionostergotland\/wp-json\/wp\/v2\/types\/post"}],"author":[{"embeddable":true,"href":"https:\/\/wp.kristdemokraterna.se\/regionostergotland\/wp-json\/wp\/v2\/users\/737"}],"replies":[{"embeddable":true,"href":"https:\/\/wp.kristdemokraterna.se\/regionostergotland\/wp-json\/wp\/v2\/comments?post=1980"}],"version-history":[{"count":1,"href":"https:\/\/wp.kristdemokraterna.se\/regionostergotland\/wp-json\/wp\/v2\/posts\/1980\/revisions"}],"predecessor-version":[{"id":1982,"href":"https:\/\/wp.kristdemokraterna.se\/regionostergotland\/wp-json\/wp\/v2\/posts\/1980\/revisions\/1982"}],"wp:attachment":[{"href":"https:\/\/wp.kristdemokraterna.se\/regionostergotland\/wp-json\/wp\/v2\/media?parent=1980"}],"wp:term":[{"taxonomy":"category","embeddable":true,"href":"https:\/\/wp.kristdemokraterna.se\/regionostergotland\/wp-json\/wp\/v2\/categories?post=1980"},{"taxonomy":"post_tag","embeddable":true,"href":"https:\/\/wp.kristdemokraterna.se\/regionostergotland\/wp-json\/wp\/v2\/tags?post=1980"}],"curies":[{"name":"wp","href":"https:\/\/api.w.org\/{rel}","templated":true}]}}