{"id":1994,"date":"2022-11-03T10:21:40","date_gmt":"2022-11-03T09:21:40","guid":{"rendered":"https:\/\/wp.kristdemokraterna.se\/regionostergotland\/?p=1994"},"modified":"2022-11-03T10:21:40","modified_gmt":"2022-11-03T09:21:40","slug":"nyhetsbrev-vecka-44-5","status":"publish","type":"post","link":"https:\/\/wp.kristdemokraterna.se\/regionostergotland\/nyhetsbrev-vecka-44-5\/","title":{"rendered":"Nyhetsbrev vecka 44"},"content":{"rendered":"<p>Hej!<\/p>\n<p>Det \u00e4r h\u00f6stlovsvecka och Allhelgonahelgen st\u00e5r f\u00f6r d\u00f6rren. Trots det har f\u00f6rsta halvan av veckan varit mycket intensiv och inneh\u00e5llsrik med s\u00e5v\u00e4l f\u00f6rsta regionfullm\u00e4ktigem\u00f6tet f\u00f6r mandatperioden och presstr\u00e4ff om regionens budget. Innan det blir lite h\u00f6stlov \u00e4ven f\u00f6r mig, kommer d\u00e4rf\u00f6r h\u00e4r en kort resum\u00e9 om veckans regionpolitiska arbete. Trevlig l\u00e4sning!<!--more--><\/p>\n<p>M\u00e5ndagsm\u00f6te med fokus p\u00e5 budget<br \/>\nVeckan b\u00f6rjade som vanligt med m\u00e5ndagsm\u00f6te f\u00f6r \u00d6stg\u00f6tasamverkan; Kristdemokraterna, Moderaterna och Liberalerna. \u00c4ven denna m\u00e5ndag \u00e4gnades en hel del tid \u00e5t de sista justeringarna i v\u00e5rt f\u00f6rslag till uppdaterad Tre\u00e5rsbudget 2023-2025. Ekonomidirekt\u00f6r Josefin Bj\u00e4resten och regiondirekt\u00f6r Krister Bj\u00f6rkegren g\u00e4stade m\u00f6tet, d\u00e4r den senare ocks\u00e5 informerade om en del andra aktuella fr\u00e5gor.<\/p>\n<p><strong>Gruppledartr\u00e4ff inf\u00f6r ny mandatperiod<\/strong><br \/>\nP\u00e5 m\u00e5ndagseftermiddagen hade tilltr\u00e4dande regionstyrelseordf\u00f6rande Marie Morell (M) kallat in gruppledarna f\u00f6r alla partier i regionfullm\u00e4ktige till en gruppledartr\u00e4ff. Vid fullm\u00e4ktigem\u00f6tet 23 november ska bl.a. beslutas om uppdaterat reglemente, och inf\u00f6r det beh\u00f6ver en del mer praktiska fr\u00e5gor diskuteras, om bl.a. lokalfr\u00e5gor i regionhuset, placering i regionfullm\u00e4ktige och hur strukturen f\u00f6r kommande gruppledartr\u00e4ffar ska se ut.<\/p>\n<p><strong>Gruppm\u00f6te med Kristdemokraternas regiongrupp<\/strong><br \/>\nI samband med mandatperiodsskifte, och inte minst vid maktskifte, brukar regiongruppens gruppm\u00f6ten infalla t\u00e4tare \u00e4n vanligt. I m\u00e5ndags kv\u00e4ll, endast tv\u00e5 veckor sedan sist, var det dags igen. Huvudnumret f\u00f6r detta gruppm\u00f6te var presentation av och beslut om f\u00f6rslaget till Tre\u00e5rsbudget 2023-2025. Kv\u00e4llen inleddes med ett gemensamt m\u00f6te f\u00f6r \u00d6stg\u00f6tasamverkans tre partigrupper, d\u00e4r vi gruppledare presenterade de viktigaste omr\u00e5dena i budgetf\u00f6rslaget. D\u00e4refter f\u00f6ljde Kristdemokraternas eget gruppm\u00f6te, d\u00e4r vi ocks\u00e5 gick igenom \u00e4renden till n\u00e4stf\u00f6ljande dags fullm\u00e4ktigesammantr\u00e4de.<\/p>\n<p><strong>F\u00f6rsta regionfullm\u00e4ktigem\u00f6tet f\u00f6r mandatperioden<\/strong><br \/>\nI tisdags hade dagen infunnit sig f\u00f6r det f\u00f6rsta sammantr\u00e4det med regionfullm\u00e4ktige f\u00f6r den nya mandatperioden 2022-2026. Efter inledning av \u00e5lderspresident Marie Morell (M) valdes det nya presidiet i regionfullm\u00e4ktige, d\u00e4r Kristdemokraternas Elvira Wibeck \u00e5ter finns med, numera dock uppgraderad till f\u00f6rste vice ordf\u00f6rande. Regionfullm\u00e4ktige valde ocks\u00e5 ny regionstyrelse, d\u00e4r Kristdemokraternas representanter forts\u00e4tter att vara Anders Eksmo, ledamot och Martin Zetterlund, ers\u00e4ttare. Tv\u00e5 &#8217;vanliga&#8217; besluts\u00e4renden fanns ocks\u00e5 p\u00e5 fullm\u00e4ktiges dagordning, tv\u00e5 viktiga och omfattande dokument, dels \u00d6verenskommelse med kommunerna i \u00d6sterg\u00f6tland om n\u00e4ra v\u00e5rd och dels L\u00e4nsplan f\u00f6r regional transportinfrastruktur.<\/p>\n<p><strong>Presstr\u00e4ff om Tre\u00e5rsbudget 2023-2025: Nystart \u00d6sterg\u00f6tland<\/strong><br \/>\nP\u00e5 tisdagen genomf\u00f6rde vi ocks\u00e5 presstr\u00e4ff d\u00e4r vi fr\u00e5n Kristdemokraterna, Moderaterna och Liberalerna presenterade f\u00f6rslag till Tre\u00e5rsbudget 2023-2025 med titeln Nystart \u00d6sterg\u00f6tland. De flesta \u00f6stg\u00f6tska medier var p\u00e5 plats i Sessionssalen i Regionhuset, och nyheter om budgetf\u00f6rslaget har funnits med i tidningar, radio och tv. Du kan l\u00e4sa mer om budgeten h\u00e4r: (<a href=\"https:\/\/wp.kristdemokraterna.se\/regionostergotland\/nystart-ostergotland\/\" target=\"_blank\" rel=\"noopener\">https:\/\/wp.kristdemokraterna.se\/regionostergotland\/nystart-ostergotland\/<\/a>).<\/p>\n<p>Nu ska jag f\u00f6rs\u00f6ka vara lite h\u00f6stlovsledig resten av veckan! Oavsett hur mycket ledig du f\u00e5r vara, hoppas jag att ni alla s\u00e5 sm\u00e5ningom f\u00e5r en fin allhelgonahelg!<\/p>\n<p>Med v\u00e4nlig h\u00e4lsning<br \/>\nPer Larsson<br \/>\nOppositionsr\u00e5d och gruppledare<br \/>\nKristdemokraterna i Region \u00d6sterg\u00f6tland<br \/>\ntfn 010-103 72 84 (arb)<br \/>\ntfn 0702-88 21 34 (mobil)<br \/>\nper.larsson@regionostergotland.se<\/p>\n<p>&nbsp;<\/p>\n","protected":false},"excerpt":{"rendered":"<p>Hej! Det \u00e4r h\u00f6stlovsvecka och Allhelgonahelgen st\u00e5r f\u00f6r d\u00f6rren. Trots det har f\u00f6rsta halvan av veckan varit mycket intensiv och inneh\u00e5llsrik med s\u00e5v\u00e4l f\u00f6rsta regionfullm\u00e4ktigem\u00f6tet f\u00f6r mandatperioden och presstr\u00e4ff om regionens budget. Innan det blir lite h\u00f6stlov \u00e4ven f\u00f6r mig, kommer d\u00e4rf\u00f6r h\u00e4r en kort resum\u00e9 om veckans regionpolitiska arbete. Trevlig l\u00e4sning!<\/p>\n","protected":false},"author":737,"featured_media":0,"comment_status":"closed","ping_status":"closed","sticky":false,"template":"","format":"standard","meta":{"_acf_changed":false,"footnotes":""},"categories":[1],"tags":[],"class_list":["post-1994","post","type-post","status-publish","format-standard","hentry","category-nyheter"],"acf":[],"yoast_head":"<!-- This site is optimized with the Yoast SEO plugin v27.5 - https:\/\/yoast.com\/product\/yoast-seo-wordpress\/ -->\n<title>Nyhetsbrev vecka 44 - i Region \u00d6sterg\u00f6tland<\/title>\n<meta name=\"robots\" content=\"index, follow, max-snippet:-1, max-image-preview:large, max-video-preview:-1\" \/>\n<link rel=\"canonical\" href=\"https:\/\/wp.kristdemokraterna.se\/regionostergotland\/nyhetsbrev-vecka-44-5\/\" \/>\n<meta property=\"og:locale\" content=\"sv_SE\" \/>\n<meta property=\"og:type\" content=\"article\" \/>\n<meta property=\"og:title\" content=\"Nyhetsbrev vecka 44 - i Region \u00d6sterg\u00f6tland\" \/>\n<meta property=\"og:description\" content=\"Hej! Det \u00e4r h\u00f6stlovsvecka och Allhelgonahelgen st\u00e5r f\u00f6r d\u00f6rren. Trots det har f\u00f6rsta halvan av veckan varit mycket intensiv och inneh\u00e5llsrik med s\u00e5v\u00e4l f\u00f6rsta regionfullm\u00e4ktigem\u00f6tet f\u00f6r mandatperioden och presstr\u00e4ff om regionens budget. Innan det blir lite h\u00f6stlov \u00e4ven f\u00f6r mig, kommer d\u00e4rf\u00f6r h\u00e4r en kort resum\u00e9 om veckans regionpolitiska arbete. Trevlig l\u00e4sning!\" \/>\n<meta property=\"og:url\" content=\"https:\/\/wp.kristdemokraterna.se\/regionostergotland\/nyhetsbrev-vecka-44-5\/\" \/>\n<meta property=\"og:site_name\" content=\"i Region \u00d6sterg\u00f6tland\" \/>\n<meta property=\"article:published_time\" content=\"2022-11-03T09:21:40+00:00\" \/>\n<meta property=\"og:image\" content=\"http:\/\/wp.kristdemokraterna.se\/regionostergotland\/files\/2022\/11\/bild-nyhetsbrev-2022-vecka-44-1024x533.jpg\" \/>\n\t<meta property=\"og:image:width\" content=\"1024\" \/>\n\t<meta property=\"og:image:height\" content=\"533\" \/>\n\t<meta property=\"og:image:type\" content=\"image\/jpeg\" \/>\n<meta name=\"author\" content=\"regionostergotland\" \/>\n<meta name=\"twitter:card\" content=\"summary_large_image\" \/>\n<meta name=\"twitter:label1\" content=\"Skriven av\" \/>\n\t<meta name=\"twitter:data1\" content=\"regionostergotland\" \/>\n\t<meta name=\"twitter:label2\" content=\"Ber\u00e4knad l\u00e4stid\" \/>\n\t<meta name=\"twitter:data2\" content=\"3 minuter\" \/>\n<script type=\"application\/ld+json\" class=\"yoast-schema-graph\">{\"@context\":\"https:\\\/\\\/schema.org\",\"@graph\":[{\"@type\":\"Article\",\"@id\":\"https:\\\/\\\/wp.kristdemokraterna.se\\\/regionostergotland\\\/nyhetsbrev-vecka-44-5\\\/#article\",\"isPartOf\":{\"@id\":\"https:\\\/\\\/wp.kristdemokraterna.se\\\/regionostergotland\\\/nyhetsbrev-vecka-44-5\\\/\"},\"author\":{\"name\":\"regionostergotland\",\"@id\":\"https:\\\/\\\/wp.kristdemokraterna.se\\\/regionostergotland\\\/#\\\/schema\\\/person\\\/74c3c4f502fcc489722a7be0dfe0088c\"},\"headline\":\"Nyhetsbrev vecka 44\",\"datePublished\":\"2022-11-03T09:21:40+00:00\",\"mainEntityOfPage\":{\"@id\":\"https:\\\/\\\/wp.kristdemokraterna.se\\\/regionostergotland\\\/nyhetsbrev-vecka-44-5\\\/\"},\"wordCount\":587,\"articleSection\":[\"Nyheter\"],\"inLanguage\":\"sv-SE\"},{\"@type\":\"WebPage\",\"@id\":\"https:\\\/\\\/wp.kristdemokraterna.se\\\/regionostergotland\\\/nyhetsbrev-vecka-44-5\\\/\",\"url\":\"https:\\\/\\\/wp.kristdemokraterna.se\\\/regionostergotland\\\/nyhetsbrev-vecka-44-5\\\/\",\"name\":\"Nyhetsbrev vecka 44 - i Region \u00d6sterg\u00f6tland\",\"isPartOf\":{\"@id\":\"https:\\\/\\\/wp.kristdemokraterna.se\\\/regionostergotland\\\/#website\"},\"datePublished\":\"2022-11-03T09:21:40+00:00\",\"author\":{\"@id\":\"https:\\\/\\\/wp.kristdemokraterna.se\\\/regionostergotland\\\/#\\\/schema\\\/person\\\/74c3c4f502fcc489722a7be0dfe0088c\"},\"breadcrumb\":{\"@id\":\"https:\\\/\\\/wp.kristdemokraterna.se\\\/regionostergotland\\\/nyhetsbrev-vecka-44-5\\\/#breadcrumb\"},\"inLanguage\":\"sv-SE\",\"potentialAction\":[{\"@type\":\"ReadAction\",\"target\":[\"https:\\\/\\\/wp.kristdemokraterna.se\\\/regionostergotland\\\/nyhetsbrev-vecka-44-5\\\/\"]}]},{\"@type\":\"BreadcrumbList\",\"@id\":\"https:\\\/\\\/wp.kristdemokraterna.se\\\/regionostergotland\\\/nyhetsbrev-vecka-44-5\\\/#breadcrumb\",\"itemListElement\":[{\"@type\":\"ListItem\",\"position\":1,\"name\":\"Hem\",\"item\":\"https:\\\/\\\/wp.kristdemokraterna.se\\\/regionostergotland\\\/\"},{\"@type\":\"ListItem\",\"position\":2,\"name\":\"Nyhetsbrev vecka 44\"}]},{\"@type\":\"WebSite\",\"@id\":\"https:\\\/\\\/wp.kristdemokraterna.se\\\/regionostergotland\\\/#website\",\"url\":\"https:\\\/\\\/wp.kristdemokraterna.se\\\/regionostergotland\\\/\",\"name\":\"i Region \u00d6sterg\u00f6tland\",\"description\":\"\",\"inLanguage\":\"sv-SE\"},{\"@type\":\"Person\",\"@id\":\"https:\\\/\\\/wp.kristdemokraterna.se\\\/regionostergotland\\\/#\\\/schema\\\/person\\\/74c3c4f502fcc489722a7be0dfe0088c\",\"name\":\"regionostergotland\",\"image\":{\"@type\":\"ImageObject\",\"inLanguage\":\"sv-SE\",\"@id\":\"https:\\\/\\\/secure.gravatar.com\\\/avatar\\\/8fb8f0a216e627554da57506bfaf78d677f45512f24f703e185ec701423b1e92?s=96&d=mm&r=g\",\"url\":\"https:\\\/\\\/secure.gravatar.com\\\/avatar\\\/8fb8f0a216e627554da57506bfaf78d677f45512f24f703e185ec701423b1e92?s=96&d=mm&r=g\",\"contentUrl\":\"https:\\\/\\\/secure.gravatar.com\\\/avatar\\\/8fb8f0a216e627554da57506bfaf78d677f45512f24f703e185ec701423b1e92?s=96&d=mm&r=g\",\"caption\":\"regionostergotland\"},\"url\":\"https:\\\/\\\/wp.kristdemokraterna.se\\\/regionostergotland\\\/author\\\/regionostergotland\\\/\"}]}<\/script>\n<!-- \/ Yoast SEO plugin. -->","yoast_head_json":{"title":"Nyhetsbrev vecka 44 - i Region \u00d6sterg\u00f6tland","robots":{"index":"index","follow":"follow","max-snippet":"max-snippet:-1","max-image-preview":"max-image-preview:large","max-video-preview":"max-video-preview:-1"},"canonical":"https:\/\/wp.kristdemokraterna.se\/regionostergotland\/nyhetsbrev-vecka-44-5\/","og_locale":"sv_SE","og_type":"article","og_title":"Nyhetsbrev vecka 44 - i Region \u00d6sterg\u00f6tland","og_description":"Hej! Det \u00e4r h\u00f6stlovsvecka och Allhelgonahelgen st\u00e5r f\u00f6r d\u00f6rren. Trots det har f\u00f6rsta halvan av veckan varit mycket intensiv och inneh\u00e5llsrik med s\u00e5v\u00e4l f\u00f6rsta regionfullm\u00e4ktigem\u00f6tet f\u00f6r mandatperioden och presstr\u00e4ff om regionens budget. Innan det blir lite h\u00f6stlov \u00e4ven f\u00f6r mig, kommer d\u00e4rf\u00f6r h\u00e4r en kort resum\u00e9 om veckans regionpolitiska arbete. Trevlig l\u00e4sning!","og_url":"https:\/\/wp.kristdemokraterna.se\/regionostergotland\/nyhetsbrev-vecka-44-5\/","og_site_name":"i Region \u00d6sterg\u00f6tland","article_published_time":"2022-11-03T09:21:40+00:00","og_image":[{"width":1024,"height":533,"url":"http:\/\/wp.kristdemokraterna.se\/regionostergotland\/files\/2022\/11\/bild-nyhetsbrev-2022-vecka-44-1024x533.jpg","type":"image\/jpeg"}],"author":"regionostergotland","twitter_card":"summary_large_image","twitter_misc":{"Skriven av":"regionostergotland","Ber\u00e4knad l\u00e4stid":"3 minuter"},"schema":{"@context":"https:\/\/schema.org","@graph":[{"@type":"Article","@id":"https:\/\/wp.kristdemokraterna.se\/regionostergotland\/nyhetsbrev-vecka-44-5\/#article","isPartOf":{"@id":"https:\/\/wp.kristdemokraterna.se\/regionostergotland\/nyhetsbrev-vecka-44-5\/"},"author":{"name":"regionostergotland","@id":"https:\/\/wp.kristdemokraterna.se\/regionostergotland\/#\/schema\/person\/74c3c4f502fcc489722a7be0dfe0088c"},"headline":"Nyhetsbrev vecka 44","datePublished":"2022-11-03T09:21:40+00:00","mainEntityOfPage":{"@id":"https:\/\/wp.kristdemokraterna.se\/regionostergotland\/nyhetsbrev-vecka-44-5\/"},"wordCount":587,"articleSection":["Nyheter"],"inLanguage":"sv-SE"},{"@type":"WebPage","@id":"https:\/\/wp.kristdemokraterna.se\/regionostergotland\/nyhetsbrev-vecka-44-5\/","url":"https:\/\/wp.kristdemokraterna.se\/regionostergotland\/nyhetsbrev-vecka-44-5\/","name":"Nyhetsbrev vecka 44 - i Region \u00d6sterg\u00f6tland","isPartOf":{"@id":"https:\/\/wp.kristdemokraterna.se\/regionostergotland\/#website"},"datePublished":"2022-11-03T09:21:40+00:00","author":{"@id":"https:\/\/wp.kristdemokraterna.se\/regionostergotland\/#\/schema\/person\/74c3c4f502fcc489722a7be0dfe0088c"},"breadcrumb":{"@id":"https:\/\/wp.kristdemokraterna.se\/regionostergotland\/nyhetsbrev-vecka-44-5\/#breadcrumb"},"inLanguage":"sv-SE","potentialAction":[{"@type":"ReadAction","target":["https:\/\/wp.kristdemokraterna.se\/regionostergotland\/nyhetsbrev-vecka-44-5\/"]}]},{"@type":"BreadcrumbList","@id":"https:\/\/wp.kristdemokraterna.se\/regionostergotland\/nyhetsbrev-vecka-44-5\/#breadcrumb","itemListElement":[{"@type":"ListItem","position":1,"name":"Hem","item":"https:\/\/wp.kristdemokraterna.se\/regionostergotland\/"},{"@type":"ListItem","position":2,"name":"Nyhetsbrev vecka 44"}]},{"@type":"WebSite","@id":"https:\/\/wp.kristdemokraterna.se\/regionostergotland\/#website","url":"https:\/\/wp.kristdemokraterna.se\/regionostergotland\/","name":"i Region \u00d6sterg\u00f6tland","description":"","inLanguage":"sv-SE"},{"@type":"Person","@id":"https:\/\/wp.kristdemokraterna.se\/regionostergotland\/#\/schema\/person\/74c3c4f502fcc489722a7be0dfe0088c","name":"regionostergotland","image":{"@type":"ImageObject","inLanguage":"sv-SE","@id":"https:\/\/secure.gravatar.com\/avatar\/8fb8f0a216e627554da57506bfaf78d677f45512f24f703e185ec701423b1e92?s=96&d=mm&r=g","url":"https:\/\/secure.gravatar.com\/avatar\/8fb8f0a216e627554da57506bfaf78d677f45512f24f703e185ec701423b1e92?s=96&d=mm&r=g","contentUrl":"https:\/\/secure.gravatar.com\/avatar\/8fb8f0a216e627554da57506bfaf78d677f45512f24f703e185ec701423b1e92?s=96&d=mm&r=g","caption":"regionostergotland"},"url":"https:\/\/wp.kristdemokraterna.se\/regionostergotland\/author\/regionostergotland\/"}]}},"_links":{"self":[{"href":"https:\/\/wp.kristdemokraterna.se\/regionostergotland\/wp-json\/wp\/v2\/posts\/1994","targetHints":{"allow":["GET"]}}],"collection":[{"href":"https:\/\/wp.kristdemokraterna.se\/regionostergotland\/wp-json\/wp\/v2\/posts"}],"about":[{"href":"https:\/\/wp.kristdemokraterna.se\/regionostergotland\/wp-json\/wp\/v2\/types\/post"}],"author":[{"embeddable":true,"href":"https:\/\/wp.kristdemokraterna.se\/regionostergotland\/wp-json\/wp\/v2\/users\/737"}],"replies":[{"embeddable":true,"href":"https:\/\/wp.kristdemokraterna.se\/regionostergotland\/wp-json\/wp\/v2\/comments?post=1994"}],"version-history":[{"count":1,"href":"https:\/\/wp.kristdemokraterna.se\/regionostergotland\/wp-json\/wp\/v2\/posts\/1994\/revisions"}],"predecessor-version":[{"id":1996,"href":"https:\/\/wp.kristdemokraterna.se\/regionostergotland\/wp-json\/wp\/v2\/posts\/1994\/revisions\/1996"}],"wp:attachment":[{"href":"https:\/\/wp.kristdemokraterna.se\/regionostergotland\/wp-json\/wp\/v2\/media?parent=1994"}],"wp:term":[{"taxonomy":"category","embeddable":true,"href":"https:\/\/wp.kristdemokraterna.se\/regionostergotland\/wp-json\/wp\/v2\/categories?post=1994"},{"taxonomy":"post_tag","embeddable":true,"href":"https:\/\/wp.kristdemokraterna.se\/regionostergotland\/wp-json\/wp\/v2\/tags?post=1994"}],"curies":[{"name":"wp","href":"https:\/\/api.w.org\/{rel}","templated":true}]}}