{"id":1997,"date":"2022-11-11T17:13:01","date_gmt":"2022-11-11T16:13:01","guid":{"rendered":"https:\/\/wp.kristdemokraterna.se\/regionostergotland\/?p=1997"},"modified":"2022-11-11T17:13:01","modified_gmt":"2022-11-11T16:13:01","slug":"nyhetsbrev-vecka-45-6","status":"publish","type":"post","link":"https:\/\/wp.kristdemokraterna.se\/regionostergotland\/nyhetsbrev-vecka-45-6\/","title":{"rendered":"Nyhetsbrev vecka 45"},"content":{"rendered":"<p>Hej!<\/p>\n<p>Det \u00e4r fredag eftermiddag igen och helgen st\u00e5r f\u00f6r d\u00f6rren. En intensiv och inneh\u00e5llsrik vecka i regionpolitiken ligger bakom. Och \u00e4ven om den mest intensiva tiden med f\u00f6rhandlingar, nomineringar och budgetarbete till st\u00f6rsta delen klarats av, finns alltj\u00e4mt mycket p\u00e5 agendan, b\u00e5de n\u00e4r det g\u00e4ller l\u00f6pande verksamhet och planering och f\u00f6rberedelser inf\u00f6r den nya mandatperioden. N\u00e5got av allt det som h\u00e4nt och skett, ska jag f\u00f6rs\u00f6ka rekapitulera i veckans nyhetsbrev. Trevlig l\u00e4sning!<!--more--><\/p>\n<p><strong>M\u00e5ndagsm\u00f6te med fokus p\u00e5 e-h\u00e4lsa<\/strong><br \/>\nVid veckans m\u00e5ndagsm\u00f6te g\u00e4stades vi av regionens e-h\u00e4lsostrateg Lotta Saleteg Falk, som ber\u00e4ttade om projektet 1177 direkt, som \u00e4r en del av programmet f\u00f6rsta linjens digitala v\u00e5rd, f\u00f6r att st\u00e4rka den digitala n\u00e4rvaron framf\u00f6rallt inom prim\u00e4rv\u00e5rden. \u00c4ven regiondirekt\u00f6r Krister Bj\u00f6rkegren bes\u00f6kte m\u00e5ndagsm\u00f6tet och rapporterade kring olika aktuella \u00e4renden.<\/p>\n<p><strong>M\u00f6te med St\u00e5ng\u00e5dalsbanans v\u00e4nner<\/strong><br \/>\nKristdemokraterna har under flera \u00e5r aktivt drivit p\u00e5 inom Region \u00d6sterg\u00f6tland f\u00f6r en utveckling av t\u00e5gtrafiken p\u00e5 St\u00e5ng\u00e5dalsbanan. N\u00e4r Kristdemokraterna nu tillsammans med Moderaterna och Liberalerna ska utg\u00f6ra styret i regionen den kommande mandatperioden, \u00e4r det d\u00e4rf\u00f6r gl\u00e4djande att vi i det f\u00f6rslag till Tre\u00e5rsbudget 2023-2025, som vi presenterade i f\u00f6rra veckan, och som ska behandlas av regionfullm\u00e4ktige 23 november, har med ett uppdrag som lyder &#8221;Verka f\u00f6r en utveckling av t\u00e5gtrafiken p\u00e5 St\u00e5ng\u00e5dalsbanan&#8221;. Eftersom detta uppdrag fick en del uppm\u00e4rksamhet i f\u00f6rra veckans mediebevakning av v\u00e5r budgetpresstr\u00e4ff, blev vi kontaktade av f\u00f6reningen St\u00e5ng\u00e5dalsbanans v\u00e4nner, som vi tr\u00e4ffat flera g\u00e5nger genom \u00e5ren, som nu var intresserade av att tr\u00e4ffas och h\u00f6ra mer om v\u00e5rt budgetf\u00f6rslag och ocks\u00e5 ge n\u00e5gra bra medskick till v\u00e5rt fortsatta arbete. D\u00e4rf\u00f6r tr\u00e4ffade Lena K\u00e4cker Johansson, Fredrik Topplund och jag i tisdags lunch Per-Olov Br\u00e4nnlund och Niklas Adell fr\u00e5n f\u00f6reningen. Det blev ett positivt och konstruktivt m\u00f6te &#8211; tack f\u00f6r det!<\/p>\n<p><strong>Gruppm\u00f6te med Kristdemokraternas regiongrupp<\/strong><br \/>\nDe senaste veckorna har gruppm\u00f6tena med Kristdemokraternas regiongrupp duggat t\u00e4tt, med anledning av olika processer och beslut kopplade till p\u00e5g\u00e5ende maktskiftet i regionen. I tisdags kv\u00e4ll var det dags igen. Denna g\u00e5ng var det en &#8217;ordinarie&#8217; gruppm\u00f6teskv\u00e4ll, som inleddes med n\u00e4mndvisa gruppm\u00f6ten tillsammans med Moderaterna och Liberalerna. B\u00e5de de ledam\u00f6ter och ers\u00e4ttare som finns med i n\u00e4mnderna innevarande period, och de som \u00e4r f\u00f6reslagna att v\u00e4ljas till uppdrag i n\u00e4mnderna kommande mandatperiod, var inbjudna till n\u00e4mndgrupperna. Det gjorde att det p\u00e5 n\u00e4mndgruppm\u00f6tet f\u00f6r regionutvecklingsn\u00e4mnden blev en hel del samtal om n\u00e4mndens ansvar och uppdrag, och vad som v\u00e4ntar n\u00e4r den nya n\u00e4mnden tilltr\u00e4der efter \u00e5rsskiftet. Vid Kristdemokraternas eget gruppm\u00f6te som f\u00f6ljde efter n\u00e4mndgruppm\u00f6tena, blev det information och samtal om bl.a. det kommande arbetet med n\u00e4mndernas \u00e5rsplaner och inf\u00f6r regionfullm\u00e4ktiges sammantr\u00e4de 23 november.<\/p>\n<p><strong>Sammantr\u00e4de med regionutvecklingsn\u00e4mnden<\/strong><br \/>\nP\u00e5 onsdagen sammantr\u00e4dde regionutvecklingsn\u00e4mnden. I dessa mandatperiods- och maktskiftestider \u00e4r antalet besluts\u00e4renden f\u00e5 p\u00e5 n\u00e4mndsammantr\u00e4dena, och sammantr\u00e4det klaras mestadels av under f\u00f6rmiddagen. Vid detta m\u00f6te fanns endast ett besluts\u00e4rende, om kursutbudet p\u00e5 regionens folkh\u00f6gskola, Lunnevads folkh\u00f6gskola, kommande \u00e5r. D\u00e4remot fanns flera informations\u00e4renden, med bl.a. ett bes\u00f6k fr\u00e5n Scenkonst \u00d6st, som pratade om sitt j\u00e4mlikhets- och j\u00e4mst\u00e4lldhetsarbete inom \u00d6stg\u00f6tateatern och Norrk\u00f6pings symfoniorkester.<\/p>\n<p><strong>Medverkan i samtal i regional l\u00e4rprocess om h\u00e5llbar utveckling<\/strong><br \/>\nP\u00e5 torsdagsmorgonen var jag inbjuden att tillsammans med Julie Tran (C) och regionutvecklingsdirekt\u00f6r Richard Wid\u00e9n, intervjuas och reflektera om det regionala utvecklingsarbetet i regionen, om v\u00e5r regionala utvecklingsstrategi (RUS) och hur h\u00e5llbarhetsfr\u00e5gorna finns med i arbetet. Detta som en del av en p\u00e5g\u00e5ende l\u00e4rprocess om h\u00e5llbar utveckling, d\u00e4r tj\u00e4nstepersoner fr\u00e5n regionen och kommunerna i \u00d6sterg\u00f6tland deltar i ett antal heldagsseminarier. P\u00e5 torsdagenen h\u00f6lls ett av heldagsseminarierna p\u00e5 Livgrenadj\u00e4rm\u00e4ssen i Link\u00f6ping, och v\u00e5r regionala utvecklingstrio inledde dagen. Det blev ett intressant samtal, och roligt att f\u00e5 vara med.<\/p>\n<p><strong>East Sweden Innovation Day<\/strong><br \/>\nVarje \u00e5r arrangeras I \u00d6sterg\u00f6tland under vecka 45 East Sweden Innovation Week, eller innovationsveckan, och p\u00e5 torsdagen under veckan genomf\u00f6rs East Sweden Innovation Day. \u00c5rets upplaga av innovationsdagen gick av stapeln p\u00e5 Collegium i Mj\u00e4rdevi i Link\u00f6ping och hade det h\u00f6gaktuella temat cybers\u00e4kerhet. Under f\u00f6rmiddagen ber\u00e4ttades bl.a. om n\u00e5gra projekt finansierade av EU:s strukturfonder och regionen kring bl.a. cybers\u00e4kerhetscenter, och som h\u00f6jdpunkt g\u00e4stades dagen av Kjell A. Nordstr\u00f6m och Per Schlingmann som reflekterade \u00f6ver rubriken &#8221;V\u00e4rlden f\u00f6r\u00e4ndras &#8211; vad g\u00f6r du?&#8221;.<\/p>\n<p><strong>Studiebes\u00f6k p\u00e5 Arla i Link\u00f6ping<\/strong><br \/>\nP\u00e5 torsdagskv\u00e4llen gjorde partidistriktsstyrelsen f\u00f6r Kristdemokraterna i \u00d6sterg\u00f6tland ett intressant studiebes\u00f6k p\u00e5 Arlas anl\u00e4ggning i Link\u00f6ping. Mejerichefen Mattias Carlsson tog emot, ber\u00e4ttade om mejeriets utveckling och expansion de senaste \u00e5ren, nya produkter, tekniska innovationer men ocks\u00e5 om exempelvis kompetensf\u00f6rs\u00f6rjningsfr\u00e5gor. D\u00e4refter fick hela g\u00e4nget en sp\u00e4nnande rundvandring p\u00e5 anl\u00e4ggningen.<\/p>\n<p><strong>Deltagande i landsh\u00f6vdingens m\u00f6te med l\u00e4nets st\u00f6rre f\u00f6retag<\/strong><br \/>\nIdag fredag inleddes dagen med ett m\u00f6te p\u00e5 Link\u00f6pings slott p\u00e5 inbjudan av landsh\u00f6vding Carl-Fredrik Graf med ett antal av \u00d6sterg\u00f6tlands st\u00f6rre f\u00f6retag. Ett par g\u00e5nger per termin samlar landsh\u00f6vdingen dessa f\u00f6retag, f\u00f6r att st\u00e4mma av aktuella fr\u00e5gor f\u00f6r n\u00e4ringslivet utifr\u00e5n olika myndigheters och offentliga akt\u00f6rers roller. Region \u00d6sterg\u00f6tland finns med genom regionutvecklingsn\u00e4mndens ordf\u00f6rande och andre vice ordf\u00f6rande. Vi fick m\u00f6jlighet att ge en kort l\u00e4gesbild fr\u00e5n regionens perspektiv. I \u00f6vrigt bj\u00f6ds intressanta f\u00f6redragningar fr\u00e5n L\u00e4nsstyrelsen, Arbetsf\u00f6rmedlingen, Polisen och Konjunkturinstitutet. Ocks\u00e5 v\u00e4rdefullt att i pauser f\u00e5 m\u00f6jlighet att prata mer med olika n\u00e4ringslivsrepresentanter.<\/p>\n<p>D\u00e5 \u00e5terst\u00e5r bara f\u00f6r mig att \u00f6nska er alla en riktigt trevlig helg!<\/p>\n<p>Med v\u00e4nlig h\u00e4lsning<br \/>\nPer Larsson<br \/>\nOppositionsr\u00e5d och gruppledare<br \/>\nKristdemokraterna i Region \u00d6sterg\u00f6tland<br \/>\ntfn 010-103 72 84 (arb)<br \/>\ntfn 0702-88 21 34 (mobil)<br \/>\nper.larsson@regionostergotland.se<\/p>\n","protected":false},"excerpt":{"rendered":"<p>Hej! Det \u00e4r fredag eftermiddag igen och helgen st\u00e5r f\u00f6r d\u00f6rren. En intensiv och inneh\u00e5llsrik vecka i regionpolitiken ligger bakom. Och \u00e4ven om den mest intensiva tiden med f\u00f6rhandlingar, nomineringar och budgetarbete till st\u00f6rsta delen klarats av, finns alltj\u00e4mt mycket p\u00e5 agendan, b\u00e5de n\u00e4r det g\u00e4ller l\u00f6pande verksamhet och planering och f\u00f6rberedelser inf\u00f6r den nya <a class=\"read-more-link\" href=\"https:\/\/wp.kristdemokraterna.se\/regionostergotland\/nyhetsbrev-vecka-45-6\/\">Read More<\/a><\/p>\n","protected":false},"author":737,"featured_media":0,"comment_status":"closed","ping_status":"closed","sticky":false,"template":"","format":"standard","meta":{"_acf_changed":false,"footnotes":""},"categories":[1],"tags":[],"class_list":["post-1997","post","type-post","status-publish","format-standard","hentry","category-nyheter"],"acf":[],"yoast_head":"<!-- This site is optimized with the Yoast SEO plugin v27.5 - https:\/\/yoast.com\/product\/yoast-seo-wordpress\/ -->\n<title>Nyhetsbrev vecka 45 - i Region \u00d6sterg\u00f6tland<\/title>\n<meta name=\"robots\" content=\"index, follow, max-snippet:-1, max-image-preview:large, max-video-preview:-1\" \/>\n<link rel=\"canonical\" href=\"https:\/\/wp.kristdemokraterna.se\/regionostergotland\/nyhetsbrev-vecka-45-6\/\" \/>\n<meta property=\"og:locale\" content=\"sv_SE\" \/>\n<meta property=\"og:type\" content=\"article\" \/>\n<meta property=\"og:title\" content=\"Nyhetsbrev vecka 45 - i Region \u00d6sterg\u00f6tland\" \/>\n<meta property=\"og:description\" content=\"Hej! Det \u00e4r fredag eftermiddag igen och helgen st\u00e5r f\u00f6r d\u00f6rren. En intensiv och inneh\u00e5llsrik vecka i regionpolitiken ligger bakom. Och \u00e4ven om den mest intensiva tiden med f\u00f6rhandlingar, nomineringar och budgetarbete till st\u00f6rsta delen klarats av, finns alltj\u00e4mt mycket p\u00e5 agendan, b\u00e5de n\u00e4r det g\u00e4ller l\u00f6pande verksamhet och planering och f\u00f6rberedelser inf\u00f6r den nya Read More\" \/>\n<meta property=\"og:url\" content=\"https:\/\/wp.kristdemokraterna.se\/regionostergotland\/nyhetsbrev-vecka-45-6\/\" \/>\n<meta property=\"og:site_name\" content=\"i Region \u00d6sterg\u00f6tland\" \/>\n<meta property=\"article:published_time\" content=\"2022-11-11T16:13:01+00:00\" \/>\n<meta property=\"og:image\" content=\"http:\/\/wp.kristdemokraterna.se\/regionostergotland\/files\/2022\/11\/bild-nyhetsbrev-2022-vecka-45-1024x533.jpg\" \/>\n\t<meta property=\"og:image:width\" content=\"1024\" \/>\n\t<meta property=\"og:image:height\" content=\"533\" \/>\n\t<meta property=\"og:image:type\" content=\"image\/jpeg\" \/>\n<meta name=\"author\" content=\"regionostergotland\" \/>\n<meta name=\"twitter:card\" content=\"summary_large_image\" \/>\n<meta name=\"twitter:label1\" content=\"Skriven av\" \/>\n\t<meta name=\"twitter:data1\" content=\"regionostergotland\" \/>\n\t<meta name=\"twitter:label2\" content=\"Ber\u00e4knad l\u00e4stid\" \/>\n\t<meta name=\"twitter:data2\" content=\"5 minuter\" \/>\n<script type=\"application\/ld+json\" class=\"yoast-schema-graph\">{\"@context\":\"https:\\\/\\\/schema.org\",\"@graph\":[{\"@type\":\"Article\",\"@id\":\"https:\\\/\\\/wp.kristdemokraterna.se\\\/regionostergotland\\\/nyhetsbrev-vecka-45-6\\\/#article\",\"isPartOf\":{\"@id\":\"https:\\\/\\\/wp.kristdemokraterna.se\\\/regionostergotland\\\/nyhetsbrev-vecka-45-6\\\/\"},\"author\":{\"name\":\"regionostergotland\",\"@id\":\"https:\\\/\\\/wp.kristdemokraterna.se\\\/regionostergotland\\\/#\\\/schema\\\/person\\\/74c3c4f502fcc489722a7be0dfe0088c\"},\"headline\":\"Nyhetsbrev vecka 45\",\"datePublished\":\"2022-11-11T16:13:01+00:00\",\"mainEntityOfPage\":{\"@id\":\"https:\\\/\\\/wp.kristdemokraterna.se\\\/regionostergotland\\\/nyhetsbrev-vecka-45-6\\\/\"},\"wordCount\":1097,\"articleSection\":[\"Nyheter\"],\"inLanguage\":\"sv-SE\"},{\"@type\":\"WebPage\",\"@id\":\"https:\\\/\\\/wp.kristdemokraterna.se\\\/regionostergotland\\\/nyhetsbrev-vecka-45-6\\\/\",\"url\":\"https:\\\/\\\/wp.kristdemokraterna.se\\\/regionostergotland\\\/nyhetsbrev-vecka-45-6\\\/\",\"name\":\"Nyhetsbrev vecka 45 - i Region \u00d6sterg\u00f6tland\",\"isPartOf\":{\"@id\":\"https:\\\/\\\/wp.kristdemokraterna.se\\\/regionostergotland\\\/#website\"},\"datePublished\":\"2022-11-11T16:13:01+00:00\",\"author\":{\"@id\":\"https:\\\/\\\/wp.kristdemokraterna.se\\\/regionostergotland\\\/#\\\/schema\\\/person\\\/74c3c4f502fcc489722a7be0dfe0088c\"},\"breadcrumb\":{\"@id\":\"https:\\\/\\\/wp.kristdemokraterna.se\\\/regionostergotland\\\/nyhetsbrev-vecka-45-6\\\/#breadcrumb\"},\"inLanguage\":\"sv-SE\",\"potentialAction\":[{\"@type\":\"ReadAction\",\"target\":[\"https:\\\/\\\/wp.kristdemokraterna.se\\\/regionostergotland\\\/nyhetsbrev-vecka-45-6\\\/\"]}]},{\"@type\":\"BreadcrumbList\",\"@id\":\"https:\\\/\\\/wp.kristdemokraterna.se\\\/regionostergotland\\\/nyhetsbrev-vecka-45-6\\\/#breadcrumb\",\"itemListElement\":[{\"@type\":\"ListItem\",\"position\":1,\"name\":\"Hem\",\"item\":\"https:\\\/\\\/wp.kristdemokraterna.se\\\/regionostergotland\\\/\"},{\"@type\":\"ListItem\",\"position\":2,\"name\":\"Nyhetsbrev vecka 45\"}]},{\"@type\":\"WebSite\",\"@id\":\"https:\\\/\\\/wp.kristdemokraterna.se\\\/regionostergotland\\\/#website\",\"url\":\"https:\\\/\\\/wp.kristdemokraterna.se\\\/regionostergotland\\\/\",\"name\":\"i Region \u00d6sterg\u00f6tland\",\"description\":\"\",\"inLanguage\":\"sv-SE\"},{\"@type\":\"Person\",\"@id\":\"https:\\\/\\\/wp.kristdemokraterna.se\\\/regionostergotland\\\/#\\\/schema\\\/person\\\/74c3c4f502fcc489722a7be0dfe0088c\",\"name\":\"regionostergotland\",\"image\":{\"@type\":\"ImageObject\",\"inLanguage\":\"sv-SE\",\"@id\":\"https:\\\/\\\/secure.gravatar.com\\\/avatar\\\/8fb8f0a216e627554da57506bfaf78d677f45512f24f703e185ec701423b1e92?s=96&d=mm&r=g\",\"url\":\"https:\\\/\\\/secure.gravatar.com\\\/avatar\\\/8fb8f0a216e627554da57506bfaf78d677f45512f24f703e185ec701423b1e92?s=96&d=mm&r=g\",\"contentUrl\":\"https:\\\/\\\/secure.gravatar.com\\\/avatar\\\/8fb8f0a216e627554da57506bfaf78d677f45512f24f703e185ec701423b1e92?s=96&d=mm&r=g\",\"caption\":\"regionostergotland\"},\"url\":\"https:\\\/\\\/wp.kristdemokraterna.se\\\/regionostergotland\\\/author\\\/regionostergotland\\\/\"}]}<\/script>\n<!-- \/ Yoast SEO plugin. -->","yoast_head_json":{"title":"Nyhetsbrev vecka 45 - i Region \u00d6sterg\u00f6tland","robots":{"index":"index","follow":"follow","max-snippet":"max-snippet:-1","max-image-preview":"max-image-preview:large","max-video-preview":"max-video-preview:-1"},"canonical":"https:\/\/wp.kristdemokraterna.se\/regionostergotland\/nyhetsbrev-vecka-45-6\/","og_locale":"sv_SE","og_type":"article","og_title":"Nyhetsbrev vecka 45 - i Region \u00d6sterg\u00f6tland","og_description":"Hej! Det \u00e4r fredag eftermiddag igen och helgen st\u00e5r f\u00f6r d\u00f6rren. En intensiv och inneh\u00e5llsrik vecka i regionpolitiken ligger bakom. Och \u00e4ven om den mest intensiva tiden med f\u00f6rhandlingar, nomineringar och budgetarbete till st\u00f6rsta delen klarats av, finns alltj\u00e4mt mycket p\u00e5 agendan, b\u00e5de n\u00e4r det g\u00e4ller l\u00f6pande verksamhet och planering och f\u00f6rberedelser inf\u00f6r den nya Read More","og_url":"https:\/\/wp.kristdemokraterna.se\/regionostergotland\/nyhetsbrev-vecka-45-6\/","og_site_name":"i Region \u00d6sterg\u00f6tland","article_published_time":"2022-11-11T16:13:01+00:00","og_image":[{"width":1024,"height":533,"url":"http:\/\/wp.kristdemokraterna.se\/regionostergotland\/files\/2022\/11\/bild-nyhetsbrev-2022-vecka-45-1024x533.jpg","type":"image\/jpeg"}],"author":"regionostergotland","twitter_card":"summary_large_image","twitter_misc":{"Skriven av":"regionostergotland","Ber\u00e4knad l\u00e4stid":"5 minuter"},"schema":{"@context":"https:\/\/schema.org","@graph":[{"@type":"Article","@id":"https:\/\/wp.kristdemokraterna.se\/regionostergotland\/nyhetsbrev-vecka-45-6\/#article","isPartOf":{"@id":"https:\/\/wp.kristdemokraterna.se\/regionostergotland\/nyhetsbrev-vecka-45-6\/"},"author":{"name":"regionostergotland","@id":"https:\/\/wp.kristdemokraterna.se\/regionostergotland\/#\/schema\/person\/74c3c4f502fcc489722a7be0dfe0088c"},"headline":"Nyhetsbrev vecka 45","datePublished":"2022-11-11T16:13:01+00:00","mainEntityOfPage":{"@id":"https:\/\/wp.kristdemokraterna.se\/regionostergotland\/nyhetsbrev-vecka-45-6\/"},"wordCount":1097,"articleSection":["Nyheter"],"inLanguage":"sv-SE"},{"@type":"WebPage","@id":"https:\/\/wp.kristdemokraterna.se\/regionostergotland\/nyhetsbrev-vecka-45-6\/","url":"https:\/\/wp.kristdemokraterna.se\/regionostergotland\/nyhetsbrev-vecka-45-6\/","name":"Nyhetsbrev vecka 45 - i Region \u00d6sterg\u00f6tland","isPartOf":{"@id":"https:\/\/wp.kristdemokraterna.se\/regionostergotland\/#website"},"datePublished":"2022-11-11T16:13:01+00:00","author":{"@id":"https:\/\/wp.kristdemokraterna.se\/regionostergotland\/#\/schema\/person\/74c3c4f502fcc489722a7be0dfe0088c"},"breadcrumb":{"@id":"https:\/\/wp.kristdemokraterna.se\/regionostergotland\/nyhetsbrev-vecka-45-6\/#breadcrumb"},"inLanguage":"sv-SE","potentialAction":[{"@type":"ReadAction","target":["https:\/\/wp.kristdemokraterna.se\/regionostergotland\/nyhetsbrev-vecka-45-6\/"]}]},{"@type":"BreadcrumbList","@id":"https:\/\/wp.kristdemokraterna.se\/regionostergotland\/nyhetsbrev-vecka-45-6\/#breadcrumb","itemListElement":[{"@type":"ListItem","position":1,"name":"Hem","item":"https:\/\/wp.kristdemokraterna.se\/regionostergotland\/"},{"@type":"ListItem","position":2,"name":"Nyhetsbrev vecka 45"}]},{"@type":"WebSite","@id":"https:\/\/wp.kristdemokraterna.se\/regionostergotland\/#website","url":"https:\/\/wp.kristdemokraterna.se\/regionostergotland\/","name":"i Region \u00d6sterg\u00f6tland","description":"","inLanguage":"sv-SE"},{"@type":"Person","@id":"https:\/\/wp.kristdemokraterna.se\/regionostergotland\/#\/schema\/person\/74c3c4f502fcc489722a7be0dfe0088c","name":"regionostergotland","image":{"@type":"ImageObject","inLanguage":"sv-SE","@id":"https:\/\/secure.gravatar.com\/avatar\/8fb8f0a216e627554da57506bfaf78d677f45512f24f703e185ec701423b1e92?s=96&d=mm&r=g","url":"https:\/\/secure.gravatar.com\/avatar\/8fb8f0a216e627554da57506bfaf78d677f45512f24f703e185ec701423b1e92?s=96&d=mm&r=g","contentUrl":"https:\/\/secure.gravatar.com\/avatar\/8fb8f0a216e627554da57506bfaf78d677f45512f24f703e185ec701423b1e92?s=96&d=mm&r=g","caption":"regionostergotland"},"url":"https:\/\/wp.kristdemokraterna.se\/regionostergotland\/author\/regionostergotland\/"}]}},"_links":{"self":[{"href":"https:\/\/wp.kristdemokraterna.se\/regionostergotland\/wp-json\/wp\/v2\/posts\/1997","targetHints":{"allow":["GET"]}}],"collection":[{"href":"https:\/\/wp.kristdemokraterna.se\/regionostergotland\/wp-json\/wp\/v2\/posts"}],"about":[{"href":"https:\/\/wp.kristdemokraterna.se\/regionostergotland\/wp-json\/wp\/v2\/types\/post"}],"author":[{"embeddable":true,"href":"https:\/\/wp.kristdemokraterna.se\/regionostergotland\/wp-json\/wp\/v2\/users\/737"}],"replies":[{"embeddable":true,"href":"https:\/\/wp.kristdemokraterna.se\/regionostergotland\/wp-json\/wp\/v2\/comments?post=1997"}],"version-history":[{"count":1,"href":"https:\/\/wp.kristdemokraterna.se\/regionostergotland\/wp-json\/wp\/v2\/posts\/1997\/revisions"}],"predecessor-version":[{"id":1999,"href":"https:\/\/wp.kristdemokraterna.se\/regionostergotland\/wp-json\/wp\/v2\/posts\/1997\/revisions\/1999"}],"wp:attachment":[{"href":"https:\/\/wp.kristdemokraterna.se\/regionostergotland\/wp-json\/wp\/v2\/media?parent=1997"}],"wp:term":[{"taxonomy":"category","embeddable":true,"href":"https:\/\/wp.kristdemokraterna.se\/regionostergotland\/wp-json\/wp\/v2\/categories?post=1997"},{"taxonomy":"post_tag","embeddable":true,"href":"https:\/\/wp.kristdemokraterna.se\/regionostergotland\/wp-json\/wp\/v2\/tags?post=1997"}],"curies":[{"name":"wp","href":"https:\/\/api.w.org\/{rel}","templated":true}]}}