{"id":2000,"date":"2022-11-18T15:26:22","date_gmt":"2022-11-18T14:26:22","guid":{"rendered":"https:\/\/wp.kristdemokraterna.se\/regionostergotland\/?p=2000"},"modified":"2022-11-18T15:26:22","modified_gmt":"2022-11-18T14:26:22","slug":"nyhetsbrev-vecka-46-5","status":"publish","type":"post","link":"https:\/\/wp.kristdemokraterna.se\/regionostergotland\/nyhetsbrev-vecka-46-5\/","title":{"rendered":"Nyhetsbrev vecka 46"},"content":{"rendered":"<p>Hej!<\/p>\n<p>Det \u00e4r fortsatt intensiva tider i regionpolitiken! \u00c4ven om f\u00f6rhandlingar, nomineringar och budgetarbete \u00e4r avklarat, finns det \u00e4nnu en hel del att f\u00f6rbereda, planera och diskutera inf\u00f6r den kommande mandatperioden. Det blir m\u00e5nga m\u00f6ten, telefonsamtal, mailv\u00e4xlingar och andra kontakter. Det \u00e4r roligt, sp\u00e4nnande och intressant \u2013 och en hel del jobb! N\u00e5gra nedslag i allt som h\u00e4nt och skett under veckan kommer h\u00e4r i veckans nyhetsbrev. Trevlig l\u00e4sning!<!--more--><\/p>\n<p><strong>Mediebevakning om f\u00f6rslag om t\u00e5gstopp i Sturefors<\/strong><br \/>\nUnder flera \u00e5r har Kristdemokraterna drivit p\u00e5 f\u00f6r \u00e5ter\u00f6ppna det tidigare t\u00e5gstoppet i den v\u00e4xande orten Sturefors s\u00f6der om Link\u00f6ping. Bland annat har vi motionerat i fr\u00e5gan och lyft den p\u00e5 annat s\u00e4tt i olika sammanhang. Gl\u00e4djande nog fick vi fr\u00e5n Kristdemokraterna med fr\u00e5gan i det f\u00f6rsta budgetf\u00f6rslaget fr\u00e5n \u00d6stg\u00f6tasamverkan (KD, M och L), d\u00e4r det tydligt st\u00e5r att Region \u00d6sterg\u00f6tland ska verka f\u00f6r ett t\u00e5gstopp i Sturefors. Flera boende i Sturefors, inte minst Bengt Walla, har uppm\u00e4rksammat detta och gl\u00e4ds \u00f6ver beskedet. I l\u00f6rdagens Corren uppm\u00e4rksammas beskedet fr\u00e5n regionen och Stureforsbornas gl\u00e4dje \u00f6ver detta p\u00e5 ett helt uppslag. Du kan l\u00e4sa artikeln h\u00e4r (<a href=\"https:\/\/corren.se\/nyheter\/linkoping\/artikel\/bengts-40-ariga-kamp-gav-resultat-tagen-ska-stanna-har-igen-halva-restiden-jamfort-med-bussen-\/r931e7or\" target=\"_blank\" rel=\"noopener\">https:\/\/corren.se\/nyheter\/linkoping\/artikel\/bengts-40-ariga-kamp-gav-resultat-tagen-ska-stanna-har-igen-halva-restiden-jamfort-med-bussen-\/r931e7or<\/a>).<\/p>\n<p><strong>M\u00e5ndagsm\u00f6te med fokus p\u00e5 \u00e5rsplaner<\/strong><br \/>\nVeckans m\u00e5ndagsm\u00f6te var som vanligt v\u00e4lfyllt och inneh\u00e5llsrikt. Regiondirekt\u00f6r Krister Bj\u00f6rkegren g\u00e4stade m\u00f6tet och informerade om en del aktuella fr\u00e5gor. Under m\u00f6tet fick vi ocks\u00e5 bes\u00f6k av Ellen Nilsson, controller p\u00e5 regionledningskontoret, f\u00f6r att diskutera en del fr\u00e5gor kring det stundande framtagandet av \u00e5rsplaner f\u00f6r n\u00e4mnderna och regionstyrelsen. N\u00e4r Tre\u00e5rsbudgeten 2023-2025 \u00e4r beslutad av regionfullm\u00e4ktige i n\u00e4sta vecka, ska n\u00e4mnderna ta hand om de uppdrag som fullm\u00e4ktige ger genom budgeten. Det sker till att b\u00f6rja med genom \u00e5rsplanerna, vilka kommer att beslutas vid de nya n\u00e4mndernas f\u00f6rsta sammantr\u00e4den 2023.<\/p>\n<p><strong>M\u00f6te med Kulturcentrum \u00d6st<\/strong><br \/>\nI m\u00e5ndags eftermiddag tr\u00e4ffade jag Karin Ganest\u00e5l och Cecilia Lindgren fr\u00e5n f\u00f6reningen Kulturcentrum \u00d6st, som arbetar f\u00f6r att skapa en kulturell eftergymnasial utbildning f\u00f6r personer med intellektuell funktionsneds\u00e4ttning. Ut\u00f6ver utbildningen t\u00e4nker de sig att ett kulturcentrum ocks\u00e5 skulle kunna inneh\u00e5lla dagverksamhet och m\u00f6jlighet till arbetstr\u00e4ning och praktik i den verksamhet som bedrivs. En liknande verksamhet i finns Sk\u00e5ne, som har inspirerat till det t\u00e4nkta uppl\u00e4gget. Verkligen intressant att h\u00f6ra om id\u00e9erna och ta del av den kunskap och entusiasm som finns. M\u00e5nga kontakter tas med olika politiker och tj\u00e4nstepersoner i region och kommun, och med t\u00e4nkbara finansi\u00e4rer. Blir sp\u00e4nnande att f\u00f6lja forts\u00e4ttningen!<\/p>\n<p><strong>M\u00f6te med Regionutvecklingsn\u00e4mndens presidium<\/strong><br \/>\nP\u00e5 tisdagen sammantr\u00e4dde regionutvecklingsn\u00e4mndens presidium. Huvud\u00e4rendet f\u00f6r presidiem\u00f6tet var att bereda n\u00e4mndens sammantr\u00e4de 30 november, som ocks\u00e5 blir mandatperiodens allra sista n\u00e4mndsammantr\u00e4de. En del informationer och beslut v\u00e4ntar, men ocks\u00e5 m\u00f6jlighet att g\u00f6ra medskick till den kommande n\u00e4mnden kring erfarenheter fr\u00e5n den g\u00e5ngna mandatperioden.<\/p>\n<p><strong>Medverkan vid inledningen av Folkbildarforum<\/strong><br \/>\nI onsdags genomf\u00f6rdes \u00e5rets upplaga av folkbildningsv\u00e4rldens stora \u00e5rliga konferens Folkbildarforum i Crusellhallen i Konsert &amp; Kongress i Link\u00f6ping. Det \u00e4r Bildningsf\u00f6rbundet \u00d6sterg\u00f6tland som \u00e4r arrang\u00f6r av konferensen, som samlar akt\u00f6rer fr\u00e5n framf\u00f6r allt studief\u00f6rbund och folkh\u00f6gskolor. P\u00e5 programmet finns en rad intressanta f\u00f6redrag och seminarier, men f\u00f6rst\u00e5s ocks\u00e5 m\u00f6jlighet att m\u00f6tas och mingla i pauser. Till \u00e5rets konferens hade jag f\u00e5tt det hedrande uppdraget att inledningstala vid konferensens \u00f6ppnande. Jag lyfte bl.a. upp civilsamh\u00e4llets betydelse f\u00f6r utvecklingen av \u00d6sterg\u00f6tland och hur vi fr\u00e5n regionen vill st\u00e4rka v\u00e5r samverkan med civilsamh\u00e4llets akt\u00f6rer p\u00e5 olika s\u00e4tt. Under f\u00f6rmiddagen bj\u00f6ds ocks\u00e5 tre intressanta f\u00f6redrag, med Emma Engstr\u00f6m fr\u00e5n Institutet f\u00f6r framtidsstudier, Jacob Borss\u00e9n fr\u00e5n Ungdomsbarometern och Lars Svedberg fr\u00e5n Ersta-Sk\u00f6ndal. Dessutom avslutades f\u00f6rmiddagen med s\u00e5ng och musik med Louise Hoffsten med ackompanjat\u00f6r!<\/p>\n<p><strong>Medverkan p\u00e5 Regionens pension\u00e4rsr\u00e5d<\/strong><br \/>\nI g\u00e5r torsdag var jag inbjuden till \u00e5rets och mandatperiodens sista sammantr\u00e4de med Regionens pension\u00e4rsr\u00e5d. Som tidigare ordf\u00f6rande f\u00f6r r\u00e5det, var det roligt att komma tillbaka, och f\u00e5 m\u00f6jlighet att ber\u00e4tta lite om det politiska arbetet inf\u00f6r en ny mandatperiod. Hur den politiska organisationen kommer att se ut, vilka politiker som ing\u00e5r i de olika presidierna och vad som \u00e4r h\u00f6jdpunkterna i \u00d6stg\u00f6tasamverkans f\u00f6rslag till Tre\u00e5rsbudget 2023-2025. R\u00e5dets ledam\u00f6ter hade ocks\u00e5 bra fr\u00e5gor och medskick i det fortsatta arbetet.<\/p>\n<p><strong>M\u00f6te med Regionalt Kompetensforum<\/strong><br \/>\nIdag fredag tr\u00e4ffades Regionalt Kompetensforum f\u00f6r sista g\u00e5ngen denna mandatperiod. Forumet, som h\u00e5lls samman av Region \u00d6sterg\u00f6tland, samlar akt\u00f6rer inom kompetensf\u00f6rs\u00f6rjning i \u00d6sterg\u00f6tland. Arbetsgivar- och arbetstagarorganisationer, kommunerna, Arbetsf\u00f6rmedlingen, L\u00e4nsstyrelsen, Trygghetsr\u00e5det, Link\u00f6pings Universitet m.fl. Vid dagens m\u00f6te genomf\u00f6rdes dels en runda d\u00e4r alla fick ber\u00e4tta om aktuella fr\u00e5gor i respektive organisation med b\u00e5de utmaningar och goda exempel, dels ett tematiskt pass kring personer som st\u00e5r l\u00e5ngt fr\u00e5n arbetsmarknaden, med medverkan fr\u00e5n Arbetsf\u00f6rmedlingen, Valdemarsviks kommun, St\u00e5ng\u00e5staden och V\u00e4rldens mammor. Intressant, aktuellt och en hel del positivt!<\/p>\n<p>Nu v\u00e4ntar lite m\u00f6jlighet till helgledigt. Med f\u00f6rra helgens rekordv\u00e4rme \u00e4nnu i f\u00e4rskt minne, talar nu v\u00e4derprognosen som sn\u00f6fall i helgen!! Men, oavsett vad det blir f\u00f6r v\u00e4der, hoppas jag att ni alla f\u00e5r en riktigt trevlig helg!<\/p>\n<p>Med v\u00e4nlig h\u00e4lsning<br \/>\nPer Larsson<br \/>\nOppositionsr\u00e5d och gruppledare<br \/>\nKristdemokraterna i Region \u00d6sterg\u00f6tland<br \/>\ntfn 010-103 72 84 (arb)<br \/>\ntfn 0702-88 21 34 (mobil)<br \/>\nper.larsson@regionostergotland.se<\/p>\n<p>&nbsp;<\/p>\n","protected":false},"excerpt":{"rendered":"<p>Hej! Det \u00e4r fortsatt intensiva tider i regionpolitiken! \u00c4ven om f\u00f6rhandlingar, nomineringar och budgetarbete \u00e4r avklarat, finns det \u00e4nnu en hel del att f\u00f6rbereda, planera och diskutera inf\u00f6r den kommande mandatperioden. Det blir m\u00e5nga m\u00f6ten, telefonsamtal, mailv\u00e4xlingar och andra kontakter. Det \u00e4r roligt, sp\u00e4nnande och intressant \u2013 och en hel del jobb! N\u00e5gra nedslag i <a class=\"read-more-link\" href=\"https:\/\/wp.kristdemokraterna.se\/regionostergotland\/nyhetsbrev-vecka-46-5\/\">Read More<\/a><\/p>\n","protected":false},"author":737,"featured_media":0,"comment_status":"closed","ping_status":"closed","sticky":false,"template":"","format":"standard","meta":{"_acf_changed":false,"footnotes":""},"categories":[1],"tags":[],"class_list":["post-2000","post","type-post","status-publish","format-standard","hentry","category-nyheter"],"acf":[],"yoast_head":"<!-- This site is optimized with the Yoast SEO plugin v27.5 - https:\/\/yoast.com\/product\/yoast-seo-wordpress\/ -->\n<title>Nyhetsbrev vecka 46 - i Region \u00d6sterg\u00f6tland<\/title>\n<meta name=\"robots\" content=\"index, follow, max-snippet:-1, max-image-preview:large, max-video-preview:-1\" \/>\n<link rel=\"canonical\" href=\"https:\/\/wp.kristdemokraterna.se\/regionostergotland\/nyhetsbrev-vecka-46-5\/\" \/>\n<meta property=\"og:locale\" content=\"sv_SE\" \/>\n<meta property=\"og:type\" content=\"article\" \/>\n<meta property=\"og:title\" content=\"Nyhetsbrev vecka 46 - i Region \u00d6sterg\u00f6tland\" \/>\n<meta property=\"og:description\" content=\"Hej! Det \u00e4r fortsatt intensiva tider i regionpolitiken! \u00c4ven om f\u00f6rhandlingar, nomineringar och budgetarbete \u00e4r avklarat, finns det \u00e4nnu en hel del att f\u00f6rbereda, planera och diskutera inf\u00f6r den kommande mandatperioden. Det blir m\u00e5nga m\u00f6ten, telefonsamtal, mailv\u00e4xlingar och andra kontakter. Det \u00e4r roligt, sp\u00e4nnande och intressant \u2013 och en hel del jobb! N\u00e5gra nedslag i Read More\" \/>\n<meta property=\"og:url\" content=\"https:\/\/wp.kristdemokraterna.se\/regionostergotland\/nyhetsbrev-vecka-46-5\/\" \/>\n<meta property=\"og:site_name\" content=\"i Region \u00d6sterg\u00f6tland\" \/>\n<meta property=\"article:published_time\" content=\"2022-11-18T14:26:22+00:00\" \/>\n<meta property=\"og:image\" content=\"http:\/\/wp.kristdemokraterna.se\/regionostergotland\/files\/2022\/11\/bild-nyhetsbrev-2022-vecka-46-1024x533.jpg\" \/>\n\t<meta property=\"og:image:width\" content=\"1024\" \/>\n\t<meta property=\"og:image:height\" content=\"533\" \/>\n\t<meta property=\"og:image:type\" content=\"image\/jpeg\" \/>\n<meta name=\"author\" content=\"regionostergotland\" \/>\n<meta name=\"twitter:card\" content=\"summary_large_image\" \/>\n<meta name=\"twitter:label1\" content=\"Skriven av\" \/>\n\t<meta name=\"twitter:data1\" content=\"regionostergotland\" \/>\n\t<meta name=\"twitter:label2\" content=\"Ber\u00e4knad l\u00e4stid\" \/>\n\t<meta name=\"twitter:data2\" content=\"4 minuter\" \/>\n<script type=\"application\/ld+json\" class=\"yoast-schema-graph\">{\"@context\":\"https:\\\/\\\/schema.org\",\"@graph\":[{\"@type\":\"Article\",\"@id\":\"https:\\\/\\\/wp.kristdemokraterna.se\\\/regionostergotland\\\/nyhetsbrev-vecka-46-5\\\/#article\",\"isPartOf\":{\"@id\":\"https:\\\/\\\/wp.kristdemokraterna.se\\\/regionostergotland\\\/nyhetsbrev-vecka-46-5\\\/\"},\"author\":{\"name\":\"regionostergotland\",\"@id\":\"https:\\\/\\\/wp.kristdemokraterna.se\\\/regionostergotland\\\/#\\\/schema\\\/person\\\/74c3c4f502fcc489722a7be0dfe0088c\"},\"headline\":\"Nyhetsbrev vecka 46\",\"datePublished\":\"2022-11-18T14:26:22+00:00\",\"mainEntityOfPage\":{\"@id\":\"https:\\\/\\\/wp.kristdemokraterna.se\\\/regionostergotland\\\/nyhetsbrev-vecka-46-5\\\/\"},\"wordCount\":1019,\"articleSection\":[\"Nyheter\"],\"inLanguage\":\"sv-SE\"},{\"@type\":\"WebPage\",\"@id\":\"https:\\\/\\\/wp.kristdemokraterna.se\\\/regionostergotland\\\/nyhetsbrev-vecka-46-5\\\/\",\"url\":\"https:\\\/\\\/wp.kristdemokraterna.se\\\/regionostergotland\\\/nyhetsbrev-vecka-46-5\\\/\",\"name\":\"Nyhetsbrev vecka 46 - i Region \u00d6sterg\u00f6tland\",\"isPartOf\":{\"@id\":\"https:\\\/\\\/wp.kristdemokraterna.se\\\/regionostergotland\\\/#website\"},\"datePublished\":\"2022-11-18T14:26:22+00:00\",\"author\":{\"@id\":\"https:\\\/\\\/wp.kristdemokraterna.se\\\/regionostergotland\\\/#\\\/schema\\\/person\\\/74c3c4f502fcc489722a7be0dfe0088c\"},\"breadcrumb\":{\"@id\":\"https:\\\/\\\/wp.kristdemokraterna.se\\\/regionostergotland\\\/nyhetsbrev-vecka-46-5\\\/#breadcrumb\"},\"inLanguage\":\"sv-SE\",\"potentialAction\":[{\"@type\":\"ReadAction\",\"target\":[\"https:\\\/\\\/wp.kristdemokraterna.se\\\/regionostergotland\\\/nyhetsbrev-vecka-46-5\\\/\"]}]},{\"@type\":\"BreadcrumbList\",\"@id\":\"https:\\\/\\\/wp.kristdemokraterna.se\\\/regionostergotland\\\/nyhetsbrev-vecka-46-5\\\/#breadcrumb\",\"itemListElement\":[{\"@type\":\"ListItem\",\"position\":1,\"name\":\"Hem\",\"item\":\"https:\\\/\\\/wp.kristdemokraterna.se\\\/regionostergotland\\\/\"},{\"@type\":\"ListItem\",\"position\":2,\"name\":\"Nyhetsbrev vecka 46\"}]},{\"@type\":\"WebSite\",\"@id\":\"https:\\\/\\\/wp.kristdemokraterna.se\\\/regionostergotland\\\/#website\",\"url\":\"https:\\\/\\\/wp.kristdemokraterna.se\\\/regionostergotland\\\/\",\"name\":\"i Region \u00d6sterg\u00f6tland\",\"description\":\"\",\"inLanguage\":\"sv-SE\"},{\"@type\":\"Person\",\"@id\":\"https:\\\/\\\/wp.kristdemokraterna.se\\\/regionostergotland\\\/#\\\/schema\\\/person\\\/74c3c4f502fcc489722a7be0dfe0088c\",\"name\":\"regionostergotland\",\"image\":{\"@type\":\"ImageObject\",\"inLanguage\":\"sv-SE\",\"@id\":\"https:\\\/\\\/secure.gravatar.com\\\/avatar\\\/8fb8f0a216e627554da57506bfaf78d677f45512f24f703e185ec701423b1e92?s=96&d=mm&r=g\",\"url\":\"https:\\\/\\\/secure.gravatar.com\\\/avatar\\\/8fb8f0a216e627554da57506bfaf78d677f45512f24f703e185ec701423b1e92?s=96&d=mm&r=g\",\"contentUrl\":\"https:\\\/\\\/secure.gravatar.com\\\/avatar\\\/8fb8f0a216e627554da57506bfaf78d677f45512f24f703e185ec701423b1e92?s=96&d=mm&r=g\",\"caption\":\"regionostergotland\"},\"url\":\"https:\\\/\\\/wp.kristdemokraterna.se\\\/regionostergotland\\\/author\\\/regionostergotland\\\/\"}]}<\/script>\n<!-- \/ Yoast SEO plugin. -->","yoast_head_json":{"title":"Nyhetsbrev vecka 46 - i Region \u00d6sterg\u00f6tland","robots":{"index":"index","follow":"follow","max-snippet":"max-snippet:-1","max-image-preview":"max-image-preview:large","max-video-preview":"max-video-preview:-1"},"canonical":"https:\/\/wp.kristdemokraterna.se\/regionostergotland\/nyhetsbrev-vecka-46-5\/","og_locale":"sv_SE","og_type":"article","og_title":"Nyhetsbrev vecka 46 - i Region \u00d6sterg\u00f6tland","og_description":"Hej! Det \u00e4r fortsatt intensiva tider i regionpolitiken! \u00c4ven om f\u00f6rhandlingar, nomineringar och budgetarbete \u00e4r avklarat, finns det \u00e4nnu en hel del att f\u00f6rbereda, planera och diskutera inf\u00f6r den kommande mandatperioden. Det blir m\u00e5nga m\u00f6ten, telefonsamtal, mailv\u00e4xlingar och andra kontakter. Det \u00e4r roligt, sp\u00e4nnande och intressant \u2013 och en hel del jobb! N\u00e5gra nedslag i Read More","og_url":"https:\/\/wp.kristdemokraterna.se\/regionostergotland\/nyhetsbrev-vecka-46-5\/","og_site_name":"i Region \u00d6sterg\u00f6tland","article_published_time":"2022-11-18T14:26:22+00:00","og_image":[{"width":1024,"height":533,"url":"http:\/\/wp.kristdemokraterna.se\/regionostergotland\/files\/2022\/11\/bild-nyhetsbrev-2022-vecka-46-1024x533.jpg","type":"image\/jpeg"}],"author":"regionostergotland","twitter_card":"summary_large_image","twitter_misc":{"Skriven av":"regionostergotland","Ber\u00e4knad l\u00e4stid":"4 minuter"},"schema":{"@context":"https:\/\/schema.org","@graph":[{"@type":"Article","@id":"https:\/\/wp.kristdemokraterna.se\/regionostergotland\/nyhetsbrev-vecka-46-5\/#article","isPartOf":{"@id":"https:\/\/wp.kristdemokraterna.se\/regionostergotland\/nyhetsbrev-vecka-46-5\/"},"author":{"name":"regionostergotland","@id":"https:\/\/wp.kristdemokraterna.se\/regionostergotland\/#\/schema\/person\/74c3c4f502fcc489722a7be0dfe0088c"},"headline":"Nyhetsbrev vecka 46","datePublished":"2022-11-18T14:26:22+00:00","mainEntityOfPage":{"@id":"https:\/\/wp.kristdemokraterna.se\/regionostergotland\/nyhetsbrev-vecka-46-5\/"},"wordCount":1019,"articleSection":["Nyheter"],"inLanguage":"sv-SE"},{"@type":"WebPage","@id":"https:\/\/wp.kristdemokraterna.se\/regionostergotland\/nyhetsbrev-vecka-46-5\/","url":"https:\/\/wp.kristdemokraterna.se\/regionostergotland\/nyhetsbrev-vecka-46-5\/","name":"Nyhetsbrev vecka 46 - i Region \u00d6sterg\u00f6tland","isPartOf":{"@id":"https:\/\/wp.kristdemokraterna.se\/regionostergotland\/#website"},"datePublished":"2022-11-18T14:26:22+00:00","author":{"@id":"https:\/\/wp.kristdemokraterna.se\/regionostergotland\/#\/schema\/person\/74c3c4f502fcc489722a7be0dfe0088c"},"breadcrumb":{"@id":"https:\/\/wp.kristdemokraterna.se\/regionostergotland\/nyhetsbrev-vecka-46-5\/#breadcrumb"},"inLanguage":"sv-SE","potentialAction":[{"@type":"ReadAction","target":["https:\/\/wp.kristdemokraterna.se\/regionostergotland\/nyhetsbrev-vecka-46-5\/"]}]},{"@type":"BreadcrumbList","@id":"https:\/\/wp.kristdemokraterna.se\/regionostergotland\/nyhetsbrev-vecka-46-5\/#breadcrumb","itemListElement":[{"@type":"ListItem","position":1,"name":"Hem","item":"https:\/\/wp.kristdemokraterna.se\/regionostergotland\/"},{"@type":"ListItem","position":2,"name":"Nyhetsbrev vecka 46"}]},{"@type":"WebSite","@id":"https:\/\/wp.kristdemokraterna.se\/regionostergotland\/#website","url":"https:\/\/wp.kristdemokraterna.se\/regionostergotland\/","name":"i Region \u00d6sterg\u00f6tland","description":"","inLanguage":"sv-SE"},{"@type":"Person","@id":"https:\/\/wp.kristdemokraterna.se\/regionostergotland\/#\/schema\/person\/74c3c4f502fcc489722a7be0dfe0088c","name":"regionostergotland","image":{"@type":"ImageObject","inLanguage":"sv-SE","@id":"https:\/\/secure.gravatar.com\/avatar\/8fb8f0a216e627554da57506bfaf78d677f45512f24f703e185ec701423b1e92?s=96&d=mm&r=g","url":"https:\/\/secure.gravatar.com\/avatar\/8fb8f0a216e627554da57506bfaf78d677f45512f24f703e185ec701423b1e92?s=96&d=mm&r=g","contentUrl":"https:\/\/secure.gravatar.com\/avatar\/8fb8f0a216e627554da57506bfaf78d677f45512f24f703e185ec701423b1e92?s=96&d=mm&r=g","caption":"regionostergotland"},"url":"https:\/\/wp.kristdemokraterna.se\/regionostergotland\/author\/regionostergotland\/"}]}},"_links":{"self":[{"href":"https:\/\/wp.kristdemokraterna.se\/regionostergotland\/wp-json\/wp\/v2\/posts\/2000","targetHints":{"allow":["GET"]}}],"collection":[{"href":"https:\/\/wp.kristdemokraterna.se\/regionostergotland\/wp-json\/wp\/v2\/posts"}],"about":[{"href":"https:\/\/wp.kristdemokraterna.se\/regionostergotland\/wp-json\/wp\/v2\/types\/post"}],"author":[{"embeddable":true,"href":"https:\/\/wp.kristdemokraterna.se\/regionostergotland\/wp-json\/wp\/v2\/users\/737"}],"replies":[{"embeddable":true,"href":"https:\/\/wp.kristdemokraterna.se\/regionostergotland\/wp-json\/wp\/v2\/comments?post=2000"}],"version-history":[{"count":1,"href":"https:\/\/wp.kristdemokraterna.se\/regionostergotland\/wp-json\/wp\/v2\/posts\/2000\/revisions"}],"predecessor-version":[{"id":2002,"href":"https:\/\/wp.kristdemokraterna.se\/regionostergotland\/wp-json\/wp\/v2\/posts\/2000\/revisions\/2002"}],"wp:attachment":[{"href":"https:\/\/wp.kristdemokraterna.se\/regionostergotland\/wp-json\/wp\/v2\/media?parent=2000"}],"wp:term":[{"taxonomy":"category","embeddable":true,"href":"https:\/\/wp.kristdemokraterna.se\/regionostergotland\/wp-json\/wp\/v2\/categories?post=2000"},{"taxonomy":"post_tag","embeddable":true,"href":"https:\/\/wp.kristdemokraterna.se\/regionostergotland\/wp-json\/wp\/v2\/tags?post=2000"}],"curies":[{"name":"wp","href":"https:\/\/api.w.org\/{rel}","templated":true}]}}