{"id":2004,"date":"2022-11-23T07:30:22","date_gmt":"2022-11-23T06:30:22","guid":{"rendered":"https:\/\/wp.kristdemokraterna.se\/regionostergotland\/?p=2004"},"modified":"2022-11-24T09:50:34","modified_gmt":"2022-11-24T08:50:34","slug":"vi-ar-redo-att-ge-regionen-en-nystart","status":"publish","type":"post","link":"https:\/\/wp.kristdemokraterna.se\/regionostergotland\/vi-ar-redo-att-ge-regionen-en-nystart\/","title":{"rendered":"Vi \u00e4r redo att ge regionen en nystart"},"content":{"rendered":"<article class=\"body\"><strong>N\u00e4r vi i \u00d6stg\u00f6tasamverkan (M, KD och L) i dag l\u00e4gger fram v\u00e5r f\u00f6rsta budget p\u00e5 regionfullm\u00e4ktiges bord g\u00f6rs det i ett ytterst anstr\u00e4ngt l\u00e4ge.<\/strong><\/p>\n<p>L\u00e5nga v\u00e5rdk\u00f6er, st\u00e4ngda v\u00e5rdplatser, operationssalar som inte kan bemannas och stora ekonomiska utmaningar \u00e4r vad Region \u00d6sterg\u00f6tland st\u00e5r mitt i. V\u00e4gen fram\u00e5t kommer inte att bli enkel, men vi \u00e4r redo att ge \u00d6sterg\u00f6tland den nystart som s\u00e5 v\u00e4l beh\u00f6vs.<\/p>\n<p>Den st\u00f6rsta utmaningen fram\u00e5t handlar om kompetensf\u00f6rs\u00f6rjningen. Utan medarbetare \u2013 ingen v\u00e5rd. R\u00e5dande bemanningsl\u00e4ge utg\u00f6r inte bara en risk f\u00f6r patienter i behov i av v\u00e5rd, utan g\u00f6r ocks\u00e5 att befintlig v\u00e5rdpersonal inte orkar l\u00e4ngre. L\u00e4get \u00e4r akut.<\/p>\n<p>F\u00f6r att v\u00e4nda utvecklingen och \u00f6ka Region \u00d6sterg\u00f6tlands attraktivitet som arbetsgivare kr\u00e4vs ett brett paket av \u00e5tg\u00e4rder, d\u00e4r vi nu tar de f\u00f6rsta stegen. En samlad strategi f\u00f6r att beh\u00e5lla och rekrytera medarbetare kommer att tas fram, men vi h\u00f6jer redan nu OB-till\u00e4gget i syfte att \u00f6ka attraktiviteten att arbeta under obekv\u00e4ma arbetstider. Vi initierar ocks\u00e5 ett genomgripande arbete i hela organisationen f\u00f6r att minska on\u00f6dig administration, till f\u00f6rm\u00e5n f\u00f6r patientn\u00e4ra arbete.<\/p>\n<p>Med den anstr\u00e4ngda bemanningssituationen i v\u00e5rden har beroendet av bemanningsf\u00f6retag vuxit sig allt starkare. F\u00f6rdelarna med egen fast personal, som trivs p\u00e5 sitt arbete, \u00e4r m\u00e5nga \u2013 inte minst n\u00e4r det g\u00e4ller kontinuiteten f\u00f6r b\u00e5de medarbetare och patienter. Vi vill d\u00e4rf\u00f6r vara tydliga med att beroendet av bemanningsf\u00f6retag m\u00e5ste minska.<\/p>\n<p>Under en l\u00e4ngre tid har v\u00e5rdk\u00f6erna vuxit sig l\u00e5nga i Region \u00d6sterg\u00f6tland. Allt f\u00f6r m\u00e5nga \u00f6stg\u00f6tar f\u00f6rpassas till v\u00e5rdk\u00f6, i st\u00e4llet f\u00f6r att f\u00e5 v\u00e5rd i tid. F\u00f6r att bryta denna negativa trend ska en generalplan f\u00f6r f\u00f6rb\u00e4ttrad tillg\u00e4nglighet tas fram. Ett s\u00e4rskilt fokus kommer att l\u00e4ggas p\u00e5 att f\u00f6rb\u00e4ttra tillg\u00e4ngligheten f\u00f6r cancerpatienter, p\u00e5 telefontillg\u00e4nglighet till 1177 och v\u00e5rdcentralerna samt f\u00f6r barn och unga med olika grad av psykisk oh\u00e4lsa, s\u00e5 att r\u00e4tt hj\u00e4lp snabbt ges.<\/p>\n<p>\u00c4ldremottagningarna p\u00e5 \u00d6sterg\u00f6tlands v\u00e5rdcentraler ska utvecklas s\u00e5 att \u00e4ldre och sk\u00f6ras risk att hamna p\u00e5 akutmottagningarna minskar. Arbetet ska intensifieras f\u00f6r att i samverkan med kommunerna f\u00f6rebygga undvikbara inl\u00e4ggningar och \u00e5terinl\u00e4ggningar av \u00e4ldre p\u00e5 sjukhus. D\u00e4rut\u00f6ver ska en strategisk \u00e4ldrev\u00e5rdsansvarig funktion tills\u00e4ttas, centralt i regionen, med ansvar f\u00f6r att tillvarata gruppen \u00e4ldres behov, s\u00e4kerst\u00e4lla hela v\u00e5rdkedjan och driva utvecklingsarbete. Inte minst pandemin visar behovet av en s\u00e5dan \u00f6vergripande ansvarsroll.<\/p>\n<p>Vad g\u00e4ller den specialiserade v\u00e5rden har \u00d6sterg\u00f6tland en stolt tradition av att erbjuda v\u00e5rd i v\u00e4rldsklass. Universitetssjukhuset i Link\u00f6ping har tre g\u00e5nger utsetts till b\u00e4sta universitetssjukhus. \u00c4ven Vrinnevisjukhuset i Norrk\u00f6ping och Lasarettet i Motala har f\u00e5tt pallplatser i sina respektive kategorier. De senaste \u00e5ren har dock alla tre sjukhusen tappat mark i ranking, vilket \u00e4r en oroande utveckling. Med r\u00e4tt f\u00f6ruts\u00e4ttningar \u00e4r vi \u00f6vertygade om att v\u00e5ra sjukhus har alla m\u00f6jligheter att ta sig tillbaka till toppen igen och n\u00e5got vi kommer l\u00e4gga kraft vid.<\/p>\n<p>\u00d6stg\u00f6tasamverkan kommer investera mycket tid i att vara ute i regionens verksamheter och lyssna in erfarenheter och medskick om hur den \u00f6stg\u00f6tska v\u00e5rden kan utvecklas och hur vi tillsammans, profession och politik, n\u00e5r dit p\u00e5 b\u00e4sta s\u00e4tt. D\u00e4rut\u00f6ver kommer vi v\u00e4lkomna \u2013 inte stoppa \u2013 andra akt\u00f6rer som kan och vill bidra till v\u00e5r gemensamma v\u00e4lf\u00e4rd, d\u00e4r fokus p\u00e5 v\u00e5rdens kvalitet alltid kommer vara i centrum.<\/p>\n<p>Det \u00e4r i sv\u00e5ra och oroliga tider som ett starkt ledarskap \u00e4r som allra viktigast. Det \u00e4r nu det kommer vara av st\u00f6rsta vikt att anv\u00e4nda varje skattekrona p\u00e5 ett ansvarsfullt s\u00e4tt, med fokus p\u00e5 k\u00e4rnverksamheter och att s\u00e4kerst\u00e4lla det v\u00e4sentliga f\u00f6r \u00f6stg\u00f6tarnas behov. Region \u00d6sterg\u00f6tland beh\u00f6ver en nystart och det arbetet b\u00f6rjar nu.<\/p>\n<\/article>\n<div class=\"byline-content\">\n<div class=\"photo fallback\"><\/div>\n<div class=\"name\">Marie Morell (M), gruppledare<\/div>\n<\/div>\n<div class=\"byline-content\">\n<div class=\"photo fallback\"><\/div>\n<div class=\"name\">Per Larsson (KD), gruppledare<\/div>\n<\/div>\n<div class=\"byline-content\">\n<div class=\"photo fallback\"><\/div>\n<div class=\"name\">Alexander H\u00f6glund (L), gruppledare<\/div>\n<\/div>\n","protected":false},"excerpt":{"rendered":"<p>N\u00e4r vi i \u00d6stg\u00f6tasamverkan (M, KD och L) i dag l\u00e4gger fram v\u00e5r f\u00f6rsta budget p\u00e5 regionfullm\u00e4ktiges bord g\u00f6rs det i ett ytterst anstr\u00e4ngt l\u00e4ge. L\u00e5nga v\u00e5rdk\u00f6er, st\u00e4ngda v\u00e5rdplatser, operationssalar som inte kan bemannas och stora ekonomiska utmaningar \u00e4r vad Region \u00d6sterg\u00f6tland st\u00e5r mitt i. V\u00e4gen fram\u00e5t kommer inte att bli enkel, men vi \u00e4r <a class=\"read-more-link\" href=\"https:\/\/wp.kristdemokraterna.se\/regionostergotland\/vi-ar-redo-att-ge-regionen-en-nystart\/\">Read More<\/a><\/p>\n","protected":false},"author":737,"featured_media":0,"comment_status":"closed","ping_status":"closed","sticky":false,"template":"","format":"standard","meta":{"_acf_changed":false,"footnotes":""},"categories":[1],"tags":[],"class_list":["post-2004","post","type-post","status-publish","format-standard","hentry","category-nyheter"],"acf":[],"yoast_head":"<!-- This site is optimized with the Yoast SEO plugin v27.5 - https:\/\/yoast.com\/product\/yoast-seo-wordpress\/ -->\n<title>Vi \u00e4r redo att ge regionen en nystart - i Region \u00d6sterg\u00f6tland<\/title>\n<meta name=\"robots\" content=\"index, follow, max-snippet:-1, max-image-preview:large, max-video-preview:-1\" \/>\n<link rel=\"canonical\" href=\"https:\/\/wp.kristdemokraterna.se\/regionostergotland\/vi-ar-redo-att-ge-regionen-en-nystart\/\" \/>\n<meta property=\"og:locale\" content=\"sv_SE\" \/>\n<meta property=\"og:type\" content=\"article\" \/>\n<meta property=\"og:title\" content=\"Vi \u00e4r redo att ge regionen en nystart - i Region \u00d6sterg\u00f6tland\" \/>\n<meta property=\"og:description\" content=\"N\u00e4r vi i \u00d6stg\u00f6tasamverkan (M, KD och L) i dag l\u00e4gger fram v\u00e5r f\u00f6rsta budget p\u00e5 regionfullm\u00e4ktiges bord g\u00f6rs det i ett ytterst anstr\u00e4ngt l\u00e4ge. L\u00e5nga v\u00e5rdk\u00f6er, st\u00e4ngda v\u00e5rdplatser, operationssalar som inte kan bemannas och stora ekonomiska utmaningar \u00e4r vad Region \u00d6sterg\u00f6tland st\u00e5r mitt i. V\u00e4gen fram\u00e5t kommer inte att bli enkel, men vi \u00e4r Read More\" \/>\n<meta property=\"og:url\" content=\"https:\/\/wp.kristdemokraterna.se\/regionostergotland\/vi-ar-redo-att-ge-regionen-en-nystart\/\" \/>\n<meta property=\"og:site_name\" content=\"i Region \u00d6sterg\u00f6tland\" \/>\n<meta property=\"article:published_time\" content=\"2022-11-23T06:30:22+00:00\" \/>\n<meta property=\"article:modified_time\" content=\"2022-11-24T08:50:34+00:00\" \/>\n<meta name=\"author\" content=\"regionostergotland\" \/>\n<meta name=\"twitter:card\" content=\"summary_large_image\" \/>\n<meta name=\"twitter:label1\" content=\"Skriven av\" \/>\n\t<meta name=\"twitter:data1\" content=\"regionostergotland\" \/>\n\t<meta name=\"twitter:label2\" content=\"Ber\u00e4knad l\u00e4stid\" \/>\n\t<meta name=\"twitter:data2\" content=\"3 minuter\" \/>\n<script type=\"application\/ld+json\" class=\"yoast-schema-graph\">{\"@context\":\"https:\\\/\\\/schema.org\",\"@graph\":[{\"@type\":\"Article\",\"@id\":\"https:\\\/\\\/wp.kristdemokraterna.se\\\/regionostergotland\\\/vi-ar-redo-att-ge-regionen-en-nystart\\\/#article\",\"isPartOf\":{\"@id\":\"https:\\\/\\\/wp.kristdemokraterna.se\\\/regionostergotland\\\/vi-ar-redo-att-ge-regionen-en-nystart\\\/\"},\"author\":{\"name\":\"regionostergotland\",\"@id\":\"https:\\\/\\\/wp.kristdemokraterna.se\\\/regionostergotland\\\/#\\\/schema\\\/person\\\/74c3c4f502fcc489722a7be0dfe0088c\"},\"headline\":\"Vi \u00e4r redo att ge regionen en nystart\",\"datePublished\":\"2022-11-23T06:30:22+00:00\",\"dateModified\":\"2022-11-24T08:50:34+00:00\",\"mainEntityOfPage\":{\"@id\":\"https:\\\/\\\/wp.kristdemokraterna.se\\\/regionostergotland\\\/vi-ar-redo-att-ge-regionen-en-nystart\\\/\"},\"wordCount\":748,\"articleSection\":[\"Nyheter\"],\"inLanguage\":\"sv-SE\"},{\"@type\":\"WebPage\",\"@id\":\"https:\\\/\\\/wp.kristdemokraterna.se\\\/regionostergotland\\\/vi-ar-redo-att-ge-regionen-en-nystart\\\/\",\"url\":\"https:\\\/\\\/wp.kristdemokraterna.se\\\/regionostergotland\\\/vi-ar-redo-att-ge-regionen-en-nystart\\\/\",\"name\":\"Vi \u00e4r redo att ge regionen en nystart - i Region \u00d6sterg\u00f6tland\",\"isPartOf\":{\"@id\":\"https:\\\/\\\/wp.kristdemokraterna.se\\\/regionostergotland\\\/#website\"},\"datePublished\":\"2022-11-23T06:30:22+00:00\",\"dateModified\":\"2022-11-24T08:50:34+00:00\",\"author\":{\"@id\":\"https:\\\/\\\/wp.kristdemokraterna.se\\\/regionostergotland\\\/#\\\/schema\\\/person\\\/74c3c4f502fcc489722a7be0dfe0088c\"},\"breadcrumb\":{\"@id\":\"https:\\\/\\\/wp.kristdemokraterna.se\\\/regionostergotland\\\/vi-ar-redo-att-ge-regionen-en-nystart\\\/#breadcrumb\"},\"inLanguage\":\"sv-SE\",\"potentialAction\":[{\"@type\":\"ReadAction\",\"target\":[\"https:\\\/\\\/wp.kristdemokraterna.se\\\/regionostergotland\\\/vi-ar-redo-att-ge-regionen-en-nystart\\\/\"]}]},{\"@type\":\"BreadcrumbList\",\"@id\":\"https:\\\/\\\/wp.kristdemokraterna.se\\\/regionostergotland\\\/vi-ar-redo-att-ge-regionen-en-nystart\\\/#breadcrumb\",\"itemListElement\":[{\"@type\":\"ListItem\",\"position\":1,\"name\":\"Hem\",\"item\":\"https:\\\/\\\/wp.kristdemokraterna.se\\\/regionostergotland\\\/\"},{\"@type\":\"ListItem\",\"position\":2,\"name\":\"Vi \u00e4r redo att ge regionen en nystart\"}]},{\"@type\":\"WebSite\",\"@id\":\"https:\\\/\\\/wp.kristdemokraterna.se\\\/regionostergotland\\\/#website\",\"url\":\"https:\\\/\\\/wp.kristdemokraterna.se\\\/regionostergotland\\\/\",\"name\":\"i Region \u00d6sterg\u00f6tland\",\"description\":\"\",\"inLanguage\":\"sv-SE\"},{\"@type\":\"Person\",\"@id\":\"https:\\\/\\\/wp.kristdemokraterna.se\\\/regionostergotland\\\/#\\\/schema\\\/person\\\/74c3c4f502fcc489722a7be0dfe0088c\",\"name\":\"regionostergotland\",\"image\":{\"@type\":\"ImageObject\",\"inLanguage\":\"sv-SE\",\"@id\":\"https:\\\/\\\/secure.gravatar.com\\\/avatar\\\/8fb8f0a216e627554da57506bfaf78d677f45512f24f703e185ec701423b1e92?s=96&d=mm&r=g\",\"url\":\"https:\\\/\\\/secure.gravatar.com\\\/avatar\\\/8fb8f0a216e627554da57506bfaf78d677f45512f24f703e185ec701423b1e92?s=96&d=mm&r=g\",\"contentUrl\":\"https:\\\/\\\/secure.gravatar.com\\\/avatar\\\/8fb8f0a216e627554da57506bfaf78d677f45512f24f703e185ec701423b1e92?s=96&d=mm&r=g\",\"caption\":\"regionostergotland\"},\"url\":\"https:\\\/\\\/wp.kristdemokraterna.se\\\/regionostergotland\\\/author\\\/regionostergotland\\\/\"}]}<\/script>\n<!-- \/ Yoast SEO plugin. -->","yoast_head_json":{"title":"Vi \u00e4r redo att ge regionen en nystart - i Region \u00d6sterg\u00f6tland","robots":{"index":"index","follow":"follow","max-snippet":"max-snippet:-1","max-image-preview":"max-image-preview:large","max-video-preview":"max-video-preview:-1"},"canonical":"https:\/\/wp.kristdemokraterna.se\/regionostergotland\/vi-ar-redo-att-ge-regionen-en-nystart\/","og_locale":"sv_SE","og_type":"article","og_title":"Vi \u00e4r redo att ge regionen en nystart - i Region \u00d6sterg\u00f6tland","og_description":"N\u00e4r vi i \u00d6stg\u00f6tasamverkan (M, KD och L) i dag l\u00e4gger fram v\u00e5r f\u00f6rsta budget p\u00e5 regionfullm\u00e4ktiges bord g\u00f6rs det i ett ytterst anstr\u00e4ngt l\u00e4ge. L\u00e5nga v\u00e5rdk\u00f6er, st\u00e4ngda v\u00e5rdplatser, operationssalar som inte kan bemannas och stora ekonomiska utmaningar \u00e4r vad Region \u00d6sterg\u00f6tland st\u00e5r mitt i. V\u00e4gen fram\u00e5t kommer inte att bli enkel, men vi \u00e4r Read More","og_url":"https:\/\/wp.kristdemokraterna.se\/regionostergotland\/vi-ar-redo-att-ge-regionen-en-nystart\/","og_site_name":"i Region \u00d6sterg\u00f6tland","article_published_time":"2022-11-23T06:30:22+00:00","article_modified_time":"2022-11-24T08:50:34+00:00","author":"regionostergotland","twitter_card":"summary_large_image","twitter_misc":{"Skriven av":"regionostergotland","Ber\u00e4knad l\u00e4stid":"3 minuter"},"schema":{"@context":"https:\/\/schema.org","@graph":[{"@type":"Article","@id":"https:\/\/wp.kristdemokraterna.se\/regionostergotland\/vi-ar-redo-att-ge-regionen-en-nystart\/#article","isPartOf":{"@id":"https:\/\/wp.kristdemokraterna.se\/regionostergotland\/vi-ar-redo-att-ge-regionen-en-nystart\/"},"author":{"name":"regionostergotland","@id":"https:\/\/wp.kristdemokraterna.se\/regionostergotland\/#\/schema\/person\/74c3c4f502fcc489722a7be0dfe0088c"},"headline":"Vi \u00e4r redo att ge regionen en nystart","datePublished":"2022-11-23T06:30:22+00:00","dateModified":"2022-11-24T08:50:34+00:00","mainEntityOfPage":{"@id":"https:\/\/wp.kristdemokraterna.se\/regionostergotland\/vi-ar-redo-att-ge-regionen-en-nystart\/"},"wordCount":748,"articleSection":["Nyheter"],"inLanguage":"sv-SE"},{"@type":"WebPage","@id":"https:\/\/wp.kristdemokraterna.se\/regionostergotland\/vi-ar-redo-att-ge-regionen-en-nystart\/","url":"https:\/\/wp.kristdemokraterna.se\/regionostergotland\/vi-ar-redo-att-ge-regionen-en-nystart\/","name":"Vi \u00e4r redo att ge regionen en nystart - i Region \u00d6sterg\u00f6tland","isPartOf":{"@id":"https:\/\/wp.kristdemokraterna.se\/regionostergotland\/#website"},"datePublished":"2022-11-23T06:30:22+00:00","dateModified":"2022-11-24T08:50:34+00:00","author":{"@id":"https:\/\/wp.kristdemokraterna.se\/regionostergotland\/#\/schema\/person\/74c3c4f502fcc489722a7be0dfe0088c"},"breadcrumb":{"@id":"https:\/\/wp.kristdemokraterna.se\/regionostergotland\/vi-ar-redo-att-ge-regionen-en-nystart\/#breadcrumb"},"inLanguage":"sv-SE","potentialAction":[{"@type":"ReadAction","target":["https:\/\/wp.kristdemokraterna.se\/regionostergotland\/vi-ar-redo-att-ge-regionen-en-nystart\/"]}]},{"@type":"BreadcrumbList","@id":"https:\/\/wp.kristdemokraterna.se\/regionostergotland\/vi-ar-redo-att-ge-regionen-en-nystart\/#breadcrumb","itemListElement":[{"@type":"ListItem","position":1,"name":"Hem","item":"https:\/\/wp.kristdemokraterna.se\/regionostergotland\/"},{"@type":"ListItem","position":2,"name":"Vi \u00e4r redo att ge regionen en nystart"}]},{"@type":"WebSite","@id":"https:\/\/wp.kristdemokraterna.se\/regionostergotland\/#website","url":"https:\/\/wp.kristdemokraterna.se\/regionostergotland\/","name":"i Region \u00d6sterg\u00f6tland","description":"","inLanguage":"sv-SE"},{"@type":"Person","@id":"https:\/\/wp.kristdemokraterna.se\/regionostergotland\/#\/schema\/person\/74c3c4f502fcc489722a7be0dfe0088c","name":"regionostergotland","image":{"@type":"ImageObject","inLanguage":"sv-SE","@id":"https:\/\/secure.gravatar.com\/avatar\/8fb8f0a216e627554da57506bfaf78d677f45512f24f703e185ec701423b1e92?s=96&d=mm&r=g","url":"https:\/\/secure.gravatar.com\/avatar\/8fb8f0a216e627554da57506bfaf78d677f45512f24f703e185ec701423b1e92?s=96&d=mm&r=g","contentUrl":"https:\/\/secure.gravatar.com\/avatar\/8fb8f0a216e627554da57506bfaf78d677f45512f24f703e185ec701423b1e92?s=96&d=mm&r=g","caption":"regionostergotland"},"url":"https:\/\/wp.kristdemokraterna.se\/regionostergotland\/author\/regionostergotland\/"}]}},"_links":{"self":[{"href":"https:\/\/wp.kristdemokraterna.se\/regionostergotland\/wp-json\/wp\/v2\/posts\/2004","targetHints":{"allow":["GET"]}}],"collection":[{"href":"https:\/\/wp.kristdemokraterna.se\/regionostergotland\/wp-json\/wp\/v2\/posts"}],"about":[{"href":"https:\/\/wp.kristdemokraterna.se\/regionostergotland\/wp-json\/wp\/v2\/types\/post"}],"author":[{"embeddable":true,"href":"https:\/\/wp.kristdemokraterna.se\/regionostergotland\/wp-json\/wp\/v2\/users\/737"}],"replies":[{"embeddable":true,"href":"https:\/\/wp.kristdemokraterna.se\/regionostergotland\/wp-json\/wp\/v2\/comments?post=2004"}],"version-history":[{"count":1,"href":"https:\/\/wp.kristdemokraterna.se\/regionostergotland\/wp-json\/wp\/v2\/posts\/2004\/revisions"}],"predecessor-version":[{"id":2007,"href":"https:\/\/wp.kristdemokraterna.se\/regionostergotland\/wp-json\/wp\/v2\/posts\/2004\/revisions\/2007"}],"wp:attachment":[{"href":"https:\/\/wp.kristdemokraterna.se\/regionostergotland\/wp-json\/wp\/v2\/media?parent=2004"}],"wp:term":[{"taxonomy":"category","embeddable":true,"href":"https:\/\/wp.kristdemokraterna.se\/regionostergotland\/wp-json\/wp\/v2\/categories?post=2004"},{"taxonomy":"post_tag","embeddable":true,"href":"https:\/\/wp.kristdemokraterna.se\/regionostergotland\/wp-json\/wp\/v2\/tags?post=2004"}],"curies":[{"name":"wp","href":"https:\/\/api.w.org\/{rel}","templated":true}]}}