{"id":2008,"date":"2022-11-24T09:52:31","date_gmt":"2022-11-24T08:52:31","guid":{"rendered":"https:\/\/wp.kristdemokraterna.se\/regionostergotland\/?p=2008"},"modified":"2022-11-24T09:52:31","modified_gmt":"2022-11-24T08:52:31","slug":"regionfullmaktige-har-antagit-ostgotasamverkans-budget","status":"publish","type":"post","link":"https:\/\/wp.kristdemokraterna.se\/regionostergotland\/regionfullmaktige-har-antagit-ostgotasamverkans-budget\/","title":{"rendered":"Regionfullm\u00e4ktige har antagit \u00d6stg\u00f6tasamverkans budget!"},"content":{"rendered":"<div class=\"x11i5rnm xat24cr x1mh8g0r x1vvkbs xtlvy1s x126k92a\">\n<div dir=\"auto\">Kristdemokraterna har, tillsammans med Moderaterna och Liberalerna, arbetat fram den budget som tidigare idag r\u00f6stats igenom p\u00e5 regionfullm\u00e4ktige, h\u00e4r f\u00f6ljer en sammanfattning:<\/p>\n<\/div>\n<\/div>\n<div class=\"x11i5rnm xat24cr x1mh8g0r x1vvkbs xtlvy1s x126k92a\">\n<div dir=\"auto\"><span class=\"x3nfvp2 x1j61x8r x1fcty0u xdj266r xhhsvwb xat24cr xgzva0m xxymvpz xlup9mm x1kky2od\"><img loading=\"lazy\" decoding=\"async\" src=\"https:\/\/static.xx.fbcdn.net\/images\/emoji.php\/v9\/tef\/1\/16\/1f535.png\" alt=\"\ud83d\udd35\" width=\"16\" height=\"16\" \/><\/span> Region \u00d6sterg\u00f6tland beh\u00f6ver en nystart, med ett starkt politiskt ledarskap som ser regionens m\u00f6jligheter \u2013 men som samtidigt inte blundar f\u00f6r de problem som regionen har att hantera h\u00e4r och nu, liksom p\u00e5 l\u00e4ngre sikt.<\/div>\n<\/div>\n<div class=\"x11i5rnm xat24cr x1mh8g0r x1vvkbs xtlvy1s x126k92a\">\n<div dir=\"auto\"><span class=\"x3nfvp2 x1j61x8r x1fcty0u xdj266r xhhsvwb xat24cr xgzva0m xxymvpz xlup9mm x1kky2od\"><br \/>\n<img loading=\"lazy\" decoding=\"async\" src=\"https:\/\/static.xx.fbcdn.net\/images\/emoji.php\/v9\/tef\/1\/16\/1f535.png\" alt=\"\ud83d\udd35\" width=\"16\" height=\"16\" \/><\/span> Region \u00d6sterg\u00f6tlands st\u00f6rsta utmaning fram\u00e5t handlar om den extremt anstr\u00e4ngda situationen i h\u00e4lso- och sjukv\u00e5rden. V\u00e5rdk\u00f6erna har vuxit i en dramatisk takt under l\u00e5ng tid, den utvecklingen m\u00e5ste v\u00e4ndas. Som \u00f6stg\u00f6te ska du vara trygg i att du f\u00e5r v\u00e5rd i r\u00e4tt tid, n\u00e4r du beh\u00f6ver den. Region \u00d6sterg\u00f6tlands h\u00f6gsta prioritet m\u00e5ste d\u00e4rf\u00f6r nu vara att kapa v\u00e5rdk\u00f6erna och f\u00f6r att kunna lyckas med det m\u00e5ste h\u00e4lso- och sjukv\u00e5rdens viktigaste resurs &#8211; medarbetarna &#8211; b\u00e5de v\u00e4rnas och satsas p\u00e5.<\/div>\n<\/div>\n<div class=\"x11i5rnm xat24cr x1mh8g0r x1vvkbs xtlvy1s x126k92a\">\n<div dir=\"auto\"><span class=\"x3nfvp2 x1j61x8r x1fcty0u xdj266r xhhsvwb xat24cr xgzva0m xxymvpz xlup9mm x1kky2od\"><br \/>\n<img loading=\"lazy\" decoding=\"async\" src=\"https:\/\/static.xx.fbcdn.net\/images\/emoji.php\/v9\/tef\/1\/16\/1f535.png\" alt=\"\ud83d\udd35\" width=\"16\" height=\"16\" \/><\/span> Bemanningssituationen i h\u00e4lso- och sjukv\u00e5rden \u00e4r akut och \u00e5tg\u00e4rder kan inte v\u00e4nta. Region \u00d6sterg\u00f6tland har v\u00e5rdplatser som inte kan bemannas och medarbetare som \u00e4r slutk\u00f6rda. Pandemins p\u00e5frestningar, accelererande demografiska utmaningar och en os\u00e4ker omv\u00e4rld pressar m\u00e5nga verksamheter till det yttersta.<\/div>\n<\/div>\n<div class=\"x11i5rnm xat24cr x1mh8g0r x1vvkbs xtlvy1s x126k92a\">\n<div dir=\"auto\"><span class=\"x3nfvp2 x1j61x8r x1fcty0u xdj266r xhhsvwb xat24cr xgzva0m xxymvpz xlup9mm x1kky2od\"><br \/>\n<img loading=\"lazy\" decoding=\"async\" src=\"https:\/\/static.xx.fbcdn.net\/images\/emoji.php\/v9\/tef\/1\/16\/1f535.png\" alt=\"\ud83d\udd35\" width=\"16\" height=\"16\" \/><\/span> \u00d6sterg\u00f6tland har en stolt tradition av att erbjuda v\u00e5rd i v\u00e4rldsklass. Universitetssjukhuset i Link\u00f6ping har tre g\u00e5nger utsetts till b\u00e4sta universitetssjukhus. \u00c4ven Vrinnevisjukhuset i Norrk\u00f6ping och Lasarettet i Motala har f\u00e5tt pallplatser i sina respektive kategorier. De senaste \u00e5ren har dock alla tre sjukhusen tappat mark i ranking, vilket \u00e4r en oroande utveckling. Med r\u00e4tt f\u00f6ruts\u00e4ttningar \u00e4r vi \u00f6vertygade om att v\u00e5ra sjukhus har alla m\u00f6jligheter att ta sig tillbaka till toppen igen.<\/div>\n<\/div>\n<div class=\"x11i5rnm xat24cr x1mh8g0r x1vvkbs xtlvy1s x126k92a\">\n<div dir=\"auto\"><span class=\"x3nfvp2 x1j61x8r x1fcty0u xdj266r xhhsvwb xat24cr xgzva0m xxymvpz xlup9mm x1kky2od\"><br \/>\n<img loading=\"lazy\" decoding=\"async\" src=\"https:\/\/static.xx.fbcdn.net\/images\/emoji.php\/v9\/tef\/1\/16\/1f535.png\" alt=\"\ud83d\udd35\" width=\"16\" height=\"16\" \/><\/span> M\u00e5ngfald och valfrihet i h\u00e4lso- och sjukv\u00e5rden \u00e4r n\u00e5got som vi v\u00e4lkomnar, b\u00e5de f\u00f6r patienter och medarbetare. Vi s\u00e4tter inte k\u00e4ppar i hjulet f\u00f6r de som kan och vill bidra till v\u00e5r gemensamma v\u00e4lf\u00e4rd, kvaliteten \u00e4r alltid det som ska vara i fokus.<\/div>\n<\/div>\n<div class=\"x11i5rnm xat24cr x1mh8g0r x1vvkbs xtlvy1s x126k92a\">\n<div dir=\"auto\"><span class=\"x3nfvp2 x1j61x8r x1fcty0u xdj266r xhhsvwb xat24cr xgzva0m xxymvpz xlup9mm x1kky2od\"><br \/>\n<img loading=\"lazy\" decoding=\"async\" src=\"https:\/\/static.xx.fbcdn.net\/images\/emoji.php\/v9\/tef\/1\/16\/1f535.png\" alt=\"\ud83d\udd35\" width=\"16\" height=\"16\" \/><\/span> Det ekonomiska l\u00e4get kommande \u00e5r kommer vara extremt anstr\u00e4ngt. Det \u00e4r d\u00e4rf\u00f6r tydligt att det nu handlar om att bygga upp grunden igen, med fokus p\u00e5 k\u00e4rnverksamheter och att s\u00e4kerst\u00e4lla det v\u00e4sentliga f\u00f6r \u00f6stg\u00f6tarnas b\u00e4sta.<\/div>\n<\/div>\n<div class=\"x11i5rnm xat24cr x1mh8g0r x1vvkbs xtlvy1s x126k92a\">\n<div dir=\"auto\"><span class=\"x3nfvp2 x1j61x8r x1fcty0u xdj266r xhhsvwb xat24cr xgzva0m xxymvpz xlup9mm x1kky2od\"><br \/>\n<img loading=\"lazy\" decoding=\"async\" src=\"https:\/\/static.xx.fbcdn.net\/images\/emoji.php\/v9\/tef\/1\/16\/1f535.png\" alt=\"\ud83d\udd35\" width=\"16\" height=\"16\" \/><\/span> Trots m\u00e5nga och sv\u00e5ra utmaningar fram\u00e5t \u00e4r vi \u00f6vertygade om att \u00d6sterg\u00f6tland kan b\u00e4ttre, med r\u00e4tt f\u00f6ruts\u00e4ttningar. F\u00f6r oss \u00e4r det sj\u00e4lvklart att Region \u00d6sterg\u00f6tland ska vara en h\u00e5llbar region i framkant, som \u00e4r attraktiv att leva och verka i, men ocks\u00e5 att bes\u00f6ka och flytta till med ett sp\u00e4nnande kulturliv som n\u00e5r m\u00e5nga. Genom god tillg\u00e5ng till friluftsliv och rekreation st\u00e4rks folkh\u00e4lsan i v\u00e5rt l\u00e4n.<\/div>\n<\/div>\n<div class=\"x11i5rnm xat24cr x1mh8g0r x1vvkbs xtlvy1s x126k92a\">\n<div dir=\"auto\"><span class=\"x3nfvp2 x1j61x8r x1fcty0u xdj266r xhhsvwb xat24cr xgzva0m xxymvpz xlup9mm x1kky2od\"><br \/>\n<img loading=\"lazy\" decoding=\"async\" src=\"https:\/\/static.xx.fbcdn.net\/images\/emoji.php\/v9\/tef\/1\/16\/1f535.png\" alt=\"\ud83d\udd35\" width=\"16\" height=\"16\" \/><\/span> I \u00d6sterg\u00f6tland ska f\u00f6retag utvecklas och trivas. Ett starkt och dynamiskt n\u00e4ringsliv \u00e4r en grundsten f\u00f6r en attraktiv region, som i sin tur skapar grund f\u00f6r en stark v\u00e4lf\u00e4rd. Resm\u00f6jligheterna ska vara goda, b\u00e5de inom l\u00e4net, s\u00e5v\u00e4l som \u00f6ver l\u00e4nsgr\u00e4nserna. Landsbygdens villkor ska tydligt lyftas upp p\u00e5 den politiska agendan.<\/div>\n<\/div>\n<div class=\"x11i5rnm xat24cr x1mh8g0r x1vvkbs xtlvy1s x126k92a\">\n<div dir=\"auto\"><span class=\"x3nfvp2 x1j61x8r x1fcty0u xdj266r xhhsvwb xat24cr xgzva0m xxymvpz xlup9mm x1kky2od\"><br \/>\n<img loading=\"lazy\" decoding=\"async\" src=\"https:\/\/static.xx.fbcdn.net\/images\/emoji.php\/v9\/tef\/1\/16\/1f535.png\" alt=\"\ud83d\udd35\" width=\"16\" height=\"16\" \/><\/span> Region \u00d6sterg\u00f6tland f\u00f6rtj\u00e4nar ett starkt politiskt ledarskap som \u00e4r redo att arbeta f\u00f6r f\u00f6r\u00e4ndring. Ett ledarskap som har id\u00e9erna f\u00f6r hur \u00d6sterg\u00f6tland kan utvecklas till att bli en \u00e4nnu b\u00e4ttre plats att leva och verka i. Vi \u00e4r redo att axla det ansvaret.<\/div>\n<\/div>\n<div dir=\"auto\">\nL\u00e4nk till hela budgeten: <a href=\"https:\/\/dokument.regionostergotland.se\/Politiska%20dokument\/Regionfullm%C3%A4ktige\/2022%20Regionfullm%C3%A4ktige\/2022-11-23\/02.%20Besluts%C3%A4renden\/06.%20Trea%CC%8Arsbudget%202023-2025%20med%20fokusomr%C3%A5den%202023%20sid.pdf?fbclid=IwAR2lfL8t91-g265ZvewNYTZj10w_KO3Bv1xWRUIZV4vkd-2eMJdXPaRyA_s\" target=\"_blank\" rel=\"noopener\">https:\/\/dokument.regionostergotland.se\/Politiska%20dokument\/Regionfullm%C3%A4ktige\/2022%20Regionfullm%C3%A4ktige\/2022-11-23\/02.%20Besluts%C3%A4renden\/06.%20Trea%CC%8Arsbudget%202023-2025%20med%20fokusomr%C3%A5den%202023%20sid.pdf?fbclid=IwAR2lfL8t91-g265ZvewNYTZj10w_KO3Bv1xWRUIZV4vkd-2eMJdXPaRyA_s<\/a><\/div>\n","protected":false},"excerpt":{"rendered":"<p>Kristdemokraterna har, tillsammans med Moderaterna och Liberalerna, arbetat fram den budget som tidigare idag r\u00f6stats igenom p\u00e5 regionfullm\u00e4ktige, h\u00e4r f\u00f6ljer en sammanfattning: Region \u00d6sterg\u00f6tland beh\u00f6ver en nystart, med ett starkt politiskt ledarskap som ser regionens m\u00f6jligheter \u2013 men som samtidigt inte blundar f\u00f6r de problem som regionen har att hantera h\u00e4r och nu, liksom p\u00e5 <a class=\"read-more-link\" href=\"https:\/\/wp.kristdemokraterna.se\/regionostergotland\/regionfullmaktige-har-antagit-ostgotasamverkans-budget\/\">Read More<\/a><\/p>\n","protected":false},"author":737,"featured_media":0,"comment_status":"closed","ping_status":"closed","sticky":false,"template":"","format":"standard","meta":{"_acf_changed":false,"footnotes":""},"categories":[1],"tags":[],"class_list":["post-2008","post","type-post","status-publish","format-standard","hentry","category-nyheter"],"acf":[],"yoast_head":"<!-- This site is optimized with the Yoast SEO plugin v27.5 - https:\/\/yoast.com\/product\/yoast-seo-wordpress\/ -->\n<title>Regionfullm\u00e4ktige har antagit \u00d6stg\u00f6tasamverkans budget! - i Region \u00d6sterg\u00f6tland<\/title>\n<meta name=\"robots\" content=\"index, follow, max-snippet:-1, max-image-preview:large, max-video-preview:-1\" \/>\n<link rel=\"canonical\" href=\"https:\/\/wp.kristdemokraterna.se\/regionostergotland\/regionfullmaktige-har-antagit-ostgotasamverkans-budget\/\" \/>\n<meta property=\"og:locale\" content=\"sv_SE\" \/>\n<meta property=\"og:type\" content=\"article\" \/>\n<meta property=\"og:title\" content=\"Regionfullm\u00e4ktige har antagit \u00d6stg\u00f6tasamverkans budget! - i Region \u00d6sterg\u00f6tland\" \/>\n<meta property=\"og:description\" content=\"Kristdemokraterna har, tillsammans med Moderaterna och Liberalerna, arbetat fram den budget som tidigare idag r\u00f6stats igenom p\u00e5 regionfullm\u00e4ktige, h\u00e4r f\u00f6ljer en sammanfattning: Region \u00d6sterg\u00f6tland beh\u00f6ver en nystart, med ett starkt politiskt ledarskap som ser regionens m\u00f6jligheter \u2013 men som samtidigt inte blundar f\u00f6r de problem som regionen har att hantera h\u00e4r och nu, liksom p\u00e5 Read More\" \/>\n<meta property=\"og:url\" content=\"https:\/\/wp.kristdemokraterna.se\/regionostergotland\/regionfullmaktige-har-antagit-ostgotasamverkans-budget\/\" \/>\n<meta property=\"og:site_name\" content=\"i Region \u00d6sterg\u00f6tland\" \/>\n<meta property=\"article:published_time\" content=\"2022-11-24T08:52:31+00:00\" \/>\n<meta property=\"og:image\" content=\"https:\/\/static.xx.fbcdn.net\/images\/emoji.php\/v9\/tef\/1\/16\/1f535.png\" \/>\n<meta name=\"author\" content=\"regionostergotland\" \/>\n<meta name=\"twitter:card\" content=\"summary_large_image\" \/>\n<meta name=\"twitter:label1\" content=\"Skriven av\" \/>\n\t<meta name=\"twitter:data1\" content=\"regionostergotland\" \/>\n\t<meta name=\"twitter:label2\" content=\"Ber\u00e4knad l\u00e4stid\" \/>\n\t<meta name=\"twitter:data2\" content=\"5 minuter\" \/>\n<script type=\"application\/ld+json\" class=\"yoast-schema-graph\">{\"@context\":\"https:\\\/\\\/schema.org\",\"@graph\":[{\"@type\":\"Article\",\"@id\":\"https:\\\/\\\/wp.kristdemokraterna.se\\\/regionostergotland\\\/regionfullmaktige-har-antagit-ostgotasamverkans-budget\\\/#article\",\"isPartOf\":{\"@id\":\"https:\\\/\\\/wp.kristdemokraterna.se\\\/regionostergotland\\\/regionfullmaktige-har-antagit-ostgotasamverkans-budget\\\/\"},\"author\":{\"name\":\"regionostergotland\",\"@id\":\"https:\\\/\\\/wp.kristdemokraterna.se\\\/regionostergotland\\\/#\\\/schema\\\/person\\\/74c3c4f502fcc489722a7be0dfe0088c\"},\"headline\":\"Regionfullm\u00e4ktige har antagit \u00d6stg\u00f6tasamverkans budget!\",\"datePublished\":\"2022-11-24T08:52:31+00:00\",\"mainEntityOfPage\":{\"@id\":\"https:\\\/\\\/wp.kristdemokraterna.se\\\/regionostergotland\\\/regionfullmaktige-har-antagit-ostgotasamverkans-budget\\\/\"},\"wordCount\":674,\"image\":{\"@id\":\"https:\\\/\\\/wp.kristdemokraterna.se\\\/regionostergotland\\\/regionfullmaktige-har-antagit-ostgotasamverkans-budget\\\/#primaryimage\"},\"thumbnailUrl\":\"https:\\\/\\\/static.xx.fbcdn.net\\\/images\\\/emoji.php\\\/v9\\\/tef\\\/1\\\/16\\\/1f535.png\",\"articleSection\":[\"Nyheter\"],\"inLanguage\":\"sv-SE\"},{\"@type\":\"WebPage\",\"@id\":\"https:\\\/\\\/wp.kristdemokraterna.se\\\/regionostergotland\\\/regionfullmaktige-har-antagit-ostgotasamverkans-budget\\\/\",\"url\":\"https:\\\/\\\/wp.kristdemokraterna.se\\\/regionostergotland\\\/regionfullmaktige-har-antagit-ostgotasamverkans-budget\\\/\",\"name\":\"Regionfullm\u00e4ktige har antagit \u00d6stg\u00f6tasamverkans budget! - i Region \u00d6sterg\u00f6tland\",\"isPartOf\":{\"@id\":\"https:\\\/\\\/wp.kristdemokraterna.se\\\/regionostergotland\\\/#website\"},\"primaryImageOfPage\":{\"@id\":\"https:\\\/\\\/wp.kristdemokraterna.se\\\/regionostergotland\\\/regionfullmaktige-har-antagit-ostgotasamverkans-budget\\\/#primaryimage\"},\"image\":{\"@id\":\"https:\\\/\\\/wp.kristdemokraterna.se\\\/regionostergotland\\\/regionfullmaktige-har-antagit-ostgotasamverkans-budget\\\/#primaryimage\"},\"thumbnailUrl\":\"https:\\\/\\\/static.xx.fbcdn.net\\\/images\\\/emoji.php\\\/v9\\\/tef\\\/1\\\/16\\\/1f535.png\",\"datePublished\":\"2022-11-24T08:52:31+00:00\",\"author\":{\"@id\":\"https:\\\/\\\/wp.kristdemokraterna.se\\\/regionostergotland\\\/#\\\/schema\\\/person\\\/74c3c4f502fcc489722a7be0dfe0088c\"},\"breadcrumb\":{\"@id\":\"https:\\\/\\\/wp.kristdemokraterna.se\\\/regionostergotland\\\/regionfullmaktige-har-antagit-ostgotasamverkans-budget\\\/#breadcrumb\"},\"inLanguage\":\"sv-SE\",\"potentialAction\":[{\"@type\":\"ReadAction\",\"target\":[\"https:\\\/\\\/wp.kristdemokraterna.se\\\/regionostergotland\\\/regionfullmaktige-har-antagit-ostgotasamverkans-budget\\\/\"]}]},{\"@type\":\"ImageObject\",\"inLanguage\":\"sv-SE\",\"@id\":\"https:\\\/\\\/wp.kristdemokraterna.se\\\/regionostergotland\\\/regionfullmaktige-har-antagit-ostgotasamverkans-budget\\\/#primaryimage\",\"url\":\"https:\\\/\\\/static.xx.fbcdn.net\\\/images\\\/emoji.php\\\/v9\\\/tef\\\/1\\\/16\\\/1f535.png\",\"contentUrl\":\"https:\\\/\\\/static.xx.fbcdn.net\\\/images\\\/emoji.php\\\/v9\\\/tef\\\/1\\\/16\\\/1f535.png\"},{\"@type\":\"BreadcrumbList\",\"@id\":\"https:\\\/\\\/wp.kristdemokraterna.se\\\/regionostergotland\\\/regionfullmaktige-har-antagit-ostgotasamverkans-budget\\\/#breadcrumb\",\"itemListElement\":[{\"@type\":\"ListItem\",\"position\":1,\"name\":\"Hem\",\"item\":\"https:\\\/\\\/wp.kristdemokraterna.se\\\/regionostergotland\\\/\"},{\"@type\":\"ListItem\",\"position\":2,\"name\":\"Regionfullm\u00e4ktige har antagit \u00d6stg\u00f6tasamverkans budget!\"}]},{\"@type\":\"WebSite\",\"@id\":\"https:\\\/\\\/wp.kristdemokraterna.se\\\/regionostergotland\\\/#website\",\"url\":\"https:\\\/\\\/wp.kristdemokraterna.se\\\/regionostergotland\\\/\",\"name\":\"i Region \u00d6sterg\u00f6tland\",\"description\":\"\",\"inLanguage\":\"sv-SE\"},{\"@type\":\"Person\",\"@id\":\"https:\\\/\\\/wp.kristdemokraterna.se\\\/regionostergotland\\\/#\\\/schema\\\/person\\\/74c3c4f502fcc489722a7be0dfe0088c\",\"name\":\"regionostergotland\",\"image\":{\"@type\":\"ImageObject\",\"inLanguage\":\"sv-SE\",\"@id\":\"https:\\\/\\\/secure.gravatar.com\\\/avatar\\\/8fb8f0a216e627554da57506bfaf78d677f45512f24f703e185ec701423b1e92?s=96&d=mm&r=g\",\"url\":\"https:\\\/\\\/secure.gravatar.com\\\/avatar\\\/8fb8f0a216e627554da57506bfaf78d677f45512f24f703e185ec701423b1e92?s=96&d=mm&r=g\",\"contentUrl\":\"https:\\\/\\\/secure.gravatar.com\\\/avatar\\\/8fb8f0a216e627554da57506bfaf78d677f45512f24f703e185ec701423b1e92?s=96&d=mm&r=g\",\"caption\":\"regionostergotland\"},\"url\":\"https:\\\/\\\/wp.kristdemokraterna.se\\\/regionostergotland\\\/author\\\/regionostergotland\\\/\"}]}<\/script>\n<!-- \/ Yoast SEO plugin. -->","yoast_head_json":{"title":"Regionfullm\u00e4ktige har antagit \u00d6stg\u00f6tasamverkans budget! - i Region \u00d6sterg\u00f6tland","robots":{"index":"index","follow":"follow","max-snippet":"max-snippet:-1","max-image-preview":"max-image-preview:large","max-video-preview":"max-video-preview:-1"},"canonical":"https:\/\/wp.kristdemokraterna.se\/regionostergotland\/regionfullmaktige-har-antagit-ostgotasamverkans-budget\/","og_locale":"sv_SE","og_type":"article","og_title":"Regionfullm\u00e4ktige har antagit \u00d6stg\u00f6tasamverkans budget! - i Region \u00d6sterg\u00f6tland","og_description":"Kristdemokraterna har, tillsammans med Moderaterna och Liberalerna, arbetat fram den budget som tidigare idag r\u00f6stats igenom p\u00e5 regionfullm\u00e4ktige, h\u00e4r f\u00f6ljer en sammanfattning: Region \u00d6sterg\u00f6tland beh\u00f6ver en nystart, med ett starkt politiskt ledarskap som ser regionens m\u00f6jligheter \u2013 men som samtidigt inte blundar f\u00f6r de problem som regionen har att hantera h\u00e4r och nu, liksom p\u00e5 Read More","og_url":"https:\/\/wp.kristdemokraterna.se\/regionostergotland\/regionfullmaktige-har-antagit-ostgotasamverkans-budget\/","og_site_name":"i Region \u00d6sterg\u00f6tland","article_published_time":"2022-11-24T08:52:31+00:00","og_image":[{"url":"https:\/\/static.xx.fbcdn.net\/images\/emoji.php\/v9\/tef\/1\/16\/1f535.png","type":"","width":"","height":""}],"author":"regionostergotland","twitter_card":"summary_large_image","twitter_misc":{"Skriven av":"regionostergotland","Ber\u00e4knad l\u00e4stid":"5 minuter"},"schema":{"@context":"https:\/\/schema.org","@graph":[{"@type":"Article","@id":"https:\/\/wp.kristdemokraterna.se\/regionostergotland\/regionfullmaktige-har-antagit-ostgotasamverkans-budget\/#article","isPartOf":{"@id":"https:\/\/wp.kristdemokraterna.se\/regionostergotland\/regionfullmaktige-har-antagit-ostgotasamverkans-budget\/"},"author":{"name":"regionostergotland","@id":"https:\/\/wp.kristdemokraterna.se\/regionostergotland\/#\/schema\/person\/74c3c4f502fcc489722a7be0dfe0088c"},"headline":"Regionfullm\u00e4ktige har antagit \u00d6stg\u00f6tasamverkans budget!","datePublished":"2022-11-24T08:52:31+00:00","mainEntityOfPage":{"@id":"https:\/\/wp.kristdemokraterna.se\/regionostergotland\/regionfullmaktige-har-antagit-ostgotasamverkans-budget\/"},"wordCount":674,"image":{"@id":"https:\/\/wp.kristdemokraterna.se\/regionostergotland\/regionfullmaktige-har-antagit-ostgotasamverkans-budget\/#primaryimage"},"thumbnailUrl":"https:\/\/static.xx.fbcdn.net\/images\/emoji.php\/v9\/tef\/1\/16\/1f535.png","articleSection":["Nyheter"],"inLanguage":"sv-SE"},{"@type":"WebPage","@id":"https:\/\/wp.kristdemokraterna.se\/regionostergotland\/regionfullmaktige-har-antagit-ostgotasamverkans-budget\/","url":"https:\/\/wp.kristdemokraterna.se\/regionostergotland\/regionfullmaktige-har-antagit-ostgotasamverkans-budget\/","name":"Regionfullm\u00e4ktige har antagit \u00d6stg\u00f6tasamverkans budget! - i Region \u00d6sterg\u00f6tland","isPartOf":{"@id":"https:\/\/wp.kristdemokraterna.se\/regionostergotland\/#website"},"primaryImageOfPage":{"@id":"https:\/\/wp.kristdemokraterna.se\/regionostergotland\/regionfullmaktige-har-antagit-ostgotasamverkans-budget\/#primaryimage"},"image":{"@id":"https:\/\/wp.kristdemokraterna.se\/regionostergotland\/regionfullmaktige-har-antagit-ostgotasamverkans-budget\/#primaryimage"},"thumbnailUrl":"https:\/\/static.xx.fbcdn.net\/images\/emoji.php\/v9\/tef\/1\/16\/1f535.png","datePublished":"2022-11-24T08:52:31+00:00","author":{"@id":"https:\/\/wp.kristdemokraterna.se\/regionostergotland\/#\/schema\/person\/74c3c4f502fcc489722a7be0dfe0088c"},"breadcrumb":{"@id":"https:\/\/wp.kristdemokraterna.se\/regionostergotland\/regionfullmaktige-har-antagit-ostgotasamverkans-budget\/#breadcrumb"},"inLanguage":"sv-SE","potentialAction":[{"@type":"ReadAction","target":["https:\/\/wp.kristdemokraterna.se\/regionostergotland\/regionfullmaktige-har-antagit-ostgotasamverkans-budget\/"]}]},{"@type":"ImageObject","inLanguage":"sv-SE","@id":"https:\/\/wp.kristdemokraterna.se\/regionostergotland\/regionfullmaktige-har-antagit-ostgotasamverkans-budget\/#primaryimage","url":"https:\/\/static.xx.fbcdn.net\/images\/emoji.php\/v9\/tef\/1\/16\/1f535.png","contentUrl":"https:\/\/static.xx.fbcdn.net\/images\/emoji.php\/v9\/tef\/1\/16\/1f535.png"},{"@type":"BreadcrumbList","@id":"https:\/\/wp.kristdemokraterna.se\/regionostergotland\/regionfullmaktige-har-antagit-ostgotasamverkans-budget\/#breadcrumb","itemListElement":[{"@type":"ListItem","position":1,"name":"Hem","item":"https:\/\/wp.kristdemokraterna.se\/regionostergotland\/"},{"@type":"ListItem","position":2,"name":"Regionfullm\u00e4ktige har antagit \u00d6stg\u00f6tasamverkans budget!"}]},{"@type":"WebSite","@id":"https:\/\/wp.kristdemokraterna.se\/regionostergotland\/#website","url":"https:\/\/wp.kristdemokraterna.se\/regionostergotland\/","name":"i Region \u00d6sterg\u00f6tland","description":"","inLanguage":"sv-SE"},{"@type":"Person","@id":"https:\/\/wp.kristdemokraterna.se\/regionostergotland\/#\/schema\/person\/74c3c4f502fcc489722a7be0dfe0088c","name":"regionostergotland","image":{"@type":"ImageObject","inLanguage":"sv-SE","@id":"https:\/\/secure.gravatar.com\/avatar\/8fb8f0a216e627554da57506bfaf78d677f45512f24f703e185ec701423b1e92?s=96&d=mm&r=g","url":"https:\/\/secure.gravatar.com\/avatar\/8fb8f0a216e627554da57506bfaf78d677f45512f24f703e185ec701423b1e92?s=96&d=mm&r=g","contentUrl":"https:\/\/secure.gravatar.com\/avatar\/8fb8f0a216e627554da57506bfaf78d677f45512f24f703e185ec701423b1e92?s=96&d=mm&r=g","caption":"regionostergotland"},"url":"https:\/\/wp.kristdemokraterna.se\/regionostergotland\/author\/regionostergotland\/"}]}},"_links":{"self":[{"href":"https:\/\/wp.kristdemokraterna.se\/regionostergotland\/wp-json\/wp\/v2\/posts\/2008","targetHints":{"allow":["GET"]}}],"collection":[{"href":"https:\/\/wp.kristdemokraterna.se\/regionostergotland\/wp-json\/wp\/v2\/posts"}],"about":[{"href":"https:\/\/wp.kristdemokraterna.se\/regionostergotland\/wp-json\/wp\/v2\/types\/post"}],"author":[{"embeddable":true,"href":"https:\/\/wp.kristdemokraterna.se\/regionostergotland\/wp-json\/wp\/v2\/users\/737"}],"replies":[{"embeddable":true,"href":"https:\/\/wp.kristdemokraterna.se\/regionostergotland\/wp-json\/wp\/v2\/comments?post=2008"}],"version-history":[{"count":1,"href":"https:\/\/wp.kristdemokraterna.se\/regionostergotland\/wp-json\/wp\/v2\/posts\/2008\/revisions"}],"predecessor-version":[{"id":2009,"href":"https:\/\/wp.kristdemokraterna.se\/regionostergotland\/wp-json\/wp\/v2\/posts\/2008\/revisions\/2009"}],"wp:attachment":[{"href":"https:\/\/wp.kristdemokraterna.se\/regionostergotland\/wp-json\/wp\/v2\/media?parent=2008"}],"wp:term":[{"taxonomy":"category","embeddable":true,"href":"https:\/\/wp.kristdemokraterna.se\/regionostergotland\/wp-json\/wp\/v2\/categories?post=2008"},{"taxonomy":"post_tag","embeddable":true,"href":"https:\/\/wp.kristdemokraterna.se\/regionostergotland\/wp-json\/wp\/v2\/tags?post=2008"}],"curies":[{"name":"wp","href":"https:\/\/api.w.org\/{rel}","templated":true}]}}