{"id":2018,"date":"2022-11-25T16:26:01","date_gmt":"2022-11-25T15:26:01","guid":{"rendered":"https:\/\/wp.kristdemokraterna.se\/regionostergotland\/?p=2018"},"modified":"2022-11-25T16:26:01","modified_gmt":"2022-11-25T15:26:01","slug":"nyhetsbrev-vecka-47-6","status":"publish","type":"post","link":"https:\/\/wp.kristdemokraterna.se\/regionostergotland\/nyhetsbrev-vecka-47-6\/","title":{"rendered":"Nyhetsbrev vecka 47"},"content":{"rendered":"<p>Hej!<\/p>\n<p>Under h\u00f6sten har det varit m\u00e5nga intensiva och inneh\u00e5llsrika arbetsveckor, och den g\u00e5ngna veckan \u00e4r inget undantag! Tv\u00e4rtom kan den s\u00e4kert kvala in som en av de intensivare\u2026 Men, v\u00e4ldigt mycket roligt har h\u00e4nt och skett. N\u00e5gra nedslag i alla veckans aktiviteter ska jag f\u00f6rs\u00f6ka g\u00f6ra i veckans nyhetsbrev. Trevlig l\u00e4sning!<!--more--><\/p>\n<p><strong>M\u00e5nga g\u00e4ster och teman p\u00e5 veckans m\u00e5ndagsm\u00f6te<\/strong><br \/>\nVeckans m\u00e5ndagsm\u00f6te med \u00d6stg\u00f6tasamverkan; Kristdemokraterna, Moderaterna och Liberalerna, hade ovanligt m\u00e5nga g\u00e4ster. F\u00f6rst ut var Anna-Carin Dahlgren, tandv\u00e5rdsdirekt\u00f6r, som f\u00f6redrog ett par aktuella \u00e4renden inom Folktandv\u00e5rden. Sedan var fokus p\u00e5 behandlingen av olika tidigare inl\u00e4mnade politiska f\u00f6rslag (motioner och n\u00e4mndinitiativ) inom m\u00f6drah\u00e4lsov\u00e5rd\/f\u00f6rlossningsv\u00e5rd med Tobias Ekenlie, centrumchef f\u00f6r barn- och kvinnocentrum och Mats Mellqvist, ansvarig strateg p\u00e5 h\u00e4lso- och sjukv\u00e5rdsenheten p\u00e5 regionledningskontoret. N\u00e4sta tema var regionens operationskapacitet med de fyra centrumcheferna Eva-Lena Zetterlund (Sinnescentrum), Magnus Janzon (Hj\u00e4rtcentrum), Ida D\u00e5nmark (Centrum f\u00f6r kirurgi, ortopedi och cancerv\u00e5rd) och Tobias Ekenlie (Barn- och kvinnocentrum). Slutligen g\u00e4stades m\u00e5ndagsm\u00f6tet av HR-direkt\u00f6r Zilla Jonsson f\u00f6r diskussion om genomf\u00f6randet av \u00d6stg\u00f6tasamverkans f\u00f6rslag om h\u00f6jt OB-till\u00e4gg.<\/p>\n<p><strong>Genomg\u00e5ng av budgetuppdrag till RUN med ansvariga chefer<\/strong><br \/>\nM\u00e5ndagseftermiddagen inleddes med ett m\u00f6te med ledningsgruppen f\u00f6r regional utveckling, d\u00e4r regionutvecklingsdirekt\u00f6r Richard Wid\u00e9n och de olika enhetscheferna inom regional utveckling ing\u00e5r; Malin Thunborg (tillv\u00e4xt), Lotten Carlsson (regionala utvecklingsprojekt), Anna Lindberg (internationell samverkan), Anders B\u00e4ckstrand (samh\u00e4llsplanering) och Anna Lewau (h\u00e5llbarhet). Tillsammans med Anna Drake af Hagelsrum (L), politisk sekreterare och blivande ledamot i regionutvecklingsn\u00e4mnden, gick jag igenom de uppdrag fr\u00e5n \u00d6stg\u00f6tasamverkans tre\u00e5rsbudget som \u00e4r riktade till RUN. Det blev ett bra samtal som viktig grund f\u00f6r utformandet av \u00e5rsplan f\u00f6r n\u00e4mnden och arbetet under det kommande \u00e5ret.<\/p>\n<p><strong>Bes\u00f6k p\u00e5 medlemsm\u00f6te f\u00f6r Kristdemokraterna i Vadstena<\/strong><br \/>\nP\u00e5 m\u00e5ndagskv\u00e4llen var jag inbjuden till medlemsm\u00f6te f\u00f6r Kristdemokraternas partiavdelning i Vadstena. F\u00f6r ett intresserat och engagerat g\u00e4ng kristdemokrater med ordf\u00f6rande och gruppledare Patrik Stenlund i spetsen, fick jag m\u00f6jlighet att ber\u00e4tta om det nya styret i regionen, om kristdemokratiska f\u00f6rslag i den sakpolitiska \u00f6verenskommelsen f\u00f6r mandatperioden och aktuell tre\u00e5rsbudget och ocks\u00e5 f\u00e5 kloka medskick fr\u00e5n deltagarna. Tack s\u00e5 mycket f\u00f6r att jag fick g\u00e4sta er!<\/p>\n<p><strong>Sammantr\u00e4de med Politiska ledningsgruppen<\/strong><br \/>\nTisdagsf\u00f6rmiddagen innebar sammantr\u00e4de med politiska ledningsgruppen (PLG), som f\u00f6r f\u00f6rsta g\u00e5ngen p\u00e5 \u00e5tta \u00e5r leddes av Marie Morell (M), som nyvald ordf\u00f6rande i regionstyrelsen. PLG fick bl.a. en aktuell genomg\u00e5ng av det ekonomiska l\u00e4get i regionen fr\u00e5n ekonomidirekt\u00f6r Josefin Bj\u00e4resten och aktuellt l\u00e4ge i h\u00e4lso- och sjukv\u00e5rden fr\u00e5n v\u00e5rddirekt\u00f6r Ninnie Borendal Wodlin.<\/p>\n<p><strong>Regionfullm\u00e4ktige med budgetbeslut och val\u00e4renden<\/strong><br \/>\nI onsdags var det s\u00e5 dags f\u00f6r regionfullm\u00e4ktiges sammantr\u00e4de med beslut om Tre\u00e5rsbudget 2023-2025 som det st\u00f6rsta besluts\u00e4rendet. I de \u00f6stg\u00f6tska tidningarna hade vi fr\u00e5n \u00d6stg\u00f6tasamverkan debattartiklar i onsdagsutg\u00e5vorna kring v\u00e5rt budgetf\u00f6rslag (se l\u00e4nkar nedan!). Efter dagens l\u00e4ngsta debatt var det slutligen dags f\u00f6r beslut, och som v\u00e4ntat vann \u00d6stg\u00f6tasamverkans tre\u00e5rsbudget bifall hos en majoritet av regionfullm\u00e4ktiges ledam\u00f6ter! Du kan l\u00e4sa mer om budgeten h\u00e4r: (<a href=\"https:\/\/wp.kristdemokraterna.se\/regionostergotland\/regionfullmaktige-har-antagit-ostgotasamverkans-budget\/\" target=\"_blank\" rel=\"noopener\">https:\/\/wp.kristdemokraterna.se\/regionostergotland\/regionfullmaktige-har-antagit-ostgotasamverkans-budget\/<\/a>). Vid regionfullm\u00e4ktiges sammantr\u00e4de genomf\u00f6rdes ocks\u00e5 en l\u00e5ng rad val till olika f\u00f6rtroendeuppdrag n\u00e4stkommande mandatperiod. M\u00e5nga kristdemokrater valdes till olika viktiga uppdrag f\u00f6r n\u00e4sta mandatperiod. F\u00f6r f\u00f6rsta g\u00e5ngen n\u00e5gonsin har Kristdemokraterna n\u00e4sta mandatperiod tv\u00e5 regionr\u00e5d; jag sj\u00e4lv som ordf\u00f6rande i regionutvecklingsn\u00e4mnden och Annicki Oscarsson som f\u00f6rste vice ordf\u00f6rande i h\u00e4lso- och sjukv\u00e5rdsn\u00e4mnden. D\u00e4rut\u00f6ver har vi flera andra ordf\u00f6randeposter, d\u00e4ribland Elvira Wibeck som f\u00f6rste vice ordf\u00f6rande i regionfullm\u00e4ktige, Anders Eksmo som ordf\u00f6rande i beredningen f\u00f6r h\u00e5llbarhet och h\u00e4lsa och Lena K\u00e4cker Johansson som ordf\u00f6rande i beredningen f\u00f6r behovsstyrning 1. M\u00e5nga gratulationer till alla som valts till f\u00f6rtroendeuppdrag f\u00f6r kommande mandatperiod!<br \/>\nH\u00e4r \u00e4r l\u00e4nkar till debattartiklarna om tre\u00e5rsbudgeten:<br \/>\nCorren: (<a href=\"https:\/\/corren.se\/debatt\/artikel\/ostgotasamverkan-gor-en-nystart-i-regionen-nu-hojer-vi-ob-tillagget-\/lq3y6ddj\" target=\"_blank\" rel=\"noopener\">https:\/\/corren.se\/debatt\/artikel\/ostgotasamverkan-gor-en-nystart-i-regionen-nu-hojer-vi-ob-tillagget-\/lq3y6ddj<\/a>)<br \/>\nNorrk\u00f6pings Tidningar: (<a href=\"https:\/\/nt.se\/debatt\/artikel\/en-nystart-i-regionen-med-ostgotasamverkan\/lz352pqj\" target=\"_blank\" rel=\"noopener\">https:\/\/nt.se\/debatt\/artikel\/en-nystart-i-regionen-med-ostgotasamverkan\/lz352pqj<\/a>)<br \/>\nMotala-Vadstena Tidning: (<a href=\"https:\/\/mvt.se\/debatt\/artikel\/-en-nystart-med-ostgotasamverkan\/jv35g6pl\" target=\"_blank\" rel=\"noopener\">https:\/\/mvt.se\/debatt\/artikel\/-en-nystart-med-ostgotasamverkan\/jv35g6pl<\/a>)<br \/>\nFolkbladet: (<a href=\"https:\/\/folkbladet.se\/debatt\/artikel\/sjukvarden-ar-i-ett-akut-lage-i-region-ostergotland\/lq3y9yej\" target=\"_blank\" rel=\"noopener\">https:\/\/folkbladet.se\/debatt\/artikel\/sjukvarden-ar-i-ett-akut-lage-i-region-ostergotland\/lq3y9yej<\/a>)<\/p>\n<p><strong>Strategiseminarium med nul\u00e4ge och fram\u00e5tblickar<\/strong><br \/>\nI g\u00e5r torsdag bj\u00f6ds f\u00f6rtroendevalda i regionfullm\u00e4ktige, regionstyrelsen och n\u00e4mnderna in till strategiseminarium i Renstr\u00f6mmen i Norrk\u00f6ping. P\u00e5 programmet stod bl.a. f\u00f6redrag fr\u00e5n Anders Ekholm, senior r\u00e5dgivare p\u00e5 Institutet f\u00f6r framtidsstudier, korta l\u00e4gesrapporter fr\u00e5n flera av regionens direkt\u00f6rer och f\u00f6rdjupande seminarier kring n\u00e5gra av regionens ansvarsomr\u00e5den.<\/p>\n<p><strong>Extra partidistrikts\u00e5rsm\u00f6te i regionhuset<\/strong><br \/>\nP\u00e5 torsdagskv\u00e4llen h\u00f6lls extra partidistrikts\u00e5rsm\u00f6te, eller som vi ibland g\u00e4rna s\u00e4ger &#8211; H\u00f6stst\u00e4mma, f\u00f6r Kristdemokraterna i \u00d6sterg\u00f6tland. M\u00f6tet arrangerades i Sessionssalen i Regionhuset, d\u00e4r vi inledde med att p\u00e5 storbild se och h\u00f6ra ett tal av partiledare och vice statsminister Ebba Busch. D\u00e4refter fick jag chans att ber\u00e4tta lite om det nya styret i regionen, om framg\u00e5ng f\u00f6r KD-politik i sakpolitisk \u00f6verenskommelse och tre\u00e5rsbudget och kort om hur m\u00e5nga och vilka tunga f\u00f6rtroendeuppdrag Kristdemokraterna ansvarar f\u00f6r i regionen kommande mandatperiod. St\u00e4mmof\u00f6rhandlingarna leddes galant av ett st\u00e4mmopresidium best\u00e5ende av ordf\u00f6rande Annelie Noort, vice ordf\u00f6rande Niclas Clar\u00e9n och sekreterare Simone \u00d6hrn. Beslut togs bl.a. om budget och verksamhetsplan f\u00f6r 2023. Tack till alla som gjorde insatser i samband med \u00e5rsm\u00f6tet, och v\u00e4ldigt roligt att se sessionssalen fylld av kristdemokrater!<\/p>\n<p><strong>M\u00f6te med L\u00e4nsstyrelsens ledning<\/strong><br \/>\nRegelbundet m\u00f6ts representanter f\u00f6r regionens politiska- och tj\u00e4nstemannaledning med ledningen f\u00f6r L\u00e4nsstyrelsen i \u00d6sterg\u00f6tland, med landsh\u00f6vding Carl Fredrik Graf och l\u00e4nsr\u00e5d Ann Holmlid i spetsen. I dag p\u00e5 eftermiddagen var ett s\u00e5dant m\u00f6te. Som tilltr\u00e4dande ordf\u00f6rande i regionutvecklingsn\u00e4mnden deltog jag f\u00f6r f\u00f6rsta g\u00e5ngen i den m\u00f6tesformen. P\u00e5 dagordningen stod information om aktuella fr\u00e5gor i respektive organisation, men ocks\u00e5 f\u00f6redragning av s\u00e4kerhetsl\u00e4get i v\u00e5r omv\u00e4rld fr\u00e5n bitr\u00e4dande f\u00f6rsvarsdirekt\u00f6r Andreas Lundberg. Ett intressant m\u00f6te med viktiga diskussioner.<\/p>\n<p>\u00c4ven om det kan vara lite sv\u00e5rt att tro \u00e4r det nu inte bara helg, utan F\u00f6rsta Adventshelg! Det k\u00e4nns \u00e4nd\u00e5 fint att f\u00e5 g\u00e5 in i adventstiden. \u00c4ven om aktivitetstakten \u00e4r fortsatt h\u00f6g kommande veckor, kanske \u00e4nd\u00e5 den mest intensiva perioden har klarats av\u2026vi f\u00e5r se! Jag vill i alla fall \u00f6nska er alla en riktigt trevlig helg och ett fint F\u00f6rsta Adventsfirande!<\/p>\n<p>Med v\u00e4nlig h\u00e4lsning<br \/>\nPer Larsson<br \/>\nOppositionsr\u00e5d och gruppledare<br \/>\nKristdemokraterna i Region \u00d6sterg\u00f6tland<br \/>\ntfn 010-103 72 84 (arb)<br \/>\ntfn 0702-88 21 34 (mobil)<br \/>\nper.larsson@regionostergotland.se<\/p>\n<p>&nbsp;<\/p>\n","protected":false},"excerpt":{"rendered":"<p>Hej! Under h\u00f6sten har det varit m\u00e5nga intensiva och inneh\u00e5llsrika arbetsveckor, och den g\u00e5ngna veckan \u00e4r inget undantag! Tv\u00e4rtom kan den s\u00e4kert kvala in som en av de intensivare\u2026 Men, v\u00e4ldigt mycket roligt har h\u00e4nt och skett. N\u00e5gra nedslag i alla veckans aktiviteter ska jag f\u00f6rs\u00f6ka g\u00f6ra i veckans nyhetsbrev. Trevlig l\u00e4sning!<\/p>\n","protected":false},"author":737,"featured_media":0,"comment_status":"closed","ping_status":"closed","sticky":false,"template":"","format":"standard","meta":{"_acf_changed":false,"footnotes":""},"categories":[1],"tags":[],"class_list":["post-2018","post","type-post","status-publish","format-standard","hentry","category-nyheter"],"acf":[],"yoast_head":"<!-- This site is optimized with the Yoast SEO plugin v27.5 - https:\/\/yoast.com\/product\/yoast-seo-wordpress\/ -->\n<title>Nyhetsbrev vecka 47 - i Region \u00d6sterg\u00f6tland<\/title>\n<meta name=\"robots\" content=\"index, follow, max-snippet:-1, max-image-preview:large, max-video-preview:-1\" \/>\n<link rel=\"canonical\" href=\"https:\/\/wp.kristdemokraterna.se\/regionostergotland\/nyhetsbrev-vecka-47-6\/\" \/>\n<meta property=\"og:locale\" content=\"sv_SE\" \/>\n<meta property=\"og:type\" content=\"article\" \/>\n<meta property=\"og:title\" content=\"Nyhetsbrev vecka 47 - i Region \u00d6sterg\u00f6tland\" \/>\n<meta property=\"og:description\" content=\"Hej! Under h\u00f6sten har det varit m\u00e5nga intensiva och inneh\u00e5llsrika arbetsveckor, och den g\u00e5ngna veckan \u00e4r inget undantag! Tv\u00e4rtom kan den s\u00e4kert kvala in som en av de intensivare\u2026 Men, v\u00e4ldigt mycket roligt har h\u00e4nt och skett. N\u00e5gra nedslag i alla veckans aktiviteter ska jag f\u00f6rs\u00f6ka g\u00f6ra i veckans nyhetsbrev. Trevlig l\u00e4sning!\" \/>\n<meta property=\"og:url\" content=\"https:\/\/wp.kristdemokraterna.se\/regionostergotland\/nyhetsbrev-vecka-47-6\/\" \/>\n<meta property=\"og:site_name\" content=\"i Region \u00d6sterg\u00f6tland\" \/>\n<meta property=\"article:published_time\" content=\"2022-11-25T15:26:01+00:00\" \/>\n<meta property=\"og:image\" content=\"http:\/\/wp.kristdemokraterna.se\/regionostergotland\/files\/2022\/11\/bild-nyhetsbrev-2022-vecka-47-1024x533.jpg\" \/>\n\t<meta property=\"og:image:width\" content=\"1024\" \/>\n\t<meta property=\"og:image:height\" content=\"533\" \/>\n\t<meta property=\"og:image:type\" content=\"image\/jpeg\" \/>\n<meta name=\"author\" content=\"regionostergotland\" \/>\n<meta name=\"twitter:card\" content=\"summary_large_image\" \/>\n<meta name=\"twitter:label1\" content=\"Skriven av\" \/>\n\t<meta name=\"twitter:data1\" content=\"regionostergotland\" \/>\n\t<meta name=\"twitter:label2\" content=\"Ber\u00e4knad l\u00e4stid\" \/>\n\t<meta name=\"twitter:data2\" content=\"5 minuter\" \/>\n<script type=\"application\/ld+json\" class=\"yoast-schema-graph\">{\"@context\":\"https:\\\/\\\/schema.org\",\"@graph\":[{\"@type\":\"Article\",\"@id\":\"https:\\\/\\\/wp.kristdemokraterna.se\\\/regionostergotland\\\/nyhetsbrev-vecka-47-6\\\/#article\",\"isPartOf\":{\"@id\":\"https:\\\/\\\/wp.kristdemokraterna.se\\\/regionostergotland\\\/nyhetsbrev-vecka-47-6\\\/\"},\"author\":{\"name\":\"regionostergotland\",\"@id\":\"https:\\\/\\\/wp.kristdemokraterna.se\\\/regionostergotland\\\/#\\\/schema\\\/person\\\/74c3c4f502fcc489722a7be0dfe0088c\"},\"headline\":\"Nyhetsbrev vecka 47\",\"datePublished\":\"2022-11-25T15:26:01+00:00\",\"mainEntityOfPage\":{\"@id\":\"https:\\\/\\\/wp.kristdemokraterna.se\\\/regionostergotland\\\/nyhetsbrev-vecka-47-6\\\/\"},\"wordCount\":1234,\"articleSection\":[\"Nyheter\"],\"inLanguage\":\"sv-SE\"},{\"@type\":\"WebPage\",\"@id\":\"https:\\\/\\\/wp.kristdemokraterna.se\\\/regionostergotland\\\/nyhetsbrev-vecka-47-6\\\/\",\"url\":\"https:\\\/\\\/wp.kristdemokraterna.se\\\/regionostergotland\\\/nyhetsbrev-vecka-47-6\\\/\",\"name\":\"Nyhetsbrev vecka 47 - i Region \u00d6sterg\u00f6tland\",\"isPartOf\":{\"@id\":\"https:\\\/\\\/wp.kristdemokraterna.se\\\/regionostergotland\\\/#website\"},\"datePublished\":\"2022-11-25T15:26:01+00:00\",\"author\":{\"@id\":\"https:\\\/\\\/wp.kristdemokraterna.se\\\/regionostergotland\\\/#\\\/schema\\\/person\\\/74c3c4f502fcc489722a7be0dfe0088c\"},\"breadcrumb\":{\"@id\":\"https:\\\/\\\/wp.kristdemokraterna.se\\\/regionostergotland\\\/nyhetsbrev-vecka-47-6\\\/#breadcrumb\"},\"inLanguage\":\"sv-SE\",\"potentialAction\":[{\"@type\":\"ReadAction\",\"target\":[\"https:\\\/\\\/wp.kristdemokraterna.se\\\/regionostergotland\\\/nyhetsbrev-vecka-47-6\\\/\"]}]},{\"@type\":\"BreadcrumbList\",\"@id\":\"https:\\\/\\\/wp.kristdemokraterna.se\\\/regionostergotland\\\/nyhetsbrev-vecka-47-6\\\/#breadcrumb\",\"itemListElement\":[{\"@type\":\"ListItem\",\"position\":1,\"name\":\"Hem\",\"item\":\"https:\\\/\\\/wp.kristdemokraterna.se\\\/regionostergotland\\\/\"},{\"@type\":\"ListItem\",\"position\":2,\"name\":\"Nyhetsbrev vecka 47\"}]},{\"@type\":\"WebSite\",\"@id\":\"https:\\\/\\\/wp.kristdemokraterna.se\\\/regionostergotland\\\/#website\",\"url\":\"https:\\\/\\\/wp.kristdemokraterna.se\\\/regionostergotland\\\/\",\"name\":\"i Region \u00d6sterg\u00f6tland\",\"description\":\"\",\"inLanguage\":\"sv-SE\"},{\"@type\":\"Person\",\"@id\":\"https:\\\/\\\/wp.kristdemokraterna.se\\\/regionostergotland\\\/#\\\/schema\\\/person\\\/74c3c4f502fcc489722a7be0dfe0088c\",\"name\":\"regionostergotland\",\"image\":{\"@type\":\"ImageObject\",\"inLanguage\":\"sv-SE\",\"@id\":\"https:\\\/\\\/secure.gravatar.com\\\/avatar\\\/8fb8f0a216e627554da57506bfaf78d677f45512f24f703e185ec701423b1e92?s=96&d=mm&r=g\",\"url\":\"https:\\\/\\\/secure.gravatar.com\\\/avatar\\\/8fb8f0a216e627554da57506bfaf78d677f45512f24f703e185ec701423b1e92?s=96&d=mm&r=g\",\"contentUrl\":\"https:\\\/\\\/secure.gravatar.com\\\/avatar\\\/8fb8f0a216e627554da57506bfaf78d677f45512f24f703e185ec701423b1e92?s=96&d=mm&r=g\",\"caption\":\"regionostergotland\"},\"url\":\"https:\\\/\\\/wp.kristdemokraterna.se\\\/regionostergotland\\\/author\\\/regionostergotland\\\/\"}]}<\/script>\n<!-- \/ Yoast SEO plugin. -->","yoast_head_json":{"title":"Nyhetsbrev vecka 47 - i Region \u00d6sterg\u00f6tland","robots":{"index":"index","follow":"follow","max-snippet":"max-snippet:-1","max-image-preview":"max-image-preview:large","max-video-preview":"max-video-preview:-1"},"canonical":"https:\/\/wp.kristdemokraterna.se\/regionostergotland\/nyhetsbrev-vecka-47-6\/","og_locale":"sv_SE","og_type":"article","og_title":"Nyhetsbrev vecka 47 - i Region \u00d6sterg\u00f6tland","og_description":"Hej! Under h\u00f6sten har det varit m\u00e5nga intensiva och inneh\u00e5llsrika arbetsveckor, och den g\u00e5ngna veckan \u00e4r inget undantag! Tv\u00e4rtom kan den s\u00e4kert kvala in som en av de intensivare\u2026 Men, v\u00e4ldigt mycket roligt har h\u00e4nt och skett. N\u00e5gra nedslag i alla veckans aktiviteter ska jag f\u00f6rs\u00f6ka g\u00f6ra i veckans nyhetsbrev. Trevlig l\u00e4sning!","og_url":"https:\/\/wp.kristdemokraterna.se\/regionostergotland\/nyhetsbrev-vecka-47-6\/","og_site_name":"i Region \u00d6sterg\u00f6tland","article_published_time":"2022-11-25T15:26:01+00:00","og_image":[{"width":1024,"height":533,"url":"http:\/\/wp.kristdemokraterna.se\/regionostergotland\/files\/2022\/11\/bild-nyhetsbrev-2022-vecka-47-1024x533.jpg","type":"image\/jpeg"}],"author":"regionostergotland","twitter_card":"summary_large_image","twitter_misc":{"Skriven av":"regionostergotland","Ber\u00e4knad l\u00e4stid":"5 minuter"},"schema":{"@context":"https:\/\/schema.org","@graph":[{"@type":"Article","@id":"https:\/\/wp.kristdemokraterna.se\/regionostergotland\/nyhetsbrev-vecka-47-6\/#article","isPartOf":{"@id":"https:\/\/wp.kristdemokraterna.se\/regionostergotland\/nyhetsbrev-vecka-47-6\/"},"author":{"name":"regionostergotland","@id":"https:\/\/wp.kristdemokraterna.se\/regionostergotland\/#\/schema\/person\/74c3c4f502fcc489722a7be0dfe0088c"},"headline":"Nyhetsbrev vecka 47","datePublished":"2022-11-25T15:26:01+00:00","mainEntityOfPage":{"@id":"https:\/\/wp.kristdemokraterna.se\/regionostergotland\/nyhetsbrev-vecka-47-6\/"},"wordCount":1234,"articleSection":["Nyheter"],"inLanguage":"sv-SE"},{"@type":"WebPage","@id":"https:\/\/wp.kristdemokraterna.se\/regionostergotland\/nyhetsbrev-vecka-47-6\/","url":"https:\/\/wp.kristdemokraterna.se\/regionostergotland\/nyhetsbrev-vecka-47-6\/","name":"Nyhetsbrev vecka 47 - i Region \u00d6sterg\u00f6tland","isPartOf":{"@id":"https:\/\/wp.kristdemokraterna.se\/regionostergotland\/#website"},"datePublished":"2022-11-25T15:26:01+00:00","author":{"@id":"https:\/\/wp.kristdemokraterna.se\/regionostergotland\/#\/schema\/person\/74c3c4f502fcc489722a7be0dfe0088c"},"breadcrumb":{"@id":"https:\/\/wp.kristdemokraterna.se\/regionostergotland\/nyhetsbrev-vecka-47-6\/#breadcrumb"},"inLanguage":"sv-SE","potentialAction":[{"@type":"ReadAction","target":["https:\/\/wp.kristdemokraterna.se\/regionostergotland\/nyhetsbrev-vecka-47-6\/"]}]},{"@type":"BreadcrumbList","@id":"https:\/\/wp.kristdemokraterna.se\/regionostergotland\/nyhetsbrev-vecka-47-6\/#breadcrumb","itemListElement":[{"@type":"ListItem","position":1,"name":"Hem","item":"https:\/\/wp.kristdemokraterna.se\/regionostergotland\/"},{"@type":"ListItem","position":2,"name":"Nyhetsbrev vecka 47"}]},{"@type":"WebSite","@id":"https:\/\/wp.kristdemokraterna.se\/regionostergotland\/#website","url":"https:\/\/wp.kristdemokraterna.se\/regionostergotland\/","name":"i Region \u00d6sterg\u00f6tland","description":"","inLanguage":"sv-SE"},{"@type":"Person","@id":"https:\/\/wp.kristdemokraterna.se\/regionostergotland\/#\/schema\/person\/74c3c4f502fcc489722a7be0dfe0088c","name":"regionostergotland","image":{"@type":"ImageObject","inLanguage":"sv-SE","@id":"https:\/\/secure.gravatar.com\/avatar\/8fb8f0a216e627554da57506bfaf78d677f45512f24f703e185ec701423b1e92?s=96&d=mm&r=g","url":"https:\/\/secure.gravatar.com\/avatar\/8fb8f0a216e627554da57506bfaf78d677f45512f24f703e185ec701423b1e92?s=96&d=mm&r=g","contentUrl":"https:\/\/secure.gravatar.com\/avatar\/8fb8f0a216e627554da57506bfaf78d677f45512f24f703e185ec701423b1e92?s=96&d=mm&r=g","caption":"regionostergotland"},"url":"https:\/\/wp.kristdemokraterna.se\/regionostergotland\/author\/regionostergotland\/"}]}},"_links":{"self":[{"href":"https:\/\/wp.kristdemokraterna.se\/regionostergotland\/wp-json\/wp\/v2\/posts\/2018","targetHints":{"allow":["GET"]}}],"collection":[{"href":"https:\/\/wp.kristdemokraterna.se\/regionostergotland\/wp-json\/wp\/v2\/posts"}],"about":[{"href":"https:\/\/wp.kristdemokraterna.se\/regionostergotland\/wp-json\/wp\/v2\/types\/post"}],"author":[{"embeddable":true,"href":"https:\/\/wp.kristdemokraterna.se\/regionostergotland\/wp-json\/wp\/v2\/users\/737"}],"replies":[{"embeddable":true,"href":"https:\/\/wp.kristdemokraterna.se\/regionostergotland\/wp-json\/wp\/v2\/comments?post=2018"}],"version-history":[{"count":1,"href":"https:\/\/wp.kristdemokraterna.se\/regionostergotland\/wp-json\/wp\/v2\/posts\/2018\/revisions"}],"predecessor-version":[{"id":2020,"href":"https:\/\/wp.kristdemokraterna.se\/regionostergotland\/wp-json\/wp\/v2\/posts\/2018\/revisions\/2020"}],"wp:attachment":[{"href":"https:\/\/wp.kristdemokraterna.se\/regionostergotland\/wp-json\/wp\/v2\/media?parent=2018"}],"wp:term":[{"taxonomy":"category","embeddable":true,"href":"https:\/\/wp.kristdemokraterna.se\/regionostergotland\/wp-json\/wp\/v2\/categories?post=2018"},{"taxonomy":"post_tag","embeddable":true,"href":"https:\/\/wp.kristdemokraterna.se\/regionostergotland\/wp-json\/wp\/v2\/tags?post=2018"}],"curies":[{"name":"wp","href":"https:\/\/api.w.org\/{rel}","templated":true}]}}