{"id":2021,"date":"2022-12-02T16:16:18","date_gmt":"2022-12-02T15:16:18","guid":{"rendered":"https:\/\/wp.kristdemokraterna.se\/regionostergotland\/?p=2021"},"modified":"2022-12-02T16:16:18","modified_gmt":"2022-12-02T15:16:18","slug":"nyhetsbrev-vecka-48-6","status":"publish","type":"post","link":"https:\/\/wp.kristdemokraterna.se\/regionostergotland\/nyhetsbrev-vecka-48-6\/","title":{"rendered":"Nyhetsbrev vecka 48"},"content":{"rendered":"<p>Hej!<\/p>\n<p>Vi \u00e4r inne i december m\u00e5nad och inte bara \u00e5ret utan ocks\u00e5 mandatperioden n\u00e4rmar sig sitt slut. Det \u00e4r flera m\u00f6ten som \u00e4r &#8217;mandatperiodens sista&#8217; och det \u00e4r julavslutningar med avtackning av f\u00f6rtroendevalda som inte forts\u00e4tter n\u00e4sta mandatperiod. Det \u00e4r alltid speciella tider, men s\u00e4rskilt \u00e4r det f\u00f6rst\u00e5s f\u00f6r oss som efter \u00e5rsskiftet, d\u00e5 den nya mandatperioden \u00e4r i g\u00e5ng p\u00e5 allvar, f\u00e5r g\u00e5 fr\u00e5n opposition till att vara med och styra. Det \u00e4r mycket uppladdning och f\u00f6rberedelser f\u00f6r det just nu, samtidigt som avslutningen av den gamla mandatperioden p\u00e5g\u00e5r. N\u00e5gra nedslag i det som h\u00e4nt och skett i veckan kommer h\u00e4r i veckans nyhetsbrev. Trevlig l\u00e4sning!<!--more--><\/p>\n<p><strong>M\u00e5ndagsm\u00f6te med fokus p\u00e5 \u00e5rsplaner<\/strong><br \/>\nN\u00e4r regionfullm\u00e4ktige i f\u00f6rra veckan beslutade om ny Tre\u00e5rsbudget 2023-2025, blev det helt klart vilka uppdrag fullm\u00e4ktige har gett till n\u00e4mnderna f\u00f6r n\u00e4sta \u00e5r, och d\u00e4rmed kan n\u00e4mndernas \u00e5rsplaner f\u00e4rdigst\u00e4llas. Arbetet har redan p\u00e5g\u00e5tt ett tag, utifr\u00e5n den f\u00f6reslagna tre\u00e5rsbudgeten, men nu vet vi s\u00e4kert hur uppdragen blev. D\u00e4rf\u00f6r \u00e4gnades veckans m\u00e5ndagsm\u00f6te en del till att st\u00e4mma av och \u00e5terkoppla l\u00e4get f\u00f6r framtagandet av de olika \u00e5rsplanerna. M\u00f6tet g\u00e4stades ocks\u00e5 som vanligt av regiondirekt\u00f6r Krister Bj\u00f6rkegren, som informerade om flera aktuella \u00e4renden inom regionens olika ansvarsomr\u00e5den.<\/p>\n<p><strong>KD-gruppledare i m\u00f6te med sjukv\u00e5rdsminister Acko Ankarberg Johansson<\/strong><br \/>\nI tisdags morse var Kristdemokraternas gruppledare i landets alla regioner, inbjudna till ett digitalt m\u00f6te med sjukv\u00e5rdsminister Acko Ankarberg Johansson. Vi fick b\u00e5de information direkt fr\u00e5n ministern om aktuella fr\u00e5gor fr\u00e5n departementet, och hann med en runda bland regiongruppledarna om hur det ser ut med styren, politiska konstellationer och kristdemokratiska ansvarsomr\u00e5den runt om i regionerna. Tanken \u00e4r att m\u00f6tena mellan ministern och gruppledarna ska ske regelbundet fram\u00e5t.<\/p>\n<p><strong>Energifr\u00e5gor och regionens skolor i fokus p\u00e5 presidiem\u00f6te<\/strong><br \/>\nTisdagsf\u00f6rmiddagen inneh\u00f6ll ocks\u00e5 mandatperiodens sista presidiem\u00f6te med regionutvecklingsn\u00e4mndens presidium. Presidiem\u00f6tet g\u00e4stades av Erik Gottborn, strateg p\u00e5 enheten f\u00f6r samh\u00e4llsplanering, som redogjorde f\u00f6r projektet ELsmarta \u00d6sterg\u00f6tland, som knyter an till tre av regionens fem styrkeomr\u00e5den, och har finansiering fr\u00e5n EU:s \u00e5terh\u00e4mtningsfond React. Syftet \u00e4r att st\u00e4rka samverkan och samarbete mellan olika akt\u00f6rer i regionen kring energifr\u00e5gor. Presidiem\u00f6tet fick ocks\u00e5 en genomg\u00e5ng \u00f6ver hur vi b\u00e4ttre kan presentera hur mycket extern finansiering Region \u00d6sterg\u00f6tland f\u00e5r inom regional utveckling, fr\u00e5n t.ex. EU:s strukturfonder och statliga Vinnova, som \u00e4r medel som \u00e4r ut\u00f6ver n\u00e4mndens egen budget. Detta presidiem\u00f6te var ocks\u00e5 ett s\u00e5dant d\u00e4r vi st\u00e4mmer av l\u00e4get med skolledningarna p\u00e5 regionens skolor, dels Lunnevads folkh\u00f6gskola och dels Naturbruksgymnasiet i \u00d6sterg\u00f6tland. Ingela Appelsved, som numera \u00e4r skolchef f\u00e5r b\u00e5da skolformerna, och Wolfgang Johansson, som varit tillf\u00f6rordnad rektor p\u00e5 Lunnevad under h\u00f6sten, deltog i den m\u00f6tesdelen.<\/p>\n<p><strong>Regionen och l\u00e4nsstyrelsen i m\u00f6te med n\u00e4ringslivsorganisationer<\/strong><br \/>\nP\u00e5 tisdagseftermiddagen var det dags igen f\u00f6r m\u00f6te mellan Region \u00d6sterg\u00f6tland, L\u00e4nsstyrelsen och \u00f6stg\u00f6tska n\u00e4ringslivsorganisationer. Denna g\u00e5ng deltog \u00d6stsvenska handelskammaren, Almi och LRF. V\u00e4rd f\u00f6r m\u00f6tet, som h\u00f6lls p\u00e5 Link\u00f6pings slott, var landsh\u00f6vding Carl Fredrik Graf och fr\u00e5n L\u00e4nsstyrelsen deltog ocks\u00e5 praktikant Ninos Simsek. Fr\u00e5n Region \u00d6sterg\u00f6tland deltog Eva Andersson och jag fr\u00e5n regionutvecklingsn\u00e4mndens presidium och Malin Thunborg, chef f\u00f6r enheten f\u00f6r tillv\u00e4xt. Bland de fr\u00e5gor som st\u00e4mdes av var bl.a. l\u00e5gkonjunktur, el- och energipriser och krisberedskap.<\/p>\n<p><strong>Julavslutning med Kristdemokraternas regiongrupp<\/strong><br \/>\nTisdag kv\u00e4ll h\u00f6lls mandatperiodens sista gruppm\u00f6te med Kristdemokraternas regiongrupp. Ut\u00f6ver n\u00e5gra korta informationer om aktuella fr\u00e5gor, bestod huvuddelen av m\u00f6tet av julavslutning och avtackning av ledam\u00f6ter som l\u00e4mnar regiongruppen i samband med \u00e5rsskiftet. Tommy Sennehed, som varit med i mer \u00e4n 30 \u00e5r avtackades, Stefan Red\u00e9en som varit med sedan valet 2010, och Annelie Noort och Lars Rox\u00e5, som gjort goda insatser i RUN respektive TSN under slutet av denna mandatperiod. \u00c5terigen stort tack till er alla fyra f\u00f6r era insatser och s\u00e4rskilt lycka till Annelie och Lars som forts\u00e4tter med tunga kommunpolitiska uppdrag n\u00e4sta mandatperiod!<\/p>\n<p><strong>Mandatperiodens sista sammantr\u00e4de med Regionutvecklingsn\u00e4mnden<\/strong><br \/>\nI onsdags genomf\u00f6rdes mandatperiodens sista sammantr\u00e4de med Regionutvecklingsn\u00e4mnden. Efter ett par lite kortare n\u00e4mndsammantr\u00e4den under h\u00f6sten, hade vi denna g\u00e5ng en diger \u00e4rendelista f\u00f6r ett heldagsm\u00f6te. Ut\u00f6ver informations- och besluts\u00e4renden, gavs n\u00e4mndledam\u00f6terna m\u00f6jlighet att reflektera \u00f6ver relevanta medskick till n\u00e4sta mandatperiods nya n\u00e4mnd. Dessutom tackades de n\u00e4mndledam\u00f6ter och ers\u00e4ttare som helt l\u00e4mnar regionpolitiken i samband med mandatperiodsskiftet, och vi tackade varandra f\u00f6r gott samarbete under mandatperioden.<\/p>\n<p><strong>Studiebes\u00f6k hos barn- och ungdomsh\u00e4lsan i Norrk\u00f6ping<\/strong><br \/>\nI g\u00e5r torsdag gjorde vi fr\u00e5n \u00d6stg\u00f6tasamverkan; Kristdemokraterna, Moderaterna och Liberalerna, ett antal studiebes\u00f6k och hade ett par m\u00f6ten i Norrk\u00f6ping. F\u00f6rst ut var ett bes\u00f6k p\u00e5 barn- och ungdomsh\u00e4lsan som \u00e4r lokaliserad till Cityh\u00e4lsan S\u00f6der (Hageby v\u00e5rdcentral), d\u00e4r vi tr\u00e4ffade Malin Creutz, som \u00e4r verksamhetschef f\u00f6r alla barn- och ungdomsh\u00e4lsor i regionen, Ingela Bj\u00f6rklund, verksamhetschef f\u00f6r BUP i \u00d6stra \u00d6sterg\u00f6tland och Kristin Ljungemyr, bitr\u00e4dande verksamhetschef f\u00f6r BUP Link\u00f6ping. Bra information och viktiga samtal om hur tillg\u00e4ngligheten p\u00e5 olika s\u00e4tt kan st\u00e4rkas.<\/p>\n<p><strong>Lunchm\u00f6te med l\u00e4karstudenter och l\u00e4rare p\u00e5 Vrinnevisjukhuset<\/strong><br \/>\nDagen gick vidare med ett intressant lunchm\u00f6te p\u00e5 Vrinnevisjukhuset d\u00e4r vi tr\u00e4ffade tre l\u00e4karstudenter och tv\u00e5 l\u00e4rare p\u00e5 l\u00e4karprogrammet vid Link\u00f6pings Universitet. Sedan n\u00e5gra \u00e5r tillbaka har l\u00e4karprogrammet fyra huvudorter, ut\u00f6ver Link\u00f6ping bedriver Link\u00f6pings Universitet utbildning under de senare terminerna \u00e4ven i J\u00f6nk\u00f6ping, Kalmar och Norrk\u00f6ping. Nu fick vi m\u00f6jlighet att h\u00f6ra mer om hur studenterna och l\u00e4rarna upplevt de f\u00f6rsta \u00e5ren med det uppl\u00e4gget, och f\u00e5 viktiga medskick f\u00f6r framtida samarbete mellan universitetet och regionen.<\/p>\n<p><strong>Studiebes\u00f6k p\u00e5 Barnkliniken p\u00e5 Vrinnevisjukhuset i Norrk\u00f6ping<\/strong><br \/>\nEfter lunch v\u00e4ntade ytterligare ett intressant studiebes\u00f6k. Denna g\u00e5ng p\u00e5 Barnkliniken p\u00e5 Vrinnevisjukhuset, d\u00e4r vi ut\u00f6ver ett bra samtal med ledningen f\u00f6r kliniken, fick en rundvandring p\u00e5 bl.a. neonatalavdelningen, barnsm\u00e4rtenheten och barnakuten. Fin verksamhet och i delvis nya och \u00e4ndam\u00e5lsenliga lokaler!<\/p>\n<p><strong>M\u00f6te med medicinkliniken p\u00e5 Vrinnevisjukhuset i Norrk\u00f6ping<\/strong><br \/>\nDagen i Norrk\u00f6ping avslutades med ett m\u00f6te med ledningen f\u00f6r Medicinkliniken p\u00e5 Vrinnevisjukhuset i Norrk\u00f6ping. Det \u00e4r dessv\u00e4rre ett mycket besv\u00e4rligt l\u00e4ge f\u00f6r kliniken, fr\u00e4mst beroende p\u00e5 stor brist p\u00e5 sjuksk\u00f6terskor. Antalet bemannade v\u00e5rdplatser som kan h\u00e5llas ig\u00e5ng, \u00e4r d\u00e4rf\u00f6r betydligt f\u00e4rre \u00e4n vad som skulle beh\u00f6vas. Det st\u00e5r helt klart att stora insatser beh\u00f6vs f\u00f6r att fortsatt klara v\u00e5rden p\u00e5 denna och flera andra kliniker inom den \u00f6stg\u00f6tska v\u00e5rden. F\u00f6r att \u00f6ka attraktiviteten i att arbeta i dygnet-runt-verksamhet som sjuksk\u00f6terska l\u00e4gger \u00d6stg\u00f6tasamverkan till n\u00e4sta veckas regionstyrelsesammantr\u00e4de fram det i budgeten aviserade f\u00f6rslaget om h\u00f6jt OB-till\u00e4gg. Det \u00e4r ett f\u00f6rsta steg, men fler beh\u00f6vs fram\u00e5t!<\/p>\n<p>Nu v\u00e4ntar andra adventshelgen och jag hoppas att ni alla f\u00e5r en riktigt trevlig s\u00e5dan!<\/p>\n<p>Med v\u00e4nlig h\u00e4lsning<br \/>\nPer Larsson<br \/>\nOppositionsr\u00e5d och gruppledare<br \/>\nKristdemokraterna i Region \u00d6sterg\u00f6tland<br \/>\ntfn 010-103 72 84 (arb)<br \/>\ntfn 0702-88 21 34 (mobil)<br \/>\nper.larsson@regionostergotland.se<\/p>\n<p>&nbsp;<\/p>\n","protected":false},"excerpt":{"rendered":"<p>Hej! Vi \u00e4r inne i december m\u00e5nad och inte bara \u00e5ret utan ocks\u00e5 mandatperioden n\u00e4rmar sig sitt slut. Det \u00e4r flera m\u00f6ten som \u00e4r &#8217;mandatperiodens sista&#8217; och det \u00e4r julavslutningar med avtackning av f\u00f6rtroendevalda som inte forts\u00e4tter n\u00e4sta mandatperiod. Det \u00e4r alltid speciella tider, men s\u00e4rskilt \u00e4r det f\u00f6rst\u00e5s f\u00f6r oss som efter \u00e5rsskiftet, d\u00e5 <a class=\"read-more-link\" href=\"https:\/\/wp.kristdemokraterna.se\/regionostergotland\/nyhetsbrev-vecka-48-6\/\">Read More<\/a><\/p>\n","protected":false},"author":737,"featured_media":0,"comment_status":"closed","ping_status":"closed","sticky":false,"template":"","format":"standard","meta":{"_acf_changed":false,"footnotes":""},"categories":[1],"tags":[],"class_list":["post-2021","post","type-post","status-publish","format-standard","hentry","category-nyheter"],"acf":[],"yoast_head":"<!-- This site is optimized with the Yoast SEO plugin v27.5 - https:\/\/yoast.com\/product\/yoast-seo-wordpress\/ -->\n<title>Nyhetsbrev vecka 48 - i Region \u00d6sterg\u00f6tland<\/title>\n<meta name=\"robots\" content=\"index, follow, max-snippet:-1, max-image-preview:large, max-video-preview:-1\" \/>\n<link rel=\"canonical\" href=\"https:\/\/wp.kristdemokraterna.se\/regionostergotland\/nyhetsbrev-vecka-48-6\/\" \/>\n<meta property=\"og:locale\" content=\"sv_SE\" \/>\n<meta property=\"og:type\" content=\"article\" \/>\n<meta property=\"og:title\" content=\"Nyhetsbrev vecka 48 - i Region \u00d6sterg\u00f6tland\" \/>\n<meta property=\"og:description\" content=\"Hej! Vi \u00e4r inne i december m\u00e5nad och inte bara \u00e5ret utan ocks\u00e5 mandatperioden n\u00e4rmar sig sitt slut. Det \u00e4r flera m\u00f6ten som \u00e4r &#8217;mandatperiodens sista&#8217; och det \u00e4r julavslutningar med avtackning av f\u00f6rtroendevalda som inte forts\u00e4tter n\u00e4sta mandatperiod. Det \u00e4r alltid speciella tider, men s\u00e4rskilt \u00e4r det f\u00f6rst\u00e5s f\u00f6r oss som efter \u00e5rsskiftet, d\u00e5 Read More\" \/>\n<meta property=\"og:url\" content=\"https:\/\/wp.kristdemokraterna.se\/regionostergotland\/nyhetsbrev-vecka-48-6\/\" \/>\n<meta property=\"og:site_name\" content=\"i Region \u00d6sterg\u00f6tland\" \/>\n<meta property=\"article:published_time\" content=\"2022-12-02T15:16:18+00:00\" \/>\n<meta property=\"og:image\" content=\"http:\/\/wp.kristdemokraterna.se\/regionostergotland\/files\/2022\/12\/bild-nyhetsbrev-2022-vecka-48-1024x533.jpg\" \/>\n\t<meta property=\"og:image:width\" content=\"1024\" \/>\n\t<meta property=\"og:image:height\" content=\"533\" \/>\n\t<meta property=\"og:image:type\" content=\"image\/jpeg\" \/>\n<meta name=\"author\" content=\"regionostergotland\" \/>\n<meta name=\"twitter:card\" content=\"summary_large_image\" \/>\n<meta name=\"twitter:label1\" content=\"Skriven av\" \/>\n\t<meta name=\"twitter:data1\" content=\"regionostergotland\" \/>\n\t<meta name=\"twitter:label2\" content=\"Ber\u00e4knad l\u00e4stid\" \/>\n\t<meta name=\"twitter:data2\" content=\"6 minuter\" \/>\n<script type=\"application\/ld+json\" class=\"yoast-schema-graph\">{\"@context\":\"https:\\\/\\\/schema.org\",\"@graph\":[{\"@type\":\"Article\",\"@id\":\"https:\\\/\\\/wp.kristdemokraterna.se\\\/regionostergotland\\\/nyhetsbrev-vecka-48-6\\\/#article\",\"isPartOf\":{\"@id\":\"https:\\\/\\\/wp.kristdemokraterna.se\\\/regionostergotland\\\/nyhetsbrev-vecka-48-6\\\/\"},\"author\":{\"name\":\"regionostergotland\",\"@id\":\"https:\\\/\\\/wp.kristdemokraterna.se\\\/regionostergotland\\\/#\\\/schema\\\/person\\\/74c3c4f502fcc489722a7be0dfe0088c\"},\"headline\":\"Nyhetsbrev vecka 48\",\"datePublished\":\"2022-12-02T15:16:18+00:00\",\"mainEntityOfPage\":{\"@id\":\"https:\\\/\\\/wp.kristdemokraterna.se\\\/regionostergotland\\\/nyhetsbrev-vecka-48-6\\\/\"},\"wordCount\":1325,\"articleSection\":[\"Nyheter\"],\"inLanguage\":\"sv-SE\"},{\"@type\":\"WebPage\",\"@id\":\"https:\\\/\\\/wp.kristdemokraterna.se\\\/regionostergotland\\\/nyhetsbrev-vecka-48-6\\\/\",\"url\":\"https:\\\/\\\/wp.kristdemokraterna.se\\\/regionostergotland\\\/nyhetsbrev-vecka-48-6\\\/\",\"name\":\"Nyhetsbrev vecka 48 - i Region \u00d6sterg\u00f6tland\",\"isPartOf\":{\"@id\":\"https:\\\/\\\/wp.kristdemokraterna.se\\\/regionostergotland\\\/#website\"},\"datePublished\":\"2022-12-02T15:16:18+00:00\",\"author\":{\"@id\":\"https:\\\/\\\/wp.kristdemokraterna.se\\\/regionostergotland\\\/#\\\/schema\\\/person\\\/74c3c4f502fcc489722a7be0dfe0088c\"},\"breadcrumb\":{\"@id\":\"https:\\\/\\\/wp.kristdemokraterna.se\\\/regionostergotland\\\/nyhetsbrev-vecka-48-6\\\/#breadcrumb\"},\"inLanguage\":\"sv-SE\",\"potentialAction\":[{\"@type\":\"ReadAction\",\"target\":[\"https:\\\/\\\/wp.kristdemokraterna.se\\\/regionostergotland\\\/nyhetsbrev-vecka-48-6\\\/\"]}]},{\"@type\":\"BreadcrumbList\",\"@id\":\"https:\\\/\\\/wp.kristdemokraterna.se\\\/regionostergotland\\\/nyhetsbrev-vecka-48-6\\\/#breadcrumb\",\"itemListElement\":[{\"@type\":\"ListItem\",\"position\":1,\"name\":\"Hem\",\"item\":\"https:\\\/\\\/wp.kristdemokraterna.se\\\/regionostergotland\\\/\"},{\"@type\":\"ListItem\",\"position\":2,\"name\":\"Nyhetsbrev vecka 48\"}]},{\"@type\":\"WebSite\",\"@id\":\"https:\\\/\\\/wp.kristdemokraterna.se\\\/regionostergotland\\\/#website\",\"url\":\"https:\\\/\\\/wp.kristdemokraterna.se\\\/regionostergotland\\\/\",\"name\":\"i Region \u00d6sterg\u00f6tland\",\"description\":\"\",\"inLanguage\":\"sv-SE\"},{\"@type\":\"Person\",\"@id\":\"https:\\\/\\\/wp.kristdemokraterna.se\\\/regionostergotland\\\/#\\\/schema\\\/person\\\/74c3c4f502fcc489722a7be0dfe0088c\",\"name\":\"regionostergotland\",\"image\":{\"@type\":\"ImageObject\",\"inLanguage\":\"sv-SE\",\"@id\":\"https:\\\/\\\/secure.gravatar.com\\\/avatar\\\/8fb8f0a216e627554da57506bfaf78d677f45512f24f703e185ec701423b1e92?s=96&d=mm&r=g\",\"url\":\"https:\\\/\\\/secure.gravatar.com\\\/avatar\\\/8fb8f0a216e627554da57506bfaf78d677f45512f24f703e185ec701423b1e92?s=96&d=mm&r=g\",\"contentUrl\":\"https:\\\/\\\/secure.gravatar.com\\\/avatar\\\/8fb8f0a216e627554da57506bfaf78d677f45512f24f703e185ec701423b1e92?s=96&d=mm&r=g\",\"caption\":\"regionostergotland\"},\"url\":\"https:\\\/\\\/wp.kristdemokraterna.se\\\/regionostergotland\\\/author\\\/regionostergotland\\\/\"}]}<\/script>\n<!-- \/ Yoast SEO plugin. -->","yoast_head_json":{"title":"Nyhetsbrev vecka 48 - i Region \u00d6sterg\u00f6tland","robots":{"index":"index","follow":"follow","max-snippet":"max-snippet:-1","max-image-preview":"max-image-preview:large","max-video-preview":"max-video-preview:-1"},"canonical":"https:\/\/wp.kristdemokraterna.se\/regionostergotland\/nyhetsbrev-vecka-48-6\/","og_locale":"sv_SE","og_type":"article","og_title":"Nyhetsbrev vecka 48 - i Region \u00d6sterg\u00f6tland","og_description":"Hej! Vi \u00e4r inne i december m\u00e5nad och inte bara \u00e5ret utan ocks\u00e5 mandatperioden n\u00e4rmar sig sitt slut. Det \u00e4r flera m\u00f6ten som \u00e4r &#8217;mandatperiodens sista&#8217; och det \u00e4r julavslutningar med avtackning av f\u00f6rtroendevalda som inte forts\u00e4tter n\u00e4sta mandatperiod. Det \u00e4r alltid speciella tider, men s\u00e4rskilt \u00e4r det f\u00f6rst\u00e5s f\u00f6r oss som efter \u00e5rsskiftet, d\u00e5 Read More","og_url":"https:\/\/wp.kristdemokraterna.se\/regionostergotland\/nyhetsbrev-vecka-48-6\/","og_site_name":"i Region \u00d6sterg\u00f6tland","article_published_time":"2022-12-02T15:16:18+00:00","og_image":[{"width":1024,"height":533,"url":"http:\/\/wp.kristdemokraterna.se\/regionostergotland\/files\/2022\/12\/bild-nyhetsbrev-2022-vecka-48-1024x533.jpg","type":"image\/jpeg"}],"author":"regionostergotland","twitter_card":"summary_large_image","twitter_misc":{"Skriven av":"regionostergotland","Ber\u00e4knad l\u00e4stid":"6 minuter"},"schema":{"@context":"https:\/\/schema.org","@graph":[{"@type":"Article","@id":"https:\/\/wp.kristdemokraterna.se\/regionostergotland\/nyhetsbrev-vecka-48-6\/#article","isPartOf":{"@id":"https:\/\/wp.kristdemokraterna.se\/regionostergotland\/nyhetsbrev-vecka-48-6\/"},"author":{"name":"regionostergotland","@id":"https:\/\/wp.kristdemokraterna.se\/regionostergotland\/#\/schema\/person\/74c3c4f502fcc489722a7be0dfe0088c"},"headline":"Nyhetsbrev vecka 48","datePublished":"2022-12-02T15:16:18+00:00","mainEntityOfPage":{"@id":"https:\/\/wp.kristdemokraterna.se\/regionostergotland\/nyhetsbrev-vecka-48-6\/"},"wordCount":1325,"articleSection":["Nyheter"],"inLanguage":"sv-SE"},{"@type":"WebPage","@id":"https:\/\/wp.kristdemokraterna.se\/regionostergotland\/nyhetsbrev-vecka-48-6\/","url":"https:\/\/wp.kristdemokraterna.se\/regionostergotland\/nyhetsbrev-vecka-48-6\/","name":"Nyhetsbrev vecka 48 - i Region \u00d6sterg\u00f6tland","isPartOf":{"@id":"https:\/\/wp.kristdemokraterna.se\/regionostergotland\/#website"},"datePublished":"2022-12-02T15:16:18+00:00","author":{"@id":"https:\/\/wp.kristdemokraterna.se\/regionostergotland\/#\/schema\/person\/74c3c4f502fcc489722a7be0dfe0088c"},"breadcrumb":{"@id":"https:\/\/wp.kristdemokraterna.se\/regionostergotland\/nyhetsbrev-vecka-48-6\/#breadcrumb"},"inLanguage":"sv-SE","potentialAction":[{"@type":"ReadAction","target":["https:\/\/wp.kristdemokraterna.se\/regionostergotland\/nyhetsbrev-vecka-48-6\/"]}]},{"@type":"BreadcrumbList","@id":"https:\/\/wp.kristdemokraterna.se\/regionostergotland\/nyhetsbrev-vecka-48-6\/#breadcrumb","itemListElement":[{"@type":"ListItem","position":1,"name":"Hem","item":"https:\/\/wp.kristdemokraterna.se\/regionostergotland\/"},{"@type":"ListItem","position":2,"name":"Nyhetsbrev vecka 48"}]},{"@type":"WebSite","@id":"https:\/\/wp.kristdemokraterna.se\/regionostergotland\/#website","url":"https:\/\/wp.kristdemokraterna.se\/regionostergotland\/","name":"i Region \u00d6sterg\u00f6tland","description":"","inLanguage":"sv-SE"},{"@type":"Person","@id":"https:\/\/wp.kristdemokraterna.se\/regionostergotland\/#\/schema\/person\/74c3c4f502fcc489722a7be0dfe0088c","name":"regionostergotland","image":{"@type":"ImageObject","inLanguage":"sv-SE","@id":"https:\/\/secure.gravatar.com\/avatar\/8fb8f0a216e627554da57506bfaf78d677f45512f24f703e185ec701423b1e92?s=96&d=mm&r=g","url":"https:\/\/secure.gravatar.com\/avatar\/8fb8f0a216e627554da57506bfaf78d677f45512f24f703e185ec701423b1e92?s=96&d=mm&r=g","contentUrl":"https:\/\/secure.gravatar.com\/avatar\/8fb8f0a216e627554da57506bfaf78d677f45512f24f703e185ec701423b1e92?s=96&d=mm&r=g","caption":"regionostergotland"},"url":"https:\/\/wp.kristdemokraterna.se\/regionostergotland\/author\/regionostergotland\/"}]}},"_links":{"self":[{"href":"https:\/\/wp.kristdemokraterna.se\/regionostergotland\/wp-json\/wp\/v2\/posts\/2021","targetHints":{"allow":["GET"]}}],"collection":[{"href":"https:\/\/wp.kristdemokraterna.se\/regionostergotland\/wp-json\/wp\/v2\/posts"}],"about":[{"href":"https:\/\/wp.kristdemokraterna.se\/regionostergotland\/wp-json\/wp\/v2\/types\/post"}],"author":[{"embeddable":true,"href":"https:\/\/wp.kristdemokraterna.se\/regionostergotland\/wp-json\/wp\/v2\/users\/737"}],"replies":[{"embeddable":true,"href":"https:\/\/wp.kristdemokraterna.se\/regionostergotland\/wp-json\/wp\/v2\/comments?post=2021"}],"version-history":[{"count":1,"href":"https:\/\/wp.kristdemokraterna.se\/regionostergotland\/wp-json\/wp\/v2\/posts\/2021\/revisions"}],"predecessor-version":[{"id":2023,"href":"https:\/\/wp.kristdemokraterna.se\/regionostergotland\/wp-json\/wp\/v2\/posts\/2021\/revisions\/2023"}],"wp:attachment":[{"href":"https:\/\/wp.kristdemokraterna.se\/regionostergotland\/wp-json\/wp\/v2\/media?parent=2021"}],"wp:term":[{"taxonomy":"category","embeddable":true,"href":"https:\/\/wp.kristdemokraterna.se\/regionostergotland\/wp-json\/wp\/v2\/categories?post=2021"},{"taxonomy":"post_tag","embeddable":true,"href":"https:\/\/wp.kristdemokraterna.se\/regionostergotland\/wp-json\/wp\/v2\/tags?post=2021"}],"curies":[{"name":"wp","href":"https:\/\/api.w.org\/{rel}","templated":true}]}}