{"id":2054,"date":"2022-12-09T14:32:30","date_gmt":"2022-12-09T13:32:30","guid":{"rendered":"https:\/\/wp.kristdemokraterna.se\/regionostergotland\/?p=2054"},"modified":"2022-12-09T14:32:30","modified_gmt":"2022-12-09T13:32:30","slug":"nyhetsbrev-vecka-49-4","status":"publish","type":"post","link":"https:\/\/wp.kristdemokraterna.se\/regionostergotland\/nyhetsbrev-vecka-49-4\/","title":{"rendered":"Nyhetsbrev vecka 49"},"content":{"rendered":"<p>Hej!<\/p>\n<p>Den h\u00e4r veckan har inte bara varit en inneh\u00e5llsrik arbetsvecka. Veckan inleddes med att min f\u00f6delsedag inf\u00f6ll i m\u00e5ndags. Inte n\u00e5gon stor j\u00e4mn f\u00f6delsedag, men ger \u00e4nd\u00e5 en lite speciell pr\u00e4gel p\u00e5 dagen. Stort tack till alla som p\u00e5 olika s\u00e4tt uppm\u00e4rksammade den! N\u00e5gra glimtar fr\u00e5n vad som i \u00f6vrigt har f\u00f6reg\u00e5tt inom regionpolitiken i veckan, kommer h\u00e4r i nyhetsbrevet. Trevlig l\u00e4sning!<!--more--><\/p>\n<p><strong>Heldags m\u00e5ndagsm\u00f6te med kick-off med nya i n\u00e4mndpresidier<\/strong><br \/>\nVeckans m\u00e5ndagsm\u00f6te var ovanligt p\u00e5 flera s\u00e4tt. Till att b\u00f6rja med hade vi f\u00f6rflyttat oss fr\u00e5n regionhuset till ett konferensrum p\u00e5 Hotell Ekoxen tv\u00e4rs \u00f6ver gatan, m\u00f6tet p\u00e5gick inte bara p\u00e5 f\u00f6rmiddagen som brukligt utan hela dagen, det var fler g\u00e4stande direkt\u00f6rer \u00e4n vanligt och, framf\u00f6rallt, deltog alla de som efter \u00e5rsskiftet kommer att ing\u00e5 i \u00d6stg\u00f6tasamverkans ledning. Det innebar att Annicki Oscarsson, som fr\u00e5n 1 januari \u00e4r h\u00e4lso- och sjukv\u00e5rdsn\u00e4mndens f\u00f6rste vice ordf\u00f6rande och d\u00e4rmed Kristdemokraternas andra regionr\u00e5d, deltog, liksom Anna Nilsson (M), tilltr\u00e4dande f\u00f6rste vice ordf\u00f6rande i regionutvecklingsn\u00e4mnden och Annette Ohlsson (M), blivande f\u00f6rste vice ordf\u00f6rande i Trafik- och samh\u00e4llsplaneringsn\u00e4mnden. De g\u00e4stande direkt\u00f6rerna; regiondirekt\u00f6r Krister Bj\u00f6rkegren, bitr\u00e4dande h\u00e4lso- och sjukv\u00e5rdsdirekt\u00f6r Annica \u00d6hrn, ekonomidirekt\u00f6r Josefin Bj\u00e4resten, de b\u00e5da v\u00e5rddirekt\u00f6rerna Jessica Frisk och Ninnie Borendal Wodlin och Ellinor Johansson, planeringschef p\u00e5 produktionsenhet h\u00e4lso- och sjukv\u00e5rd, informerade bl.a. om aktuella fr\u00e5gor i de olika n\u00e4mnderna och om l\u00e4get f\u00f6r v\u00e5rdplatser, tillg\u00e4nglighet och operationskapacitet. Det f\u00f6rl\u00e4ngda m\u00e5ndagsm\u00f6tet diskuterade ocks\u00e5 det p\u00e5g\u00e5ende arbetet med n\u00e4mndernas \u00e5rsplaner och en hel del planering inf\u00f6r v\u00e5ren.<\/p>\n<p><strong>G\u00e4stspel vid kompletterande undertecknande av \u00f6verenskommelse med civilsamh\u00e4llet<\/strong><br \/>\nF\u00f6r fyra \u00e5r sedan skedde ett h\u00f6gtidligt undertecknande av en \u00f6verenskommelse mellan Region \u00d6sterg\u00f6tland och olika akt\u00f6rer inom det \u00f6stg\u00f6tska civilsamh\u00e4llet. Efter en process med dialog om vilken roll den id\u00e9burna sektorn kan ha i f\u00f6rh\u00e5llande till regionens olika ansvarsomr\u00e5den, hade en \u00f6verenskommelse formerats och kunde undertecknas av f\u00f6retr\u00e4dare fr\u00e5n en l\u00e5ng rad akt\u00f6rer. Under denna mandatperiod har dialogen med akt\u00f6rerna fortsatt, d\u00e4r ansvaret har legat p\u00e5 regionutvecklingsn\u00e4mndens beredning f\u00f6r folkh\u00e4lsa. I m\u00e5ndags kv\u00e4ll var det dags f\u00f6r ytterligare fyra organisationer att skriva under \u00f6verenskommelsen vid en liten ceremoni i regionhusets foaj\u00e9. Vi fr\u00e5n den tilltr\u00e4dande politiska ledningen, fick m\u00f6jlighet att g\u00e4sta arrangemanget och s\u00e4ga n\u00e5gra uppskattande ord till akt\u00f6rerna och lyfta fram civilsamh\u00e4llets roll i den nyligen beslutade Tre\u00e5rsbudgeten.<\/p>\n<p><strong>Debattartiklar om \u00d6stg\u00f6tasamverkans f\u00f6rslag f\u00f6r kollektivtrafik i landsbygd och stad<\/strong><br \/>\nI veckan har vi fr\u00e5n \u00d6stg\u00f6tasamverkan haft ett par debattartiklar i l\u00e4nets tidningar om v\u00e5ra f\u00f6rslag i den p\u00e5 regionfullm\u00e4ktige antagna tre\u00e5rsbudgeten, f\u00f6r utvecklingen av kollektivtrafiken b\u00e5de p\u00e5 landsbygd och i st\u00e4der. Tilltr\u00e4dande ordf\u00f6rande i trafik- och samh\u00e4llsplaneringsn\u00e4mnden Jan Owe-Larsson (M) tillsammans med mig och Alexander H\u00f6glund (L) som gruppledare, st\u00e5r som undertecknare. L\u00e4nkar till debattartiklarna finns h\u00e4r:<br \/>\nNorrk\u00f6pings Tidningar 5 december: (<a href=\"https:\/\/nt.se\/debatt\/artikel\/starkt-kollektivtrafik-i-bade-landsbygd-och-stader\/lq3k6w1j\" target=\"_blank\" rel=\"noopener\">https:\/\/nt.se\/debatt\/artikel\/starkt-kollektivtrafik-i-bade-landsbygd-och-stader\/lq3k6w1j<\/a>)<br \/>\n\u00d6stg\u00f6ta Correspondenten 6 december: (<a href=\"https:\/\/corren.se\/debatt\/artikel\/starkt-kollektivtrafik-i-bade-landsbygd-och-stader\/lq37n9pj\" target=\"_blank\" rel=\"noopener\">https:\/\/corren.se\/debatt\/artikel\/starkt-kollektivtrafik-i-bade-landsbygd-och-stader\/lq37n9pj<\/a>)<\/p>\n<p><strong>Beslut om satsning p\u00e5 prim\u00e4rv\u00e5rden p\u00e5 h\u00e4lso- och sjukv\u00e5rdsn\u00e4mndens sammantr\u00e4de<\/strong><br \/>\nI tisdags genomf\u00f6rdes mandatperiodens sista sammantr\u00e4de med h\u00e4lso- och sjukv\u00e5rdsn\u00e4mnden. Fr\u00e5n Kristdemokraterna h\u00f6ll som vanligt Lena K\u00e4cker Johansson, Birre Waern och Simone \u00d6hrn fanan h\u00f6gt. Bland besluts\u00e4rendena p\u00e5 n\u00e4mndm\u00f6tet fanns bl.a. en s\u00e4rskild satsning p\u00e5 prim\u00e4rv\u00e5rden p\u00e5 90 miljoner kronor. Du kan l\u00e4sa mer om beslutet i en nyhetsartikel fr\u00e5n Folkbladet h\u00e4r: (<a href=\"https:\/\/folkbladet.se\/nyheter\/artikel\/sa-blir-satsningen-pa-primarvarden-sd-fick-igenom-gratis-halsosamtal\/rx3221gr\" target=\"_blank\" rel=\"noopener\">https:\/\/folkbladet.se\/nyheter\/artikel\/sa-blir-satsningen-pa-primarvarden-sd-fick-igenom-gratis-halsosamtal\/rx3221gr<\/a>).<\/p>\n<p><strong>Beslut om OB-till\u00e4gg p\u00e5 regionstyrelsens sammantr\u00e4de<\/strong><br \/>\nP\u00e5 onsdagen var det regionstyrelsens tur att sammantr\u00e4da. Eftersom ny regionstyrelse valdes redan p\u00e5 regionfullm\u00e4ktige 1 november, \u00e4r det redan innan \u00e5rsskiftet Marie Morell (M) som leder sammantr\u00e4det. Fr\u00e5n Kristdemokraterna \u00e4r Anders Eksmo och Martin Zetterlund fortsatt v\u00e5ra representanter. Bland m\u00e5nga \u00e4renden p\u00e5 sammantr\u00e4dets dagordning fanns bl.a. beslut om inf\u00f6rande av h\u00f6jt OB-till\u00e4gg f\u00f6r framf\u00f6rallt sjuksk\u00f6terskor som arbetar i dygnet-runt-verksamhet p\u00e5 sjukhusen. Det \u00e4r i den gruppen flest sjuksk\u00f6terskor har slutat och det finns som st\u00f6rst behov av att f\u00f6rs\u00f6ka beh\u00e5lla och f\u00e5 tillbaka personal f\u00f6r att kunna ut\u00f6ka antalet bemannade v\u00e5rdplatser och d\u00e4rmed kunna korta k\u00f6erna i v\u00e5rden. D\u00e4rf\u00f6r \u00e4r denna satsning mycket angel\u00e4gen. Du kan l\u00e4sa mer i nyhetsartikel fr\u00e5n Corren h\u00e4r: (<a href=\"https:\/\/corren.se\/nyheter\/ostergotland\/artikel\/snart-infors-nya-ob-tillagget-for-vardpersonal-75-procent-mer-har-ar-yrkesgrupperna-som-ingar\/jv35znpl\" target=\"_blank\" rel=\"noopener\">https:\/\/corren.se\/nyheter\/ostergotland\/artikel\/snart-infors-nya-ob-tillagget-for-vardpersonal-75-procent-mer-har-ar-yrkesgrupperna-som-ingar\/jv35znpl<\/a>).<\/p>\n<p><strong>Styrelsem\u00f6te med Almi \u00d6sterg\u00f6tland<\/strong><br \/>\nI g\u00e5r torsdag sammantr\u00e4dde styrelsen f\u00f6r Almi \u00d6sterg\u00f6tland. \u00c4ven om det sedan l\u00e4nge inte finns n\u00e5gra pandemirelaterade restriktioner som hindrar fysiska styrelsem\u00f6ten, har styrelsen tidigare beslutat att genomf\u00f6ra ett ordinarie styrelsem\u00f6te digitalt. D\u00e4rf\u00f6r kopplade jag ig\u00e5r f\u00f6rmiddag upp mig fr\u00e5n skrivbordet i regionhuset, ist\u00e4llet f\u00f6r att traska bort till Almis lokaler i andra \u00e4nden av S:t Larsgatan. P\u00e5 dagordningen f\u00f6r m\u00f6tet stod ut\u00f6ver sedvanliga rapportpunkter och \u00e5terkommande verksamhetsuppf\u00f6ljning ocks\u00e5 bolagsstyrningsrapport f\u00f6r \u00f6verl\u00e4mnande till den regionala \u00e4garen &#8211; Region \u00d6sterg\u00f6tland, redovisning av enk\u00e4t om styrelsearbetet och Compliancerapport om hur v\u00e4l bolaget lyckas undvika och uppt\u00e4cka eventuella mindre seri\u00f6sa akt\u00f6rer av olika slag som efterfr\u00e5gar Almis tj\u00e4nster.<\/p>\n<p><strong>Prioriteringsm\u00f6te med Strukturfondspartnerskapet \u00d6stra Mellansverige<\/strong><br \/>\nIdag fredag har det varit prioriteringsm\u00f6te med Strukturfondspartnerskapet \u00d6stra Mellansverige i Stockholm. \u00c4ven om det handlade om den f\u00f6rsta prioriteringen av strukturfondsprojekt fr\u00e5n Europeiska regionala utvecklingsfonden (ERUF) och Europeiska socialfonden (ESF) f\u00f6r den nya, men f\u00f6rsenade, strukturfondsperioden i EU (2021-2027), var det den g\u00e5ngna periodens partnerskap (2014-2020) som prioriterade, dock f\u00f6r allra sista g\u00e5ngen. I v\u00e5r b\u00f6rjar det nya partnerskapet sitt arbete. Representanterna fr\u00e5n Region \u00d6sterg\u00f6tland i partnerskapet blir dock desamma, d\u00e5 Eva Andersson (S) och jag nominerades av regionutvecklingsn\u00e4mnden p\u00e5 sammantr\u00e4det i f\u00f6reg\u00e5ende vecka. Som vanligt fick vi bra f\u00f6redragningar av representanter fr\u00e5n Svenska ESF-r\u00e5det (ang\u00e5ende socialfonden) och Tillv\u00e4xtverket (n\u00e4r det g\u00e4ller regionalfonden). \u00c4ven de regionalt utvecklingsansvarigas (regionernas) gemensamt utsedda tj\u00e4nsteperson sammanfattade regionernas samf\u00e4llda rekommendationer till partnerskapet. Och \u00e4ven detta sista tillf\u00e4lle lyckades partnerskapet enas om sina prioriteringar och fatta beslut om flera viktiga projekt f\u00f6r s\u00e5v\u00e4l st\u00e4rkt tillv\u00e4xt som minskat utanf\u00f6rskap!<\/p>\n<p>N\u00e4r jag skriver dessa rader sitter jag p\u00e5 t\u00e5get hem fr\u00e5n Stockholm till Link\u00f6ping, och den tredje adventshelgen v\u00e4ntar. Jag hoppas att ni alla f\u00e5r en riktigt trevlig helg!<\/p>\n<p>Med v\u00e4nlig h\u00e4lsning<br \/>\nPer Larsson<br \/>\nRegionr\u00e5d och gruppledare<br \/>\nKristdemokraterna i Region \u00d6sterg\u00f6tland<br \/>\ntfn 010-103 72 84 (arb)<br \/>\ntfn 0702-88 21 34 (mobil)<br \/>\nper.larsson@regionostergotland.se<\/p>\n<p>&nbsp;<\/p>\n","protected":false},"excerpt":{"rendered":"<p>Hej! Den h\u00e4r veckan har inte bara varit en inneh\u00e5llsrik arbetsvecka. Veckan inleddes med att min f\u00f6delsedag inf\u00f6ll i m\u00e5ndags. Inte n\u00e5gon stor j\u00e4mn f\u00f6delsedag, men ger \u00e4nd\u00e5 en lite speciell pr\u00e4gel p\u00e5 dagen. Stort tack till alla som p\u00e5 olika s\u00e4tt uppm\u00e4rksammade den! N\u00e5gra glimtar fr\u00e5n vad som i \u00f6vrigt har f\u00f6reg\u00e5tt inom regionpolitiken <a class=\"read-more-link\" href=\"https:\/\/wp.kristdemokraterna.se\/regionostergotland\/nyhetsbrev-vecka-49-4\/\">Read More<\/a><\/p>\n","protected":false},"author":737,"featured_media":0,"comment_status":"closed","ping_status":"closed","sticky":false,"template":"","format":"standard","meta":{"_acf_changed":false,"footnotes":""},"categories":[1],"tags":[],"class_list":["post-2054","post","type-post","status-publish","format-standard","hentry","category-nyheter"],"acf":[],"yoast_head":"<!-- This site is optimized with the Yoast SEO plugin v27.5 - https:\/\/yoast.com\/product\/yoast-seo-wordpress\/ -->\n<title>Nyhetsbrev vecka 49 - i Region \u00d6sterg\u00f6tland<\/title>\n<meta name=\"robots\" content=\"index, follow, max-snippet:-1, max-image-preview:large, max-video-preview:-1\" \/>\n<link rel=\"canonical\" href=\"https:\/\/wp.kristdemokraterna.se\/regionostergotland\/nyhetsbrev-vecka-49-4\/\" \/>\n<meta property=\"og:locale\" content=\"sv_SE\" \/>\n<meta property=\"og:type\" content=\"article\" \/>\n<meta property=\"og:title\" content=\"Nyhetsbrev vecka 49 - i Region \u00d6sterg\u00f6tland\" \/>\n<meta property=\"og:description\" content=\"Hej! Den h\u00e4r veckan har inte bara varit en inneh\u00e5llsrik arbetsvecka. Veckan inleddes med att min f\u00f6delsedag inf\u00f6ll i m\u00e5ndags. Inte n\u00e5gon stor j\u00e4mn f\u00f6delsedag, men ger \u00e4nd\u00e5 en lite speciell pr\u00e4gel p\u00e5 dagen. Stort tack till alla som p\u00e5 olika s\u00e4tt uppm\u00e4rksammade den! N\u00e5gra glimtar fr\u00e5n vad som i \u00f6vrigt har f\u00f6reg\u00e5tt inom regionpolitiken Read More\" \/>\n<meta property=\"og:url\" content=\"https:\/\/wp.kristdemokraterna.se\/regionostergotland\/nyhetsbrev-vecka-49-4\/\" \/>\n<meta property=\"og:site_name\" content=\"i Region \u00d6sterg\u00f6tland\" \/>\n<meta property=\"article:published_time\" content=\"2022-12-09T13:32:30+00:00\" \/>\n<meta property=\"og:image\" content=\"http:\/\/wp.kristdemokraterna.se\/regionostergotland\/files\/2022\/12\/bild-nyhetsbrev-2022-vecka-49-1024x533.jpg\" \/>\n\t<meta property=\"og:image:width\" content=\"1024\" \/>\n\t<meta property=\"og:image:height\" content=\"533\" \/>\n\t<meta property=\"og:image:type\" content=\"image\/jpeg\" \/>\n<meta name=\"author\" content=\"regionostergotland\" \/>\n<meta name=\"twitter:card\" content=\"summary_large_image\" \/>\n<meta name=\"twitter:label1\" content=\"Skriven av\" \/>\n\t<meta name=\"twitter:data1\" content=\"regionostergotland\" \/>\n\t<meta name=\"twitter:label2\" content=\"Ber\u00e4knad l\u00e4stid\" \/>\n\t<meta name=\"twitter:data2\" content=\"5 minuter\" \/>\n<script type=\"application\/ld+json\" class=\"yoast-schema-graph\">{\"@context\":\"https:\\\/\\\/schema.org\",\"@graph\":[{\"@type\":\"Article\",\"@id\":\"https:\\\/\\\/wp.kristdemokraterna.se\\\/regionostergotland\\\/nyhetsbrev-vecka-49-4\\\/#article\",\"isPartOf\":{\"@id\":\"https:\\\/\\\/wp.kristdemokraterna.se\\\/regionostergotland\\\/nyhetsbrev-vecka-49-4\\\/\"},\"author\":{\"name\":\"regionostergotland\",\"@id\":\"https:\\\/\\\/wp.kristdemokraterna.se\\\/regionostergotland\\\/#\\\/schema\\\/person\\\/74c3c4f502fcc489722a7be0dfe0088c\"},\"headline\":\"Nyhetsbrev vecka 49\",\"datePublished\":\"2022-12-09T13:32:30+00:00\",\"mainEntityOfPage\":{\"@id\":\"https:\\\/\\\/wp.kristdemokraterna.se\\\/regionostergotland\\\/nyhetsbrev-vecka-49-4\\\/\"},\"wordCount\":1242,\"articleSection\":[\"Nyheter\"],\"inLanguage\":\"sv-SE\"},{\"@type\":\"WebPage\",\"@id\":\"https:\\\/\\\/wp.kristdemokraterna.se\\\/regionostergotland\\\/nyhetsbrev-vecka-49-4\\\/\",\"url\":\"https:\\\/\\\/wp.kristdemokraterna.se\\\/regionostergotland\\\/nyhetsbrev-vecka-49-4\\\/\",\"name\":\"Nyhetsbrev vecka 49 - i Region \u00d6sterg\u00f6tland\",\"isPartOf\":{\"@id\":\"https:\\\/\\\/wp.kristdemokraterna.se\\\/regionostergotland\\\/#website\"},\"datePublished\":\"2022-12-09T13:32:30+00:00\",\"author\":{\"@id\":\"https:\\\/\\\/wp.kristdemokraterna.se\\\/regionostergotland\\\/#\\\/schema\\\/person\\\/74c3c4f502fcc489722a7be0dfe0088c\"},\"breadcrumb\":{\"@id\":\"https:\\\/\\\/wp.kristdemokraterna.se\\\/regionostergotland\\\/nyhetsbrev-vecka-49-4\\\/#breadcrumb\"},\"inLanguage\":\"sv-SE\",\"potentialAction\":[{\"@type\":\"ReadAction\",\"target\":[\"https:\\\/\\\/wp.kristdemokraterna.se\\\/regionostergotland\\\/nyhetsbrev-vecka-49-4\\\/\"]}]},{\"@type\":\"BreadcrumbList\",\"@id\":\"https:\\\/\\\/wp.kristdemokraterna.se\\\/regionostergotland\\\/nyhetsbrev-vecka-49-4\\\/#breadcrumb\",\"itemListElement\":[{\"@type\":\"ListItem\",\"position\":1,\"name\":\"Hem\",\"item\":\"https:\\\/\\\/wp.kristdemokraterna.se\\\/regionostergotland\\\/\"},{\"@type\":\"ListItem\",\"position\":2,\"name\":\"Nyhetsbrev vecka 49\"}]},{\"@type\":\"WebSite\",\"@id\":\"https:\\\/\\\/wp.kristdemokraterna.se\\\/regionostergotland\\\/#website\",\"url\":\"https:\\\/\\\/wp.kristdemokraterna.se\\\/regionostergotland\\\/\",\"name\":\"i Region \u00d6sterg\u00f6tland\",\"description\":\"\",\"inLanguage\":\"sv-SE\"},{\"@type\":\"Person\",\"@id\":\"https:\\\/\\\/wp.kristdemokraterna.se\\\/regionostergotland\\\/#\\\/schema\\\/person\\\/74c3c4f502fcc489722a7be0dfe0088c\",\"name\":\"regionostergotland\",\"image\":{\"@type\":\"ImageObject\",\"inLanguage\":\"sv-SE\",\"@id\":\"https:\\\/\\\/secure.gravatar.com\\\/avatar\\\/8fb8f0a216e627554da57506bfaf78d677f45512f24f703e185ec701423b1e92?s=96&d=mm&r=g\",\"url\":\"https:\\\/\\\/secure.gravatar.com\\\/avatar\\\/8fb8f0a216e627554da57506bfaf78d677f45512f24f703e185ec701423b1e92?s=96&d=mm&r=g\",\"contentUrl\":\"https:\\\/\\\/secure.gravatar.com\\\/avatar\\\/8fb8f0a216e627554da57506bfaf78d677f45512f24f703e185ec701423b1e92?s=96&d=mm&r=g\",\"caption\":\"regionostergotland\"},\"url\":\"https:\\\/\\\/wp.kristdemokraterna.se\\\/regionostergotland\\\/author\\\/regionostergotland\\\/\"}]}<\/script>\n<!-- \/ Yoast SEO plugin. -->","yoast_head_json":{"title":"Nyhetsbrev vecka 49 - i Region \u00d6sterg\u00f6tland","robots":{"index":"index","follow":"follow","max-snippet":"max-snippet:-1","max-image-preview":"max-image-preview:large","max-video-preview":"max-video-preview:-1"},"canonical":"https:\/\/wp.kristdemokraterna.se\/regionostergotland\/nyhetsbrev-vecka-49-4\/","og_locale":"sv_SE","og_type":"article","og_title":"Nyhetsbrev vecka 49 - i Region \u00d6sterg\u00f6tland","og_description":"Hej! Den h\u00e4r veckan har inte bara varit en inneh\u00e5llsrik arbetsvecka. Veckan inleddes med att min f\u00f6delsedag inf\u00f6ll i m\u00e5ndags. Inte n\u00e5gon stor j\u00e4mn f\u00f6delsedag, men ger \u00e4nd\u00e5 en lite speciell pr\u00e4gel p\u00e5 dagen. Stort tack till alla som p\u00e5 olika s\u00e4tt uppm\u00e4rksammade den! N\u00e5gra glimtar fr\u00e5n vad som i \u00f6vrigt har f\u00f6reg\u00e5tt inom regionpolitiken Read More","og_url":"https:\/\/wp.kristdemokraterna.se\/regionostergotland\/nyhetsbrev-vecka-49-4\/","og_site_name":"i Region \u00d6sterg\u00f6tland","article_published_time":"2022-12-09T13:32:30+00:00","og_image":[{"width":1024,"height":533,"url":"http:\/\/wp.kristdemokraterna.se\/regionostergotland\/files\/2022\/12\/bild-nyhetsbrev-2022-vecka-49-1024x533.jpg","type":"image\/jpeg"}],"author":"regionostergotland","twitter_card":"summary_large_image","twitter_misc":{"Skriven av":"regionostergotland","Ber\u00e4knad l\u00e4stid":"5 minuter"},"schema":{"@context":"https:\/\/schema.org","@graph":[{"@type":"Article","@id":"https:\/\/wp.kristdemokraterna.se\/regionostergotland\/nyhetsbrev-vecka-49-4\/#article","isPartOf":{"@id":"https:\/\/wp.kristdemokraterna.se\/regionostergotland\/nyhetsbrev-vecka-49-4\/"},"author":{"name":"regionostergotland","@id":"https:\/\/wp.kristdemokraterna.se\/regionostergotland\/#\/schema\/person\/74c3c4f502fcc489722a7be0dfe0088c"},"headline":"Nyhetsbrev vecka 49","datePublished":"2022-12-09T13:32:30+00:00","mainEntityOfPage":{"@id":"https:\/\/wp.kristdemokraterna.se\/regionostergotland\/nyhetsbrev-vecka-49-4\/"},"wordCount":1242,"articleSection":["Nyheter"],"inLanguage":"sv-SE"},{"@type":"WebPage","@id":"https:\/\/wp.kristdemokraterna.se\/regionostergotland\/nyhetsbrev-vecka-49-4\/","url":"https:\/\/wp.kristdemokraterna.se\/regionostergotland\/nyhetsbrev-vecka-49-4\/","name":"Nyhetsbrev vecka 49 - i Region \u00d6sterg\u00f6tland","isPartOf":{"@id":"https:\/\/wp.kristdemokraterna.se\/regionostergotland\/#website"},"datePublished":"2022-12-09T13:32:30+00:00","author":{"@id":"https:\/\/wp.kristdemokraterna.se\/regionostergotland\/#\/schema\/person\/74c3c4f502fcc489722a7be0dfe0088c"},"breadcrumb":{"@id":"https:\/\/wp.kristdemokraterna.se\/regionostergotland\/nyhetsbrev-vecka-49-4\/#breadcrumb"},"inLanguage":"sv-SE","potentialAction":[{"@type":"ReadAction","target":["https:\/\/wp.kristdemokraterna.se\/regionostergotland\/nyhetsbrev-vecka-49-4\/"]}]},{"@type":"BreadcrumbList","@id":"https:\/\/wp.kristdemokraterna.se\/regionostergotland\/nyhetsbrev-vecka-49-4\/#breadcrumb","itemListElement":[{"@type":"ListItem","position":1,"name":"Hem","item":"https:\/\/wp.kristdemokraterna.se\/regionostergotland\/"},{"@type":"ListItem","position":2,"name":"Nyhetsbrev vecka 49"}]},{"@type":"WebSite","@id":"https:\/\/wp.kristdemokraterna.se\/regionostergotland\/#website","url":"https:\/\/wp.kristdemokraterna.se\/regionostergotland\/","name":"i Region \u00d6sterg\u00f6tland","description":"","inLanguage":"sv-SE"},{"@type":"Person","@id":"https:\/\/wp.kristdemokraterna.se\/regionostergotland\/#\/schema\/person\/74c3c4f502fcc489722a7be0dfe0088c","name":"regionostergotland","image":{"@type":"ImageObject","inLanguage":"sv-SE","@id":"https:\/\/secure.gravatar.com\/avatar\/8fb8f0a216e627554da57506bfaf78d677f45512f24f703e185ec701423b1e92?s=96&d=mm&r=g","url":"https:\/\/secure.gravatar.com\/avatar\/8fb8f0a216e627554da57506bfaf78d677f45512f24f703e185ec701423b1e92?s=96&d=mm&r=g","contentUrl":"https:\/\/secure.gravatar.com\/avatar\/8fb8f0a216e627554da57506bfaf78d677f45512f24f703e185ec701423b1e92?s=96&d=mm&r=g","caption":"regionostergotland"},"url":"https:\/\/wp.kristdemokraterna.se\/regionostergotland\/author\/regionostergotland\/"}]}},"_links":{"self":[{"href":"https:\/\/wp.kristdemokraterna.se\/regionostergotland\/wp-json\/wp\/v2\/posts\/2054","targetHints":{"allow":["GET"]}}],"collection":[{"href":"https:\/\/wp.kristdemokraterna.se\/regionostergotland\/wp-json\/wp\/v2\/posts"}],"about":[{"href":"https:\/\/wp.kristdemokraterna.se\/regionostergotland\/wp-json\/wp\/v2\/types\/post"}],"author":[{"embeddable":true,"href":"https:\/\/wp.kristdemokraterna.se\/regionostergotland\/wp-json\/wp\/v2\/users\/737"}],"replies":[{"embeddable":true,"href":"https:\/\/wp.kristdemokraterna.se\/regionostergotland\/wp-json\/wp\/v2\/comments?post=2054"}],"version-history":[{"count":1,"href":"https:\/\/wp.kristdemokraterna.se\/regionostergotland\/wp-json\/wp\/v2\/posts\/2054\/revisions"}],"predecessor-version":[{"id":2056,"href":"https:\/\/wp.kristdemokraterna.se\/regionostergotland\/wp-json\/wp\/v2\/posts\/2054\/revisions\/2056"}],"wp:attachment":[{"href":"https:\/\/wp.kristdemokraterna.se\/regionostergotland\/wp-json\/wp\/v2\/media?parent=2054"}],"wp:term":[{"taxonomy":"category","embeddable":true,"href":"https:\/\/wp.kristdemokraterna.se\/regionostergotland\/wp-json\/wp\/v2\/categories?post=2054"},{"taxonomy":"post_tag","embeddable":true,"href":"https:\/\/wp.kristdemokraterna.se\/regionostergotland\/wp-json\/wp\/v2\/tags?post=2054"}],"curies":[{"name":"wp","href":"https:\/\/api.w.org\/{rel}","templated":true}]}}