{"id":2057,"date":"2022-12-16T14:50:17","date_gmt":"2022-12-16T13:50:17","guid":{"rendered":"https:\/\/wp.kristdemokraterna.se\/regionostergotland\/?p=2057"},"modified":"2022-12-16T14:50:17","modified_gmt":"2022-12-16T13:50:17","slug":"nyhetsbrev-vecka-50-5","status":"publish","type":"post","link":"https:\/\/wp.kristdemokraterna.se\/regionostergotland\/nyhetsbrev-vecka-50-5\/","title":{"rendered":"Nyhetsbrev vecka 50"},"content":{"rendered":"<p>Hej!<\/p>\n<p>Det \u00e4r med blandande k\u00e4nslor veckans nyhetsbrev f\u00f6rfattas. Veckan har tvekl\u00f6st dominerats av det allvarliga l\u00e4get f\u00f6r den \u00f6stg\u00f6tska h\u00e4lso- och sjukv\u00e5rden, med en sedan alltf\u00f6r l\u00e4nge p\u00e5g\u00e5ende v\u00e5rdplatsbrist och oerh\u00f6rt anstr\u00e4ngt bemanningsl\u00e4ge, som nu ska hantera en kraftig \u00f6kning av patienter i behov av v\u00e5rd f\u00f6r Covid-19, RS-virus och s\u00e4songsinfluensa. Det har varit det sj\u00e4lvklara \u00e4mnet f\u00f6r flera av veckans m\u00f6ten och kontakter. Samtidigt har veckan bjudit p\u00e5 flera positiva h\u00e4ndelser, inte minst inom regionutvecklingsn\u00e4mndens ansvarsomr\u00e5de. N\u00e5gra axplock av b\u00e5de det oroande och det gl\u00e4djande kommer d\u00e4rf\u00f6r h\u00e4r i veckans nyhetsbrev. Trevlig l\u00e4sning!<!--more--><\/p>\n<p><strong>M\u00e5ndagsm\u00f6te med bes\u00f6k av chefl\u00e4karenheten<\/strong><br \/>\nVeckans m\u00e5ndagsm\u00f6te g\u00e4stades av regionens chefl\u00e4karenhet, med tv\u00e5 av chefl\u00e4karna; Anna Oscarsson Tibblin och Erik Fransson samt regionens medicinske direkt\u00f6r Karl Landergren. De gav sitt perspektiv p\u00e5 l\u00e4get p\u00e5 regionens sjukhus, d\u00e4r situationen \u00e4r mycket allvarligt och p\u00e5verkar patients\u00e4kerheten negativt. N\u00e4r pandemin inleddes v\u00e5ren 2020, hade Region \u00d6sterg\u00f6tland l\u00e4gst antal v\u00e5rdplatser per capita i Sverige, och d\u00e4refter var \u00d6sterg\u00f6tland \u00e4n av de regioner som drabbades v\u00e4rst av pandemin. Sammantaget har det bidragit till att Region \u00d6sterg\u00f6tland nu h\u00f6sten 2022 har flest \u00f6verbel\u00e4ggningar i landet och st\u00f6rst andel utlokaliserade patienter. Det \u00e4r inte n\u00e5got ypperligt utg\u00e5ngsl\u00e4ge n\u00e4r nu \u00f6kningen av patienter som beh\u00f6ver v\u00e5rd f\u00f6r Covid-19, RS-virus och s\u00e4songsinfluensa \u00f6kar kraftigt, och en period av helger v\u00e4ntar. M\u00e5nga olika \u00e5tg\u00e4rder och insatser f\u00f6rbereds f\u00f6r att hantera situationen p\u00e5 kort och l\u00e5ng sikt, men \u00e4ven vi alla som befolkning kan f\u00f6rst\u00e5s bidra, inte minst genom att vaccinera oss mot Covid-19, och f\u00f6r riskgrupper \u00e4ven mot s\u00e4songsinfluensa. M\u00e5ndagsm\u00f6tet g\u00e4stades ocks\u00e5 av regionutvecklingsdirekt\u00f6r Richard Wid\u00e9n och Anna Lindberg, chef f\u00f6r internationella enheten, f\u00f6r genomg\u00e5ng och rekommendationer kring regionens internationella engagemang.<\/p>\n<p><strong>M\u00f6te med \u00d6sterg\u00f6tlands L\u00e4karf\u00f6rening<\/strong><br \/>\nP\u00e5 m\u00e5ndagskv\u00e4llen hade \u00d6sterg\u00f6tlands L\u00e4karf\u00f6rening \u00e5terigen bjudit in till samtal och diskussion med f\u00f6reningens styrelse kring aktuella fr\u00e5gor inom h\u00e4lso- och sjukv\u00e5rden. Detta var f\u00f6rsta m\u00f6tet sedan det nya styret formerats i regionen, och det var ocks\u00e5 den konstellationen som var inbjuden. Ut\u00f6ver de st\u00e4ndigt aktuella fr\u00e5gorna kring v\u00e5rdplatsbrist och samverkan med kommunerna kring medicinskt f\u00e4rdigbehandlade patienter, dryftades ocks\u00e5 fr\u00e5gor om ledarskap, st\u00f6d till chefer, minskad administrativ b\u00f6rda och andel patient-n\u00e4ra arbete. Ett bra och givande samtal &#8211; tack f\u00f6r inbjudan!<\/p>\n<p><strong>Sammantr\u00e4de med Politiska ledningsgruppen<\/strong><br \/>\nI tisdags f\u00f6rmiddag sammantr\u00e4dde regionens politiska ledningsgrupp (PLG). Huvuddelen av m\u00f6tet \u00e4gnades \u00e5t den p\u00e5g\u00e5ende allvarliga situationen inom den \u00f6stg\u00f6tska h\u00e4lso- och sjukv\u00e5rden, med kraftig \u00f6kning av patienter som beh\u00f6ver v\u00e5rd f\u00f6r Covid-19, RS-virus och s\u00e4songsinfluensa i en v\u00e5rd redan tyngd av v\u00e5rdplatsbrist och utarbetade medarbetare. Regiondirekt\u00f6r Krister Bj\u00f6rkegren gjorde en omfattande genomg\u00e5ng av l\u00e4get och de \u00e5tg\u00e4rder som p\u00e5g\u00e5r och planeras. Kommunikationsdirekt\u00f6r Anna Bowall informerade om de olika insatser som g\u00f6rs f\u00f6r att fler ska vaccinera sig. Det \u00e4r tydligt att det \u00e4r n\u00f6dv\u00e4ndigt, d\u00e5 huvuddelen av de som v\u00e5rdas f\u00f6r Covid-19 \u00e4r ovaccinerade alternativt att de inte uppdaterat sin vaccinering under h\u00f6sten med h\u00f6stdos, utan att det passerat l\u00e5ng tid sedan de senast fick en dos. PLG fick ocks\u00e5 information om aktuellt ekonomisk l\u00e4ge fr\u00e5n ekonomidirekt\u00f6r Josefin Bj\u00e4resten samt planering f\u00f6r n\u00e4sta \u00e5rs prioriteringskonferens fr\u00e5n h\u00e4lso- och sjukv\u00e5rdsdirekt\u00f6r Lena Lundgren.<\/p>\n<p><strong>M\u00f6te med styrgruppen f\u00f6r L\u00f6fstad slott<\/strong><br \/>\nP\u00e5 onsdagen h\u00f6lls mandatperiodens sista m\u00f6te med styrgruppen f\u00f6r L\u00f6fstad slott. N\u00e4r slottets sista \u00e4garinna, Emelie Piper, avled 1926 utan arvingar, testamenterades slottsegendomen till Riddarhuset i Stockholm och alla inventarier till \u00d6sterg\u00f6tlands Museum, f\u00f6r att tillg\u00e4ngligg\u00f6ra och visa f\u00f6r \u00f6stg\u00f6tar och bes\u00f6kare. Det inneb\u00e4r att museiverksamheten p\u00e5 slottet drivs av \u00d6sterg\u00f6tlands Museum, med Region \u00d6sterg\u00f6tland och Norrk\u00f6pings kommun som huvudm\u00e4n. I styrgruppen finns d\u00e4rf\u00f6r med tv\u00e5 representanter vardera fr\u00e5n styrelsen f\u00f6r \u00d6sterg\u00f6tlands Museum, regionutvecklingsn\u00e4mnden i Region \u00d6sterg\u00f6tland, kultur- och fritidsn\u00e4mnden i Norrk\u00f6pings kommun och Riddarhuset. Normalt deltar ocks\u00e5 museichef f\u00f6r \u00d6sterg\u00f6tlands Museum, avdelningschef f\u00f6r museets avdelning f\u00f6r publikt och l\u00e4rande och platsansvarig p\u00e5 L\u00f6fstad slott. Vid onsdagens m\u00f6te deltog dessutom museets \u00f6vriga personal p\u00e5 L\u00f6fstad; museipedagog, konservator, tr\u00e4dg\u00e5rdsm\u00e4stare och fastighetsansvarig. Styrgruppen fick en genomg\u00e5ng av visions- och handlingsplan som styrgruppen beslutade om 2018, med information om vad som genomf\u00f6rts och f\u00f6rslag p\u00e5 hur planen kan uppdateras med nya projekt. Imponerande mycket har h\u00e4nt, b\u00e5de f\u00f6r att restaurera och s\u00e4kra den unika kulturmilj\u00f6n f\u00f6r framtiden, och utvecklingen av slottet som \u00f6stg\u00f6tskt bes\u00f6ksm\u00e5l. Flera intressanta planer f\u00f6r de kommande \u00e5ren finns ocks\u00e5!<\/p>\n<p><strong>Julkonsert med Lunnevads folkh\u00f6gskola<\/strong><br \/>\nI onsdags kv\u00e4ll bj\u00f6d regionens egen folkh\u00f6gskola, Lunnevads folkh\u00f6gskola, som regionutvecklingsn\u00e4mnden \u00e4r folkh\u00f6gskolstyrelse f\u00f6r, in till sin \u00e5rliga julkonsert. Konserten h\u00f6lls i Equmeniakyrkan i Link\u00f6ping och bj\u00f6d p\u00e5 inslag fr\u00e5n musiklinjens olika inriktningar. Det innebar stor bredd och mycket h\u00f6g kvalitet! Dessutom var det helt fullsatt! Positivt n\u00e4r skolan p\u00e5 det s\u00e4ttet kan vara med och bidra till kulturlivet i \u00d6sterg\u00f6tland!<\/p>\n<p><strong>M\u00f6te med det folkh\u00e4lsopolitiska n\u00e4tverket i \u00d6sterg\u00f6tland<\/strong><br \/>\nI g\u00e5r torsdag samlades det folkh\u00e4lsopolitiska n\u00e4tverket i \u00d6sterg\u00f6tland f\u00f6r sista g\u00e5ngen denna mandatperiod. P\u00e5 dagordningen stod bl.a. en redovisning av den studie som regionens Folkh\u00e4lso- och statistikenhet gjort \u00f6ver Covid-19-pandemins p\u00e5verkan p\u00e5 m\u00e4nniskors liv och h\u00e4lsa i \u00d6sterg\u00f6tland, fr\u00e5n Hanna Henriksson p\u00e5 enheten. Annika Larsson, ansvarig tj\u00e4nsteperson f\u00f6r n\u00e4tverket, gjorde ocks\u00e5 en genomg\u00e5ng av hur den f\u00f6reg\u00e5ende \u00e5r beslutade Folkh\u00e4lsostrategin anv\u00e4nts och kan anv\u00e4ndas fram\u00e5t. L\u00e4nsstyrelsen informerade ocks\u00e5 om sitt nya uppdrag fr\u00e5n v\u00e5ren 2022 p\u00e5 folkh\u00e4lsoomr\u00e5det. N\u00e4tverket diskuterade ocks\u00e5 hur n\u00e4tverket ska vara utformat n\u00e4sta mandatperiod, bl.a. utifr\u00e5n att regionens nuvarande folkh\u00e4lsoberedning omvandlats till beredningen f\u00f6r h\u00e5llbarhet och h\u00e4lsa, och flyttats fr\u00e5n regionutvecklingsn\u00e4mnden till regionstyrelsen.<\/p>\n<p><strong>Tv\u00e5 avtackningar i veckan<\/strong><br \/>\nDenna vecka har det ocks\u00e5 varit tv\u00e5 avtackningstillf\u00e4llen kopplat till regionhuset. I m\u00e5ndags avtackades tv\u00e5 avg\u00e5ende regionr\u00e5d, Agneta Niklasson (MP) och Torbj\u00f6rn Holmqvist (S), som b\u00e5da varit med l\u00e4nge i regionpolitiken, bidragit p\u00e5 m\u00e5nga s\u00e4tt till att utveckla det politiska arbetet och ocks\u00e5 b\u00e5da exemplifierat god samverkan mellan majoritet och opposition. I tisdags avtackades regionens HR-direkt\u00f6r Zilla Jonsson, som g\u00e5r vidare till nytt jobb. M\u00e5nga fr\u00e5n politik, fackliga organisationer, direkt\u00f6rskollegor och \u00f6vrig personal i regionhuset ville tacka, och m\u00e5nga uppskattande ord h\u00f6rdes i tacktalen.<\/p>\n<p>I helgen \u00e4r det fj\u00e4rde advent och i n\u00e4sta vecka v\u00e4ntar julveckan. \u00c4ven om n\u00e5gra m\u00f6ten \u00e4r inbokade i b\u00f6rjan av n\u00e4sta vecka, bl.a. ordinarie m\u00e5ndagsm\u00f6te och ett extra m\u00f6te med den politiska ledningsgruppen, \u00e4r almanackan betydligt glesare ifylld. D\u00e4rf\u00f6r f\u00e5r nyhetsbrevet jullov, och kommer tillbaka igen i januari. Jag passar p\u00e5 att inte bara \u00f6nska en trevlig fj\u00e4rde adventshelg, utan hoppas ocks\u00e5 att ni alla f\u00e5r en riktigt God Jul och ett Gott nytt \u00e5r!<\/p>\n<p>Med v\u00e4nlig h\u00e4lsning<br \/>\nPer Larsson<br \/>\nRegionr\u00e5d och gruppledare<br \/>\nKristdemokraterna i Region \u00d6sterg\u00f6tland<br \/>\ntfn 010-103 72 84 (arb)<br \/>\ntfn 0702-88 21 34 (mobil)<br \/>\nper.larsson@regionostergotland.se<\/p>\n<p>&nbsp;<\/p>\n","protected":false},"excerpt":{"rendered":"<p>Hej! Det \u00e4r med blandande k\u00e4nslor veckans nyhetsbrev f\u00f6rfattas. Veckan har tvekl\u00f6st dominerats av det allvarliga l\u00e4get f\u00f6r den \u00f6stg\u00f6tska h\u00e4lso- och sjukv\u00e5rden, med en sedan alltf\u00f6r l\u00e4nge p\u00e5g\u00e5ende v\u00e5rdplatsbrist och oerh\u00f6rt anstr\u00e4ngt bemanningsl\u00e4ge, som nu ska hantera en kraftig \u00f6kning av patienter i behov av v\u00e5rd f\u00f6r Covid-19, RS-virus och s\u00e4songsinfluensa. Det har varit <a class=\"read-more-link\" href=\"https:\/\/wp.kristdemokraterna.se\/regionostergotland\/nyhetsbrev-vecka-50-5\/\">Read More<\/a><\/p>\n","protected":false},"author":737,"featured_media":0,"comment_status":"closed","ping_status":"closed","sticky":false,"template":"","format":"standard","meta":{"_acf_changed":false,"footnotes":""},"categories":[1],"tags":[],"class_list":["post-2057","post","type-post","status-publish","format-standard","hentry","category-nyheter"],"acf":[],"yoast_head":"<!-- This site is optimized with the Yoast SEO plugin v27.5 - https:\/\/yoast.com\/product\/yoast-seo-wordpress\/ -->\n<title>Nyhetsbrev vecka 50 - i Region \u00d6sterg\u00f6tland<\/title>\n<meta name=\"robots\" content=\"index, follow, max-snippet:-1, max-image-preview:large, max-video-preview:-1\" \/>\n<link rel=\"canonical\" href=\"https:\/\/wp.kristdemokraterna.se\/regionostergotland\/nyhetsbrev-vecka-50-5\/\" \/>\n<meta property=\"og:locale\" content=\"sv_SE\" \/>\n<meta property=\"og:type\" content=\"article\" \/>\n<meta property=\"og:title\" content=\"Nyhetsbrev vecka 50 - i Region \u00d6sterg\u00f6tland\" \/>\n<meta property=\"og:description\" content=\"Hej! Det \u00e4r med blandande k\u00e4nslor veckans nyhetsbrev f\u00f6rfattas. Veckan har tvekl\u00f6st dominerats av det allvarliga l\u00e4get f\u00f6r den \u00f6stg\u00f6tska h\u00e4lso- och sjukv\u00e5rden, med en sedan alltf\u00f6r l\u00e4nge p\u00e5g\u00e5ende v\u00e5rdplatsbrist och oerh\u00f6rt anstr\u00e4ngt bemanningsl\u00e4ge, som nu ska hantera en kraftig \u00f6kning av patienter i behov av v\u00e5rd f\u00f6r Covid-19, RS-virus och s\u00e4songsinfluensa. Det har varit Read More\" \/>\n<meta property=\"og:url\" content=\"https:\/\/wp.kristdemokraterna.se\/regionostergotland\/nyhetsbrev-vecka-50-5\/\" \/>\n<meta property=\"og:site_name\" content=\"i Region \u00d6sterg\u00f6tland\" \/>\n<meta property=\"article:published_time\" content=\"2022-12-16T13:50:17+00:00\" \/>\n<meta property=\"og:image\" content=\"http:\/\/wp.kristdemokraterna.se\/regionostergotland\/files\/2022\/12\/bild-nyhetsbrev-2022-vecka-50-1024x533.jpg\" \/>\n\t<meta property=\"og:image:width\" content=\"1024\" \/>\n\t<meta property=\"og:image:height\" content=\"533\" \/>\n\t<meta property=\"og:image:type\" content=\"image\/jpeg\" \/>\n<meta name=\"author\" content=\"regionostergotland\" \/>\n<meta name=\"twitter:card\" content=\"summary_large_image\" \/>\n<meta name=\"twitter:label1\" content=\"Skriven av\" \/>\n\t<meta name=\"twitter:data1\" content=\"regionostergotland\" \/>\n\t<meta name=\"twitter:label2\" content=\"Ber\u00e4knad l\u00e4stid\" \/>\n\t<meta name=\"twitter:data2\" content=\"6 minuter\" \/>\n<script type=\"application\/ld+json\" class=\"yoast-schema-graph\">{\"@context\":\"https:\\\/\\\/schema.org\",\"@graph\":[{\"@type\":\"Article\",\"@id\":\"https:\\\/\\\/wp.kristdemokraterna.se\\\/regionostergotland\\\/nyhetsbrev-vecka-50-5\\\/#article\",\"isPartOf\":{\"@id\":\"https:\\\/\\\/wp.kristdemokraterna.se\\\/regionostergotland\\\/nyhetsbrev-vecka-50-5\\\/\"},\"author\":{\"name\":\"regionostergotland\",\"@id\":\"https:\\\/\\\/wp.kristdemokraterna.se\\\/regionostergotland\\\/#\\\/schema\\\/person\\\/74c3c4f502fcc489722a7be0dfe0088c\"},\"headline\":\"Nyhetsbrev vecka 50\",\"datePublished\":\"2022-12-16T13:50:17+00:00\",\"mainEntityOfPage\":{\"@id\":\"https:\\\/\\\/wp.kristdemokraterna.se\\\/regionostergotland\\\/nyhetsbrev-vecka-50-5\\\/\"},\"wordCount\":1357,\"articleSection\":[\"Nyheter\"],\"inLanguage\":\"sv-SE\"},{\"@type\":\"WebPage\",\"@id\":\"https:\\\/\\\/wp.kristdemokraterna.se\\\/regionostergotland\\\/nyhetsbrev-vecka-50-5\\\/\",\"url\":\"https:\\\/\\\/wp.kristdemokraterna.se\\\/regionostergotland\\\/nyhetsbrev-vecka-50-5\\\/\",\"name\":\"Nyhetsbrev vecka 50 - i Region \u00d6sterg\u00f6tland\",\"isPartOf\":{\"@id\":\"https:\\\/\\\/wp.kristdemokraterna.se\\\/regionostergotland\\\/#website\"},\"datePublished\":\"2022-12-16T13:50:17+00:00\",\"author\":{\"@id\":\"https:\\\/\\\/wp.kristdemokraterna.se\\\/regionostergotland\\\/#\\\/schema\\\/person\\\/74c3c4f502fcc489722a7be0dfe0088c\"},\"breadcrumb\":{\"@id\":\"https:\\\/\\\/wp.kristdemokraterna.se\\\/regionostergotland\\\/nyhetsbrev-vecka-50-5\\\/#breadcrumb\"},\"inLanguage\":\"sv-SE\",\"potentialAction\":[{\"@type\":\"ReadAction\",\"target\":[\"https:\\\/\\\/wp.kristdemokraterna.se\\\/regionostergotland\\\/nyhetsbrev-vecka-50-5\\\/\"]}]},{\"@type\":\"BreadcrumbList\",\"@id\":\"https:\\\/\\\/wp.kristdemokraterna.se\\\/regionostergotland\\\/nyhetsbrev-vecka-50-5\\\/#breadcrumb\",\"itemListElement\":[{\"@type\":\"ListItem\",\"position\":1,\"name\":\"Hem\",\"item\":\"https:\\\/\\\/wp.kristdemokraterna.se\\\/regionostergotland\\\/\"},{\"@type\":\"ListItem\",\"position\":2,\"name\":\"Nyhetsbrev vecka 50\"}]},{\"@type\":\"WebSite\",\"@id\":\"https:\\\/\\\/wp.kristdemokraterna.se\\\/regionostergotland\\\/#website\",\"url\":\"https:\\\/\\\/wp.kristdemokraterna.se\\\/regionostergotland\\\/\",\"name\":\"i Region \u00d6sterg\u00f6tland\",\"description\":\"\",\"inLanguage\":\"sv-SE\"},{\"@type\":\"Person\",\"@id\":\"https:\\\/\\\/wp.kristdemokraterna.se\\\/regionostergotland\\\/#\\\/schema\\\/person\\\/74c3c4f502fcc489722a7be0dfe0088c\",\"name\":\"regionostergotland\",\"image\":{\"@type\":\"ImageObject\",\"inLanguage\":\"sv-SE\",\"@id\":\"https:\\\/\\\/secure.gravatar.com\\\/avatar\\\/8fb8f0a216e627554da57506bfaf78d677f45512f24f703e185ec701423b1e92?s=96&d=mm&r=g\",\"url\":\"https:\\\/\\\/secure.gravatar.com\\\/avatar\\\/8fb8f0a216e627554da57506bfaf78d677f45512f24f703e185ec701423b1e92?s=96&d=mm&r=g\",\"contentUrl\":\"https:\\\/\\\/secure.gravatar.com\\\/avatar\\\/8fb8f0a216e627554da57506bfaf78d677f45512f24f703e185ec701423b1e92?s=96&d=mm&r=g\",\"caption\":\"regionostergotland\"},\"url\":\"https:\\\/\\\/wp.kristdemokraterna.se\\\/regionostergotland\\\/author\\\/regionostergotland\\\/\"}]}<\/script>\n<!-- \/ Yoast SEO plugin. -->","yoast_head_json":{"title":"Nyhetsbrev vecka 50 - i Region \u00d6sterg\u00f6tland","robots":{"index":"index","follow":"follow","max-snippet":"max-snippet:-1","max-image-preview":"max-image-preview:large","max-video-preview":"max-video-preview:-1"},"canonical":"https:\/\/wp.kristdemokraterna.se\/regionostergotland\/nyhetsbrev-vecka-50-5\/","og_locale":"sv_SE","og_type":"article","og_title":"Nyhetsbrev vecka 50 - i Region \u00d6sterg\u00f6tland","og_description":"Hej! Det \u00e4r med blandande k\u00e4nslor veckans nyhetsbrev f\u00f6rfattas. Veckan har tvekl\u00f6st dominerats av det allvarliga l\u00e4get f\u00f6r den \u00f6stg\u00f6tska h\u00e4lso- och sjukv\u00e5rden, med en sedan alltf\u00f6r l\u00e4nge p\u00e5g\u00e5ende v\u00e5rdplatsbrist och oerh\u00f6rt anstr\u00e4ngt bemanningsl\u00e4ge, som nu ska hantera en kraftig \u00f6kning av patienter i behov av v\u00e5rd f\u00f6r Covid-19, RS-virus och s\u00e4songsinfluensa. Det har varit Read More","og_url":"https:\/\/wp.kristdemokraterna.se\/regionostergotland\/nyhetsbrev-vecka-50-5\/","og_site_name":"i Region \u00d6sterg\u00f6tland","article_published_time":"2022-12-16T13:50:17+00:00","og_image":[{"width":1024,"height":533,"url":"http:\/\/wp.kristdemokraterna.se\/regionostergotland\/files\/2022\/12\/bild-nyhetsbrev-2022-vecka-50-1024x533.jpg","type":"image\/jpeg"}],"author":"regionostergotland","twitter_card":"summary_large_image","twitter_misc":{"Skriven av":"regionostergotland","Ber\u00e4knad l\u00e4stid":"6 minuter"},"schema":{"@context":"https:\/\/schema.org","@graph":[{"@type":"Article","@id":"https:\/\/wp.kristdemokraterna.se\/regionostergotland\/nyhetsbrev-vecka-50-5\/#article","isPartOf":{"@id":"https:\/\/wp.kristdemokraterna.se\/regionostergotland\/nyhetsbrev-vecka-50-5\/"},"author":{"name":"regionostergotland","@id":"https:\/\/wp.kristdemokraterna.se\/regionostergotland\/#\/schema\/person\/74c3c4f502fcc489722a7be0dfe0088c"},"headline":"Nyhetsbrev vecka 50","datePublished":"2022-12-16T13:50:17+00:00","mainEntityOfPage":{"@id":"https:\/\/wp.kristdemokraterna.se\/regionostergotland\/nyhetsbrev-vecka-50-5\/"},"wordCount":1357,"articleSection":["Nyheter"],"inLanguage":"sv-SE"},{"@type":"WebPage","@id":"https:\/\/wp.kristdemokraterna.se\/regionostergotland\/nyhetsbrev-vecka-50-5\/","url":"https:\/\/wp.kristdemokraterna.se\/regionostergotland\/nyhetsbrev-vecka-50-5\/","name":"Nyhetsbrev vecka 50 - i Region \u00d6sterg\u00f6tland","isPartOf":{"@id":"https:\/\/wp.kristdemokraterna.se\/regionostergotland\/#website"},"datePublished":"2022-12-16T13:50:17+00:00","author":{"@id":"https:\/\/wp.kristdemokraterna.se\/regionostergotland\/#\/schema\/person\/74c3c4f502fcc489722a7be0dfe0088c"},"breadcrumb":{"@id":"https:\/\/wp.kristdemokraterna.se\/regionostergotland\/nyhetsbrev-vecka-50-5\/#breadcrumb"},"inLanguage":"sv-SE","potentialAction":[{"@type":"ReadAction","target":["https:\/\/wp.kristdemokraterna.se\/regionostergotland\/nyhetsbrev-vecka-50-5\/"]}]},{"@type":"BreadcrumbList","@id":"https:\/\/wp.kristdemokraterna.se\/regionostergotland\/nyhetsbrev-vecka-50-5\/#breadcrumb","itemListElement":[{"@type":"ListItem","position":1,"name":"Hem","item":"https:\/\/wp.kristdemokraterna.se\/regionostergotland\/"},{"@type":"ListItem","position":2,"name":"Nyhetsbrev vecka 50"}]},{"@type":"WebSite","@id":"https:\/\/wp.kristdemokraterna.se\/regionostergotland\/#website","url":"https:\/\/wp.kristdemokraterna.se\/regionostergotland\/","name":"i Region \u00d6sterg\u00f6tland","description":"","inLanguage":"sv-SE"},{"@type":"Person","@id":"https:\/\/wp.kristdemokraterna.se\/regionostergotland\/#\/schema\/person\/74c3c4f502fcc489722a7be0dfe0088c","name":"regionostergotland","image":{"@type":"ImageObject","inLanguage":"sv-SE","@id":"https:\/\/secure.gravatar.com\/avatar\/8fb8f0a216e627554da57506bfaf78d677f45512f24f703e185ec701423b1e92?s=96&d=mm&r=g","url":"https:\/\/secure.gravatar.com\/avatar\/8fb8f0a216e627554da57506bfaf78d677f45512f24f703e185ec701423b1e92?s=96&d=mm&r=g","contentUrl":"https:\/\/secure.gravatar.com\/avatar\/8fb8f0a216e627554da57506bfaf78d677f45512f24f703e185ec701423b1e92?s=96&d=mm&r=g","caption":"regionostergotland"},"url":"https:\/\/wp.kristdemokraterna.se\/regionostergotland\/author\/regionostergotland\/"}]}},"_links":{"self":[{"href":"https:\/\/wp.kristdemokraterna.se\/regionostergotland\/wp-json\/wp\/v2\/posts\/2057","targetHints":{"allow":["GET"]}}],"collection":[{"href":"https:\/\/wp.kristdemokraterna.se\/regionostergotland\/wp-json\/wp\/v2\/posts"}],"about":[{"href":"https:\/\/wp.kristdemokraterna.se\/regionostergotland\/wp-json\/wp\/v2\/types\/post"}],"author":[{"embeddable":true,"href":"https:\/\/wp.kristdemokraterna.se\/regionostergotland\/wp-json\/wp\/v2\/users\/737"}],"replies":[{"embeddable":true,"href":"https:\/\/wp.kristdemokraterna.se\/regionostergotland\/wp-json\/wp\/v2\/comments?post=2057"}],"version-history":[{"count":1,"href":"https:\/\/wp.kristdemokraterna.se\/regionostergotland\/wp-json\/wp\/v2\/posts\/2057\/revisions"}],"predecessor-version":[{"id":2059,"href":"https:\/\/wp.kristdemokraterna.se\/regionostergotland\/wp-json\/wp\/v2\/posts\/2057\/revisions\/2059"}],"wp:attachment":[{"href":"https:\/\/wp.kristdemokraterna.se\/regionostergotland\/wp-json\/wp\/v2\/media?parent=2057"}],"wp:term":[{"taxonomy":"category","embeddable":true,"href":"https:\/\/wp.kristdemokraterna.se\/regionostergotland\/wp-json\/wp\/v2\/categories?post=2057"},{"taxonomy":"post_tag","embeddable":true,"href":"https:\/\/wp.kristdemokraterna.se\/regionostergotland\/wp-json\/wp\/v2\/tags?post=2057"}],"curies":[{"name":"wp","href":"https:\/\/api.w.org\/{rel}","templated":true}]}}