{"id":2060,"date":"2023-01-13T16:51:15","date_gmt":"2023-01-13T15:51:15","guid":{"rendered":"https:\/\/wp.kristdemokraterna.se\/regionostergotland\/?p=2060"},"modified":"2023-01-13T16:51:15","modified_gmt":"2023-01-13T15:51:15","slug":"nyhetsbrev-vecka-2-6","status":"publish","type":"post","link":"https:\/\/wp.kristdemokraterna.se\/regionostergotland\/nyhetsbrev-vecka-2-6\/","title":{"rendered":"Nyhetsbrev vecka 2"},"content":{"rendered":"<p>Hej!<\/p>\n<p>Idag \u00e4r det Tjugondag Knut och en del v\u00e4ljer att traditionsenligt ha julgransplundring. Och n\u00e4r adventsljusstakarna plockas bort fr\u00e5n f\u00f6nstren och julperioden g\u00e5r mot sitt slut, \u00e4r ocks\u00e5 nyhetsbrevets jullov \u00f6ver. Den f\u00f6rsta arbetsveckan, inte bara f\u00f6r det nya \u00e5ret, utan f\u00f6r en helt ny mandatperiod, har klarats av. En inneh\u00e5llsrik arbetsvecka med nya roller och nya politikerkollegor p\u00e5 plats. En kort resum\u00e9 kommer h\u00e4r i \u00e5rets och mandatperiodens f\u00f6rsta nyhetsbrev. Trevlig l\u00e4sning!<!--more--><\/p>\n<p><strong>M\u00e5ndagsm\u00f6te med fokus p\u00e5 l\u00e4get i sjukv\u00e5rden<\/strong><br \/>\nN\u00e4r ledningen f\u00f6r \u00d6stg\u00f6tasamverkan, d.v.s. ledningarna f\u00f6r Kristdemokraterna, Moderaterna och Liberalerna i styret f\u00f6r Region \u00d6sterg\u00f6tland, samlades f\u00f6r \u00e5rets f\u00f6rsta m\u00e5ndagsm\u00f6te, var det ocks\u00e5 en ut\u00f6kad samling f\u00f6rtroendevalda p\u00e5 plats. Vi fr\u00e5n Kristdemokraterna har f\u00f6r f\u00f6rsta g\u00e5ngen tv\u00e5 regionr\u00e5d, d\u00e4r Annicki Oscarsson som nytilltr\u00e4dd f\u00f6rste vice ordf\u00f6rande i H\u00e4lso- och sjukv\u00e5rdsn\u00e4mnden \u00e4r min nya kollega. Dessutom \u00e4r Anna Nilsson (M), som ny f\u00f6rste vice ordf\u00f6rande i regionutvecklingsn\u00e4mnden och Annette Ohlsson (M), som ny f\u00f6rste vice ordf\u00f6rande i trafik- och samh\u00e4llsplaneringsn\u00e4mnden, p\u00e5 plats i korridoren. Ut\u00f6ver en hel del planeringsfr\u00e5gor och f\u00f6rberedelser, var f\u00f6rst\u00e5s den stora fr\u00e5gan f\u00f6r m\u00f6tet det aktuella l\u00e4get i den \u00f6stg\u00f6tska h\u00e4lso- och sjukv\u00e5rden. V\u00e5rddirekt\u00f6r Ninnie Borendal Wodlin g\u00e4stade m\u00f6tet, vid sidan av regiondirekt\u00f6r Krister Bj\u00f6rkegren, regionutvecklingsdirekt\u00f6r Richard Wid\u00e9n och kommunikationsdirekt\u00f6r Anna Bowall. Ninnie ber\u00e4ttade om hur helgerna varit i v\u00e5rden, l\u00e4get kring Covid-19, s\u00e4songsinfluensa, RS-virus och hur arbetet ser ut f\u00f6r att l\u00f6sa olika problem nu och fram\u00e5t.<\/p>\n<p><strong>M\u00f6te med f\u00f6reningen Kulturcentrum \u00d6st<\/strong><br \/>\nI h\u00f6stas ber\u00e4ttade jag i ett nyhetsbrev att jag tr\u00e4ffat f\u00f6reningen Kulturcentrum \u00d6st, som arbetar f\u00f6r att skapa en eftergymnasial utbildning inom kulturomr\u00e5det f\u00f6r personer med intellektuell funktionsneds\u00e4ttning, kombinerat med daglig verksamhet och m\u00f6jlighet till praktik och anst\u00e4llningar. P\u00e5 m\u00e5ndagseftermiddagen tr\u00e4ffade det nytilltr\u00e4dda presidiet f\u00f6r regionutvecklingsn\u00e4mnden; jag som ordf\u00f6rande, f\u00f6rste vice ordf\u00f6rande Anna Nilsson (M) och andre vice ordf\u00f6rande Eva Andersson (S), Karin Ganest\u00e5l och Cecilia Lindgren fr\u00e5n f\u00f6reningen. Sedan vi s\u00e5gs sist hade arbetet planerings- och f\u00f6rberedelsearbetet fortg\u00e5tt p\u00e5 ett imponerande s\u00e4tt, och det var intressant att h\u00f6ra om hur olika delar b\u00f6rjar falla p\u00e5 plats, \u00e4ven om f\u00f6rst\u00e5s en hel del avg\u00f6rande fr\u00e5gor \u00e5terst\u00e5r.<\/p>\n<p><strong>Sammantr\u00e4de med Politiska ledningsgruppen<\/strong><br \/>\nI tisdags f\u00f6rmiddag h\u00f6lls \u00e5rets f\u00f6rsta sammantr\u00e4de med Politiska ledningsgruppen (PLG). PLG utg\u00f6rs av presidierna i regionstyrelsen, h\u00e4lso- och sjukv\u00e5rdsn\u00e4mnden, regionutvecklingsn\u00e4mnden och trafik- och samh\u00e4llsplaneringsn\u00e4mnden, samt de partiers gruppledare som inte ing\u00e5r i n\u00e5got av presidierna. Det inneb\u00e4r att Kristdemokraterna denna mandatperiod \u00e4r representerade i PLG av mig som ordf\u00f6rande i regionutvecklingsn\u00e4mnden och av Annicki Oscarsson, som f\u00f6rste vice ordf\u00f6rande i h\u00e4lso- och sjukv\u00e5rdsn\u00e4mnden. P\u00e5 tisdagens sammantr\u00e4de gavs givetvis aktuella l\u00e4gesrapporter b\u00e5de vad g\u00e4ller regionens ekonomi fr\u00e5n ekonomidirekt\u00f6r Josefin Bj\u00e4resten och situationen i h\u00e4lso- och sjukv\u00e5rden fr\u00e5n v\u00e5rddirekt\u00f6r Ninnie Borendal Wodlin. PLG fick ocks\u00e5 en l\u00e4ngre information om kris- och katastrofmedicinskt beredskap fr\u00e5n Rickard Lundin, chef f\u00f6r Katastrofmedicinskt centrum.<\/p>\n<p><strong>Presidiem\u00f6te med regionutvecklingsn\u00e4mndens presidium<\/strong><br \/>\nP\u00e5 onsdagen sammantr\u00e4de regionutvecklingsn\u00e4mndens presidium f\u00f6r f\u00f6rsta g\u00e5ngen denna mandatperiod. Huvudnumret f\u00f6r m\u00f6tet var som brukligt beredning av kommande n\u00e4mndsammantr\u00e4de, d\u00e4r det ut\u00f6ver beslut om bl.a. \u00c5rsplan och budget f\u00f6r n\u00e4mnden och internkontrollplan, blir en del utbildningsinsatser f\u00f6r den nya n\u00e4mnden. Presidiet g\u00e4stades ocks\u00e5 av internationella enheten, med enhetschef Anna Lindberg och strateg Rebecka Swanson, som informerade om \u00e4renden kopplade till regionens engagemang i olika internationella n\u00e4tverk.<\/p>\n<p><strong>Verksamhetsbes\u00f6k p\u00e5 Nordiskt Centrum f\u00f6r kirurgi<\/strong><br \/>\nI g\u00e5r torsdag genomf\u00f6rde vi fr\u00e5n \u00d6stg\u00f6tasamverkan en rad verksamhetsbes\u00f6k inom h\u00e4lso- och sjukv\u00e5rdsomr\u00e5det i Link\u00f6ping. F\u00f6rst ut var ett bes\u00f6k p\u00e5 Nordiskt Centrum f\u00f6r kirurgi, som \u00e4r bel\u00e4get i samma byggnad som Hotel Ekoxen, och har en hel del dagkirurgiska och n\u00e5gra dygnskirurgiska uppdrag fr\u00e5n regionen. Sedan vi senast bes\u00f6kte verksamheten har en ombyggnation skett av delar av lokalerna f\u00f6r att st\u00e4rka kapaciteten i operationsverksamheten. Vi fick en rundvandring i lokalerna och ocks\u00e5 m\u00f6jlighet att diskutera olika fr\u00e5gor kopplat till samarbetet med regionen.<\/p>\n<p><strong>Verksamhetsbes\u00f6k p\u00e5 Kvinnokliniken p\u00e5 Universitetssjukhuset<\/strong><br \/>\nTorsdagen fortsatte med ett bes\u00f6k p\u00e5 Kvinnokliniken p\u00e5 Universitetssjukhuset i Link\u00f6ping, d\u00e4r verksamhetschef Elisabeth Nedstrand, v\u00e5rdenhetschef Karin Emtfors och centrumchef f\u00f6r barn- och kvinnocentrum Tobias Ekenlie, tog emot. Vi bj\u00f6ds \u00e4ven d\u00e4r en rundvandring i lokalerna, bl.a. f\u00f6rbi den framg\u00e5ngsrika operationsavdelningen p\u00e5 mottagningen, Monark. Vi fick ocks\u00e5 information om klinikens olika framg\u00e5ngar och utmaningar.<\/p>\n<p><strong>Verksamhetsbes\u00f6k p\u00e5 Ortopediska kliniken p\u00e5 Universitetssjukhuset<\/strong><br \/>\nN\u00e4sta bes\u00f6k under v\u00e5r bes\u00f6ksdag blev Ortopediska kliniken p\u00e5 Universitetssjukhuset, d\u00e4r centrumchefen f\u00f6r Centrum f\u00f6r kirurgi, ortopedi och cancerv\u00e5rd, Ida D\u00e5nmark, och hela ledningsgruppen f\u00f6r kliniken tog emot. Vi fick en god inblick fr\u00e5n olika yrkesgrupper i arbetet p\u00e5 kliniken och samverkan med andra akt\u00f6rer p\u00e5 och utanf\u00f6r sjukhuset.<br \/>\nVerksamhetsbes\u00f6k hos N\u00e4rsjukv\u00e5rden i Centrala \u00d6sterg\u00f6tland<br \/>\nTorsdagens sista studiebes\u00f6k gick till ledningen f\u00f6r N\u00e4rsjukv\u00e5rden i Centrala \u00d6sterg\u00f6tland, d\u00e4r centrumchef Niklas Hilding och verksamhetscheferna Anna Lundqvist och Pernilla J\u00e4rnvall Hint, ber\u00e4ttade om centrumets olika verksamheter, med s\u00e4rskilt fokus p\u00e5 mobila insatser, och samverkan med kommunerna.<\/p>\n<p><strong>M\u00f6te med v\u00e5rdf\u00f6rbundet<\/strong><br \/>\nIdag fredag hade V\u00e5rdf\u00f6rbundets avdelning i \u00d6sterg\u00f6tland bjudit in oss i \u00d6stg\u00f6tasamverkan till dialog. Marie Morell (M) och jag tr\u00e4ffade Emma Klingvall (ordf\u00f6rande), Helen Esping (vice ordf\u00f6rande), Hedvig Ax\u00e9n och Amanda Barkar\u00f6 fr\u00e5n avdelningsstyrelsen i \u00d6sterg\u00f6tland. Det blev ett bra samtal om framf\u00f6r allt olika v\u00e4gar att f\u00e5 tillbaka sjuksk\u00f6terskor som l\u00e4mnat sina tj\u00e4nster i regionen. Det finns en hel del bra f\u00f6rslag och id\u00e9er!<\/p>\n<p><strong>Tjugondag Knut hos Almi<\/strong><br \/>\nIdag p\u00e5 eftermiddagen bj\u00f6d Almi \u00d6sterg\u00f6tland efter tv\u00e5 \u00e5rs pandemipaus in till sitt traditionsenliga mingel f\u00f6r kunder, medarbetare och akt\u00f6rer i n\u00e4ringslivets st\u00f6dsystem i \u00d6sterg\u00f6tland. Ut\u00f6ver m\u00f6jlighet att tr\u00e4ffas och prata med \u00f6vriga deltagare, har arrangemanget varje \u00e5r ett tema. \u00c5rets tema var James Bond, med tipspromenad, musikunderh\u00e5llning och utsmyckning som v\u00e4l gestaltade temat. Tack f\u00f6r inbjudan och ett trevligt arrangemang!<\/p>\n<p>Nu \u00e4r det snart dags att ta helg och kanske traditionsenligt st\u00e4da undan julen?! Oavsett hur l\u00e5ngt du kommit i julgransplundrandet, hoppas jag att du f\u00e5r en riktigt trevlig helg!<\/p>\n<p>Med v\u00e4nlig h\u00e4lsning<br \/>\nPer Larsson<br \/>\nRegionr\u00e5d &#8211; Ordf\u00f6rande i Regionutvecklingsn\u00e4mnden<br \/>\nGruppledare f\u00f6r Kristdemokraterna i Region \u00d6sterg\u00f6tland<br \/>\ntfn 010-103 72 84 (arb)<br \/>\ntfn 0702-88 21 34 (mobil)<br \/>\nper.larsson@regionostergotland.se<\/p>\n<p>&nbsp;<\/p>\n","protected":false},"excerpt":{"rendered":"<p>Hej! Idag \u00e4r det Tjugondag Knut och en del v\u00e4ljer att traditionsenligt ha julgransplundring. Och n\u00e4r adventsljusstakarna plockas bort fr\u00e5n f\u00f6nstren och julperioden g\u00e5r mot sitt slut, \u00e4r ocks\u00e5 nyhetsbrevets jullov \u00f6ver. Den f\u00f6rsta arbetsveckan, inte bara f\u00f6r det nya \u00e5ret, utan f\u00f6r en helt ny mandatperiod, har klarats av. En inneh\u00e5llsrik arbetsvecka med nya <a class=\"read-more-link\" href=\"https:\/\/wp.kristdemokraterna.se\/regionostergotland\/nyhetsbrev-vecka-2-6\/\">Read More<\/a><\/p>\n","protected":false},"author":737,"featured_media":0,"comment_status":"closed","ping_status":"closed","sticky":false,"template":"","format":"standard","meta":{"_acf_changed":false,"footnotes":""},"categories":[1],"tags":[],"class_list":["post-2060","post","type-post","status-publish","format-standard","hentry","category-nyheter"],"acf":[],"yoast_head":"<!-- This site is optimized with the Yoast SEO plugin v27.5 - https:\/\/yoast.com\/product\/yoast-seo-wordpress\/ -->\n<title>Nyhetsbrev vecka 2 - i Region \u00d6sterg\u00f6tland<\/title>\n<meta name=\"robots\" content=\"index, follow, max-snippet:-1, max-image-preview:large, max-video-preview:-1\" \/>\n<link rel=\"canonical\" href=\"https:\/\/wp.kristdemokraterna.se\/regionostergotland\/nyhetsbrev-vecka-2-6\/\" \/>\n<meta property=\"og:locale\" content=\"sv_SE\" \/>\n<meta property=\"og:type\" content=\"article\" \/>\n<meta property=\"og:title\" content=\"Nyhetsbrev vecka 2 - i Region \u00d6sterg\u00f6tland\" \/>\n<meta property=\"og:description\" content=\"Hej! Idag \u00e4r det Tjugondag Knut och en del v\u00e4ljer att traditionsenligt ha julgransplundring. Och n\u00e4r adventsljusstakarna plockas bort fr\u00e5n f\u00f6nstren och julperioden g\u00e5r mot sitt slut, \u00e4r ocks\u00e5 nyhetsbrevets jullov \u00f6ver. Den f\u00f6rsta arbetsveckan, inte bara f\u00f6r det nya \u00e5ret, utan f\u00f6r en helt ny mandatperiod, har klarats av. En inneh\u00e5llsrik arbetsvecka med nya Read More\" \/>\n<meta property=\"og:url\" content=\"https:\/\/wp.kristdemokraterna.se\/regionostergotland\/nyhetsbrev-vecka-2-6\/\" \/>\n<meta property=\"og:site_name\" content=\"i Region \u00d6sterg\u00f6tland\" \/>\n<meta property=\"article:published_time\" content=\"2023-01-13T15:51:15+00:00\" \/>\n<meta property=\"og:image\" content=\"http:\/\/wp.kristdemokraterna.se\/regionostergotland\/files\/2023\/01\/bild-nyhetsbrev-2023-vecka-2-scaled.jpg\" \/>\n\t<meta property=\"og:image:width\" content=\"2560\" \/>\n\t<meta property=\"og:image:height\" content=\"1334\" \/>\n\t<meta property=\"og:image:type\" content=\"image\/jpeg\" \/>\n<meta name=\"author\" content=\"regionostergotland\" \/>\n<meta name=\"twitter:card\" content=\"summary_large_image\" \/>\n<meta name=\"twitter:label1\" content=\"Skriven av\" \/>\n\t<meta name=\"twitter:data1\" content=\"regionostergotland\" \/>\n\t<meta name=\"twitter:label2\" content=\"Ber\u00e4knad l\u00e4stid\" \/>\n\t<meta name=\"twitter:data2\" content=\"5 minuter\" \/>\n<script type=\"application\/ld+json\" class=\"yoast-schema-graph\">{\"@context\":\"https:\\\/\\\/schema.org\",\"@graph\":[{\"@type\":\"Article\",\"@id\":\"https:\\\/\\\/wp.kristdemokraterna.se\\\/regionostergotland\\\/nyhetsbrev-vecka-2-6\\\/#article\",\"isPartOf\":{\"@id\":\"https:\\\/\\\/wp.kristdemokraterna.se\\\/regionostergotland\\\/nyhetsbrev-vecka-2-6\\\/\"},\"author\":{\"name\":\"regionostergotland\",\"@id\":\"https:\\\/\\\/wp.kristdemokraterna.se\\\/regionostergotland\\\/#\\\/schema\\\/person\\\/74c3c4f502fcc489722a7be0dfe0088c\"},\"headline\":\"Nyhetsbrev vecka 2\",\"datePublished\":\"2023-01-13T15:51:15+00:00\",\"mainEntityOfPage\":{\"@id\":\"https:\\\/\\\/wp.kristdemokraterna.se\\\/regionostergotland\\\/nyhetsbrev-vecka-2-6\\\/\"},\"wordCount\":1241,\"articleSection\":[\"Nyheter\"],\"inLanguage\":\"sv-SE\"},{\"@type\":\"WebPage\",\"@id\":\"https:\\\/\\\/wp.kristdemokraterna.se\\\/regionostergotland\\\/nyhetsbrev-vecka-2-6\\\/\",\"url\":\"https:\\\/\\\/wp.kristdemokraterna.se\\\/regionostergotland\\\/nyhetsbrev-vecka-2-6\\\/\",\"name\":\"Nyhetsbrev vecka 2 - i Region \u00d6sterg\u00f6tland\",\"isPartOf\":{\"@id\":\"https:\\\/\\\/wp.kristdemokraterna.se\\\/regionostergotland\\\/#website\"},\"datePublished\":\"2023-01-13T15:51:15+00:00\",\"author\":{\"@id\":\"https:\\\/\\\/wp.kristdemokraterna.se\\\/regionostergotland\\\/#\\\/schema\\\/person\\\/74c3c4f502fcc489722a7be0dfe0088c\"},\"breadcrumb\":{\"@id\":\"https:\\\/\\\/wp.kristdemokraterna.se\\\/regionostergotland\\\/nyhetsbrev-vecka-2-6\\\/#breadcrumb\"},\"inLanguage\":\"sv-SE\",\"potentialAction\":[{\"@type\":\"ReadAction\",\"target\":[\"https:\\\/\\\/wp.kristdemokraterna.se\\\/regionostergotland\\\/nyhetsbrev-vecka-2-6\\\/\"]}]},{\"@type\":\"BreadcrumbList\",\"@id\":\"https:\\\/\\\/wp.kristdemokraterna.se\\\/regionostergotland\\\/nyhetsbrev-vecka-2-6\\\/#breadcrumb\",\"itemListElement\":[{\"@type\":\"ListItem\",\"position\":1,\"name\":\"Hem\",\"item\":\"https:\\\/\\\/wp.kristdemokraterna.se\\\/regionostergotland\\\/\"},{\"@type\":\"ListItem\",\"position\":2,\"name\":\"Nyhetsbrev vecka 2\"}]},{\"@type\":\"WebSite\",\"@id\":\"https:\\\/\\\/wp.kristdemokraterna.se\\\/regionostergotland\\\/#website\",\"url\":\"https:\\\/\\\/wp.kristdemokraterna.se\\\/regionostergotland\\\/\",\"name\":\"i Region \u00d6sterg\u00f6tland\",\"description\":\"\",\"inLanguage\":\"sv-SE\"},{\"@type\":\"Person\",\"@id\":\"https:\\\/\\\/wp.kristdemokraterna.se\\\/regionostergotland\\\/#\\\/schema\\\/person\\\/74c3c4f502fcc489722a7be0dfe0088c\",\"name\":\"regionostergotland\",\"image\":{\"@type\":\"ImageObject\",\"inLanguage\":\"sv-SE\",\"@id\":\"https:\\\/\\\/secure.gravatar.com\\\/avatar\\\/8fb8f0a216e627554da57506bfaf78d677f45512f24f703e185ec701423b1e92?s=96&d=mm&r=g\",\"url\":\"https:\\\/\\\/secure.gravatar.com\\\/avatar\\\/8fb8f0a216e627554da57506bfaf78d677f45512f24f703e185ec701423b1e92?s=96&d=mm&r=g\",\"contentUrl\":\"https:\\\/\\\/secure.gravatar.com\\\/avatar\\\/8fb8f0a216e627554da57506bfaf78d677f45512f24f703e185ec701423b1e92?s=96&d=mm&r=g\",\"caption\":\"regionostergotland\"},\"url\":\"https:\\\/\\\/wp.kristdemokraterna.se\\\/regionostergotland\\\/author\\\/regionostergotland\\\/\"}]}<\/script>\n<!-- \/ Yoast SEO plugin. -->","yoast_head_json":{"title":"Nyhetsbrev vecka 2 - i Region \u00d6sterg\u00f6tland","robots":{"index":"index","follow":"follow","max-snippet":"max-snippet:-1","max-image-preview":"max-image-preview:large","max-video-preview":"max-video-preview:-1"},"canonical":"https:\/\/wp.kristdemokraterna.se\/regionostergotland\/nyhetsbrev-vecka-2-6\/","og_locale":"sv_SE","og_type":"article","og_title":"Nyhetsbrev vecka 2 - i Region \u00d6sterg\u00f6tland","og_description":"Hej! Idag \u00e4r det Tjugondag Knut och en del v\u00e4ljer att traditionsenligt ha julgransplundring. Och n\u00e4r adventsljusstakarna plockas bort fr\u00e5n f\u00f6nstren och julperioden g\u00e5r mot sitt slut, \u00e4r ocks\u00e5 nyhetsbrevets jullov \u00f6ver. Den f\u00f6rsta arbetsveckan, inte bara f\u00f6r det nya \u00e5ret, utan f\u00f6r en helt ny mandatperiod, har klarats av. En inneh\u00e5llsrik arbetsvecka med nya Read More","og_url":"https:\/\/wp.kristdemokraterna.se\/regionostergotland\/nyhetsbrev-vecka-2-6\/","og_site_name":"i Region \u00d6sterg\u00f6tland","article_published_time":"2023-01-13T15:51:15+00:00","og_image":[{"width":2560,"height":1334,"url":"http:\/\/wp.kristdemokraterna.se\/regionostergotland\/files\/2023\/01\/bild-nyhetsbrev-2023-vecka-2-scaled.jpg","type":"image\/jpeg"}],"author":"regionostergotland","twitter_card":"summary_large_image","twitter_misc":{"Skriven av":"regionostergotland","Ber\u00e4knad l\u00e4stid":"5 minuter"},"schema":{"@context":"https:\/\/schema.org","@graph":[{"@type":"Article","@id":"https:\/\/wp.kristdemokraterna.se\/regionostergotland\/nyhetsbrev-vecka-2-6\/#article","isPartOf":{"@id":"https:\/\/wp.kristdemokraterna.se\/regionostergotland\/nyhetsbrev-vecka-2-6\/"},"author":{"name":"regionostergotland","@id":"https:\/\/wp.kristdemokraterna.se\/regionostergotland\/#\/schema\/person\/74c3c4f502fcc489722a7be0dfe0088c"},"headline":"Nyhetsbrev vecka 2","datePublished":"2023-01-13T15:51:15+00:00","mainEntityOfPage":{"@id":"https:\/\/wp.kristdemokraterna.se\/regionostergotland\/nyhetsbrev-vecka-2-6\/"},"wordCount":1241,"articleSection":["Nyheter"],"inLanguage":"sv-SE"},{"@type":"WebPage","@id":"https:\/\/wp.kristdemokraterna.se\/regionostergotland\/nyhetsbrev-vecka-2-6\/","url":"https:\/\/wp.kristdemokraterna.se\/regionostergotland\/nyhetsbrev-vecka-2-6\/","name":"Nyhetsbrev vecka 2 - i Region \u00d6sterg\u00f6tland","isPartOf":{"@id":"https:\/\/wp.kristdemokraterna.se\/regionostergotland\/#website"},"datePublished":"2023-01-13T15:51:15+00:00","author":{"@id":"https:\/\/wp.kristdemokraterna.se\/regionostergotland\/#\/schema\/person\/74c3c4f502fcc489722a7be0dfe0088c"},"breadcrumb":{"@id":"https:\/\/wp.kristdemokraterna.se\/regionostergotland\/nyhetsbrev-vecka-2-6\/#breadcrumb"},"inLanguage":"sv-SE","potentialAction":[{"@type":"ReadAction","target":["https:\/\/wp.kristdemokraterna.se\/regionostergotland\/nyhetsbrev-vecka-2-6\/"]}]},{"@type":"BreadcrumbList","@id":"https:\/\/wp.kristdemokraterna.se\/regionostergotland\/nyhetsbrev-vecka-2-6\/#breadcrumb","itemListElement":[{"@type":"ListItem","position":1,"name":"Hem","item":"https:\/\/wp.kristdemokraterna.se\/regionostergotland\/"},{"@type":"ListItem","position":2,"name":"Nyhetsbrev vecka 2"}]},{"@type":"WebSite","@id":"https:\/\/wp.kristdemokraterna.se\/regionostergotland\/#website","url":"https:\/\/wp.kristdemokraterna.se\/regionostergotland\/","name":"i Region \u00d6sterg\u00f6tland","description":"","inLanguage":"sv-SE"},{"@type":"Person","@id":"https:\/\/wp.kristdemokraterna.se\/regionostergotland\/#\/schema\/person\/74c3c4f502fcc489722a7be0dfe0088c","name":"regionostergotland","image":{"@type":"ImageObject","inLanguage":"sv-SE","@id":"https:\/\/secure.gravatar.com\/avatar\/8fb8f0a216e627554da57506bfaf78d677f45512f24f703e185ec701423b1e92?s=96&d=mm&r=g","url":"https:\/\/secure.gravatar.com\/avatar\/8fb8f0a216e627554da57506bfaf78d677f45512f24f703e185ec701423b1e92?s=96&d=mm&r=g","contentUrl":"https:\/\/secure.gravatar.com\/avatar\/8fb8f0a216e627554da57506bfaf78d677f45512f24f703e185ec701423b1e92?s=96&d=mm&r=g","caption":"regionostergotland"},"url":"https:\/\/wp.kristdemokraterna.se\/regionostergotland\/author\/regionostergotland\/"}]}},"_links":{"self":[{"href":"https:\/\/wp.kristdemokraterna.se\/regionostergotland\/wp-json\/wp\/v2\/posts\/2060","targetHints":{"allow":["GET"]}}],"collection":[{"href":"https:\/\/wp.kristdemokraterna.se\/regionostergotland\/wp-json\/wp\/v2\/posts"}],"about":[{"href":"https:\/\/wp.kristdemokraterna.se\/regionostergotland\/wp-json\/wp\/v2\/types\/post"}],"author":[{"embeddable":true,"href":"https:\/\/wp.kristdemokraterna.se\/regionostergotland\/wp-json\/wp\/v2\/users\/737"}],"replies":[{"embeddable":true,"href":"https:\/\/wp.kristdemokraterna.se\/regionostergotland\/wp-json\/wp\/v2\/comments?post=2060"}],"version-history":[{"count":1,"href":"https:\/\/wp.kristdemokraterna.se\/regionostergotland\/wp-json\/wp\/v2\/posts\/2060\/revisions"}],"predecessor-version":[{"id":2062,"href":"https:\/\/wp.kristdemokraterna.se\/regionostergotland\/wp-json\/wp\/v2\/posts\/2060\/revisions\/2062"}],"wp:attachment":[{"href":"https:\/\/wp.kristdemokraterna.se\/regionostergotland\/wp-json\/wp\/v2\/media?parent=2060"}],"wp:term":[{"taxonomy":"category","embeddable":true,"href":"https:\/\/wp.kristdemokraterna.se\/regionostergotland\/wp-json\/wp\/v2\/categories?post=2060"},{"taxonomy":"post_tag","embeddable":true,"href":"https:\/\/wp.kristdemokraterna.se\/regionostergotland\/wp-json\/wp\/v2\/tags?post=2060"}],"curies":[{"name":"wp","href":"https:\/\/api.w.org\/{rel}","templated":true}]}}