{"id":2063,"date":"2023-01-20T16:44:34","date_gmt":"2023-01-20T15:44:34","guid":{"rendered":"https:\/\/wp.kristdemokraterna.se\/regionostergotland\/?p=2063"},"modified":"2023-01-20T16:44:34","modified_gmt":"2023-01-20T15:44:34","slug":"nyhetsbrev-vecka-3-6","status":"publish","type":"post","link":"https:\/\/wp.kristdemokraterna.se\/regionostergotland\/nyhetsbrev-vecka-3-6\/","title":{"rendered":"Nyhetsbrev vecka 3"},"content":{"rendered":"<p>Hej!<\/p>\n<p>\u00c5rets andra arbetsvecka g\u00e5r mot sitt slut, och det \u00e4r dags att f\u00f6rs\u00f6ka g\u00f6ra n\u00e5gra sammanfattande nedslag i veckans nyhetsbrev. Som \u00e5terkommer i flera av punkterna nedan, \u00e4r den klart dominerande fr\u00e5gan i regionpolitiken, den anstr\u00e4ngda situationen i den \u00f6stg\u00f6tska h\u00e4lso- och sjukv\u00e5rden, och vad som beh\u00f6ver g\u00f6ras f\u00f6r att v\u00e4nda den i positiv riktning. Men, mycket annat har ocks\u00e5 hunnits med, och h\u00e4r kommer n\u00e5gra korta axplock fr\u00e5n veckan. Trevlig l\u00e4sning!<!--more--><\/p>\n<p><strong>Tv\u00e5dagarsm\u00f6te med \u00d6stg\u00f6tasamverkan och regionledning<\/strong><br \/>\nVeckan b\u00f6rjade med ett tv\u00e5dagarsm\u00f6te mellan ledningen f\u00f6r \u00d6stg\u00f6tasamverkan (Kristdemokraterna, Moderaterna, Liberalerna) och regionens tj\u00e4nstepersonledning. M\u00f6tet, som \u00e4gde rum p\u00e5 Storg\u00e5rden i Rimforsa, inneh\u00f6ll f\u00f6rsta dagen gemensamt m\u00f6te mellan politiker och tj\u00e4nstepersoner, medan vi under andra dagen sammantr\u00e4dde var f\u00f6r sig. Huvud\u00e4rendet f\u00f6r f\u00f6rsta dagen var genomg\u00e5ng av \u00e5rsplanerna f\u00f6r regionutvecklingsn\u00e4mnden, trafik- och samh\u00e4llsplaneringsn\u00e4mnden, h\u00e4lso- och sjukv\u00e5rdsn\u00e4mnden och regionstyrelsen. Hur hanterar respektive n\u00e4mnd de uppdrag som regionfullm\u00e4ktige gav genom Tre\u00e5rsbudgeten? Vilka behov finns p\u00e5 l\u00e4ngre sikt? Hur kan samverkan mellan n\u00e4mnderna st\u00e4rkas? En hel del olika fr\u00e5gor hann dryftas, och det \u00e4r v\u00e4rdefullt att kunna g\u00f6ra det tillsammans och vid sidan av ordinarie m\u00f6teskalendarium.<\/p>\n<p><strong>Gruppm\u00f6te med Kristdemokraternas regiongrupp<\/strong><br \/>\nTillbaka i regionhuset i Link\u00f6ping v\u00e4ntade p\u00e5 tisdagseftermiddagen och kv\u00e4llen \u00e5rets f\u00f6rsta gruppm\u00f6te med Kristdemokraternas regiongrupp. Enligt modell fr\u00e5n de tv\u00e5 senaste mandatperioderna, inleddes kv\u00e4llen med n\u00e4mndvisa gruppm\u00f6ten tillsammans med Moderaterna och Liberalerna inf\u00f6r mandatperiodens f\u00f6rsta omg\u00e5ng n\u00e4mndsammantr\u00e4den i m\u00e5nadsskiftet januari-februari. P\u00e5 Kristdemokraternas eget gruppm\u00f6te, som var v\u00e4lbes\u00f6kt, \u00e4gnades en hel del tid till att diskutera det mycket anstr\u00e4ngda l\u00e4get i den \u00f6stg\u00f6tska h\u00e4lso- och sjukv\u00e5rden. M\u00e5nga har egna erfarenheter, intryck fr\u00e5n familjemedlemmar, v\u00e4nner, grannar och arbetskamrater, som precis som v\u00e5ra verksamhetsbes\u00f6k i v\u00e5rden och m\u00f6ten med verksamhetschefer o.s.v., kompletterar officiella rapporter om l\u00e4get. Mitt i alla bekymmer \u00e4r det gl\u00e4djande att det i Kristdemokraternas regiongrupp finns ett starkt engagemang och m\u00e5nga kloka synpunkter och medskick till det fortsatta arbetet. Stort tack f\u00f6r det!<\/p>\n<p><strong>Verksamhetsbes\u00f6k p\u00e5 akutkliniken p\u00e5 Vrinnevisjukhuset<\/strong><br \/>\nOnsdagen startade med att vi fr\u00e5n \u00d6stg\u00f6tasamverkan gjorde ett verksamhetsbes\u00f6k p\u00e5 akutkliniken p\u00e5 Vrinnevisjukhuset, d\u00e4r verksamhetschef Pamela M\u00e5rdh Arkler och \u00f6vriga klinikledningen tog emot. De ber\u00e4ttade b\u00e5de om framg\u00e5ngar och arbete att vara stolt \u00f6ver, men framf\u00f6r allt om de stora problem akutkliniken drabbas av, som ett resultat av att b\u00e5de prim\u00e4rv\u00e5rd och slutenv\u00e5rd p\u00e5 sjukhuset har stora problem med bemanning och d\u00e4rmed v\u00e5rdplatsbrist. N\u00e4r v\u00e5rdcentralen inte kan ta emot, blir akutkliniken alternativet, och n\u00e4r avdelningarna p\u00e5 sjukhuset inte har tillr\u00e4cklig v\u00e5rdplatskapacitet, blir patienter kvar p\u00e5 akuten. Trots alla problem, ett mycket bra och informativt bes\u00f6k!<\/p>\n<p><strong>Verksamhetsbes\u00f6k p\u00e5 kirurgkliniken p\u00e5 Vrinnevisjukhuset<\/strong><br \/>\nDagen fortsatte med bes\u00f6k p\u00e5 kirurgkliniken p\u00e5 Vrinnevisjukhuset d\u00e4r Lars L\u00f6nn och \u00f6vriga klinikledningen tog emot. \u00c4ven h\u00e4r fick vi en god inblick i klinikens arbete, d\u00e4r det i grunden \u00e4r en klinik som har ansvar f\u00f6r flera diagnoser f\u00f6r hela regionen och vissa ocks\u00e5 f\u00f6r syd\u00f6stra sjukv\u00e5rdsregionen. Nu finns det, precis som p\u00e5 flera andra h\u00e5ll, problem att klara sitt uppdrag fullt ut, med tanke p\u00e5 framf\u00f6r allt personalbrist och d\u00e4rmed minskat antal v\u00e5rdplatser. Det finns dock en st\u00e5r vilja att hitta olika l\u00f6sningar f\u00f6r att hantera situationen, men det st\u00e5r helt klart att det beh\u00f6vs \u00e5tg\u00e4rder f\u00f6r att st\u00e4rka inte minst sjuksk\u00f6terskebemanningen.<\/p>\n<p><strong>Verksamhetsbes\u00f6k p\u00e5 Tannefors v\u00e5rdcentral<\/strong><br \/>\nP\u00e5 onsdagseftermiddagen var det dags f\u00f6r verksamhetsbes\u00f6k inom prim\u00e4rv\u00e5rden, d\u00e4r vi delade upp oss p\u00e5 olika v\u00e5rdcentraler. Jag hade gl\u00e4djen att bes\u00f6ka v\u00e4lfungerande Tannefors v\u00e5rdcentral i Link\u00f6ping, d\u00e4r verksamhetschef Anna Wingerup tog emot. Ett bra samtal om bl.a. goda exempel fr\u00e5n v\u00e5rdcentralens arbete, relationen till sjukhusv\u00e5rden och behov av st\u00f6rre lokaler. Stort tack f\u00f6r trevligt bes\u00f6k!<\/p>\n<p><strong>Kristdemokraternas regiongruppledare i m\u00f6te med socialdepartementet<\/strong><br \/>\nI g\u00e5r torsdag inleddes dagen med ett digitalt m\u00f6te mellan Kristdemokraternas gruppledare runt om i Sveriges regioner och Miriam S\u00f6derstr\u00f6m, statssekreterare och Edvin Bernhardsson, politiskt sakkunnig hos sjukv\u00e5rdsminister Acko Ankarberg Johansson. De gick igenom aktuella fr\u00e5gor p\u00e5 ministerns bord och en del vad som \u00e4r p\u00e5 g\u00e5ng fram\u00e5t. V\u00e4rdefullt att f\u00e5 denna m\u00f6jlighet till information och diskussion med socialdepartementet.<\/p>\n<p><strong>Temadag p\u00e5 Vreta Kluster om lokal mat i offentliga k\u00f6k<\/strong><br \/>\nIdag fredag bj\u00f6d regionens hub f\u00f6r de gr\u00f6na n\u00e4ringarna, Vreta Kluster, in till en temadag om hur vi kan \u00f6ka andelen lokal mat i offentliga k\u00f6k i \u00d6sterg\u00f6tland. Vi fick flera intressanta f\u00f6redragningar, b\u00e5de fr\u00e5n \u00f6stg\u00f6tska livsmedelsproducenter, grossister, LRF och representanter f\u00f6r kommunernas kostavdelningar. En rapportpunkt fr\u00e5n regeringens politik p\u00e5 omr\u00e5det fanns ocks\u00e5, med medverkan fr\u00e5n Kristdemokraternas \u00f6stg\u00f6tske riksdagsledamot Magnus Oscarsson. Bra program och m\u00f6jlighet till samtal med olika akt\u00f6rer i pauser!<\/p>\n<p>D\u00e5 \u00e5terst\u00e5r bara f\u00f6r mig att \u00f6nska er alla en riktigt trevlig helg!<\/p>\n<p>Med v\u00e4nlig h\u00e4lsning<br \/>\nPer Larsson<br \/>\nRegionr\u00e5d o Ordf\u00f6rande i Regionutvecklingsn\u00e4mnden<br \/>\nGruppledare f\u00f6r Kristdemokraterna i Region \u00d6sterg\u00f6tland<br \/>\ntfn 010-103 72 84 (arb)<br \/>\ntfn 0702-88 21 34 (mobil)<br \/>\nper.larsson@regionostergotland.se<\/p>\n<p>&nbsp;<\/p>\n","protected":false},"excerpt":{"rendered":"<p>Hej! \u00c5rets andra arbetsvecka g\u00e5r mot sitt slut, och det \u00e4r dags att f\u00f6rs\u00f6ka g\u00f6ra n\u00e5gra sammanfattande nedslag i veckans nyhetsbrev. Som \u00e5terkommer i flera av punkterna nedan, \u00e4r den klart dominerande fr\u00e5gan i regionpolitiken, den anstr\u00e4ngda situationen i den \u00f6stg\u00f6tska h\u00e4lso- och sjukv\u00e5rden, och vad som beh\u00f6ver g\u00f6ras f\u00f6r att v\u00e4nda den i positiv <a class=\"read-more-link\" href=\"https:\/\/wp.kristdemokraterna.se\/regionostergotland\/nyhetsbrev-vecka-3-6\/\">Read More<\/a><\/p>\n","protected":false},"author":737,"featured_media":0,"comment_status":"closed","ping_status":"closed","sticky":false,"template":"","format":"standard","meta":{"_acf_changed":false,"footnotes":""},"categories":[1],"tags":[],"class_list":["post-2063","post","type-post","status-publish","format-standard","hentry","category-nyheter"],"acf":[],"yoast_head":"<!-- This site is optimized with the Yoast SEO plugin v27.5 - https:\/\/yoast.com\/product\/yoast-seo-wordpress\/ -->\n<title>Nyhetsbrev vecka 3 - i Region \u00d6sterg\u00f6tland<\/title>\n<meta name=\"robots\" content=\"index, follow, max-snippet:-1, max-image-preview:large, max-video-preview:-1\" \/>\n<link rel=\"canonical\" href=\"https:\/\/wp.kristdemokraterna.se\/regionostergotland\/nyhetsbrev-vecka-3-6\/\" \/>\n<meta property=\"og:locale\" content=\"sv_SE\" \/>\n<meta property=\"og:type\" content=\"article\" \/>\n<meta property=\"og:title\" content=\"Nyhetsbrev vecka 3 - i Region \u00d6sterg\u00f6tland\" \/>\n<meta property=\"og:description\" content=\"Hej! \u00c5rets andra arbetsvecka g\u00e5r mot sitt slut, och det \u00e4r dags att f\u00f6rs\u00f6ka g\u00f6ra n\u00e5gra sammanfattande nedslag i veckans nyhetsbrev. Som \u00e5terkommer i flera av punkterna nedan, \u00e4r den klart dominerande fr\u00e5gan i regionpolitiken, den anstr\u00e4ngda situationen i den \u00f6stg\u00f6tska h\u00e4lso- och sjukv\u00e5rden, och vad som beh\u00f6ver g\u00f6ras f\u00f6r att v\u00e4nda den i positiv Read More\" \/>\n<meta property=\"og:url\" content=\"https:\/\/wp.kristdemokraterna.se\/regionostergotland\/nyhetsbrev-vecka-3-6\/\" \/>\n<meta property=\"og:site_name\" content=\"i Region \u00d6sterg\u00f6tland\" \/>\n<meta property=\"article:published_time\" content=\"2023-01-20T15:44:34+00:00\" \/>\n<meta property=\"og:image\" content=\"http:\/\/wp.kristdemokraterna.se\/regionostergotland\/files\/2023\/01\/bild-nyhetsbrev-2023-vecka-3-1024x533.jpg\" \/>\n\t<meta property=\"og:image:width\" content=\"1024\" \/>\n\t<meta property=\"og:image:height\" content=\"533\" \/>\n\t<meta property=\"og:image:type\" content=\"image\/jpeg\" \/>\n<meta name=\"author\" content=\"regionostergotland\" \/>\n<meta name=\"twitter:card\" content=\"summary_large_image\" \/>\n<meta name=\"twitter:label1\" content=\"Skriven av\" \/>\n\t<meta name=\"twitter:data1\" content=\"regionostergotland\" \/>\n\t<meta name=\"twitter:label2\" content=\"Ber\u00e4knad l\u00e4stid\" \/>\n\t<meta name=\"twitter:data2\" content=\"4 minuter\" \/>\n<script type=\"application\/ld+json\" class=\"yoast-schema-graph\">{\"@context\":\"https:\\\/\\\/schema.org\",\"@graph\":[{\"@type\":\"Article\",\"@id\":\"https:\\\/\\\/wp.kristdemokraterna.se\\\/regionostergotland\\\/nyhetsbrev-vecka-3-6\\\/#article\",\"isPartOf\":{\"@id\":\"https:\\\/\\\/wp.kristdemokraterna.se\\\/regionostergotland\\\/nyhetsbrev-vecka-3-6\\\/\"},\"author\":{\"name\":\"regionostergotland\",\"@id\":\"https:\\\/\\\/wp.kristdemokraterna.se\\\/regionostergotland\\\/#\\\/schema\\\/person\\\/74c3c4f502fcc489722a7be0dfe0088c\"},\"headline\":\"Nyhetsbrev vecka 3\",\"datePublished\":\"2023-01-20T15:44:34+00:00\",\"mainEntityOfPage\":{\"@id\":\"https:\\\/\\\/wp.kristdemokraterna.se\\\/regionostergotland\\\/nyhetsbrev-vecka-3-6\\\/\"},\"wordCount\":967,\"articleSection\":[\"Nyheter\"],\"inLanguage\":\"sv-SE\"},{\"@type\":\"WebPage\",\"@id\":\"https:\\\/\\\/wp.kristdemokraterna.se\\\/regionostergotland\\\/nyhetsbrev-vecka-3-6\\\/\",\"url\":\"https:\\\/\\\/wp.kristdemokraterna.se\\\/regionostergotland\\\/nyhetsbrev-vecka-3-6\\\/\",\"name\":\"Nyhetsbrev vecka 3 - i Region \u00d6sterg\u00f6tland\",\"isPartOf\":{\"@id\":\"https:\\\/\\\/wp.kristdemokraterna.se\\\/regionostergotland\\\/#website\"},\"datePublished\":\"2023-01-20T15:44:34+00:00\",\"author\":{\"@id\":\"https:\\\/\\\/wp.kristdemokraterna.se\\\/regionostergotland\\\/#\\\/schema\\\/person\\\/74c3c4f502fcc489722a7be0dfe0088c\"},\"breadcrumb\":{\"@id\":\"https:\\\/\\\/wp.kristdemokraterna.se\\\/regionostergotland\\\/nyhetsbrev-vecka-3-6\\\/#breadcrumb\"},\"inLanguage\":\"sv-SE\",\"potentialAction\":[{\"@type\":\"ReadAction\",\"target\":[\"https:\\\/\\\/wp.kristdemokraterna.se\\\/regionostergotland\\\/nyhetsbrev-vecka-3-6\\\/\"]}]},{\"@type\":\"BreadcrumbList\",\"@id\":\"https:\\\/\\\/wp.kristdemokraterna.se\\\/regionostergotland\\\/nyhetsbrev-vecka-3-6\\\/#breadcrumb\",\"itemListElement\":[{\"@type\":\"ListItem\",\"position\":1,\"name\":\"Hem\",\"item\":\"https:\\\/\\\/wp.kristdemokraterna.se\\\/regionostergotland\\\/\"},{\"@type\":\"ListItem\",\"position\":2,\"name\":\"Nyhetsbrev vecka 3\"}]},{\"@type\":\"WebSite\",\"@id\":\"https:\\\/\\\/wp.kristdemokraterna.se\\\/regionostergotland\\\/#website\",\"url\":\"https:\\\/\\\/wp.kristdemokraterna.se\\\/regionostergotland\\\/\",\"name\":\"i Region \u00d6sterg\u00f6tland\",\"description\":\"\",\"inLanguage\":\"sv-SE\"},{\"@type\":\"Person\",\"@id\":\"https:\\\/\\\/wp.kristdemokraterna.se\\\/regionostergotland\\\/#\\\/schema\\\/person\\\/74c3c4f502fcc489722a7be0dfe0088c\",\"name\":\"regionostergotland\",\"image\":{\"@type\":\"ImageObject\",\"inLanguage\":\"sv-SE\",\"@id\":\"https:\\\/\\\/secure.gravatar.com\\\/avatar\\\/8fb8f0a216e627554da57506bfaf78d677f45512f24f703e185ec701423b1e92?s=96&d=mm&r=g\",\"url\":\"https:\\\/\\\/secure.gravatar.com\\\/avatar\\\/8fb8f0a216e627554da57506bfaf78d677f45512f24f703e185ec701423b1e92?s=96&d=mm&r=g\",\"contentUrl\":\"https:\\\/\\\/secure.gravatar.com\\\/avatar\\\/8fb8f0a216e627554da57506bfaf78d677f45512f24f703e185ec701423b1e92?s=96&d=mm&r=g\",\"caption\":\"regionostergotland\"},\"url\":\"https:\\\/\\\/wp.kristdemokraterna.se\\\/regionostergotland\\\/author\\\/regionostergotland\\\/\"}]}<\/script>\n<!-- \/ Yoast SEO plugin. -->","yoast_head_json":{"title":"Nyhetsbrev vecka 3 - i Region \u00d6sterg\u00f6tland","robots":{"index":"index","follow":"follow","max-snippet":"max-snippet:-1","max-image-preview":"max-image-preview:large","max-video-preview":"max-video-preview:-1"},"canonical":"https:\/\/wp.kristdemokraterna.se\/regionostergotland\/nyhetsbrev-vecka-3-6\/","og_locale":"sv_SE","og_type":"article","og_title":"Nyhetsbrev vecka 3 - i Region \u00d6sterg\u00f6tland","og_description":"Hej! \u00c5rets andra arbetsvecka g\u00e5r mot sitt slut, och det \u00e4r dags att f\u00f6rs\u00f6ka g\u00f6ra n\u00e5gra sammanfattande nedslag i veckans nyhetsbrev. Som \u00e5terkommer i flera av punkterna nedan, \u00e4r den klart dominerande fr\u00e5gan i regionpolitiken, den anstr\u00e4ngda situationen i den \u00f6stg\u00f6tska h\u00e4lso- och sjukv\u00e5rden, och vad som beh\u00f6ver g\u00f6ras f\u00f6r att v\u00e4nda den i positiv Read More","og_url":"https:\/\/wp.kristdemokraterna.se\/regionostergotland\/nyhetsbrev-vecka-3-6\/","og_site_name":"i Region \u00d6sterg\u00f6tland","article_published_time":"2023-01-20T15:44:34+00:00","og_image":[{"width":1024,"height":533,"url":"http:\/\/wp.kristdemokraterna.se\/regionostergotland\/files\/2023\/01\/bild-nyhetsbrev-2023-vecka-3-1024x533.jpg","type":"image\/jpeg"}],"author":"regionostergotland","twitter_card":"summary_large_image","twitter_misc":{"Skriven av":"regionostergotland","Ber\u00e4knad l\u00e4stid":"4 minuter"},"schema":{"@context":"https:\/\/schema.org","@graph":[{"@type":"Article","@id":"https:\/\/wp.kristdemokraterna.se\/regionostergotland\/nyhetsbrev-vecka-3-6\/#article","isPartOf":{"@id":"https:\/\/wp.kristdemokraterna.se\/regionostergotland\/nyhetsbrev-vecka-3-6\/"},"author":{"name":"regionostergotland","@id":"https:\/\/wp.kristdemokraterna.se\/regionostergotland\/#\/schema\/person\/74c3c4f502fcc489722a7be0dfe0088c"},"headline":"Nyhetsbrev vecka 3","datePublished":"2023-01-20T15:44:34+00:00","mainEntityOfPage":{"@id":"https:\/\/wp.kristdemokraterna.se\/regionostergotland\/nyhetsbrev-vecka-3-6\/"},"wordCount":967,"articleSection":["Nyheter"],"inLanguage":"sv-SE"},{"@type":"WebPage","@id":"https:\/\/wp.kristdemokraterna.se\/regionostergotland\/nyhetsbrev-vecka-3-6\/","url":"https:\/\/wp.kristdemokraterna.se\/regionostergotland\/nyhetsbrev-vecka-3-6\/","name":"Nyhetsbrev vecka 3 - i Region \u00d6sterg\u00f6tland","isPartOf":{"@id":"https:\/\/wp.kristdemokraterna.se\/regionostergotland\/#website"},"datePublished":"2023-01-20T15:44:34+00:00","author":{"@id":"https:\/\/wp.kristdemokraterna.se\/regionostergotland\/#\/schema\/person\/74c3c4f502fcc489722a7be0dfe0088c"},"breadcrumb":{"@id":"https:\/\/wp.kristdemokraterna.se\/regionostergotland\/nyhetsbrev-vecka-3-6\/#breadcrumb"},"inLanguage":"sv-SE","potentialAction":[{"@type":"ReadAction","target":["https:\/\/wp.kristdemokraterna.se\/regionostergotland\/nyhetsbrev-vecka-3-6\/"]}]},{"@type":"BreadcrumbList","@id":"https:\/\/wp.kristdemokraterna.se\/regionostergotland\/nyhetsbrev-vecka-3-6\/#breadcrumb","itemListElement":[{"@type":"ListItem","position":1,"name":"Hem","item":"https:\/\/wp.kristdemokraterna.se\/regionostergotland\/"},{"@type":"ListItem","position":2,"name":"Nyhetsbrev vecka 3"}]},{"@type":"WebSite","@id":"https:\/\/wp.kristdemokraterna.se\/regionostergotland\/#website","url":"https:\/\/wp.kristdemokraterna.se\/regionostergotland\/","name":"i Region \u00d6sterg\u00f6tland","description":"","inLanguage":"sv-SE"},{"@type":"Person","@id":"https:\/\/wp.kristdemokraterna.se\/regionostergotland\/#\/schema\/person\/74c3c4f502fcc489722a7be0dfe0088c","name":"regionostergotland","image":{"@type":"ImageObject","inLanguage":"sv-SE","@id":"https:\/\/secure.gravatar.com\/avatar\/8fb8f0a216e627554da57506bfaf78d677f45512f24f703e185ec701423b1e92?s=96&d=mm&r=g","url":"https:\/\/secure.gravatar.com\/avatar\/8fb8f0a216e627554da57506bfaf78d677f45512f24f703e185ec701423b1e92?s=96&d=mm&r=g","contentUrl":"https:\/\/secure.gravatar.com\/avatar\/8fb8f0a216e627554da57506bfaf78d677f45512f24f703e185ec701423b1e92?s=96&d=mm&r=g","caption":"regionostergotland"},"url":"https:\/\/wp.kristdemokraterna.se\/regionostergotland\/author\/regionostergotland\/"}]}},"_links":{"self":[{"href":"https:\/\/wp.kristdemokraterna.se\/regionostergotland\/wp-json\/wp\/v2\/posts\/2063","targetHints":{"allow":["GET"]}}],"collection":[{"href":"https:\/\/wp.kristdemokraterna.se\/regionostergotland\/wp-json\/wp\/v2\/posts"}],"about":[{"href":"https:\/\/wp.kristdemokraterna.se\/regionostergotland\/wp-json\/wp\/v2\/types\/post"}],"author":[{"embeddable":true,"href":"https:\/\/wp.kristdemokraterna.se\/regionostergotland\/wp-json\/wp\/v2\/users\/737"}],"replies":[{"embeddable":true,"href":"https:\/\/wp.kristdemokraterna.se\/regionostergotland\/wp-json\/wp\/v2\/comments?post=2063"}],"version-history":[{"count":1,"href":"https:\/\/wp.kristdemokraterna.se\/regionostergotland\/wp-json\/wp\/v2\/posts\/2063\/revisions"}],"predecessor-version":[{"id":2065,"href":"https:\/\/wp.kristdemokraterna.se\/regionostergotland\/wp-json\/wp\/v2\/posts\/2063\/revisions\/2065"}],"wp:attachment":[{"href":"https:\/\/wp.kristdemokraterna.se\/regionostergotland\/wp-json\/wp\/v2\/media?parent=2063"}],"wp:term":[{"taxonomy":"category","embeddable":true,"href":"https:\/\/wp.kristdemokraterna.se\/regionostergotland\/wp-json\/wp\/v2\/categories?post=2063"},{"taxonomy":"post_tag","embeddable":true,"href":"https:\/\/wp.kristdemokraterna.se\/regionostergotland\/wp-json\/wp\/v2\/tags?post=2063"}],"curies":[{"name":"wp","href":"https:\/\/api.w.org\/{rel}","templated":true}]}}