{"id":2066,"date":"2023-01-27T15:37:38","date_gmt":"2023-01-27T14:37:38","guid":{"rendered":"https:\/\/wp.kristdemokraterna.se\/regionostergotland\/?p=2066"},"modified":"2023-01-27T15:37:38","modified_gmt":"2023-01-27T14:37:38","slug":"nyhetsbrev-vecka-4-6","status":"publish","type":"post","link":"https:\/\/wp.kristdemokraterna.se\/regionostergotland\/nyhetsbrev-vecka-4-6\/","title":{"rendered":"Nyhetsbrev vecka 4"},"content":{"rendered":"<p>Hej!<\/p>\n<p>\u00c4nnu en inneh\u00e5llsrik vecka i regionpolitiken g\u00e5r mot sitt slut. N\u00e4r vi i tisdags f\u00f6rmiddag hade en presstr\u00e4ff utomhus var det lite sm\u00e5kyligt, medan det b\u00e5de ig\u00e5r och idag har varit solsken utanf\u00f6r f\u00f6nstret n\u00e4r sammantr\u00e4den p\u00e5g\u00e5tt inomhus. Men n\u00e4r gl\u00e4djande nyheter presenteras spelar utomhustemperaturen mindre roll, och solsken l\u00e4ttar upp \u00e4ven om det besk\u00e5das genom ett f\u00f6nster\u2026 En sammanfattning av veckans utomhus- och inomhusaktiviteter kommer h\u00e4r i veckans nyhetsbrev. Trevlig l\u00e4sning!<!--more--><\/p>\n<p><strong>Medverkan p\u00e5 utbildningsdag f\u00f6r Liberalerna<\/strong><br \/>\nI l\u00f6rdags i f\u00f6rra veckan hade jag gl\u00e4djen att g\u00e4sta en utbildningsdag f\u00f6r v\u00e5rt samarbetsparti Liberalerna i Region \u00d6sterg\u00f6tland. Jag hade uppdraget att ber\u00e4tta om regionutvecklingsn\u00e4mnden, ansvarsomr\u00e5den enligt regionens reglemente, n\u00e4mndens olika verktyg och vilka uppdrag n\u00e4mnden f\u00e5tt i \u00d6stg\u00f6tasamverkans Tre\u00e5rsbudget 2023-2025. Tack f\u00f6r att jag fick g\u00e4sta er och f\u00f6r bra fr\u00e5gor och medskick!<\/p>\n<p><strong>M\u00e5ndagsm\u00f6te med fokus p\u00e5 l\u00e4get i v\u00e5rden<\/strong><br \/>\nVeckans m\u00e5ndagsm\u00f6te hade m\u00e5nga olika fr\u00e5gor p\u00e5 dagordningen, men f\u00f6rst\u00e5s \u00e4gnades mycket tid, kraft och engagemang \u00e5t det mycket besv\u00e4rliga l\u00e4ge h\u00e4lso- och sjukv\u00e5rden befinner sig i, fr\u00e4mst beroende p\u00e5 de l\u00e5ngvariga problem med bemanning av framf\u00f6rallt sjuksk\u00f6terskor som skapat stor v\u00e5rdplatsbrist och d\u00e4rmed f\u00f6rs\u00e4mrad tillg\u00e4nglighet och i f\u00f6rl\u00e4ngningen d\u00e5lig ekonomi f\u00f6r v\u00e5rden. Regiondirekt\u00f6r Krister Bj\u00f6rkegren, v\u00e5rddirekt\u00f6r Ninnie Borendal Wodlin, HR-direkt\u00f6r Ingegerd Engqvist och ekonomidirekt\u00f6r Josefin Bj\u00e4resten belyste l\u00e4get utifr\u00e5n olika perspektiv.<\/p>\n<p><strong>Presskonferens om beslut att \u00e5terinf\u00f6ra busstrafik<\/strong><br \/>\nP\u00e5 tisdagsf\u00f6rmiddagen bj\u00f6d vi fr\u00e5n \u00d6stg\u00f6tasamverkan in till presstr\u00e4ff vid en bussh\u00e5llplats i Get\u00e5 l\u00e4ngs med Strandv\u00e4gen utanf\u00f6r Norrk\u00f6ping. \u00c4mnet f\u00f6r presstr\u00e4ffen var att ber\u00e4tta om det beslut Trafik- och samh\u00e4llsplaneringsn\u00e4mnden skulle ta p\u00e5 torsdagen senare i veckan om att \u00e5terinr\u00e4tta busstrafik p\u00e5 landsbygden utanf\u00f6r Norrk\u00f6ping. Dels l\u00e4ngs Strandv\u00e4gen, d\u00e4r presstr\u00e4ffen var, mellan Krokek och \u00c5by, dels fr\u00e5n V\u00e5nga in till Norrk\u00f6ping. Vid presstr\u00e4ffen medverkade Jan Owe-Larsson (M), undertecknad och Britt-Marie Hamnevik S\u00f6derberg (L) fr\u00e5n regionen och Eva-Britt Sj\u00f6berg (KD) fr\u00e5n Norrk\u00f6pings kommun. S\u00e5v\u00e4l P4 \u00d6sterg\u00f6tland som Norrk\u00f6pings Tidningar och Folkbladet skickade reportrar till presstr\u00e4ffen, och en artikel letade sig ocks\u00e5 in i Corren. Nedan finns l\u00e4nkar till artiklar och nyhetsinslag.<br \/>\nFolkbladet: (<a href=\"https:\/\/folkbladet.se\/nyheter\/norrkoping\/artikel\/busslinje-aterinfors-pa-landsbygden-efter-protester-ordforanden-manniskor-har-kommit-i-klam\/jn7dzx8l\" target=\"_blank\" rel=\"noopener\">https:\/\/folkbladet.se\/nyheter\/norrkoping\/artikel\/busslinje-aterinfors-pa-landsbygden-efter-protester-ordforanden-manniskor-har-kommit-i-klam\/jn7dzx8l<\/a>)<br \/>\nNorrk\u00f6pings Tidningar: (<a href=\"https:\/\/nt.se\/nyheter\/kollektivtrafik\/artikel\/efter-protesterna-mot-nedlagda-busslinjer-regionen-svanger-ibland-far-man-gora-om-och-gora-ratt-lattnad-och-gladje-\/l7vw01wl\" target=\"_blank\" rel=\"noopener\">https:\/\/nt.se\/nyheter\/kollektivtrafik\/artikel\/efter-protesterna-mot-nedlagda-busslinjer-regionen-svanger-ibland-far-man-gora-om-och-gora-ratt-lattnad-och-gladje-\/l7vw01wl<\/a>)<br \/>\nP4 \u00d6sterg\u00f6tland: (<a href=\"https:\/\/sverigesradio.se\/artikel\/nu-aterinfors-bortplockade-busslinjer-manga-har-kommit-i-klam\" target=\"_blank\" rel=\"noopener\">https:\/\/sverigesradio.se\/artikel\/nu-aterinfors-bortplockade-busslinjer-manga-har-kommit-i-klam<\/a>)<\/p>\n<p><strong>M\u00f6te med \u00d6stsvenska Handelskammaren<\/strong><br \/>\nTisdagen fortsatte med att vi fr\u00e5n regionutvecklingsn\u00e4mndens presidium, allts\u00e5 jag som ordf\u00f6rande, Anna Nilsson (M) som f\u00f6rste vice ordf\u00f6rande och Eva Andersson (S) som andre vice ordf\u00f6rande, tillsammans med regionutvecklingsdirekt\u00f6r Richard Wid\u00e9n, tr\u00e4ffade \u00d6stsvenska Handelskammaren i deras lokaler i LINK Business Center vid St\u00e5ng\u00e5n i Link\u00f6ping. VD Simon Helm\u00e9r och n\u00e4ringspolitisk chef Maria Bj\u00f6rk Hummelgren tog emot, och vi diskuterade v\u00e5ra olika roller och uppdrag, och v\u00e5ra m\u00f6jligheter att tillsammans p\u00e5verka den regionala utvecklingen i \u00d6sterg\u00f6tland i positiv riktning.<\/p>\n<p><strong>Bes\u00f6k p\u00e5 Akutkliniken p\u00e5 Universitetssjukhuset i Link\u00f6ping<\/strong><br \/>\nP\u00e5 tisdagseftermiddagen gjorde vi fr\u00e5n \u00d6stg\u00f6tasamverkan ett bes\u00f6k p\u00e5 Akutkliniken p\u00e5 Universitetssjukhuset i Link\u00f6ping. D\u00e4r tr\u00e4ffade vi f\u00f6rst ett antal undersk\u00f6terskor, f\u00f6r ett samtal om hur olika arbetstidsmodeller och ers\u00e4ttningar kan bidra till att g\u00f6ra anst\u00e4llning i dygnet-runt-verksamhet i allm\u00e4nhet och p\u00e5 akutkliniken i synnerhet mer attraktivt. D\u00e4refter tr\u00e4ffade vi verksamhetschef Erik M\u00fcssener och \u00f6vriga klinikledningen, f\u00f6r att h\u00f6ra mer om vad kliniken sj\u00e4lva gjort och har p\u00e5 g\u00e5ng f\u00f6r att bidra till att f\u00f6rb\u00e4ttra patientmottagandet p\u00e5 sjukhuset i stort. Tv\u00e5 intressanta samtal med v\u00e4rdefulla medskick!<\/p>\n<p><strong>Sammantr\u00e4de med Regionutvecklingsn\u00e4mnden<\/strong><br \/>\nP\u00e5 onsdagen var det dags f\u00f6r \u00e5rets och mandatperiodens f\u00f6rsta sammantr\u00e4de med regionutvecklingsn\u00e4mnden. Det var ocks\u00e5 det f\u00f6rsta m\u00f6tet d\u00e4r jag som ordf\u00f6rande ledde sammantr\u00e4det. N\u00e4mnden hade en v\u00e4lfylld dagordning, med s\u00e5v\u00e4l utbildningspass f\u00f6r den nya n\u00e4mnden som sedvanliga informations- och beslutspunkter. Bland besluts\u00e4rendena kan bl.a. n\u00e4mnas regionutvecklingsn\u00e4mndens \u00c5rsplan och budget f\u00f6r 2023 och internkontrollplan f\u00f6r 2023. Tack vare engagerade nya ledam\u00f6ter och ers\u00e4ttare och bra f\u00f6redragningar fr\u00e5n ansvariga tj\u00e4nstepersoner, blev det ett bra f\u00f6rsta n\u00e4mndsammantr\u00e4de!<\/p>\n<p><strong>M\u00f6te med kulturenheten om uppdrag fr\u00e5n Tre\u00e5rsbudgeten<\/strong><br \/>\nIdag fredag var jag inbjuden till ett m\u00f6te med kulturenheten inom regionledningskontoret, f\u00f6r ett samtal om de uppdrag i \u00d6stg\u00f6tasamverkans Tre\u00e5rsbudget som \u00e4r riktade till regionutvecklingsn\u00e4mnden inom kulturomr\u00e5det. Bra samtal om de olika uppdragen och v\u00e4rdefulla synpunkter och medskick.<\/p>\n<p>I morgon l\u00f6rdag v\u00e4ntar en utbildningsdag f\u00f6r kristdemokrater \u00f6ver hela Sverige. P\u00e5 flera platser runt om i landet samlas vi f\u00f6r utbildning f\u00f6r b\u00e5de nya och mer erfarna politiker. N\u00e5gra av oss \u00e5ker till J\u00f6nk\u00f6ping, och vi hoppas p\u00e5 en givande dag. Oavsett vad du har f\u00f6r planer, hoppas jag p\u00e5 en riktigt trevlig helg f\u00f6r er alla!<\/p>\n<p>Med v\u00e4nlig h\u00e4lsning<br \/>\nPer Larsson<br \/>\nRegionr\u00e5d \u2022 Ordf\u00f6rande i Regionutvecklingsn\u00e4mnden<br \/>\nGruppledare f\u00f6r Kristdemokraterna i Region \u00d6sterg\u00f6tland<br \/>\ntfn 010-103 72 84 (arb)<br \/>\ntfn 0702-88 21 34 (mobil)<br \/>\nper.larsson@regionostergotland.se<\/p>\n<p>&nbsp;<\/p>\n","protected":false},"excerpt":{"rendered":"<p>Hej! \u00c4nnu en inneh\u00e5llsrik vecka i regionpolitiken g\u00e5r mot sitt slut. N\u00e4r vi i tisdags f\u00f6rmiddag hade en presstr\u00e4ff utomhus var det lite sm\u00e5kyligt, medan det b\u00e5de ig\u00e5r och idag har varit solsken utanf\u00f6r f\u00f6nstret n\u00e4r sammantr\u00e4den p\u00e5g\u00e5tt inomhus. Men n\u00e4r gl\u00e4djande nyheter presenteras spelar utomhustemperaturen mindre roll, och solsken l\u00e4ttar upp \u00e4ven om det <a class=\"read-more-link\" href=\"https:\/\/wp.kristdemokraterna.se\/regionostergotland\/nyhetsbrev-vecka-4-6\/\">Read More<\/a><\/p>\n","protected":false},"author":737,"featured_media":0,"comment_status":"closed","ping_status":"closed","sticky":false,"template":"","format":"standard","meta":{"_acf_changed":false,"footnotes":""},"categories":[1],"tags":[],"class_list":["post-2066","post","type-post","status-publish","format-standard","hentry","category-nyheter"],"acf":[],"yoast_head":"<!-- This site is optimized with the Yoast SEO plugin v27.5 - https:\/\/yoast.com\/product\/yoast-seo-wordpress\/ -->\n<title>Nyhetsbrev vecka 4 - i Region \u00d6sterg\u00f6tland<\/title>\n<meta name=\"robots\" content=\"index, follow, max-snippet:-1, max-image-preview:large, max-video-preview:-1\" \/>\n<link rel=\"canonical\" href=\"https:\/\/wp.kristdemokraterna.se\/regionostergotland\/nyhetsbrev-vecka-4-6\/\" \/>\n<meta property=\"og:locale\" content=\"sv_SE\" \/>\n<meta property=\"og:type\" content=\"article\" \/>\n<meta property=\"og:title\" content=\"Nyhetsbrev vecka 4 - i Region \u00d6sterg\u00f6tland\" \/>\n<meta property=\"og:description\" content=\"Hej! \u00c4nnu en inneh\u00e5llsrik vecka i regionpolitiken g\u00e5r mot sitt slut. N\u00e4r vi i tisdags f\u00f6rmiddag hade en presstr\u00e4ff utomhus var det lite sm\u00e5kyligt, medan det b\u00e5de ig\u00e5r och idag har varit solsken utanf\u00f6r f\u00f6nstret n\u00e4r sammantr\u00e4den p\u00e5g\u00e5tt inomhus. Men n\u00e4r gl\u00e4djande nyheter presenteras spelar utomhustemperaturen mindre roll, och solsken l\u00e4ttar upp \u00e4ven om det Read More\" \/>\n<meta property=\"og:url\" content=\"https:\/\/wp.kristdemokraterna.se\/regionostergotland\/nyhetsbrev-vecka-4-6\/\" \/>\n<meta property=\"og:site_name\" content=\"i Region \u00d6sterg\u00f6tland\" \/>\n<meta property=\"article:published_time\" content=\"2023-01-27T14:37:38+00:00\" \/>\n<meta property=\"og:image\" content=\"http:\/\/wp.kristdemokraterna.se\/regionostergotland\/files\/2023\/01\/bild-nyhetsbrev-2023-vecka-4-1024x533.jpg\" \/>\n\t<meta property=\"og:image:width\" content=\"1024\" \/>\n\t<meta property=\"og:image:height\" content=\"533\" \/>\n\t<meta property=\"og:image:type\" content=\"image\/jpeg\" \/>\n<meta name=\"author\" content=\"regionostergotland\" \/>\n<meta name=\"twitter:card\" content=\"summary_large_image\" \/>\n<meta name=\"twitter:label1\" content=\"Skriven av\" \/>\n\t<meta name=\"twitter:data1\" content=\"regionostergotland\" \/>\n\t<meta name=\"twitter:label2\" content=\"Ber\u00e4knad l\u00e4stid\" \/>\n\t<meta name=\"twitter:data2\" content=\"4 minuter\" \/>\n<script type=\"application\/ld+json\" class=\"yoast-schema-graph\">{\"@context\":\"https:\\\/\\\/schema.org\",\"@graph\":[{\"@type\":\"Article\",\"@id\":\"https:\\\/\\\/wp.kristdemokraterna.se\\\/regionostergotland\\\/nyhetsbrev-vecka-4-6\\\/#article\",\"isPartOf\":{\"@id\":\"https:\\\/\\\/wp.kristdemokraterna.se\\\/regionostergotland\\\/nyhetsbrev-vecka-4-6\\\/\"},\"author\":{\"name\":\"regionostergotland\",\"@id\":\"https:\\\/\\\/wp.kristdemokraterna.se\\\/regionostergotland\\\/#\\\/schema\\\/person\\\/74c3c4f502fcc489722a7be0dfe0088c\"},\"headline\":\"Nyhetsbrev vecka 4\",\"datePublished\":\"2023-01-27T14:37:38+00:00\",\"mainEntityOfPage\":{\"@id\":\"https:\\\/\\\/wp.kristdemokraterna.se\\\/regionostergotland\\\/nyhetsbrev-vecka-4-6\\\/\"},\"wordCount\":968,\"articleSection\":[\"Nyheter\"],\"inLanguage\":\"sv-SE\"},{\"@type\":\"WebPage\",\"@id\":\"https:\\\/\\\/wp.kristdemokraterna.se\\\/regionostergotland\\\/nyhetsbrev-vecka-4-6\\\/\",\"url\":\"https:\\\/\\\/wp.kristdemokraterna.se\\\/regionostergotland\\\/nyhetsbrev-vecka-4-6\\\/\",\"name\":\"Nyhetsbrev vecka 4 - i Region \u00d6sterg\u00f6tland\",\"isPartOf\":{\"@id\":\"https:\\\/\\\/wp.kristdemokraterna.se\\\/regionostergotland\\\/#website\"},\"datePublished\":\"2023-01-27T14:37:38+00:00\",\"author\":{\"@id\":\"https:\\\/\\\/wp.kristdemokraterna.se\\\/regionostergotland\\\/#\\\/schema\\\/person\\\/74c3c4f502fcc489722a7be0dfe0088c\"},\"breadcrumb\":{\"@id\":\"https:\\\/\\\/wp.kristdemokraterna.se\\\/regionostergotland\\\/nyhetsbrev-vecka-4-6\\\/#breadcrumb\"},\"inLanguage\":\"sv-SE\",\"potentialAction\":[{\"@type\":\"ReadAction\",\"target\":[\"https:\\\/\\\/wp.kristdemokraterna.se\\\/regionostergotland\\\/nyhetsbrev-vecka-4-6\\\/\"]}]},{\"@type\":\"BreadcrumbList\",\"@id\":\"https:\\\/\\\/wp.kristdemokraterna.se\\\/regionostergotland\\\/nyhetsbrev-vecka-4-6\\\/#breadcrumb\",\"itemListElement\":[{\"@type\":\"ListItem\",\"position\":1,\"name\":\"Hem\",\"item\":\"https:\\\/\\\/wp.kristdemokraterna.se\\\/regionostergotland\\\/\"},{\"@type\":\"ListItem\",\"position\":2,\"name\":\"Nyhetsbrev vecka 4\"}]},{\"@type\":\"WebSite\",\"@id\":\"https:\\\/\\\/wp.kristdemokraterna.se\\\/regionostergotland\\\/#website\",\"url\":\"https:\\\/\\\/wp.kristdemokraterna.se\\\/regionostergotland\\\/\",\"name\":\"i Region \u00d6sterg\u00f6tland\",\"description\":\"\",\"inLanguage\":\"sv-SE\"},{\"@type\":\"Person\",\"@id\":\"https:\\\/\\\/wp.kristdemokraterna.se\\\/regionostergotland\\\/#\\\/schema\\\/person\\\/74c3c4f502fcc489722a7be0dfe0088c\",\"name\":\"regionostergotland\",\"image\":{\"@type\":\"ImageObject\",\"inLanguage\":\"sv-SE\",\"@id\":\"https:\\\/\\\/secure.gravatar.com\\\/avatar\\\/8fb8f0a216e627554da57506bfaf78d677f45512f24f703e185ec701423b1e92?s=96&d=mm&r=g\",\"url\":\"https:\\\/\\\/secure.gravatar.com\\\/avatar\\\/8fb8f0a216e627554da57506bfaf78d677f45512f24f703e185ec701423b1e92?s=96&d=mm&r=g\",\"contentUrl\":\"https:\\\/\\\/secure.gravatar.com\\\/avatar\\\/8fb8f0a216e627554da57506bfaf78d677f45512f24f703e185ec701423b1e92?s=96&d=mm&r=g\",\"caption\":\"regionostergotland\"},\"url\":\"https:\\\/\\\/wp.kristdemokraterna.se\\\/regionostergotland\\\/author\\\/regionostergotland\\\/\"}]}<\/script>\n<!-- \/ Yoast SEO plugin. -->","yoast_head_json":{"title":"Nyhetsbrev vecka 4 - i Region \u00d6sterg\u00f6tland","robots":{"index":"index","follow":"follow","max-snippet":"max-snippet:-1","max-image-preview":"max-image-preview:large","max-video-preview":"max-video-preview:-1"},"canonical":"https:\/\/wp.kristdemokraterna.se\/regionostergotland\/nyhetsbrev-vecka-4-6\/","og_locale":"sv_SE","og_type":"article","og_title":"Nyhetsbrev vecka 4 - i Region \u00d6sterg\u00f6tland","og_description":"Hej! \u00c4nnu en inneh\u00e5llsrik vecka i regionpolitiken g\u00e5r mot sitt slut. N\u00e4r vi i tisdags f\u00f6rmiddag hade en presstr\u00e4ff utomhus var det lite sm\u00e5kyligt, medan det b\u00e5de ig\u00e5r och idag har varit solsken utanf\u00f6r f\u00f6nstret n\u00e4r sammantr\u00e4den p\u00e5g\u00e5tt inomhus. Men n\u00e4r gl\u00e4djande nyheter presenteras spelar utomhustemperaturen mindre roll, och solsken l\u00e4ttar upp \u00e4ven om det Read More","og_url":"https:\/\/wp.kristdemokraterna.se\/regionostergotland\/nyhetsbrev-vecka-4-6\/","og_site_name":"i Region \u00d6sterg\u00f6tland","article_published_time":"2023-01-27T14:37:38+00:00","og_image":[{"width":1024,"height":533,"url":"http:\/\/wp.kristdemokraterna.se\/regionostergotland\/files\/2023\/01\/bild-nyhetsbrev-2023-vecka-4-1024x533.jpg","type":"image\/jpeg"}],"author":"regionostergotland","twitter_card":"summary_large_image","twitter_misc":{"Skriven av":"regionostergotland","Ber\u00e4knad l\u00e4stid":"4 minuter"},"schema":{"@context":"https:\/\/schema.org","@graph":[{"@type":"Article","@id":"https:\/\/wp.kristdemokraterna.se\/regionostergotland\/nyhetsbrev-vecka-4-6\/#article","isPartOf":{"@id":"https:\/\/wp.kristdemokraterna.se\/regionostergotland\/nyhetsbrev-vecka-4-6\/"},"author":{"name":"regionostergotland","@id":"https:\/\/wp.kristdemokraterna.se\/regionostergotland\/#\/schema\/person\/74c3c4f502fcc489722a7be0dfe0088c"},"headline":"Nyhetsbrev vecka 4","datePublished":"2023-01-27T14:37:38+00:00","mainEntityOfPage":{"@id":"https:\/\/wp.kristdemokraterna.se\/regionostergotland\/nyhetsbrev-vecka-4-6\/"},"wordCount":968,"articleSection":["Nyheter"],"inLanguage":"sv-SE"},{"@type":"WebPage","@id":"https:\/\/wp.kristdemokraterna.se\/regionostergotland\/nyhetsbrev-vecka-4-6\/","url":"https:\/\/wp.kristdemokraterna.se\/regionostergotland\/nyhetsbrev-vecka-4-6\/","name":"Nyhetsbrev vecka 4 - i Region \u00d6sterg\u00f6tland","isPartOf":{"@id":"https:\/\/wp.kristdemokraterna.se\/regionostergotland\/#website"},"datePublished":"2023-01-27T14:37:38+00:00","author":{"@id":"https:\/\/wp.kristdemokraterna.se\/regionostergotland\/#\/schema\/person\/74c3c4f502fcc489722a7be0dfe0088c"},"breadcrumb":{"@id":"https:\/\/wp.kristdemokraterna.se\/regionostergotland\/nyhetsbrev-vecka-4-6\/#breadcrumb"},"inLanguage":"sv-SE","potentialAction":[{"@type":"ReadAction","target":["https:\/\/wp.kristdemokraterna.se\/regionostergotland\/nyhetsbrev-vecka-4-6\/"]}]},{"@type":"BreadcrumbList","@id":"https:\/\/wp.kristdemokraterna.se\/regionostergotland\/nyhetsbrev-vecka-4-6\/#breadcrumb","itemListElement":[{"@type":"ListItem","position":1,"name":"Hem","item":"https:\/\/wp.kristdemokraterna.se\/regionostergotland\/"},{"@type":"ListItem","position":2,"name":"Nyhetsbrev vecka 4"}]},{"@type":"WebSite","@id":"https:\/\/wp.kristdemokraterna.se\/regionostergotland\/#website","url":"https:\/\/wp.kristdemokraterna.se\/regionostergotland\/","name":"i Region \u00d6sterg\u00f6tland","description":"","inLanguage":"sv-SE"},{"@type":"Person","@id":"https:\/\/wp.kristdemokraterna.se\/regionostergotland\/#\/schema\/person\/74c3c4f502fcc489722a7be0dfe0088c","name":"regionostergotland","image":{"@type":"ImageObject","inLanguage":"sv-SE","@id":"https:\/\/secure.gravatar.com\/avatar\/8fb8f0a216e627554da57506bfaf78d677f45512f24f703e185ec701423b1e92?s=96&d=mm&r=g","url":"https:\/\/secure.gravatar.com\/avatar\/8fb8f0a216e627554da57506bfaf78d677f45512f24f703e185ec701423b1e92?s=96&d=mm&r=g","contentUrl":"https:\/\/secure.gravatar.com\/avatar\/8fb8f0a216e627554da57506bfaf78d677f45512f24f703e185ec701423b1e92?s=96&d=mm&r=g","caption":"regionostergotland"},"url":"https:\/\/wp.kristdemokraterna.se\/regionostergotland\/author\/regionostergotland\/"}]}},"_links":{"self":[{"href":"https:\/\/wp.kristdemokraterna.se\/regionostergotland\/wp-json\/wp\/v2\/posts\/2066","targetHints":{"allow":["GET"]}}],"collection":[{"href":"https:\/\/wp.kristdemokraterna.se\/regionostergotland\/wp-json\/wp\/v2\/posts"}],"about":[{"href":"https:\/\/wp.kristdemokraterna.se\/regionostergotland\/wp-json\/wp\/v2\/types\/post"}],"author":[{"embeddable":true,"href":"https:\/\/wp.kristdemokraterna.se\/regionostergotland\/wp-json\/wp\/v2\/users\/737"}],"replies":[{"embeddable":true,"href":"https:\/\/wp.kristdemokraterna.se\/regionostergotland\/wp-json\/wp\/v2\/comments?post=2066"}],"version-history":[{"count":1,"href":"https:\/\/wp.kristdemokraterna.se\/regionostergotland\/wp-json\/wp\/v2\/posts\/2066\/revisions"}],"predecessor-version":[{"id":2068,"href":"https:\/\/wp.kristdemokraterna.se\/regionostergotland\/wp-json\/wp\/v2\/posts\/2066\/revisions\/2068"}],"wp:attachment":[{"href":"https:\/\/wp.kristdemokraterna.se\/regionostergotland\/wp-json\/wp\/v2\/media?parent=2066"}],"wp:term":[{"taxonomy":"category","embeddable":true,"href":"https:\/\/wp.kristdemokraterna.se\/regionostergotland\/wp-json\/wp\/v2\/categories?post=2066"},{"taxonomy":"post_tag","embeddable":true,"href":"https:\/\/wp.kristdemokraterna.se\/regionostergotland\/wp-json\/wp\/v2\/tags?post=2066"}],"curies":[{"name":"wp","href":"https:\/\/api.w.org\/{rel}","templated":true}]}}