{"id":2069,"date":"2023-02-03T14:21:03","date_gmt":"2023-02-03T13:21:03","guid":{"rendered":"https:\/\/wp.kristdemokraterna.se\/regionostergotland\/?p=2069"},"modified":"2023-02-03T14:21:03","modified_gmt":"2023-02-03T13:21:03","slug":"nyhetsbrev-vecka-5-6","status":"publish","type":"post","link":"https:\/\/wp.kristdemokraterna.se\/regionostergotland\/nyhetsbrev-vecka-5-6\/","title":{"rendered":"Nyhetsbrev vecka 5"},"content":{"rendered":"<p>Hej!<\/p>\n<p>Det \u00e4r fredag eftermiddag igen och helgen n\u00e4rmar sig. \u00c4nnu en inneh\u00e5llsrik och varierad arbetsvecka i reigonpolitiken g\u00e5r mot sitt slut. Det finns fortsatt en hel del oro och funderingar kring hur v\u00e5rdens stora problem ska kunna l\u00f6sas, inte minst personalbristen. Samtidigt finns en del gl\u00e4dje\u00e4mnen och intressanta framtidsfr\u00e5gor. Ett f\u00f6rs\u00f6k till sammanfattning kommer h\u00e4r i veckans nyhetsbrev. Trevlig l\u00e4sning!<!--more--><\/p>\n<p><strong>Utbildningsdag i J\u00f6nk\u00f6ping f\u00f6r Kristdemokraterna \u2013 m\u00e5nga \u00f6stg\u00f6tar p\u00e5 plats<\/strong><br \/>\nI l\u00f6rdags arrangerade Kristdemokraterna en utbildningsdag f\u00f6r f\u00f6rtroendevalda kristdemokrater i hela landet. P\u00e5 fem platser i landet gavs inblick i regeringsarbetet nationellt, tips f\u00f6r majoritets- respektive oppositionspolitiker, goda r\u00e5d till presidieledam\u00f6ter respektive n\u00e4mndledam\u00f6ter och m\u00f6jlighet till erfarenhetsutbyte i \u00e4mnesvisa seminarier. \u00d6stg\u00f6tar fanns p\u00e5 plats p\u00e5 utbildningarna i b\u00e5de Stockholm och \u00d6rebro, men de allra flesta fr\u00e5n \u00d6sterg\u00f6tland begav sig till utbildningen i J\u00f6nk\u00f6ping, d\u00e4r ocks\u00e5 n\u00e5gra av oss hade f\u00e5tt s\u00e4rskilt ansvar f\u00f6r de \u00e4mnesvisa seminarierna. Jag fick f\u00f6rtroendet att ta hand om seminariet kring kultur och fritid, d\u00e4r det blev goda samtal med erfarenheter fr\u00e5n region och kommun i flera angr\u00e4nsande l\u00e4n. Ut\u00f6ver de olika utbildningspassen gavs ocks\u00e5 tillf\u00e4lle att i pauserna tr\u00e4ffa och prata med kristdemokrater fr\u00e5n framf\u00f6rallt \u00d6sterg\u00f6tland, Sm\u00e5land och V\u00e4sterg\u00f6tland.<\/p>\n<p><strong>M\u00e5ndagsm\u00f6te med fokus p\u00e5 digital v\u00e5rd och v\u00e5rdplatser<\/strong><br \/>\nVeckans m\u00e5ndagsm\u00f6te hade flera g\u00e4ster, ut\u00f6ver den sedvanliga uppst\u00e4llningen av direkt\u00f6rer. Bland annat utvecklingsdirekt\u00f6r Robert Ringh som informerade om arbetet med 1177 Direkt, i syfte att utveckla regionens digitala v\u00e5rdtj\u00e4nster. Andra g\u00e4ster var Li Widmark och Malin Sucksdorff, som med inspel fr\u00e5n medicinsk direkt\u00f6r Karl Landergren, v\u00e5rddirekt\u00f6r Ninnie Borendal Wodlin och kommunikationsdirekt\u00f6r Anna Bowall, presenterade den utredning som gjorts av regionens v\u00e5rdplatskapacitet och f\u00f6rslag p\u00e5 hur den kan st\u00e4rkas fram\u00e5t, samt regionens svar p\u00e5 den granskning som Inspektionen f\u00f6r v\u00e5rd och omsorg (IVO) gjort p\u00e5 Universitetssjukhuset.<\/p>\n<p><strong>M\u00f6te med ledningen f\u00f6r Medicinska fakulteten vid Link\u00f6pings Universitet<\/strong><br \/>\nP\u00e5 tisdagsmorgonen tr\u00e4ffade vi fr\u00e5n \u00d6stg\u00f6tasamverkan ledningen f\u00f6r Medicinska fakulteten vid Link\u00f6pings Universitet. Dekan Lena Jonasson och \u00f6vriga i fakultetsledningen ber\u00e4ttade bl.a. om ambitionen att st\u00e4rka den kliniska forskningen vid Universitetssjukhuset, d\u00e4r f\u00f6rst\u00e5s regionen har en viktig roll, samt om hur sjuksk\u00f6terskeutbildningen kan utvecklas i syfte att b\u00e5de f\u00e5 fler studerande och fler som slutf\u00f6r utbildningen tidigare. Intressanta samtal, som tydligt visar p\u00e5 vikten av god samverkan mellan region och universitet, p\u00e5 alla niv\u00e5er!<\/p>\n<p><strong>Presidiem\u00f6te med regionutvecklingsn\u00e4mndens presidium<\/strong><br \/>\nTisdagsf\u00f6rmiddagen fortsatte med presidiem\u00f6te med regionutvecklingsn\u00e4mndens presidium. Ut\u00f6ver att bereda n\u00e4sta n\u00e4mndsammantr\u00e4de, fick presidiet bl.a. f\u00f6redragning av det regeringsuppdrag regionerna har f\u00e5tt att ta fram handlingsplaner f\u00f6r att hantera st\u00f6rre varsel och neddragningar i respektive geografisk region, fr\u00e5n enhetschef Lotten Carlsson. Vi fick ocks\u00e5 information fr\u00e5n strateg Niklas Tideklev om p\u00e5g\u00e5ende arbete med att utveckla smart specialisering med bl.a. partnerskap f\u00f6r regional innovation, d\u00e4r fler samh\u00e4llsakt\u00f6rer \u00e4n tidigare ska involveras, t.ex. civilsamh\u00e4llet.<\/p>\n<p><strong>Gemensamt presidiem\u00f6te f\u00f6r presidierna i RUN och TSN<\/strong><br \/>\nP\u00e5 tisdagseftermiddagen h\u00f6lls \u00e5rets f\u00f6rsta ordinarie gemensamma presidiem\u00f6te med presidierna f\u00f6r regionutvecklingsn\u00e4mnden och trafik- och samh\u00e4llsplaneringsn\u00e4mnden. Ut\u00f6ver sedvanliga rapport- och informationspunkter, diskuterades bl.a. hur det gemensamma arbetet mellan presidierna och n\u00e4mnderna kan utvecklas fram\u00e5t.<\/p>\n<p><strong>Bes\u00f6k p\u00e5 20-\u00e5rsjubileum f\u00f6r FramtidsFr\u00f6n<\/strong><br \/>\nI onsdags firade FramtidsFr\u00f6n sitt 20-\u00e5rsjubileum. FramtidsFr\u00f6n arbetar p\u00e5 uppdrag av kommuner, regionen, Skolverket m.fl. med att inspirera till f\u00f6retagande och entrepren\u00f6rskap i grundskolan. Verksamheten startade ursprungligen i Link\u00f6ping, men har sedan spridit sig till fler st\u00e4der och regioner i landet. Firandet h\u00f6lls i LINK Business Center i Link\u00f6ping, och ut\u00f6ver firande bj\u00f6ds goda m\u00f6jligheter att tr\u00e4ffa flera akt\u00f6rer inom n\u00e4ringslivets st\u00f6dsystem som ocks\u00e5 var d\u00e4r och gratulerade!<\/p>\n<p><strong>Svenska f\u00f6retag i Indien i fokus f\u00f6r frukostm\u00f6te<\/strong><br \/>\nI g\u00e5r torsdag b\u00f6rjade dagen med frukostm\u00f6tet Skyline, som denna g\u00e5ng bjudit in Cecilia Oskarsson, som arbetar f\u00f6r Business Sweden i Indien. Hon ber\u00e4ttade allm\u00e4nt om det indiska n\u00e4ringslivet och hur det indiska samh\u00e4llet utvecklats p\u00e5 senare \u00e5r, med fokus p\u00e5 svenska f\u00f6retagsetableringar och handel i landet, och olika sm\u00e5 och stora hinder och utmaningar som kan finnas p\u00e5 v\u00e4gen. Intressant f\u00f6redrag, och dessutom m\u00f6jlighet att under den inledande frukosten tr\u00e4ffa olika personer fr\u00e5n det lokala n\u00e4ringslivet.<\/p>\n<p><strong>Strategiskt samr\u00e5d med kommunerna i \u00d6sterg\u00f6tland<\/strong><br \/>\nIdag fredag h\u00f6lls mandatperiodens f\u00f6rsta strategiska samr\u00e5d mellan kommunerna i \u00d6sterg\u00f6tland och Region \u00d6sterg\u00f6tland. I samr\u00e5det deltar kommunstyrelseordf\u00f6rande och oppositionsrepresentanter fr\u00e5n kommunerna, samt ordf\u00f6rande och andre vice ordf\u00f6rande i regionstyrelsen, regionutvecklingsn\u00e4mnden och trafik- och samh\u00e4llsplaneringsn\u00e4mnden. Detta f\u00f6rsta samr\u00e5d inneh\u00e5ll en introduktion till samr\u00e5dets roll och uppgift, men ocks\u00e5 fokus kring l\u00e4get i h\u00e4lso- och sjukv\u00e5rden, processen att ta fram ny kulturplan och olika aspekter av kompetensf\u00f6rs\u00f6rjningsfr\u00e5gan. Tre kristdemokrater finns denna period i samr\u00e5det; M\u00e1ire Skogstj\u00e4rna fr\u00e5n \u00c5tvidabergs kommun, Jonni Harrius fr\u00e5n \u00d6desh\u00f6gs kommun och undertecknad fr\u00e5n regionen.<\/p>\n<p>D\u00e5 \u00e5terst\u00e5r bara f\u00f6r mig att \u00f6nska er alla en riktigt trevlig helg!<\/p>\n<p>Med v\u00e4nlig h\u00e4lsning<br \/>\nPer Larsson<br \/>\nRegionr\u00e5d \u2022 Ordf\u00f6rande i Regionutvecklingsn\u00e4mnden<br \/>\nGruppledare f\u00f6r Kristdemokraterna i Region \u00d6sterg\u00f6tland<br \/>\ntfn 010-103 72 84 (arb)<br \/>\ntfn 0702-88 21 34 (mobil)<br \/>\nper.larsson@regionostergotland.se<\/p>\n<p>&nbsp;<\/p>\n","protected":false},"excerpt":{"rendered":"<p>Hej! Det \u00e4r fredag eftermiddag igen och helgen n\u00e4rmar sig. \u00c4nnu en inneh\u00e5llsrik och varierad arbetsvecka i reigonpolitiken g\u00e5r mot sitt slut. Det finns fortsatt en hel del oro och funderingar kring hur v\u00e5rdens stora problem ska kunna l\u00f6sas, inte minst personalbristen. Samtidigt finns en del gl\u00e4dje\u00e4mnen och intressanta framtidsfr\u00e5gor. Ett f\u00f6rs\u00f6k till sammanfattning kommer <a class=\"read-more-link\" href=\"https:\/\/wp.kristdemokraterna.se\/regionostergotland\/nyhetsbrev-vecka-5-6\/\">Read More<\/a><\/p>\n","protected":false},"author":737,"featured_media":0,"comment_status":"closed","ping_status":"closed","sticky":false,"template":"","format":"standard","meta":{"_acf_changed":false,"footnotes":""},"categories":[1],"tags":[],"class_list":["post-2069","post","type-post","status-publish","format-standard","hentry","category-nyheter"],"acf":[],"yoast_head":"<!-- This site is optimized with the Yoast SEO plugin v27.5 - https:\/\/yoast.com\/product\/yoast-seo-wordpress\/ -->\n<title>Nyhetsbrev vecka 5 - i Region \u00d6sterg\u00f6tland<\/title>\n<meta name=\"robots\" content=\"index, follow, max-snippet:-1, max-image-preview:large, max-video-preview:-1\" \/>\n<link rel=\"canonical\" href=\"https:\/\/wp.kristdemokraterna.se\/regionostergotland\/nyhetsbrev-vecka-5-6\/\" \/>\n<meta property=\"og:locale\" content=\"sv_SE\" \/>\n<meta property=\"og:type\" content=\"article\" \/>\n<meta property=\"og:title\" content=\"Nyhetsbrev vecka 5 - i Region \u00d6sterg\u00f6tland\" \/>\n<meta property=\"og:description\" content=\"Hej! Det \u00e4r fredag eftermiddag igen och helgen n\u00e4rmar sig. \u00c4nnu en inneh\u00e5llsrik och varierad arbetsvecka i reigonpolitiken g\u00e5r mot sitt slut. Det finns fortsatt en hel del oro och funderingar kring hur v\u00e5rdens stora problem ska kunna l\u00f6sas, inte minst personalbristen. Samtidigt finns en del gl\u00e4dje\u00e4mnen och intressanta framtidsfr\u00e5gor. Ett f\u00f6rs\u00f6k till sammanfattning kommer Read More\" \/>\n<meta property=\"og:url\" content=\"https:\/\/wp.kristdemokraterna.se\/regionostergotland\/nyhetsbrev-vecka-5-6\/\" \/>\n<meta property=\"og:site_name\" content=\"i Region \u00d6sterg\u00f6tland\" \/>\n<meta property=\"article:published_time\" content=\"2023-02-03T13:21:03+00:00\" \/>\n<meta property=\"og:image\" content=\"http:\/\/wp.kristdemokraterna.se\/regionostergotland\/files\/2023\/02\/bild-nyhetsbrev-2023-vecka-5-ny-1024x533.jpg\" \/>\n\t<meta property=\"og:image:width\" content=\"1024\" \/>\n\t<meta property=\"og:image:height\" content=\"533\" \/>\n\t<meta property=\"og:image:type\" content=\"image\/jpeg\" \/>\n<meta name=\"author\" content=\"regionostergotland\" \/>\n<meta name=\"twitter:card\" content=\"summary_large_image\" \/>\n<meta name=\"twitter:label1\" content=\"Skriven av\" \/>\n\t<meta name=\"twitter:data1\" content=\"regionostergotland\" \/>\n\t<meta name=\"twitter:label2\" content=\"Ber\u00e4knad l\u00e4stid\" \/>\n\t<meta name=\"twitter:data2\" content=\"4 minuter\" \/>\n<script type=\"application\/ld+json\" class=\"yoast-schema-graph\">{\"@context\":\"https:\\\/\\\/schema.org\",\"@graph\":[{\"@type\":\"Article\",\"@id\":\"https:\\\/\\\/wp.kristdemokraterna.se\\\/regionostergotland\\\/nyhetsbrev-vecka-5-6\\\/#article\",\"isPartOf\":{\"@id\":\"https:\\\/\\\/wp.kristdemokraterna.se\\\/regionostergotland\\\/nyhetsbrev-vecka-5-6\\\/\"},\"author\":{\"name\":\"regionostergotland\",\"@id\":\"https:\\\/\\\/wp.kristdemokraterna.se\\\/regionostergotland\\\/#\\\/schema\\\/person\\\/74c3c4f502fcc489722a7be0dfe0088c\"},\"headline\":\"Nyhetsbrev vecka 5\",\"datePublished\":\"2023-02-03T13:21:03+00:00\",\"mainEntityOfPage\":{\"@id\":\"https:\\\/\\\/wp.kristdemokraterna.se\\\/regionostergotland\\\/nyhetsbrev-vecka-5-6\\\/\"},\"wordCount\":994,\"articleSection\":[\"Nyheter\"],\"inLanguage\":\"sv-SE\"},{\"@type\":\"WebPage\",\"@id\":\"https:\\\/\\\/wp.kristdemokraterna.se\\\/regionostergotland\\\/nyhetsbrev-vecka-5-6\\\/\",\"url\":\"https:\\\/\\\/wp.kristdemokraterna.se\\\/regionostergotland\\\/nyhetsbrev-vecka-5-6\\\/\",\"name\":\"Nyhetsbrev vecka 5 - i Region \u00d6sterg\u00f6tland\",\"isPartOf\":{\"@id\":\"https:\\\/\\\/wp.kristdemokraterna.se\\\/regionostergotland\\\/#website\"},\"datePublished\":\"2023-02-03T13:21:03+00:00\",\"author\":{\"@id\":\"https:\\\/\\\/wp.kristdemokraterna.se\\\/regionostergotland\\\/#\\\/schema\\\/person\\\/74c3c4f502fcc489722a7be0dfe0088c\"},\"breadcrumb\":{\"@id\":\"https:\\\/\\\/wp.kristdemokraterna.se\\\/regionostergotland\\\/nyhetsbrev-vecka-5-6\\\/#breadcrumb\"},\"inLanguage\":\"sv-SE\",\"potentialAction\":[{\"@type\":\"ReadAction\",\"target\":[\"https:\\\/\\\/wp.kristdemokraterna.se\\\/regionostergotland\\\/nyhetsbrev-vecka-5-6\\\/\"]}]},{\"@type\":\"BreadcrumbList\",\"@id\":\"https:\\\/\\\/wp.kristdemokraterna.se\\\/regionostergotland\\\/nyhetsbrev-vecka-5-6\\\/#breadcrumb\",\"itemListElement\":[{\"@type\":\"ListItem\",\"position\":1,\"name\":\"Hem\",\"item\":\"https:\\\/\\\/wp.kristdemokraterna.se\\\/regionostergotland\\\/\"},{\"@type\":\"ListItem\",\"position\":2,\"name\":\"Nyhetsbrev vecka 5\"}]},{\"@type\":\"WebSite\",\"@id\":\"https:\\\/\\\/wp.kristdemokraterna.se\\\/regionostergotland\\\/#website\",\"url\":\"https:\\\/\\\/wp.kristdemokraterna.se\\\/regionostergotland\\\/\",\"name\":\"i Region \u00d6sterg\u00f6tland\",\"description\":\"\",\"inLanguage\":\"sv-SE\"},{\"@type\":\"Person\",\"@id\":\"https:\\\/\\\/wp.kristdemokraterna.se\\\/regionostergotland\\\/#\\\/schema\\\/person\\\/74c3c4f502fcc489722a7be0dfe0088c\",\"name\":\"regionostergotland\",\"image\":{\"@type\":\"ImageObject\",\"inLanguage\":\"sv-SE\",\"@id\":\"https:\\\/\\\/secure.gravatar.com\\\/avatar\\\/8fb8f0a216e627554da57506bfaf78d677f45512f24f703e185ec701423b1e92?s=96&d=mm&r=g\",\"url\":\"https:\\\/\\\/secure.gravatar.com\\\/avatar\\\/8fb8f0a216e627554da57506bfaf78d677f45512f24f703e185ec701423b1e92?s=96&d=mm&r=g\",\"contentUrl\":\"https:\\\/\\\/secure.gravatar.com\\\/avatar\\\/8fb8f0a216e627554da57506bfaf78d677f45512f24f703e185ec701423b1e92?s=96&d=mm&r=g\",\"caption\":\"regionostergotland\"},\"url\":\"https:\\\/\\\/wp.kristdemokraterna.se\\\/regionostergotland\\\/author\\\/regionostergotland\\\/\"}]}<\/script>\n<!-- \/ Yoast SEO plugin. -->","yoast_head_json":{"title":"Nyhetsbrev vecka 5 - i Region \u00d6sterg\u00f6tland","robots":{"index":"index","follow":"follow","max-snippet":"max-snippet:-1","max-image-preview":"max-image-preview:large","max-video-preview":"max-video-preview:-1"},"canonical":"https:\/\/wp.kristdemokraterna.se\/regionostergotland\/nyhetsbrev-vecka-5-6\/","og_locale":"sv_SE","og_type":"article","og_title":"Nyhetsbrev vecka 5 - i Region \u00d6sterg\u00f6tland","og_description":"Hej! Det \u00e4r fredag eftermiddag igen och helgen n\u00e4rmar sig. \u00c4nnu en inneh\u00e5llsrik och varierad arbetsvecka i reigonpolitiken g\u00e5r mot sitt slut. Det finns fortsatt en hel del oro och funderingar kring hur v\u00e5rdens stora problem ska kunna l\u00f6sas, inte minst personalbristen. Samtidigt finns en del gl\u00e4dje\u00e4mnen och intressanta framtidsfr\u00e5gor. Ett f\u00f6rs\u00f6k till sammanfattning kommer Read More","og_url":"https:\/\/wp.kristdemokraterna.se\/regionostergotland\/nyhetsbrev-vecka-5-6\/","og_site_name":"i Region \u00d6sterg\u00f6tland","article_published_time":"2023-02-03T13:21:03+00:00","og_image":[{"width":1024,"height":533,"url":"http:\/\/wp.kristdemokraterna.se\/regionostergotland\/files\/2023\/02\/bild-nyhetsbrev-2023-vecka-5-ny-1024x533.jpg","type":"image\/jpeg"}],"author":"regionostergotland","twitter_card":"summary_large_image","twitter_misc":{"Skriven av":"regionostergotland","Ber\u00e4knad l\u00e4stid":"4 minuter"},"schema":{"@context":"https:\/\/schema.org","@graph":[{"@type":"Article","@id":"https:\/\/wp.kristdemokraterna.se\/regionostergotland\/nyhetsbrev-vecka-5-6\/#article","isPartOf":{"@id":"https:\/\/wp.kristdemokraterna.se\/regionostergotland\/nyhetsbrev-vecka-5-6\/"},"author":{"name":"regionostergotland","@id":"https:\/\/wp.kristdemokraterna.se\/regionostergotland\/#\/schema\/person\/74c3c4f502fcc489722a7be0dfe0088c"},"headline":"Nyhetsbrev vecka 5","datePublished":"2023-02-03T13:21:03+00:00","mainEntityOfPage":{"@id":"https:\/\/wp.kristdemokraterna.se\/regionostergotland\/nyhetsbrev-vecka-5-6\/"},"wordCount":994,"articleSection":["Nyheter"],"inLanguage":"sv-SE"},{"@type":"WebPage","@id":"https:\/\/wp.kristdemokraterna.se\/regionostergotland\/nyhetsbrev-vecka-5-6\/","url":"https:\/\/wp.kristdemokraterna.se\/regionostergotland\/nyhetsbrev-vecka-5-6\/","name":"Nyhetsbrev vecka 5 - i Region \u00d6sterg\u00f6tland","isPartOf":{"@id":"https:\/\/wp.kristdemokraterna.se\/regionostergotland\/#website"},"datePublished":"2023-02-03T13:21:03+00:00","author":{"@id":"https:\/\/wp.kristdemokraterna.se\/regionostergotland\/#\/schema\/person\/74c3c4f502fcc489722a7be0dfe0088c"},"breadcrumb":{"@id":"https:\/\/wp.kristdemokraterna.se\/regionostergotland\/nyhetsbrev-vecka-5-6\/#breadcrumb"},"inLanguage":"sv-SE","potentialAction":[{"@type":"ReadAction","target":["https:\/\/wp.kristdemokraterna.se\/regionostergotland\/nyhetsbrev-vecka-5-6\/"]}]},{"@type":"BreadcrumbList","@id":"https:\/\/wp.kristdemokraterna.se\/regionostergotland\/nyhetsbrev-vecka-5-6\/#breadcrumb","itemListElement":[{"@type":"ListItem","position":1,"name":"Hem","item":"https:\/\/wp.kristdemokraterna.se\/regionostergotland\/"},{"@type":"ListItem","position":2,"name":"Nyhetsbrev vecka 5"}]},{"@type":"WebSite","@id":"https:\/\/wp.kristdemokraterna.se\/regionostergotland\/#website","url":"https:\/\/wp.kristdemokraterna.se\/regionostergotland\/","name":"i Region \u00d6sterg\u00f6tland","description":"","inLanguage":"sv-SE"},{"@type":"Person","@id":"https:\/\/wp.kristdemokraterna.se\/regionostergotland\/#\/schema\/person\/74c3c4f502fcc489722a7be0dfe0088c","name":"regionostergotland","image":{"@type":"ImageObject","inLanguage":"sv-SE","@id":"https:\/\/secure.gravatar.com\/avatar\/8fb8f0a216e627554da57506bfaf78d677f45512f24f703e185ec701423b1e92?s=96&d=mm&r=g","url":"https:\/\/secure.gravatar.com\/avatar\/8fb8f0a216e627554da57506bfaf78d677f45512f24f703e185ec701423b1e92?s=96&d=mm&r=g","contentUrl":"https:\/\/secure.gravatar.com\/avatar\/8fb8f0a216e627554da57506bfaf78d677f45512f24f703e185ec701423b1e92?s=96&d=mm&r=g","caption":"regionostergotland"},"url":"https:\/\/wp.kristdemokraterna.se\/regionostergotland\/author\/regionostergotland\/"}]}},"_links":{"self":[{"href":"https:\/\/wp.kristdemokraterna.se\/regionostergotland\/wp-json\/wp\/v2\/posts\/2069","targetHints":{"allow":["GET"]}}],"collection":[{"href":"https:\/\/wp.kristdemokraterna.se\/regionostergotland\/wp-json\/wp\/v2\/posts"}],"about":[{"href":"https:\/\/wp.kristdemokraterna.se\/regionostergotland\/wp-json\/wp\/v2\/types\/post"}],"author":[{"embeddable":true,"href":"https:\/\/wp.kristdemokraterna.se\/regionostergotland\/wp-json\/wp\/v2\/users\/737"}],"replies":[{"embeddable":true,"href":"https:\/\/wp.kristdemokraterna.se\/regionostergotland\/wp-json\/wp\/v2\/comments?post=2069"}],"version-history":[{"count":1,"href":"https:\/\/wp.kristdemokraterna.se\/regionostergotland\/wp-json\/wp\/v2\/posts\/2069\/revisions"}],"predecessor-version":[{"id":2071,"href":"https:\/\/wp.kristdemokraterna.se\/regionostergotland\/wp-json\/wp\/v2\/posts\/2069\/revisions\/2071"}],"wp:attachment":[{"href":"https:\/\/wp.kristdemokraterna.se\/regionostergotland\/wp-json\/wp\/v2\/media?parent=2069"}],"wp:term":[{"taxonomy":"category","embeddable":true,"href":"https:\/\/wp.kristdemokraterna.se\/regionostergotland\/wp-json\/wp\/v2\/categories?post=2069"},{"taxonomy":"post_tag","embeddable":true,"href":"https:\/\/wp.kristdemokraterna.se\/regionostergotland\/wp-json\/wp\/v2\/tags?post=2069"}],"curies":[{"name":"wp","href":"https:\/\/api.w.org\/{rel}","templated":true}]}}