{"id":2072,"date":"2023-02-10T17:55:45","date_gmt":"2023-02-10T16:55:45","guid":{"rendered":"https:\/\/wp.kristdemokraterna.se\/regionostergotland\/?p=2072"},"modified":"2023-02-10T17:55:45","modified_gmt":"2023-02-10T16:55:45","slug":"nyhetsbrev-vecka-6-6","status":"publish","type":"post","link":"https:\/\/wp.kristdemokraterna.se\/regionostergotland\/nyhetsbrev-vecka-6-6\/","title":{"rendered":"Nyhetsbrev vecka 6"},"content":{"rendered":"<p>Hej!<\/p>\n<p>\u00c5terigen g\u00e5r en intensiv arbetsvecka i regionpolitiken mot sitt slut. Mycket har hunnits med d\u00e4r variationen mellan olika aktiviteter och h\u00e4ndelser \u00e4r stor. N\u00e5got av det som \u00e4r mest intressant, och kanske ocks\u00e5 lite utmanande med det regionpolitiska uppdraget. N\u00e5gra nedslag i det som h\u00e4nt och skett i veckan kommer h\u00e4r i veckans nyhetsbrev. Trevlig l\u00e4sning!<!--more--><\/p>\n<p><strong>M\u00e5ndagsm\u00f6te om fortsatt pressat l\u00e4ge i v\u00e5rden<\/strong><br \/>\nVeckans m\u00e5ndagsm\u00f6te hade som vanligt mycket p\u00e5 dagordningen. Sj\u00e4lvklart blev det fortsatt fokus p\u00e5 det anstr\u00e4ngda l\u00e4get i den \u00f6stg\u00f6tska h\u00e4lso- och sjukv\u00e5rden. Regiondirekt\u00f6r Krister Bj\u00f6rkegren och v\u00e5rddirekt\u00f6r Jessica Frisk redogjorde bl.a. f\u00f6r fortsatt h\u00f6g bel\u00e4ggningsgrad och alltf\u00f6r h\u00f6g sjukfr\u00e5nvaro hos personalen. Vi gick ocks\u00e5 igenom olika f\u00f6rslag som kommit fram vid de olika verksamhetsbes\u00f6k som genomf\u00f6rts de senaste veckorna, f\u00f6r att diskutera hur de b\u00e4st hanteras fram\u00e5t. Regionens nytilltr\u00e4dde IT-direkt\u00f6r Henrik Schildt g\u00e4stade ocks\u00e5 m\u00e5ndagsm\u00f6tet och presenterade sig och sitt uppdrag.<\/p>\n<p><strong>Digital utbildning f\u00f6r n\u00e4mndordf\u00f6rande<\/strong><br \/>\nI m\u00e5ndags kv\u00e4ll bj\u00f6d Kristdemokraternas riksorganisation in till ett digitalt utbildningstillf\u00e4lle f\u00f6r n\u00e4mndordf\u00f6rande i kommuner och regioner. Conny Br\u00e4nnberg, tidigare regionr\u00e5d i V\u00e4stra G\u00f6talandsregionen och Ella Kardemark, kommunalr\u00e5d i Halmstad, delade med sig av erfarenheter, r\u00e5d och tips f\u00f6r framg\u00e5ngsrikt ordf\u00f6randeskap inf\u00f6r, under och efter sammantr\u00e4den.<\/p>\n<p><strong>Sammantr\u00e4de med politiska ledningsgruppen<\/strong><br \/>\nP\u00e5 tisdagsf\u00f6rmiddagen sammantr\u00e4dde regionens politiska ledningsgrupp (PLG). Ett l\u00e4ngre temapass handlade om digitala v\u00e5rdtj\u00e4nster med inslag om s\u00e5v\u00e4l journalsystemet Cosmic och samarbetet kring IT-tj\u00e4nster mellan regioner genom Inera, som det stundande inf\u00f6randet av tj\u00e4nsten 1177 Direkt. Ekonomidirekt\u00f6r Josefin Bj\u00e4resten gick ocks\u00e5 igenom aktuellt ekonomiskt l\u00e4ge f\u00f6r regionen och tidplanen f\u00f6r framtagandet av Tre\u00e5rsbudget 2024-2026 under v\u00e5ren. Regionfullm\u00e4ktiges ordf\u00f6rande Nils Baptist gick ocks\u00e5 igenom uppl\u00e4gget f\u00f6r fullm\u00e4ktiges sammantr\u00e4de i n\u00e4stkommande vecka.<\/p>\n<p><strong>Fotografering av pressbilder f\u00f6r \u00d6stg\u00f6tasamverkan<\/strong><br \/>\nI tisdags eftermiddag fattade en fotograf posto i sammantr\u00e4desrummet Bl\u00e5klinten, riggade upp utrustning och b\u00f6rjade sedan med fotografering av pressbilder f\u00f6r \u00d6stg\u00f6tasamverkans representanter. S\u00e5v\u00e4l enskilda bilder som olika gruppkonstellationer. S\u00e5 sm\u00e5ningom l\u00e4r resultatet bli synligt i olika sammanhang\u2026<\/p>\n<p><strong>Gruppm\u00f6te med Kristdemokraternas regiongrupp<\/strong><br \/>\nP\u00e5 tisdagskv\u00e4llen h\u00f6lls februari m\u00e5nads gruppm\u00f6te f\u00f6r Kristdemokraternas regiongrupp. Som brukligt inleddes kv\u00e4llen med n\u00e4mndvisa gruppm\u00f6ten tillsammans med Moderaterna och Liberalerna. P\u00e5 Kristdemokraternas eget gruppm\u00f6te gick vi bl.a. igenom \u00e4rendena till n\u00e4sta veckas sammantr\u00e4de med regionfullm\u00e4ktige, men \u00e4gnade f\u00f6rst\u00e5s ocks\u00e5 tid \u00e5t samtal om l\u00e4get inom h\u00e4lso- och sjukv\u00e5rden.<\/p>\n<p><strong>Debattartikel om f\u00f6rsta 100 dagarna f\u00f6r \u00d6stg\u00f6tasamverkan<\/strong><br \/>\nI denna vecka har vi fr\u00e5n \u00d6stg\u00f6tasamverkan haft debattartiklar publicerade i l\u00e4nets tidningar utifr\u00e5n att det i g\u00e5r torsdag var exakt 100 dagar sedan vi tog \u00f6ver styret i Region \u00d6sterg\u00f6tland. Trots den korta tid som g\u00e5tt och trots den krisartade situation i v\u00e5rden som vi fick ta \u00f6ver, har vi \u00e4nd\u00e5 lyckats p\u00e5b\u00f6rja en hel del av de fr\u00e5gor vi drivit i valr\u00f6relsen. Nedan finns l\u00e4nkar till de olika artiklarna.<br \/>\nFolkbladet: (<a href=\"https:\/\/folkbladet.se\/debatt\/artikel\/vi-har-rivstartat-mitt-i-en-extremt-svar-vardkris\/lq3d48ej\" target=\"_blank\" rel=\"noopener\">https:\/\/folkbladet.se\/debatt\/artikel\/vi-har-rivstartat-mitt-i-en-extremt-svar-vardkris\/lq3d48ej<\/a>)<br \/>\nNorrk\u00f6pings Tidningar: (<a href=\"https:\/\/nt.se\/debatt\/artikel\/ostgotasamverkan-radande-bemanningslage-utgor-inte-bara-en-risk-for-patienter-i-behov-i-av-vard\/r16oz66j\" target=\"_blank\" rel=\"noopener\">https:\/\/nt.se\/debatt\/artikel\/ostgotasamverkan-radande-bemanningslage-utgor-inte-bara-en-risk-for-patienter-i-behov-i-av-vard\/r16oz66j<\/a>)<br \/>\nCorren: (<a href=\"https:\/\/corren.se\/debatt\/artikel\/ostgotasamverkans-100-forsta-dagar-for-en-nystart-\/rx3m7o8r\" target=\"_blank\" rel=\"noopener\">https:\/\/corren.se\/debatt\/artikel\/ostgotasamverkans-100-forsta-dagar-for-en-nystart-\/rx3m7o8r<\/a>)<\/p>\n<p><strong>M\u00f6te med \u00d6sterg\u00f6tlands Integrationsr\u00e5d<\/strong><br \/>\nI onsdags h\u00f6lls mandatperiodens f\u00f6rsta m\u00f6te med \u00d6sterg\u00f6tlands Integrationsr\u00e5d. R\u00e5det, som kallas samman av L\u00e4nsstyrelsen och leds av landsh\u00f6vdingen, samlar representanter fr\u00e5n \u00d6sterg\u00f6tlands kommuner, regionen, Arbetsf\u00f6rmedlingen och Migrationsverket. Gemensamma fr\u00e5gor kopplat till integration, inte s\u00e4llan med koppling till utbildning och kompetensf\u00f6rs\u00f6rjning, st\u00e5r p\u00e5 dagordningen. Region \u00d6sterg\u00f6tland representeras i r\u00e5det av regionutvecklingsn\u00e4mndens ordf\u00f6rande, varf\u00f6r jag nu finns med. Onsdagens m\u00f6te inleddes med ett gemensamt m\u00f6te med r\u00e5dets beredningsgrupp, d\u00e4r tj\u00e4nstepersoner fr\u00e5n de ing\u00e5ende organisationerna finns med, och efter lunch f\u00f6ljde sj\u00e4lva r\u00e5dsm\u00f6tet. Blir intressant att se hur arbetet i integrationsr\u00e5det utvecklas fram\u00f6ver!<\/p>\n<p><strong>Medietr\u00e4ning med \u00d6stg\u00f6tasamverkan<\/strong><br \/>\nI g\u00e5r torsdag \u00e4gnades f\u00f6rmiddagen \u00e5t att vi i \u00d6stg\u00f6tasamverkan fick b\u00e5de utbildning och praktisk tr\u00e4ning n\u00e4r det g\u00e4ller mediekontakter. F\u00f6retaget IdentX med Anna Lindberg och Fia Jerdhaf bistod med b\u00e5de teori och utsatte f\u00f6r mycket verklighetsn\u00e4ra intervjusituationer. Nyttiga och v\u00e4lanv\u00e4nda timmar!<\/p>\n<p><strong>M\u00f6te med Fysioterapeuterna<\/strong><br \/>\nTorsdagen fortsatte med att vi fr\u00e5n \u00d6stg\u00f6tasamverkan tr\u00e4ffade fackf\u00f6rbundet Fysioterapeuterna i \u00d6sterg\u00f6tland. Styrelseordf\u00f6rande Mikael Hjerne och ytterligare ledam\u00f6ter fr\u00e5n den \u00f6stg\u00f6tska distriktsstyrelsen ber\u00e4ttade en del om den enk\u00e4t de genomf\u00f6rde inf\u00f6r valet f\u00f6rra \u00e5ret, om reflektioner kring v\u00e5r nyligen antagna Tre\u00e5rsbudget 2023-2025 och gav en del medskick till utveckling av b\u00e5de deras roll i v\u00e5rden och v\u00e5rden i stort kopplat till bl.a. digitalisering, specialisering och nya arbetsplatser och arbetsuppgifter. Ett positivt och givande samtal!<\/p>\n<p><strong>M\u00f6te med l\u00e4nets st\u00f6rre f\u00f6retag<\/strong><br \/>\nIdag p\u00e5 f\u00f6rmiddagen h\u00f6lls digitalt m\u00f6te med st\u00f6rre f\u00f6retag i \u00d6sterg\u00f6tland, som L\u00e4nsstyrelsen genom landsh\u00f6vdingen bjuder in till, och d\u00e4r vi fr\u00e5n Region \u00d6sterg\u00f6tland ocks\u00e5 finns med. M\u00f6tet sker tv\u00e5 g\u00e5nger per termin, en g\u00e5ng digitalt och en g\u00e5ng fysiskt. Vid dagens digitala m\u00f6te medverkade bl.a. Niklaz Kling fr\u00e5n avdelningen f\u00f6r krisberedskap och civilt f\u00f6rsvar vid Myndigheten f\u00f6r samh\u00e4llsskydd och beredskap om n\u00e4ringslivet i civilt f\u00f6rsvar. M\u00f6tet g\u00e4stades ocks\u00e5 av riksdagens talman Andreas Norl\u00e9n, som ber\u00e4ttade lite mer om talmansuppdraget. Information gavs ocks\u00e5 om den energi- och klimatstrategi som L\u00e4nsstyrelsen och Region \u00d6sterg\u00f6tland arbetat fram i samverkan.<\/p>\n<p><strong>&#8221;Spaning p\u00e5 kammaren&#8221; hos \u00d6stsvenska Handelskammaren<\/strong><br \/>\nIdag p\u00e5 eftermiddagen bj\u00f6d \u00d6stsvenska Handelskammaren in till arrangemanget &#8221;Spaning p\u00e5 kammaren&#8221; i sina lokaler i LINK Business Center i Link\u00f6ping. Handelskammaren arrangerar regelbundet dessa fredags-eftermiddags-tr\u00e4ffar i b\u00e5de Link\u00f6ping och Norrk\u00f6ping, med aktuella omv\u00e4rldsspaningar fr\u00e5n tre inbjudna g\u00e4ster och m\u00f6jlighet till mingel och samtal med andra deltagare fr\u00e5n n\u00e4ringsliv och offentliga akt\u00f6rer. Vid dagens spaning medverkade Anna Axelsson, vd p\u00e5 Envima AB, tidigare moderata kommunalr\u00e5det och numera civilingenj\u00f6rsstudenten Christian Gustavsson samt riksdagsledamoten Johan L\u00f6fstrand (S). Intressanta spaningar, trevligt uppl\u00e4gg och flera bra m\u00f6ten med andra deltagare. Tack f\u00f6r inbjudan!<\/p>\n<p>Nu \u00e4r det snart dags att g\u00e5 hem fr\u00e5n regionhuset, det \u00e4r ju \u00e4nd\u00e5 fredag kv\u00e4ll\u2026 Men, sen \u00e4r det snart dags att ge sig iv\u00e4g igen, f\u00f6r lite kultur! Oavsett vad som st\u00e5r p\u00e5 ditt helgprogram, hoppas jag att helgen blir riktigt trevlig!<\/p>\n<p>Med v\u00e4nlig h\u00e4lsning<br \/>\nPer Larsson<br \/>\nRegionr\u00e5d o Ordf\u00f6rande i Regionutvecklingsn\u00e4mnden<br \/>\nGruppledare f\u00f6r Kristdemokraterna i Region \u00d6sterg\u00f6tland<br \/>\ntfn 010-103 72 84 (arb)<br \/>\ntfn 0702-88 21 34 (mobil)<br \/>\nper.larsson@regionostergotland.se<\/p>\n<p>&nbsp;<\/p>\n","protected":false},"excerpt":{"rendered":"<p>Hej! \u00c5terigen g\u00e5r en intensiv arbetsvecka i regionpolitiken mot sitt slut. Mycket har hunnits med d\u00e4r variationen mellan olika aktiviteter och h\u00e4ndelser \u00e4r stor. N\u00e5got av det som \u00e4r mest intressant, och kanske ocks\u00e5 lite utmanande med det regionpolitiska uppdraget. N\u00e5gra nedslag i det som h\u00e4nt och skett i veckan kommer h\u00e4r i veckans nyhetsbrev. <a class=\"read-more-link\" href=\"https:\/\/wp.kristdemokraterna.se\/regionostergotland\/nyhetsbrev-vecka-6-6\/\">Read More<\/a><\/p>\n","protected":false},"author":737,"featured_media":0,"comment_status":"closed","ping_status":"closed","sticky":false,"template":"","format":"standard","meta":{"_acf_changed":false,"footnotes":""},"categories":[1],"tags":[],"class_list":["post-2072","post","type-post","status-publish","format-standard","hentry","category-nyheter"],"acf":[],"yoast_head":"<!-- This site is optimized with the Yoast SEO plugin v27.5 - https:\/\/yoast.com\/product\/yoast-seo-wordpress\/ -->\n<title>Nyhetsbrev vecka 6 - i Region \u00d6sterg\u00f6tland<\/title>\n<meta name=\"robots\" content=\"index, follow, max-snippet:-1, max-image-preview:large, max-video-preview:-1\" \/>\n<link rel=\"canonical\" href=\"https:\/\/wp.kristdemokraterna.se\/regionostergotland\/nyhetsbrev-vecka-6-6\/\" \/>\n<meta property=\"og:locale\" content=\"sv_SE\" \/>\n<meta property=\"og:type\" content=\"article\" \/>\n<meta property=\"og:title\" content=\"Nyhetsbrev vecka 6 - i Region \u00d6sterg\u00f6tland\" \/>\n<meta property=\"og:description\" content=\"Hej! \u00c5terigen g\u00e5r en intensiv arbetsvecka i regionpolitiken mot sitt slut. Mycket har hunnits med d\u00e4r variationen mellan olika aktiviteter och h\u00e4ndelser \u00e4r stor. N\u00e5got av det som \u00e4r mest intressant, och kanske ocks\u00e5 lite utmanande med det regionpolitiska uppdraget. N\u00e5gra nedslag i det som h\u00e4nt och skett i veckan kommer h\u00e4r i veckans nyhetsbrev. Read More\" \/>\n<meta property=\"og:url\" content=\"https:\/\/wp.kristdemokraterna.se\/regionostergotland\/nyhetsbrev-vecka-6-6\/\" \/>\n<meta property=\"og:site_name\" content=\"i Region \u00d6sterg\u00f6tland\" \/>\n<meta property=\"article:published_time\" content=\"2023-02-10T16:55:45+00:00\" \/>\n<meta property=\"og:image\" content=\"http:\/\/wp.kristdemokraterna.se\/regionostergotland\/files\/2023\/02\/bild-nyhetsbrev-2023-vecka-6-1024x533.jpg\" \/>\n\t<meta property=\"og:image:width\" content=\"1024\" \/>\n\t<meta property=\"og:image:height\" content=\"533\" \/>\n\t<meta property=\"og:image:type\" content=\"image\/jpeg\" \/>\n<meta name=\"author\" content=\"regionostergotland\" \/>\n<meta name=\"twitter:card\" content=\"summary_large_image\" \/>\n<meta name=\"twitter:label1\" content=\"Skriven av\" \/>\n\t<meta name=\"twitter:data1\" content=\"regionostergotland\" \/>\n\t<meta name=\"twitter:label2\" content=\"Ber\u00e4knad l\u00e4stid\" \/>\n\t<meta name=\"twitter:data2\" content=\"5 minuter\" \/>\n<script type=\"application\/ld+json\" class=\"yoast-schema-graph\">{\"@context\":\"https:\\\/\\\/schema.org\",\"@graph\":[{\"@type\":\"Article\",\"@id\":\"https:\\\/\\\/wp.kristdemokraterna.se\\\/regionostergotland\\\/nyhetsbrev-vecka-6-6\\\/#article\",\"isPartOf\":{\"@id\":\"https:\\\/\\\/wp.kristdemokraterna.se\\\/regionostergotland\\\/nyhetsbrev-vecka-6-6\\\/\"},\"author\":{\"name\":\"regionostergotland\",\"@id\":\"https:\\\/\\\/wp.kristdemokraterna.se\\\/regionostergotland\\\/#\\\/schema\\\/person\\\/74c3c4f502fcc489722a7be0dfe0088c\"},\"headline\":\"Nyhetsbrev vecka 6\",\"datePublished\":\"2023-02-10T16:55:45+00:00\",\"mainEntityOfPage\":{\"@id\":\"https:\\\/\\\/wp.kristdemokraterna.se\\\/regionostergotland\\\/nyhetsbrev-vecka-6-6\\\/\"},\"wordCount\":1234,\"articleSection\":[\"Nyheter\"],\"inLanguage\":\"sv-SE\"},{\"@type\":\"WebPage\",\"@id\":\"https:\\\/\\\/wp.kristdemokraterna.se\\\/regionostergotland\\\/nyhetsbrev-vecka-6-6\\\/\",\"url\":\"https:\\\/\\\/wp.kristdemokraterna.se\\\/regionostergotland\\\/nyhetsbrev-vecka-6-6\\\/\",\"name\":\"Nyhetsbrev vecka 6 - i Region \u00d6sterg\u00f6tland\",\"isPartOf\":{\"@id\":\"https:\\\/\\\/wp.kristdemokraterna.se\\\/regionostergotland\\\/#website\"},\"datePublished\":\"2023-02-10T16:55:45+00:00\",\"author\":{\"@id\":\"https:\\\/\\\/wp.kristdemokraterna.se\\\/regionostergotland\\\/#\\\/schema\\\/person\\\/74c3c4f502fcc489722a7be0dfe0088c\"},\"breadcrumb\":{\"@id\":\"https:\\\/\\\/wp.kristdemokraterna.se\\\/regionostergotland\\\/nyhetsbrev-vecka-6-6\\\/#breadcrumb\"},\"inLanguage\":\"sv-SE\",\"potentialAction\":[{\"@type\":\"ReadAction\",\"target\":[\"https:\\\/\\\/wp.kristdemokraterna.se\\\/regionostergotland\\\/nyhetsbrev-vecka-6-6\\\/\"]}]},{\"@type\":\"BreadcrumbList\",\"@id\":\"https:\\\/\\\/wp.kristdemokraterna.se\\\/regionostergotland\\\/nyhetsbrev-vecka-6-6\\\/#breadcrumb\",\"itemListElement\":[{\"@type\":\"ListItem\",\"position\":1,\"name\":\"Hem\",\"item\":\"https:\\\/\\\/wp.kristdemokraterna.se\\\/regionostergotland\\\/\"},{\"@type\":\"ListItem\",\"position\":2,\"name\":\"Nyhetsbrev vecka 6\"}]},{\"@type\":\"WebSite\",\"@id\":\"https:\\\/\\\/wp.kristdemokraterna.se\\\/regionostergotland\\\/#website\",\"url\":\"https:\\\/\\\/wp.kristdemokraterna.se\\\/regionostergotland\\\/\",\"name\":\"i Region \u00d6sterg\u00f6tland\",\"description\":\"\",\"inLanguage\":\"sv-SE\"},{\"@type\":\"Person\",\"@id\":\"https:\\\/\\\/wp.kristdemokraterna.se\\\/regionostergotland\\\/#\\\/schema\\\/person\\\/74c3c4f502fcc489722a7be0dfe0088c\",\"name\":\"regionostergotland\",\"image\":{\"@type\":\"ImageObject\",\"inLanguage\":\"sv-SE\",\"@id\":\"https:\\\/\\\/secure.gravatar.com\\\/avatar\\\/8fb8f0a216e627554da57506bfaf78d677f45512f24f703e185ec701423b1e92?s=96&d=mm&r=g\",\"url\":\"https:\\\/\\\/secure.gravatar.com\\\/avatar\\\/8fb8f0a216e627554da57506bfaf78d677f45512f24f703e185ec701423b1e92?s=96&d=mm&r=g\",\"contentUrl\":\"https:\\\/\\\/secure.gravatar.com\\\/avatar\\\/8fb8f0a216e627554da57506bfaf78d677f45512f24f703e185ec701423b1e92?s=96&d=mm&r=g\",\"caption\":\"regionostergotland\"},\"url\":\"https:\\\/\\\/wp.kristdemokraterna.se\\\/regionostergotland\\\/author\\\/regionostergotland\\\/\"}]}<\/script>\n<!-- \/ Yoast SEO plugin. -->","yoast_head_json":{"title":"Nyhetsbrev vecka 6 - i Region \u00d6sterg\u00f6tland","robots":{"index":"index","follow":"follow","max-snippet":"max-snippet:-1","max-image-preview":"max-image-preview:large","max-video-preview":"max-video-preview:-1"},"canonical":"https:\/\/wp.kristdemokraterna.se\/regionostergotland\/nyhetsbrev-vecka-6-6\/","og_locale":"sv_SE","og_type":"article","og_title":"Nyhetsbrev vecka 6 - i Region \u00d6sterg\u00f6tland","og_description":"Hej! \u00c5terigen g\u00e5r en intensiv arbetsvecka i regionpolitiken mot sitt slut. Mycket har hunnits med d\u00e4r variationen mellan olika aktiviteter och h\u00e4ndelser \u00e4r stor. N\u00e5got av det som \u00e4r mest intressant, och kanske ocks\u00e5 lite utmanande med det regionpolitiska uppdraget. N\u00e5gra nedslag i det som h\u00e4nt och skett i veckan kommer h\u00e4r i veckans nyhetsbrev. Read More","og_url":"https:\/\/wp.kristdemokraterna.se\/regionostergotland\/nyhetsbrev-vecka-6-6\/","og_site_name":"i Region \u00d6sterg\u00f6tland","article_published_time":"2023-02-10T16:55:45+00:00","og_image":[{"width":1024,"height":533,"url":"http:\/\/wp.kristdemokraterna.se\/regionostergotland\/files\/2023\/02\/bild-nyhetsbrev-2023-vecka-6-1024x533.jpg","type":"image\/jpeg"}],"author":"regionostergotland","twitter_card":"summary_large_image","twitter_misc":{"Skriven av":"regionostergotland","Ber\u00e4knad l\u00e4stid":"5 minuter"},"schema":{"@context":"https:\/\/schema.org","@graph":[{"@type":"Article","@id":"https:\/\/wp.kristdemokraterna.se\/regionostergotland\/nyhetsbrev-vecka-6-6\/#article","isPartOf":{"@id":"https:\/\/wp.kristdemokraterna.se\/regionostergotland\/nyhetsbrev-vecka-6-6\/"},"author":{"name":"regionostergotland","@id":"https:\/\/wp.kristdemokraterna.se\/regionostergotland\/#\/schema\/person\/74c3c4f502fcc489722a7be0dfe0088c"},"headline":"Nyhetsbrev vecka 6","datePublished":"2023-02-10T16:55:45+00:00","mainEntityOfPage":{"@id":"https:\/\/wp.kristdemokraterna.se\/regionostergotland\/nyhetsbrev-vecka-6-6\/"},"wordCount":1234,"articleSection":["Nyheter"],"inLanguage":"sv-SE"},{"@type":"WebPage","@id":"https:\/\/wp.kristdemokraterna.se\/regionostergotland\/nyhetsbrev-vecka-6-6\/","url":"https:\/\/wp.kristdemokraterna.se\/regionostergotland\/nyhetsbrev-vecka-6-6\/","name":"Nyhetsbrev vecka 6 - i Region \u00d6sterg\u00f6tland","isPartOf":{"@id":"https:\/\/wp.kristdemokraterna.se\/regionostergotland\/#website"},"datePublished":"2023-02-10T16:55:45+00:00","author":{"@id":"https:\/\/wp.kristdemokraterna.se\/regionostergotland\/#\/schema\/person\/74c3c4f502fcc489722a7be0dfe0088c"},"breadcrumb":{"@id":"https:\/\/wp.kristdemokraterna.se\/regionostergotland\/nyhetsbrev-vecka-6-6\/#breadcrumb"},"inLanguage":"sv-SE","potentialAction":[{"@type":"ReadAction","target":["https:\/\/wp.kristdemokraterna.se\/regionostergotland\/nyhetsbrev-vecka-6-6\/"]}]},{"@type":"BreadcrumbList","@id":"https:\/\/wp.kristdemokraterna.se\/regionostergotland\/nyhetsbrev-vecka-6-6\/#breadcrumb","itemListElement":[{"@type":"ListItem","position":1,"name":"Hem","item":"https:\/\/wp.kristdemokraterna.se\/regionostergotland\/"},{"@type":"ListItem","position":2,"name":"Nyhetsbrev vecka 6"}]},{"@type":"WebSite","@id":"https:\/\/wp.kristdemokraterna.se\/regionostergotland\/#website","url":"https:\/\/wp.kristdemokraterna.se\/regionostergotland\/","name":"i Region \u00d6sterg\u00f6tland","description":"","inLanguage":"sv-SE"},{"@type":"Person","@id":"https:\/\/wp.kristdemokraterna.se\/regionostergotland\/#\/schema\/person\/74c3c4f502fcc489722a7be0dfe0088c","name":"regionostergotland","image":{"@type":"ImageObject","inLanguage":"sv-SE","@id":"https:\/\/secure.gravatar.com\/avatar\/8fb8f0a216e627554da57506bfaf78d677f45512f24f703e185ec701423b1e92?s=96&d=mm&r=g","url":"https:\/\/secure.gravatar.com\/avatar\/8fb8f0a216e627554da57506bfaf78d677f45512f24f703e185ec701423b1e92?s=96&d=mm&r=g","contentUrl":"https:\/\/secure.gravatar.com\/avatar\/8fb8f0a216e627554da57506bfaf78d677f45512f24f703e185ec701423b1e92?s=96&d=mm&r=g","caption":"regionostergotland"},"url":"https:\/\/wp.kristdemokraterna.se\/regionostergotland\/author\/regionostergotland\/"}]}},"_links":{"self":[{"href":"https:\/\/wp.kristdemokraterna.se\/regionostergotland\/wp-json\/wp\/v2\/posts\/2072","targetHints":{"allow":["GET"]}}],"collection":[{"href":"https:\/\/wp.kristdemokraterna.se\/regionostergotland\/wp-json\/wp\/v2\/posts"}],"about":[{"href":"https:\/\/wp.kristdemokraterna.se\/regionostergotland\/wp-json\/wp\/v2\/types\/post"}],"author":[{"embeddable":true,"href":"https:\/\/wp.kristdemokraterna.se\/regionostergotland\/wp-json\/wp\/v2\/users\/737"}],"replies":[{"embeddable":true,"href":"https:\/\/wp.kristdemokraterna.se\/regionostergotland\/wp-json\/wp\/v2\/comments?post=2072"}],"version-history":[{"count":1,"href":"https:\/\/wp.kristdemokraterna.se\/regionostergotland\/wp-json\/wp\/v2\/posts\/2072\/revisions"}],"predecessor-version":[{"id":2074,"href":"https:\/\/wp.kristdemokraterna.se\/regionostergotland\/wp-json\/wp\/v2\/posts\/2072\/revisions\/2074"}],"wp:attachment":[{"href":"https:\/\/wp.kristdemokraterna.se\/regionostergotland\/wp-json\/wp\/v2\/media?parent=2072"}],"wp:term":[{"taxonomy":"category","embeddable":true,"href":"https:\/\/wp.kristdemokraterna.se\/regionostergotland\/wp-json\/wp\/v2\/categories?post=2072"},{"taxonomy":"post_tag","embeddable":true,"href":"https:\/\/wp.kristdemokraterna.se\/regionostergotland\/wp-json\/wp\/v2\/tags?post=2072"}],"curies":[{"name":"wp","href":"https:\/\/api.w.org\/{rel}","templated":true}]}}