{"id":2078,"date":"2023-02-24T17:00:15","date_gmt":"2023-02-24T16:00:15","guid":{"rendered":"https:\/\/wp.kristdemokraterna.se\/regionostergotland\/?p=2078"},"modified":"2023-02-24T17:00:15","modified_gmt":"2023-02-24T16:00:15","slug":"nyhetsbrev-vecka-8-7","status":"publish","type":"post","link":"https:\/\/wp.kristdemokraterna.se\/regionostergotland\/nyhetsbrev-vecka-8-7\/","title":{"rendered":"Nyhetsbrev vecka 8"},"content":{"rendered":"<p>Hej!<\/p>\n<p>Det \u00e4r sportlovsvecka och en hel del har passat p\u00e5 att \u00e5ka skidor i svenska fj\u00e4llen eller i alperna. Andra \u00e4gnar ledigheten \u00e5t helt andra aktiviteter och n\u00e5gra av oss har haft en vanlig, m\u00f6jligen bitvis n\u00e5got lugnare, arbetsvecka. Just nu sitter jag p\u00e5 t\u00e5get hem fr\u00e5n tv\u00e5 m\u00f6tesdagar i Stockholm och ska f\u00f6rs\u00f6ka att sammanfatta veckans aktiviteter i sportlovsupplagan av nyhetsbrevet. Trevlig l\u00e4sning!<!--more--><\/p>\n<p><strong>M\u00e5ndagsm\u00f6te om b\u00e5de v\u00e5rdcentrum och t\u00e5g&gt;<\/strong><br \/>\n\u00d6stg\u00f6tasamverkans m\u00e5ndagsm\u00f6te tog inte sportlovsledigt, utan hade ist\u00e4llet en v\u00e4lfylld dagordning. M\u00f6tet g\u00e4stades bl.a. av IT-direkt\u00f6r Henrik Schildt och v\u00e5rddirekt\u00f6r Ninnie Borendal Wodlin, som redogjorde f\u00f6r bakgrunden till och hanteringen av den IT-st\u00f6rning som intr\u00e4ffade den g\u00e5ngna helgen. Ett h\u00e5rdvarufel l\u00e5g bakom och \u00e4ven om det ledde till mycket extra arbete och utebliven ledighet f\u00f6r en del personal, drabbades tack och lov inte n\u00e5gon patient av n\u00e5gra allvarligare konsekvenser. Ekonomidirekt\u00f6r Josefin Bj\u00e4resten och utvecklingsdirekt\u00f6r Robert Ringh informerade om planeringen f\u00f6r kommande inf\u00f6rande av v\u00e5rdcentrumkonceptet och n\u00e4rv\u00e5rdsplatser i Kinda kommun. Anders B\u00e4ckstrand, chef f\u00f6r samh\u00e4llsbyggnadsenheten, informerade om nul\u00e4ge f\u00f6r St\u00e5ng\u00e5dals- och Tjustbanorna.<\/p>\n<p><strong>M\u00f6te om kompetensf\u00f6rs\u00f6rjningsfr\u00e5gor<\/strong><br \/>\nI m\u00e5ndags eftermiddag hade jag och f\u00f6rste vice ordf\u00f6rande i regionutvecklingsn\u00e4mnden Anna Nilsson (M) ett avst\u00e4mningsm\u00f6te med Malin Thunborg, chef f\u00f6r tillv\u00e4xtenheten, om bl.a. aktuella fr\u00e5gor inom komptensf\u00f6rs\u00f6rjningsomr\u00e5det. I november f\u00f6rra \u00e5ret beslutade n\u00e4mnden att ta fram en komptensf\u00f6rs\u00f6rjningsstrategi, och nu p\u00e5g\u00e5r planering f\u00f6r hur arbetet med framtagandet ska gestalta sig. Likas\u00e5 dryftade vi hur Regionalt kompensforum, d\u00e4r regionen samlar olika samh\u00e4llsakt\u00f6rer inom komptensf\u00f6rs\u00f6rjningsomr\u00e5det, kan bidra i strategiarbetet.<\/p>\n<p><strong>M\u00f6te om distansutbildningar p\u00e5 Vreta Utbildningscenter<\/strong><br \/>\nI onsdags f\u00f6rmiddag hade jag och andre vice ordf\u00f6rande i regionutvecklingsn\u00e4mnden, Eva Andersson (S) ett m\u00f6te om distansutbildningar p\u00e5 Vreta Utbildningscenter, tillsammans med skolchef Ingela Appelsved, rektor Eva-Lena Klofsten och tidigare centerpartistiske regionpolitikern Anders Monemar. Vi fick dels en redog\u00f6relse f\u00f6r hur arbetet med distansutbildningar ser ut idag, och dels f\u00f6rdes en diskussion kring t\u00e4nkbara utvecklingsm\u00f6jligheter p\u00e5 omr\u00e5det.<\/p>\n<p><strong>Samverkansm\u00f6te med n\u00e4ringslivets organisationer<\/strong><br \/>\nUnder pandemin b\u00f6rjade Region \u00d6sterg\u00f6tland och L\u00e4nsstyrelsen gemensamt tr\u00e4ffa de olika n\u00e4ringslivsorganisationerna i \u00d6sterg\u00f6tland, f\u00f6r att st\u00e4mma av l\u00e4get f\u00f6r n\u00e4ringslivet med anledning av de olika konsekvenser pandemin hade f\u00f6r \u00f6stg\u00f6tska f\u00f6retag. Efter att pandemirestriktionerna successivt l\u00e4ttades har behovet av att st\u00e4mma av l\u00e4get med n\u00e4ringslivet fortsatt funnits, med tanke p\u00e5 kriget i Ukraina, l\u00e5gkonjunktur, h\u00f6ga energi- och br\u00e4nslepriser m.m. I onsdags eftermiddag h\u00f6lls \u00e5rets f\u00f6rsta m\u00f6te i grupperingen. Vi tr\u00e4ffades i det nyrenoverade \u00d6stg\u00f6tarummet p\u00e5 Link\u00f6pings slott, och fick en bra genomg\u00e5ng b\u00e5de kring framg\u00e5ngsfaktorer och utmaningar f\u00f6r \u00f6stg\u00f6tska f\u00f6retag.<\/p>\n<p><strong>M\u00f6te mellan Kristdemokraternas regiongruppledare och sjukv\u00e5rdsministern<\/strong><br \/>\nI g\u00e5r torsdag b\u00f6rjade dagen med ett digitalt avst\u00e4mningsm\u00f6te mellan Kristdemokraternas gruppledare runt om i regionerna i Sverige och sjukv\u00e5rdsminister Acko Ankarberg Johansson. Vi fick en uppdatering kring regeringens arbete inom sjukv\u00e5rdsomr\u00e5det, bl.a. kring f\u00f6rverkligande av f\u00f6rslaget om nationell v\u00e5rdf\u00f6rmedling, men gavs ocks\u00e5 en inblick i hur sjukv\u00e5rdsministerns arbete och olika kontakter sett ut den senaste tiden. Den h\u00e4r typen av kortare digitala avst\u00e4mningsm\u00f6ten \u00e4r inplanerade ungef\u00e4r en g\u00e5ng i m\u00e5naden och \u00e4r verkligen v\u00e4rdefullt f\u00f6r goda kontakter mellan regionerna och den nationella niv\u00e5n.<\/p>\n<p><strong>Mandatperiodens f\u00f6rsta dialog med regeringen om regionala utvecklingsfr\u00e5gor<\/strong><br \/>\nTorsdag och fredag har tillbringats i Stockholm f\u00f6r \u00e5rets och mandatperiodens f\u00f6rsta dialog mellan regionerna och regeringen om regionala utvecklingsfr\u00e5gor. M\u00f6tesformen heter formellt &#8221;Forum f\u00f6r h\u00e5llbar regional utveckling&#8221;, men kallas vanligen f\u00f6r Politikerforum. Forumet har under de tv\u00e5 senaste mandatperioden letts av statssekreteraren hos landsbygdsministern, och det \u00e4r ocks\u00e5 uppl\u00e4gget denna mandatperiod. Det g\u00f6r att den kristdemokratiske statssekreteraren Dan Ericsson hos den kristdemokratiske landsbygdsministern Peter Kullgren leder forumet. Vid detta f\u00f6rsta Politikerforum f\u00f6r mandatperioden deltog ocks\u00e5 fyra kristdemokrater fr\u00e5n regionalt h\u00e5ll; Birgitta Sacred\u00e9us fr\u00e5n Region Dalarna, Mia Frisk fr\u00e5n Region J\u00f6nk\u00f6pings l\u00e4n, Carl-Wiktor Svensson fr\u00e5n Region Kalmar l\u00e4n och undertecknad. Ut\u00f6ver landsbygdsministern som inledde dagen, medverkade ytterligare statssekreterare, generaldirekt\u00f6rer och samordnare. P\u00e5 dagordningen stod flera aktuella fr\u00e5gor; s\u00e5som innovation, EU:s sammanh\u00e5llningspolitik, stora investeringar, f\u00f6retagsst\u00f6d och bredband. Liksom tidigare mandatperioder arrangerade SKR p\u00e5 torsdagseftermiddagen ett f\u00f6rm\u00f6te f\u00f6r oss regionala f\u00f6retr\u00e4dare, och dessutom tidigare under dagen en introduktion till Politikerforum. Varje region representeras av en majoritets- och en oppositionsf\u00f6retr\u00e4dare, och fr\u00e5n Region \u00d6sterg\u00f6tland \u00e4r det jag och Eva Andersson (S) som \u00e4r representanter. Tv\u00e5 intressanta och givande dagar, med ocks\u00e5 goda m\u00f6jligheter till informella samtal med \u00f6vriga deltagare!<\/p>\n<p>Medan mitt t\u00e5g nu rullar genom ett sn\u00f6igt S\u00f6rmland, \u00e4r det dags att skriva de sista raderna i veckans nyhetsbrev. F\u00f6rhoppningsvis forts\u00e4tter t\u00e5get att rulla p\u00e5 hela v\u00e4gen hem till Link\u00f6ping och lite helgledighet. Jag ber att avslutningsvis f\u00e5 \u00f6nska er alla en riktigt trevlig helg!<\/p>\n<p>Med v\u00e4nlig h\u00e4lsning<br \/>\nPer Larsson<br \/>\nRegionr\u00e5d o Ordf\u00f6rande i Regionutvecklingsn\u00e4mnden<br \/>\nGruppledare f\u00f6r Kristdemokraterna i Region \u00d6sterg\u00f6tland<br \/>\ntfn 010-103 72 84 (arb)<br \/>\ntfn 0702-88 21 34 (mobil)<br \/>\nper.larsson@regionostergotland.se<\/p>\n","protected":false},"excerpt":{"rendered":"<p>Hej! Det \u00e4r sportlovsvecka och en hel del har passat p\u00e5 att \u00e5ka skidor i svenska fj\u00e4llen eller i alperna. Andra \u00e4gnar ledigheten \u00e5t helt andra aktiviteter och n\u00e5gra av oss har haft en vanlig, m\u00f6jligen bitvis n\u00e5got lugnare, arbetsvecka. Just nu sitter jag p\u00e5 t\u00e5get hem fr\u00e5n tv\u00e5 m\u00f6tesdagar i Stockholm och ska f\u00f6rs\u00f6ka <a class=\"read-more-link\" href=\"https:\/\/wp.kristdemokraterna.se\/regionostergotland\/nyhetsbrev-vecka-8-7\/\">Read More<\/a><\/p>\n","protected":false},"author":737,"featured_media":0,"comment_status":"closed","ping_status":"closed","sticky":false,"template":"","format":"standard","meta":{"_acf_changed":false,"footnotes":""},"categories":[1],"tags":[],"class_list":["post-2078","post","type-post","status-publish","format-standard","hentry","category-nyheter"],"acf":[],"yoast_head":"<!-- This site is optimized with the Yoast SEO plugin v27.5 - https:\/\/yoast.com\/product\/yoast-seo-wordpress\/ -->\n<title>Nyhetsbrev vecka 8 - i Region \u00d6sterg\u00f6tland<\/title>\n<meta name=\"robots\" content=\"index, follow, max-snippet:-1, max-image-preview:large, max-video-preview:-1\" \/>\n<link rel=\"canonical\" href=\"https:\/\/wp.kristdemokraterna.se\/regionostergotland\/nyhetsbrev-vecka-8-7\/\" \/>\n<meta property=\"og:locale\" content=\"sv_SE\" \/>\n<meta property=\"og:type\" content=\"article\" \/>\n<meta property=\"og:title\" content=\"Nyhetsbrev vecka 8 - i Region \u00d6sterg\u00f6tland\" \/>\n<meta property=\"og:description\" content=\"Hej! Det \u00e4r sportlovsvecka och en hel del har passat p\u00e5 att \u00e5ka skidor i svenska fj\u00e4llen eller i alperna. Andra \u00e4gnar ledigheten \u00e5t helt andra aktiviteter och n\u00e5gra av oss har haft en vanlig, m\u00f6jligen bitvis n\u00e5got lugnare, arbetsvecka. Just nu sitter jag p\u00e5 t\u00e5get hem fr\u00e5n tv\u00e5 m\u00f6tesdagar i Stockholm och ska f\u00f6rs\u00f6ka Read More\" \/>\n<meta property=\"og:url\" content=\"https:\/\/wp.kristdemokraterna.se\/regionostergotland\/nyhetsbrev-vecka-8-7\/\" \/>\n<meta property=\"og:site_name\" content=\"i Region \u00d6sterg\u00f6tland\" \/>\n<meta property=\"article:published_time\" content=\"2023-02-24T16:00:15+00:00\" \/>\n<meta property=\"og:image\" content=\"http:\/\/wp.kristdemokraterna.se\/regionostergotland\/files\/2023\/02\/bild-nyhetsbrev-2023-vecka-8-1024x533.jpg\" \/>\n\t<meta property=\"og:image:width\" content=\"1024\" \/>\n\t<meta property=\"og:image:height\" content=\"533\" \/>\n\t<meta property=\"og:image:type\" content=\"image\/jpeg\" \/>\n<meta name=\"author\" content=\"regionostergotland\" \/>\n<meta name=\"twitter:card\" content=\"summary_large_image\" \/>\n<meta name=\"twitter:label1\" content=\"Skriven av\" \/>\n\t<meta name=\"twitter:data1\" content=\"regionostergotland\" \/>\n\t<meta name=\"twitter:label2\" content=\"Ber\u00e4knad l\u00e4stid\" \/>\n\t<meta name=\"twitter:data2\" content=\"4 minuter\" \/>\n<script type=\"application\/ld+json\" class=\"yoast-schema-graph\">{\"@context\":\"https:\\\/\\\/schema.org\",\"@graph\":[{\"@type\":\"Article\",\"@id\":\"https:\\\/\\\/wp.kristdemokraterna.se\\\/regionostergotland\\\/nyhetsbrev-vecka-8-7\\\/#article\",\"isPartOf\":{\"@id\":\"https:\\\/\\\/wp.kristdemokraterna.se\\\/regionostergotland\\\/nyhetsbrev-vecka-8-7\\\/\"},\"author\":{\"name\":\"regionostergotland\",\"@id\":\"https:\\\/\\\/wp.kristdemokraterna.se\\\/regionostergotland\\\/#\\\/schema\\\/person\\\/74c3c4f502fcc489722a7be0dfe0088c\"},\"headline\":\"Nyhetsbrev vecka 8\",\"datePublished\":\"2023-02-24T16:00:15+00:00\",\"mainEntityOfPage\":{\"@id\":\"https:\\\/\\\/wp.kristdemokraterna.se\\\/regionostergotland\\\/nyhetsbrev-vecka-8-7\\\/\"},\"wordCount\":968,\"articleSection\":[\"Nyheter\"],\"inLanguage\":\"sv-SE\"},{\"@type\":\"WebPage\",\"@id\":\"https:\\\/\\\/wp.kristdemokraterna.se\\\/regionostergotland\\\/nyhetsbrev-vecka-8-7\\\/\",\"url\":\"https:\\\/\\\/wp.kristdemokraterna.se\\\/regionostergotland\\\/nyhetsbrev-vecka-8-7\\\/\",\"name\":\"Nyhetsbrev vecka 8 - i Region \u00d6sterg\u00f6tland\",\"isPartOf\":{\"@id\":\"https:\\\/\\\/wp.kristdemokraterna.se\\\/regionostergotland\\\/#website\"},\"datePublished\":\"2023-02-24T16:00:15+00:00\",\"author\":{\"@id\":\"https:\\\/\\\/wp.kristdemokraterna.se\\\/regionostergotland\\\/#\\\/schema\\\/person\\\/74c3c4f502fcc489722a7be0dfe0088c\"},\"breadcrumb\":{\"@id\":\"https:\\\/\\\/wp.kristdemokraterna.se\\\/regionostergotland\\\/nyhetsbrev-vecka-8-7\\\/#breadcrumb\"},\"inLanguage\":\"sv-SE\",\"potentialAction\":[{\"@type\":\"ReadAction\",\"target\":[\"https:\\\/\\\/wp.kristdemokraterna.se\\\/regionostergotland\\\/nyhetsbrev-vecka-8-7\\\/\"]}]},{\"@type\":\"BreadcrumbList\",\"@id\":\"https:\\\/\\\/wp.kristdemokraterna.se\\\/regionostergotland\\\/nyhetsbrev-vecka-8-7\\\/#breadcrumb\",\"itemListElement\":[{\"@type\":\"ListItem\",\"position\":1,\"name\":\"Hem\",\"item\":\"https:\\\/\\\/wp.kristdemokraterna.se\\\/regionostergotland\\\/\"},{\"@type\":\"ListItem\",\"position\":2,\"name\":\"Nyhetsbrev vecka 8\"}]},{\"@type\":\"WebSite\",\"@id\":\"https:\\\/\\\/wp.kristdemokraterna.se\\\/regionostergotland\\\/#website\",\"url\":\"https:\\\/\\\/wp.kristdemokraterna.se\\\/regionostergotland\\\/\",\"name\":\"i Region \u00d6sterg\u00f6tland\",\"description\":\"\",\"inLanguage\":\"sv-SE\"},{\"@type\":\"Person\",\"@id\":\"https:\\\/\\\/wp.kristdemokraterna.se\\\/regionostergotland\\\/#\\\/schema\\\/person\\\/74c3c4f502fcc489722a7be0dfe0088c\",\"name\":\"regionostergotland\",\"image\":{\"@type\":\"ImageObject\",\"inLanguage\":\"sv-SE\",\"@id\":\"https:\\\/\\\/secure.gravatar.com\\\/avatar\\\/8fb8f0a216e627554da57506bfaf78d677f45512f24f703e185ec701423b1e92?s=96&d=mm&r=g\",\"url\":\"https:\\\/\\\/secure.gravatar.com\\\/avatar\\\/8fb8f0a216e627554da57506bfaf78d677f45512f24f703e185ec701423b1e92?s=96&d=mm&r=g\",\"contentUrl\":\"https:\\\/\\\/secure.gravatar.com\\\/avatar\\\/8fb8f0a216e627554da57506bfaf78d677f45512f24f703e185ec701423b1e92?s=96&d=mm&r=g\",\"caption\":\"regionostergotland\"},\"url\":\"https:\\\/\\\/wp.kristdemokraterna.se\\\/regionostergotland\\\/author\\\/regionostergotland\\\/\"}]}<\/script>\n<!-- \/ Yoast SEO plugin. -->","yoast_head_json":{"title":"Nyhetsbrev vecka 8 - i Region \u00d6sterg\u00f6tland","robots":{"index":"index","follow":"follow","max-snippet":"max-snippet:-1","max-image-preview":"max-image-preview:large","max-video-preview":"max-video-preview:-1"},"canonical":"https:\/\/wp.kristdemokraterna.se\/regionostergotland\/nyhetsbrev-vecka-8-7\/","og_locale":"sv_SE","og_type":"article","og_title":"Nyhetsbrev vecka 8 - i Region \u00d6sterg\u00f6tland","og_description":"Hej! Det \u00e4r sportlovsvecka och en hel del har passat p\u00e5 att \u00e5ka skidor i svenska fj\u00e4llen eller i alperna. Andra \u00e4gnar ledigheten \u00e5t helt andra aktiviteter och n\u00e5gra av oss har haft en vanlig, m\u00f6jligen bitvis n\u00e5got lugnare, arbetsvecka. Just nu sitter jag p\u00e5 t\u00e5get hem fr\u00e5n tv\u00e5 m\u00f6tesdagar i Stockholm och ska f\u00f6rs\u00f6ka Read More","og_url":"https:\/\/wp.kristdemokraterna.se\/regionostergotland\/nyhetsbrev-vecka-8-7\/","og_site_name":"i Region \u00d6sterg\u00f6tland","article_published_time":"2023-02-24T16:00:15+00:00","og_image":[{"width":1024,"height":533,"url":"http:\/\/wp.kristdemokraterna.se\/regionostergotland\/files\/2023\/02\/bild-nyhetsbrev-2023-vecka-8-1024x533.jpg","type":"image\/jpeg"}],"author":"regionostergotland","twitter_card":"summary_large_image","twitter_misc":{"Skriven av":"regionostergotland","Ber\u00e4knad l\u00e4stid":"4 minuter"},"schema":{"@context":"https:\/\/schema.org","@graph":[{"@type":"Article","@id":"https:\/\/wp.kristdemokraterna.se\/regionostergotland\/nyhetsbrev-vecka-8-7\/#article","isPartOf":{"@id":"https:\/\/wp.kristdemokraterna.se\/regionostergotland\/nyhetsbrev-vecka-8-7\/"},"author":{"name":"regionostergotland","@id":"https:\/\/wp.kristdemokraterna.se\/regionostergotland\/#\/schema\/person\/74c3c4f502fcc489722a7be0dfe0088c"},"headline":"Nyhetsbrev vecka 8","datePublished":"2023-02-24T16:00:15+00:00","mainEntityOfPage":{"@id":"https:\/\/wp.kristdemokraterna.se\/regionostergotland\/nyhetsbrev-vecka-8-7\/"},"wordCount":968,"articleSection":["Nyheter"],"inLanguage":"sv-SE"},{"@type":"WebPage","@id":"https:\/\/wp.kristdemokraterna.se\/regionostergotland\/nyhetsbrev-vecka-8-7\/","url":"https:\/\/wp.kristdemokraterna.se\/regionostergotland\/nyhetsbrev-vecka-8-7\/","name":"Nyhetsbrev vecka 8 - i Region \u00d6sterg\u00f6tland","isPartOf":{"@id":"https:\/\/wp.kristdemokraterna.se\/regionostergotland\/#website"},"datePublished":"2023-02-24T16:00:15+00:00","author":{"@id":"https:\/\/wp.kristdemokraterna.se\/regionostergotland\/#\/schema\/person\/74c3c4f502fcc489722a7be0dfe0088c"},"breadcrumb":{"@id":"https:\/\/wp.kristdemokraterna.se\/regionostergotland\/nyhetsbrev-vecka-8-7\/#breadcrumb"},"inLanguage":"sv-SE","potentialAction":[{"@type":"ReadAction","target":["https:\/\/wp.kristdemokraterna.se\/regionostergotland\/nyhetsbrev-vecka-8-7\/"]}]},{"@type":"BreadcrumbList","@id":"https:\/\/wp.kristdemokraterna.se\/regionostergotland\/nyhetsbrev-vecka-8-7\/#breadcrumb","itemListElement":[{"@type":"ListItem","position":1,"name":"Hem","item":"https:\/\/wp.kristdemokraterna.se\/regionostergotland\/"},{"@type":"ListItem","position":2,"name":"Nyhetsbrev vecka 8"}]},{"@type":"WebSite","@id":"https:\/\/wp.kristdemokraterna.se\/regionostergotland\/#website","url":"https:\/\/wp.kristdemokraterna.se\/regionostergotland\/","name":"i Region \u00d6sterg\u00f6tland","description":"","inLanguage":"sv-SE"},{"@type":"Person","@id":"https:\/\/wp.kristdemokraterna.se\/regionostergotland\/#\/schema\/person\/74c3c4f502fcc489722a7be0dfe0088c","name":"regionostergotland","image":{"@type":"ImageObject","inLanguage":"sv-SE","@id":"https:\/\/secure.gravatar.com\/avatar\/8fb8f0a216e627554da57506bfaf78d677f45512f24f703e185ec701423b1e92?s=96&d=mm&r=g","url":"https:\/\/secure.gravatar.com\/avatar\/8fb8f0a216e627554da57506bfaf78d677f45512f24f703e185ec701423b1e92?s=96&d=mm&r=g","contentUrl":"https:\/\/secure.gravatar.com\/avatar\/8fb8f0a216e627554da57506bfaf78d677f45512f24f703e185ec701423b1e92?s=96&d=mm&r=g","caption":"regionostergotland"},"url":"https:\/\/wp.kristdemokraterna.se\/regionostergotland\/author\/regionostergotland\/"}]}},"_links":{"self":[{"href":"https:\/\/wp.kristdemokraterna.se\/regionostergotland\/wp-json\/wp\/v2\/posts\/2078","targetHints":{"allow":["GET"]}}],"collection":[{"href":"https:\/\/wp.kristdemokraterna.se\/regionostergotland\/wp-json\/wp\/v2\/posts"}],"about":[{"href":"https:\/\/wp.kristdemokraterna.se\/regionostergotland\/wp-json\/wp\/v2\/types\/post"}],"author":[{"embeddable":true,"href":"https:\/\/wp.kristdemokraterna.se\/regionostergotland\/wp-json\/wp\/v2\/users\/737"}],"replies":[{"embeddable":true,"href":"https:\/\/wp.kristdemokraterna.se\/regionostergotland\/wp-json\/wp\/v2\/comments?post=2078"}],"version-history":[{"count":1,"href":"https:\/\/wp.kristdemokraterna.se\/regionostergotland\/wp-json\/wp\/v2\/posts\/2078\/revisions"}],"predecessor-version":[{"id":2080,"href":"https:\/\/wp.kristdemokraterna.se\/regionostergotland\/wp-json\/wp\/v2\/posts\/2078\/revisions\/2080"}],"wp:attachment":[{"href":"https:\/\/wp.kristdemokraterna.se\/regionostergotland\/wp-json\/wp\/v2\/media?parent=2078"}],"wp:term":[{"taxonomy":"category","embeddable":true,"href":"https:\/\/wp.kristdemokraterna.se\/regionostergotland\/wp-json\/wp\/v2\/categories?post=2078"},{"taxonomy":"post_tag","embeddable":true,"href":"https:\/\/wp.kristdemokraterna.se\/regionostergotland\/wp-json\/wp\/v2\/tags?post=2078"}],"curies":[{"name":"wp","href":"https:\/\/api.w.org\/{rel}","templated":true}]}}