{"id":2084,"date":"2023-03-10T15:14:54","date_gmt":"2023-03-10T14:14:54","guid":{"rendered":"https:\/\/wp.kristdemokraterna.se\/regionostergotland\/?p=2084"},"modified":"2023-03-10T15:14:54","modified_gmt":"2023-03-10T14:14:54","slug":"nyhetsbrev-vecka-10-7","status":"publish","type":"post","link":"https:\/\/wp.kristdemokraterna.se\/regionostergotland\/nyhetsbrev-vecka-10-7\/","title":{"rendered":"Nyhetsbrev vecka 10"},"content":{"rendered":"<p>Hej!<\/p>\n<p>N\u00e4r jag skriver dessa rader p\u00e5 fredagseftermiddagen skiner solen fr\u00e5n en bl\u00e5 himmel. Tidigare veckan har det varit mer av ymnigt sn\u00f6fall och starka vindar. M\u00e5nga p\u00e5verkades av v\u00e4dret, sj\u00e4lv kom jag ganska lindrigt undan, med att ett m\u00f6te flyttades n\u00e4rmare Link\u00f6ping\u2026 Men v\u00e4dret till trots har det varit \u00e4nnu en intensiv vecka med m\u00f6ten och aktiviteter s\u00e5v\u00e4l p\u00e5 hemmaplan som p\u00e5 andra sidan regiongr\u00e4nsen. En kort resum\u00e9 kommer h\u00e4r i veckans nyhetsbrev. Trevlig l\u00e4sning!<!--more--><\/p>\n<p><strong>Samverkansm\u00f6te med L\u00e4nsstyrelsen \u00d6sterg\u00f6tland<\/strong><br \/>\nN\u00e4r Region \u00d6sterg\u00f6tland bildades 2015 skrevs ett samverkansavtal mellan regionen och L\u00e4nsstyrelsen \u00d6sterg\u00f6tland, f\u00f6r att f\u00f6rtydliga vilka roller och uppgifter de b\u00e5da akt\u00f6rerna har. I samband med det p\u00e5b\u00f6rjades ocks\u00e5 regelbundna samverkansm\u00f6ten genomf\u00f6ras, f\u00f6r att st\u00e4mma av gemensamma fr\u00e5gor och informera varandra om p\u00e5g\u00e5ende \u00e4renden som kan vara av intresse f\u00f6r den andra parten. Vartannat \u00e5r \u00e4r det L\u00e4nsstyrelsen som st\u00e5r f\u00f6r inbjudan och v\u00e4rdskap vid m\u00f6tena, och vartannat \u00e5r \u00e4r det Region \u00d6sterg\u00f6tland. Detta \u00e5r \u00e4r det vi i regionen som ansvarar, och tidigt p\u00e5 m\u00e5ndagsmorgonen h\u00f6lls \u00e5rets f\u00f6rsta samverkansm\u00f6te. Fr\u00e5n L\u00e4nsstyrelsen deltog landsh\u00f6vding Carl Fredrik Graf och tillv\u00e4xtdirekt\u00f6r Madeleine S\u00f6derstedt Sj\u00f6berg, och fr\u00e5n Region \u00d6sterg\u00f6tland regiondirekt\u00f6r Krister Bj\u00f6rkegren, regionutvecklingsdirekt\u00f6r Richard Wid\u00e9n, regionstyrelsens ordf\u00f6rande Marie Morell, trafik- och samh\u00e4llsplaneringsn\u00e4mndens ordf\u00f6rande Jan Owe-Larsson och jag som regionutvecklingsn\u00e4mndens ordf\u00f6rande. P\u00e5 dagordningen fanns bl.a. fr\u00e5gor kopplat till energi och klimat, livsmedelsstrategi och civilt f\u00f6rsvar.<\/p>\n<p><strong>M\u00e5ndagsm\u00f6te med fokus p\u00e5 kommande tre\u00e5rsbudget<\/strong><br \/>\nM\u00e5ndagen fortsatte med sedvanligt m\u00e5ndagsm\u00f6te f\u00f6r \u00d6stsg\u00f6tasamverkans ledning. Huvudfokus f\u00f6r veckans m\u00e5ndagsm\u00f6te var den kommande Tre\u00e5rsbudgeten f\u00f6r 2024-2026, d\u00e4r vi inledningsvis st\u00e4mde av nul\u00e4get f\u00f6r uppdragen i innevarande \u00e5rs budget, tillsammans med ansvariga direkt\u00f6rer. P\u00e5 m\u00f6tet redogjorde ocks\u00e5 regiondirekt\u00f6r Krister Bj\u00f6rkegren f\u00f6r aktuellt l\u00e4ge i h\u00e4lso- och sjukv\u00e5rden, d\u00e4r vi snart bed\u00f6ms vara ute ur den femte pandemiv\u00e5gen, och d\u00e4r v\u00e5rdplatsl\u00e4get p\u00e5 regionens sjukhus \u00e4r b\u00e4ttre \u00e4n p\u00e5 l\u00e4nge.<\/p>\n<p><strong>M\u00f6te mellan Region \u00d6sterg\u00f6tland och Link\u00f6pings Universitet<\/strong><br \/>\nP\u00e5 tisdagen inleddes ett gemensamt m\u00f6te mellan politisk ledning och tj\u00e4nstpersonsledning i Region \u00d6sterg\u00f6tland och ledningen f\u00f6r Link\u00f6pings Universitet. Regionen och universitetet har flera samverkansomr\u00e5den, inte minst inom h\u00e4lso- och sjukv\u00e5rden, men \u00e4ven inom regionens \u00f6vriga ansvarsomr\u00e5den, t.ex. r\u00f6rande regional utveckling. B\u00e5de f\u00f6r att uppdatera varandra om nul\u00e4ge och planering fram\u00e5t, och f\u00f6r att diskutera gemensamma fr\u00e5gor, genomf\u00f6rdes det gemensamma m\u00f6tet. Vi h\u00f6ll till i ett konferensrum h\u00f6gst upp i det nya studenthuset p\u00e5 Campus Valla i Link\u00f6ping, d\u00e4r det trots det myckna sn\u00f6andet bj\u00f6ds fin utsikt \u00f6ver campusomr\u00e5det. Ut\u00f6ver vikten av att st\u00e4mma av aktuella \u00e4renden, var det v\u00e4rdefullt att tr\u00e4ffa och b\u00e4ttre l\u00e4ra k\u00e4nna flera av universitets f\u00f6retr\u00e4dare.<\/p>\n<p><strong>Styrelsem\u00f6te med Almi \u00d6sterg\u00f6tland<\/strong><br \/>\nP\u00e5 onsdagsf\u00f6rmiddagen h\u00f6lls sista styrelsem\u00f6tet med den styrelse som verkat den g\u00e5ngna mandatperioden f\u00f6r Almi F\u00f6retagspartner \u00d6sterg\u00f6tland AB. Precis som \u00f6vriga bolagsstyrelser v\u00e4xlar uppdragen i styrelsen vid bolagsst\u00e4mma under v\u00e5ren \u00e5ret efter val\u00e5r, f\u00f6r Almis del i mitten av april. Jag har f\u00e5tt f\u00f6rtroendet att f\u00e5 forts\u00e4tta i styrelsen \u00e4ven kommande period, vilket \u00e4r positivt, d\u00e5 Almi \u00e4r ett av v\u00e5rt allra viktigaste verktyg i det regionala tillv\u00e4xtarbetet. P\u00e5 onsdagens sammantr\u00e4de behandlade vi b\u00e5de \u00e5rsredovisning f\u00f6r det g\u00e5ngna \u00e5ret och verksamhetsplan f\u00f6r innevarande \u00e5r, och fick som vanligt intressant rapportering fr\u00e5n den l\u00f6pande verksamheten.<\/p>\n<p><strong>M\u00f6te med politiska styrgruppen f\u00f6r \u00d6stra Mellansveriges strukturfonder<\/strong><br \/>\nFr\u00e5n onsdag eftermiddag till torsdag lunch samlades den politiska styrgruppen f\u00f6r \u00d6stra Mellansveriges strukturfonder till internat p\u00e5 Sollidens kursg\u00e5rd strax norr om \u00d6rebro. I politiska styrgruppen ing\u00e5r regionutvecklingsn\u00e4mndens ordf\u00f6rande i de fem regionerna i \u00d6stra Mellansverige (\u00d6MS); Region \u00d6sterg\u00f6tland, Region S\u00f6rmland, Region \u00d6rebro l\u00e4n, Region V\u00e4stmanland och Region Uppsala. Med p\u00e5 m\u00f6tet var ocks\u00e5 regionutvecklingsdirekt\u00f6rerna fr\u00e5n de fem regionerna, samt de tv\u00e5 personer som utg\u00f6r \u00d6MS gemensamma kansli. Alla fem ordf\u00f6randen \u00e4r nya i sina uppdrag, och d\u00e4rf\u00f6r \u00e4gnades mycket tid till att g\u00e5 igenom hur samverkan kring EU:s strukturfonder inom \u00d6MS fungerar, med bl.a. exempel p\u00e5 framg\u00e5ngsrika projekt. Men, vi diskuterade ocks\u00e5 hur arbetet ska se ut fram\u00e5t, och vad den politiska styrgruppen ska fokusera p\u00e5. Ett inneh\u00e5llsrikt dygn, med viktiga diskussioner och v\u00e4rdefullt att l\u00e4ra k\u00e4nna kollegorna fr\u00e5n grannregionerna!<\/p>\n<p><strong>Partidistriktsstyrelsen p\u00e5 bes\u00f6k i regionhuset med fokus p\u00e5 kollektivtrafik<\/strong><br \/>\nI g\u00e5r torsdag kv\u00e4ll var det sammantr\u00e4de med partidistriktsstyrelsen f\u00f6r Kristdemokraterna i \u00d6sterg\u00f6tland. M\u00f6tet h\u00f6lls i regionhuset och som inledande g\u00e4sttalare var v\u00e5r kollega och samarbetspartner fr\u00e5n Moderaterna, Jan Owe-Larsson, ordf\u00f6rande i trafik- och samh\u00e4llsplaneringsn\u00e4mnden, inbjuden f\u00f6r att ber\u00e4tta vad \u00d6stg\u00f6tasamverkan genomf\u00f6r inom kollektivtrafik och infrastruktur i \u00d6sterg\u00f6tland. Sedan vidtog det ordinarie sammantr\u00e4det, med bl.a. behandling av en l\u00e5ng rad motioner till h\u00f6stens riksting.<\/p>\n<p><strong>M\u00f6te om destinationsutveckling runt V\u00e4ttern och l\u00e4ngs Ostkusten<\/strong><br \/>\nIdag fredag har jag haft ett m\u00f6te med Emil Selse som \u00e4r projektledare f\u00f6r det Tillv\u00e4xtverks-projekt som Region \u00d6sterg\u00f6tland ansvarat f\u00f6r kring destinationsutveckling runt V\u00e4ttern och l\u00e4ngs Ostkusten. Projektet har p\u00e5g\u00e5tt ett par \u00e5r och avslutas i oktober i \u00e5r. D\u00e4rf\u00f6r var det v\u00e4rdefullt att f\u00e5 en l\u00e4gesrapport och ocks\u00e5 gemensamt med Emil och ansvarig enhetschef Malin Thunborg fundera p\u00e5 n\u00e4sta steg n\u00e4r projektet avslutas.<\/p>\n<p>D\u00e5 \u00e4r det snart dags att ta helg, och ladda f\u00f6r kommande arbetsintensiva marsveckor. Det \u00e4r tur att det \u00e4r intressanta och givande arbetsuppgifter som v\u00e4ntar\u2026 Hoppas att du f\u00e5r en riktigt trevlig helg!<\/p>\n<p>Med v\u00e4nlig h\u00e4lsning<br \/>\nPer Larsson<br \/>\nRegionr\u00e5d \u2022 Ordf\u00f6rande i Regionutvecklingsn\u00e4mnden<br \/>\nGruppledare f\u00f6r Kristdemokraterna i Region \u00d6sterg\u00f6tland<br \/>\ntfn 010-103 72 84 (arb)<br \/>\ntfn 0702-88 21 34 (mobil)<br \/>\nper.larsson@regionostergotland.se<\/p>\n<p>&nbsp;<\/p>\n","protected":false},"excerpt":{"rendered":"<p>Hej! N\u00e4r jag skriver dessa rader p\u00e5 fredagseftermiddagen skiner solen fr\u00e5n en bl\u00e5 himmel. Tidigare veckan har det varit mer av ymnigt sn\u00f6fall och starka vindar. M\u00e5nga p\u00e5verkades av v\u00e4dret, sj\u00e4lv kom jag ganska lindrigt undan, med att ett m\u00f6te flyttades n\u00e4rmare Link\u00f6ping\u2026 Men v\u00e4dret till trots har det varit \u00e4nnu en intensiv vecka med <a class=\"read-more-link\" href=\"https:\/\/wp.kristdemokraterna.se\/regionostergotland\/nyhetsbrev-vecka-10-7\/\">Read More<\/a><\/p>\n","protected":false},"author":737,"featured_media":0,"comment_status":"closed","ping_status":"closed","sticky":false,"template":"","format":"standard","meta":{"_acf_changed":false,"footnotes":""},"categories":[1],"tags":[],"class_list":["post-2084","post","type-post","status-publish","format-standard","hentry","category-nyheter"],"acf":[],"yoast_head":"<!-- This site is optimized with the Yoast SEO plugin v27.5 - https:\/\/yoast.com\/product\/yoast-seo-wordpress\/ -->\n<title>Nyhetsbrev vecka 10 - i Region \u00d6sterg\u00f6tland<\/title>\n<meta name=\"robots\" content=\"index, follow, max-snippet:-1, max-image-preview:large, max-video-preview:-1\" \/>\n<link rel=\"canonical\" href=\"https:\/\/wp.kristdemokraterna.se\/regionostergotland\/nyhetsbrev-vecka-10-7\/\" \/>\n<meta property=\"og:locale\" content=\"sv_SE\" \/>\n<meta property=\"og:type\" content=\"article\" \/>\n<meta property=\"og:title\" content=\"Nyhetsbrev vecka 10 - i Region \u00d6sterg\u00f6tland\" \/>\n<meta property=\"og:description\" content=\"Hej! N\u00e4r jag skriver dessa rader p\u00e5 fredagseftermiddagen skiner solen fr\u00e5n en bl\u00e5 himmel. Tidigare veckan har det varit mer av ymnigt sn\u00f6fall och starka vindar. M\u00e5nga p\u00e5verkades av v\u00e4dret, sj\u00e4lv kom jag ganska lindrigt undan, med att ett m\u00f6te flyttades n\u00e4rmare Link\u00f6ping\u2026 Men v\u00e4dret till trots har det varit \u00e4nnu en intensiv vecka med Read More\" \/>\n<meta property=\"og:url\" content=\"https:\/\/wp.kristdemokraterna.se\/regionostergotland\/nyhetsbrev-vecka-10-7\/\" \/>\n<meta property=\"og:site_name\" content=\"i Region \u00d6sterg\u00f6tland\" \/>\n<meta property=\"article:published_time\" content=\"2023-03-10T14:14:54+00:00\" \/>\n<meta property=\"og:image\" content=\"http:\/\/wp.kristdemokraterna.se\/regionostergotland\/files\/2023\/03\/bild-nyhetsbrev-2023-vecka-10-1024x533.jpg\" \/>\n\t<meta property=\"og:image:width\" content=\"1024\" \/>\n\t<meta property=\"og:image:height\" content=\"533\" \/>\n\t<meta property=\"og:image:type\" content=\"image\/jpeg\" \/>\n<meta name=\"author\" content=\"regionostergotland\" \/>\n<meta name=\"twitter:card\" content=\"summary_large_image\" \/>\n<meta name=\"twitter:label1\" content=\"Skriven av\" \/>\n\t<meta name=\"twitter:data1\" content=\"regionostergotland\" \/>\n\t<meta name=\"twitter:label2\" content=\"Ber\u00e4knad l\u00e4stid\" \/>\n\t<meta name=\"twitter:data2\" content=\"5 minuter\" \/>\n<script type=\"application\/ld+json\" class=\"yoast-schema-graph\">{\"@context\":\"https:\\\/\\\/schema.org\",\"@graph\":[{\"@type\":\"Article\",\"@id\":\"https:\\\/\\\/wp.kristdemokraterna.se\\\/regionostergotland\\\/nyhetsbrev-vecka-10-7\\\/#article\",\"isPartOf\":{\"@id\":\"https:\\\/\\\/wp.kristdemokraterna.se\\\/regionostergotland\\\/nyhetsbrev-vecka-10-7\\\/\"},\"author\":{\"name\":\"regionostergotland\",\"@id\":\"https:\\\/\\\/wp.kristdemokraterna.se\\\/regionostergotland\\\/#\\\/schema\\\/person\\\/74c3c4f502fcc489722a7be0dfe0088c\"},\"headline\":\"Nyhetsbrev vecka 10\",\"datePublished\":\"2023-03-10T14:14:54+00:00\",\"mainEntityOfPage\":{\"@id\":\"https:\\\/\\\/wp.kristdemokraterna.se\\\/regionostergotland\\\/nyhetsbrev-vecka-10-7\\\/\"},\"wordCount\":1104,\"articleSection\":[\"Nyheter\"],\"inLanguage\":\"sv-SE\"},{\"@type\":\"WebPage\",\"@id\":\"https:\\\/\\\/wp.kristdemokraterna.se\\\/regionostergotland\\\/nyhetsbrev-vecka-10-7\\\/\",\"url\":\"https:\\\/\\\/wp.kristdemokraterna.se\\\/regionostergotland\\\/nyhetsbrev-vecka-10-7\\\/\",\"name\":\"Nyhetsbrev vecka 10 - i Region \u00d6sterg\u00f6tland\",\"isPartOf\":{\"@id\":\"https:\\\/\\\/wp.kristdemokraterna.se\\\/regionostergotland\\\/#website\"},\"datePublished\":\"2023-03-10T14:14:54+00:00\",\"author\":{\"@id\":\"https:\\\/\\\/wp.kristdemokraterna.se\\\/regionostergotland\\\/#\\\/schema\\\/person\\\/74c3c4f502fcc489722a7be0dfe0088c\"},\"breadcrumb\":{\"@id\":\"https:\\\/\\\/wp.kristdemokraterna.se\\\/regionostergotland\\\/nyhetsbrev-vecka-10-7\\\/#breadcrumb\"},\"inLanguage\":\"sv-SE\",\"potentialAction\":[{\"@type\":\"ReadAction\",\"target\":[\"https:\\\/\\\/wp.kristdemokraterna.se\\\/regionostergotland\\\/nyhetsbrev-vecka-10-7\\\/\"]}]},{\"@type\":\"BreadcrumbList\",\"@id\":\"https:\\\/\\\/wp.kristdemokraterna.se\\\/regionostergotland\\\/nyhetsbrev-vecka-10-7\\\/#breadcrumb\",\"itemListElement\":[{\"@type\":\"ListItem\",\"position\":1,\"name\":\"Hem\",\"item\":\"https:\\\/\\\/wp.kristdemokraterna.se\\\/regionostergotland\\\/\"},{\"@type\":\"ListItem\",\"position\":2,\"name\":\"Nyhetsbrev vecka 10\"}]},{\"@type\":\"WebSite\",\"@id\":\"https:\\\/\\\/wp.kristdemokraterna.se\\\/regionostergotland\\\/#website\",\"url\":\"https:\\\/\\\/wp.kristdemokraterna.se\\\/regionostergotland\\\/\",\"name\":\"i Region \u00d6sterg\u00f6tland\",\"description\":\"\",\"inLanguage\":\"sv-SE\"},{\"@type\":\"Person\",\"@id\":\"https:\\\/\\\/wp.kristdemokraterna.se\\\/regionostergotland\\\/#\\\/schema\\\/person\\\/74c3c4f502fcc489722a7be0dfe0088c\",\"name\":\"regionostergotland\",\"image\":{\"@type\":\"ImageObject\",\"inLanguage\":\"sv-SE\",\"@id\":\"https:\\\/\\\/secure.gravatar.com\\\/avatar\\\/8fb8f0a216e627554da57506bfaf78d677f45512f24f703e185ec701423b1e92?s=96&d=mm&r=g\",\"url\":\"https:\\\/\\\/secure.gravatar.com\\\/avatar\\\/8fb8f0a216e627554da57506bfaf78d677f45512f24f703e185ec701423b1e92?s=96&d=mm&r=g\",\"contentUrl\":\"https:\\\/\\\/secure.gravatar.com\\\/avatar\\\/8fb8f0a216e627554da57506bfaf78d677f45512f24f703e185ec701423b1e92?s=96&d=mm&r=g\",\"caption\":\"regionostergotland\"},\"url\":\"https:\\\/\\\/wp.kristdemokraterna.se\\\/regionostergotland\\\/author\\\/regionostergotland\\\/\"}]}<\/script>\n<!-- \/ Yoast SEO plugin. -->","yoast_head_json":{"title":"Nyhetsbrev vecka 10 - i Region \u00d6sterg\u00f6tland","robots":{"index":"index","follow":"follow","max-snippet":"max-snippet:-1","max-image-preview":"max-image-preview:large","max-video-preview":"max-video-preview:-1"},"canonical":"https:\/\/wp.kristdemokraterna.se\/regionostergotland\/nyhetsbrev-vecka-10-7\/","og_locale":"sv_SE","og_type":"article","og_title":"Nyhetsbrev vecka 10 - i Region \u00d6sterg\u00f6tland","og_description":"Hej! N\u00e4r jag skriver dessa rader p\u00e5 fredagseftermiddagen skiner solen fr\u00e5n en bl\u00e5 himmel. Tidigare veckan har det varit mer av ymnigt sn\u00f6fall och starka vindar. M\u00e5nga p\u00e5verkades av v\u00e4dret, sj\u00e4lv kom jag ganska lindrigt undan, med att ett m\u00f6te flyttades n\u00e4rmare Link\u00f6ping\u2026 Men v\u00e4dret till trots har det varit \u00e4nnu en intensiv vecka med Read More","og_url":"https:\/\/wp.kristdemokraterna.se\/regionostergotland\/nyhetsbrev-vecka-10-7\/","og_site_name":"i Region \u00d6sterg\u00f6tland","article_published_time":"2023-03-10T14:14:54+00:00","og_image":[{"width":1024,"height":533,"url":"http:\/\/wp.kristdemokraterna.se\/regionostergotland\/files\/2023\/03\/bild-nyhetsbrev-2023-vecka-10-1024x533.jpg","type":"image\/jpeg"}],"author":"regionostergotland","twitter_card":"summary_large_image","twitter_misc":{"Skriven av":"regionostergotland","Ber\u00e4knad l\u00e4stid":"5 minuter"},"schema":{"@context":"https:\/\/schema.org","@graph":[{"@type":"Article","@id":"https:\/\/wp.kristdemokraterna.se\/regionostergotland\/nyhetsbrev-vecka-10-7\/#article","isPartOf":{"@id":"https:\/\/wp.kristdemokraterna.se\/regionostergotland\/nyhetsbrev-vecka-10-7\/"},"author":{"name":"regionostergotland","@id":"https:\/\/wp.kristdemokraterna.se\/regionostergotland\/#\/schema\/person\/74c3c4f502fcc489722a7be0dfe0088c"},"headline":"Nyhetsbrev vecka 10","datePublished":"2023-03-10T14:14:54+00:00","mainEntityOfPage":{"@id":"https:\/\/wp.kristdemokraterna.se\/regionostergotland\/nyhetsbrev-vecka-10-7\/"},"wordCount":1104,"articleSection":["Nyheter"],"inLanguage":"sv-SE"},{"@type":"WebPage","@id":"https:\/\/wp.kristdemokraterna.se\/regionostergotland\/nyhetsbrev-vecka-10-7\/","url":"https:\/\/wp.kristdemokraterna.se\/regionostergotland\/nyhetsbrev-vecka-10-7\/","name":"Nyhetsbrev vecka 10 - i Region \u00d6sterg\u00f6tland","isPartOf":{"@id":"https:\/\/wp.kristdemokraterna.se\/regionostergotland\/#website"},"datePublished":"2023-03-10T14:14:54+00:00","author":{"@id":"https:\/\/wp.kristdemokraterna.se\/regionostergotland\/#\/schema\/person\/74c3c4f502fcc489722a7be0dfe0088c"},"breadcrumb":{"@id":"https:\/\/wp.kristdemokraterna.se\/regionostergotland\/nyhetsbrev-vecka-10-7\/#breadcrumb"},"inLanguage":"sv-SE","potentialAction":[{"@type":"ReadAction","target":["https:\/\/wp.kristdemokraterna.se\/regionostergotland\/nyhetsbrev-vecka-10-7\/"]}]},{"@type":"BreadcrumbList","@id":"https:\/\/wp.kristdemokraterna.se\/regionostergotland\/nyhetsbrev-vecka-10-7\/#breadcrumb","itemListElement":[{"@type":"ListItem","position":1,"name":"Hem","item":"https:\/\/wp.kristdemokraterna.se\/regionostergotland\/"},{"@type":"ListItem","position":2,"name":"Nyhetsbrev vecka 10"}]},{"@type":"WebSite","@id":"https:\/\/wp.kristdemokraterna.se\/regionostergotland\/#website","url":"https:\/\/wp.kristdemokraterna.se\/regionostergotland\/","name":"i Region \u00d6sterg\u00f6tland","description":"","inLanguage":"sv-SE"},{"@type":"Person","@id":"https:\/\/wp.kristdemokraterna.se\/regionostergotland\/#\/schema\/person\/74c3c4f502fcc489722a7be0dfe0088c","name":"regionostergotland","image":{"@type":"ImageObject","inLanguage":"sv-SE","@id":"https:\/\/secure.gravatar.com\/avatar\/8fb8f0a216e627554da57506bfaf78d677f45512f24f703e185ec701423b1e92?s=96&d=mm&r=g","url":"https:\/\/secure.gravatar.com\/avatar\/8fb8f0a216e627554da57506bfaf78d677f45512f24f703e185ec701423b1e92?s=96&d=mm&r=g","contentUrl":"https:\/\/secure.gravatar.com\/avatar\/8fb8f0a216e627554da57506bfaf78d677f45512f24f703e185ec701423b1e92?s=96&d=mm&r=g","caption":"regionostergotland"},"url":"https:\/\/wp.kristdemokraterna.se\/regionostergotland\/author\/regionostergotland\/"}]}},"_links":{"self":[{"href":"https:\/\/wp.kristdemokraterna.se\/regionostergotland\/wp-json\/wp\/v2\/posts\/2084","targetHints":{"allow":["GET"]}}],"collection":[{"href":"https:\/\/wp.kristdemokraterna.se\/regionostergotland\/wp-json\/wp\/v2\/posts"}],"about":[{"href":"https:\/\/wp.kristdemokraterna.se\/regionostergotland\/wp-json\/wp\/v2\/types\/post"}],"author":[{"embeddable":true,"href":"https:\/\/wp.kristdemokraterna.se\/regionostergotland\/wp-json\/wp\/v2\/users\/737"}],"replies":[{"embeddable":true,"href":"https:\/\/wp.kristdemokraterna.se\/regionostergotland\/wp-json\/wp\/v2\/comments?post=2084"}],"version-history":[{"count":1,"href":"https:\/\/wp.kristdemokraterna.se\/regionostergotland\/wp-json\/wp\/v2\/posts\/2084\/revisions"}],"predecessor-version":[{"id":2086,"href":"https:\/\/wp.kristdemokraterna.se\/regionostergotland\/wp-json\/wp\/v2\/posts\/2084\/revisions\/2086"}],"wp:attachment":[{"href":"https:\/\/wp.kristdemokraterna.se\/regionostergotland\/wp-json\/wp\/v2\/media?parent=2084"}],"wp:term":[{"taxonomy":"category","embeddable":true,"href":"https:\/\/wp.kristdemokraterna.se\/regionostergotland\/wp-json\/wp\/v2\/categories?post=2084"},{"taxonomy":"post_tag","embeddable":true,"href":"https:\/\/wp.kristdemokraterna.se\/regionostergotland\/wp-json\/wp\/v2\/tags?post=2084"}],"curies":[{"name":"wp","href":"https:\/\/api.w.org\/{rel}","templated":true}]}}