{"id":2102,"date":"2023-04-21T14:33:30","date_gmt":"2023-04-21T12:33:30","guid":{"rendered":"https:\/\/wp.kristdemokraterna.se\/regionostergotland\/?p=2102"},"modified":"2023-04-21T14:33:30","modified_gmt":"2023-04-21T12:33:30","slug":"nyhetsbrev-vecka-16-6","status":"publish","type":"post","link":"https:\/\/wp.kristdemokraterna.se\/regionostergotland\/nyhetsbrev-vecka-16-6\/","title":{"rendered":"Nyhetsbrev vecka 16"},"content":{"rendered":"<p>Hej!<\/p>\n<p>N\u00e4r jag f\u00f6r en stund sedan gick genom centrala Link\u00f6ping och passerade Tr\u00e4dg\u00e5rdsf\u00f6reningen bidrog solsken, v\u00e4rme och blommande magnolior till att det verkligen k\u00e4ndes som att v\u00e5ren \u00e4r p\u00e5 g\u00e5ng. Det har h\u00e4nt mycket i naturen den senaste veckan, n\u00e4r solen skinit och temperaturen har varit h\u00f6gre \u00e4n tidigare. Men med m\u00e5nga sammantr\u00e4den och aktiviteter \u00e4r det n\u00e4stan sv\u00e5rt att hinna med att f\u00f6lja med i v\u00e5rens framfart. Det g\u00e4ller att ta varje tillf\u00e4lle i akt! Nu \u00e4r det i alla fall dags att f\u00f6rs\u00f6ka summera den g\u00e5ngna veckans regionpolitiska aktiviteter i nyhetsbrevet. Trevlig l\u00e4sning!<!--more--><\/p>\n<p><strong>Kulturpolitiskt n\u00e4tverk och seminarier om regional utveckling p\u00e5 KD-dagar i \u00d6rebro<\/strong><br \/>\nF\u00f6rra helgen arrangerades Kristdemokraternas KD-dagar i \u00d6rebro, d\u00e4r kommun- och regionpolitiker fr\u00e5n hela landet samlas till seminarier, partiledartal, n\u00e4tverkande och gemenskap. Kv\u00e4llen innan dagarna formellt drog ig\u00e5ng, bj\u00f6d Kristdemokraternas kulturpolitiska n\u00e4tverk in till tr\u00e4ff i \u00d6rebro, med intressanta studiebes\u00f6k i konserthuset och det helt nybyggda Kulturkvarteret. I det senare huserar stadsbibliotek, kulturskola, estetiska gymnasieutbildningar, konsthall och flera scener. Imponerande lokaler med liv och r\u00f6relse och stort fokus p\u00e5 barn och unga! P\u00e5 fredagsmorgonen, innan KD-dagarna \u00f6ppnades, bj\u00f6ds in till ett extra seminarium f\u00f6r regionpolitiker om regional utveckling, som ocks\u00e5 blev lite av en start f\u00f6r ett nybildat n\u00e4tverk inom Kristdemokraterna om regionala utvecklingsfr\u00e5gor. Vid seminariet medverkade jag tillsammans med regionr\u00e5dskollegorna Mia Frisk fr\u00e5n Region J\u00f6nk\u00f6pings l\u00e4n och Carl Wiktor Svensson fr\u00e5n Region Kalmar l\u00e4n. Under KD-dagarnas andra dag, p\u00e5 l\u00f6rdagen, var ett av de n\u00e4mndorienterade seminarierna ocks\u00e5 inriktat p\u00e5 tillv\u00e4xt och regional utveckling. D\u00e4r hade jag ocks\u00e5 f\u00f6rm\u00e5nen att f\u00e5 medverka, denna g\u00e5ng tillsammans med regionr\u00e5dskollegan Birgitta Sacr\u00e9deus fr\u00e5n Region Dalarna. Sammantaget tre inneh\u00e5llsrika och givande dagar med ca 1200 kristdemokrater samlade med ett mycket bra tal av partiledare Ebba Busch som h\u00f6jdpunkten!<\/p>\n<p><strong>Debattartikel med partiledare, sjukv\u00e5rdsminister och alla regiongruppledare<\/strong><br \/>\nF\u00f6rra helgen publicerades ocks\u00e5 en debattartikel i G\u00f6teborgs-Posten undertecknad av partiledare Ebba Busch, sjukv\u00e5rdsminister Acko Ankarberg Johansson och samtliga 21 regiongruppledare f\u00f6r Kristdemokraterna. Debattartikeln tar upp den problematiska oj\u00e4mlikheten mellan landets regioner, n\u00e4r det g\u00e4ller h\u00e4lso- och sjukv\u00e5rden, och att regeringen nu tar f\u00f6rsta steget mot \u00f6kat statligt ansvar f\u00f6r v\u00e5rden. Du kan l\u00e4sa debattartikeln h\u00e4r: (<a href=\"https:\/\/www.gp.se\/debatt\/nu-tar-vi-f%C3%B6rsta-steget-mot-%C3%B6kat-statligt-ansvar-f%C3%B6r-v%C3%A5rden-1.96894135\" target=\"_blank\" rel=\"noopener\">https:\/\/www.gp.se\/debatt\/nu-tar-vi-f%C3%B6rsta-steget-mot-%C3%B6kat-statligt-ansvar-f%C3%B6r-v%C3%A5rden-1.96894135<\/a>)<\/p>\n<p><strong>M\u00e5ndagsm\u00f6te med fokus p\u00e5 kompetensf\u00f6rs\u00f6rjning<\/strong><br \/>\nVeckans m\u00e5ndagsm\u00f6te var det f\u00f6rsta med regionens medicinske direkt\u00f6r Karl Landergren som tillf\u00f6rordnad regiondirekt\u00f6r, under rekryteringen av eftertr\u00e4dare till Krister Bj\u00f6rkegren, som i maj blir ny regiondirekt\u00f6r i Region Halland. Ut\u00f6ver aktuell information fr\u00e5n honom och genomg\u00e5ng av regionens ekonomiska l\u00e4ge med ekonomidirekt\u00f6r Josefin Bj\u00e4resten, \u00e4gnades en hel del tid, till det p\u00e5g\u00e5ende arbetet med att ta fram en strategi f\u00f6r att begr\u00e4nsa beroendet av bemanningsf\u00f6retag, med medverkan av Anna Cederl\u00f6f, HR-chef p\u00e5 produktionsenhet H\u00e4lso- och sjukv\u00e5rd och regionens HR-direkt\u00f6r Ingegerd Engquist.<\/p>\n<p><strong>Presidiem\u00f6te med regionutvecklingsn\u00e4mndens presidium<\/strong><br \/>\nOvanligtvis hade vi redan p\u00e5 m\u00e5ndagseftermiddagen presidiem\u00f6te med regionutvecklingsn\u00e4mndens presidium, d\u00e4r huvudfokus var f\u00f6rberedelse av n\u00e4sta n\u00e4mndsammantr\u00e4de. Presidiet fick ocks\u00e5 en f\u00f6redragning fr\u00e5n Marianne Lind p\u00e5 tillv\u00e4xtenheten om hur regionen forts\u00e4tter investerings- och etableringsarbetet efter att projektet Team \u00d6sterg\u00f6tland avslutats, bl.a. med st\u00f6d till kommunerna i \u00d6sterg\u00f6tland att ta fram etableringsstrategier.<\/p>\n<p><strong>Regionfullm\u00e4ktige med beslut om \u00e5rsredovisning och utdelning av kulturstipendier<\/strong><br \/>\nI tisdags h\u00f6lls \u00e5rets andra sammantr\u00e4de med regionfullm\u00e4ktige. Huvud\u00e4rendet f\u00f6r fullm\u00e4ktigem\u00f6tet var regionens \u00e5rsredovisning f\u00f6r 2022, d\u00e4r vi som \u00e4r n\u00e4mndordf\u00f6rande hade inledande anf\u00f6randen kring respektive n\u00e4mnd. Med anledningen av \u00e5rsredovisningen hade vi tre gruppledare inom \u00d6stg\u00f6tasamverkan p\u00e5 fullm\u00e4ktigedagen en debattartikel i Norrk\u00f6pings Tidningar, som du kan l\u00e4sa h\u00e4r: (<a href=\"https:\/\/nt.se\/debatt\/artikel\/vi-vill-rikta-ett-stort-tack-till-alla-medarbetare\/lwxkwdyj\" target=\"_blank\" rel=\"noopener\">https:\/\/nt.se\/debatt\/artikel\/vi-vill-rikta-ett-stort-tack-till-alla-medarbetare\/lwxkwdyj<\/a>). Sammantr\u00e4det behandlade ocks\u00e5 ett antal interpellationer, d\u00e4r det ovanligtvis fanns en interpellation p\u00e5 kulturomr\u00e5det, som jag fick m\u00f6jlighet att svara p\u00e5. P\u00e5 kulturtemat avslutades ocks\u00e5 sammantr\u00e4det med att vi \u00e4ntligen delade ut 2022 \u00e5rs kulturstipendier, som regionutvecklingsn\u00e4mnden beslutade om redan i augusti 2022. Tillsammans med fullm\u00e4ktiges ordf\u00f6rande Nils Babtist hade jag f\u00f6rm\u00e5nen att f\u00e5 dela ut plaketter och blommor till stipendiaterna. Presidierna i fullm\u00e4ktige och regionutvecklingsn\u00e4mnden hade sedan efter\u00e5t ett litet mingel med stipendiaterna, d\u00e4r vi m\u00f6jlighet att prata lite mer med dem!<\/p>\n<p><strong>Debattartikel om betydelsen av Folkh\u00f6gskolor<\/strong><br \/>\nI onsdagens upplaga av Corren hade vi fr\u00e5n \u00d6stg\u00f6tasamverkan en debattartikel om betydelsen av Folkh\u00f6gskolor och v\u00e5r ambition att skolformen fortsatt har en viktig roll i \u00d6sterg\u00f6tland. Debattartikeln som undertecknades av mig som ordf\u00f6rande i regionutvecklingsn\u00e4mnden, Anna Nilsson (M) som f\u00f6rste vice ordf\u00f6rande och Anna Drake af Hagelsrum (L) som ledamot, kan du l\u00e4sa h\u00e4r: (<a href=\"https:\/\/corren.se\/debatt\/artikel\/folkhogskolorna-ar-har-for-att-stanna-\/rezwq25r\" target=\"_blank\" rel=\"noopener\">https:\/\/corren.se\/debatt\/artikel\/folkhogskolorna-ar-har-for-att-stanna-\/rezwq25r<\/a>).<\/p>\n<p><strong>\u00c5rsst\u00e4mma och styrelsem\u00f6te f\u00f6r Almi \u00d6sterg\u00f6tland<\/strong><br \/>\nP\u00e5 onsdagsf\u00f6rmiddagen var det \u00e5rsst\u00e4mma f\u00f6r Almi \u00d6sterg\u00f6tland, d\u00e4r \u00e4garombuden f\u00f6r Region \u00d6sterg\u00f6tland (Liberalernas regionr\u00e5d Alexander H\u00f6glund) och moderbolaget Almi AB, godk\u00e4nde \u00e5rsredovisning och formellt valde ny styrelse. Moderbolagets representanter blev alla fyra omvalda, inklusive ordf\u00f6rande Mats Abrahamsson. N\u00e4r det g\u00e4ller de fyra politiska representanterna utsedda av Region \u00d6sterg\u00f6tland, var jag den enda som omvaldes, medan mina presidiekollegor i regionutvecklingsn\u00e4mnden, Anna Nilsson (M) och Eva Andersson (S), samt nye ers\u00e4ttaren i n\u00e4mnden Anders Lind (V), valdes in som nya ledam\u00f6ter. Anna Nilsson valdes dessutom som vice ordf\u00f6rande i styrelsen p\u00e5 det efterf\u00f6ljande konstituerande styrelsem\u00f6tet, d\u00e4r det ut\u00f6ver \u00e4rendena som r\u00f6rde sj\u00e4lva konstitueringen, ocks\u00e5 inneh\u00f6ll sedvanliga rapporter och verksamhetsupp\u00f6ljningar.<\/p>\n<p><strong>Gemensamt presidiem\u00f6te mellan RUN och TSN<\/strong><br \/>\nI onsdags eftermiddag hade presidierna f\u00f6r regionutvecklingsn\u00e4mnden och trafik- och samh\u00e4llsplaneringsn\u00e4mnden ett gemensamt presidiem\u00f6te. P\u00e5 dagordningen stod bl.a. presentation och diskussion kring ett av uppdragen fr\u00e5n regionens Tre\u00e5rsbudget, som b\u00e5da n\u00e4mnderna f\u00e5tt och som presidierna i sin tur f\u00e5tt ansvar att hantera. Det handlar om att inf\u00f6ra ett \u00d6stg\u00f6takort, som kombinerar kollektivtrafik och kulturupplevelser. Kulturchef Rikard \u00c5slund och \u00d6stg\u00f6tatrafikens VD Sofia Malander f\u00f6redrog t\u00e4nkbar l\u00f6sning och presidierna diskuterade. Det ser ut som en bra l\u00f6sning finns i sikte! Presidierna fick ocks\u00e5 en f\u00f6redragning av Anna Lindberg, enhetschef f\u00f6r internationell samverkan, om en f\u00f6rest\u00e5ende inventering av regionens olika internationella engagemang.<\/p>\n<p><strong>F\u00f6rsta m\u00f6tesdagarna som ledamot i SKR:s beredning f\u00f6r tillv\u00e4xt och regional utveckling<\/strong><br \/>\nFr\u00e5n onsdag seneftermiddag och hela torsdagen deltog jag i ett antal m\u00f6ten som ny ledamot i Beredningen f\u00f6r tillv\u00e4xt och regional utveckling inom Sveriges kommuner och regioner (SKR) och d\u00e4rmed ing\u00e5ende i Kristdemokraternas SKR-grupp. P\u00e5 onsdagskv\u00e4llen och torsdagsf\u00f6rmiddagen h\u00f6lls gruppm\u00f6ten. Onsdagen fortsatte sedan med Politikerinfo till alla f\u00f6rtroendevalda i alla partier i SKR. Slutligen genomf\u00f6rdes sj\u00e4lva beredningssammantr\u00e4det p\u00e5 onsdagseftermiddagen. Roligt och bra att f\u00e5 tr\u00e4ffa kristdemokratiska kollegor fr\u00e5n olika delar av landet, och intressant att f\u00e5 komma in i beredningsarbetet, som passar v\u00e4ldigt bra kopplat till arbetet p\u00e5 hemmaplan i regionutvecklingsn\u00e4mnden!<\/p>\n<p><strong>M\u00f6te mellan regiongruppledare och sjukv\u00e5rdsministern<\/strong><br \/>\nP\u00e5 torsdagsmorgonen, innan torsdagens SKR-m\u00f6ten tog vid, h\u00f6lls det m\u00e5natliga digitala m\u00f6tet mellan Kristdemokraternas regiongruppledare runt om i landet och sjukv\u00e5rdsminister Acko Ankarberg Johansson. Vi som var p\u00e5 plats i Stockholm f\u00f6r SKR-gruppm\u00f6te, samlades i en gemensam lokal och deltog i det digitala m\u00f6tet d\u00e4r. Ut\u00f6ver aktuell information fr\u00e5n regeringen, fick vi ocks\u00e5 rapportera om l\u00e4get runt om i regionerna.<\/p>\n<p><strong>Referensgruppsm\u00f6te inf\u00f6r h\u00f6stens industridag<\/strong><br \/>\nIdag fredag b\u00f6rjade dagen med ett digitalt referensgruppsm\u00f6te f\u00f6r akt\u00f6rerna som arrangerar Industridag \u00d6sterg\u00f6tland. Dagen anordnas n\u00e5gonstans i \u00d6sterg\u00f6tland vartannat \u00e5r, och vid dagens m\u00f6te p\u00e5b\u00f6rjades planeringen f\u00f6r industridagen 2024. Det var mitt f\u00f6rsta referensgruppm\u00f6te, sedan jag tilltr\u00e4dde som ordf\u00f6rande i regionutvecklingsn\u00e4mnden. K\u00e4nns bra att f\u00e5 vara med i planeringen av en viktig dag f\u00f6r kompetensf\u00f6rs\u00f6rjningen i \u00d6sterg\u00f6tland!<\/p>\n<p><strong>M\u00f6te med l\u00e4nets st\u00f6rre f\u00f6retag tillsammans med L\u00e4nsstyrelsen<\/strong><br \/>\nIdag har det ocks\u00e5 varit m\u00f6te med l\u00e4nets st\u00f6rre f\u00f6retag tillsammans med L\u00e4nsstyrelsen. Landsh\u00f6vding Carl Fredrik Graf bjuder in de st\u00f6rsta f\u00f6retagen i \u00d6sterg\u00f6tland till m\u00f6te p\u00e5 Link\u00f6pings slott, och fr\u00e5n Region \u00d6sterg\u00f6tland deltar jag och Eva Andersson (S) fr\u00e5n regionutvecklingsn\u00e4mndens presidium. Efter inledande l\u00e4gesrapporter fr\u00e5n L\u00e4nsstyrelsen fr\u00e5n landsh\u00f6vdingen och fr\u00e5n Region \u00d6sterg\u00f6tland fr\u00e5n mig, f\u00f6ljde intressanta f\u00f6redrag fr\u00e5n S\u00e4kerhetspolisen och Finansinspektionen, och korta l\u00e4gesrapporter fr\u00e5n n\u00e5gra av de deltagande f\u00f6retagen. Ett bra m\u00f6te, med mycket matnyttig information och m\u00f6jlighet till mer spontana samtal i pauser!<\/p>\n<p>Nu stundar helgen och \u00e5tminstone i morgon verkar det vara fortsatt riktigt fint v\u00e4der \u2013 s\u00e5 passa p\u00e5 att njut! F\u00f6r mig v\u00e4ntar imorgon l\u00f6rdag bes\u00f6k p\u00e5 \u00e5rsm\u00f6te f\u00f6r Riksteatern \u00d6sterg\u00f6tland och p\u00e5 s\u00f6ndag digitalt extra partifullm\u00e4ktige f\u00f6r Kristdemokraterna. Men lite helgledighet ska det nog g\u00e5 att kl\u00e4mma in\u2026 Oavsett vad som st\u00e5r p\u00e5 ditt program hoppas jag att det blir en riktigt trevlig helg!<\/p>\n<p>Med v\u00e4nlig h\u00e4lsning<br \/>\nPer Larsson<br \/>\nRegionr\u00e5d \u2022 Ordf\u00f6rande i Regionutvecklingsn\u00e4mnden<br \/>\nGruppledare f\u00f6r Kristdemokraterna i Region \u00d6sterg\u00f6tland<br \/>\ntfn 010-103 72 84 (arb)<br \/>\ntfn 0702-88 21 34 (mobil)<br \/>\nper.larsson@regionostergotland.se<\/p>\n<p>&nbsp;<\/p>\n","protected":false},"excerpt":{"rendered":"<p>Hej! N\u00e4r jag f\u00f6r en stund sedan gick genom centrala Link\u00f6ping och passerade Tr\u00e4dg\u00e5rdsf\u00f6reningen bidrog solsken, v\u00e4rme och blommande magnolior till att det verkligen k\u00e4ndes som att v\u00e5ren \u00e4r p\u00e5 g\u00e5ng. Det har h\u00e4nt mycket i naturen den senaste veckan, n\u00e4r solen skinit och temperaturen har varit h\u00f6gre \u00e4n tidigare. Men med m\u00e5nga sammantr\u00e4den och <a class=\"read-more-link\" href=\"https:\/\/wp.kristdemokraterna.se\/regionostergotland\/nyhetsbrev-vecka-16-6\/\">Read More<\/a><\/p>\n","protected":false},"author":737,"featured_media":0,"comment_status":"closed","ping_status":"closed","sticky":false,"template":"","format":"standard","meta":{"_acf_changed":false,"footnotes":""},"categories":[1],"tags":[],"class_list":["post-2102","post","type-post","status-publish","format-standard","hentry","category-nyheter"],"acf":[],"yoast_head":"<!-- This site is optimized with the Yoast SEO plugin v27.5 - https:\/\/yoast.com\/product\/yoast-seo-wordpress\/ -->\n<title>Nyhetsbrev vecka 16 - i Region \u00d6sterg\u00f6tland<\/title>\n<meta name=\"robots\" content=\"index, follow, max-snippet:-1, max-image-preview:large, max-video-preview:-1\" \/>\n<link rel=\"canonical\" href=\"https:\/\/wp.kristdemokraterna.se\/regionostergotland\/nyhetsbrev-vecka-16-6\/\" \/>\n<meta property=\"og:locale\" content=\"sv_SE\" \/>\n<meta property=\"og:type\" content=\"article\" \/>\n<meta property=\"og:title\" content=\"Nyhetsbrev vecka 16 - i Region \u00d6sterg\u00f6tland\" \/>\n<meta property=\"og:description\" content=\"Hej! N\u00e4r jag f\u00f6r en stund sedan gick genom centrala Link\u00f6ping och passerade Tr\u00e4dg\u00e5rdsf\u00f6reningen bidrog solsken, v\u00e4rme och blommande magnolior till att det verkligen k\u00e4ndes som att v\u00e5ren \u00e4r p\u00e5 g\u00e5ng. Det har h\u00e4nt mycket i naturen den senaste veckan, n\u00e4r solen skinit och temperaturen har varit h\u00f6gre \u00e4n tidigare. Men med m\u00e5nga sammantr\u00e4den och Read More\" \/>\n<meta property=\"og:url\" content=\"https:\/\/wp.kristdemokraterna.se\/regionostergotland\/nyhetsbrev-vecka-16-6\/\" \/>\n<meta property=\"og:site_name\" content=\"i Region \u00d6sterg\u00f6tland\" \/>\n<meta property=\"article:published_time\" content=\"2023-04-21T12:33:30+00:00\" \/>\n<meta property=\"og:image\" content=\"http:\/\/wp.kristdemokraterna.se\/regionostergotland\/files\/2023\/04\/bild-nyhetsbrev-2023-vecka-16-1024x533.jpg\" \/>\n\t<meta property=\"og:image:width\" content=\"1024\" \/>\n\t<meta property=\"og:image:height\" content=\"533\" \/>\n\t<meta property=\"og:image:type\" content=\"image\/jpeg\" \/>\n<meta name=\"author\" content=\"regionostergotland\" \/>\n<meta name=\"twitter:card\" content=\"summary_large_image\" \/>\n<meta name=\"twitter:label1\" content=\"Skriven av\" \/>\n\t<meta name=\"twitter:data1\" content=\"regionostergotland\" \/>\n\t<meta name=\"twitter:label2\" content=\"Ber\u00e4knad l\u00e4stid\" \/>\n\t<meta name=\"twitter:data2\" content=\"7 minuter\" \/>\n<script type=\"application\/ld+json\" class=\"yoast-schema-graph\">{\"@context\":\"https:\\\/\\\/schema.org\",\"@graph\":[{\"@type\":\"Article\",\"@id\":\"https:\\\/\\\/wp.kristdemokraterna.se\\\/regionostergotland\\\/nyhetsbrev-vecka-16-6\\\/#article\",\"isPartOf\":{\"@id\":\"https:\\\/\\\/wp.kristdemokraterna.se\\\/regionostergotland\\\/nyhetsbrev-vecka-16-6\\\/\"},\"author\":{\"name\":\"regionostergotland\",\"@id\":\"https:\\\/\\\/wp.kristdemokraterna.se\\\/regionostergotland\\\/#\\\/schema\\\/person\\\/74c3c4f502fcc489722a7be0dfe0088c\"},\"headline\":\"Nyhetsbrev vecka 16\",\"datePublished\":\"2023-04-21T12:33:30+00:00\",\"mainEntityOfPage\":{\"@id\":\"https:\\\/\\\/wp.kristdemokraterna.se\\\/regionostergotland\\\/nyhetsbrev-vecka-16-6\\\/\"},\"wordCount\":1700,\"articleSection\":[\"Nyheter\"],\"inLanguage\":\"sv-SE\"},{\"@type\":\"WebPage\",\"@id\":\"https:\\\/\\\/wp.kristdemokraterna.se\\\/regionostergotland\\\/nyhetsbrev-vecka-16-6\\\/\",\"url\":\"https:\\\/\\\/wp.kristdemokraterna.se\\\/regionostergotland\\\/nyhetsbrev-vecka-16-6\\\/\",\"name\":\"Nyhetsbrev vecka 16 - i Region \u00d6sterg\u00f6tland\",\"isPartOf\":{\"@id\":\"https:\\\/\\\/wp.kristdemokraterna.se\\\/regionostergotland\\\/#website\"},\"datePublished\":\"2023-04-21T12:33:30+00:00\",\"author\":{\"@id\":\"https:\\\/\\\/wp.kristdemokraterna.se\\\/regionostergotland\\\/#\\\/schema\\\/person\\\/74c3c4f502fcc489722a7be0dfe0088c\"},\"breadcrumb\":{\"@id\":\"https:\\\/\\\/wp.kristdemokraterna.se\\\/regionostergotland\\\/nyhetsbrev-vecka-16-6\\\/#breadcrumb\"},\"inLanguage\":\"sv-SE\",\"potentialAction\":[{\"@type\":\"ReadAction\",\"target\":[\"https:\\\/\\\/wp.kristdemokraterna.se\\\/regionostergotland\\\/nyhetsbrev-vecka-16-6\\\/\"]}]},{\"@type\":\"BreadcrumbList\",\"@id\":\"https:\\\/\\\/wp.kristdemokraterna.se\\\/regionostergotland\\\/nyhetsbrev-vecka-16-6\\\/#breadcrumb\",\"itemListElement\":[{\"@type\":\"ListItem\",\"position\":1,\"name\":\"Hem\",\"item\":\"https:\\\/\\\/wp.kristdemokraterna.se\\\/regionostergotland\\\/\"},{\"@type\":\"ListItem\",\"position\":2,\"name\":\"Nyhetsbrev vecka 16\"}]},{\"@type\":\"WebSite\",\"@id\":\"https:\\\/\\\/wp.kristdemokraterna.se\\\/regionostergotland\\\/#website\",\"url\":\"https:\\\/\\\/wp.kristdemokraterna.se\\\/regionostergotland\\\/\",\"name\":\"i Region \u00d6sterg\u00f6tland\",\"description\":\"\",\"inLanguage\":\"sv-SE\"},{\"@type\":\"Person\",\"@id\":\"https:\\\/\\\/wp.kristdemokraterna.se\\\/regionostergotland\\\/#\\\/schema\\\/person\\\/74c3c4f502fcc489722a7be0dfe0088c\",\"name\":\"regionostergotland\",\"image\":{\"@type\":\"ImageObject\",\"inLanguage\":\"sv-SE\",\"@id\":\"https:\\\/\\\/secure.gravatar.com\\\/avatar\\\/8fb8f0a216e627554da57506bfaf78d677f45512f24f703e185ec701423b1e92?s=96&d=mm&r=g\",\"url\":\"https:\\\/\\\/secure.gravatar.com\\\/avatar\\\/8fb8f0a216e627554da57506bfaf78d677f45512f24f703e185ec701423b1e92?s=96&d=mm&r=g\",\"contentUrl\":\"https:\\\/\\\/secure.gravatar.com\\\/avatar\\\/8fb8f0a216e627554da57506bfaf78d677f45512f24f703e185ec701423b1e92?s=96&d=mm&r=g\",\"caption\":\"regionostergotland\"},\"url\":\"https:\\\/\\\/wp.kristdemokraterna.se\\\/regionostergotland\\\/author\\\/regionostergotland\\\/\"}]}<\/script>\n<!-- \/ Yoast SEO plugin. -->","yoast_head_json":{"title":"Nyhetsbrev vecka 16 - i Region \u00d6sterg\u00f6tland","robots":{"index":"index","follow":"follow","max-snippet":"max-snippet:-1","max-image-preview":"max-image-preview:large","max-video-preview":"max-video-preview:-1"},"canonical":"https:\/\/wp.kristdemokraterna.se\/regionostergotland\/nyhetsbrev-vecka-16-6\/","og_locale":"sv_SE","og_type":"article","og_title":"Nyhetsbrev vecka 16 - i Region \u00d6sterg\u00f6tland","og_description":"Hej! N\u00e4r jag f\u00f6r en stund sedan gick genom centrala Link\u00f6ping och passerade Tr\u00e4dg\u00e5rdsf\u00f6reningen bidrog solsken, v\u00e4rme och blommande magnolior till att det verkligen k\u00e4ndes som att v\u00e5ren \u00e4r p\u00e5 g\u00e5ng. Det har h\u00e4nt mycket i naturen den senaste veckan, n\u00e4r solen skinit och temperaturen har varit h\u00f6gre \u00e4n tidigare. Men med m\u00e5nga sammantr\u00e4den och Read More","og_url":"https:\/\/wp.kristdemokraterna.se\/regionostergotland\/nyhetsbrev-vecka-16-6\/","og_site_name":"i Region \u00d6sterg\u00f6tland","article_published_time":"2023-04-21T12:33:30+00:00","og_image":[{"width":1024,"height":533,"url":"http:\/\/wp.kristdemokraterna.se\/regionostergotland\/files\/2023\/04\/bild-nyhetsbrev-2023-vecka-16-1024x533.jpg","type":"image\/jpeg"}],"author":"regionostergotland","twitter_card":"summary_large_image","twitter_misc":{"Skriven av":"regionostergotland","Ber\u00e4knad l\u00e4stid":"7 minuter"},"schema":{"@context":"https:\/\/schema.org","@graph":[{"@type":"Article","@id":"https:\/\/wp.kristdemokraterna.se\/regionostergotland\/nyhetsbrev-vecka-16-6\/#article","isPartOf":{"@id":"https:\/\/wp.kristdemokraterna.se\/regionostergotland\/nyhetsbrev-vecka-16-6\/"},"author":{"name":"regionostergotland","@id":"https:\/\/wp.kristdemokraterna.se\/regionostergotland\/#\/schema\/person\/74c3c4f502fcc489722a7be0dfe0088c"},"headline":"Nyhetsbrev vecka 16","datePublished":"2023-04-21T12:33:30+00:00","mainEntityOfPage":{"@id":"https:\/\/wp.kristdemokraterna.se\/regionostergotland\/nyhetsbrev-vecka-16-6\/"},"wordCount":1700,"articleSection":["Nyheter"],"inLanguage":"sv-SE"},{"@type":"WebPage","@id":"https:\/\/wp.kristdemokraterna.se\/regionostergotland\/nyhetsbrev-vecka-16-6\/","url":"https:\/\/wp.kristdemokraterna.se\/regionostergotland\/nyhetsbrev-vecka-16-6\/","name":"Nyhetsbrev vecka 16 - i Region \u00d6sterg\u00f6tland","isPartOf":{"@id":"https:\/\/wp.kristdemokraterna.se\/regionostergotland\/#website"},"datePublished":"2023-04-21T12:33:30+00:00","author":{"@id":"https:\/\/wp.kristdemokraterna.se\/regionostergotland\/#\/schema\/person\/74c3c4f502fcc489722a7be0dfe0088c"},"breadcrumb":{"@id":"https:\/\/wp.kristdemokraterna.se\/regionostergotland\/nyhetsbrev-vecka-16-6\/#breadcrumb"},"inLanguage":"sv-SE","potentialAction":[{"@type":"ReadAction","target":["https:\/\/wp.kristdemokraterna.se\/regionostergotland\/nyhetsbrev-vecka-16-6\/"]}]},{"@type":"BreadcrumbList","@id":"https:\/\/wp.kristdemokraterna.se\/regionostergotland\/nyhetsbrev-vecka-16-6\/#breadcrumb","itemListElement":[{"@type":"ListItem","position":1,"name":"Hem","item":"https:\/\/wp.kristdemokraterna.se\/regionostergotland\/"},{"@type":"ListItem","position":2,"name":"Nyhetsbrev vecka 16"}]},{"@type":"WebSite","@id":"https:\/\/wp.kristdemokraterna.se\/regionostergotland\/#website","url":"https:\/\/wp.kristdemokraterna.se\/regionostergotland\/","name":"i Region \u00d6sterg\u00f6tland","description":"","inLanguage":"sv-SE"},{"@type":"Person","@id":"https:\/\/wp.kristdemokraterna.se\/regionostergotland\/#\/schema\/person\/74c3c4f502fcc489722a7be0dfe0088c","name":"regionostergotland","image":{"@type":"ImageObject","inLanguage":"sv-SE","@id":"https:\/\/secure.gravatar.com\/avatar\/8fb8f0a216e627554da57506bfaf78d677f45512f24f703e185ec701423b1e92?s=96&d=mm&r=g","url":"https:\/\/secure.gravatar.com\/avatar\/8fb8f0a216e627554da57506bfaf78d677f45512f24f703e185ec701423b1e92?s=96&d=mm&r=g","contentUrl":"https:\/\/secure.gravatar.com\/avatar\/8fb8f0a216e627554da57506bfaf78d677f45512f24f703e185ec701423b1e92?s=96&d=mm&r=g","caption":"regionostergotland"},"url":"https:\/\/wp.kristdemokraterna.se\/regionostergotland\/author\/regionostergotland\/"}]}},"_links":{"self":[{"href":"https:\/\/wp.kristdemokraterna.se\/regionostergotland\/wp-json\/wp\/v2\/posts\/2102","targetHints":{"allow":["GET"]}}],"collection":[{"href":"https:\/\/wp.kristdemokraterna.se\/regionostergotland\/wp-json\/wp\/v2\/posts"}],"about":[{"href":"https:\/\/wp.kristdemokraterna.se\/regionostergotland\/wp-json\/wp\/v2\/types\/post"}],"author":[{"embeddable":true,"href":"https:\/\/wp.kristdemokraterna.se\/regionostergotland\/wp-json\/wp\/v2\/users\/737"}],"replies":[{"embeddable":true,"href":"https:\/\/wp.kristdemokraterna.se\/regionostergotland\/wp-json\/wp\/v2\/comments?post=2102"}],"version-history":[{"count":1,"href":"https:\/\/wp.kristdemokraterna.se\/regionostergotland\/wp-json\/wp\/v2\/posts\/2102\/revisions"}],"predecessor-version":[{"id":2104,"href":"https:\/\/wp.kristdemokraterna.se\/regionostergotland\/wp-json\/wp\/v2\/posts\/2102\/revisions\/2104"}],"wp:attachment":[{"href":"https:\/\/wp.kristdemokraterna.se\/regionostergotland\/wp-json\/wp\/v2\/media?parent=2102"}],"wp:term":[{"taxonomy":"category","embeddable":true,"href":"https:\/\/wp.kristdemokraterna.se\/regionostergotland\/wp-json\/wp\/v2\/categories?post=2102"},{"taxonomy":"post_tag","embeddable":true,"href":"https:\/\/wp.kristdemokraterna.se\/regionostergotland\/wp-json\/wp\/v2\/tags?post=2102"}],"curies":[{"name":"wp","href":"https:\/\/api.w.org\/{rel}","templated":true}]}}