{"id":2105,"date":"2023-04-28T18:16:40","date_gmt":"2023-04-28T16:16:40","guid":{"rendered":"https:\/\/wp.kristdemokraterna.se\/regionostergotland\/?p=2105"},"modified":"2023-04-28T18:16:40","modified_gmt":"2023-04-28T16:16:40","slug":"nyhetsbrev-vecka-17-6","status":"publish","type":"post","link":"https:\/\/wp.kristdemokraterna.se\/regionostergotland\/nyhetsbrev-vecka-17-6\/","title":{"rendered":"Nyhetsbrev vecka 17"},"content":{"rendered":"<p>Hej!<\/p>\n<p>Denna fredagseftermiddag skriver jag nyhetsbrevet p\u00e5 v\u00e4g tillbaka till Sverige fr\u00e5n n\u00e5gra dagar i Bryssel tillsammans med en resegrupp fr\u00e5n Kristdemokraterna i \u00d6sterg\u00f6tland. En ovanlig avslutning p\u00e5 arbetsveckan, som jag \u00e5terkommer till senare i nyhetsbrevet. Dessf\u00f6rinnan hanns en del annat med p\u00e5 hemmaplan, och som vanligt ska jag f\u00f6rs\u00f6ka sammanfatta veckan i nyhetsbrevet. Trevlig l\u00e4sning!<!--more--><\/p>\n<p><strong>Medverkan p\u00e5 \u00e5rsm\u00f6te med Riksteatern \u00d6sterg\u00f6tland<\/strong><br \/>\nI l\u00f6rdags var jag inbjuden till \u00e5rsm\u00f6tet f\u00f6r Riksteatern \u00d6sterg\u00f6tland. \u00c5rsm\u00f6tet, som samlar riksteaterns f\u00f6reningar runt om i \u00d6sterg\u00f6tlands kommuner, h\u00f6lls i Valdemarsvik, och jag hade f\u00e5tt hedersuppdraget att vara \u00e5rsm\u00f6tesordf\u00f6rande, men ocks\u00e5 att ber\u00e4tta lite om det p\u00e5g\u00e5ende arbetet med att ta fram en ny kulturplan f\u00f6r \u00d6sterg\u00f6tland. Ut\u00f6ver detta inneh\u00f6ll \u00e5rsm\u00f6tet ocks\u00e5 information fr\u00e5n Riksteatern nationellt, och \u00e5rsm\u00f6tet avslutades med att vi avnj\u00f6t f\u00f6rest\u00e4llningen Gjort i Vika med sk\u00e5despelare fr\u00e5n \u00d6stg\u00f6tateatern i Folkets Hus i Valdemarsvik. Intressant att l\u00e4ra k\u00e4nna Riksteatern lite b\u00e4ttre p\u00e5 detta s\u00e4tt, och dessutom f\u00e5 chans att tr\u00e4ffa flera av de engagerade i organisationen.<\/p>\n<p><strong>M\u00e5ndagsm\u00f6te med fokus p\u00e5 nya 1177 Direkt<\/strong><br \/>\nVeckans m\u00e5ndagsm\u00f6te inneh\u00f6ll ut\u00f6ver sedvanliga \u00e4renden som det p\u00e5g\u00e5ende arbetet med Tre\u00e5rsbudget 2024-2026 och l\u00f6pande f\u00f6rberedelser och planerings\u00e4renden, bl.a. information fr\u00e5n tillf\u00f6rordnade regiondirekt\u00f6ren Karl Landergren om exempelvis Patients\u00e4kerhetsber\u00e4ttelsen f\u00f6r 2022 och aktuella fr\u00e5gor fr\u00e5n kommunikationsenheten med kommunikationsdirekt\u00f6r Anna Bowall. Den l\u00e4ngsta informationspunkten var dock en f\u00f6revisning av en demo av den nya tj\u00e4nsten 1177 Direkt, som h\u00e5ller p\u00e5 att inf\u00f6ras i Region \u00d6sterg\u00f6tland, fr\u00e5n bl.a. Lotta Saleteg Falk och Helen Karlsson. Tj\u00e4nsten ska komplettera befintliga 1177, med bl.a. chatm\u00f6jlighet med sjuksk\u00f6terska hos ansvarig v\u00e5rdgivare inom regionen.<\/p>\n<p><strong>M\u00f6te med museichefen p\u00e5 Link\u00f6pings slotts- och domkyrkomuseum<\/strong><br \/>\nP\u00e5 m\u00e5ndagseftermiddagen hade jag ett m\u00f6te med museichefen p\u00e5 Link\u00f6pings slotts- och domkyrkomuseum, Christel Storm, p\u00e5 plats p\u00e5 museet p\u00e5 Link\u00f6pings slott. Jag fick h\u00f6ra mer om aktuellt l\u00e4ge f\u00f6r museet, om tidigare, p\u00e5g\u00e5ende och kommande utst\u00e4llningar och dessutom fick vi m\u00f6jlighet att samtala om framtidstankar f\u00f6r museet. Tack f\u00f6r ett givande bes\u00f6k!<\/p>\n<p><strong>Bes\u00f6k i regionhuset av civilminister Erik Slottner<\/strong><br \/>\nM\u00e5ndagskv\u00e4llen bj\u00f6d ett statsr\u00e5dsbes\u00f6k i regionhuset. Civilminister Erik Slottner (KD) hade m\u00f6jlighet att i samband med andra \u00e5taganden i Link\u00f6ping tr\u00e4ffa ett antal kristdemokrater fr\u00e5n olika delar av \u00d6sterg\u00f6tland, i sessionssalen i regionhuset. Erik Slottner ber\u00e4ttade om allt som \u00e4r p\u00e5 g\u00e5ng inom hans ansvarsomr\u00e5de i regeringen, och gav ocks\u00e5 deltagarna m\u00f6jlighet att st\u00e4lla fr\u00e5gor. En lyckad kv\u00e4ll med m\u00f6jlighet att dryfta flera aktuella fr\u00e5gor!<\/p>\n<p><strong>Sammantr\u00e4de med PLG med bes\u00f6k av delegation fr\u00e5n Kenya<\/strong><br \/>\nTisdagen b\u00f6rjade med sammantr\u00e4de med regionens politiska ledningsgrupp (PLG). Ett ovanligt inslag i sammantr\u00e4det var att vi under den inledande halvtimmen g\u00e4stades av den delegation fr\u00e5n Region \u00d6sterg\u00f6tlands samarbetsregion i Kenya. Delegationen, som bestod av b\u00e5de politiker, tj\u00e4nstepersoner och f\u00f6retr\u00e4dare f\u00f6r professionen, har i veckan bes\u00f6kt Link\u00f6ping med flera studiebes\u00f6k p\u00e5 Universitetssjukhuset och m\u00f6ten med olika enheter inom regionen. P\u00e5 PLG fick vi h\u00f6ra lite mer om deltagarnas olika roller, och dessutom presentera oss och det politiska arbetet i Region \u00d6sterg\u00f6tland. I \u00f6vrigt inneh\u00f6ll PLG bl.a. en f\u00f6redragning om hur nya dygnsviloregler ska implementeras och en aktualisering av det ekonomiska l\u00e4get inf\u00f6r framl\u00e4ggandet av f\u00f6rslag till Tre\u00e5rsbudget 2024-2026.<\/p>\n<p><strong>Gruppm\u00f6te med Kristdemokraternas regiongrupp<\/strong><br \/>\nP\u00e5 tisdagskv\u00e4llen var det dags f\u00f6r april m\u00e5nads gruppm\u00f6te med Kristdemokraternas regiongrupp. Kv\u00e4llen inleddes som vanligt med n\u00e4mndvisa gruppm\u00f6ten tillsammans med v\u00e5ra kollegor inom \u00d6stg\u00f6tasamverkan; Moderaterna och Liberalerna. D\u00e4refter hade alla tre partigrupperna ett gemensamt m\u00f6te, med uppdatering av det p\u00e5g\u00e5ende arbetet med Tre\u00e5rsbudget 2024-2026, dels det aktuella ekonomiska l\u00e4get och dels hur f\u00f6rslag till uppdrag till n\u00e4mnderna b\u00f6rjar klarna. Kv\u00e4llen avslutades med Kristdemokraternas eget gruppm\u00f6te, d\u00e4r vi bl.a. tackade av Lars Eklund, som i samband med \u00e5rsst\u00e4mman f\u00f6r Scenkonst \u00d6st i maj, l\u00e4mnar sitt uppdrag som ledamot i dess styrelse, och d\u00e4rmed ocks\u00e5 regiongruppen efter m\u00e5nga \u00e5r som betydelsefull och aktiv medlem i landstingsgrupp, \u00d6stsamgrupp och regiongrupp. \u00c5terigen, tack Lars f\u00f6r allt ditt arbete i gruppen under \u00e5ren!<\/p>\n<p><strong>Studieresa till Bryssel med Kristdemokraterna i \u00d6sterg\u00f6tland<\/strong><br \/>\nOnsdag till fredag har en resegrupp fr\u00e5n Kristdemokraterna i \u00d6sterg\u00f6tland varit p\u00e5 studieresa till Bryssel. Resedelegationen har best\u00e5tt av partiets gruppledare i kommunerna i l\u00e4net, ordf\u00f6randen i partiavdelningarna runt om i \u00d6sterg\u00f6tland, ordf\u00f6rande i de tre associerade f\u00f6rbunden (KDU, KD-K och KD-S), riksdagsledamot och regionr\u00e5d. Ut\u00f6ver m\u00f6jlighet att b\u00e4ttre l\u00e4ra k\u00e4nna varandra, att uppleva ett v\u00e5rvackert Bryssel och uppleva en och annan lokal kulinarisk l\u00e4ckerhet, har studieresan f\u00f6rst\u00e5s inneh\u00e5llit en rad intressanta studiebes\u00f6k, med ett omfattande bes\u00f6k i Europaparlamentet som h\u00f6jdpunkt.<\/p>\n<p><em>Bes\u00f6k p\u00e5 Region \u00d6sterg\u00f6tlands Brysselkontor<\/em>. Dagarnas f\u00f6rsta studiebes\u00f6k var p\u00e5 onsdagseftermiddagen p\u00e5 Region \u00d6sterg\u00f6tlands eget Brysselkontor i Nordic House. D\u00e4r tog kontorschef Isabelle Johansson med medarbetare emot, och ber\u00e4ttade om hur kontoret arbetar med att bevaka regionens olika intresseomr\u00e5den, f\u00f6rs\u00f6ka p\u00e5verka beslutsfattandet och ocks\u00e5 arbeta p\u00e5 uppdrag av t.ex. L\u00e4nsstyrelsen och Link\u00f6pings Universitet.<\/p>\n<p><em>Bes\u00f6k p\u00e5 Svenskt N\u00e4ringslivs Brysselkontor<\/em>. Onsdagen fortsatte med bes\u00f6k p\u00e5 Svenskt N\u00e4ringslivs Brysselkontor, d\u00e4r vi fick information om hur de arbetar p\u00e5 EU-niv\u00e5n, bl.a. i samverkan med sin europeiska &#8217;moder&#8217;-organisation Business Europe och n\u00e5gra av Svenskt N\u00e4ringslivs medlemsorganisationer som har egna kontor i Bryssel.<\/p>\n<p><em>Bes\u00f6k p\u00e5 Europeiska historiens hus<\/em>. Torsdagen b\u00f6rjade med ett bes\u00f6k p\u00e5 Europeiska historiens hus, som inneh\u00e5ller en omfattande, v\u00e4lgjord och intressev\u00e4ckande utst\u00e4llning om Europas och EU:s historia, med f\u00f6rem\u00e5l, bilder, filmer och olika effekter. Intressant och bra f\u00f6r att b\u00e4ttre f\u00f6rst\u00e5 bakgrunden till Europeiska Unionen.<\/p>\n<p><em>Bes\u00f6k i Europaparlamentet<\/em>. Torsdagen fortsatte med ett l\u00e4ngre bes\u00f6k i Europaparlamentet, d\u00e4r vi fick en \u00f6vergripande information om hur Europaparlamentet fungerar med en f\u00f6retr\u00e4dare fr\u00e5n parlamentets bes\u00f6ksavdelning, ett anf\u00f6rande fr\u00e5n Kristdemokraternas Europaparlamentariker Sara Skyttedal om vad partiet har utr\u00e4ttat i parlamentet sedan valet 2019, medverkan fr\u00e5n hennes kollega Davids Legas stabschef Natalie Tegelberg, ett bes\u00f6k i plenisalen och m\u00f6jlighet att tr\u00e4ffa flera av medarbetarna i de tv\u00e5 staberna, inte minst v\u00e5r ciceron under dagen Robert Wikstr\u00f6m och link\u00f6pingssonen Dag Elfstr\u00f6m, som \u00e4r stabschef hos Sara Skyttedal.<\/p>\n<p><em>Bes\u00f6k p\u00e5 Lantbrukarnas Riksf\u00f6rbunds Brysselkontor<\/em>. Torsdagens studiebes\u00f6k avslutades med ett bes\u00f6k hos Lantbrukarnas Riksf\u00f6rbunds (LRF) Brysselkontor, d\u00e4r vi fick information om hur de arbetar p\u00e5 plats i Bryssel, bl.a. med den Europeiska organisationen Copa-Cogecas, d\u00e4r bl.a. Lennart Nilsson fr\u00e5n LRF finns med i arbetet. Han, tillsammans med LRF:s Niclas Lindstr\u00f6m h\u00f6ll i bes\u00f6ket, ber\u00e4ttade och svarade p\u00e5 fr\u00e5gor.<\/p>\n<p><em>M\u00f6te med Skogsindustrierna i Bryssel<\/em>. Idag fredag hade n\u00e5gra av oss i den kristdemokratiska delegationen m\u00f6jlighet att tr\u00e4ffa Marcus Lantz fr\u00e5n Skogindustrierna, f\u00f6r att diskutera flera h\u00f6gaktuella EU-fr\u00e5gor inom skogsomr\u00e5det. Organisationen har, tillsammans med flera andra akt\u00f6rer, lyckats p\u00e5verka vissa fr\u00e5gor i positiv riktning, men en hel del utmaningar kvarst\u00e5r!<\/p>\n<p>Sammantaget har de tre dagarna i Bryssel varit mycket lyckade med mycket ny kunskap, m\u00e5nga positiva erfarenheter och goda m\u00f6jligheter till god gemenskap inom den \u00f6stg\u00f6tska resegruppen. Stort tack till ombudsman Elvira Wibeck som planerat studieresan och fungerade som en utm\u00e4rkt reseledare, och s\u00e4rskilt tack till Sara Skyttedal med medarbetare som tog emot oss p\u00e5 ett mycket fint s\u00e4tt!<\/p>\n<p>Efter en intensiv och inneh\u00e5llsrik arbetsvecka s\u00e5v\u00e4l p\u00e5 hemmaplan som i Bryssel, v\u00e4ntar nu helgen, d\u00e4r det f\u00f6r min del b\u00e5de v\u00e4ntar ett \u00e5rsm\u00f6te under l\u00f6rdagen och f\u00f6rhoppningsvis viss m\u00f6jlighet till avkoppling under Valborgshelgen som helgen avslutas med. Jag hoppas att ni alla f\u00e5r en riktigt trevlig valborg!<\/p>\n<p>Med v\u00e4nlig h\u00e4lsning<br \/>\nPer Larsson<br \/>\nRegionr\u00e5d o Ordf\u00f6rande i Regionutvecklingsn\u00e4mnden<br \/>\nGruppledare f\u00f6r Kristdemokraterna i Region \u00d6sterg\u00f6tland<br \/>\ntfn 010-103 72 84 (arb)<br \/>\ntfn 0702-88 21 34 (mobil)<br \/>\nper.larsson@regionostergotland.se<\/p>\n<p>&nbsp;<\/p>\n","protected":false},"excerpt":{"rendered":"<p>Hej! Denna fredagseftermiddag skriver jag nyhetsbrevet p\u00e5 v\u00e4g tillbaka till Sverige fr\u00e5n n\u00e5gra dagar i Bryssel tillsammans med en resegrupp fr\u00e5n Kristdemokraterna i \u00d6sterg\u00f6tland. En ovanlig avslutning p\u00e5 arbetsveckan, som jag \u00e5terkommer till senare i nyhetsbrevet. Dessf\u00f6rinnan hanns en del annat med p\u00e5 hemmaplan, och som vanligt ska jag f\u00f6rs\u00f6ka sammanfatta veckan i nyhetsbrevet. Trevlig <a class=\"read-more-link\" href=\"https:\/\/wp.kristdemokraterna.se\/regionostergotland\/nyhetsbrev-vecka-17-6\/\">Read More<\/a><\/p>\n","protected":false},"author":737,"featured_media":0,"comment_status":"closed","ping_status":"closed","sticky":false,"template":"","format":"standard","meta":{"_acf_changed":false,"footnotes":""},"categories":[1],"tags":[],"class_list":["post-2105","post","type-post","status-publish","format-standard","hentry","category-nyheter"],"acf":[],"yoast_head":"<!-- This site is optimized with the Yoast SEO plugin v27.5 - https:\/\/yoast.com\/product\/yoast-seo-wordpress\/ -->\n<title>Nyhetsbrev vecka 17 - i Region \u00d6sterg\u00f6tland<\/title>\n<meta name=\"robots\" content=\"index, follow, max-snippet:-1, max-image-preview:large, max-video-preview:-1\" \/>\n<link rel=\"canonical\" href=\"https:\/\/wp.kristdemokraterna.se\/regionostergotland\/nyhetsbrev-vecka-17-6\/\" \/>\n<meta property=\"og:locale\" content=\"sv_SE\" \/>\n<meta property=\"og:type\" content=\"article\" \/>\n<meta property=\"og:title\" content=\"Nyhetsbrev vecka 17 - i Region \u00d6sterg\u00f6tland\" \/>\n<meta property=\"og:description\" content=\"Hej! Denna fredagseftermiddag skriver jag nyhetsbrevet p\u00e5 v\u00e4g tillbaka till Sverige fr\u00e5n n\u00e5gra dagar i Bryssel tillsammans med en resegrupp fr\u00e5n Kristdemokraterna i \u00d6sterg\u00f6tland. En ovanlig avslutning p\u00e5 arbetsveckan, som jag \u00e5terkommer till senare i nyhetsbrevet. Dessf\u00f6rinnan hanns en del annat med p\u00e5 hemmaplan, och som vanligt ska jag f\u00f6rs\u00f6ka sammanfatta veckan i nyhetsbrevet. Trevlig Read More\" \/>\n<meta property=\"og:url\" content=\"https:\/\/wp.kristdemokraterna.se\/regionostergotland\/nyhetsbrev-vecka-17-6\/\" \/>\n<meta property=\"og:site_name\" content=\"i Region \u00d6sterg\u00f6tland\" \/>\n<meta property=\"article:published_time\" content=\"2023-04-28T16:16:40+00:00\" \/>\n<meta property=\"og:image\" content=\"http:\/\/wp.kristdemokraterna.se\/regionostergotland\/files\/2023\/04\/bild-nyhetsbrev-2023-vecka-17-1024x533.jpg\" \/>\n\t<meta property=\"og:image:width\" content=\"1024\" \/>\n\t<meta property=\"og:image:height\" content=\"533\" \/>\n\t<meta property=\"og:image:type\" content=\"image\/jpeg\" \/>\n<meta name=\"author\" content=\"regionostergotland\" \/>\n<meta name=\"twitter:card\" content=\"summary_large_image\" \/>\n<meta name=\"twitter:label1\" content=\"Skriven av\" \/>\n\t<meta name=\"twitter:data1\" content=\"regionostergotland\" \/>\n\t<meta name=\"twitter:label2\" content=\"Ber\u00e4knad l\u00e4stid\" \/>\n\t<meta name=\"twitter:data2\" content=\"6 minuter\" \/>\n<script type=\"application\/ld+json\" class=\"yoast-schema-graph\">{\"@context\":\"https:\\\/\\\/schema.org\",\"@graph\":[{\"@type\":\"Article\",\"@id\":\"https:\\\/\\\/wp.kristdemokraterna.se\\\/regionostergotland\\\/nyhetsbrev-vecka-17-6\\\/#article\",\"isPartOf\":{\"@id\":\"https:\\\/\\\/wp.kristdemokraterna.se\\\/regionostergotland\\\/nyhetsbrev-vecka-17-6\\\/\"},\"author\":{\"name\":\"regionostergotland\",\"@id\":\"https:\\\/\\\/wp.kristdemokraterna.se\\\/regionostergotland\\\/#\\\/schema\\\/person\\\/74c3c4f502fcc489722a7be0dfe0088c\"},\"headline\":\"Nyhetsbrev vecka 17\",\"datePublished\":\"2023-04-28T16:16:40+00:00\",\"mainEntityOfPage\":{\"@id\":\"https:\\\/\\\/wp.kristdemokraterna.se\\\/regionostergotland\\\/nyhetsbrev-vecka-17-6\\\/\"},\"wordCount\":1487,\"articleSection\":[\"Nyheter\"],\"inLanguage\":\"sv-SE\"},{\"@type\":\"WebPage\",\"@id\":\"https:\\\/\\\/wp.kristdemokraterna.se\\\/regionostergotland\\\/nyhetsbrev-vecka-17-6\\\/\",\"url\":\"https:\\\/\\\/wp.kristdemokraterna.se\\\/regionostergotland\\\/nyhetsbrev-vecka-17-6\\\/\",\"name\":\"Nyhetsbrev vecka 17 - i Region \u00d6sterg\u00f6tland\",\"isPartOf\":{\"@id\":\"https:\\\/\\\/wp.kristdemokraterna.se\\\/regionostergotland\\\/#website\"},\"datePublished\":\"2023-04-28T16:16:40+00:00\",\"author\":{\"@id\":\"https:\\\/\\\/wp.kristdemokraterna.se\\\/regionostergotland\\\/#\\\/schema\\\/person\\\/74c3c4f502fcc489722a7be0dfe0088c\"},\"breadcrumb\":{\"@id\":\"https:\\\/\\\/wp.kristdemokraterna.se\\\/regionostergotland\\\/nyhetsbrev-vecka-17-6\\\/#breadcrumb\"},\"inLanguage\":\"sv-SE\",\"potentialAction\":[{\"@type\":\"ReadAction\",\"target\":[\"https:\\\/\\\/wp.kristdemokraterna.se\\\/regionostergotland\\\/nyhetsbrev-vecka-17-6\\\/\"]}]},{\"@type\":\"BreadcrumbList\",\"@id\":\"https:\\\/\\\/wp.kristdemokraterna.se\\\/regionostergotland\\\/nyhetsbrev-vecka-17-6\\\/#breadcrumb\",\"itemListElement\":[{\"@type\":\"ListItem\",\"position\":1,\"name\":\"Hem\",\"item\":\"https:\\\/\\\/wp.kristdemokraterna.se\\\/regionostergotland\\\/\"},{\"@type\":\"ListItem\",\"position\":2,\"name\":\"Nyhetsbrev vecka 17\"}]},{\"@type\":\"WebSite\",\"@id\":\"https:\\\/\\\/wp.kristdemokraterna.se\\\/regionostergotland\\\/#website\",\"url\":\"https:\\\/\\\/wp.kristdemokraterna.se\\\/regionostergotland\\\/\",\"name\":\"i Region \u00d6sterg\u00f6tland\",\"description\":\"\",\"inLanguage\":\"sv-SE\"},{\"@type\":\"Person\",\"@id\":\"https:\\\/\\\/wp.kristdemokraterna.se\\\/regionostergotland\\\/#\\\/schema\\\/person\\\/74c3c4f502fcc489722a7be0dfe0088c\",\"name\":\"regionostergotland\",\"image\":{\"@type\":\"ImageObject\",\"inLanguage\":\"sv-SE\",\"@id\":\"https:\\\/\\\/secure.gravatar.com\\\/avatar\\\/8fb8f0a216e627554da57506bfaf78d677f45512f24f703e185ec701423b1e92?s=96&d=mm&r=g\",\"url\":\"https:\\\/\\\/secure.gravatar.com\\\/avatar\\\/8fb8f0a216e627554da57506bfaf78d677f45512f24f703e185ec701423b1e92?s=96&d=mm&r=g\",\"contentUrl\":\"https:\\\/\\\/secure.gravatar.com\\\/avatar\\\/8fb8f0a216e627554da57506bfaf78d677f45512f24f703e185ec701423b1e92?s=96&d=mm&r=g\",\"caption\":\"regionostergotland\"},\"url\":\"https:\\\/\\\/wp.kristdemokraterna.se\\\/regionostergotland\\\/author\\\/regionostergotland\\\/\"}]}<\/script>\n<!-- \/ Yoast SEO plugin. -->","yoast_head_json":{"title":"Nyhetsbrev vecka 17 - i Region \u00d6sterg\u00f6tland","robots":{"index":"index","follow":"follow","max-snippet":"max-snippet:-1","max-image-preview":"max-image-preview:large","max-video-preview":"max-video-preview:-1"},"canonical":"https:\/\/wp.kristdemokraterna.se\/regionostergotland\/nyhetsbrev-vecka-17-6\/","og_locale":"sv_SE","og_type":"article","og_title":"Nyhetsbrev vecka 17 - i Region \u00d6sterg\u00f6tland","og_description":"Hej! Denna fredagseftermiddag skriver jag nyhetsbrevet p\u00e5 v\u00e4g tillbaka till Sverige fr\u00e5n n\u00e5gra dagar i Bryssel tillsammans med en resegrupp fr\u00e5n Kristdemokraterna i \u00d6sterg\u00f6tland. En ovanlig avslutning p\u00e5 arbetsveckan, som jag \u00e5terkommer till senare i nyhetsbrevet. Dessf\u00f6rinnan hanns en del annat med p\u00e5 hemmaplan, och som vanligt ska jag f\u00f6rs\u00f6ka sammanfatta veckan i nyhetsbrevet. Trevlig Read More","og_url":"https:\/\/wp.kristdemokraterna.se\/regionostergotland\/nyhetsbrev-vecka-17-6\/","og_site_name":"i Region \u00d6sterg\u00f6tland","article_published_time":"2023-04-28T16:16:40+00:00","og_image":[{"width":1024,"height":533,"url":"http:\/\/wp.kristdemokraterna.se\/regionostergotland\/files\/2023\/04\/bild-nyhetsbrev-2023-vecka-17-1024x533.jpg","type":"image\/jpeg"}],"author":"regionostergotland","twitter_card":"summary_large_image","twitter_misc":{"Skriven av":"regionostergotland","Ber\u00e4knad l\u00e4stid":"6 minuter"},"schema":{"@context":"https:\/\/schema.org","@graph":[{"@type":"Article","@id":"https:\/\/wp.kristdemokraterna.se\/regionostergotland\/nyhetsbrev-vecka-17-6\/#article","isPartOf":{"@id":"https:\/\/wp.kristdemokraterna.se\/regionostergotland\/nyhetsbrev-vecka-17-6\/"},"author":{"name":"regionostergotland","@id":"https:\/\/wp.kristdemokraterna.se\/regionostergotland\/#\/schema\/person\/74c3c4f502fcc489722a7be0dfe0088c"},"headline":"Nyhetsbrev vecka 17","datePublished":"2023-04-28T16:16:40+00:00","mainEntityOfPage":{"@id":"https:\/\/wp.kristdemokraterna.se\/regionostergotland\/nyhetsbrev-vecka-17-6\/"},"wordCount":1487,"articleSection":["Nyheter"],"inLanguage":"sv-SE"},{"@type":"WebPage","@id":"https:\/\/wp.kristdemokraterna.se\/regionostergotland\/nyhetsbrev-vecka-17-6\/","url":"https:\/\/wp.kristdemokraterna.se\/regionostergotland\/nyhetsbrev-vecka-17-6\/","name":"Nyhetsbrev vecka 17 - i Region \u00d6sterg\u00f6tland","isPartOf":{"@id":"https:\/\/wp.kristdemokraterna.se\/regionostergotland\/#website"},"datePublished":"2023-04-28T16:16:40+00:00","author":{"@id":"https:\/\/wp.kristdemokraterna.se\/regionostergotland\/#\/schema\/person\/74c3c4f502fcc489722a7be0dfe0088c"},"breadcrumb":{"@id":"https:\/\/wp.kristdemokraterna.se\/regionostergotland\/nyhetsbrev-vecka-17-6\/#breadcrumb"},"inLanguage":"sv-SE","potentialAction":[{"@type":"ReadAction","target":["https:\/\/wp.kristdemokraterna.se\/regionostergotland\/nyhetsbrev-vecka-17-6\/"]}]},{"@type":"BreadcrumbList","@id":"https:\/\/wp.kristdemokraterna.se\/regionostergotland\/nyhetsbrev-vecka-17-6\/#breadcrumb","itemListElement":[{"@type":"ListItem","position":1,"name":"Hem","item":"https:\/\/wp.kristdemokraterna.se\/regionostergotland\/"},{"@type":"ListItem","position":2,"name":"Nyhetsbrev vecka 17"}]},{"@type":"WebSite","@id":"https:\/\/wp.kristdemokraterna.se\/regionostergotland\/#website","url":"https:\/\/wp.kristdemokraterna.se\/regionostergotland\/","name":"i Region \u00d6sterg\u00f6tland","description":"","inLanguage":"sv-SE"},{"@type":"Person","@id":"https:\/\/wp.kristdemokraterna.se\/regionostergotland\/#\/schema\/person\/74c3c4f502fcc489722a7be0dfe0088c","name":"regionostergotland","image":{"@type":"ImageObject","inLanguage":"sv-SE","@id":"https:\/\/secure.gravatar.com\/avatar\/8fb8f0a216e627554da57506bfaf78d677f45512f24f703e185ec701423b1e92?s=96&d=mm&r=g","url":"https:\/\/secure.gravatar.com\/avatar\/8fb8f0a216e627554da57506bfaf78d677f45512f24f703e185ec701423b1e92?s=96&d=mm&r=g","contentUrl":"https:\/\/secure.gravatar.com\/avatar\/8fb8f0a216e627554da57506bfaf78d677f45512f24f703e185ec701423b1e92?s=96&d=mm&r=g","caption":"regionostergotland"},"url":"https:\/\/wp.kristdemokraterna.se\/regionostergotland\/author\/regionostergotland\/"}]}},"_links":{"self":[{"href":"https:\/\/wp.kristdemokraterna.se\/regionostergotland\/wp-json\/wp\/v2\/posts\/2105","targetHints":{"allow":["GET"]}}],"collection":[{"href":"https:\/\/wp.kristdemokraterna.se\/regionostergotland\/wp-json\/wp\/v2\/posts"}],"about":[{"href":"https:\/\/wp.kristdemokraterna.se\/regionostergotland\/wp-json\/wp\/v2\/types\/post"}],"author":[{"embeddable":true,"href":"https:\/\/wp.kristdemokraterna.se\/regionostergotland\/wp-json\/wp\/v2\/users\/737"}],"replies":[{"embeddable":true,"href":"https:\/\/wp.kristdemokraterna.se\/regionostergotland\/wp-json\/wp\/v2\/comments?post=2105"}],"version-history":[{"count":1,"href":"https:\/\/wp.kristdemokraterna.se\/regionostergotland\/wp-json\/wp\/v2\/posts\/2105\/revisions"}],"predecessor-version":[{"id":2107,"href":"https:\/\/wp.kristdemokraterna.se\/regionostergotland\/wp-json\/wp\/v2\/posts\/2105\/revisions\/2107"}],"wp:attachment":[{"href":"https:\/\/wp.kristdemokraterna.se\/regionostergotland\/wp-json\/wp\/v2\/media?parent=2105"}],"wp:term":[{"taxonomy":"category","embeddable":true,"href":"https:\/\/wp.kristdemokraterna.se\/regionostergotland\/wp-json\/wp\/v2\/categories?post=2105"},{"taxonomy":"post_tag","embeddable":true,"href":"https:\/\/wp.kristdemokraterna.se\/regionostergotland\/wp-json\/wp\/v2\/tags?post=2105"}],"curies":[{"name":"wp","href":"https:\/\/api.w.org\/{rel}","templated":true}]}}