{"id":2115,"date":"2023-05-12T13:51:48","date_gmt":"2023-05-12T11:51:48","guid":{"rendered":"https:\/\/wp.kristdemokraterna.se\/regionostergotland\/?p=2115"},"modified":"2023-05-12T13:51:48","modified_gmt":"2023-05-12T11:51:48","slug":"nyhetsbrev-vecka-19-6","status":"publish","type":"post","link":"https:\/\/wp.kristdemokraterna.se\/regionostergotland\/nyhetsbrev-vecka-19-6\/","title":{"rendered":"Nyhetsbrev vecka 19"},"content":{"rendered":"<p>Hej!<\/p>\n<p>Sommarv\u00e4rmen har verkligen infunnit sig denna vecka! Riktigt behagliga temperaturer och mycket vackert med blommande tr\u00e4d och rabatter fyllda av f\u00e4rgglada blommor. Det \u00e4r tur att det \u00e4r ljust s\u00e5 l\u00e4nge p\u00e5 kv\u00e4llarna numera, att det \u00e4r m\u00f6jligt att hinna ut efter en v\u00e4lfylld arbetsdag och njuta av allt det vackra! F\u00f6r v\u00e4lfyllda dagar har det varit denna vecka, och en liten inblick i n\u00e5got av det som h\u00e4nt kommer h\u00e4r i nyhetsbrevet. Trevlig l\u00e4sning!<!--more--><\/p>\n<p><strong>Lyckad v\u00e5rupplaga av \u00d6stg\u00f6tadagarna<\/strong><br \/>\nF\u00f6rra helgen genomf\u00f6rdes f\u00f6r andra g\u00e5ngen v\u00e5rupplagan av \u00d6stg\u00f6tadagarna, d\u00e5 f\u00f6retag, f\u00f6reningar, konstn\u00e4rer m.fl. p\u00e5 landsbygden \u00f6ppnar upp och s\u00e4ljer n\u00e4rproducerat, hantverk, konst, men ocks\u00e5 erbjuder intressanta utst\u00e4llningar och sp\u00e4nnande aktiviteter. \u00c4ven om det var lite l\u00e4gre temperaturr \u00e4n senare i veckan bj\u00f6ds solsken i helgen och det var m\u00e5nga som gav sig ut i \u00d6sterg\u00f6tland och bes\u00f6kte de olika deltagarna i v\u00e5rens \u00d6stg\u00f6tadagar. F\u00f6r egen del blev det en runda till g\u00e5rdsbutiken p\u00e5 Tuna Kungsg\u00e5rd, en keramiker i \u00d6stra Harg, kaffeservering p\u00e5 st\u00e5tliga S\u00f6rby s\u00e4teri och pralinink\u00f6p hos Lilla Pralinen i Rogestad. Trevliga bes\u00f6k allihop!<\/p>\n<p><strong>M\u00e5ndagsm\u00f6te med fokus p\u00e5 fastighetsfr\u00e5gor<\/strong><br \/>\nVeckans m\u00e5ndagsm\u00f6te g\u00e4stades bl.a. av regionens fastighetschef Stefan Fredriksson, som gav oss en uppdatering av aktuella fastighetsfr\u00e5gor. B\u00e5de generellt kring Regionfastigheters uppdrag, och mer specifikt kring planerade fastighetsprojekt p\u00e5 kort och l\u00e5ng sikt. Mycket ska h\u00e4nda fram\u00f6ver, s\u00e5v\u00e4l p\u00e5 v\u00e5ra tre sjukhus, som kopplat till prim\u00e4rv\u00e5rden, men ocks\u00e5 kring fastigheter p\u00e5 t.ex. Lunnevads folkh\u00f6gskola. I \u00f6vrigt inneh\u00f6ll m\u00e5ndagsm\u00f6tet ocks\u00e5 aktuella informationer fr\u00e5n tillf\u00f6rordnade regiondirekt\u00f6ren Karl Landergren, kommunikationsdirekt\u00f6r Anna Bowall och ekonomidirekt\u00f6r Josefin Bj\u00e4resten.<\/p>\n<p><strong>Verksamhetsdialog med Hemsl\u00f6jden i \u00d6sterg\u00f6tland<\/strong><br \/>\nP\u00e5 m\u00e5ndagseftermiddagen genomf\u00f6rdes \u00e5rets f\u00f6rsta verksamhetsdialog med akt\u00f6r inom kultursamverkansmodellen. Regionutvecklingsn\u00e4mndens presidium och ansvariga tj\u00e4nstepersoner fr\u00e5n kulturenheten tr\u00e4ffar nu under senare delen av v\u00e5ren de olika institutioner och frist\u00e5ende f\u00f6reningar som har uppdrag fr\u00e5n regionen inom kultursamverkansmodellen. F\u00f6rst ut var Hemsl\u00f6jden i \u00d6sterg\u00f6tland, d\u00e4r ordf\u00f6rande i hemsl\u00f6jdsf\u00f6reningen och helt nyanst\u00e4llde verksamhetsledaren Andreas, ber\u00e4ttade om aktuellt l\u00e4ge, planering fram\u00e5t, framg\u00e5ngar och utmaningar. Intressant och givande samtal!<\/p>\n<p><strong>Sammantr\u00e4de med beredningen f\u00f6r kultur och friluftsliv<\/strong><br \/>\nI tisdags f\u00f6rmiddag var det dags igen f\u00f6r sammantr\u00e4de med regionutvecklingsn\u00e4mndens beredning f\u00f6r kultur och friluftsliv. P\u00e5 dagordningen stod bl.a. en genomg\u00e5ng fr\u00e5n kulturchef Rikard \u00c5slund av de olika st\u00f6dformer som regionen erbjuder enskilda och f\u00f6reningar att s\u00f6ka medel fr\u00e5n. Beredningen fick ocks\u00e5 en f\u00f6rdjupad genomg\u00e5ng av regionens uppdrag kring utveckling av \u00d6stg\u00f6taleden fr\u00e5n ansvarig strateg Anne Heder\u00e9n, samt information om det som h\u00e4nder p\u00e5 bes\u00f6ksn\u00e4ringsomr\u00e5det n\u00e4r det g\u00e4ller samverkan med angr\u00e4nsande regioner, bl.a. kring friluftslivsturism, fr\u00e5n ansvarig strateg Emil Selse.<\/p>\n<p><strong>M\u00f6te med \u00d6MS politiska styrgrupp<\/strong><br \/>\nP\u00e5 tisdagseftermiddagen genomf\u00f6rdes ett digitalt sammantr\u00e4de med den politiska styrgruppen f\u00f6r \u00d6stra Mellansveriges strukturfonder. Regionutvecklingsn\u00e4mndernas ordf\u00f6rande och regionutvecklingsdirekt\u00f6rer fr\u00e5n de fem regionerna i \u00d6stra Mellansverige, tr\u00e4ffas fysiskt ett par g\u00e5nger om \u00e5ret och har d\u00e4remellan digitala avst\u00e4mningar, kring gemensamma fr\u00e5gor, inte minst kopplat till hur vi gemensamt arbetar f\u00f6r b\u00e4sta utv\u00e4xling av medlen fr\u00e5n EU:s strukturfonder f\u00f6r v\u00e5rt geografiska omr\u00e5de.<\/p>\n<p><strong>Avtackning av h\u00e4lso- och sjukv\u00e5rdsdirekt\u00f6r Lena Lundgren<\/strong><br \/>\nSenare p\u00e5 tisdagseftermiddagen samlades politiker och tj\u00e4nstepersoner i Sessionssalen i regionhuset f\u00f6r att tacka av regionens h\u00e4lso- och sjukv\u00e5rdsdirekt\u00f6r Lena Lundgren, som g\u00e5r i pension, och d\u00e4rmed slutar sin tj\u00e4nst efter dryga 20 \u00e5r. En imponerande arbetsinsats och betydelsefull g\u00e4rning f\u00f6r den \u00f6stg\u00f6tska h\u00e4lso- och sjukv\u00e5rden. Tack Lena f\u00f6r gott samarbete!<\/p>\n<p><strong>Verksamhetsdialog med Shakespearefabriken<\/strong><br \/>\nI onsdags f\u00f6rmiddag var det dags f\u00f6r n\u00e4sta verksamhetsdialog med akt\u00f6rer inom kultursamverkansmodellen. Denna g\u00e5ng var det Shakespearefabriken i Vadstena (tidigare Shakespeare p\u00e5 Gr\u00e4sg\u00e5rden), som \u00e4r en av de nyaste akt\u00f6rerna inom kultursamverkansmodellen. F\u00f6rra \u00e5ret kom de med, vilket har inneburit mycket positivt. Konstn\u00e4rlig ledare Pontus Plaenge och ordf\u00f6rande i styrelsen Pether Nordin, ber\u00e4ttade om vad intr\u00e4det i kultursamverkansmodellen inneburit, vad som h\u00e4nder och sker just nu inf\u00f6r den stundande sommars\u00e4songen och vad som planeras p\u00e5 l\u00e4ngre sikt. Mycket positivt p\u00e5 g\u00e5ng!<\/p>\n<p><strong>Bes\u00f6k p\u00e5 urpremi\u00e4r p\u00e5 Kvartersteatern i Norrk\u00f6ping<\/strong><br \/>\nVid sidan av \u00d6sterg\u00f6tlands alla framst\u00e5ende kulturinstitutioner och andra akt\u00f6rer med formella uppdrag fr\u00e5n regioner och kommuner, finns ett rikt utbud av fria kulturakt\u00f6rer. En av dem \u00e4r f\u00f6reningen Kvartersteatern i Norrk\u00f6ping. \u00c4ven om de i strikt mening \u00e4r en amat\u00f6rteaterf\u00f6rening, m\u00e5ste jag s\u00e4ga att den urpremi\u00e4r som jag hade gl\u00e4djen att f\u00e5 avnjuta i onsdags kv\u00e4ll, p\u00e5 inbjudan fr\u00e5n min kristdemokratiska kollega, kommunalr\u00e5det Eva-Britt Sj\u00f6berg i Norrk\u00f6ping, h\u00f6ll mycket h\u00f6g klass! En b\u00e5de stark och ber\u00f6rande pj\u00e4s med viktiga och aktuella fr\u00e5gest\u00e4llningar, som \u00e4ven till\u00e4t inslag av skratt! S\u00e4rskilt roligt att se v\u00e4nnerna Eva Moberg och Anna B\u00e4ck i tv\u00e5 av rollerna!<\/p>\n<p><strong>M\u00f6te mellan Kristdemokraternas regiongruppledare och sjukv\u00e5rdsministern<\/strong><br \/>\nI g\u00e5r torsdag b\u00f6rjade dagen med m\u00e5nadens upplaga av det \u00e5terkommande digitala m\u00f6tet mellan Kristdemokraternas regiongruppledare runt om i landet och sjukv\u00e5rdsminister Acko Ankarberg Johansson. Ut\u00f6ver l\u00e4gesrapport fr\u00e5n departementet, var fokus denna g\u00e5ng n\u00e4ra v\u00e5rd, d\u00e4r ocks\u00e5 vi regiongruppledare gavs m\u00f6jlighet att rapportera om goda exempel fr\u00e5n v\u00e5ra respektive regioner.<\/p>\n<p><strong>M\u00f6te med styrgruppen f\u00f6r Sancta Birgitta Klostermuseum i Vadstena<\/strong><br \/>\nP\u00e5 torsdagseftermiddagen styrdes kosan till Vadstena f\u00f6r det f\u00f6rsta styrgruppsm\u00f6tet f\u00f6r Sancta Birgitta Klostermuseum. Sedan museet i h\u00f6stas blev en del av \u00d6sterg\u00f6tlands Museum och d\u00e4rmed ocks\u00e5 en del av kultursamverkansmodellen, har en styrgrupp intr\u00e4ttats, p\u00e5 samma s\u00e4tt som den styrgrupp som sedan tidigare finns f\u00f6r L\u00f6fstad slott, som ocks\u00e5 \u00e4r en del av \u00d6sterg\u00f6tlands Museum. I styrgruppen f\u00f6r klostermuseet ing\u00e5r f\u00f6rtroendevalda och tj\u00e4nstepersoner fr\u00e5n \u00d6sterg\u00f6tlands Museum, Region \u00d6sterg\u00f6tland, Vadstena kommun och museets v\u00e4nf\u00f6rening Birgittastiftelsen. Vid g\u00e5rdagens m\u00f6te fick vi dels m\u00f6jlighet att l\u00e4ra k\u00e4nna varandra b\u00e4ttre, f\u00e5 en aktuell uppdatering om verksamheten p\u00e5 museet fr\u00e5n nya platsansvariga Sofia Kummel och diskutera styrgruppens arbete fram\u00e5t.<\/p>\n<p><strong>Bes\u00f6k hos Samordningsf\u00f6rbundet Centrala \u00d6sterg\u00f6tland<\/strong><br \/>\nTorsdagen fortsatte med att jag och Eva Andersson (S), som inte bara \u00e4r majoritets- och oppositionsf\u00f6retr\u00e4dare i regionutvecklingsn\u00e4mndens presidium utan ocks\u00e5 Region \u00d6sterg\u00f6tlands representanter i Strukturfondspartnerskapet \u00d6stra Mellansverige, var inbjudna till Samordningsf\u00f6rbundet Centrala \u00d6sterg\u00f6tland. Verksamhetschef Mattias Bergstr\u00f6m och ordf\u00f6rande Fredrik Lund\u00e9n (M) tog emot och ber\u00e4ttade bl.a. om hur samordningsf\u00f6rbundet arbetat med projekt finansierat av Europeiska socialfonden (ESF) och planer f\u00f6r kommande projekt. Eftersom vi i strukturfondspartnerskapet varit med och prioriterat projekt bl.a. till Samordningsf\u00f6rbundet, \u00e4r det v\u00e4rdefullt att f\u00e5 mer information om arbetet!<\/p>\n<p>\u00c4ven om jag nu skriver de sista raderna i veckans nyhetsbrev, \u00e5terst\u00e5r ytterligare ett m\u00f6te idag fredag, verksamhetsdialog med Scenkonst \u00d6st, men det f\u00e5r jag \u00e5terkomma till i n\u00e4sta veckas nyhetsbrev. Men efter det ska jag f\u00f6rs\u00f6ka ta helg. Det vackra v\u00e4dret ser ut att forts\u00e4tta i helgen, s\u00e5 jag hoppas att ni alla f\u00e5r en riktigt fin helg!<\/p>\n<p>Med v\u00e4nlig h\u00e4lsning<br \/>\nPer Larsson<br \/>\nRegionr\u00e5d \u2022 Ordf\u00f6rande i Regionutvecklingsn\u00e4mnden<br \/>\nGruppledare f\u00f6r Kristdemokraterna i Region \u00d6sterg\u00f6tland<br \/>\ntfn 010-103 72 84 (arb)<br \/>\ntfn 0702-88 21 34 (mobil)<br \/>\nper.larsson@regionostergotland.se<\/p>\n<p>&nbsp;<\/p>\n","protected":false},"excerpt":{"rendered":"<p>Hej! Sommarv\u00e4rmen har verkligen infunnit sig denna vecka! Riktigt behagliga temperaturer och mycket vackert med blommande tr\u00e4d och rabatter fyllda av f\u00e4rgglada blommor. Det \u00e4r tur att det \u00e4r ljust s\u00e5 l\u00e4nge p\u00e5 kv\u00e4llarna numera, att det \u00e4r m\u00f6jligt att hinna ut efter en v\u00e4lfylld arbetsdag och njuta av allt det vackra! F\u00f6r v\u00e4lfyllda dagar <a class=\"read-more-link\" href=\"https:\/\/wp.kristdemokraterna.se\/regionostergotland\/nyhetsbrev-vecka-19-6\/\">Read More<\/a><\/p>\n","protected":false},"author":737,"featured_media":0,"comment_status":"closed","ping_status":"closed","sticky":false,"template":"","format":"standard","meta":{"_acf_changed":false,"footnotes":""},"categories":[1],"tags":[],"class_list":["post-2115","post","type-post","status-publish","format-standard","hentry","category-nyheter"],"acf":[],"yoast_head":"<!-- This site is optimized with the Yoast SEO plugin v27.5 - https:\/\/yoast.com\/product\/yoast-seo-wordpress\/ -->\n<title>Nyhetsbrev vecka 19 - i Region \u00d6sterg\u00f6tland<\/title>\n<meta name=\"robots\" content=\"index, follow, max-snippet:-1, max-image-preview:large, max-video-preview:-1\" \/>\n<link rel=\"canonical\" href=\"https:\/\/wp.kristdemokraterna.se\/regionostergotland\/nyhetsbrev-vecka-19-6\/\" \/>\n<meta property=\"og:locale\" content=\"sv_SE\" \/>\n<meta property=\"og:type\" content=\"article\" \/>\n<meta property=\"og:title\" content=\"Nyhetsbrev vecka 19 - i Region \u00d6sterg\u00f6tland\" \/>\n<meta property=\"og:description\" content=\"Hej! Sommarv\u00e4rmen har verkligen infunnit sig denna vecka! Riktigt behagliga temperaturer och mycket vackert med blommande tr\u00e4d och rabatter fyllda av f\u00e4rgglada blommor. Det \u00e4r tur att det \u00e4r ljust s\u00e5 l\u00e4nge p\u00e5 kv\u00e4llarna numera, att det \u00e4r m\u00f6jligt att hinna ut efter en v\u00e4lfylld arbetsdag och njuta av allt det vackra! F\u00f6r v\u00e4lfyllda dagar Read More\" \/>\n<meta property=\"og:url\" content=\"https:\/\/wp.kristdemokraterna.se\/regionostergotland\/nyhetsbrev-vecka-19-6\/\" \/>\n<meta property=\"og:site_name\" content=\"i Region \u00d6sterg\u00f6tland\" \/>\n<meta property=\"article:published_time\" content=\"2023-05-12T11:51:48+00:00\" \/>\n<meta property=\"og:image\" content=\"http:\/\/wp.kristdemokraterna.se\/regionostergotland\/files\/2023\/05\/bild-nyhetsbrev-2023-vecka-19-1024x533.jpg\" \/>\n\t<meta property=\"og:image:width\" content=\"1024\" \/>\n\t<meta property=\"og:image:height\" content=\"533\" \/>\n\t<meta property=\"og:image:type\" content=\"image\/jpeg\" \/>\n<meta name=\"author\" content=\"regionostergotland\" \/>\n<meta name=\"twitter:card\" content=\"summary_large_image\" \/>\n<meta name=\"twitter:label1\" content=\"Skriven av\" \/>\n\t<meta name=\"twitter:data1\" content=\"regionostergotland\" \/>\n\t<meta name=\"twitter:label2\" content=\"Ber\u00e4knad l\u00e4stid\" \/>\n\t<meta name=\"twitter:data2\" content=\"6 minuter\" \/>\n<script type=\"application\/ld+json\" class=\"yoast-schema-graph\">{\"@context\":\"https:\\\/\\\/schema.org\",\"@graph\":[{\"@type\":\"Article\",\"@id\":\"https:\\\/\\\/wp.kristdemokraterna.se\\\/regionostergotland\\\/nyhetsbrev-vecka-19-6\\\/#article\",\"isPartOf\":{\"@id\":\"https:\\\/\\\/wp.kristdemokraterna.se\\\/regionostergotland\\\/nyhetsbrev-vecka-19-6\\\/\"},\"author\":{\"name\":\"regionostergotland\",\"@id\":\"https:\\\/\\\/wp.kristdemokraterna.se\\\/regionostergotland\\\/#\\\/schema\\\/person\\\/74c3c4f502fcc489722a7be0dfe0088c\"},\"headline\":\"Nyhetsbrev vecka 19\",\"datePublished\":\"2023-05-12T11:51:48+00:00\",\"mainEntityOfPage\":{\"@id\":\"https:\\\/\\\/wp.kristdemokraterna.se\\\/regionostergotland\\\/nyhetsbrev-vecka-19-6\\\/\"},\"wordCount\":1372,\"articleSection\":[\"Nyheter\"],\"inLanguage\":\"sv-SE\"},{\"@type\":\"WebPage\",\"@id\":\"https:\\\/\\\/wp.kristdemokraterna.se\\\/regionostergotland\\\/nyhetsbrev-vecka-19-6\\\/\",\"url\":\"https:\\\/\\\/wp.kristdemokraterna.se\\\/regionostergotland\\\/nyhetsbrev-vecka-19-6\\\/\",\"name\":\"Nyhetsbrev vecka 19 - i Region \u00d6sterg\u00f6tland\",\"isPartOf\":{\"@id\":\"https:\\\/\\\/wp.kristdemokraterna.se\\\/regionostergotland\\\/#website\"},\"datePublished\":\"2023-05-12T11:51:48+00:00\",\"author\":{\"@id\":\"https:\\\/\\\/wp.kristdemokraterna.se\\\/regionostergotland\\\/#\\\/schema\\\/person\\\/74c3c4f502fcc489722a7be0dfe0088c\"},\"breadcrumb\":{\"@id\":\"https:\\\/\\\/wp.kristdemokraterna.se\\\/regionostergotland\\\/nyhetsbrev-vecka-19-6\\\/#breadcrumb\"},\"inLanguage\":\"sv-SE\",\"potentialAction\":[{\"@type\":\"ReadAction\",\"target\":[\"https:\\\/\\\/wp.kristdemokraterna.se\\\/regionostergotland\\\/nyhetsbrev-vecka-19-6\\\/\"]}]},{\"@type\":\"BreadcrumbList\",\"@id\":\"https:\\\/\\\/wp.kristdemokraterna.se\\\/regionostergotland\\\/nyhetsbrev-vecka-19-6\\\/#breadcrumb\",\"itemListElement\":[{\"@type\":\"ListItem\",\"position\":1,\"name\":\"Hem\",\"item\":\"https:\\\/\\\/wp.kristdemokraterna.se\\\/regionostergotland\\\/\"},{\"@type\":\"ListItem\",\"position\":2,\"name\":\"Nyhetsbrev vecka 19\"}]},{\"@type\":\"WebSite\",\"@id\":\"https:\\\/\\\/wp.kristdemokraterna.se\\\/regionostergotland\\\/#website\",\"url\":\"https:\\\/\\\/wp.kristdemokraterna.se\\\/regionostergotland\\\/\",\"name\":\"i Region \u00d6sterg\u00f6tland\",\"description\":\"\",\"inLanguage\":\"sv-SE\"},{\"@type\":\"Person\",\"@id\":\"https:\\\/\\\/wp.kristdemokraterna.se\\\/regionostergotland\\\/#\\\/schema\\\/person\\\/74c3c4f502fcc489722a7be0dfe0088c\",\"name\":\"regionostergotland\",\"image\":{\"@type\":\"ImageObject\",\"inLanguage\":\"sv-SE\",\"@id\":\"https:\\\/\\\/secure.gravatar.com\\\/avatar\\\/8fb8f0a216e627554da57506bfaf78d677f45512f24f703e185ec701423b1e92?s=96&d=mm&r=g\",\"url\":\"https:\\\/\\\/secure.gravatar.com\\\/avatar\\\/8fb8f0a216e627554da57506bfaf78d677f45512f24f703e185ec701423b1e92?s=96&d=mm&r=g\",\"contentUrl\":\"https:\\\/\\\/secure.gravatar.com\\\/avatar\\\/8fb8f0a216e627554da57506bfaf78d677f45512f24f703e185ec701423b1e92?s=96&d=mm&r=g\",\"caption\":\"regionostergotland\"},\"url\":\"https:\\\/\\\/wp.kristdemokraterna.se\\\/regionostergotland\\\/author\\\/regionostergotland\\\/\"}]}<\/script>\n<!-- \/ Yoast SEO plugin. -->","yoast_head_json":{"title":"Nyhetsbrev vecka 19 - i Region \u00d6sterg\u00f6tland","robots":{"index":"index","follow":"follow","max-snippet":"max-snippet:-1","max-image-preview":"max-image-preview:large","max-video-preview":"max-video-preview:-1"},"canonical":"https:\/\/wp.kristdemokraterna.se\/regionostergotland\/nyhetsbrev-vecka-19-6\/","og_locale":"sv_SE","og_type":"article","og_title":"Nyhetsbrev vecka 19 - i Region \u00d6sterg\u00f6tland","og_description":"Hej! Sommarv\u00e4rmen har verkligen infunnit sig denna vecka! Riktigt behagliga temperaturer och mycket vackert med blommande tr\u00e4d och rabatter fyllda av f\u00e4rgglada blommor. Det \u00e4r tur att det \u00e4r ljust s\u00e5 l\u00e4nge p\u00e5 kv\u00e4llarna numera, att det \u00e4r m\u00f6jligt att hinna ut efter en v\u00e4lfylld arbetsdag och njuta av allt det vackra! F\u00f6r v\u00e4lfyllda dagar Read More","og_url":"https:\/\/wp.kristdemokraterna.se\/regionostergotland\/nyhetsbrev-vecka-19-6\/","og_site_name":"i Region \u00d6sterg\u00f6tland","article_published_time":"2023-05-12T11:51:48+00:00","og_image":[{"width":1024,"height":533,"url":"http:\/\/wp.kristdemokraterna.se\/regionostergotland\/files\/2023\/05\/bild-nyhetsbrev-2023-vecka-19-1024x533.jpg","type":"image\/jpeg"}],"author":"regionostergotland","twitter_card":"summary_large_image","twitter_misc":{"Skriven av":"regionostergotland","Ber\u00e4knad l\u00e4stid":"6 minuter"},"schema":{"@context":"https:\/\/schema.org","@graph":[{"@type":"Article","@id":"https:\/\/wp.kristdemokraterna.se\/regionostergotland\/nyhetsbrev-vecka-19-6\/#article","isPartOf":{"@id":"https:\/\/wp.kristdemokraterna.se\/regionostergotland\/nyhetsbrev-vecka-19-6\/"},"author":{"name":"regionostergotland","@id":"https:\/\/wp.kristdemokraterna.se\/regionostergotland\/#\/schema\/person\/74c3c4f502fcc489722a7be0dfe0088c"},"headline":"Nyhetsbrev vecka 19","datePublished":"2023-05-12T11:51:48+00:00","mainEntityOfPage":{"@id":"https:\/\/wp.kristdemokraterna.se\/regionostergotland\/nyhetsbrev-vecka-19-6\/"},"wordCount":1372,"articleSection":["Nyheter"],"inLanguage":"sv-SE"},{"@type":"WebPage","@id":"https:\/\/wp.kristdemokraterna.se\/regionostergotland\/nyhetsbrev-vecka-19-6\/","url":"https:\/\/wp.kristdemokraterna.se\/regionostergotland\/nyhetsbrev-vecka-19-6\/","name":"Nyhetsbrev vecka 19 - i Region \u00d6sterg\u00f6tland","isPartOf":{"@id":"https:\/\/wp.kristdemokraterna.se\/regionostergotland\/#website"},"datePublished":"2023-05-12T11:51:48+00:00","author":{"@id":"https:\/\/wp.kristdemokraterna.se\/regionostergotland\/#\/schema\/person\/74c3c4f502fcc489722a7be0dfe0088c"},"breadcrumb":{"@id":"https:\/\/wp.kristdemokraterna.se\/regionostergotland\/nyhetsbrev-vecka-19-6\/#breadcrumb"},"inLanguage":"sv-SE","potentialAction":[{"@type":"ReadAction","target":["https:\/\/wp.kristdemokraterna.se\/regionostergotland\/nyhetsbrev-vecka-19-6\/"]}]},{"@type":"BreadcrumbList","@id":"https:\/\/wp.kristdemokraterna.se\/regionostergotland\/nyhetsbrev-vecka-19-6\/#breadcrumb","itemListElement":[{"@type":"ListItem","position":1,"name":"Hem","item":"https:\/\/wp.kristdemokraterna.se\/regionostergotland\/"},{"@type":"ListItem","position":2,"name":"Nyhetsbrev vecka 19"}]},{"@type":"WebSite","@id":"https:\/\/wp.kristdemokraterna.se\/regionostergotland\/#website","url":"https:\/\/wp.kristdemokraterna.se\/regionostergotland\/","name":"i Region \u00d6sterg\u00f6tland","description":"","inLanguage":"sv-SE"},{"@type":"Person","@id":"https:\/\/wp.kristdemokraterna.se\/regionostergotland\/#\/schema\/person\/74c3c4f502fcc489722a7be0dfe0088c","name":"regionostergotland","image":{"@type":"ImageObject","inLanguage":"sv-SE","@id":"https:\/\/secure.gravatar.com\/avatar\/8fb8f0a216e627554da57506bfaf78d677f45512f24f703e185ec701423b1e92?s=96&d=mm&r=g","url":"https:\/\/secure.gravatar.com\/avatar\/8fb8f0a216e627554da57506bfaf78d677f45512f24f703e185ec701423b1e92?s=96&d=mm&r=g","contentUrl":"https:\/\/secure.gravatar.com\/avatar\/8fb8f0a216e627554da57506bfaf78d677f45512f24f703e185ec701423b1e92?s=96&d=mm&r=g","caption":"regionostergotland"},"url":"https:\/\/wp.kristdemokraterna.se\/regionostergotland\/author\/regionostergotland\/"}]}},"_links":{"self":[{"href":"https:\/\/wp.kristdemokraterna.se\/regionostergotland\/wp-json\/wp\/v2\/posts\/2115","targetHints":{"allow":["GET"]}}],"collection":[{"href":"https:\/\/wp.kristdemokraterna.se\/regionostergotland\/wp-json\/wp\/v2\/posts"}],"about":[{"href":"https:\/\/wp.kristdemokraterna.se\/regionostergotland\/wp-json\/wp\/v2\/types\/post"}],"author":[{"embeddable":true,"href":"https:\/\/wp.kristdemokraterna.se\/regionostergotland\/wp-json\/wp\/v2\/users\/737"}],"replies":[{"embeddable":true,"href":"https:\/\/wp.kristdemokraterna.se\/regionostergotland\/wp-json\/wp\/v2\/comments?post=2115"}],"version-history":[{"count":1,"href":"https:\/\/wp.kristdemokraterna.se\/regionostergotland\/wp-json\/wp\/v2\/posts\/2115\/revisions"}],"predecessor-version":[{"id":2117,"href":"https:\/\/wp.kristdemokraterna.se\/regionostergotland\/wp-json\/wp\/v2\/posts\/2115\/revisions\/2117"}],"wp:attachment":[{"href":"https:\/\/wp.kristdemokraterna.se\/regionostergotland\/wp-json\/wp\/v2\/media?parent=2115"}],"wp:term":[{"taxonomy":"category","embeddable":true,"href":"https:\/\/wp.kristdemokraterna.se\/regionostergotland\/wp-json\/wp\/v2\/categories?post=2115"},{"taxonomy":"post_tag","embeddable":true,"href":"https:\/\/wp.kristdemokraterna.se\/regionostergotland\/wp-json\/wp\/v2\/tags?post=2115"}],"curies":[{"name":"wp","href":"https:\/\/api.w.org\/{rel}","templated":true}]}}