{"id":2118,"date":"2023-05-17T16:50:51","date_gmt":"2023-05-17T14:50:51","guid":{"rendered":"https:\/\/wp.kristdemokraterna.se\/regionostergotland\/?p=2118"},"modified":"2023-05-17T16:50:51","modified_gmt":"2023-05-17T14:50:51","slug":"nyhetsbrev-vecka-20-7","status":"publish","type":"post","link":"https:\/\/wp.kristdemokraterna.se\/regionostergotland\/nyhetsbrev-vecka-20-7\/","title":{"rendered":"Nyhetsbrev vecka 20"},"content":{"rendered":"<p>Hej!<\/p>\n<p>Trots att det bara \u00e4r onsdag kommer veckans nyhetsbrev redan idag. Kristi Himmelsf\u00e4rdshelgen stundar, och det inneb\u00e4r l\u00e5nghelg med lite ledighet. De tre arbetsdagar som veckan inneh\u00e5llit, har dock varit nog s\u00e5 inneh\u00e5llsrika. H\u00e4r kommer d\u00e4rf\u00f6r som brukligt en liten resum\u00e9 \u00f6ver veckans regionpolitiska aktiviteter. Trevlig l\u00e4sning!<!--more--><\/p>\n<p><strong>Verksamhetsdialog med Scenkonst \u00d6st<\/strong><br \/>\nRedan i fredags eftermiddag avslutades f\u00f6rra arbetsveckan med verksamhetsdialog f\u00f6r Scenkonst \u00d6st. Sedan \u00e5rsskiftet ing\u00e5r i v\u00e5rt \u00f6stg\u00f6tska scenkonstbolag \u00d6stg\u00f6tateatern, Norrk\u00f6pings Symfoniorkester och nykomlingen \u00d6stg\u00f6tamusiken. Region \u00d6sterg\u00f6tland \u00e4r st\u00f6rsta huvudman i bolaget och tillsammans med de tv\u00e5 \u00f6vriga; Norrk\u00f6pings och Link\u00f6pings kommuner, genomf\u00f6rdes fredagens dialog. Pia Kronqvist, vd f\u00f6r Scenkonst \u00d6st, presenterade tillsammans med de tre konstn\u00e4rliga cheferna; Henrik Marm\u00e9n (Norrk\u00f6pings symfoniorkester), Nils Poletti (\u00d6stg\u00f6tateatern) och Maria Eklund (\u00d6stg\u00f6tamusiken), det g\u00e5ngna \u00e5rets verksamhet, nul\u00e4ge och framtidsplaner. S\u00e5v\u00e4l framg\u00e5ngar som utmaningar belystes. En imponerande verksamhet med n\u00e5gra av landet fr\u00e4msta kulturinstitutioner inom respektive omr\u00e5de!<\/p>\n<p><strong>Kristdemokratisk kampanj p\u00e5 Kise Marken<\/strong><br \/>\nI l\u00f6rdags arrangerades traditionsenligt Kise Marken i Kisa. Kristdemokraterna i Kinda, med Lena K\u00e4cker Johansson i spetsen, hade f\u00f6rst\u00e5s bokat en marknadsplats, och jag hade gl\u00e4djen att tillsammans med s\u00e5v\u00e4l lokala kristdemokrater som representanter f\u00f6r ungdomsf\u00f6rbundet KDU, m\u00f6ta marknadsbes\u00f6kare fr\u00e5n olika delar av \u00d6sterg\u00f6tland. Dagen till \u00e4ra hade vi fr\u00e5n regiongruppen tagit fram ett flygblad d\u00e4r vi lyfte fram de valfr\u00e5gor kopplat till St\u00e5ng\u00e5dalsbanan och pendling \u00f6ver l\u00e4nsgr\u00e4nsen som vi nu f\u00e5tt med i regionens Tre\u00e5rsbudget! Det fina f\u00f6rsommarv\u00e4dret bidrog ocks\u00e5 till att g\u00f6ra kampanjaktiviteten lyckad. Stort tack till alla som var med f\u00f6r gott samarbete!<\/p>\n<p><strong>M\u00e5ndagsm\u00f6te med fokus p\u00e5 l\u00e4get i v\u00e5rden inf\u00f6r sommaren<\/strong><br \/>\nVeckans m\u00e5ndagsm\u00f6te inneh\u00f6ll f\u00f6rst\u00e5s en del finslipning p\u00e5 det kommande f\u00f6rslaget till Tre\u00e5rsbudget 2024-2026 och \u00f6vrig planering f\u00f6r kommande veckor. Huvudfokus f\u00f6r m\u00f6tets f\u00f6rsta timme med g\u00e4ster, var dock planeringen f\u00f6r bemanningen i v\u00e5rden inf\u00f6r den kommande sommarperioden. Sommaren \u00e4r alltid en utmaning n\u00e4r det g\u00e4ller att klara bemanningen p\u00e5 inte minst sjukhusen, och efter den besv\u00e4rliga period som ligger bakom, \u00e4r f\u00f6rst\u00e5s \u00e5rets sommarperiod inget undantag. Men, en viss ljusning kan \u00e4nd\u00e5 sk\u00f6njas, och vi f\u00e5r verkligen hoppas att den f\u00f6rhoppningen infrias!<\/p>\n<p><strong>Verksamhetsdialog med Rejmyre Art Lab<\/strong><br \/>\nTisdagen b\u00f6rjade med verksamhetsdialog med en av de nyaste \u00f6stg\u00f6tska akt\u00f6rerna inom kultursamverkansmodellen; Rejmyre Art Lab. Regionutvecklingsn\u00e4mndens presidium, kulturchefen och ansvariga strateger fr\u00e5n kulturenheten, tr\u00e4ffade Sissi Westerberg och Louise Johansson Waite, som ber\u00e4ttade om verksamheten i Rejmyre, s\u00e5v\u00e4l kring utst\u00e4llningar och konstn\u00e4rsresidens som den ganska omfattande barnverksamheten med bl.a. konstlab och sommarkollo.<\/p>\n<p><strong>Presidiem\u00f6ten med regionutvecklingsn\u00e4mndens presidium<\/strong><br \/>\nP\u00e5 tisdagen genomf\u00f6rdes ocks\u00e5 tv\u00e5 presidiem\u00f6ten med regionutvecklingsn\u00e4mndens presidium, f\u00f6rst ett ordinarie m\u00f6te, d\u00e4r vi fr\u00e4mst planerade f\u00f6r det kommande n\u00e4mndsammantr\u00e4det, och sedan ett av de \u00e5terkommande avst\u00e4mningsm\u00f6ten presidiet har kring regionens skolor; Naturbruksgymnasiets tv\u00e5 skolor samt Lunnevads folkh\u00f6gskola, som n\u00e4mnden \u00e4r skolstyrelse respektive folkh\u00f6gskolestyrelse f\u00f6r. Skolchef Ingela Appelsved redogjorde f\u00f6r aktuellt l\u00e4ge och ber\u00e4ttade om en del kommande \u00e4renden.<\/p>\n<p><strong>Verksamhetsdialog med \u00d6sterg\u00f6tlands Museum<\/strong><br \/>\nTisdagen avslutades med \u00e4nnu en av v\u00e5rens verksamhetsdialoger med de \u00f6stg\u00f6tska akt\u00f6rerna inom kultursamverkansmodellen. Denna g\u00e5ng hade turen kommit till \u00d6sterg\u00f6tlands Museum, d\u00e4r vi fr\u00e5n regionutvecklingsn\u00e4mndens presidium och tj\u00e4nstepersoner fr\u00e5n kulturenheten, tillsammans med v\u00e5ra motsvarigheter i Link\u00f6pings kommun, m\u00f6tte museichef och museistyrelsens presidium. Museet, som helt nyligen fick den prestigefyllda utm\u00e4rkelsen &#8221;\u00c5rets museum&#8221;, har en intensiv och sp\u00e4nnande tid bakom sig med renovering, ombyggnation och nygestaltning av utst\u00e4llningar. En hel dom om det, men \u00e4ven fortsatta planer f\u00f6r utveckling av verksamheten och en del relevanta fr\u00e5gest\u00e4llningar till oss som huvudm\u00e4n d\u00f6k upp under dialogen. Tack till alla inblandade f\u00f6r ett givande dialogtillf\u00e4lle!<\/p>\n<p><strong>Strategiseminarium om katastrofmedicinsk beredskap, civil beredskap och totalf\u00f6rsvar<\/strong><br \/>\nIdag onsdag genomf\u00f6rdes \u00e5rets andra strategiseminarium f\u00f6r f\u00f6rtroendevalda i Region \u00d6sterg\u00f6tland. Seminariet fokuserade p\u00e5 de alltmer h\u00f6gaktuella \u00e4mnena katastrofmedicinsk beredskap, civil beredskap och totalf\u00f6rsvar. Ansvariga f\u00f6r dagen var passande nog regionens eget Katastrofmedicinskt centrum (KMC), och seminariet genomf\u00f6rdes ocks\u00e5 p\u00e5 plats i KMC:s lokaler vid Vallastaden i Link\u00f6ping. Ut\u00f6ver intressanta f\u00f6redrag fr\u00e5n flera av centrumets medarbetare, gavs ocks\u00e5 m\u00f6jlighet till att vandra runt i lokalerna, f\u00e5 information om olika delar av arbetet och ocks\u00e5 med hj\u00e4lp av olika typer av \u00f6vningsutrustning f\u00e5 pr\u00f6va p\u00e5 att t.ex. stoppa ett blodfl\u00f6de. En v\u00e4l genomf\u00f6rd dag med m\u00e5nga viktiga l\u00e4rdomar!<\/p>\n<p>Nu v\u00e4ntar som sagt l\u00e5nghelgen runt h\u00f6rnet. Helt fritt fr\u00e5n politikrelaterade aktiviteter blir det dock inte. I helgen genomf\u00f6rs KDU:s riksm\u00f6te i Link\u00f6ping, och en del av oss &#8217;gamla&#8217; partister ska p\u00e5 olika sett f\u00f6rs\u00f6ka serva i olika funktion\u00e4rsroller. S\u00e5 ett par insatser ska ocks\u00e5 jag f\u00f6rs\u00f6ka klara av. Oavsett vad som st\u00e5r p\u00e5 ditt program, hoppas jag att du f\u00e5r en riktigt fin Kristi Himmelsf\u00e4rdshelg!<\/p>\n<p>Med v\u00e4nlig h\u00e4lsning<br \/>\nPer Larsson<br \/>\nRegionr\u00e5d &#8211; Ordf\u00f6rande i Regionutvecklingsn\u00e4mnden<br \/>\nGruppledare f\u00f6r Kristdemokraterna i Region \u00d6sterg\u00f6tland<br \/>\ntfn 010-103 72 84 (arb)<br \/>\ntfn 0702-88 21 34 (mobil)<br \/>\nper.larsson@regionostergotland.se<\/p>\n<p>&nbsp;<\/p>\n","protected":false},"excerpt":{"rendered":"<p>Hej! Trots att det bara \u00e4r onsdag kommer veckans nyhetsbrev redan idag. Kristi Himmelsf\u00e4rdshelgen stundar, och det inneb\u00e4r l\u00e5nghelg med lite ledighet. De tre arbetsdagar som veckan inneh\u00e5llit, har dock varit nog s\u00e5 inneh\u00e5llsrika. H\u00e4r kommer d\u00e4rf\u00f6r som brukligt en liten resum\u00e9 \u00f6ver veckans regionpolitiska aktiviteter. Trevlig l\u00e4sning!<\/p>\n","protected":false},"author":737,"featured_media":0,"comment_status":"closed","ping_status":"closed","sticky":false,"template":"","format":"standard","meta":{"_acf_changed":false,"footnotes":""},"categories":[1],"tags":[],"class_list":["post-2118","post","type-post","status-publish","format-standard","hentry","category-nyheter"],"acf":[],"yoast_head":"<!-- This site is optimized with the Yoast SEO plugin v27.5 - https:\/\/yoast.com\/product\/yoast-seo-wordpress\/ -->\n<title>Nyhetsbrev vecka 20 - i Region \u00d6sterg\u00f6tland<\/title>\n<meta name=\"robots\" content=\"index, follow, max-snippet:-1, max-image-preview:large, max-video-preview:-1\" \/>\n<link rel=\"canonical\" href=\"https:\/\/wp.kristdemokraterna.se\/regionostergotland\/nyhetsbrev-vecka-20-7\/\" \/>\n<meta property=\"og:locale\" content=\"sv_SE\" \/>\n<meta property=\"og:type\" content=\"article\" \/>\n<meta property=\"og:title\" content=\"Nyhetsbrev vecka 20 - i Region \u00d6sterg\u00f6tland\" \/>\n<meta property=\"og:description\" content=\"Hej! Trots att det bara \u00e4r onsdag kommer veckans nyhetsbrev redan idag. Kristi Himmelsf\u00e4rdshelgen stundar, och det inneb\u00e4r l\u00e5nghelg med lite ledighet. De tre arbetsdagar som veckan inneh\u00e5llit, har dock varit nog s\u00e5 inneh\u00e5llsrika. H\u00e4r kommer d\u00e4rf\u00f6r som brukligt en liten resum\u00e9 \u00f6ver veckans regionpolitiska aktiviteter. Trevlig l\u00e4sning!\" \/>\n<meta property=\"og:url\" content=\"https:\/\/wp.kristdemokraterna.se\/regionostergotland\/nyhetsbrev-vecka-20-7\/\" \/>\n<meta property=\"og:site_name\" content=\"i Region \u00d6sterg\u00f6tland\" \/>\n<meta property=\"article:published_time\" content=\"2023-05-17T14:50:51+00:00\" \/>\n<meta property=\"og:image\" content=\"http:\/\/wp.kristdemokraterna.se\/regionostergotland\/files\/2023\/05\/bild-nyhetsbrev-2023-vecka-20-1024x533.jpg\" \/>\n\t<meta property=\"og:image:width\" content=\"1024\" \/>\n\t<meta property=\"og:image:height\" content=\"533\" \/>\n\t<meta property=\"og:image:type\" content=\"image\/jpeg\" \/>\n<meta name=\"author\" content=\"regionostergotland\" \/>\n<meta name=\"twitter:card\" content=\"summary_large_image\" \/>\n<meta name=\"twitter:label1\" content=\"Skriven av\" \/>\n\t<meta name=\"twitter:data1\" content=\"regionostergotland\" \/>\n\t<meta name=\"twitter:label2\" content=\"Ber\u00e4knad l\u00e4stid\" \/>\n\t<meta name=\"twitter:data2\" content=\"4 minuter\" \/>\n<script type=\"application\/ld+json\" class=\"yoast-schema-graph\">{\"@context\":\"https:\\\/\\\/schema.org\",\"@graph\":[{\"@type\":\"Article\",\"@id\":\"https:\\\/\\\/wp.kristdemokraterna.se\\\/regionostergotland\\\/nyhetsbrev-vecka-20-7\\\/#article\",\"isPartOf\":{\"@id\":\"https:\\\/\\\/wp.kristdemokraterna.se\\\/regionostergotland\\\/nyhetsbrev-vecka-20-7\\\/\"},\"author\":{\"name\":\"regionostergotland\",\"@id\":\"https:\\\/\\\/wp.kristdemokraterna.se\\\/regionostergotland\\\/#\\\/schema\\\/person\\\/74c3c4f502fcc489722a7be0dfe0088c\"},\"headline\":\"Nyhetsbrev vecka 20\",\"datePublished\":\"2023-05-17T14:50:51+00:00\",\"mainEntityOfPage\":{\"@id\":\"https:\\\/\\\/wp.kristdemokraterna.se\\\/regionostergotland\\\/nyhetsbrev-vecka-20-7\\\/\"},\"wordCount\":958,\"articleSection\":[\"Nyheter\"],\"inLanguage\":\"sv-SE\"},{\"@type\":\"WebPage\",\"@id\":\"https:\\\/\\\/wp.kristdemokraterna.se\\\/regionostergotland\\\/nyhetsbrev-vecka-20-7\\\/\",\"url\":\"https:\\\/\\\/wp.kristdemokraterna.se\\\/regionostergotland\\\/nyhetsbrev-vecka-20-7\\\/\",\"name\":\"Nyhetsbrev vecka 20 - i Region \u00d6sterg\u00f6tland\",\"isPartOf\":{\"@id\":\"https:\\\/\\\/wp.kristdemokraterna.se\\\/regionostergotland\\\/#website\"},\"datePublished\":\"2023-05-17T14:50:51+00:00\",\"author\":{\"@id\":\"https:\\\/\\\/wp.kristdemokraterna.se\\\/regionostergotland\\\/#\\\/schema\\\/person\\\/74c3c4f502fcc489722a7be0dfe0088c\"},\"breadcrumb\":{\"@id\":\"https:\\\/\\\/wp.kristdemokraterna.se\\\/regionostergotland\\\/nyhetsbrev-vecka-20-7\\\/#breadcrumb\"},\"inLanguage\":\"sv-SE\",\"potentialAction\":[{\"@type\":\"ReadAction\",\"target\":[\"https:\\\/\\\/wp.kristdemokraterna.se\\\/regionostergotland\\\/nyhetsbrev-vecka-20-7\\\/\"]}]},{\"@type\":\"BreadcrumbList\",\"@id\":\"https:\\\/\\\/wp.kristdemokraterna.se\\\/regionostergotland\\\/nyhetsbrev-vecka-20-7\\\/#breadcrumb\",\"itemListElement\":[{\"@type\":\"ListItem\",\"position\":1,\"name\":\"Hem\",\"item\":\"https:\\\/\\\/wp.kristdemokraterna.se\\\/regionostergotland\\\/\"},{\"@type\":\"ListItem\",\"position\":2,\"name\":\"Nyhetsbrev vecka 20\"}]},{\"@type\":\"WebSite\",\"@id\":\"https:\\\/\\\/wp.kristdemokraterna.se\\\/regionostergotland\\\/#website\",\"url\":\"https:\\\/\\\/wp.kristdemokraterna.se\\\/regionostergotland\\\/\",\"name\":\"i Region \u00d6sterg\u00f6tland\",\"description\":\"\",\"inLanguage\":\"sv-SE\"},{\"@type\":\"Person\",\"@id\":\"https:\\\/\\\/wp.kristdemokraterna.se\\\/regionostergotland\\\/#\\\/schema\\\/person\\\/74c3c4f502fcc489722a7be0dfe0088c\",\"name\":\"regionostergotland\",\"image\":{\"@type\":\"ImageObject\",\"inLanguage\":\"sv-SE\",\"@id\":\"https:\\\/\\\/secure.gravatar.com\\\/avatar\\\/8fb8f0a216e627554da57506bfaf78d677f45512f24f703e185ec701423b1e92?s=96&d=mm&r=g\",\"url\":\"https:\\\/\\\/secure.gravatar.com\\\/avatar\\\/8fb8f0a216e627554da57506bfaf78d677f45512f24f703e185ec701423b1e92?s=96&d=mm&r=g\",\"contentUrl\":\"https:\\\/\\\/secure.gravatar.com\\\/avatar\\\/8fb8f0a216e627554da57506bfaf78d677f45512f24f703e185ec701423b1e92?s=96&d=mm&r=g\",\"caption\":\"regionostergotland\"},\"url\":\"https:\\\/\\\/wp.kristdemokraterna.se\\\/regionostergotland\\\/author\\\/regionostergotland\\\/\"}]}<\/script>\n<!-- \/ Yoast SEO plugin. -->","yoast_head_json":{"title":"Nyhetsbrev vecka 20 - i Region \u00d6sterg\u00f6tland","robots":{"index":"index","follow":"follow","max-snippet":"max-snippet:-1","max-image-preview":"max-image-preview:large","max-video-preview":"max-video-preview:-1"},"canonical":"https:\/\/wp.kristdemokraterna.se\/regionostergotland\/nyhetsbrev-vecka-20-7\/","og_locale":"sv_SE","og_type":"article","og_title":"Nyhetsbrev vecka 20 - i Region \u00d6sterg\u00f6tland","og_description":"Hej! Trots att det bara \u00e4r onsdag kommer veckans nyhetsbrev redan idag. Kristi Himmelsf\u00e4rdshelgen stundar, och det inneb\u00e4r l\u00e5nghelg med lite ledighet. De tre arbetsdagar som veckan inneh\u00e5llit, har dock varit nog s\u00e5 inneh\u00e5llsrika. H\u00e4r kommer d\u00e4rf\u00f6r som brukligt en liten resum\u00e9 \u00f6ver veckans regionpolitiska aktiviteter. Trevlig l\u00e4sning!","og_url":"https:\/\/wp.kristdemokraterna.se\/regionostergotland\/nyhetsbrev-vecka-20-7\/","og_site_name":"i Region \u00d6sterg\u00f6tland","article_published_time":"2023-05-17T14:50:51+00:00","og_image":[{"width":1024,"height":533,"url":"http:\/\/wp.kristdemokraterna.se\/regionostergotland\/files\/2023\/05\/bild-nyhetsbrev-2023-vecka-20-1024x533.jpg","type":"image\/jpeg"}],"author":"regionostergotland","twitter_card":"summary_large_image","twitter_misc":{"Skriven av":"regionostergotland","Ber\u00e4knad l\u00e4stid":"4 minuter"},"schema":{"@context":"https:\/\/schema.org","@graph":[{"@type":"Article","@id":"https:\/\/wp.kristdemokraterna.se\/regionostergotland\/nyhetsbrev-vecka-20-7\/#article","isPartOf":{"@id":"https:\/\/wp.kristdemokraterna.se\/regionostergotland\/nyhetsbrev-vecka-20-7\/"},"author":{"name":"regionostergotland","@id":"https:\/\/wp.kristdemokraterna.se\/regionostergotland\/#\/schema\/person\/74c3c4f502fcc489722a7be0dfe0088c"},"headline":"Nyhetsbrev vecka 20","datePublished":"2023-05-17T14:50:51+00:00","mainEntityOfPage":{"@id":"https:\/\/wp.kristdemokraterna.se\/regionostergotland\/nyhetsbrev-vecka-20-7\/"},"wordCount":958,"articleSection":["Nyheter"],"inLanguage":"sv-SE"},{"@type":"WebPage","@id":"https:\/\/wp.kristdemokraterna.se\/regionostergotland\/nyhetsbrev-vecka-20-7\/","url":"https:\/\/wp.kristdemokraterna.se\/regionostergotland\/nyhetsbrev-vecka-20-7\/","name":"Nyhetsbrev vecka 20 - i Region \u00d6sterg\u00f6tland","isPartOf":{"@id":"https:\/\/wp.kristdemokraterna.se\/regionostergotland\/#website"},"datePublished":"2023-05-17T14:50:51+00:00","author":{"@id":"https:\/\/wp.kristdemokraterna.se\/regionostergotland\/#\/schema\/person\/74c3c4f502fcc489722a7be0dfe0088c"},"breadcrumb":{"@id":"https:\/\/wp.kristdemokraterna.se\/regionostergotland\/nyhetsbrev-vecka-20-7\/#breadcrumb"},"inLanguage":"sv-SE","potentialAction":[{"@type":"ReadAction","target":["https:\/\/wp.kristdemokraterna.se\/regionostergotland\/nyhetsbrev-vecka-20-7\/"]}]},{"@type":"BreadcrumbList","@id":"https:\/\/wp.kristdemokraterna.se\/regionostergotland\/nyhetsbrev-vecka-20-7\/#breadcrumb","itemListElement":[{"@type":"ListItem","position":1,"name":"Hem","item":"https:\/\/wp.kristdemokraterna.se\/regionostergotland\/"},{"@type":"ListItem","position":2,"name":"Nyhetsbrev vecka 20"}]},{"@type":"WebSite","@id":"https:\/\/wp.kristdemokraterna.se\/regionostergotland\/#website","url":"https:\/\/wp.kristdemokraterna.se\/regionostergotland\/","name":"i Region \u00d6sterg\u00f6tland","description":"","inLanguage":"sv-SE"},{"@type":"Person","@id":"https:\/\/wp.kristdemokraterna.se\/regionostergotland\/#\/schema\/person\/74c3c4f502fcc489722a7be0dfe0088c","name":"regionostergotland","image":{"@type":"ImageObject","inLanguage":"sv-SE","@id":"https:\/\/secure.gravatar.com\/avatar\/8fb8f0a216e627554da57506bfaf78d677f45512f24f703e185ec701423b1e92?s=96&d=mm&r=g","url":"https:\/\/secure.gravatar.com\/avatar\/8fb8f0a216e627554da57506bfaf78d677f45512f24f703e185ec701423b1e92?s=96&d=mm&r=g","contentUrl":"https:\/\/secure.gravatar.com\/avatar\/8fb8f0a216e627554da57506bfaf78d677f45512f24f703e185ec701423b1e92?s=96&d=mm&r=g","caption":"regionostergotland"},"url":"https:\/\/wp.kristdemokraterna.se\/regionostergotland\/author\/regionostergotland\/"}]}},"_links":{"self":[{"href":"https:\/\/wp.kristdemokraterna.se\/regionostergotland\/wp-json\/wp\/v2\/posts\/2118","targetHints":{"allow":["GET"]}}],"collection":[{"href":"https:\/\/wp.kristdemokraterna.se\/regionostergotland\/wp-json\/wp\/v2\/posts"}],"about":[{"href":"https:\/\/wp.kristdemokraterna.se\/regionostergotland\/wp-json\/wp\/v2\/types\/post"}],"author":[{"embeddable":true,"href":"https:\/\/wp.kristdemokraterna.se\/regionostergotland\/wp-json\/wp\/v2\/users\/737"}],"replies":[{"embeddable":true,"href":"https:\/\/wp.kristdemokraterna.se\/regionostergotland\/wp-json\/wp\/v2\/comments?post=2118"}],"version-history":[{"count":1,"href":"https:\/\/wp.kristdemokraterna.se\/regionostergotland\/wp-json\/wp\/v2\/posts\/2118\/revisions"}],"predecessor-version":[{"id":2120,"href":"https:\/\/wp.kristdemokraterna.se\/regionostergotland\/wp-json\/wp\/v2\/posts\/2118\/revisions\/2120"}],"wp:attachment":[{"href":"https:\/\/wp.kristdemokraterna.se\/regionostergotland\/wp-json\/wp\/v2\/media?parent=2118"}],"wp:term":[{"taxonomy":"category","embeddable":true,"href":"https:\/\/wp.kristdemokraterna.se\/regionostergotland\/wp-json\/wp\/v2\/categories?post=2118"},{"taxonomy":"post_tag","embeddable":true,"href":"https:\/\/wp.kristdemokraterna.se\/regionostergotland\/wp-json\/wp\/v2\/tags?post=2118"}],"curies":[{"name":"wp","href":"https:\/\/api.w.org\/{rel}","templated":true}]}}