{"id":2149,"date":"2023-06-02T15:18:05","date_gmt":"2023-06-02T13:18:05","guid":{"rendered":"https:\/\/wp.kristdemokraterna.se\/regionostergotland\/?p=2149"},"modified":"2023-06-02T15:18:05","modified_gmt":"2023-06-02T13:18:05","slug":"nyhetsbrev-vecka-22-6","status":"publish","type":"post","link":"https:\/\/wp.kristdemokraterna.se\/regionostergotland\/nyhetsbrev-vecka-22-6\/","title":{"rendered":"Nyhetsbrev vecka 22"},"content":{"rendered":"<p>Hej!<\/p>\n<p>Det \u00e4r \u00e5terigen fredag och dags att f\u00f6rs\u00f6ka summera den g\u00e5ngna veckan i regionpolitiken. P\u00e5 riksplanet presenterade ig\u00e5r vice statsminister Ebba Busch och sjukv\u00e5rdsminister Acko Ankarberg Johansson utredningsdirektivet f\u00f6r kommitt\u00e9n som ska utreda f\u00f6r- och nackdelar med ett ut\u00f6kat statligt ansvar f\u00f6r h\u00e4lso- och sjukv\u00e5rden &#8211; helt utifr\u00e5n den sjukv\u00e5rdspolitiska proposition som Kristdemokraternas riksting beslutade om h\u00f6sten 2021. Om grundfr\u00e5gan finns det sj\u00e4lvklart olika uppfattningar, men gissningsvis kan de flesta vara \u00f6verens om att dagens sjukv\u00e5rdsorganisation inte fungerar helt optimalt. Det blir sp\u00e4nnande att f\u00f6lja den utredningen! H\u00e4r p\u00e5 regionfronten i \u00d6sterg\u00f6tland har ocks\u00e5 en hel del h\u00e4nt och skett i veckan, och som vanligt kommer h\u00e4r en kort resum\u00e9 i veckans nyhetsbrev. Trevlig l\u00e4sning!<!--more--><\/p>\n<p><strong>M\u00e5ndagsm\u00f6te med fokus p\u00e5 tillg\u00e4ngligheten i \u00f6stg\u00f6tska v\u00e5rden<\/strong><br \/>\nP\u00e5 veckans m\u00e5ndagsm\u00f6te \u00e4gnades mycket tid till l\u00e4get f\u00f6r tillg\u00e4ngligheten i den \u00f6stg\u00f6tska h\u00e4lso- och sjukv\u00e5rden, och vilka \u00e5tg\u00e4rder som p\u00e5g\u00e5r och planeras f\u00f6r att f\u00f6rb\u00e4ttra situationen. K\u00f6erna till v\u00e5rden i \u00d6sterg\u00f6tland v\u00e4xte successivt under \u00e5ren 2015-2020 och var innan pandemins utbrott v\u00e5ren 2020 alldeles f\u00f6r l\u00e5nga och alltf\u00f6r m\u00e5nga \u00f6stg\u00f6tar fick v\u00e4nta alldeles f\u00f6r l\u00e4nge p\u00e5 v\u00e5rd. Pandemin f\u00f6rb\u00e4ttrade f\u00f6rst\u00e5s inte l\u00e4get, tv\u00e4rtom, och d\u00e4rf\u00f6r finns nu mycket stora utmaningar. En del f\u00f6rb\u00e4ttringar har skett under v\u00e5ren 2023, men i m\u00e5nga j\u00e4mf\u00f6relser med \u00f6vriga landet ligger \u00d6sterg\u00f6tland d\u00e5ligt eller till och med s\u00e4mst. V\u00e5rddirekt\u00f6rerna Jessica Frisk och Ninnie Borendal Wodlin g\u00e4stade m\u00e5ndagsm\u00f6tet tillsammans med Ellinor Johansson, planeringschef inom produktionsenhet h\u00e4lso- och sjukv\u00e5rd, och beskrev de \u00e5tg\u00e4rder som \u00e4r p\u00e5 g\u00e5ng f\u00f6r att f\u00f6rb\u00e4ttra tillg\u00e4ngligheten.<\/p>\n<p><strong>Presstr\u00e4ff om f\u00f6rslag till Tre\u00e5rsbudget f\u00f6r regionen<\/strong><br \/>\nI m\u00e5ndags var det \u00e4ntligen dags f\u00f6r presstr\u00e4ff med presentation av \u00d6stg\u00f6tasamverkans f\u00f6rslag till Tre\u00e5rsbudget 2024-2026 f\u00f6r Region \u00d6sterg\u00f6tland. Vi tre gruppledare; Marie Morell (M), Alexander H\u00f6glund (L) och jag, beskrev utg\u00e5ngspunkter och ekonomiskt l\u00e4ge, och ber\u00e4ttade om n\u00e5gra av de uppdrag som l\u00e4ggs inom budgetens fokusomr\u00e5den. I en besv\u00e4rlig tid med oroligt omv\u00e4rldsl\u00e4ge, l\u00e5gkonjunktur, inflation o.s.v., och ett antal \u00e5r bakom oss med negativ utveckling n\u00e4r det g\u00e4ller v\u00e5rdplatser och tillg\u00e4nglighet, l\u00e4gger vi nu fram en ansvarsfull budget med fokus p\u00e5 det v\u00e4sentliga f\u00f6r att m\u00f6ta \u00f6stg\u00f6tarnas behov inom regionens olika ansvarsomr\u00e5den. Du kan l\u00e4sa mer om budgeten h\u00e4r: (<a href=\"https:\/\/wp.kristdemokraterna.se\/regionostergotland\/ansvarsfull-budget-med-fokus-pa-karnverksamhet\/\" target=\"_blank\" rel=\"noopener\">https:\/\/wp.kristdemokraterna.se\/regionostergotland\/ansvarsfull-budget-med-fokus-pa-karnverksamhet\/<\/a>)<br \/>\nFlera medier har skrivit om budgetf\u00f6rslaget efter presstr\u00e4ffen, n\u00e5gra exempel:<br \/>\nCorren: (<a href=\"https:\/\/corren.se\/nyheter\/ostergotland\/artikel\/raknar-med-15-miljarder-i-forlust-kan-infora-anstallningsstopp\/rk5qw9zr\" target=\"_blank\" rel=\"noopener\">https:\/\/corren.se\/nyheter\/ostergotland\/artikel\/raknar-med-15-miljarder-i-forlust-kan-infora-anstallningsstopp\/rk5qw9zr<\/a>)<br \/>\nSVT Nyheter \u00d6st: (<a href=\"https:\/\/www.svt.se\/nyheter\/lokalt\/ost\/tufft-ekonomiskt-lage-i-region-ostergotland-besparingar-foreslas-i-majoritetens-budget\" target=\"_blank\" rel=\"noopener\">https:\/\/www.svt.se\/nyheter\/lokalt\/ost\/tufft-ekonomiskt-lage-i-region-ostergotland-besparingar-foreslas-i-majoritetens-budget<\/a>)<br \/>\nFolkbladet: (<a href=\"https:\/\/folkbladet.se\/nyheter\/norrkoping\/artikel\/tuffa-besparingar-for-regionen-i-stram-budget\/r185gzkl\" target=\"_blank\" rel=\"noopener\">https:\/\/folkbladet.se\/nyheter\/norrkoping\/artikel\/tuffa-besparingar-for-regionen-i-stram-budget\/r185gzkl<\/a>)<\/p>\n<p><strong>Vandring p\u00e5 \u00d6stg\u00f6taleden med beredningen f\u00f6r kultur och friluftsliv<\/strong><br \/>\nI tisdags hade regionutvecklingsn\u00e4mndens beredning f\u00f6r kultur och friluftsliv ett annorlunda sammantr\u00e4de. Ist\u00e4llet f\u00f6r ett sammantr\u00e4desrum i regionhuset, samlades vid Hamra slussar i Kinda kanal, d\u00e4r vi p\u00e5b\u00f6rjade en kort vandring p\u00e5 \u00d6stg\u00f6taleden l\u00e4ngs kanalen till Hovetorps slussar. D\u00e4r slog vi oss ned i solskenet och fick intressanta och matnyttiga f\u00f6redragningar fr\u00e5n tj\u00e4nstepersoner fr\u00e5n tv\u00e5 kommuner (\u00d6desh\u00f6g och Link\u00f6ping) som ber\u00e4ttade om sitt arbete med \u00d6stg\u00f6taleden. Vi gick vidare till vindskyddet ett stycke bort, d\u00e4r ocks\u00e5 representant f\u00f6r en av de sk\u00f6tself\u00f6reningar som verkar l\u00e4ngs \u00d6stg\u00f6taleden ber\u00e4ttade om hur deras insatser f\u00f6r leden ser ut. Vidare fick vi en redog\u00f6relse av Fredrik Nereg\u00e5rd, som p\u00e5 regionens uppdrag g\u00e5tt alla str\u00e4ckor av \u00d6stg\u00f6taleden f\u00f6r att uppdatera och korrigera kartan f\u00f6r leden och ocks\u00e5 rapportera behov av insatser p\u00e5 leden. Vi avslutade med att vandra tillbaka till Hamra och kunde konstatera att vi haft ett mycket lyckat och intressant beredningsm\u00f6te!<\/p>\n<p><strong>Bes\u00f6k hos Kristdemokraterna i Vadstena<\/strong><br \/>\nP\u00e5 tisdagskv\u00e4llen var jag inbjuden till m\u00f6te med Kristdemokraternas partiavdelning i Vadstena i kommunhuset. Jag fick m\u00f6jlighet att ber\u00e4tta en del om Kristdemokraternas arbete i regionen, med fokus p\u00e5 det aktuella l\u00e4get i h\u00e4lso- och sjukv\u00e5rden och de \u00e5tg\u00e4rder och insatser som f\u00f6resl\u00e5s i den nypresenterade Tre\u00e5rsbudget 2024-2026. M\u00e5nga bra fr\u00e5gor och givande samtal med m\u00f6tesdeltagarna. Tack f\u00f6r inbjudan och en trevlig kv\u00e4ll!<\/p>\n<p><strong>Sammantr\u00e4de med regionutvecklingsn\u00e4mnden<\/strong><br \/>\nI onsdags sammantr\u00e4dde regionutvecklingsn\u00e4mnden f\u00f6r sista g\u00e5ngen innan sommaruppeh\u00e5llet. P\u00e5 dagordningen fanns bl.a. beslut om del\u00e5rsrapporter f\u00f6r n\u00e4mnden och regionens skolor f\u00f6rsta kvartalet 2023 och ett antal beslut om medfinansiering fr\u00e5n regionen av projekt med medel fr\u00e5n EU:s strukturfonder. N\u00e4mnden tog ocks\u00e5 beslut om att utse \u00c5rets konsthantverkare i \u00d6sterg\u00f6tland, en utm\u00e4rkelse som lyfter fram en konsthantverkare p\u00e5 landsbygden i \u00d6sterg\u00f6tland som uppm\u00e4rksammas extra i samband med h\u00f6stens \u00d6stg\u00f6tadagar f\u00f6rsta helgen i september. Du kan l\u00e4sa mer om det beslutet h\u00e4r: (https:\/\/www.regionostergotland.se\/ro\/nyheter\/nyheter\/2023-05-31-han-ar-arets-konsthantverkare).<\/p>\n<p><strong>Temakv\u00e4ll om kristdemokratisk ideologi<\/strong><br \/>\nP\u00e5 onsdagskv\u00e4llen bj\u00f6d Kristdemokraternas studieorganisation i \u00d6sterg\u00f6tland, Framtidsbildarna, in till den f\u00f6rsta av fyra temakv\u00e4llar med utg\u00e5ngspunkt i Kristdemokraternas principprogram. Passande nog var denna f\u00f6rsta temakv\u00e4ll inriktad p\u00e5 en introduktion till grunderna i Kristdemokraternas ideologi, och som f\u00f6redragsh\u00e5llare hade Kjell O. Lejon engagerats. Kjell har under flera \u00e5r haft politiska uppdrag f\u00f6r Kristdemokraterna p\u00e5 flera niv\u00e5er, och \u00e4r yrkesverksam som professor i religionsvetenskap vid Link\u00f6pings Universitet. Han har varit medf\u00f6rfattare till tv\u00e5 av de grundl\u00e4ggande b\u00f6cker som givits ut om kristdemokratisk ideologi, den senaste utgiven f\u00f6rra \u00e5ret. Det blev ett intressant f\u00f6redrag med efterf\u00f6ljande fr\u00e5gestund. Tack till Kjell och till alla deltagare i temakv\u00e4llen!<\/p>\n<p><strong>Samverkansm\u00f6te med n\u00e4ringslivsorganisationer<\/strong><br \/>\nI g\u00e5r torsdag inleddes dagen med samverkansm\u00f6te mellan regionen, l\u00e4nsstyrelsen och n\u00e4ringslivsorganisationerna i \u00d6sterg\u00f6tland. Ett par g\u00e5nger per termin tr\u00e4ffas denna konstellation f\u00f6r att gemensamt st\u00e4mma av l\u00e4get f\u00f6r n\u00e4ringslivet i \u00d6sterg\u00f6tland. Vid g\u00e5rdagens m\u00f6te deltog \u00d6stsvenska handelskammaren, F\u00f6retagarna och Svenskt N\u00e4ringsliv. Fr\u00e5n regionen deltar jag och Eva Andersson (S) fr\u00e5n regionutvecklingsn\u00e4mndens presidium tillsammans med Malin Thunborg, chef f\u00f6r tillv\u00e4xtenheten. M\u00f6tet h\u00e5lls p\u00e5 Link\u00f6pings slott med landsh\u00f6vding Carl Fredrik Graf som v\u00e4rd, sekunderad av tillv\u00e4xtdirekt\u00f6r Madeleine S\u00f6derstedt Sj\u00f6berg. \u00c4ven om arbetsl\u00f6sheten alltj\u00e4mt \u00e4r j\u00e4mf\u00f6relsevis l\u00e5g i \u00d6sterg\u00f6tland och inte har \u00f6kat och varselniv\u00e5erna \u00e4r normala, finns stor oro i flera branscher, och s\u00e4mst \u00e4r nog l\u00e4get i byggbranschen, d\u00e4r det ocks\u00e5 varit en del konkurser p\u00e5 senare tid. Men, intressant och nyttigt att i denna form f\u00e5 aktuella inspel fr\u00e5n n\u00e4ringslivets organisationer.<\/p>\n<p><strong>F\u00f6rm\u00f6te inf\u00f6r m\u00f6te med Integrationsr\u00e5det i \u00d6sterg\u00f6tland<\/strong><br \/>\nP\u00e5 torsdagseftermiddagen hade jag som regionens ledamot i Integrationsr\u00e5det i \u00d6sterg\u00f6tland, ett f\u00f6rm\u00f6te med Catherine Szabo, som \u00e4r regionens tj\u00e4nsteperson i den beredningsgrupp som f\u00f6rbereder Integrationsr\u00e5dets m\u00f6ten. Vi gick igenom dagordningen inf\u00f6r n\u00e4sta veckas m\u00f6te med r\u00e5det och jag fick rapport och medskick fr\u00e5n diskussioner i beredningsgruppen. V\u00e4rdefullt med denna m\u00f6jlighet till avst\u00e4mning!<\/p>\n<p><strong>Sammantr\u00e4de med partidistriktsstyrelsen i regionhuset<\/strong><br \/>\nI g\u00e5r torsdag kv\u00e4ll hade partidistriktsstyrelsen f\u00f6r Kristdemokraterna i \u00d6sterg\u00f6tland sitt styrelsem\u00f6te i Sessionssalen i regionhuset. M\u00f6tet inleddes med ett digitalt bes\u00f6k av Kristdemokraternas nytilltr\u00e4dda partisekreterare Liza-Maria Norlin, som presenterade sig sj\u00e4lv och ber\u00e4ttade en del om vad som \u00e4r p\u00e5 g\u00e5ng fram\u00e5t i partiet nationellt. Styrelsem\u00f6tet tog ocks\u00e5 efter beredning i regiongruppen beslut om nomineringar av n\u00e4mndem\u00e4n i f\u00f6rvaltningsr\u00e4tt, kammarr\u00e4tt och hovr\u00e4tt, som formellt ska v\u00e4ljas av regionfullm\u00e4ktige senare i juni.<\/p>\n<p><strong>Strategiskt samr\u00e5d med kommunerna i \u00d6sterg\u00f6tland<\/strong><br \/>\nIdag fredag h\u00f6lls v\u00e5rens tredje samr\u00e5d mellan regionen och kommunerna i \u00d6sterg\u00f6tland. Samr\u00e5det samlar kommunstyrelseordf\u00f6rande och oppositionsledare fr\u00e5n kommunerna samt ordf\u00f6rande och andre vice ordf\u00f6rande i regionstyrelsen, regionutvecklingsn\u00e4mnden och trafik- och samh\u00e4llsplaneringsn\u00e4mnden i regionen. P\u00e5 dagens \u00e4rendelista fanns bl.a. ett pass om kollektivtrafik med inslag om sjukresor, uppdatering av regionalt trafikf\u00f6rs\u00f6rjningsprogram och busstrategisk m\u00e5lbild. Samr\u00e5det inneh\u00f6ll ocks\u00e5 ett temapass om trygghet d\u00e4r framf\u00f6rallt narkotikaanv\u00e4ndandet bland unga \u00f6stg\u00f6tar belystes fr\u00e5n s\u00e5v\u00e4l v\u00e5rden som polisen. Samr\u00e5det diskuterade ocks\u00e5 N\u00e4ra v\u00e5rd, och d\u00e4r ingick bl.a. ett g\u00e4stspel fr\u00e5n Annicki Oscarsson (KD), som \u00e4r ordf\u00f6rande i Samr\u00e5det f\u00f6r v\u00e5rd och omsorg (SVO).<\/p>\n<p>Nu stundar helgen och eftersom nationaldagen intr\u00e4ffar p\u00e5 tisdag i n\u00e4sta vecka, blir m\u00e5ndagen lite av en kl\u00e4mdag och helgen f\u00e5r f\u00f6r en hel del s\u00e4kert karakt\u00e4ren av l\u00e5nghelg. Oavsett hur l\u00e5ng din helg blir, hoppas jag att den blir riktigt trevlig!<\/p>\n<p>Med v\u00e4nlig h\u00e4lsning<br \/>\nPer Larsson<br \/>\nRegionr\u00e5d &#8211; Ordf\u00f6rande i Regionutvecklingsn\u00e4mnden<br \/>\nGruppledare f\u00f6r Kristdemokraterna i Region \u00d6sterg\u00f6tland<br \/>\ntfn 010-103 72 84 (arb)<br \/>\ntfn 0702-88 21 34 (mobil)<br \/>\nper.larsson@regionostergotland.se<\/p>\n<p>&nbsp;<\/p>\n","protected":false},"excerpt":{"rendered":"<p>Hej! Det \u00e4r \u00e5terigen fredag och dags att f\u00f6rs\u00f6ka summera den g\u00e5ngna veckan i regionpolitiken. P\u00e5 riksplanet presenterade ig\u00e5r vice statsminister Ebba Busch och sjukv\u00e5rdsminister Acko Ankarberg Johansson utredningsdirektivet f\u00f6r kommitt\u00e9n som ska utreda f\u00f6r- och nackdelar med ett ut\u00f6kat statligt ansvar f\u00f6r h\u00e4lso- och sjukv\u00e5rden &#8211; helt utifr\u00e5n den sjukv\u00e5rdspolitiska proposition som Kristdemokraternas riksting <a class=\"read-more-link\" href=\"https:\/\/wp.kristdemokraterna.se\/regionostergotland\/nyhetsbrev-vecka-22-6\/\">Read More<\/a><\/p>\n","protected":false},"author":737,"featured_media":0,"comment_status":"closed","ping_status":"closed","sticky":false,"template":"","format":"standard","meta":{"_acf_changed":false,"footnotes":""},"categories":[1],"tags":[],"class_list":["post-2149","post","type-post","status-publish","format-standard","hentry","category-nyheter"],"acf":[],"yoast_head":"<!-- This site is optimized with the Yoast SEO plugin v27.5 - https:\/\/yoast.com\/product\/yoast-seo-wordpress\/ -->\n<title>Nyhetsbrev vecka 22 - i Region \u00d6sterg\u00f6tland<\/title>\n<meta name=\"robots\" content=\"index, follow, max-snippet:-1, max-image-preview:large, max-video-preview:-1\" \/>\n<link rel=\"canonical\" href=\"https:\/\/wp.kristdemokraterna.se\/regionostergotland\/nyhetsbrev-vecka-22-6\/\" \/>\n<meta property=\"og:locale\" content=\"sv_SE\" \/>\n<meta property=\"og:type\" content=\"article\" \/>\n<meta property=\"og:title\" content=\"Nyhetsbrev vecka 22 - i Region \u00d6sterg\u00f6tland\" \/>\n<meta property=\"og:description\" content=\"Hej! Det \u00e4r \u00e5terigen fredag och dags att f\u00f6rs\u00f6ka summera den g\u00e5ngna veckan i regionpolitiken. P\u00e5 riksplanet presenterade ig\u00e5r vice statsminister Ebba Busch och sjukv\u00e5rdsminister Acko Ankarberg Johansson utredningsdirektivet f\u00f6r kommitt\u00e9n som ska utreda f\u00f6r- och nackdelar med ett ut\u00f6kat statligt ansvar f\u00f6r h\u00e4lso- och sjukv\u00e5rden &#8211; helt utifr\u00e5n den sjukv\u00e5rdspolitiska proposition som Kristdemokraternas riksting Read More\" \/>\n<meta property=\"og:url\" content=\"https:\/\/wp.kristdemokraterna.se\/regionostergotland\/nyhetsbrev-vecka-22-6\/\" \/>\n<meta property=\"og:site_name\" content=\"i Region \u00d6sterg\u00f6tland\" \/>\n<meta property=\"article:published_time\" content=\"2023-06-02T13:18:05+00:00\" \/>\n<meta property=\"og:image\" content=\"http:\/\/wp.kristdemokraterna.se\/regionostergotland\/files\/2023\/06\/bild-nyhetsbrev-2023-vecka-22-1024x533.jpg\" \/>\n\t<meta property=\"og:image:width\" content=\"1024\" \/>\n\t<meta property=\"og:image:height\" content=\"533\" \/>\n\t<meta property=\"og:image:type\" content=\"image\/jpeg\" \/>\n<meta name=\"author\" content=\"regionostergotland\" \/>\n<meta name=\"twitter:card\" content=\"summary_large_image\" \/>\n<meta name=\"twitter:label1\" content=\"Skriven av\" \/>\n\t<meta name=\"twitter:data1\" content=\"regionostergotland\" \/>\n\t<meta name=\"twitter:label2\" content=\"Ber\u00e4knad l\u00e4stid\" \/>\n\t<meta name=\"twitter:data2\" content=\"7 minuter\" \/>\n<script type=\"application\/ld+json\" class=\"yoast-schema-graph\">{\"@context\":\"https:\\\/\\\/schema.org\",\"@graph\":[{\"@type\":\"Article\",\"@id\":\"https:\\\/\\\/wp.kristdemokraterna.se\\\/regionostergotland\\\/nyhetsbrev-vecka-22-6\\\/#article\",\"isPartOf\":{\"@id\":\"https:\\\/\\\/wp.kristdemokraterna.se\\\/regionostergotland\\\/nyhetsbrev-vecka-22-6\\\/\"},\"author\":{\"name\":\"regionostergotland\",\"@id\":\"https:\\\/\\\/wp.kristdemokraterna.se\\\/regionostergotland\\\/#\\\/schema\\\/person\\\/74c3c4f502fcc489722a7be0dfe0088c\"},\"headline\":\"Nyhetsbrev vecka 22\",\"datePublished\":\"2023-06-02T13:18:05+00:00\",\"mainEntityOfPage\":{\"@id\":\"https:\\\/\\\/wp.kristdemokraterna.se\\\/regionostergotland\\\/nyhetsbrev-vecka-22-6\\\/\"},\"wordCount\":1650,\"articleSection\":[\"Nyheter\"],\"inLanguage\":\"sv-SE\"},{\"@type\":\"WebPage\",\"@id\":\"https:\\\/\\\/wp.kristdemokraterna.se\\\/regionostergotland\\\/nyhetsbrev-vecka-22-6\\\/\",\"url\":\"https:\\\/\\\/wp.kristdemokraterna.se\\\/regionostergotland\\\/nyhetsbrev-vecka-22-6\\\/\",\"name\":\"Nyhetsbrev vecka 22 - i Region \u00d6sterg\u00f6tland\",\"isPartOf\":{\"@id\":\"https:\\\/\\\/wp.kristdemokraterna.se\\\/regionostergotland\\\/#website\"},\"datePublished\":\"2023-06-02T13:18:05+00:00\",\"author\":{\"@id\":\"https:\\\/\\\/wp.kristdemokraterna.se\\\/regionostergotland\\\/#\\\/schema\\\/person\\\/74c3c4f502fcc489722a7be0dfe0088c\"},\"breadcrumb\":{\"@id\":\"https:\\\/\\\/wp.kristdemokraterna.se\\\/regionostergotland\\\/nyhetsbrev-vecka-22-6\\\/#breadcrumb\"},\"inLanguage\":\"sv-SE\",\"potentialAction\":[{\"@type\":\"ReadAction\",\"target\":[\"https:\\\/\\\/wp.kristdemokraterna.se\\\/regionostergotland\\\/nyhetsbrev-vecka-22-6\\\/\"]}]},{\"@type\":\"BreadcrumbList\",\"@id\":\"https:\\\/\\\/wp.kristdemokraterna.se\\\/regionostergotland\\\/nyhetsbrev-vecka-22-6\\\/#breadcrumb\",\"itemListElement\":[{\"@type\":\"ListItem\",\"position\":1,\"name\":\"Hem\",\"item\":\"https:\\\/\\\/wp.kristdemokraterna.se\\\/regionostergotland\\\/\"},{\"@type\":\"ListItem\",\"position\":2,\"name\":\"Nyhetsbrev vecka 22\"}]},{\"@type\":\"WebSite\",\"@id\":\"https:\\\/\\\/wp.kristdemokraterna.se\\\/regionostergotland\\\/#website\",\"url\":\"https:\\\/\\\/wp.kristdemokraterna.se\\\/regionostergotland\\\/\",\"name\":\"i Region \u00d6sterg\u00f6tland\",\"description\":\"\",\"inLanguage\":\"sv-SE\"},{\"@type\":\"Person\",\"@id\":\"https:\\\/\\\/wp.kristdemokraterna.se\\\/regionostergotland\\\/#\\\/schema\\\/person\\\/74c3c4f502fcc489722a7be0dfe0088c\",\"name\":\"regionostergotland\",\"image\":{\"@type\":\"ImageObject\",\"inLanguage\":\"sv-SE\",\"@id\":\"https:\\\/\\\/secure.gravatar.com\\\/avatar\\\/8fb8f0a216e627554da57506bfaf78d677f45512f24f703e185ec701423b1e92?s=96&d=mm&r=g\",\"url\":\"https:\\\/\\\/secure.gravatar.com\\\/avatar\\\/8fb8f0a216e627554da57506bfaf78d677f45512f24f703e185ec701423b1e92?s=96&d=mm&r=g\",\"contentUrl\":\"https:\\\/\\\/secure.gravatar.com\\\/avatar\\\/8fb8f0a216e627554da57506bfaf78d677f45512f24f703e185ec701423b1e92?s=96&d=mm&r=g\",\"caption\":\"regionostergotland\"},\"url\":\"https:\\\/\\\/wp.kristdemokraterna.se\\\/regionostergotland\\\/author\\\/regionostergotland\\\/\"}]}<\/script>\n<!-- \/ Yoast SEO plugin. -->","yoast_head_json":{"title":"Nyhetsbrev vecka 22 - i Region \u00d6sterg\u00f6tland","robots":{"index":"index","follow":"follow","max-snippet":"max-snippet:-1","max-image-preview":"max-image-preview:large","max-video-preview":"max-video-preview:-1"},"canonical":"https:\/\/wp.kristdemokraterna.se\/regionostergotland\/nyhetsbrev-vecka-22-6\/","og_locale":"sv_SE","og_type":"article","og_title":"Nyhetsbrev vecka 22 - i Region \u00d6sterg\u00f6tland","og_description":"Hej! Det \u00e4r \u00e5terigen fredag och dags att f\u00f6rs\u00f6ka summera den g\u00e5ngna veckan i regionpolitiken. P\u00e5 riksplanet presenterade ig\u00e5r vice statsminister Ebba Busch och sjukv\u00e5rdsminister Acko Ankarberg Johansson utredningsdirektivet f\u00f6r kommitt\u00e9n som ska utreda f\u00f6r- och nackdelar med ett ut\u00f6kat statligt ansvar f\u00f6r h\u00e4lso- och sjukv\u00e5rden &#8211; helt utifr\u00e5n den sjukv\u00e5rdspolitiska proposition som Kristdemokraternas riksting Read More","og_url":"https:\/\/wp.kristdemokraterna.se\/regionostergotland\/nyhetsbrev-vecka-22-6\/","og_site_name":"i Region \u00d6sterg\u00f6tland","article_published_time":"2023-06-02T13:18:05+00:00","og_image":[{"width":1024,"height":533,"url":"http:\/\/wp.kristdemokraterna.se\/regionostergotland\/files\/2023\/06\/bild-nyhetsbrev-2023-vecka-22-1024x533.jpg","type":"image\/jpeg"}],"author":"regionostergotland","twitter_card":"summary_large_image","twitter_misc":{"Skriven av":"regionostergotland","Ber\u00e4knad l\u00e4stid":"7 minuter"},"schema":{"@context":"https:\/\/schema.org","@graph":[{"@type":"Article","@id":"https:\/\/wp.kristdemokraterna.se\/regionostergotland\/nyhetsbrev-vecka-22-6\/#article","isPartOf":{"@id":"https:\/\/wp.kristdemokraterna.se\/regionostergotland\/nyhetsbrev-vecka-22-6\/"},"author":{"name":"regionostergotland","@id":"https:\/\/wp.kristdemokraterna.se\/regionostergotland\/#\/schema\/person\/74c3c4f502fcc489722a7be0dfe0088c"},"headline":"Nyhetsbrev vecka 22","datePublished":"2023-06-02T13:18:05+00:00","mainEntityOfPage":{"@id":"https:\/\/wp.kristdemokraterna.se\/regionostergotland\/nyhetsbrev-vecka-22-6\/"},"wordCount":1650,"articleSection":["Nyheter"],"inLanguage":"sv-SE"},{"@type":"WebPage","@id":"https:\/\/wp.kristdemokraterna.se\/regionostergotland\/nyhetsbrev-vecka-22-6\/","url":"https:\/\/wp.kristdemokraterna.se\/regionostergotland\/nyhetsbrev-vecka-22-6\/","name":"Nyhetsbrev vecka 22 - i Region \u00d6sterg\u00f6tland","isPartOf":{"@id":"https:\/\/wp.kristdemokraterna.se\/regionostergotland\/#website"},"datePublished":"2023-06-02T13:18:05+00:00","author":{"@id":"https:\/\/wp.kristdemokraterna.se\/regionostergotland\/#\/schema\/person\/74c3c4f502fcc489722a7be0dfe0088c"},"breadcrumb":{"@id":"https:\/\/wp.kristdemokraterna.se\/regionostergotland\/nyhetsbrev-vecka-22-6\/#breadcrumb"},"inLanguage":"sv-SE","potentialAction":[{"@type":"ReadAction","target":["https:\/\/wp.kristdemokraterna.se\/regionostergotland\/nyhetsbrev-vecka-22-6\/"]}]},{"@type":"BreadcrumbList","@id":"https:\/\/wp.kristdemokraterna.se\/regionostergotland\/nyhetsbrev-vecka-22-6\/#breadcrumb","itemListElement":[{"@type":"ListItem","position":1,"name":"Hem","item":"https:\/\/wp.kristdemokraterna.se\/regionostergotland\/"},{"@type":"ListItem","position":2,"name":"Nyhetsbrev vecka 22"}]},{"@type":"WebSite","@id":"https:\/\/wp.kristdemokraterna.se\/regionostergotland\/#website","url":"https:\/\/wp.kristdemokraterna.se\/regionostergotland\/","name":"i Region \u00d6sterg\u00f6tland","description":"","inLanguage":"sv-SE"},{"@type":"Person","@id":"https:\/\/wp.kristdemokraterna.se\/regionostergotland\/#\/schema\/person\/74c3c4f502fcc489722a7be0dfe0088c","name":"regionostergotland","image":{"@type":"ImageObject","inLanguage":"sv-SE","@id":"https:\/\/secure.gravatar.com\/avatar\/8fb8f0a216e627554da57506bfaf78d677f45512f24f703e185ec701423b1e92?s=96&d=mm&r=g","url":"https:\/\/secure.gravatar.com\/avatar\/8fb8f0a216e627554da57506bfaf78d677f45512f24f703e185ec701423b1e92?s=96&d=mm&r=g","contentUrl":"https:\/\/secure.gravatar.com\/avatar\/8fb8f0a216e627554da57506bfaf78d677f45512f24f703e185ec701423b1e92?s=96&d=mm&r=g","caption":"regionostergotland"},"url":"https:\/\/wp.kristdemokraterna.se\/regionostergotland\/author\/regionostergotland\/"}]}},"_links":{"self":[{"href":"https:\/\/wp.kristdemokraterna.se\/regionostergotland\/wp-json\/wp\/v2\/posts\/2149","targetHints":{"allow":["GET"]}}],"collection":[{"href":"https:\/\/wp.kristdemokraterna.se\/regionostergotland\/wp-json\/wp\/v2\/posts"}],"about":[{"href":"https:\/\/wp.kristdemokraterna.se\/regionostergotland\/wp-json\/wp\/v2\/types\/post"}],"author":[{"embeddable":true,"href":"https:\/\/wp.kristdemokraterna.se\/regionostergotland\/wp-json\/wp\/v2\/users\/737"}],"replies":[{"embeddable":true,"href":"https:\/\/wp.kristdemokraterna.se\/regionostergotland\/wp-json\/wp\/v2\/comments?post=2149"}],"version-history":[{"count":1,"href":"https:\/\/wp.kristdemokraterna.se\/regionostergotland\/wp-json\/wp\/v2\/posts\/2149\/revisions"}],"predecessor-version":[{"id":2151,"href":"https:\/\/wp.kristdemokraterna.se\/regionostergotland\/wp-json\/wp\/v2\/posts\/2149\/revisions\/2151"}],"wp:attachment":[{"href":"https:\/\/wp.kristdemokraterna.se\/regionostergotland\/wp-json\/wp\/v2\/media?parent=2149"}],"wp:term":[{"taxonomy":"category","embeddable":true,"href":"https:\/\/wp.kristdemokraterna.se\/regionostergotland\/wp-json\/wp\/v2\/categories?post=2149"},{"taxonomy":"post_tag","embeddable":true,"href":"https:\/\/wp.kristdemokraterna.se\/regionostergotland\/wp-json\/wp\/v2\/tags?post=2149"}],"curies":[{"name":"wp","href":"https:\/\/api.w.org\/{rel}","templated":true}]}}