{"id":2157,"date":"2023-06-16T14:49:54","date_gmt":"2023-06-16T12:49:54","guid":{"rendered":"https:\/\/wp.kristdemokraterna.se\/regionostergotland\/?p=2157"},"modified":"2023-06-16T14:49:54","modified_gmt":"2023-06-16T12:49:54","slug":"nyhetsbrev-vecka-24-6","status":"publish","type":"post","link":"https:\/\/wp.kristdemokraterna.se\/regionostergotland\/nyhetsbrev-vecka-24-6\/","title":{"rendered":"Nyhetsbrev vecka 24"},"content":{"rendered":"<p>Hej!<\/p>\n<p>I dagarna \u00e4r det m\u00e5nga skolavslutningar och f\u00f6r en hel del barn och unga v\u00e4ntar nu sommarlov. F\u00f6r oss i regionpolitiken \u00e5terst\u00e5r \u00e4nnu ett par veckor innan det blir lite mer sommarledigt. Efter f\u00f6rra veckans n\u00e5got kortare arbetsvecka, har denna vecka inneh\u00e5llit fem fullmatade arbetsdagar. En sammanfattning av veckans aktiviteter kommer h\u00e4r i nyhetsbrevet. Trevlig l\u00e4sning!<!--more--><\/p>\n<p><strong>M\u00f6te med ledningen f\u00f6r L\u00e4nsstyrelsen \u00d6sterg\u00f6tland<\/strong><br \/>\nI m\u00e5ndags morse hade vi fr\u00e5n politisk ledning och tj\u00e4nstepersonledning i regionen ett av v\u00e5ra \u00e5terkommande m\u00f6ten med ledningen f\u00f6r L\u00e4nsstyrelsen \u00d6sterg\u00f6tland. Fr\u00e5n regionen deltar ordf\u00f6rande i regionstyrelsen, trafik- och samh\u00e4llsplaneringsn\u00e4mnden och regionutvecklingsn\u00e4mnden, regiondirekt\u00f6r och regionutvecklingsdirekt\u00f6r. Fr\u00e5n L\u00e4nsstyrelsen deltog denna g\u00e5ng l\u00e4nsr\u00e5d och tillv\u00e4xtorienterad, och normalt deltar \u00e4ven landsh\u00f6vdingen. P\u00e5 m\u00f6tet finns m\u00f6jlighet att st\u00e4mma av gemensamma fr\u00e5gor och ocks\u00e5 informera varandra om p\u00e5g\u00e5ende \u00e4renden som kan ha betydelse f\u00f6r den andra parten.<\/p>\n<p><strong>M\u00e5ndagsm\u00f6te med fokus p\u00e5 ny folkh\u00e4lsorapport<\/strong><br \/>\nP\u00e5 veckans m\u00e5ndagsm\u00f6te fick vi ut\u00f6ver aktuella informationer fr\u00e5n tillf\u00f6rordnad regiondirekt\u00f6r Karl Landergren och kommunikationsdirekt\u00f6r Anna Bowall, en f\u00f6redragning av den helt nya folkh\u00e4lsorapporten om h\u00e4lsans utveckling i \u00d6sterg\u00f6tland, som offentliggjordes i m\u00e5ndags. Maria Elgstrand, verksamhetschef f\u00f6r Folkh\u00e4lso- och statistikenheten, f\u00f6redrog rapporten. Vi fick ocks\u00e5 p\u00e5 m\u00f6tet en genomg\u00e5ng av bemanningsl\u00e4get i v\u00e5rden inf\u00f6r sommaren, fr\u00e5n v\u00e5rddirekt\u00f6rerna Jessica Frisk och Ninnie Borendal Wodlin.<\/p>\n<p><strong>M\u00f6te med styrgruppen f\u00f6r L\u00f6fstad slott<\/strong><br \/>\nM\u00e5ndagseftermiddagen bj\u00f6d p\u00e5 mandatperiodens f\u00f6rsta m\u00f6te med styrgruppen f\u00f6r L\u00f6fstad slott. Museiverksamheten p\u00e5 slottet \u00e4r en del av \u00d6sterg\u00f6tlands Museum, efter skrivningar i testamentet efter den sista \u00e4garinnan, Emelie Piper, medan sj\u00e4lva slottsfastigheten \u00e4gs och f\u00f6rvaltas av Riddarhuset i Stockholm. I styrgruppen ing\u00e5r representanter f\u00f6r huvudm\u00e4nnen f\u00f6r museiverksamheten p\u00e5 slottet; Region \u00d6sterg\u00f6tland och Norrk\u00f6pings kommun, representanter f\u00f6r \u00d6sterg\u00f6tlands Museums styrelse och fr\u00e5n Riddarhuset. Fr\u00e5n Region \u00d6sterg\u00f6tland \u00e4r det som tidigare mandatperiod, ordf\u00f6rande och andre vice ordf\u00f6rande i regionutvecklingsn\u00e4mnden som \u00e4r representanter, vilket g\u00f6r att jag och Eva Andersson (S) forts\u00e4tter i gruppen. Roligt att ytterligare en kristdemokrat blivit invald i gruppen, n\u00e4r Gunilla Lundgren, \u00e4r en av representanterna f\u00f6r museistyrelsen. P\u00e5 m\u00f6tet fick vi b\u00e5de rapporter fr\u00e5n verksamheten p\u00e5 slottet de senaste m\u00e5naderna, planerna f\u00f6r den stundande sommars\u00e4songen och fr\u00e5gor kopplade till renovering av fastighet och inventarier. M\u00f6tet avslutades med en rundvandring p\u00e5 slottet f\u00f6r att b\u00e5de se p\u00e5 insatser som gjorts och behov av kommande insatser.<\/p>\n<p><strong>M\u00f6te om behov av ambulanshelikopter<\/strong><br \/>\nI tisdags f\u00f6rmiddag hade vi fr\u00e5n \u00d6stg\u00f6tasamverkan ett m\u00f6te med en grupp medarbetare fr\u00e5n olika kliniker p\u00e5 Universitetssjukhuset, som redogjorde f\u00f6r det behov som finns av en ambulanshelikopter i v\u00e5r sjukv\u00e5rdsregion. Vi fr\u00e5n Kristdemokraterna har som bekant drivit fr\u00e5gan under l\u00e4ngre tid, bl.a. genom motion i opposition. Nu \u00e4r det positivt att v\u00e5rdverksamheten p\u00e5talar behovet och att ocks\u00e5 hela \u00d6stg\u00f6tsamverkan f\u00e5r upp fr\u00e5gan p\u00e5 agendan. Blir intressant att f\u00f6lja fr\u00e5gan fram\u00e5t!<\/p>\n<p><strong>Verksamhetsdialog med Riksteatern \u00d6sterg\u00f6tland<\/strong><br \/>\nP\u00e5 tisdagseftermiddagen var det dags f\u00f6r \u00e4nnu en verksamhetsdialog med akt\u00f6r inom kultursamverkansmodellen. Denna g\u00e5ng hade turen kommit till Riksteatern \u00d6sterg\u00f6tland, som representerades av riksteaterkonsulent Ulf Th\u00f6rn, ordf\u00f6rande Lena Lundman, vice ordf\u00f6rande Linda Cederlind och kass\u00f6r Stefan Olsson. De redogjorde f\u00f6r hur Riksteatern utf\u00f6r sitt uppdrag fr\u00e5n regionen, vad som skett under \u00e5ret och vilka planer som finns fram\u00e5t. Mycket positivt \u00e4r p\u00e5 g\u00e5ng, inte minst f\u00f6r att underl\u00e4tta barn och ungas tillg\u00e5ng till kultur!<\/p>\n<p><strong>M\u00f6te med Svenskt N\u00e4ringsliv om \u00f6stg\u00f6tskt f\u00f6retagsklimat<\/strong><br \/>\nTisdagen fortsatte med att vi fr\u00e5n \u00d6stg\u00f6tasamverkan tr\u00e4ffade Johan Gustafsson, regionchef f\u00f6r Svenskt N\u00e4ringsliv. Utifr\u00e5n den stora unders\u00f6kning om f\u00f6retagsklimat i kommunerna, som de \u00e5rligen presenterar, gav han oss en sammanfattning av f\u00f6retagsklimatet i \u00d6sterg\u00f6tland som helhet. Vi fick ocks\u00e5 m\u00f6jlighet att diskutera fler fr\u00e5gor som har betydelse f\u00f6r tillv\u00e4xt och n\u00e4ringslivsutveckling. V\u00e4rdefullt med denna m\u00f6jlighet till samtal och dialog!<\/p>\n<p><strong>M\u00f6te med Kristdemokraternas regionfullm\u00e4ktigegrupp<\/strong><br \/>\nP\u00e5 tisdagskv\u00e4llen hade vi ett digitalt m\u00f6te med Kristdemokraternas regionfullm\u00e4ktigegrupp inf\u00f6r n\u00e4sta veckas sammantr\u00e4de med regionfullm\u00e4ktige. Ordinarie ledam\u00f6ter och f\u00f6rste ers\u00e4ttare kallas till m\u00f6tet, d\u00e4r vi g\u00e5r igenom \u00e4renden och uppl\u00e4gg f\u00f6r fullm\u00e4ktigem\u00f6tet. Huvud\u00e4rendet denna g\u00e5ng \u00e4r f\u00f6rst\u00e5s beslut om regionens Tre\u00e5rsbudget 2024-2026.<\/p>\n<p><strong>Gruppm\u00f6te med Kristdemokraternas SKR-grupp och beredningssammantr\u00e4de<\/strong><br \/>\nOnsdag och torsdag har det varit juni m\u00e5nads omg\u00e5ng av m\u00f6ten med de olika beredningarna och delegationerna inom Sveriges kommuner och regioner (SKR). Som vanligt inleddes dagarna med gruppm\u00f6te med Kristdemokraternas SKR-grupp. Gruppm\u00f6tet g\u00e4stades denna g\u00e5ng av civilminister Erik Slottner (KD), som redogjorde f\u00f6r aktuella fr\u00e5gor inom hans omr\u00e5de, inte minst fr\u00e5gor med koppling till kommuner och regioner. Onsdagskv\u00e4llen bj\u00f6d sedan p\u00e5 trevlig gemensam sommaravslutning f\u00f6r Kristdemokraternas, SKR-grupp, riksdagsgrupp, partikansli samt statsr\u00e5d och medarbetare i regeringskansliet, med bl.a. tal av partiledare Ebba Busch. P\u00e5 torsdagen fortsatte SKR-dagarna med \u00e4nnu ett gruppm\u00f6te med Kristdemokraternas SKR-grupp, gruppm\u00f6te med ledam\u00f6terna fr\u00e5n KD, M och L i beredningen f\u00f6r tillv\u00e4xt och regional utveckling, och slutligen sj\u00e4lva beredningssammantr\u00e4det. D\u00e4r diskuterades bl.a. den p\u00e5g\u00e5ende utredningen om aktivitetskrav f\u00f6r f\u00f6rs\u00f6rjningsst\u00f6d, konnektivitet (bredbandsfr\u00e5gor fram\u00e5t), transportinfrastrukturplanering och SKR:s arbete med n\u00e4ringspolitik.<\/p>\n<p><strong>M\u00f6te mellan Kristdemokraternas regiongruppledare och sjukv\u00e5rdsministern<\/strong><br \/>\nP\u00e5 torsdagsmorgonen hanns ocks\u00e5 med juni m\u00e5nads avst\u00e4mningsm\u00f6te mellan alla regiongruppledare och sjukv\u00e5rdsminister Acko Ankarberg Johansson. Vi fick information om flera aktuella fr\u00e5gor p\u00e5 departementet, och fick ocks\u00e5 m\u00f6jlighet att ge en del synpunkter och medskick, inte minst den h\u00f6gaktuella fr\u00e5gan kring regionernas ekonomi och om statsbidrag till regionerna.<\/p>\n<p><strong>Prioriteringsm\u00f6te med Strukturfondspartnerskapet \u00d6stra Mellansverige<\/strong><br \/>\nIdag fredag har det varit prioriteringsm\u00f6te med Strukturfondspartnerskapet \u00d6stra Mellansverige. Partnerskapet har ambitionen att s\u00e5 h\u00e4r i b\u00f6rjan av innevarande budgetperiod i EU, f\u00f6rl\u00e4gga prioriteringsm\u00f6tena runt om i de fem regionerna som ing\u00e5r i \u00d6stra Mellansverige. D\u00e4rf\u00f6r var dagens m\u00f6te f\u00f6rlagt till V\u00e4ster\u00e5s i Region V\u00e4stmanland. Ut\u00f6ver sj\u00e4lva besluten om prioriteringar av medel till projekt fr\u00e5n Europeiska regionala utvecklingsfonden (ERUF) och Europeiska socialfonden (ESF), inneh\u00f6ll m\u00f6tet information fr\u00e5n Tillv\u00e4xtverket hur de arbetar med utv\u00e4rdering av regionalfonderna i Sverige och information fr\u00e5n Region V\u00e4stmanland om deras arbete med regional utveckling och regional utvecklingsstrategi. Vid dagens m\u00f6te prioriterades en hel del viktiga projekt fr\u00e5n b\u00e5da fonderna, varav flera med kopplingar till \u00d6sterg\u00f6tland. De \u00f6stg\u00f6tska representanterna var dels jag som ordinarie representant fr\u00e5n Region \u00d6sterg\u00f6tland, Jan Owe-Larsson som vice ordf\u00f6rande i partnerskapet, Madeleine S\u00f6derstedt Sj\u00f6berg fr\u00e5n L\u00e4nsstyrelsen \u00d6sterg\u00f6tland som representant fr\u00e5n alla fem l\u00e4nsstyrelserna i omr\u00e5det, Camilla Carlsson fr\u00e5n Coompanion \u00d6sterg\u00f6tland som representant f\u00f6r den sociala ekonomin och Erik Erjeby fr\u00e5n LRF \u00d6sterg\u00f6tland.<\/p>\n<p>D\u00e5 n\u00e4rmar sig helgen och, om man ska tro aktuell v\u00e4derprognos, kanske lite efterl\u00e4ngtat regn p\u00e5 s\u00f6ndag! Innan dess verkar det dock bli fortsatt h\u00f6gsommarv\u00e4rme\u2026 I det varma v\u00e4dret v\u00e4ntar f\u00f6r mig bl.a. kristdemokratisk kampanj imorgon l\u00f6rdag p\u00e5 Bj\u00f6rkfors Marknad tillsammmans med Kristdemokraterna i Kinda. Oavsett vad du planerar f\u00f6r helgen, hoppas jag att det blir en riktigt trevlig helg!<\/p>\n<p>Med v\u00e4nlig h\u00e4lsning<br \/>\nPer Larsson<br \/>\nRegionr\u00e5d &#8211; Ordf\u00f6rande i Regionutvecklingsn\u00e4mnden<br \/>\nGruppledare f\u00f6r Kristdemokraterna i Region \u00d6sterg\u00f6tland<br \/>\ntfn 010-103 72 84 (arb)<br \/>\ntfn 0702-88 21 34 (mobil)<br \/>\nper.larsson@regionostergotland.se<\/p>\n<p>&nbsp;<\/p>\n","protected":false},"excerpt":{"rendered":"<p>Hej! I dagarna \u00e4r det m\u00e5nga skolavslutningar och f\u00f6r en hel del barn och unga v\u00e4ntar nu sommarlov. F\u00f6r oss i regionpolitiken \u00e5terst\u00e5r \u00e4nnu ett par veckor innan det blir lite mer sommarledigt. Efter f\u00f6rra veckans n\u00e5got kortare arbetsvecka, har denna vecka inneh\u00e5llit fem fullmatade arbetsdagar. En sammanfattning av veckans aktiviteter kommer h\u00e4r i nyhetsbrevet. <a class=\"read-more-link\" href=\"https:\/\/wp.kristdemokraterna.se\/regionostergotland\/nyhetsbrev-vecka-24-6\/\">Read More<\/a><\/p>\n","protected":false},"author":737,"featured_media":0,"comment_status":"closed","ping_status":"closed","sticky":false,"template":"","format":"standard","meta":{"_acf_changed":false,"footnotes":""},"categories":[1],"tags":[],"class_list":["post-2157","post","type-post","status-publish","format-standard","hentry","category-nyheter"],"acf":[],"yoast_head":"<!-- This site is optimized with the Yoast SEO plugin v27.5 - https:\/\/yoast.com\/product\/yoast-seo-wordpress\/ -->\n<title>Nyhetsbrev vecka 24 - i Region \u00d6sterg\u00f6tland<\/title>\n<meta name=\"robots\" content=\"index, follow, max-snippet:-1, max-image-preview:large, max-video-preview:-1\" \/>\n<link rel=\"canonical\" href=\"https:\/\/wp.kristdemokraterna.se\/regionostergotland\/nyhetsbrev-vecka-24-6\/\" \/>\n<meta property=\"og:locale\" content=\"sv_SE\" \/>\n<meta property=\"og:type\" content=\"article\" \/>\n<meta property=\"og:title\" content=\"Nyhetsbrev vecka 24 - i Region \u00d6sterg\u00f6tland\" \/>\n<meta property=\"og:description\" content=\"Hej! I dagarna \u00e4r det m\u00e5nga skolavslutningar och f\u00f6r en hel del barn och unga v\u00e4ntar nu sommarlov. F\u00f6r oss i regionpolitiken \u00e5terst\u00e5r \u00e4nnu ett par veckor innan det blir lite mer sommarledigt. Efter f\u00f6rra veckans n\u00e5got kortare arbetsvecka, har denna vecka inneh\u00e5llit fem fullmatade arbetsdagar. En sammanfattning av veckans aktiviteter kommer h\u00e4r i nyhetsbrevet. Read More\" \/>\n<meta property=\"og:url\" content=\"https:\/\/wp.kristdemokraterna.se\/regionostergotland\/nyhetsbrev-vecka-24-6\/\" \/>\n<meta property=\"og:site_name\" content=\"i Region \u00d6sterg\u00f6tland\" \/>\n<meta property=\"article:published_time\" content=\"2023-06-16T12:49:54+00:00\" \/>\n<meta property=\"og:image\" content=\"http:\/\/wp.kristdemokraterna.se\/regionostergotland\/files\/2023\/06\/bild-nyhetsbrev-2023-vecka-24-1024x533.jpg\" \/>\n\t<meta property=\"og:image:width\" content=\"1024\" \/>\n\t<meta property=\"og:image:height\" content=\"533\" \/>\n\t<meta property=\"og:image:type\" content=\"image\/jpeg\" \/>\n<meta name=\"author\" content=\"regionostergotland\" \/>\n<meta name=\"twitter:card\" content=\"summary_large_image\" \/>\n<meta name=\"twitter:label1\" content=\"Skriven av\" \/>\n\t<meta name=\"twitter:data1\" content=\"regionostergotland\" \/>\n\t<meta name=\"twitter:label2\" content=\"Ber\u00e4knad l\u00e4stid\" \/>\n\t<meta name=\"twitter:data2\" content=\"6 minuter\" \/>\n<script type=\"application\/ld+json\" class=\"yoast-schema-graph\">{\"@context\":\"https:\\\/\\\/schema.org\",\"@graph\":[{\"@type\":\"Article\",\"@id\":\"https:\\\/\\\/wp.kristdemokraterna.se\\\/regionostergotland\\\/nyhetsbrev-vecka-24-6\\\/#article\",\"isPartOf\":{\"@id\":\"https:\\\/\\\/wp.kristdemokraterna.se\\\/regionostergotland\\\/nyhetsbrev-vecka-24-6\\\/\"},\"author\":{\"name\":\"regionostergotland\",\"@id\":\"https:\\\/\\\/wp.kristdemokraterna.se\\\/regionostergotland\\\/#\\\/schema\\\/person\\\/74c3c4f502fcc489722a7be0dfe0088c\"},\"headline\":\"Nyhetsbrev vecka 24\",\"datePublished\":\"2023-06-16T12:49:54+00:00\",\"mainEntityOfPage\":{\"@id\":\"https:\\\/\\\/wp.kristdemokraterna.se\\\/regionostergotland\\\/nyhetsbrev-vecka-24-6\\\/\"},\"wordCount\":1390,\"articleSection\":[\"Nyheter\"],\"inLanguage\":\"sv-SE\"},{\"@type\":\"WebPage\",\"@id\":\"https:\\\/\\\/wp.kristdemokraterna.se\\\/regionostergotland\\\/nyhetsbrev-vecka-24-6\\\/\",\"url\":\"https:\\\/\\\/wp.kristdemokraterna.se\\\/regionostergotland\\\/nyhetsbrev-vecka-24-6\\\/\",\"name\":\"Nyhetsbrev vecka 24 - i Region \u00d6sterg\u00f6tland\",\"isPartOf\":{\"@id\":\"https:\\\/\\\/wp.kristdemokraterna.se\\\/regionostergotland\\\/#website\"},\"datePublished\":\"2023-06-16T12:49:54+00:00\",\"author\":{\"@id\":\"https:\\\/\\\/wp.kristdemokraterna.se\\\/regionostergotland\\\/#\\\/schema\\\/person\\\/74c3c4f502fcc489722a7be0dfe0088c\"},\"breadcrumb\":{\"@id\":\"https:\\\/\\\/wp.kristdemokraterna.se\\\/regionostergotland\\\/nyhetsbrev-vecka-24-6\\\/#breadcrumb\"},\"inLanguage\":\"sv-SE\",\"potentialAction\":[{\"@type\":\"ReadAction\",\"target\":[\"https:\\\/\\\/wp.kristdemokraterna.se\\\/regionostergotland\\\/nyhetsbrev-vecka-24-6\\\/\"]}]},{\"@type\":\"BreadcrumbList\",\"@id\":\"https:\\\/\\\/wp.kristdemokraterna.se\\\/regionostergotland\\\/nyhetsbrev-vecka-24-6\\\/#breadcrumb\",\"itemListElement\":[{\"@type\":\"ListItem\",\"position\":1,\"name\":\"Hem\",\"item\":\"https:\\\/\\\/wp.kristdemokraterna.se\\\/regionostergotland\\\/\"},{\"@type\":\"ListItem\",\"position\":2,\"name\":\"Nyhetsbrev vecka 24\"}]},{\"@type\":\"WebSite\",\"@id\":\"https:\\\/\\\/wp.kristdemokraterna.se\\\/regionostergotland\\\/#website\",\"url\":\"https:\\\/\\\/wp.kristdemokraterna.se\\\/regionostergotland\\\/\",\"name\":\"i Region \u00d6sterg\u00f6tland\",\"description\":\"\",\"inLanguage\":\"sv-SE\"},{\"@type\":\"Person\",\"@id\":\"https:\\\/\\\/wp.kristdemokraterna.se\\\/regionostergotland\\\/#\\\/schema\\\/person\\\/74c3c4f502fcc489722a7be0dfe0088c\",\"name\":\"regionostergotland\",\"image\":{\"@type\":\"ImageObject\",\"inLanguage\":\"sv-SE\",\"@id\":\"https:\\\/\\\/secure.gravatar.com\\\/avatar\\\/8fb8f0a216e627554da57506bfaf78d677f45512f24f703e185ec701423b1e92?s=96&d=mm&r=g\",\"url\":\"https:\\\/\\\/secure.gravatar.com\\\/avatar\\\/8fb8f0a216e627554da57506bfaf78d677f45512f24f703e185ec701423b1e92?s=96&d=mm&r=g\",\"contentUrl\":\"https:\\\/\\\/secure.gravatar.com\\\/avatar\\\/8fb8f0a216e627554da57506bfaf78d677f45512f24f703e185ec701423b1e92?s=96&d=mm&r=g\",\"caption\":\"regionostergotland\"},\"url\":\"https:\\\/\\\/wp.kristdemokraterna.se\\\/regionostergotland\\\/author\\\/regionostergotland\\\/\"}]}<\/script>\n<!-- \/ Yoast SEO plugin. -->","yoast_head_json":{"title":"Nyhetsbrev vecka 24 - i Region \u00d6sterg\u00f6tland","robots":{"index":"index","follow":"follow","max-snippet":"max-snippet:-1","max-image-preview":"max-image-preview:large","max-video-preview":"max-video-preview:-1"},"canonical":"https:\/\/wp.kristdemokraterna.se\/regionostergotland\/nyhetsbrev-vecka-24-6\/","og_locale":"sv_SE","og_type":"article","og_title":"Nyhetsbrev vecka 24 - i Region \u00d6sterg\u00f6tland","og_description":"Hej! I dagarna \u00e4r det m\u00e5nga skolavslutningar och f\u00f6r en hel del barn och unga v\u00e4ntar nu sommarlov. F\u00f6r oss i regionpolitiken \u00e5terst\u00e5r \u00e4nnu ett par veckor innan det blir lite mer sommarledigt. Efter f\u00f6rra veckans n\u00e5got kortare arbetsvecka, har denna vecka inneh\u00e5llit fem fullmatade arbetsdagar. En sammanfattning av veckans aktiviteter kommer h\u00e4r i nyhetsbrevet. Read More","og_url":"https:\/\/wp.kristdemokraterna.se\/regionostergotland\/nyhetsbrev-vecka-24-6\/","og_site_name":"i Region \u00d6sterg\u00f6tland","article_published_time":"2023-06-16T12:49:54+00:00","og_image":[{"width":1024,"height":533,"url":"http:\/\/wp.kristdemokraterna.se\/regionostergotland\/files\/2023\/06\/bild-nyhetsbrev-2023-vecka-24-1024x533.jpg","type":"image\/jpeg"}],"author":"regionostergotland","twitter_card":"summary_large_image","twitter_misc":{"Skriven av":"regionostergotland","Ber\u00e4knad l\u00e4stid":"6 minuter"},"schema":{"@context":"https:\/\/schema.org","@graph":[{"@type":"Article","@id":"https:\/\/wp.kristdemokraterna.se\/regionostergotland\/nyhetsbrev-vecka-24-6\/#article","isPartOf":{"@id":"https:\/\/wp.kristdemokraterna.se\/regionostergotland\/nyhetsbrev-vecka-24-6\/"},"author":{"name":"regionostergotland","@id":"https:\/\/wp.kristdemokraterna.se\/regionostergotland\/#\/schema\/person\/74c3c4f502fcc489722a7be0dfe0088c"},"headline":"Nyhetsbrev vecka 24","datePublished":"2023-06-16T12:49:54+00:00","mainEntityOfPage":{"@id":"https:\/\/wp.kristdemokraterna.se\/regionostergotland\/nyhetsbrev-vecka-24-6\/"},"wordCount":1390,"articleSection":["Nyheter"],"inLanguage":"sv-SE"},{"@type":"WebPage","@id":"https:\/\/wp.kristdemokraterna.se\/regionostergotland\/nyhetsbrev-vecka-24-6\/","url":"https:\/\/wp.kristdemokraterna.se\/regionostergotland\/nyhetsbrev-vecka-24-6\/","name":"Nyhetsbrev vecka 24 - i Region \u00d6sterg\u00f6tland","isPartOf":{"@id":"https:\/\/wp.kristdemokraterna.se\/regionostergotland\/#website"},"datePublished":"2023-06-16T12:49:54+00:00","author":{"@id":"https:\/\/wp.kristdemokraterna.se\/regionostergotland\/#\/schema\/person\/74c3c4f502fcc489722a7be0dfe0088c"},"breadcrumb":{"@id":"https:\/\/wp.kristdemokraterna.se\/regionostergotland\/nyhetsbrev-vecka-24-6\/#breadcrumb"},"inLanguage":"sv-SE","potentialAction":[{"@type":"ReadAction","target":["https:\/\/wp.kristdemokraterna.se\/regionostergotland\/nyhetsbrev-vecka-24-6\/"]}]},{"@type":"BreadcrumbList","@id":"https:\/\/wp.kristdemokraterna.se\/regionostergotland\/nyhetsbrev-vecka-24-6\/#breadcrumb","itemListElement":[{"@type":"ListItem","position":1,"name":"Hem","item":"https:\/\/wp.kristdemokraterna.se\/regionostergotland\/"},{"@type":"ListItem","position":2,"name":"Nyhetsbrev vecka 24"}]},{"@type":"WebSite","@id":"https:\/\/wp.kristdemokraterna.se\/regionostergotland\/#website","url":"https:\/\/wp.kristdemokraterna.se\/regionostergotland\/","name":"i Region \u00d6sterg\u00f6tland","description":"","inLanguage":"sv-SE"},{"@type":"Person","@id":"https:\/\/wp.kristdemokraterna.se\/regionostergotland\/#\/schema\/person\/74c3c4f502fcc489722a7be0dfe0088c","name":"regionostergotland","image":{"@type":"ImageObject","inLanguage":"sv-SE","@id":"https:\/\/secure.gravatar.com\/avatar\/8fb8f0a216e627554da57506bfaf78d677f45512f24f703e185ec701423b1e92?s=96&d=mm&r=g","url":"https:\/\/secure.gravatar.com\/avatar\/8fb8f0a216e627554da57506bfaf78d677f45512f24f703e185ec701423b1e92?s=96&d=mm&r=g","contentUrl":"https:\/\/secure.gravatar.com\/avatar\/8fb8f0a216e627554da57506bfaf78d677f45512f24f703e185ec701423b1e92?s=96&d=mm&r=g","caption":"regionostergotland"},"url":"https:\/\/wp.kristdemokraterna.se\/regionostergotland\/author\/regionostergotland\/"}]}},"_links":{"self":[{"href":"https:\/\/wp.kristdemokraterna.se\/regionostergotland\/wp-json\/wp\/v2\/posts\/2157","targetHints":{"allow":["GET"]}}],"collection":[{"href":"https:\/\/wp.kristdemokraterna.se\/regionostergotland\/wp-json\/wp\/v2\/posts"}],"about":[{"href":"https:\/\/wp.kristdemokraterna.se\/regionostergotland\/wp-json\/wp\/v2\/types\/post"}],"author":[{"embeddable":true,"href":"https:\/\/wp.kristdemokraterna.se\/regionostergotland\/wp-json\/wp\/v2\/users\/737"}],"replies":[{"embeddable":true,"href":"https:\/\/wp.kristdemokraterna.se\/regionostergotland\/wp-json\/wp\/v2\/comments?post=2157"}],"version-history":[{"count":1,"href":"https:\/\/wp.kristdemokraterna.se\/regionostergotland\/wp-json\/wp\/v2\/posts\/2157\/revisions"}],"predecessor-version":[{"id":2159,"href":"https:\/\/wp.kristdemokraterna.se\/regionostergotland\/wp-json\/wp\/v2\/posts\/2157\/revisions\/2159"}],"wp:attachment":[{"href":"https:\/\/wp.kristdemokraterna.se\/regionostergotland\/wp-json\/wp\/v2\/media?parent=2157"}],"wp:term":[{"taxonomy":"category","embeddable":true,"href":"https:\/\/wp.kristdemokraterna.se\/regionostergotland\/wp-json\/wp\/v2\/categories?post=2157"},{"taxonomy":"post_tag","embeddable":true,"href":"https:\/\/wp.kristdemokraterna.se\/regionostergotland\/wp-json\/wp\/v2\/tags?post=2157"}],"curies":[{"name":"wp","href":"https:\/\/api.w.org\/{rel}","templated":true}]}}