{"id":2166,"date":"2023-08-25T10:53:51","date_gmt":"2023-08-25T08:53:51","guid":{"rendered":"https:\/\/wp.kristdemokraterna.se\/regionostergotland\/?p=2166"},"modified":"2023-08-25T10:53:51","modified_gmt":"2023-08-25T08:53:51","slug":"nyhetsbrev-vecka-33-4","status":"publish","type":"post","link":"https:\/\/wp.kristdemokraterna.se\/regionostergotland\/nyhetsbrev-vecka-33-4\/","title":{"rendered":"Nyhetsbrev vecka 33"},"content":{"rendered":"<p>Hej!<\/p>\n<p>Denna vecka har en hel del grundskoleelever i \u00d6sterg\u00f6tland haft skolstart, och m\u00e5nga l\u00e4rare h\u00e4vdar s\u00e4kert att det \u00e4r d\u00e4rf\u00f6r det i slutet av veckan varit lite b\u00e4ttre v\u00e4der med mer sol och v\u00e4rme\u2026 Terminsstarten f\u00f6r regionpolitiken p\u00e5b\u00f6rjades som bekant redan f\u00f6rra veckan, och intensiteteten har \u00f6kat n\u00e5got denna vecka, \u00e4ven om det fortfarande har varit lite luftigare i almanackan. En liten resum\u00e9 av vad som h\u00e4nt och skett kommer h\u00e4r i veckans nyhetsbrev. Trevlig l\u00e4sning!<!--more--><\/p>\n<p><strong>Gruppm\u00f6te med Kristdemokraternas regiongrupp<\/strong><br \/>\nI m\u00e5ndags kv\u00e4ll var det dags f\u00f6r f\u00f6rsta gruppm\u00f6tet efter sommaruppeh\u00e5llet med Kristdemokraternas regiongrupp. Som brukligt inleddes kv\u00e4llen med n\u00e4mndvisa gruppm\u00f6ten tillsammans med v\u00e5ra samarbetspartier Moderaterna och Liberalerna. P\u00e5 Kristdemokraternas eget gruppm\u00f6te, \u00e4gnade vi oss bl.a. \u00e5t information och diskussion om hur den \u00f6stg\u00f6tska h\u00e4lso- och sjukv\u00e5rden har klarat sommarperioden (som fortfarande p\u00e5g\u00e5r) och statusrapporter kring ett par kristdemokratiska valfr\u00e5gor som nu ska f\u00f6rverkligas. Roligt att tr\u00e4ffa alla igen efter sommaruppeh\u00e5llet &#8211; tack f\u00f6r bra inspel och diskussioner!<\/p>\n<p><strong>M\u00f6te med St\u00e5ng\u00e5dalsbanans v\u00e4nner<\/strong><br \/>\nI tisdags tr\u00e4ffade Lena K\u00e4cker Johansson och jag Niklas Adell och Per-Olov Br\u00e4nnlund fr\u00e5n St\u00e5ng\u00e5dalsbanans v\u00e4nner. De informerade oss om olika kontakter och m\u00f6ten de haft kopplade till utvecklingen av banan, och vi kunde fr\u00e5n v\u00e5r horisont informera om vad som \u00e4r p\u00e5 agendan utifr\u00e5n regionens perspektiv. V\u00e4rdefulla samtal och en del matnyttig information fick vi med oss fr\u00e5n m\u00f6tet!<\/p>\n<p><strong>Heldagsm\u00f6te med Politiska ledningsgruppen<\/strong><br \/>\nI onsdags hade regionens politiska ledningsgrupp (PLG) en heldag som uppstart efter sommaren. PLG best\u00e5r av presidierna i regionstyrelsen, h\u00e4lso- och sjukv\u00e5rdsn\u00e4mnden, regionutvecklingsn\u00e4mnden och trafik- och samh\u00e4llsplaneringsn\u00e4mnden, samt de partiers gruppledare som inte ing\u00e5r i n\u00e5got av presidierna. P\u00e5 dagordningen f\u00f6r onsdagens heldagsm\u00f6te stod bl.a. information om sommaren i regionens olika verksamheter, information och diskussion om aktuellt ekonomiskt l\u00e4ge f\u00f6r regionen och ett l\u00e4ngre pass om rumslig strategi, n\u00e4ra v\u00e5rd, framtidens prim\u00e4rv\u00e5rd och tandv\u00e5rd.<\/p>\n<p><strong>Gemensam uppstartsdag f\u00f6r regionens skolor<\/strong><br \/>\nI g\u00e5r torsdag arrangerades en gemensam uppstartsdag f\u00f6r all personal p\u00e5 regionens tre skolor; Naturbruksgymnasiets tv\u00e5 skolor Vreta Utbildningscentrum och Himmelstalunds utbildningscentrum samt Lunnevads folkh\u00f6gskola. Som ordf\u00f6rande i regionutvecklingsn\u00e4mnden, som ocks\u00e5 fungerar som styrelse f\u00f6r de tre skolorna, hade jag f\u00f6rm\u00e5nen att f\u00e5 inleda dagens program. P\u00e5 dagordningen stod annars ett pass om kommunikation och samarbete med Eric Thyrell, en slags k\u00f6r\u00f6vning med Anna-Carin Strand, l\u00e4rare i k\u00f6rs\u00e5ng p\u00e5 musiklinjen p\u00e5 Lunnevads folkh\u00f6gskola och ett pass med Link\u00f6pings stifts nytilltr\u00e4dda biskop Marika Markovits med rubriken &#8221;Det omistliga, finns det n\u00e5got s\u00e5dant?&#8221;. Dessutom goda m\u00f6jligheter att f\u00e5 tr\u00e4ffa och prata med flera av medarbetarna p\u00e5 de tre skolorna. En v\u00e4lplanerad och fint genomf\u00f6rd dag under ledning av skolchef Ingela Appelsved!<\/p>\n<p><strong>Kartan f\u00f6r \u00d6stg\u00f6tadagarna H\u00f6st \u00e4r h\u00e4r!<\/strong><br \/>\nNu n\u00e4r sommarsemestrar och sommarlov g\u00e5r mot sitt slut, \u00e4r det dags att blicka fram\u00e5t mot f\u00f6rsta helgen i september och \u00d6stg\u00f6tadagarnas h\u00f6stupplaga. Den tryckta kartan f\u00f6r arrangemanget har nu kommit fr\u00e5n tryckeriet, och finns p\u00e5 olika platser. Det kan vara bra att ha med sig ut f\u00f6r att hitta till olika \u00f6stg\u00f6tska entrepren\u00f6rer och f\u00f6reningar p\u00e5 landsbygden. \u00c4ven denna g\u00e5ng har trafik- och samh\u00e4llsplaneringsn\u00e4mndens ordf\u00f6rande Jan Owe-Larsson (M) och jag som regionutvecklingsn\u00e4mndens ordf\u00f6rande f\u00e5tt m\u00f6jlighet att ge en h\u00e4lsning i den tryckta kartan. Med hj\u00e4lp av den, eller den digitala (som du kan hitta h\u00e4r: https:\/\/maps.ostgotadagarna.se\/sv\/karta\/325843\/karta) hoppas jag att du tar chansen att ge dig ut p\u00e5 den \u00f6stg\u00f6tska landsbygden 2-3 september!<\/p>\n<p>I regionhuset p\u00e5g\u00e5r just nu stora flyttbestyr. Med tanke p\u00e5 att det inom vissa enheter har blivit mer distansarbete och f\u00f6r\u00e4ndrade arbetss\u00e4tt, ska en del ombyggnationer ske av befintliga lokaler, och d\u00e4rf\u00f6r har vi i politiken f\u00e5tt packa flyttkartonger och flytta till en annan del av regionhuset. I och med idag fredag \u00e4r sj\u00e4lva flytten genomf\u00f6rd, men det \u00e5terst\u00e5r f\u00f6rst\u00e5s en hel del bestyr innan vi kan k\u00e4nna att vi helt och h\u00e5llet har kommit p\u00e5 plats i v\u00e5ra nya kontorsrum. Jag f\u00e5r s\u00e4kert anledning att \u00e5terkomma till det i ett kommande nyhetsbrev. S\u00e5 l\u00e4nge passar det bra att efter b\u00e5de en m\u00f6tesintensiv vecka och dagar pr\u00e4glade av flyttbestyr, snart f\u00e5 lite helgledigt. Jag hoppas att ni alla f\u00e5r en riktigt trevlig helg!<\/p>\n<p>Med v\u00e4nlig h\u00e4lsning<br \/>\nPer Larsson<br \/>\nRegionr\u00e5d \u2022 Ordf\u00f6rande i Regionutvecklingsn\u00e4mnden<br \/>\nGruppledare f\u00f6r Kristdemokraterna i Region \u00d6sterg\u00f6tland<br \/>\ntfn 010-103 72 84 (arb)<br \/>\ntfn 0702-88 21 34 (mobil)<br \/>\nper.larsson@regionostergotland.se<\/p>\n<p>&nbsp;<\/p>\n","protected":false},"excerpt":{"rendered":"<p>Hej! Denna vecka har en hel del grundskoleelever i \u00d6sterg\u00f6tland haft skolstart, och m\u00e5nga l\u00e4rare h\u00e4vdar s\u00e4kert att det \u00e4r d\u00e4rf\u00f6r det i slutet av veckan varit lite b\u00e4ttre v\u00e4der med mer sol och v\u00e4rme\u2026 Terminsstarten f\u00f6r regionpolitiken p\u00e5b\u00f6rjades som bekant redan f\u00f6rra veckan, och intensiteteten har \u00f6kat n\u00e5got denna vecka, \u00e4ven om det fortfarande <a class=\"read-more-link\" href=\"https:\/\/wp.kristdemokraterna.se\/regionostergotland\/nyhetsbrev-vecka-33-4\/\">Read More<\/a><\/p>\n","protected":false},"author":737,"featured_media":0,"comment_status":"closed","ping_status":"closed","sticky":false,"template":"","format":"standard","meta":{"_acf_changed":false,"footnotes":""},"categories":[1],"tags":[],"class_list":["post-2166","post","type-post","status-publish","format-standard","hentry","category-nyheter"],"acf":[],"yoast_head":"<!-- This site is optimized with the Yoast SEO plugin v27.5 - https:\/\/yoast.com\/product\/yoast-seo-wordpress\/ -->\n<title>Nyhetsbrev vecka 33 - i Region \u00d6sterg\u00f6tland<\/title>\n<meta name=\"robots\" content=\"index, follow, max-snippet:-1, max-image-preview:large, max-video-preview:-1\" \/>\n<link rel=\"canonical\" href=\"https:\/\/wp.kristdemokraterna.se\/regionostergotland\/nyhetsbrev-vecka-33-4\/\" \/>\n<meta property=\"og:locale\" content=\"sv_SE\" \/>\n<meta property=\"og:type\" content=\"article\" \/>\n<meta property=\"og:title\" content=\"Nyhetsbrev vecka 33 - i Region \u00d6sterg\u00f6tland\" \/>\n<meta property=\"og:description\" content=\"Hej! Denna vecka har en hel del grundskoleelever i \u00d6sterg\u00f6tland haft skolstart, och m\u00e5nga l\u00e4rare h\u00e4vdar s\u00e4kert att det \u00e4r d\u00e4rf\u00f6r det i slutet av veckan varit lite b\u00e4ttre v\u00e4der med mer sol och v\u00e4rme\u2026 Terminsstarten f\u00f6r regionpolitiken p\u00e5b\u00f6rjades som bekant redan f\u00f6rra veckan, och intensiteteten har \u00f6kat n\u00e5got denna vecka, \u00e4ven om det fortfarande Read More\" \/>\n<meta property=\"og:url\" content=\"https:\/\/wp.kristdemokraterna.se\/regionostergotland\/nyhetsbrev-vecka-33-4\/\" \/>\n<meta property=\"og:site_name\" content=\"i Region \u00d6sterg\u00f6tland\" \/>\n<meta property=\"article:published_time\" content=\"2023-08-25T08:53:51+00:00\" \/>\n<meta property=\"og:image\" content=\"http:\/\/wp.kristdemokraterna.se\/regionostergotland\/files\/2023\/08\/bild-nyhetsbrev-2023-vecka-33.jpg\" \/>\n\t<meta property=\"og:image:width\" content=\"2048\" \/>\n\t<meta property=\"og:image:height\" content=\"1067\" \/>\n\t<meta property=\"og:image:type\" content=\"image\/jpeg\" \/>\n<meta name=\"author\" content=\"regionostergotland\" \/>\n<meta name=\"twitter:card\" content=\"summary_large_image\" \/>\n<meta name=\"twitter:label1\" content=\"Skriven av\" \/>\n\t<meta name=\"twitter:data1\" content=\"regionostergotland\" \/>\n\t<meta name=\"twitter:label2\" content=\"Ber\u00e4knad l\u00e4stid\" \/>\n\t<meta name=\"twitter:data2\" content=\"4 minuter\" \/>\n<script type=\"application\/ld+json\" class=\"yoast-schema-graph\">{\"@context\":\"https:\\\/\\\/schema.org\",\"@graph\":[{\"@type\":\"Article\",\"@id\":\"https:\\\/\\\/wp.kristdemokraterna.se\\\/regionostergotland\\\/nyhetsbrev-vecka-33-4\\\/#article\",\"isPartOf\":{\"@id\":\"https:\\\/\\\/wp.kristdemokraterna.se\\\/regionostergotland\\\/nyhetsbrev-vecka-33-4\\\/\"},\"author\":{\"name\":\"regionostergotland\",\"@id\":\"https:\\\/\\\/wp.kristdemokraterna.se\\\/regionostergotland\\\/#\\\/schema\\\/person\\\/74c3c4f502fcc489722a7be0dfe0088c\"},\"headline\":\"Nyhetsbrev vecka 33\",\"datePublished\":\"2023-08-25T08:53:51+00:00\",\"mainEntityOfPage\":{\"@id\":\"https:\\\/\\\/wp.kristdemokraterna.se\\\/regionostergotland\\\/nyhetsbrev-vecka-33-4\\\/\"},\"wordCount\":862,\"articleSection\":[\"Nyheter\"],\"inLanguage\":\"sv-SE\"},{\"@type\":\"WebPage\",\"@id\":\"https:\\\/\\\/wp.kristdemokraterna.se\\\/regionostergotland\\\/nyhetsbrev-vecka-33-4\\\/\",\"url\":\"https:\\\/\\\/wp.kristdemokraterna.se\\\/regionostergotland\\\/nyhetsbrev-vecka-33-4\\\/\",\"name\":\"Nyhetsbrev vecka 33 - i Region \u00d6sterg\u00f6tland\",\"isPartOf\":{\"@id\":\"https:\\\/\\\/wp.kristdemokraterna.se\\\/regionostergotland\\\/#website\"},\"datePublished\":\"2023-08-25T08:53:51+00:00\",\"author\":{\"@id\":\"https:\\\/\\\/wp.kristdemokraterna.se\\\/regionostergotland\\\/#\\\/schema\\\/person\\\/74c3c4f502fcc489722a7be0dfe0088c\"},\"breadcrumb\":{\"@id\":\"https:\\\/\\\/wp.kristdemokraterna.se\\\/regionostergotland\\\/nyhetsbrev-vecka-33-4\\\/#breadcrumb\"},\"inLanguage\":\"sv-SE\",\"potentialAction\":[{\"@type\":\"ReadAction\",\"target\":[\"https:\\\/\\\/wp.kristdemokraterna.se\\\/regionostergotland\\\/nyhetsbrev-vecka-33-4\\\/\"]}]},{\"@type\":\"BreadcrumbList\",\"@id\":\"https:\\\/\\\/wp.kristdemokraterna.se\\\/regionostergotland\\\/nyhetsbrev-vecka-33-4\\\/#breadcrumb\",\"itemListElement\":[{\"@type\":\"ListItem\",\"position\":1,\"name\":\"Hem\",\"item\":\"https:\\\/\\\/wp.kristdemokraterna.se\\\/regionostergotland\\\/\"},{\"@type\":\"ListItem\",\"position\":2,\"name\":\"Nyhetsbrev vecka 33\"}]},{\"@type\":\"WebSite\",\"@id\":\"https:\\\/\\\/wp.kristdemokraterna.se\\\/regionostergotland\\\/#website\",\"url\":\"https:\\\/\\\/wp.kristdemokraterna.se\\\/regionostergotland\\\/\",\"name\":\"i Region \u00d6sterg\u00f6tland\",\"description\":\"\",\"inLanguage\":\"sv-SE\"},{\"@type\":\"Person\",\"@id\":\"https:\\\/\\\/wp.kristdemokraterna.se\\\/regionostergotland\\\/#\\\/schema\\\/person\\\/74c3c4f502fcc489722a7be0dfe0088c\",\"name\":\"regionostergotland\",\"image\":{\"@type\":\"ImageObject\",\"inLanguage\":\"sv-SE\",\"@id\":\"https:\\\/\\\/secure.gravatar.com\\\/avatar\\\/8fb8f0a216e627554da57506bfaf78d677f45512f24f703e185ec701423b1e92?s=96&d=mm&r=g\",\"url\":\"https:\\\/\\\/secure.gravatar.com\\\/avatar\\\/8fb8f0a216e627554da57506bfaf78d677f45512f24f703e185ec701423b1e92?s=96&d=mm&r=g\",\"contentUrl\":\"https:\\\/\\\/secure.gravatar.com\\\/avatar\\\/8fb8f0a216e627554da57506bfaf78d677f45512f24f703e185ec701423b1e92?s=96&d=mm&r=g\",\"caption\":\"regionostergotland\"},\"url\":\"https:\\\/\\\/wp.kristdemokraterna.se\\\/regionostergotland\\\/author\\\/regionostergotland\\\/\"}]}<\/script>\n<!-- \/ Yoast SEO plugin. -->","yoast_head_json":{"title":"Nyhetsbrev vecka 33 - i Region \u00d6sterg\u00f6tland","robots":{"index":"index","follow":"follow","max-snippet":"max-snippet:-1","max-image-preview":"max-image-preview:large","max-video-preview":"max-video-preview:-1"},"canonical":"https:\/\/wp.kristdemokraterna.se\/regionostergotland\/nyhetsbrev-vecka-33-4\/","og_locale":"sv_SE","og_type":"article","og_title":"Nyhetsbrev vecka 33 - i Region \u00d6sterg\u00f6tland","og_description":"Hej! Denna vecka har en hel del grundskoleelever i \u00d6sterg\u00f6tland haft skolstart, och m\u00e5nga l\u00e4rare h\u00e4vdar s\u00e4kert att det \u00e4r d\u00e4rf\u00f6r det i slutet av veckan varit lite b\u00e4ttre v\u00e4der med mer sol och v\u00e4rme\u2026 Terminsstarten f\u00f6r regionpolitiken p\u00e5b\u00f6rjades som bekant redan f\u00f6rra veckan, och intensiteteten har \u00f6kat n\u00e5got denna vecka, \u00e4ven om det fortfarande Read More","og_url":"https:\/\/wp.kristdemokraterna.se\/regionostergotland\/nyhetsbrev-vecka-33-4\/","og_site_name":"i Region \u00d6sterg\u00f6tland","article_published_time":"2023-08-25T08:53:51+00:00","og_image":[{"width":2048,"height":1067,"url":"http:\/\/wp.kristdemokraterna.se\/regionostergotland\/files\/2023\/08\/bild-nyhetsbrev-2023-vecka-33.jpg","type":"image\/jpeg"}],"author":"regionostergotland","twitter_card":"summary_large_image","twitter_misc":{"Skriven av":"regionostergotland","Ber\u00e4knad l\u00e4stid":"4 minuter"},"schema":{"@context":"https:\/\/schema.org","@graph":[{"@type":"Article","@id":"https:\/\/wp.kristdemokraterna.se\/regionostergotland\/nyhetsbrev-vecka-33-4\/#article","isPartOf":{"@id":"https:\/\/wp.kristdemokraterna.se\/regionostergotland\/nyhetsbrev-vecka-33-4\/"},"author":{"name":"regionostergotland","@id":"https:\/\/wp.kristdemokraterna.se\/regionostergotland\/#\/schema\/person\/74c3c4f502fcc489722a7be0dfe0088c"},"headline":"Nyhetsbrev vecka 33","datePublished":"2023-08-25T08:53:51+00:00","mainEntityOfPage":{"@id":"https:\/\/wp.kristdemokraterna.se\/regionostergotland\/nyhetsbrev-vecka-33-4\/"},"wordCount":862,"articleSection":["Nyheter"],"inLanguage":"sv-SE"},{"@type":"WebPage","@id":"https:\/\/wp.kristdemokraterna.se\/regionostergotland\/nyhetsbrev-vecka-33-4\/","url":"https:\/\/wp.kristdemokraterna.se\/regionostergotland\/nyhetsbrev-vecka-33-4\/","name":"Nyhetsbrev vecka 33 - i Region \u00d6sterg\u00f6tland","isPartOf":{"@id":"https:\/\/wp.kristdemokraterna.se\/regionostergotland\/#website"},"datePublished":"2023-08-25T08:53:51+00:00","author":{"@id":"https:\/\/wp.kristdemokraterna.se\/regionostergotland\/#\/schema\/person\/74c3c4f502fcc489722a7be0dfe0088c"},"breadcrumb":{"@id":"https:\/\/wp.kristdemokraterna.se\/regionostergotland\/nyhetsbrev-vecka-33-4\/#breadcrumb"},"inLanguage":"sv-SE","potentialAction":[{"@type":"ReadAction","target":["https:\/\/wp.kristdemokraterna.se\/regionostergotland\/nyhetsbrev-vecka-33-4\/"]}]},{"@type":"BreadcrumbList","@id":"https:\/\/wp.kristdemokraterna.se\/regionostergotland\/nyhetsbrev-vecka-33-4\/#breadcrumb","itemListElement":[{"@type":"ListItem","position":1,"name":"Hem","item":"https:\/\/wp.kristdemokraterna.se\/regionostergotland\/"},{"@type":"ListItem","position":2,"name":"Nyhetsbrev vecka 33"}]},{"@type":"WebSite","@id":"https:\/\/wp.kristdemokraterna.se\/regionostergotland\/#website","url":"https:\/\/wp.kristdemokraterna.se\/regionostergotland\/","name":"i Region \u00d6sterg\u00f6tland","description":"","inLanguage":"sv-SE"},{"@type":"Person","@id":"https:\/\/wp.kristdemokraterna.se\/regionostergotland\/#\/schema\/person\/74c3c4f502fcc489722a7be0dfe0088c","name":"regionostergotland","image":{"@type":"ImageObject","inLanguage":"sv-SE","@id":"https:\/\/secure.gravatar.com\/avatar\/8fb8f0a216e627554da57506bfaf78d677f45512f24f703e185ec701423b1e92?s=96&d=mm&r=g","url":"https:\/\/secure.gravatar.com\/avatar\/8fb8f0a216e627554da57506bfaf78d677f45512f24f703e185ec701423b1e92?s=96&d=mm&r=g","contentUrl":"https:\/\/secure.gravatar.com\/avatar\/8fb8f0a216e627554da57506bfaf78d677f45512f24f703e185ec701423b1e92?s=96&d=mm&r=g","caption":"regionostergotland"},"url":"https:\/\/wp.kristdemokraterna.se\/regionostergotland\/author\/regionostergotland\/"}]}},"_links":{"self":[{"href":"https:\/\/wp.kristdemokraterna.se\/regionostergotland\/wp-json\/wp\/v2\/posts\/2166","targetHints":{"allow":["GET"]}}],"collection":[{"href":"https:\/\/wp.kristdemokraterna.se\/regionostergotland\/wp-json\/wp\/v2\/posts"}],"about":[{"href":"https:\/\/wp.kristdemokraterna.se\/regionostergotland\/wp-json\/wp\/v2\/types\/post"}],"author":[{"embeddable":true,"href":"https:\/\/wp.kristdemokraterna.se\/regionostergotland\/wp-json\/wp\/v2\/users\/737"}],"replies":[{"embeddable":true,"href":"https:\/\/wp.kristdemokraterna.se\/regionostergotland\/wp-json\/wp\/v2\/comments?post=2166"}],"version-history":[{"count":1,"href":"https:\/\/wp.kristdemokraterna.se\/regionostergotland\/wp-json\/wp\/v2\/posts\/2166\/revisions"}],"predecessor-version":[{"id":2168,"href":"https:\/\/wp.kristdemokraterna.se\/regionostergotland\/wp-json\/wp\/v2\/posts\/2166\/revisions\/2168"}],"wp:attachment":[{"href":"https:\/\/wp.kristdemokraterna.se\/regionostergotland\/wp-json\/wp\/v2\/media?parent=2166"}],"wp:term":[{"taxonomy":"category","embeddable":true,"href":"https:\/\/wp.kristdemokraterna.se\/regionostergotland\/wp-json\/wp\/v2\/categories?post=2166"},{"taxonomy":"post_tag","embeddable":true,"href":"https:\/\/wp.kristdemokraterna.se\/regionostergotland\/wp-json\/wp\/v2\/tags?post=2166"}],"curies":[{"name":"wp","href":"https:\/\/api.w.org\/{rel}","templated":true}]}}