{"id":2172,"date":"2023-09-01T15:59:37","date_gmt":"2023-09-01T13:59:37","guid":{"rendered":"https:\/\/wp.kristdemokraterna.se\/regionostergotland\/?p=2172"},"modified":"2023-09-01T15:59:37","modified_gmt":"2023-09-01T13:59:37","slug":"nyhetsbrev-vecka-35-5","status":"publish","type":"post","link":"https:\/\/wp.kristdemokraterna.se\/regionostergotland\/nyhetsbrev-vecka-35-5\/","title":{"rendered":"Nyhetsbrev vecka 35"},"content":{"rendered":"<p>Hej!<\/p>\n<p>I dag har det onekligen varit ett ganska enformigt v\u00e4der, med enbart variation avseende regnets intensitet\u2026 Men veckan har ocks\u00e5 bjudit p\u00e5 inslag av riktigt somrigt v\u00e4der, s\u00e5 det \u00e4r v\u00e4l inte helt n\u00f6dv\u00e4ndigt att klaga, eller? Veckans program har oberoende av v\u00e4dret varit intensivt och n\u00e5gra nedslag i det som h\u00e4nt och skett kommer h\u00e4r i veckans nyhetsbrev. Trevlig l\u00e4sning!<!--more--><\/p>\n<p><strong>M\u00e5ndagsm\u00f6te med uppf\u00f6ljning av budgetuppdrag<\/strong><br \/>\nVeckan inleddes som vanligt med m\u00e5ndagsm\u00f6te, d\u00e4r f\u00f6rsta timmen \u00e4gnas \u00e5t olika informationspunkter fr\u00e5n regionens ledande direkt\u00f6rer och i f\u00f6rekommande fall inbjudna g\u00e4ster. I m\u00e5ndags fick vi uppf\u00f6ljning av arbetet med n\u00e5gra av de uppdrag till regionledningskontoret utifr\u00e5n tre\u00e5rsbudgeten som bl.a. syftar till minskad administration, att f\u00e5nga tidstjuvar och reducera kostnader f\u00f6r ink\u00f6p. Ett viktigt och n\u00f6dv\u00e4ndigt arbete, som \u00e4r en del i det st\u00f6rre arbetet att komma till r\u00e4tta med regionens anstr\u00e4ngda ekonomiska l\u00e4ge.<\/p>\n<p><strong>Uppladdning inf\u00f6r \u00d6stg\u00f6tadagarna med \u00e5rets bakverk i regionens cafeteria<\/strong><br \/>\nI m\u00e5ndags eftermiddag fick personal och bes\u00f6kare i regionhuset en p\u00e5minnelse om att det i helgen \u00e4r dags f\u00f6r h\u00f6stupplagan av \u00d6stg\u00f6tadagarna. Det genom t\u00e4vling och jury utsedda \u00e5rets \u00d6stg\u00f6tadagsbakverk serverades i regionhusets cafeteria. I helgen \u00e4r det ett antal av akt\u00f6rerna under \u00d6stg\u00f6tadagarna som ocks\u00e5 erbjuder sin version av bakverket. P\u00e5 den digitala (och tryckta) kartan f\u00f6r \u00d6stg\u00f6tadagarna H\u00f6st kan du l\u00e4tt se vilka det \u00e4r. Du hittar den digitala kartan h\u00e4r: (<a href=\"https:\/\/maps.ostgotadagarna.se\/sv\/karta\/325843\/karta\" target=\"_blank\" rel=\"noopener\">https:\/\/maps.ostgotadagarna.se\/sv\/karta\/325843\/karta<\/a>)<\/p>\n<p><strong>Sammantr\u00e4de med Beredningen f\u00f6r kultur och friluftsliv<\/strong><br \/>\nI tisdags f\u00f6rmiddag var det dags f\u00f6r h\u00f6stens f\u00f6rsta sammantr\u00e4de med regionutvecklingsn\u00e4mndens beredning f\u00f6r kultur och friluftsliv. Beredningen g\u00e4stades denna g\u00e5ng av Annika Larsson, som ansvarar f\u00f6r arbetet med att ta fram en idrottspolitisk plan. Hon ber\u00e4ttade om arbetet och fick ocks\u00e5 inspel fr\u00e5n beredningens ledam\u00f6ter. Huvuddelen av sammantr\u00e4det \u00e4gnades sedan \u00e5t en genomg\u00e5ng av de remissvar som kommit in p\u00e5 remissversionen av Kulturplan f\u00f6r \u00d6sterg\u00f6tland 2024-2027, och kulturenhetens f\u00f6rslag till hantering av synpunkterna. Gl\u00e4djande med m\u00e5nga konstruktiva f\u00f6rslag till f\u00f6rb\u00e4ttringar av planen!<\/p>\n<p><strong>Studiebes\u00f6k p\u00e5 Arkivet f\u00f6r det of\u00f6rklarade med \u00d6sterg\u00f6tlands Arkivf\u00f6rbund<\/strong><br \/>\nP\u00e5 tisdagseftermiddagen gjorde \u00d6sterg\u00f6tlands Arkivf\u00f6rbunds styrelse, d\u00e4r jag \u00e4r ledamot, ett studiebes\u00f6k p\u00e5 Arkivet f\u00f6r det of\u00f6rklarade, eller UFO-arkivet som det ibland kallas, i Norrk\u00f6ping. Vi fick se olika delar av arkivets samlingar och h\u00f6ra mer om hur arkivet utvecklats under \u00e5ren. Fascinerande att ta del av det engagemang och imponerande internationella kontaktn\u00e4t som arkivet har!<\/p>\n<p><strong>Sammantr\u00e4de med L\u00e4kemedelsskaden\u00e4mnden<\/strong><br \/>\nI onsdags var det dags f\u00f6r mitt andra sammantr\u00e4de som ledamot i L\u00e4kemedelsskaden\u00e4mnden. N\u00e4mnden som sammantr\u00e4der i Svenska F\u00f6rs\u00e4kringsf\u00f6reningens lokaler i det stora kontorskomplexet Garnisonen p\u00e5 \u00d6stermalm i Stockholm, behandlar \u00f6verklagade ers\u00e4ttnings\u00e4renden fr\u00e5n L\u00e4kemedelsf\u00f6rs\u00e4kringen. F\u00f6rs\u00e4kringen som \u00e4r ett frivilligt \u00e5tagande fr\u00e5n branschen, leds av jurister, har ett antal l\u00e4kare bland ledam\u00f6terna och sedan fyra patientrepresentanter som utses av regeringen p\u00e5 nominering fr\u00e5n partierna. Det \u00e4r i nul\u00e4get tv\u00e5 regionpolitiker och tv\u00e5 riksdagsledam\u00f6ter. Ett mycket intressant och l\u00e4rorikt uppdrag!<\/p>\n<p><strong>Extra gruppm\u00f6te med Kristdemokraternas SKR-grupp<\/strong><br \/>\nP\u00e5 onsdagskv\u00e4llen h\u00f6lls ett extra digitalt gruppm\u00f6te med Kristdemokraternas partigrupp i Sveriges kommuner och regioner (SKR). Anledningen var att det drar ihop sig till stoppdatum f\u00f6r motioner till SKR:s ordinarie kongress som genomf\u00f6rs i mitten av november. Vid gruppm\u00f6tet lyftes flera bra motionsf\u00f6rslag som sedan olika ledam\u00f6ter ska arbete vidare med!<\/p>\n<p><strong>Prisutdelning av \u00d6stg\u00f6tadagarnas tre utm\u00e4rkelser \u2013 p\u00e5 Link\u00f6pings slott<\/strong><br \/>\nI helgen \u00e4r det som sagt \u00d6stg\u00f6tadagarna och i anslutning till \u00d6stg\u00f6tadagarna delas \u00e5rligen tre priser ut; \u00c5rets konsthantverkare, \u00e5rets landsbygdsstipendiat och \u00e5rets bakverk. Regionutvecklingsn\u00e4mnden beslutar, som jag ber\u00e4ttat om i tidigare nyhetsbrev, om \u00e5rets konsthantverkare, medan Trafik- och samh\u00e4llsplaneringsn\u00e4mnden beslutar om de tv\u00e5 \u00f6vriga priserna. Prisutdelningen sker av tradition p\u00e5 Link\u00f6pings slott d\u00e4r vi har gl\u00e4djen att ha landsh\u00f6vdingen som prisutdelare. I g\u00e5r torsdag eftermiddag var d\u00e4rf\u00f6r ansvarig tj\u00e4nsteperson f\u00f6r \u00d6stg\u00f6tadagarna, Ulrika Sundberg, regionutvecklingsdirekt\u00f6r Richard Wid\u00e9n och jag p\u00e5 plats p\u00e5 slottet f\u00f6r den h\u00f6gtidliga och trevliga prisceremonin. De tre pristagarna var mycket glada och tacksamma och passande nog avslutades det hela med kaffe och det prisvinnande \u00f6stg\u00f6tadagsbakverket!<\/p>\n<p><strong>Temakv\u00e4ll om gr\u00f6n stadsplanering i Mj\u00f6lby<\/strong><br \/>\nUnder v\u00e5ren och h\u00f6sten i \u00e5r arrangerar Kristdemokraternas studieorganisation i \u00d6sterg\u00f6tland, Framtidsbildarna, en serie temakv\u00e4llar. I g\u00e5r var det dags f\u00f6r det andra tillf\u00e4llet, och temat var gr\u00f6n stadsplanering. Vi g\u00e4stade Mj\u00f6lby kommun och i fokus var det framv\u00e4xande bostadsomr\u00e5det Svart\u00e5 Strand, d\u00e4r tidigare industrimark och sumpskog blir ett attraktivt omr\u00e5de i anslutning till Svart\u00e5n. Exploateringsingenj\u00f6r Kettil Kindestam gav oss inledningsvis en intressant f\u00f6redragning i kommunstyrelsesalen i stadshuset, och tog oss sedan med p\u00e5 en promenad i omr\u00e5det. En intressant och lyckad kv\u00e4ll!<\/p>\n<p>I morgon l\u00f6rdag v\u00e4ntar f\u00f6r mig deltagande i den officiella \u00f6stg\u00f6tadagsturen tillsammans med trafik- och samh\u00e4llsplaneringsn\u00e4mndens ordf\u00f6rande Jan Owe-Larsson och landsh\u00f6vdingen. Kanske har ocks\u00e5 du m\u00f6jlighet att g\u00f6ra en tur till n\u00e5gra av alla akt\u00f6rer p\u00e5 \u00d6stg\u00f6tadagarna? I vilket fall som helst hoppas jag att du f\u00e5r en riktigt fin helg!<\/p>\n<p>Med v\u00e4nlig h\u00e4lsning<br \/>\nPer Larsson<br \/>\nRegionr\u00e5d \u2022 Ordf\u00f6rande i Regionutvecklingsn\u00e4mnden<br \/>\nGruppledare f\u00f6r Kristdemokraterna i Region \u00d6sterg\u00f6tland<br \/>\ntfn 010-103 72 84 (arb)<br \/>\ntfn 0702-88 21 34 (mobil)<br \/>\nper.larsson@regionostergotland.se<\/p>\n<p>&nbsp;<\/p>\n","protected":false},"excerpt":{"rendered":"<p>Hej! I dag har det onekligen varit ett ganska enformigt v\u00e4der, med enbart variation avseende regnets intensitet\u2026 Men veckan har ocks\u00e5 bjudit p\u00e5 inslag av riktigt somrigt v\u00e4der, s\u00e5 det \u00e4r v\u00e4l inte helt n\u00f6dv\u00e4ndigt att klaga, eller? Veckans program har oberoende av v\u00e4dret varit intensivt och n\u00e5gra nedslag i det som h\u00e4nt och skett <a class=\"read-more-link\" href=\"https:\/\/wp.kristdemokraterna.se\/regionostergotland\/nyhetsbrev-vecka-35-5\/\">Read More<\/a><\/p>\n","protected":false},"author":737,"featured_media":0,"comment_status":"closed","ping_status":"closed","sticky":false,"template":"","format":"standard","meta":{"_acf_changed":false,"footnotes":""},"categories":[1],"tags":[],"class_list":["post-2172","post","type-post","status-publish","format-standard","hentry","category-nyheter"],"acf":[],"yoast_head":"<!-- This site is optimized with the Yoast SEO plugin v27.5 - https:\/\/yoast.com\/product\/yoast-seo-wordpress\/ -->\n<title>Nyhetsbrev vecka 35 - i Region \u00d6sterg\u00f6tland<\/title>\n<meta name=\"robots\" content=\"index, follow, max-snippet:-1, max-image-preview:large, max-video-preview:-1\" \/>\n<link rel=\"canonical\" href=\"https:\/\/wp.kristdemokraterna.se\/regionostergotland\/nyhetsbrev-vecka-35-5\/\" \/>\n<meta property=\"og:locale\" content=\"sv_SE\" \/>\n<meta property=\"og:type\" content=\"article\" \/>\n<meta property=\"og:title\" content=\"Nyhetsbrev vecka 35 - i Region \u00d6sterg\u00f6tland\" \/>\n<meta property=\"og:description\" content=\"Hej! I dag har det onekligen varit ett ganska enformigt v\u00e4der, med enbart variation avseende regnets intensitet\u2026 Men veckan har ocks\u00e5 bjudit p\u00e5 inslag av riktigt somrigt v\u00e4der, s\u00e5 det \u00e4r v\u00e4l inte helt n\u00f6dv\u00e4ndigt att klaga, eller? Veckans program har oberoende av v\u00e4dret varit intensivt och n\u00e5gra nedslag i det som h\u00e4nt och skett Read More\" \/>\n<meta property=\"og:url\" content=\"https:\/\/wp.kristdemokraterna.se\/regionostergotland\/nyhetsbrev-vecka-35-5\/\" \/>\n<meta property=\"og:site_name\" content=\"i Region \u00d6sterg\u00f6tland\" \/>\n<meta property=\"article:published_time\" content=\"2023-09-01T13:59:37+00:00\" \/>\n<meta property=\"og:image\" content=\"http:\/\/wp.kristdemokraterna.se\/regionostergotland\/files\/2023\/09\/bild-nyhetsbrev-2023-vecka-35-1024x533.jpg\" \/>\n\t<meta property=\"og:image:width\" content=\"1024\" \/>\n\t<meta property=\"og:image:height\" content=\"533\" \/>\n\t<meta property=\"og:image:type\" content=\"image\/jpeg\" \/>\n<meta name=\"author\" content=\"regionostergotland\" \/>\n<meta name=\"twitter:card\" content=\"summary_large_image\" \/>\n<meta name=\"twitter:label1\" content=\"Skriven av\" \/>\n\t<meta name=\"twitter:data1\" content=\"regionostergotland\" \/>\n\t<meta name=\"twitter:label2\" content=\"Ber\u00e4knad l\u00e4stid\" \/>\n\t<meta name=\"twitter:data2\" content=\"5 minuter\" \/>\n<script type=\"application\/ld+json\" class=\"yoast-schema-graph\">{\"@context\":\"https:\\\/\\\/schema.org\",\"@graph\":[{\"@type\":\"Article\",\"@id\":\"https:\\\/\\\/wp.kristdemokraterna.se\\\/regionostergotland\\\/nyhetsbrev-vecka-35-5\\\/#article\",\"isPartOf\":{\"@id\":\"https:\\\/\\\/wp.kristdemokraterna.se\\\/regionostergotland\\\/nyhetsbrev-vecka-35-5\\\/\"},\"author\":{\"name\":\"regionostergotland\",\"@id\":\"https:\\\/\\\/wp.kristdemokraterna.se\\\/regionostergotland\\\/#\\\/schema\\\/person\\\/74c3c4f502fcc489722a7be0dfe0088c\"},\"headline\":\"Nyhetsbrev vecka 35\",\"datePublished\":\"2023-09-01T13:59:37+00:00\",\"mainEntityOfPage\":{\"@id\":\"https:\\\/\\\/wp.kristdemokraterna.se\\\/regionostergotland\\\/nyhetsbrev-vecka-35-5\\\/\"},\"wordCount\":1004,\"articleSection\":[\"Nyheter\"],\"inLanguage\":\"sv-SE\"},{\"@type\":\"WebPage\",\"@id\":\"https:\\\/\\\/wp.kristdemokraterna.se\\\/regionostergotland\\\/nyhetsbrev-vecka-35-5\\\/\",\"url\":\"https:\\\/\\\/wp.kristdemokraterna.se\\\/regionostergotland\\\/nyhetsbrev-vecka-35-5\\\/\",\"name\":\"Nyhetsbrev vecka 35 - i Region \u00d6sterg\u00f6tland\",\"isPartOf\":{\"@id\":\"https:\\\/\\\/wp.kristdemokraterna.se\\\/regionostergotland\\\/#website\"},\"datePublished\":\"2023-09-01T13:59:37+00:00\",\"author\":{\"@id\":\"https:\\\/\\\/wp.kristdemokraterna.se\\\/regionostergotland\\\/#\\\/schema\\\/person\\\/74c3c4f502fcc489722a7be0dfe0088c\"},\"breadcrumb\":{\"@id\":\"https:\\\/\\\/wp.kristdemokraterna.se\\\/regionostergotland\\\/nyhetsbrev-vecka-35-5\\\/#breadcrumb\"},\"inLanguage\":\"sv-SE\",\"potentialAction\":[{\"@type\":\"ReadAction\",\"target\":[\"https:\\\/\\\/wp.kristdemokraterna.se\\\/regionostergotland\\\/nyhetsbrev-vecka-35-5\\\/\"]}]},{\"@type\":\"BreadcrumbList\",\"@id\":\"https:\\\/\\\/wp.kristdemokraterna.se\\\/regionostergotland\\\/nyhetsbrev-vecka-35-5\\\/#breadcrumb\",\"itemListElement\":[{\"@type\":\"ListItem\",\"position\":1,\"name\":\"Hem\",\"item\":\"https:\\\/\\\/wp.kristdemokraterna.se\\\/regionostergotland\\\/\"},{\"@type\":\"ListItem\",\"position\":2,\"name\":\"Nyhetsbrev vecka 35\"}]},{\"@type\":\"WebSite\",\"@id\":\"https:\\\/\\\/wp.kristdemokraterna.se\\\/regionostergotland\\\/#website\",\"url\":\"https:\\\/\\\/wp.kristdemokraterna.se\\\/regionostergotland\\\/\",\"name\":\"i Region \u00d6sterg\u00f6tland\",\"description\":\"\",\"inLanguage\":\"sv-SE\"},{\"@type\":\"Person\",\"@id\":\"https:\\\/\\\/wp.kristdemokraterna.se\\\/regionostergotland\\\/#\\\/schema\\\/person\\\/74c3c4f502fcc489722a7be0dfe0088c\",\"name\":\"regionostergotland\",\"image\":{\"@type\":\"ImageObject\",\"inLanguage\":\"sv-SE\",\"@id\":\"https:\\\/\\\/secure.gravatar.com\\\/avatar\\\/8fb8f0a216e627554da57506bfaf78d677f45512f24f703e185ec701423b1e92?s=96&d=mm&r=g\",\"url\":\"https:\\\/\\\/secure.gravatar.com\\\/avatar\\\/8fb8f0a216e627554da57506bfaf78d677f45512f24f703e185ec701423b1e92?s=96&d=mm&r=g\",\"contentUrl\":\"https:\\\/\\\/secure.gravatar.com\\\/avatar\\\/8fb8f0a216e627554da57506bfaf78d677f45512f24f703e185ec701423b1e92?s=96&d=mm&r=g\",\"caption\":\"regionostergotland\"},\"url\":\"https:\\\/\\\/wp.kristdemokraterna.se\\\/regionostergotland\\\/author\\\/regionostergotland\\\/\"}]}<\/script>\n<!-- \/ Yoast SEO plugin. -->","yoast_head_json":{"title":"Nyhetsbrev vecka 35 - i Region \u00d6sterg\u00f6tland","robots":{"index":"index","follow":"follow","max-snippet":"max-snippet:-1","max-image-preview":"max-image-preview:large","max-video-preview":"max-video-preview:-1"},"canonical":"https:\/\/wp.kristdemokraterna.se\/regionostergotland\/nyhetsbrev-vecka-35-5\/","og_locale":"sv_SE","og_type":"article","og_title":"Nyhetsbrev vecka 35 - i Region \u00d6sterg\u00f6tland","og_description":"Hej! I dag har det onekligen varit ett ganska enformigt v\u00e4der, med enbart variation avseende regnets intensitet\u2026 Men veckan har ocks\u00e5 bjudit p\u00e5 inslag av riktigt somrigt v\u00e4der, s\u00e5 det \u00e4r v\u00e4l inte helt n\u00f6dv\u00e4ndigt att klaga, eller? Veckans program har oberoende av v\u00e4dret varit intensivt och n\u00e5gra nedslag i det som h\u00e4nt och skett Read More","og_url":"https:\/\/wp.kristdemokraterna.se\/regionostergotland\/nyhetsbrev-vecka-35-5\/","og_site_name":"i Region \u00d6sterg\u00f6tland","article_published_time":"2023-09-01T13:59:37+00:00","og_image":[{"width":1024,"height":533,"url":"http:\/\/wp.kristdemokraterna.se\/regionostergotland\/files\/2023\/09\/bild-nyhetsbrev-2023-vecka-35-1024x533.jpg","type":"image\/jpeg"}],"author":"regionostergotland","twitter_card":"summary_large_image","twitter_misc":{"Skriven av":"regionostergotland","Ber\u00e4knad l\u00e4stid":"5 minuter"},"schema":{"@context":"https:\/\/schema.org","@graph":[{"@type":"Article","@id":"https:\/\/wp.kristdemokraterna.se\/regionostergotland\/nyhetsbrev-vecka-35-5\/#article","isPartOf":{"@id":"https:\/\/wp.kristdemokraterna.se\/regionostergotland\/nyhetsbrev-vecka-35-5\/"},"author":{"name":"regionostergotland","@id":"https:\/\/wp.kristdemokraterna.se\/regionostergotland\/#\/schema\/person\/74c3c4f502fcc489722a7be0dfe0088c"},"headline":"Nyhetsbrev vecka 35","datePublished":"2023-09-01T13:59:37+00:00","mainEntityOfPage":{"@id":"https:\/\/wp.kristdemokraterna.se\/regionostergotland\/nyhetsbrev-vecka-35-5\/"},"wordCount":1004,"articleSection":["Nyheter"],"inLanguage":"sv-SE"},{"@type":"WebPage","@id":"https:\/\/wp.kristdemokraterna.se\/regionostergotland\/nyhetsbrev-vecka-35-5\/","url":"https:\/\/wp.kristdemokraterna.se\/regionostergotland\/nyhetsbrev-vecka-35-5\/","name":"Nyhetsbrev vecka 35 - i Region \u00d6sterg\u00f6tland","isPartOf":{"@id":"https:\/\/wp.kristdemokraterna.se\/regionostergotland\/#website"},"datePublished":"2023-09-01T13:59:37+00:00","author":{"@id":"https:\/\/wp.kristdemokraterna.se\/regionostergotland\/#\/schema\/person\/74c3c4f502fcc489722a7be0dfe0088c"},"breadcrumb":{"@id":"https:\/\/wp.kristdemokraterna.se\/regionostergotland\/nyhetsbrev-vecka-35-5\/#breadcrumb"},"inLanguage":"sv-SE","potentialAction":[{"@type":"ReadAction","target":["https:\/\/wp.kristdemokraterna.se\/regionostergotland\/nyhetsbrev-vecka-35-5\/"]}]},{"@type":"BreadcrumbList","@id":"https:\/\/wp.kristdemokraterna.se\/regionostergotland\/nyhetsbrev-vecka-35-5\/#breadcrumb","itemListElement":[{"@type":"ListItem","position":1,"name":"Hem","item":"https:\/\/wp.kristdemokraterna.se\/regionostergotland\/"},{"@type":"ListItem","position":2,"name":"Nyhetsbrev vecka 35"}]},{"@type":"WebSite","@id":"https:\/\/wp.kristdemokraterna.se\/regionostergotland\/#website","url":"https:\/\/wp.kristdemokraterna.se\/regionostergotland\/","name":"i Region \u00d6sterg\u00f6tland","description":"","inLanguage":"sv-SE"},{"@type":"Person","@id":"https:\/\/wp.kristdemokraterna.se\/regionostergotland\/#\/schema\/person\/74c3c4f502fcc489722a7be0dfe0088c","name":"regionostergotland","image":{"@type":"ImageObject","inLanguage":"sv-SE","@id":"https:\/\/secure.gravatar.com\/avatar\/8fb8f0a216e627554da57506bfaf78d677f45512f24f703e185ec701423b1e92?s=96&d=mm&r=g","url":"https:\/\/secure.gravatar.com\/avatar\/8fb8f0a216e627554da57506bfaf78d677f45512f24f703e185ec701423b1e92?s=96&d=mm&r=g","contentUrl":"https:\/\/secure.gravatar.com\/avatar\/8fb8f0a216e627554da57506bfaf78d677f45512f24f703e185ec701423b1e92?s=96&d=mm&r=g","caption":"regionostergotland"},"url":"https:\/\/wp.kristdemokraterna.se\/regionostergotland\/author\/regionostergotland\/"}]}},"_links":{"self":[{"href":"https:\/\/wp.kristdemokraterna.se\/regionostergotland\/wp-json\/wp\/v2\/posts\/2172","targetHints":{"allow":["GET"]}}],"collection":[{"href":"https:\/\/wp.kristdemokraterna.se\/regionostergotland\/wp-json\/wp\/v2\/posts"}],"about":[{"href":"https:\/\/wp.kristdemokraterna.se\/regionostergotland\/wp-json\/wp\/v2\/types\/post"}],"author":[{"embeddable":true,"href":"https:\/\/wp.kristdemokraterna.se\/regionostergotland\/wp-json\/wp\/v2\/users\/737"}],"replies":[{"embeddable":true,"href":"https:\/\/wp.kristdemokraterna.se\/regionostergotland\/wp-json\/wp\/v2\/comments?post=2172"}],"version-history":[{"count":1,"href":"https:\/\/wp.kristdemokraterna.se\/regionostergotland\/wp-json\/wp\/v2\/posts\/2172\/revisions"}],"predecessor-version":[{"id":2174,"href":"https:\/\/wp.kristdemokraterna.se\/regionostergotland\/wp-json\/wp\/v2\/posts\/2172\/revisions\/2174"}],"wp:attachment":[{"href":"https:\/\/wp.kristdemokraterna.se\/regionostergotland\/wp-json\/wp\/v2\/media?parent=2172"}],"wp:term":[{"taxonomy":"category","embeddable":true,"href":"https:\/\/wp.kristdemokraterna.se\/regionostergotland\/wp-json\/wp\/v2\/categories?post=2172"},{"taxonomy":"post_tag","embeddable":true,"href":"https:\/\/wp.kristdemokraterna.se\/regionostergotland\/wp-json\/wp\/v2\/tags?post=2172"}],"curies":[{"name":"wp","href":"https:\/\/api.w.org\/{rel}","templated":true}]}}