{"id":2190,"date":"2023-10-13T08:41:15","date_gmt":"2023-10-13T06:41:15","guid":{"rendered":"https:\/\/wp.kristdemokraterna.se\/regionostergotland\/?p=2190"},"modified":"2023-10-13T08:41:15","modified_gmt":"2023-10-13T06:41:15","slug":"nyhetsbrev-vecka-41-5","status":"publish","type":"post","link":"https:\/\/wp.kristdemokraterna.se\/regionostergotland\/nyhetsbrev-vecka-41-5\/","title":{"rendered":"Nyhetsbrev vecka 41"},"content":{"rendered":"<p>Hej!<\/p>\n<p>Denna fredagsmorgon skrivs nyhetsbrevet p\u00e5 plats i Stockholm, d\u00e4r en heldag med Kristdemokraternas partifullm\u00e4ktige v\u00e4ntar. Ut\u00f6ver mer traditionella \u00e5rsm\u00f6tes\u00e4renden som verksamhetsber\u00e4ttelse och budget, finns p\u00e5 dagordningen ocks\u00e5 beslut om Europapolitiskt handlingsprogram och valsedel f\u00f6r Europaparlamentsvalet. D\u00e4rf\u00f6r passar jag p\u00e5 att redan nu innan dagens m\u00f6te, skicka ut veckans nyhetsbrev med en resum\u00e9 \u00f6ver vad som f\u00f6revarit under veckan. Trevlig l\u00e4sning!<!--more--><\/p>\n<p><strong>M\u00f6tesordf\u00f6rande p\u00e5 konstf\u00f6renings \u00e5rsm\u00f6te<\/strong><br \/>\nI l\u00f6rdags fick jag f\u00f6rtroendet att var m\u00f6tesordf\u00f6rande n\u00e4r Konstf\u00f6reningen Magnifik hade \u00e5rsm\u00f6te i Equmeniakyrkan Link\u00f6ping. \u00c5rsm\u00f6tet f\u00f6regicks av vernissage med s\u00e5v\u00e4l fotografier av Peter \u00d6stergrens som \u00e5terbrukskonst och keramik av Peder och Anki Gunnb\u00e4ck. I \u00e5rsm\u00f6tets inledning bj\u00f6ds ett f\u00f6redrag om konstn\u00e4ren Helge Artelius av Eva-Lena Bard. Sj\u00e4lva f\u00f6rhandlingarna f\u00f6rfl\u00f6t utan komplikationer, och \u00e5rsm\u00f6tessekreterare Lars Hesselstrand undrade om hans titel med tanke p\u00e5 m\u00f6tesordf\u00f6randens politiska v\u00e4rv, borde vara partisekreterare eller m\u00f6jligen politisk sekreterare\u2026 Tack till konstf\u00f6reningen f\u00f6r inbjudan att vara m\u00f6tesordf\u00f6rande!<\/p>\n<p><strong>M\u00e5ndagsm\u00f6te med fokus p\u00e5 Lasarettet i Motala<\/strong><br \/>\nDet \u00e4r mycket p\u00e5 agendan i regionpolitiken just nu, inte minst det mycket anstr\u00e4ngda ekonomiska l\u00e4get, d\u00e4r f\u00f6rst\u00e5s en hel del tid och energi l\u00e4ggs p\u00e5 att f\u00f6rs\u00f6ka v\u00e4nda den negativa utveckling som p\u00e5g\u00e5tt i flera \u00e5r. Veckans m\u00e5ndagsm\u00f6te var f\u00f6rst\u00e5s inget undantag fr\u00e5n det arbetet. Men, det finns f\u00f6rst\u00e5s en hel del andra p\u00e5g\u00e5ende fr\u00e5gor att dryfta. En s\u00e5dan \u00e4r vision f\u00f6r Lasarettet i Motala. P\u00e5 m\u00e5ndagsm\u00f6tet hade vi d\u00e4rf\u00f6r bes\u00f6k av fastighetschef Stefan Ansk\u00e4r och Helen L\u00f6vborg, centrumchef f\u00f6r n\u00e4rsjukv\u00e5rden i v\u00e4stra \u00d6sterg\u00f6tland, som presenterade det p\u00e5g\u00e5ende visionsarbetet f\u00f6r sjukhuset i v\u00e4stra l\u00e4nsdelen.<\/p>\n<p><strong>Temakv\u00e4ll om kristdemokrati med Joel Halldorf<\/strong><br \/>\nI tisdagskv\u00e4ll var det dags f\u00f6r h\u00f6stens tredje temakv\u00e4ll arrangerad av Kristdemokraternas studieorganisation, med utg\u00e5ngspunkt i Kristdemokraternas principprogram. Denna g\u00e5ng var Joel Halldorf, professor vid Enskilda h\u00f6gskolan i Stockholm, inbjuden f\u00f6r att tala \u00f6ver \u00e4mnet &#8221;Kristdemokrati &#8211; d\u00e5tid, nutid, framtid&#8221;. Det blev en initierad och intressant historisk expos\u00e9, nul\u00e4gesanalys och framtidsdiskussion. Gl\u00e4djande nog var det fullt med intresserade kristdemokrater fr\u00e5n stora delar av \u00d6stergt\u00f6land i sessionssalen i regionhuset, d\u00e4r temakv\u00e4llen h\u00f6lls. Stort tack till Joel och alla deltagare som bidrog till att det blev en lyckad kv\u00e4ll!<\/p>\n<p><strong>Sammantr\u00e4de med Regionutvecklingsn\u00e4mnden<\/strong><br \/>\nP\u00e5 onsdagen var det dags f\u00f6r oktober m\u00e5nads sammantr\u00e4de med regionutvecklingsn\u00e4mnden. En diger dagordning med flera viktiga besluts\u00e4renden f\u00f6rel\u00e5g. Bl.a. beslutade n\u00e4mnden enh\u00e4lligt att st\u00e4lla sig bakom f\u00f6rslag till Kulturplan f\u00f6r \u00d6sterg\u00f6tland 2024-2027 och Biblioteksplan f\u00f6r Region \u00d6sterg\u00f6tland 2024-2027, som i n\u00e4sta vecka behandlas av regionstyrelsen f\u00f6r att sedan slutligt fastst\u00e4lls av regionfullm\u00e4ktige i november. N\u00e4mnden tog ocks\u00e5 beslut om avsiktsf\u00f6rklaring med Region Kalmar l\u00e4n om att gemensamt forts\u00e4tta jobba f\u00f6r \u00f6kad konkurrenskraft genom investeringsfr\u00e4mjande och bes\u00f6ksn\u00e4ringsfr\u00e4mjande arbete och med kompetensf\u00f6rs\u00f6rjning och kompetensutveckling. Du kan l\u00e4sa mer om beslutet om avsiktsf\u00f6rklaring h\u00e4r: (<a href=\"https:\/\/www.regionostergotland.se\/ro\/nyheter\/nyheter\/2023-10-11-regioner-samverkar-for-okad-konkurrenskraft\" target=\"_blank\" rel=\"noopener\">https:\/\/www.regionostergotland.se\/ro\/nyheter\/nyheter\/2023-10-11-regioner-samverkar-for-okad-konkurrenskraft<\/a>)<\/p>\n<p><strong>M\u00f6te mellan kristdemokratiska regiongruppledare och sjukv\u00e5rdsministern<\/strong><br \/>\nIg\u00e5r torsdag inleddes dagen med digitalt m\u00f6te mellan Kristdemokraternas regiongruppledare runt om i landet och sjukv\u00e5rdsminister Acko Ankarberg Johansson. Vid m\u00f6tet tog ministern bl.a. upp det ekonomiska l\u00e4get f\u00f6r landets regioner och ber\u00f6rde flera aktuella fr\u00e5gor som \u00e4r p\u00e5 g\u00e5ng fr\u00e5n departementet. Tillf\u00e4lle gavs ocks\u00e5 till fr\u00e5gor och inspel. Mycket v\u00e4rdefullt att vi som regiongruppledare f\u00e5r denna m\u00f6jlighet att regelbundet m\u00f6ta sjukv\u00e5rdsministern!<\/p>\n<p><strong>Sammantr\u00e4de med styrgruppen f\u00f6r En B\u00e4ttre Matchning inom M\u00e4lardalsr\u00e5det<\/strong><br \/>\nTorsdagen fortsatte med sammantr\u00e4de i Stockholm med styrgruppen f\u00f6r arbetet En B\u00e4ttre Matchning inom M\u00e4lardalsr\u00e5det. Region \u00d6sterg\u00f6tland \u00e4r sedan ett antal \u00e5r, efter en motion till regionfullm\u00e4ktige fr\u00e5n Jan Owe-Larsson (M) och undertecknad, associerade medlemmar i M\u00e4lardalsr\u00e5det, och deltar d\u00e4rf\u00f6r i r\u00e5dets gemensamma arbete med kompetensf\u00f6rs\u00f6rjningsfr\u00e5gor &#8211; kallat En B\u00e4ttre Matchning. Denna mandatperiod representerar jag och Eva Andersson (S) v\u00e5r region i styrgruppen f\u00f6r En B\u00e4ttre Matchning, d\u00e4r de ordinarie medlemmarna i M\u00e4lardalsr\u00e5det; Region S\u00f6rmland, Region \u00d6rebro l\u00e4n, Region V\u00e4stmanland, Region Uppsala och Region Stockholm deltar, liksom \u00f6vriga associerade medlemsregioner; Region V\u00e4rmland, Region Dalarna och Region G\u00e4vleborg. Vid dagens m\u00f6te hade vi bl.a. bes\u00f6k av Maria Bernhardsson som haft regeringsuppdrag att utreda &#8221;Framtidens yrkesh\u00f6gskola&#8221;, och diskuterade ocks\u00e5 efter hennes bes\u00f6k, M\u00e4lardalsr\u00e5dets remissvar p\u00e5 utredningen. \u00c4ven regeringens forsknings- och innovationsproposition fanns med p\u00e5 dagordningen liksom arbetet inom En B\u00e4ttre Matchning med l\u00e4rarf\u00f6rs\u00f6rjning och samh\u00e4llsbyggare.<\/p>\n<p>Idag v\u00e4ntar som sagt sammantr\u00e4de med Kristdemokraternas partifullm\u00e4ktige f\u00f6r mig, men sedan stundar \u00e4nd\u00e5 lite helgledighet. Oavsett vad som st\u00e5r p\u00e5 ditt helgprogram hoppas jag att du f\u00e5r en riktigt trevlig helg!<\/p>\n<p>Med v\u00e4nlig h\u00e4lsning<br \/>\nPer Larsson<br \/>\nRegionr\u00e5d &#8211; Ordf\u00f6rande i Regionutvecklingsn\u00e4mnden<br \/>\nGruppledare f\u00f6r Kristdemokraterna i Region \u00d6sterg\u00f6tland<br \/>\ntfn 010-103 72 84 (arb)<br \/>\ntfn 0702-88 21 34 (mobil)<br \/>\nper.larsson@regionostergotland.se<\/p>\n","protected":false},"excerpt":{"rendered":"<p>Hej! Denna fredagsmorgon skrivs nyhetsbrevet p\u00e5 plats i Stockholm, d\u00e4r en heldag med Kristdemokraternas partifullm\u00e4ktige v\u00e4ntar. Ut\u00f6ver mer traditionella \u00e5rsm\u00f6tes\u00e4renden som verksamhetsber\u00e4ttelse och budget, finns p\u00e5 dagordningen ocks\u00e5 beslut om Europapolitiskt handlingsprogram och valsedel f\u00f6r Europaparlamentsvalet. D\u00e4rf\u00f6r passar jag p\u00e5 att redan nu innan dagens m\u00f6te, skicka ut veckans nyhetsbrev med en resum\u00e9 \u00f6ver vad <a class=\"read-more-link\" href=\"https:\/\/wp.kristdemokraterna.se\/regionostergotland\/nyhetsbrev-vecka-41-5\/\">Read More<\/a><\/p>\n","protected":false},"author":737,"featured_media":0,"comment_status":"closed","ping_status":"closed","sticky":false,"template":"","format":"standard","meta":{"_acf_changed":false,"footnotes":""},"categories":[1],"tags":[],"class_list":["post-2190","post","type-post","status-publish","format-standard","hentry","category-nyheter"],"acf":[],"yoast_head":"<!-- This site is optimized with the Yoast SEO plugin v27.5 - https:\/\/yoast.com\/product\/yoast-seo-wordpress\/ -->\n<title>Nyhetsbrev vecka 41 - i Region \u00d6sterg\u00f6tland<\/title>\n<meta name=\"robots\" content=\"index, follow, max-snippet:-1, max-image-preview:large, max-video-preview:-1\" \/>\n<link rel=\"canonical\" href=\"https:\/\/wp.kristdemokraterna.se\/regionostergotland\/nyhetsbrev-vecka-41-5\/\" \/>\n<meta property=\"og:locale\" content=\"sv_SE\" \/>\n<meta property=\"og:type\" content=\"article\" \/>\n<meta property=\"og:title\" content=\"Nyhetsbrev vecka 41 - i Region \u00d6sterg\u00f6tland\" \/>\n<meta property=\"og:description\" content=\"Hej! Denna fredagsmorgon skrivs nyhetsbrevet p\u00e5 plats i Stockholm, d\u00e4r en heldag med Kristdemokraternas partifullm\u00e4ktige v\u00e4ntar. Ut\u00f6ver mer traditionella \u00e5rsm\u00f6tes\u00e4renden som verksamhetsber\u00e4ttelse och budget, finns p\u00e5 dagordningen ocks\u00e5 beslut om Europapolitiskt handlingsprogram och valsedel f\u00f6r Europaparlamentsvalet. D\u00e4rf\u00f6r passar jag p\u00e5 att redan nu innan dagens m\u00f6te, skicka ut veckans nyhetsbrev med en resum\u00e9 \u00f6ver vad Read More\" \/>\n<meta property=\"og:url\" content=\"https:\/\/wp.kristdemokraterna.se\/regionostergotland\/nyhetsbrev-vecka-41-5\/\" \/>\n<meta property=\"og:site_name\" content=\"i Region \u00d6sterg\u00f6tland\" \/>\n<meta property=\"article:published_time\" content=\"2023-10-13T06:41:15+00:00\" \/>\n<meta property=\"og:image\" content=\"http:\/\/wp.kristdemokraterna.se\/regionostergotland\/files\/2023\/10\/bild-nyhetsbrev-2023-vecka-41-1024x533.jpg\" \/>\n\t<meta property=\"og:image:width\" content=\"1024\" \/>\n\t<meta property=\"og:image:height\" content=\"533\" \/>\n\t<meta property=\"og:image:type\" content=\"image\/jpeg\" \/>\n<meta name=\"author\" content=\"regionostergotland\" \/>\n<meta name=\"twitter:card\" content=\"summary_large_image\" \/>\n<meta name=\"twitter:label1\" content=\"Skriven av\" \/>\n\t<meta name=\"twitter:data1\" content=\"regionostergotland\" \/>\n\t<meta name=\"twitter:label2\" content=\"Ber\u00e4knad l\u00e4stid\" \/>\n\t<meta name=\"twitter:data2\" content=\"4 minuter\" \/>\n<script type=\"application\/ld+json\" class=\"yoast-schema-graph\">{\"@context\":\"https:\\\/\\\/schema.org\",\"@graph\":[{\"@type\":\"Article\",\"@id\":\"https:\\\/\\\/wp.kristdemokraterna.se\\\/regionostergotland\\\/nyhetsbrev-vecka-41-5\\\/#article\",\"isPartOf\":{\"@id\":\"https:\\\/\\\/wp.kristdemokraterna.se\\\/regionostergotland\\\/nyhetsbrev-vecka-41-5\\\/\"},\"author\":{\"name\":\"regionostergotland\",\"@id\":\"https:\\\/\\\/wp.kristdemokraterna.se\\\/regionostergotland\\\/#\\\/schema\\\/person\\\/74c3c4f502fcc489722a7be0dfe0088c\"},\"headline\":\"Nyhetsbrev vecka 41\",\"datePublished\":\"2023-10-13T06:41:15+00:00\",\"mainEntityOfPage\":{\"@id\":\"https:\\\/\\\/wp.kristdemokraterna.se\\\/regionostergotland\\\/nyhetsbrev-vecka-41-5\\\/\"},\"wordCount\":948,\"articleSection\":[\"Nyheter\"],\"inLanguage\":\"sv-SE\"},{\"@type\":\"WebPage\",\"@id\":\"https:\\\/\\\/wp.kristdemokraterna.se\\\/regionostergotland\\\/nyhetsbrev-vecka-41-5\\\/\",\"url\":\"https:\\\/\\\/wp.kristdemokraterna.se\\\/regionostergotland\\\/nyhetsbrev-vecka-41-5\\\/\",\"name\":\"Nyhetsbrev vecka 41 - i Region \u00d6sterg\u00f6tland\",\"isPartOf\":{\"@id\":\"https:\\\/\\\/wp.kristdemokraterna.se\\\/regionostergotland\\\/#website\"},\"datePublished\":\"2023-10-13T06:41:15+00:00\",\"author\":{\"@id\":\"https:\\\/\\\/wp.kristdemokraterna.se\\\/regionostergotland\\\/#\\\/schema\\\/person\\\/74c3c4f502fcc489722a7be0dfe0088c\"},\"breadcrumb\":{\"@id\":\"https:\\\/\\\/wp.kristdemokraterna.se\\\/regionostergotland\\\/nyhetsbrev-vecka-41-5\\\/#breadcrumb\"},\"inLanguage\":\"sv-SE\",\"potentialAction\":[{\"@type\":\"ReadAction\",\"target\":[\"https:\\\/\\\/wp.kristdemokraterna.se\\\/regionostergotland\\\/nyhetsbrev-vecka-41-5\\\/\"]}]},{\"@type\":\"BreadcrumbList\",\"@id\":\"https:\\\/\\\/wp.kristdemokraterna.se\\\/regionostergotland\\\/nyhetsbrev-vecka-41-5\\\/#breadcrumb\",\"itemListElement\":[{\"@type\":\"ListItem\",\"position\":1,\"name\":\"Hem\",\"item\":\"https:\\\/\\\/wp.kristdemokraterna.se\\\/regionostergotland\\\/\"},{\"@type\":\"ListItem\",\"position\":2,\"name\":\"Nyhetsbrev vecka 41\"}]},{\"@type\":\"WebSite\",\"@id\":\"https:\\\/\\\/wp.kristdemokraterna.se\\\/regionostergotland\\\/#website\",\"url\":\"https:\\\/\\\/wp.kristdemokraterna.se\\\/regionostergotland\\\/\",\"name\":\"i Region \u00d6sterg\u00f6tland\",\"description\":\"\",\"inLanguage\":\"sv-SE\"},{\"@type\":\"Person\",\"@id\":\"https:\\\/\\\/wp.kristdemokraterna.se\\\/regionostergotland\\\/#\\\/schema\\\/person\\\/74c3c4f502fcc489722a7be0dfe0088c\",\"name\":\"regionostergotland\",\"image\":{\"@type\":\"ImageObject\",\"inLanguage\":\"sv-SE\",\"@id\":\"https:\\\/\\\/secure.gravatar.com\\\/avatar\\\/8fb8f0a216e627554da57506bfaf78d677f45512f24f703e185ec701423b1e92?s=96&d=mm&r=g\",\"url\":\"https:\\\/\\\/secure.gravatar.com\\\/avatar\\\/8fb8f0a216e627554da57506bfaf78d677f45512f24f703e185ec701423b1e92?s=96&d=mm&r=g\",\"contentUrl\":\"https:\\\/\\\/secure.gravatar.com\\\/avatar\\\/8fb8f0a216e627554da57506bfaf78d677f45512f24f703e185ec701423b1e92?s=96&d=mm&r=g\",\"caption\":\"regionostergotland\"},\"url\":\"https:\\\/\\\/wp.kristdemokraterna.se\\\/regionostergotland\\\/author\\\/regionostergotland\\\/\"}]}<\/script>\n<!-- \/ Yoast SEO plugin. -->","yoast_head_json":{"title":"Nyhetsbrev vecka 41 - i Region \u00d6sterg\u00f6tland","robots":{"index":"index","follow":"follow","max-snippet":"max-snippet:-1","max-image-preview":"max-image-preview:large","max-video-preview":"max-video-preview:-1"},"canonical":"https:\/\/wp.kristdemokraterna.se\/regionostergotland\/nyhetsbrev-vecka-41-5\/","og_locale":"sv_SE","og_type":"article","og_title":"Nyhetsbrev vecka 41 - i Region \u00d6sterg\u00f6tland","og_description":"Hej! Denna fredagsmorgon skrivs nyhetsbrevet p\u00e5 plats i Stockholm, d\u00e4r en heldag med Kristdemokraternas partifullm\u00e4ktige v\u00e4ntar. Ut\u00f6ver mer traditionella \u00e5rsm\u00f6tes\u00e4renden som verksamhetsber\u00e4ttelse och budget, finns p\u00e5 dagordningen ocks\u00e5 beslut om Europapolitiskt handlingsprogram och valsedel f\u00f6r Europaparlamentsvalet. D\u00e4rf\u00f6r passar jag p\u00e5 att redan nu innan dagens m\u00f6te, skicka ut veckans nyhetsbrev med en resum\u00e9 \u00f6ver vad Read More","og_url":"https:\/\/wp.kristdemokraterna.se\/regionostergotland\/nyhetsbrev-vecka-41-5\/","og_site_name":"i Region \u00d6sterg\u00f6tland","article_published_time":"2023-10-13T06:41:15+00:00","og_image":[{"width":1024,"height":533,"url":"http:\/\/wp.kristdemokraterna.se\/regionostergotland\/files\/2023\/10\/bild-nyhetsbrev-2023-vecka-41-1024x533.jpg","type":"image\/jpeg"}],"author":"regionostergotland","twitter_card":"summary_large_image","twitter_misc":{"Skriven av":"regionostergotland","Ber\u00e4knad l\u00e4stid":"4 minuter"},"schema":{"@context":"https:\/\/schema.org","@graph":[{"@type":"Article","@id":"https:\/\/wp.kristdemokraterna.se\/regionostergotland\/nyhetsbrev-vecka-41-5\/#article","isPartOf":{"@id":"https:\/\/wp.kristdemokraterna.se\/regionostergotland\/nyhetsbrev-vecka-41-5\/"},"author":{"name":"regionostergotland","@id":"https:\/\/wp.kristdemokraterna.se\/regionostergotland\/#\/schema\/person\/74c3c4f502fcc489722a7be0dfe0088c"},"headline":"Nyhetsbrev vecka 41","datePublished":"2023-10-13T06:41:15+00:00","mainEntityOfPage":{"@id":"https:\/\/wp.kristdemokraterna.se\/regionostergotland\/nyhetsbrev-vecka-41-5\/"},"wordCount":948,"articleSection":["Nyheter"],"inLanguage":"sv-SE"},{"@type":"WebPage","@id":"https:\/\/wp.kristdemokraterna.se\/regionostergotland\/nyhetsbrev-vecka-41-5\/","url":"https:\/\/wp.kristdemokraterna.se\/regionostergotland\/nyhetsbrev-vecka-41-5\/","name":"Nyhetsbrev vecka 41 - i Region \u00d6sterg\u00f6tland","isPartOf":{"@id":"https:\/\/wp.kristdemokraterna.se\/regionostergotland\/#website"},"datePublished":"2023-10-13T06:41:15+00:00","author":{"@id":"https:\/\/wp.kristdemokraterna.se\/regionostergotland\/#\/schema\/person\/74c3c4f502fcc489722a7be0dfe0088c"},"breadcrumb":{"@id":"https:\/\/wp.kristdemokraterna.se\/regionostergotland\/nyhetsbrev-vecka-41-5\/#breadcrumb"},"inLanguage":"sv-SE","potentialAction":[{"@type":"ReadAction","target":["https:\/\/wp.kristdemokraterna.se\/regionostergotland\/nyhetsbrev-vecka-41-5\/"]}]},{"@type":"BreadcrumbList","@id":"https:\/\/wp.kristdemokraterna.se\/regionostergotland\/nyhetsbrev-vecka-41-5\/#breadcrumb","itemListElement":[{"@type":"ListItem","position":1,"name":"Hem","item":"https:\/\/wp.kristdemokraterna.se\/regionostergotland\/"},{"@type":"ListItem","position":2,"name":"Nyhetsbrev vecka 41"}]},{"@type":"WebSite","@id":"https:\/\/wp.kristdemokraterna.se\/regionostergotland\/#website","url":"https:\/\/wp.kristdemokraterna.se\/regionostergotland\/","name":"i Region \u00d6sterg\u00f6tland","description":"","inLanguage":"sv-SE"},{"@type":"Person","@id":"https:\/\/wp.kristdemokraterna.se\/regionostergotland\/#\/schema\/person\/74c3c4f502fcc489722a7be0dfe0088c","name":"regionostergotland","image":{"@type":"ImageObject","inLanguage":"sv-SE","@id":"https:\/\/secure.gravatar.com\/avatar\/8fb8f0a216e627554da57506bfaf78d677f45512f24f703e185ec701423b1e92?s=96&d=mm&r=g","url":"https:\/\/secure.gravatar.com\/avatar\/8fb8f0a216e627554da57506bfaf78d677f45512f24f703e185ec701423b1e92?s=96&d=mm&r=g","contentUrl":"https:\/\/secure.gravatar.com\/avatar\/8fb8f0a216e627554da57506bfaf78d677f45512f24f703e185ec701423b1e92?s=96&d=mm&r=g","caption":"regionostergotland"},"url":"https:\/\/wp.kristdemokraterna.se\/regionostergotland\/author\/regionostergotland\/"}]}},"_links":{"self":[{"href":"https:\/\/wp.kristdemokraterna.se\/regionostergotland\/wp-json\/wp\/v2\/posts\/2190","targetHints":{"allow":["GET"]}}],"collection":[{"href":"https:\/\/wp.kristdemokraterna.se\/regionostergotland\/wp-json\/wp\/v2\/posts"}],"about":[{"href":"https:\/\/wp.kristdemokraterna.se\/regionostergotland\/wp-json\/wp\/v2\/types\/post"}],"author":[{"embeddable":true,"href":"https:\/\/wp.kristdemokraterna.se\/regionostergotland\/wp-json\/wp\/v2\/users\/737"}],"replies":[{"embeddable":true,"href":"https:\/\/wp.kristdemokraterna.se\/regionostergotland\/wp-json\/wp\/v2\/comments?post=2190"}],"version-history":[{"count":1,"href":"https:\/\/wp.kristdemokraterna.se\/regionostergotland\/wp-json\/wp\/v2\/posts\/2190\/revisions"}],"predecessor-version":[{"id":2192,"href":"https:\/\/wp.kristdemokraterna.se\/regionostergotland\/wp-json\/wp\/v2\/posts\/2190\/revisions\/2192"}],"wp:attachment":[{"href":"https:\/\/wp.kristdemokraterna.se\/regionostergotland\/wp-json\/wp\/v2\/media?parent=2190"}],"wp:term":[{"taxonomy":"category","embeddable":true,"href":"https:\/\/wp.kristdemokraterna.se\/regionostergotland\/wp-json\/wp\/v2\/categories?post=2190"},{"taxonomy":"post_tag","embeddable":true,"href":"https:\/\/wp.kristdemokraterna.se\/regionostergotland\/wp-json\/wp\/v2\/tags?post=2190"}],"curies":[{"name":"wp","href":"https:\/\/api.w.org\/{rel}","templated":true}]}}