{"id":2193,"date":"2023-10-20T14:29:24","date_gmt":"2023-10-20T12:29:24","guid":{"rendered":"https:\/\/wp.kristdemokraterna.se\/regionostergotland\/?p=2193"},"modified":"2023-10-20T14:29:24","modified_gmt":"2023-10-20T12:29:24","slug":"nyhetsbrev-vecka-42-4","status":"publish","type":"post","link":"https:\/\/wp.kristdemokraterna.se\/regionostergotland\/nyhetsbrev-vecka-42-4\/","title":{"rendered":"Nyhetsbrev vecka 42"},"content":{"rendered":"<p>Hej!<\/p>\n<p>Veckans nyhetsbrev skrivs fr\u00e5n Uppsala och st\u00f6rre delen av veckan har tillbringats p\u00e5 annan ort, n\u00e4r det r\u00e5kade infalla tv\u00e5 st\u00f6rre konferenser denna vecka. Trots det har mycket hunnits med, och jag ska f\u00f6rs\u00f6ka sammanfatta n\u00e5gra h\u00f6jdpunkter i nyhetsbrevet. Trevlig l\u00e4sning!<!--more--><\/p>\n<p><strong>Mer om regional utveckling i nytt Europapolitiskt program efter partifullm\u00e4ktige<\/strong><br \/>\nF\u00f6rra fredagen sammantr\u00e4dde Kristdemokraternas partifullm\u00e4ktige, och jag var tillsammans med \u00f6vriga presidiet f\u00f6r partidistriktsstyrelsen f\u00f6r Kristdemokraterna i \u00d6sterg\u00f6tland ombud fr\u00e5n v\u00e5rt l\u00e4n. Mycket medial fokus efter partifullm\u00e4ktige hamnade mindre f\u00f6rv\u00e5nande p\u00e5 fastst\u00e4llande av valsedel till n\u00e4sta \u00e5rs val till Europaparlamentet. Men, partifullm\u00e4ktige hade ocks\u00e5 andra \u00e4renden p\u00e5 dagordningen. Bl.a. fastst\u00e4lldes Europapolitiskt program inf\u00f6r valet n\u00e4sta \u00e5r och n\u00e4sta mandatperiod. D\u00e4r var vi flera som st\u00f6dde ett \u00e4ndringsf\u00f6rslag om tydligare skrivningar om EU:s sammanh\u00e5llningspolitik och dess betydelse f\u00f6r regional utveckling. Jag gjorde bl.a. ett inl\u00e4gg d\u00e4r jag refererade till det \u00f6stg\u00f6tska Almi-projketet &#8221;Framtidsf\u00f6retag&#8221; som f\u00f6r n\u00e5gra \u00e5r sedan med st\u00f6d fr\u00e5n EU:s regionalfond bidrog till att f\u00e5 flera sm\u00e5- och medelstora f\u00f6retag att v\u00e4xa och anst\u00e4lla fler. Gl\u00e4djande nog samlades en majoritet f\u00f6r \u00e4ndringsf\u00f6rslaget och handlingsprogrammet fick den tydligare skrivningen!<\/p>\n<p><strong>Avsiktsf\u00f6rklaring p\u00e5 tillv\u00e4xtomr\u00e5det med Region Kalmar l\u00e4n i nyhetsrapportering<\/strong><br \/>\nSom jag ber\u00e4ttade om i f\u00f6rra veckans nyhetsbrev, tog regionutvecklingsn\u00e4mnden f\u00f6rra onsdagen beslut om en uppdaterad avsiktsf\u00f6rklaring med Region Kalmar l\u00e4n om att st\u00e4rka v\u00e5ra regionernas konkurrenskraft p\u00e5 tillv\u00e4xtomr\u00e5det. I s\u00f6ndags s\u00e4ndes i P4 \u00d6sterg\u00f6tland ett reportage om beslutet, som fokuserade p\u00e5 samarbetet p\u00e5 bes\u00f6ksn\u00e4ringsomr\u00e5det. S\u00e5v\u00e4l jag som ordf\u00f6rande som andre vice ordf\u00f6rande Eva Andersson (S), uttalade oss. Du kan h\u00f6ra inslaget h\u00e4r: (https:\/\/sverigesradio.se\/artikel\/storre-turistkarta-ska-locka-fler-till-ostergotland-och-kalmar)<\/p>\n<p><strong>Regionens ekonomiska l\u00e4ge dominerade \u00e5terigen m\u00e5ndagsm\u00f6tet<\/strong><br \/>\n\u00c4ven om regionen har en stor bredd av ansvarsomr\u00e5den och det finns en l\u00e5ng rad fr\u00e5gor och aktiviteter som vi som ansvariga f\u00f6rtroendevalda beh\u00f6ver hantera l\u00f6pande, \u00e4r det f\u00f6rst\u00e5s en fr\u00e5ga som \u00f6verskuggat allt annat och dominerat m\u00e5ndagsm\u00f6ten och m\u00e5nga andra interna m\u00f6ten och kontakter under \u00e5ret. Det handlar f\u00f6rst\u00e5s om regionens mycket anstr\u00e4ngda ekonomiska l\u00e4ge. Veckans m\u00e5ndagsm\u00f6te var naturligtvis inget undantag, utan i resonemang med bl.a. regiondirekt\u00f6r Mikael Borin och de b\u00e5da v\u00e5rddirekt\u00f6rerna Ninnie Borendal Wodlin och Jessica Frisk, diskuterades olika \u00e5tg\u00e4rder inom h\u00e4lso- och sjukv\u00e5rden, f\u00f6r att komma till r\u00e4tta med det omfattande ekonomiska underskottet. Sedan vi tog \u00f6ver styret av regionen efter valet har flera \u00e5tg\u00e4rder initierats f\u00f6r att hantera det krisl\u00e4ge regionen befann sig i vad g\u00e4ller ekonomi, tillg\u00e4nglighet, kompetensf\u00f6rs\u00f6rjning m.m. Dessv\u00e4rre har \u00e5tg\u00e4rderna hittills inte f\u00e5tt \u00f6nskad effekt, utan det ekonomiska underskottet i v\u00e5rden har ist\u00e4llet blivit \u00e4n st\u00f6rre. En sn\u00f6boll i rullning \u00e4r helt klart sv\u00e5r att f\u00e5 stopp p\u00e5\u2026 I f\u00f6rra veckan n\u00e4mnde regionstyrelsens ordf\u00f6rande Marie Morell (M) i en intervju att det underskott h\u00e4lso- och sjukv\u00e5rden m\u00e5ste komma till r\u00e4tta med motsvarar ungef\u00e4r 600 heltidstj\u00e4nster. \u00c4ven om en rad olika skarpa \u00e5tg\u00e4rder beh\u00f6ver genomf\u00f6ras den n\u00e4rmaste tiden n\u00e4r det g\u00e4ller personal och bemanning, handlade det allts\u00e5 inte om n\u00e5got skarpt besked om vare sig varsel eller upps\u00e4gning, som det ibland har framst\u00e5tt i en del nyhetsrapportering. D\u00e4remot kan det helt klart fungera som en v\u00e4ckarklocka f\u00f6r en bredare allm\u00e4nhet, som inte som vi i regionens politiska ledning, har levt intensivt med fr\u00e5gan under l\u00e5ng tid.<\/p>\n<p><strong>Ny kunskap och erfarenhetsutbyte p\u00e5 SKR:s kulturkonferens i Skellefte\u00e5<\/strong><br \/>\nM\u00e5ndag till onsdag genomf\u00f6rdes Sveriges kommuner och regioners \u00e5rliga kulturkonferens i Skellefte\u00e5 i V\u00e4sterbotten. Fr\u00e5n Region \u00d6sterg\u00f6tland deltog jag och Eva Andersson (S) fr\u00e5n regionutvecklingsn\u00e4mndens presidium, liksom n\u00e5gra av tj\u00e4nstepersonerna fr\u00e5n kulturenheten. Dessutom var Anna Drake (L), politisk sekreterare och ledamot i RUN, p\u00e5 plats i egenskap av vice ordf\u00f6rande i kultur- och fritidsn\u00e4mnden i Norrk\u00f6pings kommun. Konferensen inneh\u00f6ll intressanta f\u00f6redrag, kreativa workshops och s\u00e4rskilda \u00f6verl\u00e4ggningar f\u00f6r politiskt f\u00f6rtroendevalda. Dessutom intressant inblick i den fascinerande stadsutveckling som just nu p\u00e5g\u00e5r i Skellefte\u00e5 med bl.a. en bussrundtur f\u00f6rbi det omfattande omr\u00e5de d\u00e4r f\u00f6retaget Northvolt etablerats och alltj\u00e4mt ut\u00f6kar liksom nybyggda bostadsomr\u00e5den. Sedan bj\u00f6d konferensen inte minst p\u00e5 m\u00f6jlighet till m\u00e5nga m\u00f6ten med f\u00f6rtroendevalda och tj\u00e4nstepersoner inom kulturomr\u00e5det runt om i landet.<\/p>\n<p><strong>Studiebes\u00f6k med fokus p\u00e5 innovation, tillv\u00e4xt och kompetensf\u00f6rs\u00f6rjning hos STUNS i Uppsala<\/strong><br \/>\nI g\u00e5r torsdag f\u00f6rmiddag gjorde jag och Eva Andersson (S) fr\u00e5n regionutvecklingsn\u00e4mndens presidium tillsammans med Unn Harsem (C), ordf\u00f6rande i regionutvecklingsn\u00e4mnden i Region Uppsala, ett studiebes\u00f6k hos STUNS, stiftelsen f\u00f6r samverkan mellan universitet, n\u00e4ringsliv och samh\u00e4lle, i Uppsala Science Park. Vi fick tr\u00e4ffa flera av medarbetarna som gav oss en ordentlig inblick i innovationsst\u00f6dssystemet i Region Uppsala, intressanta erfarenheter av arbete med kompetensf\u00f6rs\u00f6rjningsfr\u00e5gor och redog\u00f6relse f\u00f6r goda exempel av strukturfondsprojekt som lett till \u00f6kad oms\u00e4ttning och nya jobb!<\/p>\n<p><strong>Kunskaps- och strategidagar med Strukturfondspartnerskapet \u00d6stra Mellansverige<\/strong><br \/>\nTorsdag-fredag har det varit kunskaps- och strategidagar f\u00f6r Strukturfondspartnerskapet \u00d6stra Mellansverige i Uppsala. Partnerskapet \u00e4r sammansatt av f\u00f6rtroendevalda fr\u00e5n de fem regionerna i \u00d6stra Mellansverige; Region \u00d6sterg\u00f6tland, Region S\u00f6rmland, Region \u00d6rebro l\u00e4n, Region V\u00e4stmanland och Region Uppsala l\u00e4n, samt tj\u00e4nstepersoner fr\u00e5n L\u00e4nsstyrelse, Arbetsf\u00f6rmedling, fackf\u00f6rbund, den sociala ekonomin och n\u00e4ringslivet. Normalt tr\u00e4ffas partnerskapet f\u00f6r prioriteringsm\u00f6ten d\u00e4r ekonomiska medel fr\u00e5n EU:s strukturfonder, Europeiska regionala utvecklingsfonden och Europeiska socialfonden, ska prioriteras till projekt inom v\u00e5rt geografiska omr\u00e5de. Men dessa tv\u00e5 dagar har \u00e4gnats \u00e5t utbildning, f\u00f6redrag, utbyte med andra strukturfondspartnerskap, en prioriterings\u00f6vning och viktiga diskussioner om partnerskapets arbetsformer fram\u00e5t &#8211; allt i syfte att f\u00e5 b\u00e4sta m\u00f6jliga utv\u00e4xling av strukturfondsmedlen fr\u00e5n EU. Region \u00d6sterg\u00f6tlands utsedda representanter \u00e4r jag och Eva Andersson (S) fr\u00e5n regionutvecklingsn\u00e4mnden. D\u00e4rut\u00f6ver \u00e4r Jan Owe-Larsson (M) vice ordf\u00f6rande i partnerskapet och d\u00e4rut\u00f6ver var fr\u00e5n \u00d6sterg\u00f6tland \u00e4ven Madeleine S\u00f6derstedt Sj\u00f6berg fr\u00e5n L\u00e4nsstyrelsen och Camilla Carlsson fr\u00e5n Coompanion \u00d6sterg\u00f6tland.<\/p>\n<p>D\u00e5 v\u00e4ntar snart helgledighet och jag hoppas att ni alla f\u00e5r en riktigt trevlig helg!<\/p>\n<p>Med v\u00e4nlig h\u00e4lsning<br \/>\nPer Larsson<br \/>\nRegionr\u00e5d &#8211; Ordf\u00f6rande i Regionutvecklingsn\u00e4mnden<br \/>\nGruppledare f\u00f6r Kristdemokraterna i Region \u00d6sterg\u00f6tland<br \/>\ntfn 010-103 72 84 (arb)<br \/>\ntfn 0702-88 21 34 (mobil)<br \/>\nper.larsson@regionostergotland.se<\/p>\n<p>&nbsp;<\/p>\n","protected":false},"excerpt":{"rendered":"<p>Hej! Veckans nyhetsbrev skrivs fr\u00e5n Uppsala och st\u00f6rre delen av veckan har tillbringats p\u00e5 annan ort, n\u00e4r det r\u00e5kade infalla tv\u00e5 st\u00f6rre konferenser denna vecka. Trots det har mycket hunnits med, och jag ska f\u00f6rs\u00f6ka sammanfatta n\u00e5gra h\u00f6jdpunkter i nyhetsbrevet. Trevlig l\u00e4sning!<\/p>\n","protected":false},"author":737,"featured_media":0,"comment_status":"closed","ping_status":"closed","sticky":false,"template":"","format":"standard","meta":{"_acf_changed":false,"footnotes":""},"categories":[1],"tags":[],"class_list":["post-2193","post","type-post","status-publish","format-standard","hentry","category-nyheter"],"acf":[],"yoast_head":"<!-- This site is optimized with the Yoast SEO plugin v27.5 - https:\/\/yoast.com\/product\/yoast-seo-wordpress\/ -->\n<title>Nyhetsbrev vecka 42 - i Region \u00d6sterg\u00f6tland<\/title>\n<meta name=\"robots\" content=\"index, follow, max-snippet:-1, max-image-preview:large, max-video-preview:-1\" \/>\n<link rel=\"canonical\" href=\"https:\/\/wp.kristdemokraterna.se\/regionostergotland\/nyhetsbrev-vecka-42-4\/\" \/>\n<meta property=\"og:locale\" content=\"sv_SE\" \/>\n<meta property=\"og:type\" content=\"article\" \/>\n<meta property=\"og:title\" content=\"Nyhetsbrev vecka 42 - i Region \u00d6sterg\u00f6tland\" \/>\n<meta property=\"og:description\" content=\"Hej! Veckans nyhetsbrev skrivs fr\u00e5n Uppsala och st\u00f6rre delen av veckan har tillbringats p\u00e5 annan ort, n\u00e4r det r\u00e5kade infalla tv\u00e5 st\u00f6rre konferenser denna vecka. Trots det har mycket hunnits med, och jag ska f\u00f6rs\u00f6ka sammanfatta n\u00e5gra h\u00f6jdpunkter i nyhetsbrevet. Trevlig l\u00e4sning!\" \/>\n<meta property=\"og:url\" content=\"https:\/\/wp.kristdemokraterna.se\/regionostergotland\/nyhetsbrev-vecka-42-4\/\" \/>\n<meta property=\"og:site_name\" content=\"i Region \u00d6sterg\u00f6tland\" \/>\n<meta property=\"article:published_time\" content=\"2023-10-20T12:29:24+00:00\" \/>\n<meta property=\"og:image\" content=\"http:\/\/wp.kristdemokraterna.se\/regionostergotland\/files\/2023\/10\/bild-nyhetsbrev-2023-vecka-42-1024x533.jpg\" \/>\n\t<meta property=\"og:image:width\" content=\"1024\" \/>\n\t<meta property=\"og:image:height\" content=\"533\" \/>\n\t<meta property=\"og:image:type\" content=\"image\/jpeg\" \/>\n<meta name=\"author\" content=\"regionostergotland\" \/>\n<meta name=\"twitter:card\" content=\"summary_large_image\" \/>\n<meta name=\"twitter:label1\" content=\"Skriven av\" \/>\n\t<meta name=\"twitter:data1\" content=\"regionostergotland\" \/>\n\t<meta name=\"twitter:label2\" content=\"Ber\u00e4knad l\u00e4stid\" \/>\n\t<meta name=\"twitter:data2\" content=\"5 minuter\" \/>\n<script type=\"application\/ld+json\" class=\"yoast-schema-graph\">{\"@context\":\"https:\\\/\\\/schema.org\",\"@graph\":[{\"@type\":\"Article\",\"@id\":\"https:\\\/\\\/wp.kristdemokraterna.se\\\/regionostergotland\\\/nyhetsbrev-vecka-42-4\\\/#article\",\"isPartOf\":{\"@id\":\"https:\\\/\\\/wp.kristdemokraterna.se\\\/regionostergotland\\\/nyhetsbrev-vecka-42-4\\\/\"},\"author\":{\"name\":\"regionostergotland\",\"@id\":\"https:\\\/\\\/wp.kristdemokraterna.se\\\/regionostergotland\\\/#\\\/schema\\\/person\\\/74c3c4f502fcc489722a7be0dfe0088c\"},\"headline\":\"Nyhetsbrev vecka 42\",\"datePublished\":\"2023-10-20T12:29:24+00:00\",\"mainEntityOfPage\":{\"@id\":\"https:\\\/\\\/wp.kristdemokraterna.se\\\/regionostergotland\\\/nyhetsbrev-vecka-42-4\\\/\"},\"wordCount\":1198,\"articleSection\":[\"Nyheter\"],\"inLanguage\":\"sv-SE\"},{\"@type\":\"WebPage\",\"@id\":\"https:\\\/\\\/wp.kristdemokraterna.se\\\/regionostergotland\\\/nyhetsbrev-vecka-42-4\\\/\",\"url\":\"https:\\\/\\\/wp.kristdemokraterna.se\\\/regionostergotland\\\/nyhetsbrev-vecka-42-4\\\/\",\"name\":\"Nyhetsbrev vecka 42 - i Region \u00d6sterg\u00f6tland\",\"isPartOf\":{\"@id\":\"https:\\\/\\\/wp.kristdemokraterna.se\\\/regionostergotland\\\/#website\"},\"datePublished\":\"2023-10-20T12:29:24+00:00\",\"author\":{\"@id\":\"https:\\\/\\\/wp.kristdemokraterna.se\\\/regionostergotland\\\/#\\\/schema\\\/person\\\/74c3c4f502fcc489722a7be0dfe0088c\"},\"breadcrumb\":{\"@id\":\"https:\\\/\\\/wp.kristdemokraterna.se\\\/regionostergotland\\\/nyhetsbrev-vecka-42-4\\\/#breadcrumb\"},\"inLanguage\":\"sv-SE\",\"potentialAction\":[{\"@type\":\"ReadAction\",\"target\":[\"https:\\\/\\\/wp.kristdemokraterna.se\\\/regionostergotland\\\/nyhetsbrev-vecka-42-4\\\/\"]}]},{\"@type\":\"BreadcrumbList\",\"@id\":\"https:\\\/\\\/wp.kristdemokraterna.se\\\/regionostergotland\\\/nyhetsbrev-vecka-42-4\\\/#breadcrumb\",\"itemListElement\":[{\"@type\":\"ListItem\",\"position\":1,\"name\":\"Hem\",\"item\":\"https:\\\/\\\/wp.kristdemokraterna.se\\\/regionostergotland\\\/\"},{\"@type\":\"ListItem\",\"position\":2,\"name\":\"Nyhetsbrev vecka 42\"}]},{\"@type\":\"WebSite\",\"@id\":\"https:\\\/\\\/wp.kristdemokraterna.se\\\/regionostergotland\\\/#website\",\"url\":\"https:\\\/\\\/wp.kristdemokraterna.se\\\/regionostergotland\\\/\",\"name\":\"i Region \u00d6sterg\u00f6tland\",\"description\":\"\",\"inLanguage\":\"sv-SE\"},{\"@type\":\"Person\",\"@id\":\"https:\\\/\\\/wp.kristdemokraterna.se\\\/regionostergotland\\\/#\\\/schema\\\/person\\\/74c3c4f502fcc489722a7be0dfe0088c\",\"name\":\"regionostergotland\",\"image\":{\"@type\":\"ImageObject\",\"inLanguage\":\"sv-SE\",\"@id\":\"https:\\\/\\\/secure.gravatar.com\\\/avatar\\\/8fb8f0a216e627554da57506bfaf78d677f45512f24f703e185ec701423b1e92?s=96&d=mm&r=g\",\"url\":\"https:\\\/\\\/secure.gravatar.com\\\/avatar\\\/8fb8f0a216e627554da57506bfaf78d677f45512f24f703e185ec701423b1e92?s=96&d=mm&r=g\",\"contentUrl\":\"https:\\\/\\\/secure.gravatar.com\\\/avatar\\\/8fb8f0a216e627554da57506bfaf78d677f45512f24f703e185ec701423b1e92?s=96&d=mm&r=g\",\"caption\":\"regionostergotland\"},\"url\":\"https:\\\/\\\/wp.kristdemokraterna.se\\\/regionostergotland\\\/author\\\/regionostergotland\\\/\"}]}<\/script>\n<!-- \/ Yoast SEO plugin. -->","yoast_head_json":{"title":"Nyhetsbrev vecka 42 - i Region \u00d6sterg\u00f6tland","robots":{"index":"index","follow":"follow","max-snippet":"max-snippet:-1","max-image-preview":"max-image-preview:large","max-video-preview":"max-video-preview:-1"},"canonical":"https:\/\/wp.kristdemokraterna.se\/regionostergotland\/nyhetsbrev-vecka-42-4\/","og_locale":"sv_SE","og_type":"article","og_title":"Nyhetsbrev vecka 42 - i Region \u00d6sterg\u00f6tland","og_description":"Hej! Veckans nyhetsbrev skrivs fr\u00e5n Uppsala och st\u00f6rre delen av veckan har tillbringats p\u00e5 annan ort, n\u00e4r det r\u00e5kade infalla tv\u00e5 st\u00f6rre konferenser denna vecka. Trots det har mycket hunnits med, och jag ska f\u00f6rs\u00f6ka sammanfatta n\u00e5gra h\u00f6jdpunkter i nyhetsbrevet. Trevlig l\u00e4sning!","og_url":"https:\/\/wp.kristdemokraterna.se\/regionostergotland\/nyhetsbrev-vecka-42-4\/","og_site_name":"i Region \u00d6sterg\u00f6tland","article_published_time":"2023-10-20T12:29:24+00:00","og_image":[{"width":1024,"height":533,"url":"http:\/\/wp.kristdemokraterna.se\/regionostergotland\/files\/2023\/10\/bild-nyhetsbrev-2023-vecka-42-1024x533.jpg","type":"image\/jpeg"}],"author":"regionostergotland","twitter_card":"summary_large_image","twitter_misc":{"Skriven av":"regionostergotland","Ber\u00e4knad l\u00e4stid":"5 minuter"},"schema":{"@context":"https:\/\/schema.org","@graph":[{"@type":"Article","@id":"https:\/\/wp.kristdemokraterna.se\/regionostergotland\/nyhetsbrev-vecka-42-4\/#article","isPartOf":{"@id":"https:\/\/wp.kristdemokraterna.se\/regionostergotland\/nyhetsbrev-vecka-42-4\/"},"author":{"name":"regionostergotland","@id":"https:\/\/wp.kristdemokraterna.se\/regionostergotland\/#\/schema\/person\/74c3c4f502fcc489722a7be0dfe0088c"},"headline":"Nyhetsbrev vecka 42","datePublished":"2023-10-20T12:29:24+00:00","mainEntityOfPage":{"@id":"https:\/\/wp.kristdemokraterna.se\/regionostergotland\/nyhetsbrev-vecka-42-4\/"},"wordCount":1198,"articleSection":["Nyheter"],"inLanguage":"sv-SE"},{"@type":"WebPage","@id":"https:\/\/wp.kristdemokraterna.se\/regionostergotland\/nyhetsbrev-vecka-42-4\/","url":"https:\/\/wp.kristdemokraterna.se\/regionostergotland\/nyhetsbrev-vecka-42-4\/","name":"Nyhetsbrev vecka 42 - i Region \u00d6sterg\u00f6tland","isPartOf":{"@id":"https:\/\/wp.kristdemokraterna.se\/regionostergotland\/#website"},"datePublished":"2023-10-20T12:29:24+00:00","author":{"@id":"https:\/\/wp.kristdemokraterna.se\/regionostergotland\/#\/schema\/person\/74c3c4f502fcc489722a7be0dfe0088c"},"breadcrumb":{"@id":"https:\/\/wp.kristdemokraterna.se\/regionostergotland\/nyhetsbrev-vecka-42-4\/#breadcrumb"},"inLanguage":"sv-SE","potentialAction":[{"@type":"ReadAction","target":["https:\/\/wp.kristdemokraterna.se\/regionostergotland\/nyhetsbrev-vecka-42-4\/"]}]},{"@type":"BreadcrumbList","@id":"https:\/\/wp.kristdemokraterna.se\/regionostergotland\/nyhetsbrev-vecka-42-4\/#breadcrumb","itemListElement":[{"@type":"ListItem","position":1,"name":"Hem","item":"https:\/\/wp.kristdemokraterna.se\/regionostergotland\/"},{"@type":"ListItem","position":2,"name":"Nyhetsbrev vecka 42"}]},{"@type":"WebSite","@id":"https:\/\/wp.kristdemokraterna.se\/regionostergotland\/#website","url":"https:\/\/wp.kristdemokraterna.se\/regionostergotland\/","name":"i Region \u00d6sterg\u00f6tland","description":"","inLanguage":"sv-SE"},{"@type":"Person","@id":"https:\/\/wp.kristdemokraterna.se\/regionostergotland\/#\/schema\/person\/74c3c4f502fcc489722a7be0dfe0088c","name":"regionostergotland","image":{"@type":"ImageObject","inLanguage":"sv-SE","@id":"https:\/\/secure.gravatar.com\/avatar\/8fb8f0a216e627554da57506bfaf78d677f45512f24f703e185ec701423b1e92?s=96&d=mm&r=g","url":"https:\/\/secure.gravatar.com\/avatar\/8fb8f0a216e627554da57506bfaf78d677f45512f24f703e185ec701423b1e92?s=96&d=mm&r=g","contentUrl":"https:\/\/secure.gravatar.com\/avatar\/8fb8f0a216e627554da57506bfaf78d677f45512f24f703e185ec701423b1e92?s=96&d=mm&r=g","caption":"regionostergotland"},"url":"https:\/\/wp.kristdemokraterna.se\/regionostergotland\/author\/regionostergotland\/"}]}},"_links":{"self":[{"href":"https:\/\/wp.kristdemokraterna.se\/regionostergotland\/wp-json\/wp\/v2\/posts\/2193","targetHints":{"allow":["GET"]}}],"collection":[{"href":"https:\/\/wp.kristdemokraterna.se\/regionostergotland\/wp-json\/wp\/v2\/posts"}],"about":[{"href":"https:\/\/wp.kristdemokraterna.se\/regionostergotland\/wp-json\/wp\/v2\/types\/post"}],"author":[{"embeddable":true,"href":"https:\/\/wp.kristdemokraterna.se\/regionostergotland\/wp-json\/wp\/v2\/users\/737"}],"replies":[{"embeddable":true,"href":"https:\/\/wp.kristdemokraterna.se\/regionostergotland\/wp-json\/wp\/v2\/comments?post=2193"}],"version-history":[{"count":1,"href":"https:\/\/wp.kristdemokraterna.se\/regionostergotland\/wp-json\/wp\/v2\/posts\/2193\/revisions"}],"predecessor-version":[{"id":2195,"href":"https:\/\/wp.kristdemokraterna.se\/regionostergotland\/wp-json\/wp\/v2\/posts\/2193\/revisions\/2195"}],"wp:attachment":[{"href":"https:\/\/wp.kristdemokraterna.se\/regionostergotland\/wp-json\/wp\/v2\/media?parent=2193"}],"wp:term":[{"taxonomy":"category","embeddable":true,"href":"https:\/\/wp.kristdemokraterna.se\/regionostergotland\/wp-json\/wp\/v2\/categories?post=2193"},{"taxonomy":"post_tag","embeddable":true,"href":"https:\/\/wp.kristdemokraterna.se\/regionostergotland\/wp-json\/wp\/v2\/tags?post=2193"}],"curies":[{"name":"wp","href":"https:\/\/api.w.org\/{rel}","templated":true}]}}