{"id":2196,"date":"2023-10-27T11:53:41","date_gmt":"2023-10-27T09:53:41","guid":{"rendered":"https:\/\/wp.kristdemokraterna.se\/regionostergotland\/?p=2196"},"modified":"2023-10-27T11:53:46","modified_gmt":"2023-10-27T09:53:46","slug":"premiar-for-ostgotasamverkans-nyhetsbrev","status":"publish","type":"post","link":"https:\/\/wp.kristdemokraterna.se\/regionostergotland\/premiar-for-ostgotasamverkans-nyhetsbrev\/","title":{"rendered":"Premi\u00e4r f\u00f6r \u00d6stg\u00f6tasamverkans nyhetsbrev"},"content":{"rendered":"<div class=\"xdj266r x11i5rnm xat24cr x1mh8g0r x1vvkbs x126k92a\">\n<div dir=\"auto\">Idag lanserar vi Moderaterna, Kristdemokraterna och Liberalernas gemensamma nyhetsbrev. Prenumerera f\u00f6r att varannan fredag f\u00e5 information om vad som \u00e4r p\u00e5 g\u00e5ng i Region \u00d6sterg\u00f6tlands olika verksamhetsomr\u00e5den.<\/div>\n<\/div>\n<div class=\"x11i5rnm xat24cr x1mh8g0r x1vvkbs xtlvy1s x126k92a\">\n<div dir=\"auto\"><\/div>\n<div dir=\"auto\">Denna vecka skriver vi om:<\/div>\n<div dir=\"auto\"><span class=\"x3nfvp2 x1j61x8r x1fcty0u xdj266r xhhsvwb xat24cr xgzva0m xxymvpz xlup9mm x1kky2od\"><img loading=\"lazy\" decoding=\"async\" class=\"xz74otr\" src=\"https:\/\/static.xx.fbcdn.net\/images\/emoji.php\/v9\/t48\/1.5\/16\/1f535.png\" alt=\"\ud83d\udd35\" width=\"16\" height=\"16\" \/><\/span>Allvarligt ekonomiskt l\u00e4ge f\u00f6r Region \u00d6sterg\u00f6tland<\/div>\n<div dir=\"auto\"><span class=\"x3nfvp2 x1j61x8r x1fcty0u xdj266r xhhsvwb xat24cr xgzva0m xxymvpz xlup9mm x1kky2od\"><img loading=\"lazy\" decoding=\"async\" class=\"xz74otr\" src=\"https:\/\/static.xx.fbcdn.net\/images\/emoji.php\/v9\/t48\/1.5\/16\/1f535.png\" alt=\"\ud83d\udd35\" width=\"16\" height=\"16\" \/><\/span>Region \u00d6sterg\u00f6tland bygger upp kompetenscentrum inom precisionsh\u00e4lsa<\/div>\n<div dir=\"auto\"><span class=\"x3nfvp2 x1j61x8r x1fcty0u xdj266r xhhsvwb xat24cr xgzva0m xxymvpz xlup9mm x1kky2od\"><img loading=\"lazy\" decoding=\"async\" class=\"xz74otr\" src=\"https:\/\/static.xx.fbcdn.net\/images\/emoji.php\/v9\/t48\/1.5\/16\/1f535.png\" alt=\"\ud83d\udd35\" width=\"16\" height=\"16\" \/><\/span>Ny kulturplan \u00e4r klar<\/div>\n<\/div>\n<div class=\"x11i5rnm xat24cr x1mh8g0r x1vvkbs xtlvy1s x126k92a\">\n<div dir=\"auto\"><\/div>\n<div dir=\"auto\">L\u00e4nk till nyhetsbrev: <a class=\"x1i10hfl xjbqb8w x6umtig x1b1mbwd xaqea5y xav7gou x9f619 x1ypdohk xt0psk2 xe8uvvx xdj266r x11i5rnm xat24cr x1mh8g0r xexx8yu x4uap5 x18d9i69 xkhd6sd x16tdsg8 x1hl2dhg xggy1nq x1a2a7pz xt0b8zv x1fey0fg\" role=\"link\" href=\"https:\/\/bit.ly\/498kP45?fbclid=IwAR3rndMLL-dBO6eNYPneTIDD_n7sIALCynKFVs1aOYvR4feowwF4Bq5hk9k\" target=\"_blank\" rel=\"nofollow noopener noreferrer\">https:\/\/bit.ly\/498kP45<\/a><\/div>\n<div dir=\"auto\">L\u00e4nk f\u00f6r att prenumerera: <a class=\"x1i10hfl xjbqb8w x6umtig x1b1mbwd xaqea5y xav7gou x9f619 x1ypdohk xt0psk2 xe8uvvx xdj266r x11i5rnm xat24cr x1mh8g0r xexx8yu x4uap5 x18d9i69 xkhd6sd x16tdsg8 x1hl2dhg xggy1nq x1a2a7pz xt0b8zv x1fey0fg\" role=\"link\" href=\"https:\/\/bit.ly\/3QBP9Nu?fbclid=IwAR37PT4rYfqVd0_hfP2Ttc2mJuD2GlRtSo2Ii22f8U6ouqGagzBhau-4-F4\" target=\"_blank\" rel=\"nofollow noopener noreferrer\">https:\/\/bit.ly\/3QBP9Nu<\/a><\/div>\n<\/div>\n","protected":false},"excerpt":{"rendered":"<p>Idag lanserar vi Moderaterna, Kristdemokraterna och Liberalernas gemensamma nyhetsbrev. Prenumerera f\u00f6r att varannan fredag f\u00e5 information om vad som \u00e4r p\u00e5 g\u00e5ng i Region \u00d6sterg\u00f6tlands olika verksamhetsomr\u00e5den. Denna vecka skriver vi om: Allvarligt ekonomiskt l\u00e4ge f\u00f6r Region \u00d6sterg\u00f6tland Region \u00d6sterg\u00f6tland bygger upp kompetenscentrum inom precisionsh\u00e4lsa Ny kulturplan \u00e4r klar L\u00e4nk till nyhetsbrev: https:\/\/bit.ly\/498kP45 L\u00e4nk f\u00f6r <a class=\"read-more-link\" href=\"https:\/\/wp.kristdemokraterna.se\/regionostergotland\/premiar-for-ostgotasamverkans-nyhetsbrev\/\">Read More<\/a><\/p>\n","protected":false},"author":737,"featured_media":0,"comment_status":"closed","ping_status":"closed","sticky":false,"template":"","format":"standard","meta":{"_acf_changed":false,"footnotes":""},"categories":[1],"tags":[],"class_list":["post-2196","post","type-post","status-publish","format-standard","hentry","category-nyheter"],"acf":[],"yoast_head":"<!-- This site is optimized with the Yoast SEO plugin v27.5 - https:\/\/yoast.com\/product\/yoast-seo-wordpress\/ -->\n<title>Premi\u00e4r f\u00f6r \u00d6stg\u00f6tasamverkans nyhetsbrev - i Region \u00d6sterg\u00f6tland<\/title>\n<meta name=\"robots\" content=\"index, follow, max-snippet:-1, max-image-preview:large, max-video-preview:-1\" \/>\n<link rel=\"canonical\" href=\"https:\/\/wp.kristdemokraterna.se\/regionostergotland\/premiar-for-ostgotasamverkans-nyhetsbrev\/\" \/>\n<meta property=\"og:locale\" content=\"sv_SE\" \/>\n<meta property=\"og:type\" content=\"article\" \/>\n<meta property=\"og:title\" content=\"Premi\u00e4r f\u00f6r \u00d6stg\u00f6tasamverkans nyhetsbrev - i Region \u00d6sterg\u00f6tland\" \/>\n<meta property=\"og:description\" content=\"Idag lanserar vi Moderaterna, Kristdemokraterna och Liberalernas gemensamma nyhetsbrev. Prenumerera f\u00f6r att varannan fredag f\u00e5 information om vad som \u00e4r p\u00e5 g\u00e5ng i Region \u00d6sterg\u00f6tlands olika verksamhetsomr\u00e5den. Denna vecka skriver vi om: Allvarligt ekonomiskt l\u00e4ge f\u00f6r Region \u00d6sterg\u00f6tland Region \u00d6sterg\u00f6tland bygger upp kompetenscentrum inom precisionsh\u00e4lsa Ny kulturplan \u00e4r klar L\u00e4nk till nyhetsbrev: https:\/\/bit.ly\/498kP45 L\u00e4nk f\u00f6r Read More\" \/>\n<meta property=\"og:url\" content=\"https:\/\/wp.kristdemokraterna.se\/regionostergotland\/premiar-for-ostgotasamverkans-nyhetsbrev\/\" \/>\n<meta property=\"og:site_name\" content=\"i Region \u00d6sterg\u00f6tland\" \/>\n<meta property=\"article:published_time\" content=\"2023-10-27T09:53:41+00:00\" \/>\n<meta property=\"article:modified_time\" content=\"2023-10-27T09:53:46+00:00\" \/>\n<meta property=\"og:image\" content=\"https:\/\/static.xx.fbcdn.net\/images\/emoji.php\/v9\/t48\/1.5\/16\/1f535.png\" \/>\n<meta name=\"author\" content=\"regionostergotland\" \/>\n<meta name=\"twitter:card\" content=\"summary_large_image\" \/>\n<meta name=\"twitter:label1\" content=\"Skriven av\" \/>\n\t<meta name=\"twitter:data1\" content=\"regionostergotland\" \/>\n\t<meta name=\"twitter:label2\" content=\"Ber\u00e4knad l\u00e4stid\" \/>\n\t<meta name=\"twitter:data2\" content=\"1 minut\" \/>\n<script type=\"application\/ld+json\" class=\"yoast-schema-graph\">{\"@context\":\"https:\\\/\\\/schema.org\",\"@graph\":[{\"@type\":\"Article\",\"@id\":\"https:\\\/\\\/wp.kristdemokraterna.se\\\/regionostergotland\\\/premiar-for-ostgotasamverkans-nyhetsbrev\\\/#article\",\"isPartOf\":{\"@id\":\"https:\\\/\\\/wp.kristdemokraterna.se\\\/regionostergotland\\\/premiar-for-ostgotasamverkans-nyhetsbrev\\\/\"},\"author\":{\"name\":\"regionostergotland\",\"@id\":\"https:\\\/\\\/wp.kristdemokraterna.se\\\/regionostergotland\\\/#\\\/schema\\\/person\\\/74c3c4f502fcc489722a7be0dfe0088c\"},\"headline\":\"Premi\u00e4r f\u00f6r \u00d6stg\u00f6tasamverkans nyhetsbrev\",\"datePublished\":\"2023-10-27T09:53:41+00:00\",\"dateModified\":\"2023-10-27T09:53:46+00:00\",\"mainEntityOfPage\":{\"@id\":\"https:\\\/\\\/wp.kristdemokraterna.se\\\/regionostergotland\\\/premiar-for-ostgotasamverkans-nyhetsbrev\\\/\"},\"wordCount\":84,\"image\":{\"@id\":\"https:\\\/\\\/wp.kristdemokraterna.se\\\/regionostergotland\\\/premiar-for-ostgotasamverkans-nyhetsbrev\\\/#primaryimage\"},\"thumbnailUrl\":\"https:\\\/\\\/static.xx.fbcdn.net\\\/images\\\/emoji.php\\\/v9\\\/t48\\\/1.5\\\/16\\\/1f535.png\",\"articleSection\":[\"Nyheter\"],\"inLanguage\":\"sv-SE\"},{\"@type\":\"WebPage\",\"@id\":\"https:\\\/\\\/wp.kristdemokraterna.se\\\/regionostergotland\\\/premiar-for-ostgotasamverkans-nyhetsbrev\\\/\",\"url\":\"https:\\\/\\\/wp.kristdemokraterna.se\\\/regionostergotland\\\/premiar-for-ostgotasamverkans-nyhetsbrev\\\/\",\"name\":\"Premi\u00e4r f\u00f6r \u00d6stg\u00f6tasamverkans nyhetsbrev - i Region \u00d6sterg\u00f6tland\",\"isPartOf\":{\"@id\":\"https:\\\/\\\/wp.kristdemokraterna.se\\\/regionostergotland\\\/#website\"},\"primaryImageOfPage\":{\"@id\":\"https:\\\/\\\/wp.kristdemokraterna.se\\\/regionostergotland\\\/premiar-for-ostgotasamverkans-nyhetsbrev\\\/#primaryimage\"},\"image\":{\"@id\":\"https:\\\/\\\/wp.kristdemokraterna.se\\\/regionostergotland\\\/premiar-for-ostgotasamverkans-nyhetsbrev\\\/#primaryimage\"},\"thumbnailUrl\":\"https:\\\/\\\/static.xx.fbcdn.net\\\/images\\\/emoji.php\\\/v9\\\/t48\\\/1.5\\\/16\\\/1f535.png\",\"datePublished\":\"2023-10-27T09:53:41+00:00\",\"dateModified\":\"2023-10-27T09:53:46+00:00\",\"author\":{\"@id\":\"https:\\\/\\\/wp.kristdemokraterna.se\\\/regionostergotland\\\/#\\\/schema\\\/person\\\/74c3c4f502fcc489722a7be0dfe0088c\"},\"breadcrumb\":{\"@id\":\"https:\\\/\\\/wp.kristdemokraterna.se\\\/regionostergotland\\\/premiar-for-ostgotasamverkans-nyhetsbrev\\\/#breadcrumb\"},\"inLanguage\":\"sv-SE\",\"potentialAction\":[{\"@type\":\"ReadAction\",\"target\":[\"https:\\\/\\\/wp.kristdemokraterna.se\\\/regionostergotland\\\/premiar-for-ostgotasamverkans-nyhetsbrev\\\/\"]}]},{\"@type\":\"ImageObject\",\"inLanguage\":\"sv-SE\",\"@id\":\"https:\\\/\\\/wp.kristdemokraterna.se\\\/regionostergotland\\\/premiar-for-ostgotasamverkans-nyhetsbrev\\\/#primaryimage\",\"url\":\"https:\\\/\\\/static.xx.fbcdn.net\\\/images\\\/emoji.php\\\/v9\\\/t48\\\/1.5\\\/16\\\/1f535.png\",\"contentUrl\":\"https:\\\/\\\/static.xx.fbcdn.net\\\/images\\\/emoji.php\\\/v9\\\/t48\\\/1.5\\\/16\\\/1f535.png\"},{\"@type\":\"BreadcrumbList\",\"@id\":\"https:\\\/\\\/wp.kristdemokraterna.se\\\/regionostergotland\\\/premiar-for-ostgotasamverkans-nyhetsbrev\\\/#breadcrumb\",\"itemListElement\":[{\"@type\":\"ListItem\",\"position\":1,\"name\":\"Hem\",\"item\":\"https:\\\/\\\/wp.kristdemokraterna.se\\\/regionostergotland\\\/\"},{\"@type\":\"ListItem\",\"position\":2,\"name\":\"Premi\u00e4r f\u00f6r \u00d6stg\u00f6tasamverkans nyhetsbrev\"}]},{\"@type\":\"WebSite\",\"@id\":\"https:\\\/\\\/wp.kristdemokraterna.se\\\/regionostergotland\\\/#website\",\"url\":\"https:\\\/\\\/wp.kristdemokraterna.se\\\/regionostergotland\\\/\",\"name\":\"i Region \u00d6sterg\u00f6tland\",\"description\":\"\",\"inLanguage\":\"sv-SE\"},{\"@type\":\"Person\",\"@id\":\"https:\\\/\\\/wp.kristdemokraterna.se\\\/regionostergotland\\\/#\\\/schema\\\/person\\\/74c3c4f502fcc489722a7be0dfe0088c\",\"name\":\"regionostergotland\",\"image\":{\"@type\":\"ImageObject\",\"inLanguage\":\"sv-SE\",\"@id\":\"https:\\\/\\\/secure.gravatar.com\\\/avatar\\\/8fb8f0a216e627554da57506bfaf78d677f45512f24f703e185ec701423b1e92?s=96&d=mm&r=g\",\"url\":\"https:\\\/\\\/secure.gravatar.com\\\/avatar\\\/8fb8f0a216e627554da57506bfaf78d677f45512f24f703e185ec701423b1e92?s=96&d=mm&r=g\",\"contentUrl\":\"https:\\\/\\\/secure.gravatar.com\\\/avatar\\\/8fb8f0a216e627554da57506bfaf78d677f45512f24f703e185ec701423b1e92?s=96&d=mm&r=g\",\"caption\":\"regionostergotland\"},\"url\":\"https:\\\/\\\/wp.kristdemokraterna.se\\\/regionostergotland\\\/author\\\/regionostergotland\\\/\"}]}<\/script>\n<!-- \/ Yoast SEO plugin. -->","yoast_head_json":{"title":"Premi\u00e4r f\u00f6r \u00d6stg\u00f6tasamverkans nyhetsbrev - i Region \u00d6sterg\u00f6tland","robots":{"index":"index","follow":"follow","max-snippet":"max-snippet:-1","max-image-preview":"max-image-preview:large","max-video-preview":"max-video-preview:-1"},"canonical":"https:\/\/wp.kristdemokraterna.se\/regionostergotland\/premiar-for-ostgotasamverkans-nyhetsbrev\/","og_locale":"sv_SE","og_type":"article","og_title":"Premi\u00e4r f\u00f6r \u00d6stg\u00f6tasamverkans nyhetsbrev - i Region \u00d6sterg\u00f6tland","og_description":"Idag lanserar vi Moderaterna, Kristdemokraterna och Liberalernas gemensamma nyhetsbrev. Prenumerera f\u00f6r att varannan fredag f\u00e5 information om vad som \u00e4r p\u00e5 g\u00e5ng i Region \u00d6sterg\u00f6tlands olika verksamhetsomr\u00e5den. Denna vecka skriver vi om: Allvarligt ekonomiskt l\u00e4ge f\u00f6r Region \u00d6sterg\u00f6tland Region \u00d6sterg\u00f6tland bygger upp kompetenscentrum inom precisionsh\u00e4lsa Ny kulturplan \u00e4r klar L\u00e4nk till nyhetsbrev: https:\/\/bit.ly\/498kP45 L\u00e4nk f\u00f6r Read More","og_url":"https:\/\/wp.kristdemokraterna.se\/regionostergotland\/premiar-for-ostgotasamverkans-nyhetsbrev\/","og_site_name":"i Region \u00d6sterg\u00f6tland","article_published_time":"2023-10-27T09:53:41+00:00","article_modified_time":"2023-10-27T09:53:46+00:00","og_image":[{"url":"https:\/\/static.xx.fbcdn.net\/images\/emoji.php\/v9\/t48\/1.5\/16\/1f535.png","type":"","width":"","height":""}],"author":"regionostergotland","twitter_card":"summary_large_image","twitter_misc":{"Skriven av":"regionostergotland","Ber\u00e4knad l\u00e4stid":"1 minut"},"schema":{"@context":"https:\/\/schema.org","@graph":[{"@type":"Article","@id":"https:\/\/wp.kristdemokraterna.se\/regionostergotland\/premiar-for-ostgotasamverkans-nyhetsbrev\/#article","isPartOf":{"@id":"https:\/\/wp.kristdemokraterna.se\/regionostergotland\/premiar-for-ostgotasamverkans-nyhetsbrev\/"},"author":{"name":"regionostergotland","@id":"https:\/\/wp.kristdemokraterna.se\/regionostergotland\/#\/schema\/person\/74c3c4f502fcc489722a7be0dfe0088c"},"headline":"Premi\u00e4r f\u00f6r \u00d6stg\u00f6tasamverkans nyhetsbrev","datePublished":"2023-10-27T09:53:41+00:00","dateModified":"2023-10-27T09:53:46+00:00","mainEntityOfPage":{"@id":"https:\/\/wp.kristdemokraterna.se\/regionostergotland\/premiar-for-ostgotasamverkans-nyhetsbrev\/"},"wordCount":84,"image":{"@id":"https:\/\/wp.kristdemokraterna.se\/regionostergotland\/premiar-for-ostgotasamverkans-nyhetsbrev\/#primaryimage"},"thumbnailUrl":"https:\/\/static.xx.fbcdn.net\/images\/emoji.php\/v9\/t48\/1.5\/16\/1f535.png","articleSection":["Nyheter"],"inLanguage":"sv-SE"},{"@type":"WebPage","@id":"https:\/\/wp.kristdemokraterna.se\/regionostergotland\/premiar-for-ostgotasamverkans-nyhetsbrev\/","url":"https:\/\/wp.kristdemokraterna.se\/regionostergotland\/premiar-for-ostgotasamverkans-nyhetsbrev\/","name":"Premi\u00e4r f\u00f6r \u00d6stg\u00f6tasamverkans nyhetsbrev - i Region \u00d6sterg\u00f6tland","isPartOf":{"@id":"https:\/\/wp.kristdemokraterna.se\/regionostergotland\/#website"},"primaryImageOfPage":{"@id":"https:\/\/wp.kristdemokraterna.se\/regionostergotland\/premiar-for-ostgotasamverkans-nyhetsbrev\/#primaryimage"},"image":{"@id":"https:\/\/wp.kristdemokraterna.se\/regionostergotland\/premiar-for-ostgotasamverkans-nyhetsbrev\/#primaryimage"},"thumbnailUrl":"https:\/\/static.xx.fbcdn.net\/images\/emoji.php\/v9\/t48\/1.5\/16\/1f535.png","datePublished":"2023-10-27T09:53:41+00:00","dateModified":"2023-10-27T09:53:46+00:00","author":{"@id":"https:\/\/wp.kristdemokraterna.se\/regionostergotland\/#\/schema\/person\/74c3c4f502fcc489722a7be0dfe0088c"},"breadcrumb":{"@id":"https:\/\/wp.kristdemokraterna.se\/regionostergotland\/premiar-for-ostgotasamverkans-nyhetsbrev\/#breadcrumb"},"inLanguage":"sv-SE","potentialAction":[{"@type":"ReadAction","target":["https:\/\/wp.kristdemokraterna.se\/regionostergotland\/premiar-for-ostgotasamverkans-nyhetsbrev\/"]}]},{"@type":"ImageObject","inLanguage":"sv-SE","@id":"https:\/\/wp.kristdemokraterna.se\/regionostergotland\/premiar-for-ostgotasamverkans-nyhetsbrev\/#primaryimage","url":"https:\/\/static.xx.fbcdn.net\/images\/emoji.php\/v9\/t48\/1.5\/16\/1f535.png","contentUrl":"https:\/\/static.xx.fbcdn.net\/images\/emoji.php\/v9\/t48\/1.5\/16\/1f535.png"},{"@type":"BreadcrumbList","@id":"https:\/\/wp.kristdemokraterna.se\/regionostergotland\/premiar-for-ostgotasamverkans-nyhetsbrev\/#breadcrumb","itemListElement":[{"@type":"ListItem","position":1,"name":"Hem","item":"https:\/\/wp.kristdemokraterna.se\/regionostergotland\/"},{"@type":"ListItem","position":2,"name":"Premi\u00e4r f\u00f6r \u00d6stg\u00f6tasamverkans nyhetsbrev"}]},{"@type":"WebSite","@id":"https:\/\/wp.kristdemokraterna.se\/regionostergotland\/#website","url":"https:\/\/wp.kristdemokraterna.se\/regionostergotland\/","name":"i Region \u00d6sterg\u00f6tland","description":"","inLanguage":"sv-SE"},{"@type":"Person","@id":"https:\/\/wp.kristdemokraterna.se\/regionostergotland\/#\/schema\/person\/74c3c4f502fcc489722a7be0dfe0088c","name":"regionostergotland","image":{"@type":"ImageObject","inLanguage":"sv-SE","@id":"https:\/\/secure.gravatar.com\/avatar\/8fb8f0a216e627554da57506bfaf78d677f45512f24f703e185ec701423b1e92?s=96&d=mm&r=g","url":"https:\/\/secure.gravatar.com\/avatar\/8fb8f0a216e627554da57506bfaf78d677f45512f24f703e185ec701423b1e92?s=96&d=mm&r=g","contentUrl":"https:\/\/secure.gravatar.com\/avatar\/8fb8f0a216e627554da57506bfaf78d677f45512f24f703e185ec701423b1e92?s=96&d=mm&r=g","caption":"regionostergotland"},"url":"https:\/\/wp.kristdemokraterna.se\/regionostergotland\/author\/regionostergotland\/"}]}},"_links":{"self":[{"href":"https:\/\/wp.kristdemokraterna.se\/regionostergotland\/wp-json\/wp\/v2\/posts\/2196","targetHints":{"allow":["GET"]}}],"collection":[{"href":"https:\/\/wp.kristdemokraterna.se\/regionostergotland\/wp-json\/wp\/v2\/posts"}],"about":[{"href":"https:\/\/wp.kristdemokraterna.se\/regionostergotland\/wp-json\/wp\/v2\/types\/post"}],"author":[{"embeddable":true,"href":"https:\/\/wp.kristdemokraterna.se\/regionostergotland\/wp-json\/wp\/v2\/users\/737"}],"replies":[{"embeddable":true,"href":"https:\/\/wp.kristdemokraterna.se\/regionostergotland\/wp-json\/wp\/v2\/comments?post=2196"}],"version-history":[{"count":1,"href":"https:\/\/wp.kristdemokraterna.se\/regionostergotland\/wp-json\/wp\/v2\/posts\/2196\/revisions"}],"predecessor-version":[{"id":2198,"href":"https:\/\/wp.kristdemokraterna.se\/regionostergotland\/wp-json\/wp\/v2\/posts\/2196\/revisions\/2198"}],"wp:attachment":[{"href":"https:\/\/wp.kristdemokraterna.se\/regionostergotland\/wp-json\/wp\/v2\/media?parent=2196"}],"wp:term":[{"taxonomy":"category","embeddable":true,"href":"https:\/\/wp.kristdemokraterna.se\/regionostergotland\/wp-json\/wp\/v2\/categories?post=2196"},{"taxonomy":"post_tag","embeddable":true,"href":"https:\/\/wp.kristdemokraterna.se\/regionostergotland\/wp-json\/wp\/v2\/tags?post=2196"}],"curies":[{"name":"wp","href":"https:\/\/api.w.org\/{rel}","templated":true}]}}