{"id":2206,"date":"2023-11-10T08:27:01","date_gmt":"2023-11-10T07:27:01","guid":{"rendered":"https:\/\/wp.kristdemokraterna.se\/regionostergotland\/?p=2206"},"modified":"2023-11-10T08:27:01","modified_gmt":"2023-11-10T07:27:01","slug":"nyhetsbrev-vecka-45-7","status":"publish","type":"post","link":"https:\/\/wp.kristdemokraterna.se\/regionostergotland\/nyhetsbrev-vecka-45-7\/","title":{"rendered":"Nyhetsbrev vecka 45"},"content":{"rendered":"<p>Hej!<\/p>\n<p>Denna vecka skickar jag nyhetsbrevet fr\u00e5n Helsingborg, d\u00e4r Kristdemokraternas riksting inleds idag och p\u00e5g\u00e5r till p\u00e5 s\u00f6ndag. M\u00e5nga kristdemokrater \u00e4r samlade f\u00f6r att debattera en l\u00e5ng rad motioner inom en stor bredd av politikomr\u00e5den. Sj\u00e4lvklart blir det ocks\u00e5 tillf\u00e4lle att m\u00f6ta partiv\u00e4nner fr\u00e5n hela landet, \u00e4ven om schemat \u00e4r t\u00e4mligen fullsp\u00e4ckat\u2026 Men, innan f\u00e4rden ig\u00e5r eftermiddag styrdes s\u00f6derut, hanns en hel del med p\u00e5 hemmaplan i \u00d6sterg\u00f6tland. N\u00e5got av det ska jag som vanligt kort referera i veckans nyhetsbrev. Trevlig l\u00e4sning!<!--more--><\/p>\n<p><strong>Fler debattartiklar om vad som g\u00e4ller f\u00f6r informationsplikt<\/strong><br \/>\nI f\u00f6rra veckan publicerades ytterligare ett par debattartiklar fr\u00e5n oss i \u00d6stg\u00f6tasamverkan med klarl\u00e4ggande om vad som egentligen g\u00e4ller ang\u00e5ende den p\u00e5g\u00e5ende utredningen om bl.a. informationsplikt. I s\u00e5v\u00e4l Folkbladet som i L\u00e4nstidningen \u00e5terfanns debattartiklar, ut\u00f6ver den debattartikel p\u00e5 temat i Corren, som jag ber\u00e4ttade om i f\u00f6rra veckans nyhetsbrev. Du kan l\u00e4sa artikeln i Folkbladet h\u00e4r: (<a href=\"https:\/\/folkbladet.se\/debatt\/artikel\/det-kan-val-kaisa-karro-anda-inte-helt-ha-missat\/r2ow69pl\" target=\"_blank\" rel=\"noopener\">https:\/\/folkbladet.se\/debatt\/artikel\/det-kan-val-kaisa-karro-anda-inte-helt-ha-missat\/r2ow69pl<\/a>) .<\/p>\n<p><strong>M\u00e5ndagsm\u00f6te med b\u00e5de ekonomi och Covid-19<\/strong><br \/>\nVid veckans m\u00e5ndagsm\u00f6te fortsatte sj\u00e4lvklart arbetet med att komma till r\u00e4tta med den problematiska situationen f\u00f6r ekonomin i den \u00f6stg\u00f6tska h\u00e4lso- och sjukv\u00e5rden, d\u00e4r ut\u00f6ver ansvariga direkt\u00f6rer, \u00e4ven Annika Hjertkvist fr\u00e5n ekonomienheten deltog med en f\u00f6redragning. Dessv\u00e4rre har det \u00e5terigen blivit aktuellt med rapportering kring l\u00e4get f\u00f6r antalet personer som v\u00e5rdas med Covid-19 i slutenv\u00e5rden. Efter att det under l\u00e5ng tid inte varit n\u00e5got som beh\u00f6vt rapporteras, har under kort tid antalet patienter \u00f6kat snabbt, n\u00e4rmare en f\u00f6rdubbling p\u00e5 en vecka, och idag runt 60 personer. Lyckligtvis \u00e4r ingen i nul\u00e4get i behov av intensivv\u00e5rd, och det \u00e4r helt klart v\u00e4sentligt att alla som f\u00e5r uppmaningen att f\u00e5 ytterligare en vaccindos, ocks\u00e5 tar den m\u00f6jligheten!<\/p>\n<p><strong>Sammantr\u00e4de med Beredningen f\u00f6r kultur och friluftsliv<\/strong><br \/>\nI tisdags f\u00f6rmiddag h\u00f6lls november m\u00e5nads sammantr\u00e4de med regionutvecklingsn\u00e4mndens beredning f\u00f6r kultur och friluftsliv. Denna g\u00e5ng var kulturomr\u00e5det helt i fokus f\u00f6r sammantr\u00e4det, och vi fick bl.a. en f\u00f6rdjupning i de olika regionala uppdrag till kulturverksamheter som ges inom och utanf\u00f6r kultursamverkansmodellen. Beredningen fick ocks\u00e5 ta del av valda delar av det digitala seminarium som Sveriges Kommuner och Regioner (SKR) arrangerade om den nyligen till regeringen l\u00e4mnade kultursamverkansutredningen. Vi som deltog i SKR:s kulturkonferens i Skellefte\u00e5 i mitten av oktober gav ocks\u00e5 en kort rapport till beredningen.<\/p>\n<p><strong>M\u00f6te om EU:s sammanh\u00e5llningspolitik efter 2027<\/strong><br \/>\nP\u00e5 tisdagseftermiddagen fick jag och Eva Andersson (S) en f\u00f6redragning fr\u00e5n Anna Lindberg, enhetschef f\u00f6r internationell samverkan och Isabelle Johansson fr\u00e5n Region \u00d6sterg\u00f6tlands Brysselkontor, kring l\u00e4get f\u00f6r formandet av EU:s sammanh\u00e5llningspolitik kommande budgetperiod (efter att nuvarande slutar 2027). Region \u00d6sterg\u00f6tland arbetar bl.a. genom samarbetet inom \u00d6stra Mellansverige och genom EU-n\u00e4tverket CPMR. Kontakterna med Sveriges nationella regering i fr\u00e5gan, \u00e4r f\u00f6rst\u00e5s inte heller ov\u00e4sentlig, vilka bl.a. kanaliseras genom Politikerforum. \u00c4ven om det kan k\u00e4nnas l\u00e5ngt till perioden efter 2027, \u00e4r arbetet redan i full g\u00e5ng, och det g\u00e4ller att vara med och aktivt bevaka och f\u00f6rhoppningsvis p\u00e5verka fr\u00e5gan fr\u00e5n start.<\/p>\n<p><strong>Kompetensf\u00f6rs\u00f6rjning i fokus p\u00e5 regionutvecklingsn\u00e4mndens sammantr\u00e4de<\/strong><br \/>\nI onsdags sammantr\u00e4dde regionutvecklingsn\u00e4mnden, och hade f\u00f6r ovanlighetens skulle ett kortare sammantr\u00e4de, som slutade vid lunchtid. Antalet besluts\u00e4renden var f\u00e5, till skillnad fr\u00e5n b\u00e5de f\u00f6reg\u00e5ende och kommande sammantr\u00e4de. Det fanns dock tid f\u00f6r att ha ett l\u00e4ngre utbildningsplats om det regionala uppdraget n\u00e4r det g\u00e4ller kompetensf\u00f6rs\u00f6rjningsfr\u00e5gor. Enhetschef Malin Thunborg och strateg Margaretha Wandel gick igenom uppdrag i lagstiftning och fr\u00e5n andra statliga beslut, samverkan med andra akt\u00f6rer i och utanf\u00f6r \u00d6sterg\u00f6tland och olika fr\u00e5gor som \u00e4r aktuella inom omr\u00e5det. Ett h\u00f6gaktuellt och m\u00e5ngfacetterat politikomr\u00e5de!<\/p>\n<p><strong>Regionens tv\u00e5 gymnasieskolor p\u00e5 tio-i-topp-lista<\/strong><br \/>\nI veckan kom en ranking av gymnasieskolorna i \u00d6sterg\u00f6tland fr\u00e5n j\u00e4mf\u00f6relse- och informationsplattformen Ednia, som sammanst\u00e4llt data fr\u00e5n Skolverket, Skolinspektionen och Statistiska Centralbyr\u00e5n. Gl\u00e4djande nog hamnade de tv\u00e5 gymnasieskolor som Region \u00d6sterg\u00f6tland \u00e4r huvudman f\u00f6r; Vreta Utbildningcentrum och Himmelstalunds Utbildningscentrum, b\u00e5da p\u00e5 tio-i-topp-listan. Vreta p\u00e5 femte plats och Himmelstalund p\u00e5 tionde plats. Stort grattis till skolorna och bra jobbat all personal och elever! L\u00e4nk till rankningen finns h\u00e4r: (<a href=\"https:\/\/ednia.se\/linkoping\/rankning\" target=\"_blank\" rel=\"noopener\">https:\/\/ednia.se\/linkoping\/rankning<\/a>).<\/p>\n<p><strong>Sammantr\u00e4de med regionutvecklingsn\u00e4mndens presidium<\/strong><br \/>\nP\u00e5 onsdagseftermiddagen sammantr\u00e4dde regionutvecklingsn\u00e4mndens presidium. Trots att vi samma dag p\u00e5 f\u00f6rmiddagen haft n\u00e4mndsammantr\u00e4de, var det \u00e4nd\u00e5 dags att f\u00f6rbereda n\u00e4stkommande n\u00e4mndsammantr\u00e4de, som sker redan 29 november. D\u00e5 v\u00e4ntar betydligt fler \u00e4renden, \u00e4n vid veckans m\u00f6te, och det fanns en hel del att dryfta inf\u00f6r kommande beslut och informationspunkter.<\/p>\n<p><strong>East Sweden Innovation Day med tema AI<\/strong><br \/>\nI g\u00e5r torsdag genomf\u00f6rdes det \u00e5rliga arrangemanget East Sweden Innovation Day, som \u00e4r lite av h\u00f6jdpunkten under East Sweden Innovation Week, som genomf\u00f6rs vecka 45 varje \u00e5r. \u00c5rets event h\u00f6lls i lokalen Flygeln i Louis De Geer i Norrk\u00f6ping, och genomf\u00f6rdes helt p\u00e5 engelska d\u00e5 ett antal internationella g\u00e4ster deltog. Temat var Artificiell Intelligens, och genom intressanta talare och panelsamtal, fick vi en f\u00f6rdjupad, fascinerad och i viss m\u00e5n lite skr\u00e4mmande bild av hur framtiden kan komma att p\u00e5verkas p\u00e5 olika s\u00e4tt av utvecklingen inom AI. Jag sj\u00e4lv hade f\u00e5tt hedersuppdraget att inleda dagen, och betonade bl.a. vikten av innovation och regional tillv\u00e4xt i ekonomiska k\u00e4rva tider f\u00f6r regioner och kommuner.<\/p>\n<p>Nu \u00e4r det snart dags att starta rikstingsf\u00f6rhandlingarna och f\u00f6r m\u00e5nga kristdemokrater blir det ocks\u00e5 helgsyssels\u00e4ttningen. F\u00f6r dig som till\u00e4ventyrs inte \u00e4r p\u00e5 Kristdemokraternas riksting hoppas jag att du ocks\u00e5 f\u00e5r en riktigt trevlig helg!<\/p>\n<p>Med v\u00e4nlig h\u00e4lsning<br \/>\nPer Larsson<br \/>\nRegionr\u00e5d &#8211; Ordf\u00f6rande i Regionutvecklingsn\u00e4mnden<br \/>\nGruppledare f\u00f6r Kristdemokraterna i Region \u00d6sterg\u00f6tland<br \/>\ntfn 010-103 72 84 (arb)<br \/>\ntfn 0702-88 21 34 (mobil)<br \/>\nper.larsson@regionostergotland.se<\/p>\n<p>&nbsp;<\/p>\n","protected":false},"excerpt":{"rendered":"<p>Hej! Denna vecka skickar jag nyhetsbrevet fr\u00e5n Helsingborg, d\u00e4r Kristdemokraternas riksting inleds idag och p\u00e5g\u00e5r till p\u00e5 s\u00f6ndag. M\u00e5nga kristdemokrater \u00e4r samlade f\u00f6r att debattera en l\u00e5ng rad motioner inom en stor bredd av politikomr\u00e5den. Sj\u00e4lvklart blir det ocks\u00e5 tillf\u00e4lle att m\u00f6ta partiv\u00e4nner fr\u00e5n hela landet, \u00e4ven om schemat \u00e4r t\u00e4mligen fullsp\u00e4ckat\u2026 Men, innan f\u00e4rden <a class=\"read-more-link\" href=\"https:\/\/wp.kristdemokraterna.se\/regionostergotland\/nyhetsbrev-vecka-45-7\/\">Read More<\/a><\/p>\n","protected":false},"author":737,"featured_media":0,"comment_status":"closed","ping_status":"closed","sticky":false,"template":"","format":"standard","meta":{"_acf_changed":false,"footnotes":""},"categories":[1],"tags":[],"class_list":["post-2206","post","type-post","status-publish","format-standard","hentry","category-nyheter"],"acf":[],"yoast_head":"<!-- This site is optimized with the Yoast SEO plugin v27.5 - https:\/\/yoast.com\/product\/yoast-seo-wordpress\/ -->\n<title>Nyhetsbrev vecka 45 - i Region \u00d6sterg\u00f6tland<\/title>\n<meta name=\"robots\" content=\"index, follow, max-snippet:-1, max-image-preview:large, max-video-preview:-1\" \/>\n<link rel=\"canonical\" href=\"https:\/\/wp.kristdemokraterna.se\/regionostergotland\/nyhetsbrev-vecka-45-7\/\" \/>\n<meta property=\"og:locale\" content=\"sv_SE\" \/>\n<meta property=\"og:type\" content=\"article\" \/>\n<meta property=\"og:title\" content=\"Nyhetsbrev vecka 45 - i Region \u00d6sterg\u00f6tland\" \/>\n<meta property=\"og:description\" content=\"Hej! Denna vecka skickar jag nyhetsbrevet fr\u00e5n Helsingborg, d\u00e4r Kristdemokraternas riksting inleds idag och p\u00e5g\u00e5r till p\u00e5 s\u00f6ndag. M\u00e5nga kristdemokrater \u00e4r samlade f\u00f6r att debattera en l\u00e5ng rad motioner inom en stor bredd av politikomr\u00e5den. Sj\u00e4lvklart blir det ocks\u00e5 tillf\u00e4lle att m\u00f6ta partiv\u00e4nner fr\u00e5n hela landet, \u00e4ven om schemat \u00e4r t\u00e4mligen fullsp\u00e4ckat\u2026 Men, innan f\u00e4rden Read More\" \/>\n<meta property=\"og:url\" content=\"https:\/\/wp.kristdemokraterna.se\/regionostergotland\/nyhetsbrev-vecka-45-7\/\" \/>\n<meta property=\"og:site_name\" content=\"i Region \u00d6sterg\u00f6tland\" \/>\n<meta property=\"article:published_time\" content=\"2023-11-10T07:27:01+00:00\" \/>\n<meta property=\"og:image\" content=\"http:\/\/wp.kristdemokraterna.se\/regionostergotland\/files\/2023\/11\/bild-nyhetsbrev-2023-vecka-45-1024x533.jpg\" \/>\n\t<meta property=\"og:image:width\" content=\"1024\" \/>\n\t<meta property=\"og:image:height\" content=\"533\" \/>\n\t<meta property=\"og:image:type\" content=\"image\/jpeg\" \/>\n<meta name=\"author\" content=\"regionostergotland\" \/>\n<meta name=\"twitter:card\" content=\"summary_large_image\" \/>\n<meta name=\"twitter:label1\" content=\"Skriven av\" \/>\n\t<meta name=\"twitter:data1\" content=\"regionostergotland\" \/>\n\t<meta name=\"twitter:label2\" content=\"Ber\u00e4knad l\u00e4stid\" \/>\n\t<meta name=\"twitter:data2\" content=\"5 minuter\" \/>\n<script type=\"application\/ld+json\" class=\"yoast-schema-graph\">{\"@context\":\"https:\\\/\\\/schema.org\",\"@graph\":[{\"@type\":\"Article\",\"@id\":\"https:\\\/\\\/wp.kristdemokraterna.se\\\/regionostergotland\\\/nyhetsbrev-vecka-45-7\\\/#article\",\"isPartOf\":{\"@id\":\"https:\\\/\\\/wp.kristdemokraterna.se\\\/regionostergotland\\\/nyhetsbrev-vecka-45-7\\\/\"},\"author\":{\"name\":\"regionostergotland\",\"@id\":\"https:\\\/\\\/wp.kristdemokraterna.se\\\/regionostergotland\\\/#\\\/schema\\\/person\\\/74c3c4f502fcc489722a7be0dfe0088c\"},\"headline\":\"Nyhetsbrev vecka 45\",\"datePublished\":\"2023-11-10T07:27:01+00:00\",\"mainEntityOfPage\":{\"@id\":\"https:\\\/\\\/wp.kristdemokraterna.se\\\/regionostergotland\\\/nyhetsbrev-vecka-45-7\\\/\"},\"wordCount\":1079,\"articleSection\":[\"Nyheter\"],\"inLanguage\":\"sv-SE\"},{\"@type\":\"WebPage\",\"@id\":\"https:\\\/\\\/wp.kristdemokraterna.se\\\/regionostergotland\\\/nyhetsbrev-vecka-45-7\\\/\",\"url\":\"https:\\\/\\\/wp.kristdemokraterna.se\\\/regionostergotland\\\/nyhetsbrev-vecka-45-7\\\/\",\"name\":\"Nyhetsbrev vecka 45 - i Region \u00d6sterg\u00f6tland\",\"isPartOf\":{\"@id\":\"https:\\\/\\\/wp.kristdemokraterna.se\\\/regionostergotland\\\/#website\"},\"datePublished\":\"2023-11-10T07:27:01+00:00\",\"author\":{\"@id\":\"https:\\\/\\\/wp.kristdemokraterna.se\\\/regionostergotland\\\/#\\\/schema\\\/person\\\/74c3c4f502fcc489722a7be0dfe0088c\"},\"breadcrumb\":{\"@id\":\"https:\\\/\\\/wp.kristdemokraterna.se\\\/regionostergotland\\\/nyhetsbrev-vecka-45-7\\\/#breadcrumb\"},\"inLanguage\":\"sv-SE\",\"potentialAction\":[{\"@type\":\"ReadAction\",\"target\":[\"https:\\\/\\\/wp.kristdemokraterna.se\\\/regionostergotland\\\/nyhetsbrev-vecka-45-7\\\/\"]}]},{\"@type\":\"BreadcrumbList\",\"@id\":\"https:\\\/\\\/wp.kristdemokraterna.se\\\/regionostergotland\\\/nyhetsbrev-vecka-45-7\\\/#breadcrumb\",\"itemListElement\":[{\"@type\":\"ListItem\",\"position\":1,\"name\":\"Hem\",\"item\":\"https:\\\/\\\/wp.kristdemokraterna.se\\\/regionostergotland\\\/\"},{\"@type\":\"ListItem\",\"position\":2,\"name\":\"Nyhetsbrev vecka 45\"}]},{\"@type\":\"WebSite\",\"@id\":\"https:\\\/\\\/wp.kristdemokraterna.se\\\/regionostergotland\\\/#website\",\"url\":\"https:\\\/\\\/wp.kristdemokraterna.se\\\/regionostergotland\\\/\",\"name\":\"i Region \u00d6sterg\u00f6tland\",\"description\":\"\",\"inLanguage\":\"sv-SE\"},{\"@type\":\"Person\",\"@id\":\"https:\\\/\\\/wp.kristdemokraterna.se\\\/regionostergotland\\\/#\\\/schema\\\/person\\\/74c3c4f502fcc489722a7be0dfe0088c\",\"name\":\"regionostergotland\",\"image\":{\"@type\":\"ImageObject\",\"inLanguage\":\"sv-SE\",\"@id\":\"https:\\\/\\\/secure.gravatar.com\\\/avatar\\\/8fb8f0a216e627554da57506bfaf78d677f45512f24f703e185ec701423b1e92?s=96&d=mm&r=g\",\"url\":\"https:\\\/\\\/secure.gravatar.com\\\/avatar\\\/8fb8f0a216e627554da57506bfaf78d677f45512f24f703e185ec701423b1e92?s=96&d=mm&r=g\",\"contentUrl\":\"https:\\\/\\\/secure.gravatar.com\\\/avatar\\\/8fb8f0a216e627554da57506bfaf78d677f45512f24f703e185ec701423b1e92?s=96&d=mm&r=g\",\"caption\":\"regionostergotland\"},\"url\":\"https:\\\/\\\/wp.kristdemokraterna.se\\\/regionostergotland\\\/author\\\/regionostergotland\\\/\"}]}<\/script>\n<!-- \/ Yoast SEO plugin. -->","yoast_head_json":{"title":"Nyhetsbrev vecka 45 - i Region \u00d6sterg\u00f6tland","robots":{"index":"index","follow":"follow","max-snippet":"max-snippet:-1","max-image-preview":"max-image-preview:large","max-video-preview":"max-video-preview:-1"},"canonical":"https:\/\/wp.kristdemokraterna.se\/regionostergotland\/nyhetsbrev-vecka-45-7\/","og_locale":"sv_SE","og_type":"article","og_title":"Nyhetsbrev vecka 45 - i Region \u00d6sterg\u00f6tland","og_description":"Hej! Denna vecka skickar jag nyhetsbrevet fr\u00e5n Helsingborg, d\u00e4r Kristdemokraternas riksting inleds idag och p\u00e5g\u00e5r till p\u00e5 s\u00f6ndag. M\u00e5nga kristdemokrater \u00e4r samlade f\u00f6r att debattera en l\u00e5ng rad motioner inom en stor bredd av politikomr\u00e5den. Sj\u00e4lvklart blir det ocks\u00e5 tillf\u00e4lle att m\u00f6ta partiv\u00e4nner fr\u00e5n hela landet, \u00e4ven om schemat \u00e4r t\u00e4mligen fullsp\u00e4ckat\u2026 Men, innan f\u00e4rden Read More","og_url":"https:\/\/wp.kristdemokraterna.se\/regionostergotland\/nyhetsbrev-vecka-45-7\/","og_site_name":"i Region \u00d6sterg\u00f6tland","article_published_time":"2023-11-10T07:27:01+00:00","og_image":[{"width":1024,"height":533,"url":"http:\/\/wp.kristdemokraterna.se\/regionostergotland\/files\/2023\/11\/bild-nyhetsbrev-2023-vecka-45-1024x533.jpg","type":"image\/jpeg"}],"author":"regionostergotland","twitter_card":"summary_large_image","twitter_misc":{"Skriven av":"regionostergotland","Ber\u00e4knad l\u00e4stid":"5 minuter"},"schema":{"@context":"https:\/\/schema.org","@graph":[{"@type":"Article","@id":"https:\/\/wp.kristdemokraterna.se\/regionostergotland\/nyhetsbrev-vecka-45-7\/#article","isPartOf":{"@id":"https:\/\/wp.kristdemokraterna.se\/regionostergotland\/nyhetsbrev-vecka-45-7\/"},"author":{"name":"regionostergotland","@id":"https:\/\/wp.kristdemokraterna.se\/regionostergotland\/#\/schema\/person\/74c3c4f502fcc489722a7be0dfe0088c"},"headline":"Nyhetsbrev vecka 45","datePublished":"2023-11-10T07:27:01+00:00","mainEntityOfPage":{"@id":"https:\/\/wp.kristdemokraterna.se\/regionostergotland\/nyhetsbrev-vecka-45-7\/"},"wordCount":1079,"articleSection":["Nyheter"],"inLanguage":"sv-SE"},{"@type":"WebPage","@id":"https:\/\/wp.kristdemokraterna.se\/regionostergotland\/nyhetsbrev-vecka-45-7\/","url":"https:\/\/wp.kristdemokraterna.se\/regionostergotland\/nyhetsbrev-vecka-45-7\/","name":"Nyhetsbrev vecka 45 - i Region \u00d6sterg\u00f6tland","isPartOf":{"@id":"https:\/\/wp.kristdemokraterna.se\/regionostergotland\/#website"},"datePublished":"2023-11-10T07:27:01+00:00","author":{"@id":"https:\/\/wp.kristdemokraterna.se\/regionostergotland\/#\/schema\/person\/74c3c4f502fcc489722a7be0dfe0088c"},"breadcrumb":{"@id":"https:\/\/wp.kristdemokraterna.se\/regionostergotland\/nyhetsbrev-vecka-45-7\/#breadcrumb"},"inLanguage":"sv-SE","potentialAction":[{"@type":"ReadAction","target":["https:\/\/wp.kristdemokraterna.se\/regionostergotland\/nyhetsbrev-vecka-45-7\/"]}]},{"@type":"BreadcrumbList","@id":"https:\/\/wp.kristdemokraterna.se\/regionostergotland\/nyhetsbrev-vecka-45-7\/#breadcrumb","itemListElement":[{"@type":"ListItem","position":1,"name":"Hem","item":"https:\/\/wp.kristdemokraterna.se\/regionostergotland\/"},{"@type":"ListItem","position":2,"name":"Nyhetsbrev vecka 45"}]},{"@type":"WebSite","@id":"https:\/\/wp.kristdemokraterna.se\/regionostergotland\/#website","url":"https:\/\/wp.kristdemokraterna.se\/regionostergotland\/","name":"i Region \u00d6sterg\u00f6tland","description":"","inLanguage":"sv-SE"},{"@type":"Person","@id":"https:\/\/wp.kristdemokraterna.se\/regionostergotland\/#\/schema\/person\/74c3c4f502fcc489722a7be0dfe0088c","name":"regionostergotland","image":{"@type":"ImageObject","inLanguage":"sv-SE","@id":"https:\/\/secure.gravatar.com\/avatar\/8fb8f0a216e627554da57506bfaf78d677f45512f24f703e185ec701423b1e92?s=96&d=mm&r=g","url":"https:\/\/secure.gravatar.com\/avatar\/8fb8f0a216e627554da57506bfaf78d677f45512f24f703e185ec701423b1e92?s=96&d=mm&r=g","contentUrl":"https:\/\/secure.gravatar.com\/avatar\/8fb8f0a216e627554da57506bfaf78d677f45512f24f703e185ec701423b1e92?s=96&d=mm&r=g","caption":"regionostergotland"},"url":"https:\/\/wp.kristdemokraterna.se\/regionostergotland\/author\/regionostergotland\/"}]}},"_links":{"self":[{"href":"https:\/\/wp.kristdemokraterna.se\/regionostergotland\/wp-json\/wp\/v2\/posts\/2206","targetHints":{"allow":["GET"]}}],"collection":[{"href":"https:\/\/wp.kristdemokraterna.se\/regionostergotland\/wp-json\/wp\/v2\/posts"}],"about":[{"href":"https:\/\/wp.kristdemokraterna.se\/regionostergotland\/wp-json\/wp\/v2\/types\/post"}],"author":[{"embeddable":true,"href":"https:\/\/wp.kristdemokraterna.se\/regionostergotland\/wp-json\/wp\/v2\/users\/737"}],"replies":[{"embeddable":true,"href":"https:\/\/wp.kristdemokraterna.se\/regionostergotland\/wp-json\/wp\/v2\/comments?post=2206"}],"version-history":[{"count":1,"href":"https:\/\/wp.kristdemokraterna.se\/regionostergotland\/wp-json\/wp\/v2\/posts\/2206\/revisions"}],"predecessor-version":[{"id":2208,"href":"https:\/\/wp.kristdemokraterna.se\/regionostergotland\/wp-json\/wp\/v2\/posts\/2206\/revisions\/2208"}],"wp:attachment":[{"href":"https:\/\/wp.kristdemokraterna.se\/regionostergotland\/wp-json\/wp\/v2\/media?parent=2206"}],"wp:term":[{"taxonomy":"category","embeddable":true,"href":"https:\/\/wp.kristdemokraterna.se\/regionostergotland\/wp-json\/wp\/v2\/categories?post=2206"},{"taxonomy":"post_tag","embeddable":true,"href":"https:\/\/wp.kristdemokraterna.se\/regionostergotland\/wp-json\/wp\/v2\/tags?post=2206"}],"curies":[{"name":"wp","href":"https:\/\/api.w.org\/{rel}","templated":true}]}}