{"id":2215,"date":"2023-12-01T17:35:12","date_gmt":"2023-12-01T16:35:12","guid":{"rendered":"https:\/\/wp.kristdemokraterna.se\/regionostergotland\/?p=2215"},"modified":"2023-12-01T17:35:12","modified_gmt":"2023-12-01T16:35:12","slug":"nyhetsbrev-vecka-48-7","status":"publish","type":"post","link":"https:\/\/wp.kristdemokraterna.se\/regionostergotland\/nyhetsbrev-vecka-48-7\/","title":{"rendered":"Nyhetsbrev vecka 48"},"content":{"rendered":"<p>Hej!<\/p>\n<p>Veckans nyhetsbrev skriver jag p\u00e5 t\u00e5get hem fr\u00e5n Stockholm, d\u00e4r jag varit p\u00e5 olika m\u00f6ten sedan i onsdags. Ett inst\u00e4llt t\u00e5g ledde till ombokningar som inneb\u00e4r t\u00e5gbyte. F\u00f6rhoppningsvis n\u00e5r jag Link\u00f6ping innan kv\u00e4llen \u00e4r slut\u2026 Men, i vilket fall som helst kommer h\u00e4r en kort resum\u00e9 av veckan i regionpolitiken. Trevlig l\u00e4sning!<!--more--><\/p>\n<p><strong>Samverkansm\u00f6te med L\u00e4nsstyrelsen \u00d6sterg\u00f6tland<\/strong><br \/>\nVeckan b\u00f6rjade tidig m\u00e5ndagsmorgon med \u00e5rets sista samverkansm\u00f6te mellan Region \u00d6sterg\u00f6tland och L\u00e4nsstyrelsen i \u00d6sterg\u00f6tland. Ordf\u00f6rande i regionstyrelsen, regionutvecklingsn\u00e4mnden och trafik- och samh\u00e4llsplaneringsn\u00e4mnden, ackompanjerade av regiondirekt\u00f6r och regionutvecklingsdirekt\u00f6r m\u00f6ter landsh\u00f6vding, l\u00e4nsr\u00e5d och tillv\u00e4xtdirekt\u00f6r fr\u00e5n L\u00e4nsstyrelsen. P\u00e5 dagordningen f\u00f6r m\u00f6tet stod bl.a. energifr\u00e5gor, samverkan kring brottslighet i l\u00e4net och former f\u00f6r v\u00e5r fortsatta samverkan.<\/p>\n<p><strong>M\u00e5ndagsm\u00f6te med fokus p\u00e5 uppf\u00f6ljning av budgetuppdrag<\/strong><br \/>\nM\u00e5ndagsf\u00f6rmiddagen fortsatte med ordinarie m\u00e5ndagsm\u00f6te med ledningen f\u00f6r \u00d6stg\u00f6tasamverkan. En stor del av m\u00f6tet \u00e4gnades denna g\u00e5ng \u00e5t att f\u00f6lja upp alla uppdrag till n\u00e4mnderna i Tre\u00e5rsbudgeten 2023-2025. Har uppdragen utf\u00f6rts, vad \u00e5terst\u00e5r och vilka ytterligare \u00e5tg\u00e4rder beh\u00f6ver s\u00e4ttas in? Det st\u00e5r klart att en hel del \u00e4r klart, ytterligare en hel del n\u00e4rmar sig f\u00e4rdigst\u00e4llande, medan andra uppdrag beh\u00f6ver forts\u00e4tta arbetas med under 2024.<\/p>\n<p><strong>Kompetensf\u00f6rs\u00f6rjningsstrategi p\u00e5 extra presidiem\u00f6te med RUN:s presidium<\/strong><br \/>\nI m\u00e5ndags eftermiddag hade vi ett extra presidiem\u00f6te med regionutvecklingsn\u00e4mndens presidium. Anledningen till m\u00f6tet var att vi gick igenom, diskuterade och l\u00e4mnade synpunkter p\u00e5 det f\u00f6rsta utkastet till ny kompetensf\u00f6rs\u00f6rjningsstrategi inom ramen f\u00f6r regionens regionala utvecklingsansvar. Uppdraget att ta fram strategin beslutades av regionutvecklingsn\u00e4mnden i november 2022, och under det g\u00e5ngna \u00e5ret har arbetet p\u00e5g\u00e5tt, med bl.a. en l\u00e5ng rad dialogm\u00f6ten med olika ber\u00f6rda akt\u00f6rer i \u00d6sterg\u00f6tland. Vi var \u00f6verens om att det var ett bra f\u00f6rslag och kunde komma med n\u00e5gra mindre justeringsf\u00f6rslag. Planeringen \u00e4r att strategin slutligt ska beslutas av n\u00e4mnden i februari 2024.<\/p>\n<p><strong>M\u00f6te med st\u00f6rre f\u00f6retag i \u00d6sterg\u00f6tland<\/strong><br \/>\nP\u00e5 tisdagsf\u00f6rmiddagen h\u00f6lls \u00e5rets sista m\u00f6te med \u00d6sterg\u00f6tlands st\u00f6rre f\u00f6retag, som landsh\u00f6vdingen bjuder in till p\u00e5 Link\u00f6pings slott. Fr\u00e5n Region \u00d6sterg\u00f6tland deltar jag och Eva Andersson (S) fr\u00e5n regionutvecklingsn\u00e4mndens presidium, och jag fick ocks\u00e5 som n\u00e4mndens ordf\u00f6rande m\u00f6jlighet att ge en rapport fr\u00e5n aktuella fr\u00e5gor inom regionens olika ansvarsomr\u00e5den. Temat f\u00f6r m\u00f6tet var annars s\u00e4kerhetsl\u00e4get i omv\u00e4rlden, med medverkan fr\u00e5n bl.a. V\u00e4derstadverken som bl.a. gjort en hel del insatser i Ukraina, SAAB i Link\u00f6ping som har f\u00e5tt starkt \u00f6kad produktion p\u00e5 grund av omv\u00e4rldsl\u00e4get och MSB som ocks\u00e5 f\u00e5tt mer att g\u00f6ra p\u00e5 senare tid. Intressanta f\u00f6redragningar i turbulent tid.<\/p>\n<p><strong>Beslut att ta fram strategier f\u00f6r n\u00e4ringsliv och innovation p\u00e5 \u00e5rets sista RUN<\/strong><br \/>\nI onsdags var det dags f\u00f6r \u00e5rets sista sammantr\u00e4de med regionutvecklingsn\u00e4mnden. P\u00e5 dagordningen stod bl.a. beslut om att ta fram n\u00e4ringslivsstrategi och innovationsstrategi &#8211; tv\u00e5 strategier som blir en brygga mellan den \u00f6vergripande regionala utvecklingsstrategin och det konkreta arbetet runt om i l\u00e4net. Du kan l\u00e4sa mer om beslutet h\u00e4r: (<a href=\"https:\/\/www.regionostergotland.se\/ro\/nyheter\/nyheter\/2023-11-29-regionen-tar-fram-strategier-for-naringsliv-och-innovation\" target=\"_blank\" rel=\"noopener\">https:\/\/www.regionostergotland.se\/ro\/nyheter\/nyheter\/2023-11-29-regionen-tar-fram-strategier-for-naringsliv-och-innovation<\/a>). N\u00e4mnden hade ocks\u00e5 bes\u00f6k av b\u00e5de RF-Sisu \u00d6sterg\u00f6tland och Bildningsf\u00f6rbundet \u00d6sterg\u00f6tland, som b\u00e5da ber\u00e4ttade om sina respektive verksamheter, och uppdrag fr\u00e5n regionutvecklingsn\u00e4mnden.<\/p>\n<p><strong>Gruppm\u00f6te med Kristdemokraternas SKR-grupp och beredningssammantr\u00e4de<\/strong><br \/>\nOnsdag och torsdag innebar ocks\u00e5 sammantr\u00e4desdagar i Stockholm p\u00e5 Sveriges Kommuner och Regioner (SKR), med s\u00e5v\u00e4l gruppm\u00f6te med Kristdemokraternas SKR-grupp som beredningssammantr\u00e4de med beredningen f\u00f6r tillv\u00e4xt och regional utveckling (TRU-beredningen). P\u00e5 onsdagens gruppm\u00f6te fick vi bl.a. information om statsbudgeten fr\u00e5n Kristdemokraternas ekonomiskpolitiske talespeson Hans Eklind och diskuterade viktiga fr\u00e5gor i de olika beredningarna. P\u00e5 torsdagen f\u00f6reg\u00e5s beredningssammantr\u00e4dena av en gemensam politikerinfo, som denna g\u00e5ng hade temat hur vi f\u00e5r bukt med g\u00e4ngkriminalitet, med bl.a. justitieminister Gunnar Str\u00f6mmer som medverkande. P\u00e5 beredningens m\u00f6te fick vi bl.a. tv\u00e5 intressanta f\u00f6redragningar kopplat till hur samh\u00e4llet hanterar och p\u00e5verkas av stora industrietableringar p\u00e5 olika h\u00e5ll i landet, framf\u00f6rallt i norra Sverige.<\/p>\n<p><strong>M\u00f6te med politiska styrgruppen f\u00f6r strukturfonderna i \u00d6stra Mellansverige<\/strong><br \/>\nP\u00e5 torsdagseftermiddagen sammantr\u00e4dde ocks\u00e5 den politiska styrgruppen f\u00f6r strukturfonderna i \u00d6stra Mellansverige. I styrgruppen ing\u00e5r ordf\u00f6randena i regionutvecklingsn\u00e4mnderna i de fem regionerna i \u00d6stra Mellansverige (\u00d6sterg\u00f6tland, S\u00f6rmland, \u00d6rebro l\u00e4n, V\u00e4stmanland och Uppsala l\u00e4n). Gemensamma st\u00e4llningstaganden till en del nationella fr\u00e5gor och redovisning av p\u00e5g\u00e5ende gemensamma strukturfondsprojekt stod bl.a. p\u00e5 dagordningen.<\/p>\n<p><strong>Politikerforum &#8211; dialog med regeringen om regionala utvecklingsfr\u00e5gor<\/strong><br \/>\nArbetsveckan i regionpolitiken avslutades torsdag-fredag med Politikerforum. I g\u00e5r torsdag f\u00f6rm\u00f6te med alla regioner och idag fredag sj\u00e4lva dialogen med regeringen. Forumet leds av statssekreterare Dan Ericsson (KD) och p\u00e5 dagordningen fanns flera aktuella fr\u00e5gor. Regeringens forsknings- och innovationsproposition, EU:s sammanh\u00e5llningspolitik och kommande \u00f6versyn av landsbygdspolitiken var n\u00e5gra av fr\u00e5gorna. Dessutom g\u00e4stade civilminister Erik Slottner (KD) forumet f\u00f6r att tala om digital konnektivitet och digitalisering. Bland regionf\u00f6retr\u00e4darna var vi fyra kristdemokrater; Mia Frisk fr\u00e5n Region J\u00f6nk\u00f6pings l\u00e4n, Birgitta Sacr\u00e9deus fr\u00e5n Region Dalarna, Anna Ekberg fr\u00e5n Region Blekinge och undertecknad.<\/p>\n<p>Nu stundar den f\u00f6rsta Adventshelgen och jag hoppas att ni alla f\u00e5r en riktigt fin s\u00e5dan!<\/p>\n<p>Med v\u00e4nlig h\u00e4lsning<br \/>\nPer Larsson<br \/>\nRegionr\u00e5d &#8211; Ordf\u00f6rande i Regionutvecklingsn\u00e4mnden<br \/>\nGruppledare f\u00f6r Kristdemokraterna i Region \u00d6sterg\u00f6tland<br \/>\ntfn 010-103 72 84 (arb)<br \/>\ntfn 0702-88 21 34 (mobil)<br \/>\nper.larsson@regionostergotland.se<\/p>\n","protected":false},"excerpt":{"rendered":"<p>Hej! Veckans nyhetsbrev skriver jag p\u00e5 t\u00e5get hem fr\u00e5n Stockholm, d\u00e4r jag varit p\u00e5 olika m\u00f6ten sedan i onsdags. Ett inst\u00e4llt t\u00e5g ledde till ombokningar som inneb\u00e4r t\u00e5gbyte. F\u00f6rhoppningsvis n\u00e5r jag Link\u00f6ping innan kv\u00e4llen \u00e4r slut\u2026 Men, i vilket fall som helst kommer h\u00e4r en kort resum\u00e9 av veckan i regionpolitiken. Trevlig l\u00e4sning!<\/p>\n","protected":false},"author":737,"featured_media":0,"comment_status":"closed","ping_status":"closed","sticky":false,"template":"","format":"standard","meta":{"_acf_changed":false,"footnotes":""},"categories":[1],"tags":[],"class_list":["post-2215","post","type-post","status-publish","format-standard","hentry","category-nyheter"],"acf":[],"yoast_head":"<!-- This site is optimized with the Yoast SEO plugin v27.5 - https:\/\/yoast.com\/product\/yoast-seo-wordpress\/ -->\n<title>Nyhetsbrev vecka 48 - i Region \u00d6sterg\u00f6tland<\/title>\n<meta name=\"robots\" content=\"index, follow, max-snippet:-1, max-image-preview:large, max-video-preview:-1\" \/>\n<link rel=\"canonical\" href=\"https:\/\/wp.kristdemokraterna.se\/regionostergotland\/nyhetsbrev-vecka-48-7\/\" \/>\n<meta property=\"og:locale\" content=\"sv_SE\" \/>\n<meta property=\"og:type\" content=\"article\" \/>\n<meta property=\"og:title\" content=\"Nyhetsbrev vecka 48 - i Region \u00d6sterg\u00f6tland\" \/>\n<meta property=\"og:description\" content=\"Hej! Veckans nyhetsbrev skriver jag p\u00e5 t\u00e5get hem fr\u00e5n Stockholm, d\u00e4r jag varit p\u00e5 olika m\u00f6ten sedan i onsdags. Ett inst\u00e4llt t\u00e5g ledde till ombokningar som inneb\u00e4r t\u00e5gbyte. F\u00f6rhoppningsvis n\u00e5r jag Link\u00f6ping innan kv\u00e4llen \u00e4r slut\u2026 Men, i vilket fall som helst kommer h\u00e4r en kort resum\u00e9 av veckan i regionpolitiken. Trevlig l\u00e4sning!\" \/>\n<meta property=\"og:url\" content=\"https:\/\/wp.kristdemokraterna.se\/regionostergotland\/nyhetsbrev-vecka-48-7\/\" \/>\n<meta property=\"og:site_name\" content=\"i Region \u00d6sterg\u00f6tland\" \/>\n<meta property=\"article:published_time\" content=\"2023-12-01T16:35:12+00:00\" \/>\n<meta property=\"og:image\" content=\"http:\/\/wp.kristdemokraterna.se\/regionostergotland\/files\/2023\/12\/bild-nyhetsbrev-2023-vecka-48-1024x533.jpg\" \/>\n\t<meta property=\"og:image:width\" content=\"1024\" \/>\n\t<meta property=\"og:image:height\" content=\"533\" \/>\n\t<meta property=\"og:image:type\" content=\"image\/jpeg\" \/>\n<meta name=\"author\" content=\"regionostergotland\" \/>\n<meta name=\"twitter:card\" content=\"summary_large_image\" \/>\n<meta name=\"twitter:label1\" content=\"Skriven av\" \/>\n\t<meta name=\"twitter:data1\" content=\"regionostergotland\" \/>\n\t<meta name=\"twitter:label2\" content=\"Ber\u00e4knad l\u00e4stid\" \/>\n\t<meta name=\"twitter:data2\" content=\"4 minuter\" \/>\n<script type=\"application\/ld+json\" class=\"yoast-schema-graph\">{\"@context\":\"https:\\\/\\\/schema.org\",\"@graph\":[{\"@type\":\"Article\",\"@id\":\"https:\\\/\\\/wp.kristdemokraterna.se\\\/regionostergotland\\\/nyhetsbrev-vecka-48-7\\\/#article\",\"isPartOf\":{\"@id\":\"https:\\\/\\\/wp.kristdemokraterna.se\\\/regionostergotland\\\/nyhetsbrev-vecka-48-7\\\/\"},\"author\":{\"name\":\"regionostergotland\",\"@id\":\"https:\\\/\\\/wp.kristdemokraterna.se\\\/regionostergotland\\\/#\\\/schema\\\/person\\\/74c3c4f502fcc489722a7be0dfe0088c\"},\"headline\":\"Nyhetsbrev vecka 48\",\"datePublished\":\"2023-12-01T16:35:12+00:00\",\"mainEntityOfPage\":{\"@id\":\"https:\\\/\\\/wp.kristdemokraterna.se\\\/regionostergotland\\\/nyhetsbrev-vecka-48-7\\\/\"},\"wordCount\":1026,\"articleSection\":[\"Nyheter\"],\"inLanguage\":\"sv-SE\"},{\"@type\":\"WebPage\",\"@id\":\"https:\\\/\\\/wp.kristdemokraterna.se\\\/regionostergotland\\\/nyhetsbrev-vecka-48-7\\\/\",\"url\":\"https:\\\/\\\/wp.kristdemokraterna.se\\\/regionostergotland\\\/nyhetsbrev-vecka-48-7\\\/\",\"name\":\"Nyhetsbrev vecka 48 - i Region \u00d6sterg\u00f6tland\",\"isPartOf\":{\"@id\":\"https:\\\/\\\/wp.kristdemokraterna.se\\\/regionostergotland\\\/#website\"},\"datePublished\":\"2023-12-01T16:35:12+00:00\",\"author\":{\"@id\":\"https:\\\/\\\/wp.kristdemokraterna.se\\\/regionostergotland\\\/#\\\/schema\\\/person\\\/74c3c4f502fcc489722a7be0dfe0088c\"},\"breadcrumb\":{\"@id\":\"https:\\\/\\\/wp.kristdemokraterna.se\\\/regionostergotland\\\/nyhetsbrev-vecka-48-7\\\/#breadcrumb\"},\"inLanguage\":\"sv-SE\",\"potentialAction\":[{\"@type\":\"ReadAction\",\"target\":[\"https:\\\/\\\/wp.kristdemokraterna.se\\\/regionostergotland\\\/nyhetsbrev-vecka-48-7\\\/\"]}]},{\"@type\":\"BreadcrumbList\",\"@id\":\"https:\\\/\\\/wp.kristdemokraterna.se\\\/regionostergotland\\\/nyhetsbrev-vecka-48-7\\\/#breadcrumb\",\"itemListElement\":[{\"@type\":\"ListItem\",\"position\":1,\"name\":\"Hem\",\"item\":\"https:\\\/\\\/wp.kristdemokraterna.se\\\/regionostergotland\\\/\"},{\"@type\":\"ListItem\",\"position\":2,\"name\":\"Nyhetsbrev vecka 48\"}]},{\"@type\":\"WebSite\",\"@id\":\"https:\\\/\\\/wp.kristdemokraterna.se\\\/regionostergotland\\\/#website\",\"url\":\"https:\\\/\\\/wp.kristdemokraterna.se\\\/regionostergotland\\\/\",\"name\":\"i Region \u00d6sterg\u00f6tland\",\"description\":\"\",\"inLanguage\":\"sv-SE\"},{\"@type\":\"Person\",\"@id\":\"https:\\\/\\\/wp.kristdemokraterna.se\\\/regionostergotland\\\/#\\\/schema\\\/person\\\/74c3c4f502fcc489722a7be0dfe0088c\",\"name\":\"regionostergotland\",\"image\":{\"@type\":\"ImageObject\",\"inLanguage\":\"sv-SE\",\"@id\":\"https:\\\/\\\/secure.gravatar.com\\\/avatar\\\/8fb8f0a216e627554da57506bfaf78d677f45512f24f703e185ec701423b1e92?s=96&d=mm&r=g\",\"url\":\"https:\\\/\\\/secure.gravatar.com\\\/avatar\\\/8fb8f0a216e627554da57506bfaf78d677f45512f24f703e185ec701423b1e92?s=96&d=mm&r=g\",\"contentUrl\":\"https:\\\/\\\/secure.gravatar.com\\\/avatar\\\/8fb8f0a216e627554da57506bfaf78d677f45512f24f703e185ec701423b1e92?s=96&d=mm&r=g\",\"caption\":\"regionostergotland\"},\"url\":\"https:\\\/\\\/wp.kristdemokraterna.se\\\/regionostergotland\\\/author\\\/regionostergotland\\\/\"}]}<\/script>\n<!-- \/ Yoast SEO plugin. -->","yoast_head_json":{"title":"Nyhetsbrev vecka 48 - i Region \u00d6sterg\u00f6tland","robots":{"index":"index","follow":"follow","max-snippet":"max-snippet:-1","max-image-preview":"max-image-preview:large","max-video-preview":"max-video-preview:-1"},"canonical":"https:\/\/wp.kristdemokraterna.se\/regionostergotland\/nyhetsbrev-vecka-48-7\/","og_locale":"sv_SE","og_type":"article","og_title":"Nyhetsbrev vecka 48 - i Region \u00d6sterg\u00f6tland","og_description":"Hej! Veckans nyhetsbrev skriver jag p\u00e5 t\u00e5get hem fr\u00e5n Stockholm, d\u00e4r jag varit p\u00e5 olika m\u00f6ten sedan i onsdags. Ett inst\u00e4llt t\u00e5g ledde till ombokningar som inneb\u00e4r t\u00e5gbyte. F\u00f6rhoppningsvis n\u00e5r jag Link\u00f6ping innan kv\u00e4llen \u00e4r slut\u2026 Men, i vilket fall som helst kommer h\u00e4r en kort resum\u00e9 av veckan i regionpolitiken. Trevlig l\u00e4sning!","og_url":"https:\/\/wp.kristdemokraterna.se\/regionostergotland\/nyhetsbrev-vecka-48-7\/","og_site_name":"i Region \u00d6sterg\u00f6tland","article_published_time":"2023-12-01T16:35:12+00:00","og_image":[{"width":1024,"height":533,"url":"http:\/\/wp.kristdemokraterna.se\/regionostergotland\/files\/2023\/12\/bild-nyhetsbrev-2023-vecka-48-1024x533.jpg","type":"image\/jpeg"}],"author":"regionostergotland","twitter_card":"summary_large_image","twitter_misc":{"Skriven av":"regionostergotland","Ber\u00e4knad l\u00e4stid":"4 minuter"},"schema":{"@context":"https:\/\/schema.org","@graph":[{"@type":"Article","@id":"https:\/\/wp.kristdemokraterna.se\/regionostergotland\/nyhetsbrev-vecka-48-7\/#article","isPartOf":{"@id":"https:\/\/wp.kristdemokraterna.se\/regionostergotland\/nyhetsbrev-vecka-48-7\/"},"author":{"name":"regionostergotland","@id":"https:\/\/wp.kristdemokraterna.se\/regionostergotland\/#\/schema\/person\/74c3c4f502fcc489722a7be0dfe0088c"},"headline":"Nyhetsbrev vecka 48","datePublished":"2023-12-01T16:35:12+00:00","mainEntityOfPage":{"@id":"https:\/\/wp.kristdemokraterna.se\/regionostergotland\/nyhetsbrev-vecka-48-7\/"},"wordCount":1026,"articleSection":["Nyheter"],"inLanguage":"sv-SE"},{"@type":"WebPage","@id":"https:\/\/wp.kristdemokraterna.se\/regionostergotland\/nyhetsbrev-vecka-48-7\/","url":"https:\/\/wp.kristdemokraterna.se\/regionostergotland\/nyhetsbrev-vecka-48-7\/","name":"Nyhetsbrev vecka 48 - i Region \u00d6sterg\u00f6tland","isPartOf":{"@id":"https:\/\/wp.kristdemokraterna.se\/regionostergotland\/#website"},"datePublished":"2023-12-01T16:35:12+00:00","author":{"@id":"https:\/\/wp.kristdemokraterna.se\/regionostergotland\/#\/schema\/person\/74c3c4f502fcc489722a7be0dfe0088c"},"breadcrumb":{"@id":"https:\/\/wp.kristdemokraterna.se\/regionostergotland\/nyhetsbrev-vecka-48-7\/#breadcrumb"},"inLanguage":"sv-SE","potentialAction":[{"@type":"ReadAction","target":["https:\/\/wp.kristdemokraterna.se\/regionostergotland\/nyhetsbrev-vecka-48-7\/"]}]},{"@type":"BreadcrumbList","@id":"https:\/\/wp.kristdemokraterna.se\/regionostergotland\/nyhetsbrev-vecka-48-7\/#breadcrumb","itemListElement":[{"@type":"ListItem","position":1,"name":"Hem","item":"https:\/\/wp.kristdemokraterna.se\/regionostergotland\/"},{"@type":"ListItem","position":2,"name":"Nyhetsbrev vecka 48"}]},{"@type":"WebSite","@id":"https:\/\/wp.kristdemokraterna.se\/regionostergotland\/#website","url":"https:\/\/wp.kristdemokraterna.se\/regionostergotland\/","name":"i Region \u00d6sterg\u00f6tland","description":"","inLanguage":"sv-SE"},{"@type":"Person","@id":"https:\/\/wp.kristdemokraterna.se\/regionostergotland\/#\/schema\/person\/74c3c4f502fcc489722a7be0dfe0088c","name":"regionostergotland","image":{"@type":"ImageObject","inLanguage":"sv-SE","@id":"https:\/\/secure.gravatar.com\/avatar\/8fb8f0a216e627554da57506bfaf78d677f45512f24f703e185ec701423b1e92?s=96&d=mm&r=g","url":"https:\/\/secure.gravatar.com\/avatar\/8fb8f0a216e627554da57506bfaf78d677f45512f24f703e185ec701423b1e92?s=96&d=mm&r=g","contentUrl":"https:\/\/secure.gravatar.com\/avatar\/8fb8f0a216e627554da57506bfaf78d677f45512f24f703e185ec701423b1e92?s=96&d=mm&r=g","caption":"regionostergotland"},"url":"https:\/\/wp.kristdemokraterna.se\/regionostergotland\/author\/regionostergotland\/"}]}},"_links":{"self":[{"href":"https:\/\/wp.kristdemokraterna.se\/regionostergotland\/wp-json\/wp\/v2\/posts\/2215","targetHints":{"allow":["GET"]}}],"collection":[{"href":"https:\/\/wp.kristdemokraterna.se\/regionostergotland\/wp-json\/wp\/v2\/posts"}],"about":[{"href":"https:\/\/wp.kristdemokraterna.se\/regionostergotland\/wp-json\/wp\/v2\/types\/post"}],"author":[{"embeddable":true,"href":"https:\/\/wp.kristdemokraterna.se\/regionostergotland\/wp-json\/wp\/v2\/users\/737"}],"replies":[{"embeddable":true,"href":"https:\/\/wp.kristdemokraterna.se\/regionostergotland\/wp-json\/wp\/v2\/comments?post=2215"}],"version-history":[{"count":1,"href":"https:\/\/wp.kristdemokraterna.se\/regionostergotland\/wp-json\/wp\/v2\/posts\/2215\/revisions"}],"predecessor-version":[{"id":2217,"href":"https:\/\/wp.kristdemokraterna.se\/regionostergotland\/wp-json\/wp\/v2\/posts\/2215\/revisions\/2217"}],"wp:attachment":[{"href":"https:\/\/wp.kristdemokraterna.se\/regionostergotland\/wp-json\/wp\/v2\/media?parent=2215"}],"wp:term":[{"taxonomy":"category","embeddable":true,"href":"https:\/\/wp.kristdemokraterna.se\/regionostergotland\/wp-json\/wp\/v2\/categories?post=2215"},{"taxonomy":"post_tag","embeddable":true,"href":"https:\/\/wp.kristdemokraterna.se\/regionostergotland\/wp-json\/wp\/v2\/tags?post=2215"}],"curies":[{"name":"wp","href":"https:\/\/api.w.org\/{rel}","templated":true}]}}