{"id":2218,"date":"2023-12-08T14:27:04","date_gmt":"2023-12-08T13:27:04","guid":{"rendered":"https:\/\/wp.kristdemokraterna.se\/regionostergotland\/?p=2218"},"modified":"2023-12-08T14:27:04","modified_gmt":"2023-12-08T13:27:04","slug":"nyhetsbrev-vecka-49-5","status":"publish","type":"post","link":"https:\/\/wp.kristdemokraterna.se\/regionostergotland\/nyhetsbrev-vecka-49-5\/","title":{"rendered":"Nyhetsbrev vecka 49"},"content":{"rendered":"<p>Hej!<\/p>\n<p>Veckans nyhetsbrev skriver jag p\u00e5 t\u00e5get fr\u00e5n Katrineholm till Link\u00f6ping. Och m\u00f6ten och aktiviteter p\u00e5 annat h\u00e5ll \u00e4n hemmaplan har helt klart varit temat fr\u00e5n veckan, d\u00e5 jag inte alls har varit i regionhuset under veckan. Det har dock varit nog s\u00e5 v\u00e4lfyllt med aktiviteter, och en sammanfattning av det som skett, kommer h\u00e4r som vanligt i veckans nyhetsbrev. Trevlig l\u00e4sning!<!--more--><\/p>\n<p><strong>Studieresa till Bryssel med Kristdemokraternas SKR-grupp<\/strong><br \/>\nVeckan b\u00f6rjade redan i s\u00f6ndags med avf\u00e4rd till Bryssel f\u00f6r studieresa med Kristdemokraternas partigrupp i Sveriges Kommuner och Regioner. Tack vare valframg\u00e5ngar i b\u00e5de kommunval och regionval runt om i landet \u00e4r vi en ganska stor partigrupp, och ungef\u00e4r h\u00e4lften, ca 25 personer, hade m\u00f6jlighet att f\u00f6lja med p\u00e5 studieresan. Ut\u00f6ver intressant program, \u00e4r det ocks\u00e5 v\u00e4rdefullt att f\u00e5 m\u00f6jlighet att b\u00e4ttre l\u00e4ra k\u00e4nna kollegorna i gruppen, b\u00e5de nya och de som varit med f\u00f6rut. Tommy Bernev\u00e5ng Forsberg, som tidigare arbetade som tj\u00e4nsteperson med SKR-gruppen, hade kallats in som reseledare. Han hade gjort ett digert program med en l\u00e5ng rad intressanta bes\u00f6k. Jag ska kort ge en resum\u00e9 \u00f6ver de olika bes\u00f6ken.<\/p>\n<p><em>Sveriges st\u00e4ndiga representation vid Europeiska Unionen<\/em><br \/>\nVi b\u00f6rjade med att p\u00e5 m\u00e5ndagsmorgonen bes\u00f6ka, det som kan s\u00e4gas vara Sveriges ambassad vid EU, d\u00e4r man bl.a. arbetar med att f\u00f6rbereda alla m\u00f6ten mellan EU-l\u00e4nderna p\u00e5 ministerniv\u00e5, ambassad\u00f6rsniv\u00e5 och tj\u00e4nstepersonsniv\u00e5. Natali Cikota, som arbetar p\u00e5 en av avdelningarna p\u00e5 representationen, tog emot oss och ber\u00e4ttade om arbetet och om hur processerna i stort fungerar i EU.<\/p>\n<p><em>Europaparlamentet<\/em><br \/>\nI Europaparlamentet fick vi f\u00f6rst en introduktion till parlamentets arbete av en medarbetare p\u00e5 bes\u00f6ksavdelningen i parlamentet. D\u00e4refter kom europaparlamentariker Sara Skyttedal och ber\u00e4ttade om vad hon och Kristdemokraterna lyckats med politiskt i parlamentet under den g\u00e5ngna mandatperioden. En rundvandring i parlamentet med Saras medarbetare f\u00f6ljde, med bl.a. bes\u00f6k i den stora plenisalen och p\u00e5 kontoren f\u00f6r Sara och kollegan David Lega. Bes\u00f6ket avslutades med lunch i parlamentets stora personalrestaurang.<\/p>\n<p><em>Svenskt N\u00e4ringsliv<\/em><br \/>\nEftermiddagen inleddes med ett bes\u00f6k p\u00e5 Svenskt N\u00e4ringslivs Brysselkontor, d\u00e4r tv\u00e5 av medarbetarna tog emot och ber\u00e4ttade om kontorets arbete. Ut\u00f6ver kontakter med f\u00f6retr\u00e4dare f\u00f6r olika EU-institutioner, bl.a. olika europaparlamentariker, har man ocks\u00e5 samarbete med sina medlemsorganisationer (bl.a. branschorganisationer i Sverige), med den europeiska organisationen Business Europe och med andra l\u00e4nders motsvarande organisationer.<\/p>\n<p><em>Parlamentarium<\/em><br \/>\nM\u00e5ndagens sista officiella bes\u00f6k blev p\u00e5 Parlamentarium, som bl.a. rymmer en utst\u00e4llning om den (l\u00e5nga) historiska bakgrunden till EU och hur unionen utvecklats sedan bildandet. Innan vi fick tillf\u00e4lle att vandra runt i utst\u00e4llningen gavs ocks\u00e5 m\u00f6jligheten att tr\u00e4ffa Kristdemokraternas andra europaparlamentariker David Lega, som kort ber\u00e4ttade om vad som \u00e4r p\u00e5 g\u00e5ng just nu i hans intensiva arbete. Roligt att ocks\u00e5 David hade tid att m\u00f6ta oss i sitt sp\u00e4ckade program! Efter bes\u00f6ket p\u00e5 Parlamentarium tog Tommy Bernev\u00e5ng Forsberg med oss som \u00f6nskade p\u00e5 en promenad f\u00f6rbi n\u00e5gra av de k\u00e4nda EU-byggnaderna i kvarteret Schuman, bl.a. den ursprungliga kommissionsbyggnaden, den byggnad d\u00e4r ministerr\u00e5det brukar m\u00f6tas och den ganska nya byggnad d\u00e4r Europeiska r\u00e5det (EU:s stats- och regeringschefer) m\u00f6ts.<\/p>\n<p><em>Europeiska regionkommitt\u00e9n<\/em><br \/>\nTisdagens f\u00f6rsta studiebes\u00f6k blev till Europeiska regionkommitt\u00e9n, som samlar 329 f\u00f6rtroendevalda representanter fr\u00e5n kommuner och regioner fr\u00e5n alla EU-l\u00e4nder. Regionkommitt\u00e9n \u00e4r ett av tv\u00e5 officiella samr\u00e5dsorgan till parlamentet och kommissionen, och har m\u00f6jlighet att l\u00e4mna synpunkter p\u00e5 \u00e4renden som ska beslutas i institutionerna. Sveriges representanter utses via SKR, och Kristdemokraterna har den kommande perioden en ordinarie ledamot (Birgitta Sacr\u00e9deus, regionr\u00e5d i Region Dalarna) och en ers\u00e4ttare (Elisabeth Lann, kommunalr\u00e5d i G\u00f6teborg). Vid bes\u00f6ket medverkade Birgitta och ber\u00e4ttade om sitt arbete som f\u00f6rtroendevald, och Peter Jakobsson, som tidigare arbetat som enhetschef p\u00e5 regionkommitt\u00e9n, bor kvar i Bryssel, och ibland kallas in f\u00f6r att ta emot svenska bes\u00f6ksgrupper.<\/p>\n<p><em>North Sweden European Office<\/em><br \/>\nFlera svenska regioner har ett eget eller tillsammans med andra regioner ett kontor i Bryssel f\u00f6r att bevaka och p\u00e5verka EU-fr\u00e5gor. Ett av kontoren \u00e4r North Sweden European Office, som drivs av Region Norrbotten, Region V\u00e4sterbotten, Region V\u00e4sternorrland och Region J\u00e4mtland-H\u00e4rjedalen. P\u00e5 tisdagsf\u00f6rmiddagen gjorde v\u00e5r kristdemokratiska resgrupp ett bes\u00f6k, och togs emot av kontorschef Mikael Jansson med medarbetare. De ber\u00e4ttade om sitt bevaknings- och p\u00e5verkansarbete i EU, vilket visat sig vara framg\u00e5ngsrikt inom flera omr\u00e5den.<\/p>\n<p><em>EPP &#8211; European People&#8217;s Party<\/em><br \/>\nTisdagen fortsatte med att p\u00e5 eftermiddagen bes\u00f6ka huvudkontoret f\u00f6r v\u00e5rt kristdemokratiska europeiska parti, EPP &#8211; European People&#8217;s Party. Vi fick en f\u00f6redragning om hur EPP \u00e4r uppbyggt, hur de arbetar, tankar inf\u00f6r n\u00e4sta \u00e5rs parlamentsval o.s.v. Det \u00e4r tydligt att den kristdemokratiska grunden \u00e4r viktig och tydlig i EPP, och det \u00e4r en s\u00e4rskild k\u00e4nsla att som inte alltid det st\u00f6rsta partiet i Sverige f\u00e5 tillh\u00f6ra den st\u00f6rsta partiet p\u00e5 europeisk niv\u00e5!<\/p>\n<p><em>Wilfried Martens Center for European Studies<\/em><br \/>\nDet sista studiebes\u00f6ket i Bryssel innan det var dags f\u00f6r hemresa blev p\u00e5 Wilfried Martens Center f\u00f6r European Studies, som \u00e4r en utbildningsorganisation och tankesmedja f\u00f6r EPP. Wilfried Martens var fr\u00e5n 1979 till 1992 kristdemokratisk premi\u00e4rminister i Belgien och en av grundarna av EPP. Vi fick veta mer om hur organisationen arbetar och vilka fr\u00e5gor som \u00e4r aktuella just nu.<\/p>\n<p><strong>Medverkan i panelsamtal p\u00e5 konferensen &#8221;Bes\u00f6ksn\u00e4ringen p\u00e5 agendan&#8221;<\/strong><br \/>\nI onsdags arrangerade Sveriges Kommuner och Regioner och Tillv\u00e4xtverket den \u00e5rliga konferensdagen, &#8221;Bes\u00f6ksn\u00e4ringen p\u00e5 agendan&#8221; p\u00e5 M\u00fcnchenbryggeriet i Stockholm, som samlar akt\u00f6rer i bes\u00f6ksn\u00e4ringen och tj\u00e4nstepersoner och politiker som arbetar med bes\u00f6ksn\u00e4ringsfr\u00e5gor. F\u00f6redrag i plenum och ett pass med parallella seminarier ingick i programmet, och b\u00e5de entrepren\u00f6rer, forskare, tj\u00e4nstepersoner och politiker medverkade. Jag hade f\u00f6rm\u00e5nen att f\u00e5 medverka i det avslutande panelsamtalet om viktiga fr\u00e5gor f\u00f6r bes\u00f6ksn\u00e4ringen nu och fram\u00e5t. Vi var fyra politiker, tv\u00e5 riksdagsledam\u00f6ter fr\u00e5n riksdagens bes\u00f6ksn\u00e4ringsn\u00e4tverk, en kommunstyrelseordf\u00f6rande och jag som ordf\u00f6rande i regionutvecklingsn\u00e4mnd. Konferensdagen avslutades med h\u00f6gtidlig utdelning av tv\u00e5 priser, &#8221;\u00c5rets Ciceron&#8221; till en forskare inom bes\u00f6ksn\u00e4ringsomr\u00e5det, och &#8221;Stora Turismpriset&#8221; till ett bes\u00f6ksm\u00e5l.<\/p>\n<p><strong>M\u00f6te med styrgruppen f\u00f6r &#8221;En B\u00e4ttre Matchning&#8221; inom M\u00e4lardalsr\u00e5det<\/strong><br \/>\nI g\u00e5r torsdag h\u00f6lls \u00e5rets sista m\u00f6te med styrgruppen f\u00f6r &#8221;En B\u00e4ttre Matchning&#8221; inom M\u00e4lardalsr\u00e5det, i Kollektivtrafikens hus i anslutning till centralstationen i Stockholm. M\u00f6tet g\u00e4stades av regeringens utredare Peter Horneth, som har uppdraget att utreda framtidens l\u00e4rarutbildning. Mycket intressant att lyssna till vad utredningen hittills har kommit fram till, och v\u00e4rdefullt att f\u00e5 st\u00e4lla fr\u00e5gor och samtala med utredaren.<\/p>\n<p><strong>Rundabordssamtal om j\u00e4rnv\u00e4gens kompetensf\u00f6rs\u00f6rjning<\/strong><br \/>\nUnder lunchen ig\u00e5r torsdag arrangerade M\u00e4lardalsr\u00e5det ett rundabordssamtal i Kollektivtrafikens hus om j\u00e4rnv\u00e4gens kompetensf\u00f6rs\u00f6rjning. Olika personer med koppling till fr\u00e5gan medverkade och ber\u00e4ttade om det stora behovet av arbetskraft inom j\u00e4rnv\u00e4gsomr\u00e5det, med stora p\u00e5g\u00e5ende och planerade infrastrukturprojekt. Men ocks\u00e5 om befintliga och planerade utbildningar, \u00f6vningsanl\u00e4ggningar och olika samarbeten mellan kommuner, f\u00f6retag och akademi.<\/p>\n<p><strong>Styrelsem\u00f6te med Almi \u00d6sterg\u00f6tland<\/strong><br \/>\nIg\u00e5r torsdag eftermiddag var det styrelsem\u00f6te med styrelsen f\u00f6r Almi \u00d6sterg\u00f6tland. Ett av \u00e5rets styrelsem\u00f6ten \u00e4r digitalt, och g\u00e5rdagens var \u00e5rets digitala. Det innebar att jag kunde sitta kvar i ett rum p\u00e5 Kollektivtrafikens hus i Stockholm och delta i styrelsem\u00f6tet. Flera viktiga diskussioner och informationer om nul\u00e4ge och framtid stod p\u00e5 dagordningen. Det \u00e4r gl\u00e4djande att vi har ett v\u00e4lfungerande Almibolag i \u00d6sterg\u00f6tland, som starkt \u00e4r med och bidrar till den regionala tillv\u00e4xten.<\/p>\n<p><strong>Prioriteringsm\u00f6te med Strukturfondspartnerskapet \u00d6stra Mellansverige<\/strong><br \/>\nIdag fredag h\u00f6lls \u00e5rets sista prioriteringsm\u00f6te med Strukturfondspartnerskapet \u00d6stra Mellansverige. Plats f\u00f6r partnerskapets m\u00f6ten roterar runt bland de fem regionerna i \u00d6stra Mellansverige, och i dag hade turen kommit till Region S\u00f6rmland, och m\u00f6tet h\u00f6lls p\u00e5 Stadshotellet i Katrineholm. V\u00e4rdregionen ges i m\u00f6tets inledning m\u00f6jlighet att presentera aktuella fr\u00e5gor, utmaningar och framg\u00e5ngar f\u00f6r det regionala utvecklingsarbetet inom regionen, varf\u00f6r tv\u00e5 strateger fr\u00e5n Region S\u00f6rmland gav en intressant f\u00f6redragning. Sj\u00e4lva prioriteringsm\u00f6te inneh\u00f6ll prioriteringar av projekt inom s\u00e5v\u00e4l Europeiska regionala utvecklingsfonden (ERUF), som Europeiska socialfonden (ESF). Flera bra projekt, bl.a. n\u00e5gra \u00f6stg\u00f6tska prioriterades.<\/p>\n<p>D\u00e5 g\u00e5r snart fredagseftermiddagen och arbetsveckan \u00f6ver i helg. I morgon l\u00f6rdag bjuder Kristdemokraterna i Link\u00f6ping in till julfrukost med medverkan av riksdagsledamot och familjepolitisk talesperson Camilla Rinaldo Miller. I \u00f6vrigt hoppas jag att helgen ska kunna bjuda lite ledighet. Vad som \u00e4n st\u00e5r p\u00e5 ditt program hoppas jag att du f\u00e5r en riktigt fin andra adventshelg!<\/p>\n<p>Med v\u00e4nlig h\u00e4lsning<br \/>\nPer Larsson<br \/>\nRegionr\u00e5d &#8211; Ordf\u00f6rande i Regionutvecklingsn\u00e4mnden<br \/>\nGruppledare f\u00f6r Kristdemokraterna i Region \u00d6sterg\u00f6tland<br \/>\ntfn 010-103 72 84 (arb)<br \/>\ntfn 0702-88 21 34 (mobil)<br \/>\nper.larsson@regionostergotland.se<\/p>\n<p>&nbsp;<\/p>\n","protected":false},"excerpt":{"rendered":"<p>Hej! Veckans nyhetsbrev skriver jag p\u00e5 t\u00e5get fr\u00e5n Katrineholm till Link\u00f6ping. Och m\u00f6ten och aktiviteter p\u00e5 annat h\u00e5ll \u00e4n hemmaplan har helt klart varit temat fr\u00e5n veckan, d\u00e5 jag inte alls har varit i regionhuset under veckan. Det har dock varit nog s\u00e5 v\u00e4lfyllt med aktiviteter, och en sammanfattning av det som skett, kommer h\u00e4r <a class=\"read-more-link\" href=\"https:\/\/wp.kristdemokraterna.se\/regionostergotland\/nyhetsbrev-vecka-49-5\/\">Read More<\/a><\/p>\n","protected":false},"author":737,"featured_media":0,"comment_status":"closed","ping_status":"closed","sticky":false,"template":"","format":"standard","meta":{"_acf_changed":false,"footnotes":""},"categories":[1],"tags":[],"class_list":["post-2218","post","type-post","status-publish","format-standard","hentry","category-nyheter"],"acf":[],"yoast_head":"<!-- This site is optimized with the Yoast SEO plugin v27.5 - https:\/\/yoast.com\/product\/yoast-seo-wordpress\/ -->\n<title>Nyhetsbrev vecka 49 - i Region \u00d6sterg\u00f6tland<\/title>\n<meta name=\"robots\" content=\"index, follow, max-snippet:-1, max-image-preview:large, max-video-preview:-1\" \/>\n<link rel=\"canonical\" href=\"https:\/\/wp.kristdemokraterna.se\/regionostergotland\/nyhetsbrev-vecka-49-5\/\" \/>\n<meta property=\"og:locale\" content=\"sv_SE\" \/>\n<meta property=\"og:type\" content=\"article\" \/>\n<meta property=\"og:title\" content=\"Nyhetsbrev vecka 49 - i Region \u00d6sterg\u00f6tland\" \/>\n<meta property=\"og:description\" content=\"Hej! Veckans nyhetsbrev skriver jag p\u00e5 t\u00e5get fr\u00e5n Katrineholm till Link\u00f6ping. Och m\u00f6ten och aktiviteter p\u00e5 annat h\u00e5ll \u00e4n hemmaplan har helt klart varit temat fr\u00e5n veckan, d\u00e5 jag inte alls har varit i regionhuset under veckan. Det har dock varit nog s\u00e5 v\u00e4lfyllt med aktiviteter, och en sammanfattning av det som skett, kommer h\u00e4r Read More\" \/>\n<meta property=\"og:url\" content=\"https:\/\/wp.kristdemokraterna.se\/regionostergotland\/nyhetsbrev-vecka-49-5\/\" \/>\n<meta property=\"og:site_name\" content=\"i Region \u00d6sterg\u00f6tland\" \/>\n<meta property=\"article:published_time\" content=\"2023-12-08T13:27:04+00:00\" \/>\n<meta property=\"og:image\" content=\"http:\/\/wp.kristdemokraterna.se\/regionostergotland\/files\/2023\/12\/bild-nyhetsbrev-2023-vecka-49-1024x533.jpg\" \/>\n\t<meta property=\"og:image:width\" content=\"1024\" \/>\n\t<meta property=\"og:image:height\" content=\"533\" \/>\n\t<meta property=\"og:image:type\" content=\"image\/jpeg\" \/>\n<meta name=\"author\" content=\"regionostergotland\" \/>\n<meta name=\"twitter:card\" content=\"summary_large_image\" \/>\n<meta name=\"twitter:label1\" content=\"Skriven av\" \/>\n\t<meta name=\"twitter:data1\" content=\"regionostergotland\" \/>\n\t<meta name=\"twitter:label2\" content=\"Ber\u00e4knad l\u00e4stid\" \/>\n\t<meta name=\"twitter:data2\" content=\"7 minuter\" \/>\n<script type=\"application\/ld+json\" class=\"yoast-schema-graph\">{\"@context\":\"https:\\\/\\\/schema.org\",\"@graph\":[{\"@type\":\"Article\",\"@id\":\"https:\\\/\\\/wp.kristdemokraterna.se\\\/regionostergotland\\\/nyhetsbrev-vecka-49-5\\\/#article\",\"isPartOf\":{\"@id\":\"https:\\\/\\\/wp.kristdemokraterna.se\\\/regionostergotland\\\/nyhetsbrev-vecka-49-5\\\/\"},\"author\":{\"name\":\"regionostergotland\",\"@id\":\"https:\\\/\\\/wp.kristdemokraterna.se\\\/regionostergotland\\\/#\\\/schema\\\/person\\\/74c3c4f502fcc489722a7be0dfe0088c\"},\"headline\":\"Nyhetsbrev vecka 49\",\"datePublished\":\"2023-12-08T13:27:04+00:00\",\"mainEntityOfPage\":{\"@id\":\"https:\\\/\\\/wp.kristdemokraterna.se\\\/regionostergotland\\\/nyhetsbrev-vecka-49-5\\\/\"},\"wordCount\":1596,\"articleSection\":[\"Nyheter\"],\"inLanguage\":\"sv-SE\"},{\"@type\":\"WebPage\",\"@id\":\"https:\\\/\\\/wp.kristdemokraterna.se\\\/regionostergotland\\\/nyhetsbrev-vecka-49-5\\\/\",\"url\":\"https:\\\/\\\/wp.kristdemokraterna.se\\\/regionostergotland\\\/nyhetsbrev-vecka-49-5\\\/\",\"name\":\"Nyhetsbrev vecka 49 - i Region \u00d6sterg\u00f6tland\",\"isPartOf\":{\"@id\":\"https:\\\/\\\/wp.kristdemokraterna.se\\\/regionostergotland\\\/#website\"},\"datePublished\":\"2023-12-08T13:27:04+00:00\",\"author\":{\"@id\":\"https:\\\/\\\/wp.kristdemokraterna.se\\\/regionostergotland\\\/#\\\/schema\\\/person\\\/74c3c4f502fcc489722a7be0dfe0088c\"},\"breadcrumb\":{\"@id\":\"https:\\\/\\\/wp.kristdemokraterna.se\\\/regionostergotland\\\/nyhetsbrev-vecka-49-5\\\/#breadcrumb\"},\"inLanguage\":\"sv-SE\",\"potentialAction\":[{\"@type\":\"ReadAction\",\"target\":[\"https:\\\/\\\/wp.kristdemokraterna.se\\\/regionostergotland\\\/nyhetsbrev-vecka-49-5\\\/\"]}]},{\"@type\":\"BreadcrumbList\",\"@id\":\"https:\\\/\\\/wp.kristdemokraterna.se\\\/regionostergotland\\\/nyhetsbrev-vecka-49-5\\\/#breadcrumb\",\"itemListElement\":[{\"@type\":\"ListItem\",\"position\":1,\"name\":\"Hem\",\"item\":\"https:\\\/\\\/wp.kristdemokraterna.se\\\/regionostergotland\\\/\"},{\"@type\":\"ListItem\",\"position\":2,\"name\":\"Nyhetsbrev vecka 49\"}]},{\"@type\":\"WebSite\",\"@id\":\"https:\\\/\\\/wp.kristdemokraterna.se\\\/regionostergotland\\\/#website\",\"url\":\"https:\\\/\\\/wp.kristdemokraterna.se\\\/regionostergotland\\\/\",\"name\":\"i Region \u00d6sterg\u00f6tland\",\"description\":\"\",\"inLanguage\":\"sv-SE\"},{\"@type\":\"Person\",\"@id\":\"https:\\\/\\\/wp.kristdemokraterna.se\\\/regionostergotland\\\/#\\\/schema\\\/person\\\/74c3c4f502fcc489722a7be0dfe0088c\",\"name\":\"regionostergotland\",\"image\":{\"@type\":\"ImageObject\",\"inLanguage\":\"sv-SE\",\"@id\":\"https:\\\/\\\/secure.gravatar.com\\\/avatar\\\/8fb8f0a216e627554da57506bfaf78d677f45512f24f703e185ec701423b1e92?s=96&d=mm&r=g\",\"url\":\"https:\\\/\\\/secure.gravatar.com\\\/avatar\\\/8fb8f0a216e627554da57506bfaf78d677f45512f24f703e185ec701423b1e92?s=96&d=mm&r=g\",\"contentUrl\":\"https:\\\/\\\/secure.gravatar.com\\\/avatar\\\/8fb8f0a216e627554da57506bfaf78d677f45512f24f703e185ec701423b1e92?s=96&d=mm&r=g\",\"caption\":\"regionostergotland\"},\"url\":\"https:\\\/\\\/wp.kristdemokraterna.se\\\/regionostergotland\\\/author\\\/regionostergotland\\\/\"}]}<\/script>\n<!-- \/ Yoast SEO plugin. -->","yoast_head_json":{"title":"Nyhetsbrev vecka 49 - i Region \u00d6sterg\u00f6tland","robots":{"index":"index","follow":"follow","max-snippet":"max-snippet:-1","max-image-preview":"max-image-preview:large","max-video-preview":"max-video-preview:-1"},"canonical":"https:\/\/wp.kristdemokraterna.se\/regionostergotland\/nyhetsbrev-vecka-49-5\/","og_locale":"sv_SE","og_type":"article","og_title":"Nyhetsbrev vecka 49 - i Region \u00d6sterg\u00f6tland","og_description":"Hej! Veckans nyhetsbrev skriver jag p\u00e5 t\u00e5get fr\u00e5n Katrineholm till Link\u00f6ping. Och m\u00f6ten och aktiviteter p\u00e5 annat h\u00e5ll \u00e4n hemmaplan har helt klart varit temat fr\u00e5n veckan, d\u00e5 jag inte alls har varit i regionhuset under veckan. Det har dock varit nog s\u00e5 v\u00e4lfyllt med aktiviteter, och en sammanfattning av det som skett, kommer h\u00e4r Read More","og_url":"https:\/\/wp.kristdemokraterna.se\/regionostergotland\/nyhetsbrev-vecka-49-5\/","og_site_name":"i Region \u00d6sterg\u00f6tland","article_published_time":"2023-12-08T13:27:04+00:00","og_image":[{"width":1024,"height":533,"url":"http:\/\/wp.kristdemokraterna.se\/regionostergotland\/files\/2023\/12\/bild-nyhetsbrev-2023-vecka-49-1024x533.jpg","type":"image\/jpeg"}],"author":"regionostergotland","twitter_card":"summary_large_image","twitter_misc":{"Skriven av":"regionostergotland","Ber\u00e4knad l\u00e4stid":"7 minuter"},"schema":{"@context":"https:\/\/schema.org","@graph":[{"@type":"Article","@id":"https:\/\/wp.kristdemokraterna.se\/regionostergotland\/nyhetsbrev-vecka-49-5\/#article","isPartOf":{"@id":"https:\/\/wp.kristdemokraterna.se\/regionostergotland\/nyhetsbrev-vecka-49-5\/"},"author":{"name":"regionostergotland","@id":"https:\/\/wp.kristdemokraterna.se\/regionostergotland\/#\/schema\/person\/74c3c4f502fcc489722a7be0dfe0088c"},"headline":"Nyhetsbrev vecka 49","datePublished":"2023-12-08T13:27:04+00:00","mainEntityOfPage":{"@id":"https:\/\/wp.kristdemokraterna.se\/regionostergotland\/nyhetsbrev-vecka-49-5\/"},"wordCount":1596,"articleSection":["Nyheter"],"inLanguage":"sv-SE"},{"@type":"WebPage","@id":"https:\/\/wp.kristdemokraterna.se\/regionostergotland\/nyhetsbrev-vecka-49-5\/","url":"https:\/\/wp.kristdemokraterna.se\/regionostergotland\/nyhetsbrev-vecka-49-5\/","name":"Nyhetsbrev vecka 49 - i Region \u00d6sterg\u00f6tland","isPartOf":{"@id":"https:\/\/wp.kristdemokraterna.se\/regionostergotland\/#website"},"datePublished":"2023-12-08T13:27:04+00:00","author":{"@id":"https:\/\/wp.kristdemokraterna.se\/regionostergotland\/#\/schema\/person\/74c3c4f502fcc489722a7be0dfe0088c"},"breadcrumb":{"@id":"https:\/\/wp.kristdemokraterna.se\/regionostergotland\/nyhetsbrev-vecka-49-5\/#breadcrumb"},"inLanguage":"sv-SE","potentialAction":[{"@type":"ReadAction","target":["https:\/\/wp.kristdemokraterna.se\/regionostergotland\/nyhetsbrev-vecka-49-5\/"]}]},{"@type":"BreadcrumbList","@id":"https:\/\/wp.kristdemokraterna.se\/regionostergotland\/nyhetsbrev-vecka-49-5\/#breadcrumb","itemListElement":[{"@type":"ListItem","position":1,"name":"Hem","item":"https:\/\/wp.kristdemokraterna.se\/regionostergotland\/"},{"@type":"ListItem","position":2,"name":"Nyhetsbrev vecka 49"}]},{"@type":"WebSite","@id":"https:\/\/wp.kristdemokraterna.se\/regionostergotland\/#website","url":"https:\/\/wp.kristdemokraterna.se\/regionostergotland\/","name":"i Region \u00d6sterg\u00f6tland","description":"","inLanguage":"sv-SE"},{"@type":"Person","@id":"https:\/\/wp.kristdemokraterna.se\/regionostergotland\/#\/schema\/person\/74c3c4f502fcc489722a7be0dfe0088c","name":"regionostergotland","image":{"@type":"ImageObject","inLanguage":"sv-SE","@id":"https:\/\/secure.gravatar.com\/avatar\/8fb8f0a216e627554da57506bfaf78d677f45512f24f703e185ec701423b1e92?s=96&d=mm&r=g","url":"https:\/\/secure.gravatar.com\/avatar\/8fb8f0a216e627554da57506bfaf78d677f45512f24f703e185ec701423b1e92?s=96&d=mm&r=g","contentUrl":"https:\/\/secure.gravatar.com\/avatar\/8fb8f0a216e627554da57506bfaf78d677f45512f24f703e185ec701423b1e92?s=96&d=mm&r=g","caption":"regionostergotland"},"url":"https:\/\/wp.kristdemokraterna.se\/regionostergotland\/author\/regionostergotland\/"}]}},"_links":{"self":[{"href":"https:\/\/wp.kristdemokraterna.se\/regionostergotland\/wp-json\/wp\/v2\/posts\/2218","targetHints":{"allow":["GET"]}}],"collection":[{"href":"https:\/\/wp.kristdemokraterna.se\/regionostergotland\/wp-json\/wp\/v2\/posts"}],"about":[{"href":"https:\/\/wp.kristdemokraterna.se\/regionostergotland\/wp-json\/wp\/v2\/types\/post"}],"author":[{"embeddable":true,"href":"https:\/\/wp.kristdemokraterna.se\/regionostergotland\/wp-json\/wp\/v2\/users\/737"}],"replies":[{"embeddable":true,"href":"https:\/\/wp.kristdemokraterna.se\/regionostergotland\/wp-json\/wp\/v2\/comments?post=2218"}],"version-history":[{"count":1,"href":"https:\/\/wp.kristdemokraterna.se\/regionostergotland\/wp-json\/wp\/v2\/posts\/2218\/revisions"}],"predecessor-version":[{"id":2220,"href":"https:\/\/wp.kristdemokraterna.se\/regionostergotland\/wp-json\/wp\/v2\/posts\/2218\/revisions\/2220"}],"wp:attachment":[{"href":"https:\/\/wp.kristdemokraterna.se\/regionostergotland\/wp-json\/wp\/v2\/media?parent=2218"}],"wp:term":[{"taxonomy":"category","embeddable":true,"href":"https:\/\/wp.kristdemokraterna.se\/regionostergotland\/wp-json\/wp\/v2\/categories?post=2218"},{"taxonomy":"post_tag","embeddable":true,"href":"https:\/\/wp.kristdemokraterna.se\/regionostergotland\/wp-json\/wp\/v2\/tags?post=2218"}],"curies":[{"name":"wp","href":"https:\/\/api.w.org\/{rel}","templated":true}]}}