{"id":2228,"date":"2024-01-12T17:13:26","date_gmt":"2024-01-12T16:13:26","guid":{"rendered":"https:\/\/wp.kristdemokraterna.se\/regionostergotland\/?p=2228"},"modified":"2024-01-12T17:13:26","modified_gmt":"2024-01-12T16:13:26","slug":"nyhetsbrev-vecka-2-7","status":"publish","type":"post","link":"https:\/\/wp.kristdemokraterna.se\/regionostergotland\/nyhetsbrev-vecka-2-7\/","title":{"rendered":"Nyhetsbrev vecka 2"},"content":{"rendered":"<p>Hej!<\/p>\n<p>God forts\u00e4ttning p\u00e5 det nya \u00e5ret! Hoppas att ni alla har haft m\u00f6jlighet till lite ledighet och avkoppling under helgerna. Denna vecka har det regionpolitiska arbetet satt ig\u00e5ng, om \u00e4n i lite mindre intensivt tempo \u00e4n vad som v\u00e4ntar senare under v\u00e5ren. Det har dock hunnits med en hel del, och jag ska f\u00f6rs\u00f6ka rekapitulera \u00e5rets f\u00f6rsta arbetsvecka i \u00e5rets f\u00f6rsta nyhetsbrev. Trevlig l\u00e4sning!<!--more--><\/p>\n<p><strong>Debattartiklar i mellandagarna om n\u00f6dv\u00e4ndiga beslut f\u00f6r regionen<\/strong><br \/>\nI mellandagarna mellan jul och ny\u00e5r hade vi fr\u00e5n \u00d6stg\u00f6tasamverkan debattartiklar i l\u00e4nets tidningar med anledning av den anstr\u00e4ngda ekonomiska situationen den \u00f6stg\u00f6tska h\u00e4lso- och sjukv\u00e5rden befinner sig i. Nu kr\u00e4vs flera \u00e5tg\u00e4rder, som kan k\u00e4nnas besv\u00e4rliga, men som \u00e4r helt n\u00f6dv\u00e4ndiga f\u00f6r att f\u00e5 regionen p\u00e5 r\u00e4tt k\u00f6l igen. L\u00e4nkar till debattartiklarna finns nedan:<br \/>\nCorren: (<a href=\"https:\/\/corren.se\/debatt\/artikel\/nodvandiga-beslut-for-att-fa-region-ostergotland-pa-ratt-kol-igen\/j8e62qmj\" target=\"_blank\" rel=\"noopener\">https:\/\/corren.se\/debatt\/artikel\/nodvandiga-beslut-for-att-fa-region-ostergotland-pa-ratt-kol-igen\/j8e62qmj<\/a>)<br \/>\nNorrk\u00f6pings Tidningar: (<a href=\"https:\/\/nt.se\/debatt\/artikel\/svara-men-nodvandiga-beslut-for-sjukvarden-vantar-under-nasta-ar\/ly41xd6l\" target=\"_blank\" rel=\"noopener\">https:\/\/nt.se\/debatt\/artikel\/svara-men-nodvandiga-beslut-for-sjukvarden-vantar-under-nasta-ar\/ly41xd6l<\/a>)<br \/>\nFolkbladet: (<a href=\"https:\/\/folkbladet.se\/debatt\/artikel\/vi-kommer-gora-vart-yttersta-for-att-vanda-utvecklingen\/l7ym2pxl\" target=\"_blank\" rel=\"noopener\">https:\/\/folkbladet.se\/debatt\/artikel\/vi-kommer-gora-vart-yttersta-for-att-vanda-utvecklingen\/l7ym2pxl<\/a>)<\/p>\n<p><strong>Kristdemokratisk kvartett nu p\u00e5 plats i regionhuset<\/strong><br \/>\nI och med \u00e5rsskiftet \u00e4r det kristdemokratiska teamet i regionhuset numera en kvartett, n\u00e4r ny vikarierande politiske sekreterare Max Dahlgren tr\u00e4tt i tj\u00e4nst p\u00e5 40 procent. Fredrik Topplund \u00e4r tj\u00e4nstledig 40 procent under resten av mandatperioden med anledning av uppdraget som kommunfullm\u00e4ktiges ordf\u00f6rande i Motala kommun, och arbetar d\u00e4rmed 60 procent i regionen. Tillsammans med Annicki Oscarsson och undertecknad som partiets tv\u00e5 regionr\u00e5d, blir vi d\u00e4rf\u00f6r fyra kristdemokrater i regionhuset som st\u00f6d till den kristdemokratiska regiongruppen. Det k\u00e4nns bra att Max kommer in och kompletterar oss \u00f6vriga. Varmt v\u00e4lkommen i tj\u00e4nst Max!<\/p>\n<p><strong>M\u00e5ndagsm\u00f6te med fokus p\u00e5 l\u00e4get i v\u00e5rden under helgerna<\/strong><br \/>\n\u00c5rets f\u00f6rsta m\u00e5ndagsm\u00f6te hade efter uppeh\u00e5llet \u00f6ver helgerna en v\u00e4lfylld dagordning. Sj\u00e4lvklart stod regionens ekonomiska situation h\u00f6gt p\u00e5 agendan, med diskussion kring p\u00e5g\u00e5ende och kommande \u00e5tg\u00e4rder. Men, m\u00f6tet fick ocks\u00e5 fr\u00e5n de b\u00e5da v\u00e5rddirekt\u00f6rerna Jessica Frisk och Ninnie Bornedal Wodlin en genomg\u00e5ng \u00f6ver hur helgerna varit i den \u00f6stg\u00f6tska h\u00e4lso- och sjukv\u00e5rden, d\u00e4r det p\u00e5 grund av Covid-19, s\u00e4songsinfluensa, vinterv\u00e4glag m.m., periodvis varit ett mycket h\u00f6gt tryck p\u00e5 sjukhusen.<\/p>\n<p><strong>M\u00f6te med \u00d6sterg\u00f6tlands L\u00e4karf\u00f6rening<\/strong><br \/>\nRegelbundet bjuder \u00d6sterg\u00f6tlands L\u00e4karf\u00f6rening in de politiska konstellationerna i regionen till m\u00f6ten f\u00f6r samtal och diskussion kring aktuella fr\u00e5gor i h\u00e4lso- och sjukv\u00e5rden. I m\u00e5ndags kv\u00e4ll var vi fr\u00e5n \u00d6stg\u00f6tasamverkan inbjudna till f\u00f6reningens styrelsem\u00f6te. Det blev ett bra samtal kring flera fr\u00e5gor kopplat till sjukv\u00e5rdens organisation, prim\u00e4rv\u00e5rdens roll och flera andra sm\u00e5 och stora fr\u00e5gor. Tack f\u00f6r bra diskussioner och v\u00e4rdefulla medskick!<\/p>\n<p><strong>Presidiem\u00f6te med regionutvecklingsn\u00e4mndens presidium<\/strong><br \/>\nI tisdags f\u00f6rmiddag h\u00f6lls \u00e5rets f\u00f6rsta presidiem\u00f6te med regionutvecklingsn\u00e4mndens presidium. Presidiet fick bl.a. en genomg\u00e5ng av bakgrund och planering kring framtagandet av nya n\u00e4ringslivs- och innovationsstrategier utifr\u00e5n n\u00e4mndens beslut i november, och en presentation av de gemensamma synpunkter p\u00e5 EU:s framtida sammanh\u00e5llningspolitik som de fem regionerna i \u00d6stra Mellansverige tagit fram. Vi beredde sj\u00e4lvklart ocks\u00e5 n\u00e4mndens kommande januarisammantr\u00e4de.<\/p>\n<p><strong>Studiebes\u00f6k p\u00e5 V\u00e4derstad AB<\/strong><br \/>\nI g\u00e5r torsdag kv\u00e4ll gjorde Kristdemokraternas kommunpolitiska n\u00e4tverk i \u00d6sterg\u00f6tland, som samlar gruppledare och partiavdelningsordf\u00f6rande f\u00f6r Kristdemokraterna runt om i l\u00e4net, ett mycket intressant studiebes\u00f6k p\u00e5 V\u00e4derstad AB. Andreas Stark fr\u00e5n \u00e4garfamiljen tog emot och tog f\u00f6rst med oss till den lada i n\u00e4rheten av familjens bostad, d\u00e4r fadern Rune Stark i mycket liten skala startade sin mekaniska verkstad, f\u00f6r att sedan ge en oss en omfattande rundtur i den stora och imponerande fabriksanl\u00e4ggningen i V\u00e4derstad, d\u00e4r de tekniska innovationerna duggade t\u00e4tt. Med export \u00f6ver stora delar av v\u00e4rlden och en av \u00d6sterg\u00f6tlands st\u00f6rre arbetsgivare, spelar familjef\u00f6retaget en viktig roll f\u00f6r tillv\u00e4xt och utveckling i v\u00e5r region. Stort tack f\u00f6r att vi fick komma p\u00e5 bes\u00f6k!<\/p>\n<p><strong>\u00d6ppet Hus hos Almi \u00d6sterg\u00f6tland<\/strong><br \/>\nI dag p\u00e5 eftermiddagen bj\u00f6d Almi \u00d6sterg\u00f6tland in till sitt \u00e5rliga \u00f6ppet hus-evenemang i anslutning till Tjugondag Knut. Kunder, samarbetspartner och vi som har f\u00f6rm\u00e5nen att vara ledam\u00f6ter i Almis styrelse, bjuds in f\u00f6r att under ett par timmar kunna tr\u00e4ffa och prata med varandra. En bra m\u00f6jlighet att l\u00e4ra k\u00e4nna och f\u00e5 ta del av erfarenheter och tankar fr\u00e5n andra som \u00e4r kopplade till det \u00f6stg\u00f6tska n\u00e4ringslivet och dess fr\u00e4mjarsystem!<\/p>\n<p>Nu stundar helgen, men redan p\u00e5 s\u00f6ndag eftermiddag b\u00f6rjar n\u00e4sta arbetsvecka s\u00e5 sm\u00e5tt, n\u00e4r vi fr\u00e5n \u00d6stg\u00f6tasamverkan ger oss iv\u00e4g f\u00f6r ett par dagars studiebes\u00f6k hos v\u00e5ra kollegor i Region V\u00e4stmanland, f\u00f6r gemensamma diskussioner och studiebes\u00f6k. Innan dess ska det f\u00f6rhoppningsvis kunna bli lite helgledigt. Jag hoppas att ni alla f\u00e5r en trevlig Tjugondag Knut-helg!<\/p>\n<p>Med v\u00e4nlig h\u00e4lsning<br \/>\nPer Larsson<br \/>\nRegionr\u00e5d \u2022 Ordf\u00f6rande i Regionutvecklingsn\u00e4mnden<br \/>\nGruppledare f\u00f6r Kristdemokraterna i Region \u00d6sterg\u00f6tland<br \/>\ntfn 010-103 72 84 (arb)<br \/>\ntfn 0702-88 21 34 (mobil)<br \/>\nper.larsson@regionostergotland.se<\/p>\n<p>&nbsp;<\/p>\n","protected":false},"excerpt":{"rendered":"<p>Hej! God forts\u00e4ttning p\u00e5 det nya \u00e5ret! Hoppas att ni alla har haft m\u00f6jlighet till lite ledighet och avkoppling under helgerna. Denna vecka har det regionpolitiska arbetet satt ig\u00e5ng, om \u00e4n i lite mindre intensivt tempo \u00e4n vad som v\u00e4ntar senare under v\u00e5ren. Det har dock hunnits med en hel del, och jag ska f\u00f6rs\u00f6ka <a class=\"read-more-link\" href=\"https:\/\/wp.kristdemokraterna.se\/regionostergotland\/nyhetsbrev-vecka-2-7\/\">Read More<\/a><\/p>\n","protected":false},"author":737,"featured_media":0,"comment_status":"closed","ping_status":"closed","sticky":false,"template":"","format":"standard","meta":{"_acf_changed":false,"footnotes":""},"categories":[1],"tags":[],"class_list":["post-2228","post","type-post","status-publish","format-standard","hentry","category-nyheter"],"acf":[],"yoast_head":"<!-- This site is optimized with the Yoast SEO plugin v27.5 - https:\/\/yoast.com\/product\/yoast-seo-wordpress\/ -->\n<title>Nyhetsbrev vecka 2 - i Region \u00d6sterg\u00f6tland<\/title>\n<meta name=\"robots\" content=\"index, follow, max-snippet:-1, max-image-preview:large, max-video-preview:-1\" \/>\n<link rel=\"canonical\" href=\"https:\/\/wp.kristdemokraterna.se\/regionostergotland\/nyhetsbrev-vecka-2-7\/\" \/>\n<meta property=\"og:locale\" content=\"sv_SE\" \/>\n<meta property=\"og:type\" content=\"article\" \/>\n<meta property=\"og:title\" content=\"Nyhetsbrev vecka 2 - i Region \u00d6sterg\u00f6tland\" \/>\n<meta property=\"og:description\" content=\"Hej! God forts\u00e4ttning p\u00e5 det nya \u00e5ret! Hoppas att ni alla har haft m\u00f6jlighet till lite ledighet och avkoppling under helgerna. Denna vecka har det regionpolitiska arbetet satt ig\u00e5ng, om \u00e4n i lite mindre intensivt tempo \u00e4n vad som v\u00e4ntar senare under v\u00e5ren. Det har dock hunnits med en hel del, och jag ska f\u00f6rs\u00f6ka Read More\" \/>\n<meta property=\"og:url\" content=\"https:\/\/wp.kristdemokraterna.se\/regionostergotland\/nyhetsbrev-vecka-2-7\/\" \/>\n<meta property=\"og:site_name\" content=\"i Region \u00d6sterg\u00f6tland\" \/>\n<meta property=\"article:published_time\" content=\"2024-01-12T16:13:26+00:00\" \/>\n<meta property=\"og:image\" content=\"http:\/\/wp.kristdemokraterna.se\/regionostergotland\/files\/2024\/01\/bild-nyhetsbrev-2024-vecka-2-1024x533.jpg\" \/>\n\t<meta property=\"og:image:width\" content=\"1024\" \/>\n\t<meta property=\"og:image:height\" content=\"533\" \/>\n\t<meta property=\"og:image:type\" content=\"image\/jpeg\" \/>\n<meta name=\"author\" content=\"regionostergotland\" \/>\n<meta name=\"twitter:card\" content=\"summary_large_image\" \/>\n<meta name=\"twitter:label1\" content=\"Skriven av\" \/>\n\t<meta name=\"twitter:data1\" content=\"regionostergotland\" \/>\n\t<meta name=\"twitter:label2\" content=\"Ber\u00e4knad l\u00e4stid\" \/>\n\t<meta name=\"twitter:data2\" content=\"4 minuter\" \/>\n<script type=\"application\/ld+json\" class=\"yoast-schema-graph\">{\"@context\":\"https:\\\/\\\/schema.org\",\"@graph\":[{\"@type\":\"Article\",\"@id\":\"https:\\\/\\\/wp.kristdemokraterna.se\\\/regionostergotland\\\/nyhetsbrev-vecka-2-7\\\/#article\",\"isPartOf\":{\"@id\":\"https:\\\/\\\/wp.kristdemokraterna.se\\\/regionostergotland\\\/nyhetsbrev-vecka-2-7\\\/\"},\"author\":{\"name\":\"regionostergotland\",\"@id\":\"https:\\\/\\\/wp.kristdemokraterna.se\\\/regionostergotland\\\/#\\\/schema\\\/person\\\/74c3c4f502fcc489722a7be0dfe0088c\"},\"headline\":\"Nyhetsbrev vecka 2\",\"datePublished\":\"2024-01-12T16:13:26+00:00\",\"mainEntityOfPage\":{\"@id\":\"https:\\\/\\\/wp.kristdemokraterna.se\\\/regionostergotland\\\/nyhetsbrev-vecka-2-7\\\/\"},\"wordCount\":923,\"articleSection\":[\"Nyheter\"],\"inLanguage\":\"sv-SE\"},{\"@type\":\"WebPage\",\"@id\":\"https:\\\/\\\/wp.kristdemokraterna.se\\\/regionostergotland\\\/nyhetsbrev-vecka-2-7\\\/\",\"url\":\"https:\\\/\\\/wp.kristdemokraterna.se\\\/regionostergotland\\\/nyhetsbrev-vecka-2-7\\\/\",\"name\":\"Nyhetsbrev vecka 2 - i Region \u00d6sterg\u00f6tland\",\"isPartOf\":{\"@id\":\"https:\\\/\\\/wp.kristdemokraterna.se\\\/regionostergotland\\\/#website\"},\"datePublished\":\"2024-01-12T16:13:26+00:00\",\"author\":{\"@id\":\"https:\\\/\\\/wp.kristdemokraterna.se\\\/regionostergotland\\\/#\\\/schema\\\/person\\\/74c3c4f502fcc489722a7be0dfe0088c\"},\"breadcrumb\":{\"@id\":\"https:\\\/\\\/wp.kristdemokraterna.se\\\/regionostergotland\\\/nyhetsbrev-vecka-2-7\\\/#breadcrumb\"},\"inLanguage\":\"sv-SE\",\"potentialAction\":[{\"@type\":\"ReadAction\",\"target\":[\"https:\\\/\\\/wp.kristdemokraterna.se\\\/regionostergotland\\\/nyhetsbrev-vecka-2-7\\\/\"]}]},{\"@type\":\"BreadcrumbList\",\"@id\":\"https:\\\/\\\/wp.kristdemokraterna.se\\\/regionostergotland\\\/nyhetsbrev-vecka-2-7\\\/#breadcrumb\",\"itemListElement\":[{\"@type\":\"ListItem\",\"position\":1,\"name\":\"Hem\",\"item\":\"https:\\\/\\\/wp.kristdemokraterna.se\\\/regionostergotland\\\/\"},{\"@type\":\"ListItem\",\"position\":2,\"name\":\"Nyhetsbrev vecka 2\"}]},{\"@type\":\"WebSite\",\"@id\":\"https:\\\/\\\/wp.kristdemokraterna.se\\\/regionostergotland\\\/#website\",\"url\":\"https:\\\/\\\/wp.kristdemokraterna.se\\\/regionostergotland\\\/\",\"name\":\"i Region \u00d6sterg\u00f6tland\",\"description\":\"\",\"inLanguage\":\"sv-SE\"},{\"@type\":\"Person\",\"@id\":\"https:\\\/\\\/wp.kristdemokraterna.se\\\/regionostergotland\\\/#\\\/schema\\\/person\\\/74c3c4f502fcc489722a7be0dfe0088c\",\"name\":\"regionostergotland\",\"image\":{\"@type\":\"ImageObject\",\"inLanguage\":\"sv-SE\",\"@id\":\"https:\\\/\\\/secure.gravatar.com\\\/avatar\\\/8fb8f0a216e627554da57506bfaf78d677f45512f24f703e185ec701423b1e92?s=96&d=mm&r=g\",\"url\":\"https:\\\/\\\/secure.gravatar.com\\\/avatar\\\/8fb8f0a216e627554da57506bfaf78d677f45512f24f703e185ec701423b1e92?s=96&d=mm&r=g\",\"contentUrl\":\"https:\\\/\\\/secure.gravatar.com\\\/avatar\\\/8fb8f0a216e627554da57506bfaf78d677f45512f24f703e185ec701423b1e92?s=96&d=mm&r=g\",\"caption\":\"regionostergotland\"},\"url\":\"https:\\\/\\\/wp.kristdemokraterna.se\\\/regionostergotland\\\/author\\\/regionostergotland\\\/\"}]}<\/script>\n<!-- \/ Yoast SEO plugin. -->","yoast_head_json":{"title":"Nyhetsbrev vecka 2 - i Region \u00d6sterg\u00f6tland","robots":{"index":"index","follow":"follow","max-snippet":"max-snippet:-1","max-image-preview":"max-image-preview:large","max-video-preview":"max-video-preview:-1"},"canonical":"https:\/\/wp.kristdemokraterna.se\/regionostergotland\/nyhetsbrev-vecka-2-7\/","og_locale":"sv_SE","og_type":"article","og_title":"Nyhetsbrev vecka 2 - i Region \u00d6sterg\u00f6tland","og_description":"Hej! God forts\u00e4ttning p\u00e5 det nya \u00e5ret! Hoppas att ni alla har haft m\u00f6jlighet till lite ledighet och avkoppling under helgerna. Denna vecka har det regionpolitiska arbetet satt ig\u00e5ng, om \u00e4n i lite mindre intensivt tempo \u00e4n vad som v\u00e4ntar senare under v\u00e5ren. Det har dock hunnits med en hel del, och jag ska f\u00f6rs\u00f6ka Read More","og_url":"https:\/\/wp.kristdemokraterna.se\/regionostergotland\/nyhetsbrev-vecka-2-7\/","og_site_name":"i Region \u00d6sterg\u00f6tland","article_published_time":"2024-01-12T16:13:26+00:00","og_image":[{"width":1024,"height":533,"url":"http:\/\/wp.kristdemokraterna.se\/regionostergotland\/files\/2024\/01\/bild-nyhetsbrev-2024-vecka-2-1024x533.jpg","type":"image\/jpeg"}],"author":"regionostergotland","twitter_card":"summary_large_image","twitter_misc":{"Skriven av":"regionostergotland","Ber\u00e4knad l\u00e4stid":"4 minuter"},"schema":{"@context":"https:\/\/schema.org","@graph":[{"@type":"Article","@id":"https:\/\/wp.kristdemokraterna.se\/regionostergotland\/nyhetsbrev-vecka-2-7\/#article","isPartOf":{"@id":"https:\/\/wp.kristdemokraterna.se\/regionostergotland\/nyhetsbrev-vecka-2-7\/"},"author":{"name":"regionostergotland","@id":"https:\/\/wp.kristdemokraterna.se\/regionostergotland\/#\/schema\/person\/74c3c4f502fcc489722a7be0dfe0088c"},"headline":"Nyhetsbrev vecka 2","datePublished":"2024-01-12T16:13:26+00:00","mainEntityOfPage":{"@id":"https:\/\/wp.kristdemokraterna.se\/regionostergotland\/nyhetsbrev-vecka-2-7\/"},"wordCount":923,"articleSection":["Nyheter"],"inLanguage":"sv-SE"},{"@type":"WebPage","@id":"https:\/\/wp.kristdemokraterna.se\/regionostergotland\/nyhetsbrev-vecka-2-7\/","url":"https:\/\/wp.kristdemokraterna.se\/regionostergotland\/nyhetsbrev-vecka-2-7\/","name":"Nyhetsbrev vecka 2 - i Region \u00d6sterg\u00f6tland","isPartOf":{"@id":"https:\/\/wp.kristdemokraterna.se\/regionostergotland\/#website"},"datePublished":"2024-01-12T16:13:26+00:00","author":{"@id":"https:\/\/wp.kristdemokraterna.se\/regionostergotland\/#\/schema\/person\/74c3c4f502fcc489722a7be0dfe0088c"},"breadcrumb":{"@id":"https:\/\/wp.kristdemokraterna.se\/regionostergotland\/nyhetsbrev-vecka-2-7\/#breadcrumb"},"inLanguage":"sv-SE","potentialAction":[{"@type":"ReadAction","target":["https:\/\/wp.kristdemokraterna.se\/regionostergotland\/nyhetsbrev-vecka-2-7\/"]}]},{"@type":"BreadcrumbList","@id":"https:\/\/wp.kristdemokraterna.se\/regionostergotland\/nyhetsbrev-vecka-2-7\/#breadcrumb","itemListElement":[{"@type":"ListItem","position":1,"name":"Hem","item":"https:\/\/wp.kristdemokraterna.se\/regionostergotland\/"},{"@type":"ListItem","position":2,"name":"Nyhetsbrev vecka 2"}]},{"@type":"WebSite","@id":"https:\/\/wp.kristdemokraterna.se\/regionostergotland\/#website","url":"https:\/\/wp.kristdemokraterna.se\/regionostergotland\/","name":"i Region \u00d6sterg\u00f6tland","description":"","inLanguage":"sv-SE"},{"@type":"Person","@id":"https:\/\/wp.kristdemokraterna.se\/regionostergotland\/#\/schema\/person\/74c3c4f502fcc489722a7be0dfe0088c","name":"regionostergotland","image":{"@type":"ImageObject","inLanguage":"sv-SE","@id":"https:\/\/secure.gravatar.com\/avatar\/8fb8f0a216e627554da57506bfaf78d677f45512f24f703e185ec701423b1e92?s=96&d=mm&r=g","url":"https:\/\/secure.gravatar.com\/avatar\/8fb8f0a216e627554da57506bfaf78d677f45512f24f703e185ec701423b1e92?s=96&d=mm&r=g","contentUrl":"https:\/\/secure.gravatar.com\/avatar\/8fb8f0a216e627554da57506bfaf78d677f45512f24f703e185ec701423b1e92?s=96&d=mm&r=g","caption":"regionostergotland"},"url":"https:\/\/wp.kristdemokraterna.se\/regionostergotland\/author\/regionostergotland\/"}]}},"_links":{"self":[{"href":"https:\/\/wp.kristdemokraterna.se\/regionostergotland\/wp-json\/wp\/v2\/posts\/2228","targetHints":{"allow":["GET"]}}],"collection":[{"href":"https:\/\/wp.kristdemokraterna.se\/regionostergotland\/wp-json\/wp\/v2\/posts"}],"about":[{"href":"https:\/\/wp.kristdemokraterna.se\/regionostergotland\/wp-json\/wp\/v2\/types\/post"}],"author":[{"embeddable":true,"href":"https:\/\/wp.kristdemokraterna.se\/regionostergotland\/wp-json\/wp\/v2\/users\/737"}],"replies":[{"embeddable":true,"href":"https:\/\/wp.kristdemokraterna.se\/regionostergotland\/wp-json\/wp\/v2\/comments?post=2228"}],"version-history":[{"count":1,"href":"https:\/\/wp.kristdemokraterna.se\/regionostergotland\/wp-json\/wp\/v2\/posts\/2228\/revisions"}],"predecessor-version":[{"id":2230,"href":"https:\/\/wp.kristdemokraterna.se\/regionostergotland\/wp-json\/wp\/v2\/posts\/2228\/revisions\/2230"}],"wp:attachment":[{"href":"https:\/\/wp.kristdemokraterna.se\/regionostergotland\/wp-json\/wp\/v2\/media?parent=2228"}],"wp:term":[{"taxonomy":"category","embeddable":true,"href":"https:\/\/wp.kristdemokraterna.se\/regionostergotland\/wp-json\/wp\/v2\/categories?post=2228"},{"taxonomy":"post_tag","embeddable":true,"href":"https:\/\/wp.kristdemokraterna.se\/regionostergotland\/wp-json\/wp\/v2\/tags?post=2228"}],"curies":[{"name":"wp","href":"https:\/\/api.w.org\/{rel}","templated":true}]}}