{"id":2234,"date":"2024-01-26T10:00:34","date_gmt":"2024-01-26T09:00:34","guid":{"rendered":"https:\/\/wp.kristdemokraterna.se\/regionostergotland\/?p=2234"},"modified":"2024-01-26T10:00:34","modified_gmt":"2024-01-26T09:00:34","slug":"nyhetsbrev-vecka-4-7","status":"publish","type":"post","link":"https:\/\/wp.kristdemokraterna.se\/regionostergotland\/nyhetsbrev-vecka-4-7\/","title":{"rendered":"Nyhetsbrev vecka 4"},"content":{"rendered":"<p>Hej!<\/p>\n<p>Veckans nyhetsbrev skriver jag fr\u00e5n Stockholm, d\u00e4r flera m\u00f6ten och \u00e5taganden avl\u00f6st varandra de senaste dagarna. M\u00e5nga givande och positiva m\u00f6ten med f\u00f6rtroendevalda fr\u00e5n olika delar av landet verksamma s\u00e5v\u00e4l lokalt och regionalt som nationellt. Utbyte med andra \u00e4r helt klart en v\u00e4rdefull ingrediens i det politiska v\u00e4rvet. Idag styrs dock kosan dock hem\u00e5t Link\u00f6ping och \u00d6sterg\u00f6tland igen. Men, innan dess kommer h\u00e4r f\u00f6rst n\u00e5gra rader om vad som h\u00e4nt och skett i veckan. Trevlig l\u00e4sning!<!--more--><\/p>\n<p><strong>M\u00e5ndagsm\u00f6te med fokus p\u00e5 personalfr\u00e5gor i h\u00e4lso- och sjukv\u00e5rden<\/strong><br \/>\nAv den m\u00e4ngd och bredd och fr\u00e5gor vi som f\u00f6rtroendevalda i regionen beh\u00f6ver hantera varje vecka, \u00e4r det f\u00f6rst\u00e5s just nu ett omr\u00e5de som kr\u00e4ver extra stor uppm\u00e4rksamhet; det ekonomiska l\u00e4get i h\u00e4lso- och sjukv\u00e5rden och de bemannings- och personalfr\u00e5gor som \u00e4r tydligt kopplade till det. P\u00e5 veckans m\u00e5ndagsm\u00f6te g\u00e4stades vi av tillf\u00f6rordnad HR-direkt\u00f6r Anna Ceder\u00f6f, som tillsammans med ekonomidirekt\u00f6r Josefin Bj\u00e4resten, gick igenom olika \u00e5tg\u00e4rdsf\u00f6rslag. Som \u00e4r l\u00e4tt att f\u00f6rst\u00e5, kr\u00e4vs en hel del f\u00f6r\u00e4ndringar f\u00f6r att \u00e5ter f\u00e5 regionen p\u00e5 r\u00e4tt k\u00f6l igen!<\/p>\n<p><strong>Positiv ledarartikel i Corren om behovet av utveckling av St\u00e5ng\u00e5dalsbanan<\/strong><br \/>\nKristdemokraterna har som bekant under m\u00e5nga \u00e5r drivit p\u00e5 f\u00f6r utveckling av t\u00e5gtrafiken p\u00e5 St\u00e5ng\u00e5dalsbanan. Under \u00e5ren i opposition skrev vi flera motioner och gjorde andra politiska ageranden, och sedan vi genom \u00d6stg\u00f6tasamverkan tog \u00f6ver styret av regionen, har vi f\u00e5tt in uppdag i regionens Tre\u00e5rsbudget om att regionen ska verka f\u00f6r en utveckling av t\u00e5gtrafiken p\u00e5 St\u00e5ng\u00e5dalsbanan. I tisdagens Corren hade ledarskribent Edvard Hollertz en bra ledarartikel om de b\u00e5da l\u00e4nsbanorna; St\u00e5ng\u00e5dals- och Tjustbanorna, med ingressen &#8221;M\u00e5let b\u00f6r vara att \u00d6stg\u00f6tapendeln g\u00e5r till Kalmar och V\u00e4stervik&#8221;. Positivt att fler lyfter upp betydelsen av v\u00e4lfungerande t\u00e5gtrafik mellan Region \u00d6sterg\u00f6tland och Region Kalmar l\u00e4n! Du kan l\u00e4sa ledarartikeln h\u00e4r: (<a href=\"https:\/\/corren.se\/ledare\/artikel\/odestid-for-viktiga-jarnvagen-som-maste-rustas-upp\/j8ep8wmj\" target=\"_blank\" rel=\"noopener\">https:\/\/corren.se\/ledare\/artikel\/odestid-for-viktiga-jarnvagen-som-maste-rustas-upp\/j8ep8wmj<\/a>)<\/p>\n<p><strong>Regionutvecklingsn\u00e4mndens sammantr\u00e4de g\u00e4stade Almi<\/strong><br \/>\nI tisdags h\u00f6lls \u00e5rets f\u00f6rsta sammantr\u00e4de med regionutvecklingsn\u00e4mnden. Vanligtvis sammantr\u00e4der n\u00e4mnden i sessionssalen i regionhuset, men detta sammantr\u00e4de var f\u00f6rlagt till Almi F\u00f6retagspartner \u00d6sterg\u00f6tland, i andra \u00e4nden av S:t Largatan i Link\u00f6ping. Eftersom det \u00f6stg\u00f6tska Almi-bolaget \u00e4gs till 49 procent av Region \u00d6sterg\u00f6tland (\u00f6vriga 51 procent av det statliga moderbolaget Almi AB), och regionutvecklingsn\u00e4mnden f\u00f6r regionens del beslutar om \u00e4gardirektiv, medfinansiering av Almis strukturfondsprojekt m.m., \u00e4r det bra att n\u00e4mnden f\u00e5r en f\u00f6rdjupad inblick i Almis verksamhet p\u00e5 plats hos bolaget. VD Mats Philipsson gav en bra \u00f6verblick med f\u00f6rdjupning av flera delar och vi fick ocks\u00e5 tillf\u00e4lle att tr\u00e4ffa kreditchef Gunilla Bystr\u00f6m och aff\u00e4rschef Daniel Holgersson. I \u00f6vrigt hade n\u00e4mnden flera besluts\u00e4renden, bl.a. uppdrags\u00f6verenskommelse p\u00e5 idrottsomr\u00e5det med RF-SISU \u00d6sterg\u00f6tland och p\u00e5 bildningsomr\u00e5det med Bildningsf\u00f6rbundet \u00d6sterg\u00f6tland, samt beslut om verksamhetsbidrag till flera kulturakt\u00f6rer i \u00d6sterg\u00f6tland.<\/p>\n<p><strong>Introduktionsdag med partidistriktets nya ombudsman<\/strong><br \/>\nP\u00e5 onsdagen hade Kristdemokraterna i \u00d6sterg\u00f6tlands verkst\u00e4llande utskott och den tilltr\u00e4dande ombudsmannen Susanne H\u00e4rner, en introduktionsdag. Av logistiska sk\u00e4l h\u00f6ll vi till i riksdagshuset, d\u00e4r riksdagsledamot Magnus Oscarsson tog emot oss. Det finns en hel del planering att g\u00e5 igenom och diskutera, och det k\u00e4nns mycket bra att Susanne \u00e4r taggad att s\u00e4tta ig\u00e5ng arbetet. Varmt v\u00e4lkommen i tj\u00e4nst!<\/p>\n<p><strong>Sammantr\u00e4desdagar i Sveriges Kommuner och Regioner<\/strong><br \/>\nOnsdag och torsdag innebar ocks\u00e5 \u00e5rets f\u00f6rsta sammantr\u00e4desdagar i Sveriges Kommuner och Regioner. P\u00e5 onsdagseftermiddagen och kv\u00e4llen h\u00f6lls gruppm\u00f6te med Kristdemokraternas SKR-grupp, d\u00e4r vi g\u00e4stades av riksdagsledamot Magnus Jacobsson som talade infrastrukturfr\u00e5gor, statssekreterare Dan Ericsson fr\u00e5n landsbygds- och infrastrukturdepartementet som lyfte en hel del positivt som nu genomf\u00f6rs p\u00e5 departementet och slutligen partiledare Ebba Busch, som redogjorde f\u00f6r det aktuella l\u00e4get ang\u00e5ende partiets valsedel till Europaparlamentsvalet. P\u00e5 torsdagsmorgonen f\u00f6ljde del tv\u00e5 av gruppm\u00f6tet, d\u00e4r en del \u00e4renden fr\u00e5n de olika beredningarna diskuterades. P\u00e5 eftermiddagen sammantr\u00e4dde sedan de olika beredningarna, och f\u00f6r min del Beredningen f\u00f6r tillv\u00e4xt och regional utveckling, som bl.a. g\u00e4stades av statssekreterare Dan Ericsson, som \u00e4ven f\u00f6r beredningen gick igenom aktuella fr\u00e5gor fr\u00e5n departementet.<\/p>\n<p><strong>M\u00f6te mellan regiongruppledare och sjukv\u00e5rdsministern<\/strong><br \/>\nP\u00e5 torsdagsmorgonen h\u00f6lls ocks\u00e5 \u00e5rets f\u00f6rsta digitala dialogm\u00f6te mellan Kristdemokraternas regiongruppledare och sjukv\u00e5rdsminister Acko Ankarberg Johansson. Huvudfokus f\u00f6r m\u00f6tet blev f\u00f6rst\u00e5s det anstr\u00e4ngda l\u00e4get i landets regioner och vilka \u00e5tg\u00e4rder som vidtas f\u00f6r att komma till r\u00e4tta med situationen.<\/p>\n<p><strong>Studiebes\u00f6k p\u00e5 Ericsson Imagine Studio<\/strong><br \/>\nI g\u00e5r torsdag kv\u00e4ll hade Ericsson bjudit in f\u00f6rtroendevalda fr\u00e5n n\u00e5gra av beredningarna i SKR till ett studiebes\u00f6k i deras Imagine Studio i Kista i norra Stockholm, med temat digitaliseringens m\u00f6jligheter. Vi fick f\u00f6redragningar fr\u00e5n Ericsson sj\u00e4lva, fr\u00e5n Teknikf\u00f6retagen och fr\u00e5n Anna Hed, som \u00e4r kommunstyrelsens ordf\u00f6rande i Mora och dessutom ordf\u00f6rande i beredningen f\u00f6r tillv\u00e4xt och regional utveckling. Vi fick ocks\u00e5 en rundvandring i studion, d\u00e4r utbyggnaden av 5G, 6G o.s.v. \u00e5sk\u00e5dliggjordes och inte minst hur t.ex. gruvindustri och stora hamnanl\u00e4ggningar har stor nytta av nya landvinningar p\u00e5 digitaliseringens omr\u00e5de, b\u00e5de avseende effektivitet och s\u00e4kerhet. Ett sammantaget intressant och givande studiebes\u00f6k!<\/p>\n<p>I morgon l\u00f6rdag deltar m\u00e5nga kristdemokrater i utbildningsdagar runt om i landet, med fokus framf\u00f6rallt p\u00e5 det stundande EU-valet, men \u00e4ven p\u00e5 att dryfta n\u00e4mndspecifika fr\u00e5gor i mindre grupperingar och knyta kontakter \u00f6ver kommun- och regiongr\u00e4nser. Sedan blir det f\u00f6rhoppningsvis lite helgledigt ocks\u00e5\u2026 I vilket fall hoppas jag att ni alla f\u00e5r en riktigt trevlig helg!<\/p>\n<p>Med v\u00e4nlig h\u00e4lsning<br \/>\nPer Larsson<br \/>\nRegionr\u00e5d &#8211; Ordf\u00f6rande i Regionutvecklingsn\u00e4mnden<br \/>\nGruppledare f\u00f6r Kristdemokraterna i Region \u00d6sterg\u00f6tland<br \/>\ntfn 010-103 72 84 (arb)<br \/>\ntfn 0702-88 21 34 (mobil)<br \/>\nper.larsson@regionostergotland.se<\/p>\n<p>&nbsp;<\/p>\n","protected":false},"excerpt":{"rendered":"<p>Hej! Veckans nyhetsbrev skriver jag fr\u00e5n Stockholm, d\u00e4r flera m\u00f6ten och \u00e5taganden avl\u00f6st varandra de senaste dagarna. M\u00e5nga givande och positiva m\u00f6ten med f\u00f6rtroendevalda fr\u00e5n olika delar av landet verksamma s\u00e5v\u00e4l lokalt och regionalt som nationellt. Utbyte med andra \u00e4r helt klart en v\u00e4rdefull ingrediens i det politiska v\u00e4rvet. Idag styrs dock kosan dock hem\u00e5t <a class=\"read-more-link\" href=\"https:\/\/wp.kristdemokraterna.se\/regionostergotland\/nyhetsbrev-vecka-4-7\/\">Read More<\/a><\/p>\n","protected":false},"author":737,"featured_media":0,"comment_status":"closed","ping_status":"closed","sticky":false,"template":"","format":"standard","meta":{"_acf_changed":false,"footnotes":""},"categories":[1],"tags":[],"class_list":["post-2234","post","type-post","status-publish","format-standard","hentry","category-nyheter"],"acf":[],"yoast_head":"<!-- This site is optimized with the Yoast SEO plugin v27.5 - https:\/\/yoast.com\/product\/yoast-seo-wordpress\/ -->\n<title>Nyhetsbrev vecka 4 - i Region \u00d6sterg\u00f6tland<\/title>\n<meta name=\"robots\" content=\"index, follow, max-snippet:-1, max-image-preview:large, max-video-preview:-1\" \/>\n<link rel=\"canonical\" href=\"https:\/\/wp.kristdemokraterna.se\/regionostergotland\/nyhetsbrev-vecka-4-7\/\" \/>\n<meta property=\"og:locale\" content=\"sv_SE\" \/>\n<meta property=\"og:type\" content=\"article\" \/>\n<meta property=\"og:title\" content=\"Nyhetsbrev vecka 4 - i Region \u00d6sterg\u00f6tland\" \/>\n<meta property=\"og:description\" content=\"Hej! Veckans nyhetsbrev skriver jag fr\u00e5n Stockholm, d\u00e4r flera m\u00f6ten och \u00e5taganden avl\u00f6st varandra de senaste dagarna. M\u00e5nga givande och positiva m\u00f6ten med f\u00f6rtroendevalda fr\u00e5n olika delar av landet verksamma s\u00e5v\u00e4l lokalt och regionalt som nationellt. Utbyte med andra \u00e4r helt klart en v\u00e4rdefull ingrediens i det politiska v\u00e4rvet. Idag styrs dock kosan dock hem\u00e5t Read More\" \/>\n<meta property=\"og:url\" content=\"https:\/\/wp.kristdemokraterna.se\/regionostergotland\/nyhetsbrev-vecka-4-7\/\" \/>\n<meta property=\"og:site_name\" content=\"i Region \u00d6sterg\u00f6tland\" \/>\n<meta property=\"article:published_time\" content=\"2024-01-26T09:00:34+00:00\" \/>\n<meta property=\"og:image\" content=\"http:\/\/wp.kristdemokraterna.se\/regionostergotland\/files\/2024\/01\/bild-nyhetsbrev-2024-vecka-4-1024x533.jpg\" \/>\n\t<meta property=\"og:image:width\" content=\"1024\" \/>\n\t<meta property=\"og:image:height\" content=\"533\" \/>\n\t<meta property=\"og:image:type\" content=\"image\/jpeg\" \/>\n<meta name=\"author\" content=\"regionostergotland\" \/>\n<meta name=\"twitter:card\" content=\"summary_large_image\" \/>\n<meta name=\"twitter:label1\" content=\"Skriven av\" \/>\n\t<meta name=\"twitter:data1\" content=\"regionostergotland\" \/>\n\t<meta name=\"twitter:label2\" content=\"Ber\u00e4knad l\u00e4stid\" \/>\n\t<meta name=\"twitter:data2\" content=\"5 minuter\" \/>\n<script type=\"application\/ld+json\" class=\"yoast-schema-graph\">{\"@context\":\"https:\\\/\\\/schema.org\",\"@graph\":[{\"@type\":\"Article\",\"@id\":\"https:\\\/\\\/wp.kristdemokraterna.se\\\/regionostergotland\\\/nyhetsbrev-vecka-4-7\\\/#article\",\"isPartOf\":{\"@id\":\"https:\\\/\\\/wp.kristdemokraterna.se\\\/regionostergotland\\\/nyhetsbrev-vecka-4-7\\\/\"},\"author\":{\"name\":\"regionostergotland\",\"@id\":\"https:\\\/\\\/wp.kristdemokraterna.se\\\/regionostergotland\\\/#\\\/schema\\\/person\\\/74c3c4f502fcc489722a7be0dfe0088c\"},\"headline\":\"Nyhetsbrev vecka 4\",\"datePublished\":\"2024-01-26T09:00:34+00:00\",\"mainEntityOfPage\":{\"@id\":\"https:\\\/\\\/wp.kristdemokraterna.se\\\/regionostergotland\\\/nyhetsbrev-vecka-4-7\\\/\"},\"wordCount\":1078,\"articleSection\":[\"Nyheter\"],\"inLanguage\":\"sv-SE\"},{\"@type\":\"WebPage\",\"@id\":\"https:\\\/\\\/wp.kristdemokraterna.se\\\/regionostergotland\\\/nyhetsbrev-vecka-4-7\\\/\",\"url\":\"https:\\\/\\\/wp.kristdemokraterna.se\\\/regionostergotland\\\/nyhetsbrev-vecka-4-7\\\/\",\"name\":\"Nyhetsbrev vecka 4 - i Region \u00d6sterg\u00f6tland\",\"isPartOf\":{\"@id\":\"https:\\\/\\\/wp.kristdemokraterna.se\\\/regionostergotland\\\/#website\"},\"datePublished\":\"2024-01-26T09:00:34+00:00\",\"author\":{\"@id\":\"https:\\\/\\\/wp.kristdemokraterna.se\\\/regionostergotland\\\/#\\\/schema\\\/person\\\/74c3c4f502fcc489722a7be0dfe0088c\"},\"breadcrumb\":{\"@id\":\"https:\\\/\\\/wp.kristdemokraterna.se\\\/regionostergotland\\\/nyhetsbrev-vecka-4-7\\\/#breadcrumb\"},\"inLanguage\":\"sv-SE\",\"potentialAction\":[{\"@type\":\"ReadAction\",\"target\":[\"https:\\\/\\\/wp.kristdemokraterna.se\\\/regionostergotland\\\/nyhetsbrev-vecka-4-7\\\/\"]}]},{\"@type\":\"BreadcrumbList\",\"@id\":\"https:\\\/\\\/wp.kristdemokraterna.se\\\/regionostergotland\\\/nyhetsbrev-vecka-4-7\\\/#breadcrumb\",\"itemListElement\":[{\"@type\":\"ListItem\",\"position\":1,\"name\":\"Hem\",\"item\":\"https:\\\/\\\/wp.kristdemokraterna.se\\\/regionostergotland\\\/\"},{\"@type\":\"ListItem\",\"position\":2,\"name\":\"Nyhetsbrev vecka 4\"}]},{\"@type\":\"WebSite\",\"@id\":\"https:\\\/\\\/wp.kristdemokraterna.se\\\/regionostergotland\\\/#website\",\"url\":\"https:\\\/\\\/wp.kristdemokraterna.se\\\/regionostergotland\\\/\",\"name\":\"i Region \u00d6sterg\u00f6tland\",\"description\":\"\",\"inLanguage\":\"sv-SE\"},{\"@type\":\"Person\",\"@id\":\"https:\\\/\\\/wp.kristdemokraterna.se\\\/regionostergotland\\\/#\\\/schema\\\/person\\\/74c3c4f502fcc489722a7be0dfe0088c\",\"name\":\"regionostergotland\",\"image\":{\"@type\":\"ImageObject\",\"inLanguage\":\"sv-SE\",\"@id\":\"https:\\\/\\\/secure.gravatar.com\\\/avatar\\\/8fb8f0a216e627554da57506bfaf78d677f45512f24f703e185ec701423b1e92?s=96&d=mm&r=g\",\"url\":\"https:\\\/\\\/secure.gravatar.com\\\/avatar\\\/8fb8f0a216e627554da57506bfaf78d677f45512f24f703e185ec701423b1e92?s=96&d=mm&r=g\",\"contentUrl\":\"https:\\\/\\\/secure.gravatar.com\\\/avatar\\\/8fb8f0a216e627554da57506bfaf78d677f45512f24f703e185ec701423b1e92?s=96&d=mm&r=g\",\"caption\":\"regionostergotland\"},\"url\":\"https:\\\/\\\/wp.kristdemokraterna.se\\\/regionostergotland\\\/author\\\/regionostergotland\\\/\"}]}<\/script>\n<!-- \/ Yoast SEO plugin. -->","yoast_head_json":{"title":"Nyhetsbrev vecka 4 - i Region \u00d6sterg\u00f6tland","robots":{"index":"index","follow":"follow","max-snippet":"max-snippet:-1","max-image-preview":"max-image-preview:large","max-video-preview":"max-video-preview:-1"},"canonical":"https:\/\/wp.kristdemokraterna.se\/regionostergotland\/nyhetsbrev-vecka-4-7\/","og_locale":"sv_SE","og_type":"article","og_title":"Nyhetsbrev vecka 4 - i Region \u00d6sterg\u00f6tland","og_description":"Hej! Veckans nyhetsbrev skriver jag fr\u00e5n Stockholm, d\u00e4r flera m\u00f6ten och \u00e5taganden avl\u00f6st varandra de senaste dagarna. M\u00e5nga givande och positiva m\u00f6ten med f\u00f6rtroendevalda fr\u00e5n olika delar av landet verksamma s\u00e5v\u00e4l lokalt och regionalt som nationellt. Utbyte med andra \u00e4r helt klart en v\u00e4rdefull ingrediens i det politiska v\u00e4rvet. Idag styrs dock kosan dock hem\u00e5t Read More","og_url":"https:\/\/wp.kristdemokraterna.se\/regionostergotland\/nyhetsbrev-vecka-4-7\/","og_site_name":"i Region \u00d6sterg\u00f6tland","article_published_time":"2024-01-26T09:00:34+00:00","og_image":[{"width":1024,"height":533,"url":"http:\/\/wp.kristdemokraterna.se\/regionostergotland\/files\/2024\/01\/bild-nyhetsbrev-2024-vecka-4-1024x533.jpg","type":"image\/jpeg"}],"author":"regionostergotland","twitter_card":"summary_large_image","twitter_misc":{"Skriven av":"regionostergotland","Ber\u00e4knad l\u00e4stid":"5 minuter"},"schema":{"@context":"https:\/\/schema.org","@graph":[{"@type":"Article","@id":"https:\/\/wp.kristdemokraterna.se\/regionostergotland\/nyhetsbrev-vecka-4-7\/#article","isPartOf":{"@id":"https:\/\/wp.kristdemokraterna.se\/regionostergotland\/nyhetsbrev-vecka-4-7\/"},"author":{"name":"regionostergotland","@id":"https:\/\/wp.kristdemokraterna.se\/regionostergotland\/#\/schema\/person\/74c3c4f502fcc489722a7be0dfe0088c"},"headline":"Nyhetsbrev vecka 4","datePublished":"2024-01-26T09:00:34+00:00","mainEntityOfPage":{"@id":"https:\/\/wp.kristdemokraterna.se\/regionostergotland\/nyhetsbrev-vecka-4-7\/"},"wordCount":1078,"articleSection":["Nyheter"],"inLanguage":"sv-SE"},{"@type":"WebPage","@id":"https:\/\/wp.kristdemokraterna.se\/regionostergotland\/nyhetsbrev-vecka-4-7\/","url":"https:\/\/wp.kristdemokraterna.se\/regionostergotland\/nyhetsbrev-vecka-4-7\/","name":"Nyhetsbrev vecka 4 - i Region \u00d6sterg\u00f6tland","isPartOf":{"@id":"https:\/\/wp.kristdemokraterna.se\/regionostergotland\/#website"},"datePublished":"2024-01-26T09:00:34+00:00","author":{"@id":"https:\/\/wp.kristdemokraterna.se\/regionostergotland\/#\/schema\/person\/74c3c4f502fcc489722a7be0dfe0088c"},"breadcrumb":{"@id":"https:\/\/wp.kristdemokraterna.se\/regionostergotland\/nyhetsbrev-vecka-4-7\/#breadcrumb"},"inLanguage":"sv-SE","potentialAction":[{"@type":"ReadAction","target":["https:\/\/wp.kristdemokraterna.se\/regionostergotland\/nyhetsbrev-vecka-4-7\/"]}]},{"@type":"BreadcrumbList","@id":"https:\/\/wp.kristdemokraterna.se\/regionostergotland\/nyhetsbrev-vecka-4-7\/#breadcrumb","itemListElement":[{"@type":"ListItem","position":1,"name":"Hem","item":"https:\/\/wp.kristdemokraterna.se\/regionostergotland\/"},{"@type":"ListItem","position":2,"name":"Nyhetsbrev vecka 4"}]},{"@type":"WebSite","@id":"https:\/\/wp.kristdemokraterna.se\/regionostergotland\/#website","url":"https:\/\/wp.kristdemokraterna.se\/regionostergotland\/","name":"i Region \u00d6sterg\u00f6tland","description":"","inLanguage":"sv-SE"},{"@type":"Person","@id":"https:\/\/wp.kristdemokraterna.se\/regionostergotland\/#\/schema\/person\/74c3c4f502fcc489722a7be0dfe0088c","name":"regionostergotland","image":{"@type":"ImageObject","inLanguage":"sv-SE","@id":"https:\/\/secure.gravatar.com\/avatar\/8fb8f0a216e627554da57506bfaf78d677f45512f24f703e185ec701423b1e92?s=96&d=mm&r=g","url":"https:\/\/secure.gravatar.com\/avatar\/8fb8f0a216e627554da57506bfaf78d677f45512f24f703e185ec701423b1e92?s=96&d=mm&r=g","contentUrl":"https:\/\/secure.gravatar.com\/avatar\/8fb8f0a216e627554da57506bfaf78d677f45512f24f703e185ec701423b1e92?s=96&d=mm&r=g","caption":"regionostergotland"},"url":"https:\/\/wp.kristdemokraterna.se\/regionostergotland\/author\/regionostergotland\/"}]}},"_links":{"self":[{"href":"https:\/\/wp.kristdemokraterna.se\/regionostergotland\/wp-json\/wp\/v2\/posts\/2234","targetHints":{"allow":["GET"]}}],"collection":[{"href":"https:\/\/wp.kristdemokraterna.se\/regionostergotland\/wp-json\/wp\/v2\/posts"}],"about":[{"href":"https:\/\/wp.kristdemokraterna.se\/regionostergotland\/wp-json\/wp\/v2\/types\/post"}],"author":[{"embeddable":true,"href":"https:\/\/wp.kristdemokraterna.se\/regionostergotland\/wp-json\/wp\/v2\/users\/737"}],"replies":[{"embeddable":true,"href":"https:\/\/wp.kristdemokraterna.se\/regionostergotland\/wp-json\/wp\/v2\/comments?post=2234"}],"version-history":[{"count":1,"href":"https:\/\/wp.kristdemokraterna.se\/regionostergotland\/wp-json\/wp\/v2\/posts\/2234\/revisions"}],"predecessor-version":[{"id":2236,"href":"https:\/\/wp.kristdemokraterna.se\/regionostergotland\/wp-json\/wp\/v2\/posts\/2234\/revisions\/2236"}],"wp:attachment":[{"href":"https:\/\/wp.kristdemokraterna.se\/regionostergotland\/wp-json\/wp\/v2\/media?parent=2234"}],"wp:term":[{"taxonomy":"category","embeddable":true,"href":"https:\/\/wp.kristdemokraterna.se\/regionostergotland\/wp-json\/wp\/v2\/categories?post=2234"},{"taxonomy":"post_tag","embeddable":true,"href":"https:\/\/wp.kristdemokraterna.se\/regionostergotland\/wp-json\/wp\/v2\/tags?post=2234"}],"curies":[{"name":"wp","href":"https:\/\/api.w.org\/{rel}","templated":true}]}}