{"id":2240,"date":"2024-02-09T15:01:12","date_gmt":"2024-02-09T14:01:12","guid":{"rendered":"https:\/\/wp.kristdemokraterna.se\/regionostergotland\/?p=2240"},"modified":"2024-02-09T15:01:12","modified_gmt":"2024-02-09T14:01:12","slug":"nyhetsbrev-vecka-6-7","status":"publish","type":"post","link":"https:\/\/wp.kristdemokraterna.se\/regionostergotland\/nyhetsbrev-vecka-6-7\/","title":{"rendered":"Nyhetsbrev vecka 6"},"content":{"rendered":"<p>Hej!<\/p>\n<p>Den h\u00e4r veckan har onekligen bjudit p\u00e5 dramatiska f\u00f6r\u00e4ndringar p\u00e5 v\u00e4derfronten. I m\u00e5ndags tog jag en lunchpromenad i solskenet i Tr\u00e4dg\u00e5rdsf\u00f6reningen och hittade v\u00e5rtecken i form av sn\u00f6droppar. Och p\u00e5 tisdagen var det inte bara n\u00e5gra droppar sn\u00f6, och rej\u00e4la m\u00e4ngder som helt klar innebar en comeback f\u00f6r vintern. I regionpolitiken \u00e4r det ocks\u00e5 en hel del omfattande f\u00f6r\u00e4ndringar p\u00e5 g\u00e5ng, \u00e4ven om det samtidigt, tack och lov, finns en del stabilt utvecklingsarbete som p\u00e5g\u00e5r. N\u00e5gra rader om veckan i regionpolitiken kommer h\u00e4r i nyhetsbrevet. Trevlig l\u00e4sning!<!--more--><\/p>\n<p><strong>M\u00e5ndagsm\u00f6te med fokus p\u00e5 minskade kostnader i h\u00e4lso- och sjukv\u00e5rden<\/strong><br \/>\nVeckans m\u00e5ndagsm\u00f6te med ledningen f\u00f6r \u00d6stg\u00f6tasamverkan var f\u00f6rst\u00e5s ett av veckans sammantr\u00e4den med fokus p\u00e5 de n\u00f6dv\u00e4ndiga \u00e5tg\u00e4rder som nu genomf\u00f6rs och planeras f\u00f6r att komma till r\u00e4tta med det omfattande underskottet i h\u00e4lso- och sjukv\u00e5rdens ekonomi. \u00c4ven detta m\u00e5ndagsm\u00f6te g\u00e4stades av regiondirekt\u00f6r Mikael Borin, tillf\u00f6rordnad HR-direkt\u00f6r Anna Cederl\u00f6f, v\u00e5rddirekt\u00f6rerna Jessica Frisk och Ninnie Borendal Wodlin, h\u00e4lso- och sjukv\u00e5rdsdirekt\u00f6r Annica \u00d6hrn och kommunikationsdirekt\u00f6r Anna Bowall. Flera olika \u00e5tg\u00e4rder beh\u00f6vs f\u00f6r att minska kostnaderna, men f\u00f6rst\u00e5s \u00e4r personalkostnaderna den stora posten i h\u00e4lso- och sjukv\u00e5rdens ekonomi. D\u00e4rf\u00f6r \u00e4r \u00e5tg\u00e4rder p\u00e5 personalomr\u00e5det f\u00f6rst\u00e5s ofr\u00e5nkomliga f\u00f6r att \u00e5terf\u00e5 balans i ekonomin.<\/p>\n<p><strong>Sammantr\u00e4de med politiska ledningsgruppen<\/strong><br \/>\n\u00c4ven tisdagsf\u00f6rmiddagens m\u00f6te med regionens politiska ledningsgrupp (PLG), hade naturligtvis fokus p\u00e5 ekonomin i h\u00e4lso- och sjukv\u00e5rden och de \u00e5tg\u00e4rder som kr\u00e4vs fram\u00e5t. Men PLG fick ocks\u00e5 en redovisning av f\u00f6rra \u00e5rets ekonomi f\u00f6r regionens politiska organisation, som h\u00e5llit sig inom sina ramar med ett visst \u00f6verskott. Planering av \u00e5rets f\u00f6rsta strategiseminarium och medskick kring inneh\u00e5ll i de kommande stod ocks\u00e5 p\u00e5 programmet, liksom information fr\u00e5n regionens IT-direkt\u00f6r Henrik Schildt om regionens anv\u00e4ndande av molntj\u00e4nster. Efter PLG fortsatte gruppledarna f\u00f6r de \u00e5tta partierna i regionfullm\u00e4ktige med gruppledar\u00f6verl\u00e4ggningar om bl.a. uppdaterad arbetsordning f\u00f6r regionfullm\u00e4ktige, justering av regionens budgetprocess och utredningen om kollektivtrafikens organisering.<\/p>\n<p><strong>Gruppm\u00f6te med Kristdemokraternas regiongrupp<\/strong><br \/>\nTisdag kv\u00e4ll h\u00f6lls februari m\u00e5nads gruppm\u00f6te med Kristdemokraternas regiongrupp. Som vanligt inleddes kv\u00e4llen med n\u00e4mndvisa gruppm\u00f6ten tillsammans med Moderaterna och Liberalerna. D\u00e4refter samlades alla tre partigrupperna till en gemensam information om de \u00e5tg\u00e4rder som planeras f\u00f6r att komma till r\u00e4tta med ekonomin inom h\u00e4lso- och sjukv\u00e5rden. \u00c4ven p\u00e5 Kristdemokraternas eget gruppm\u00f6te, som vidtog d\u00e4refter, \u00e4gnades en del tid \u00e5t att diskutera det ekonomiska l\u00e4get, men vi hann ocks\u00e5 med att g\u00e5 igenom handlingarna till n\u00e4sta veckas regionfullm\u00e4ktigesammantr\u00e4de och en del planering inf\u00f6r kommande m\u00f6ten och aktiviteter f\u00f6r regiongruppen.<\/p>\n<p><strong>Spadtag f\u00f6r nya Fenomenmagasinet i Link\u00f6ping<\/strong><br \/>\nP\u00e5 onsdagsf\u00f6rmiddagen genomf\u00f6rdes det f\u00f6rsta spadtaget f\u00f6r det nya Fenomenmagasinet p\u00e5 Valla fritidsomr\u00e5de i Link\u00f6ping. Fenomenmagasinet, som tidigare l\u00e5g i stadskvarteren i Gamla Link\u00f6ping, flyttar nu allts\u00e5 en promenadstig genom Vallaskogen bort till \u00f6ppna ytor invid Valla fritidsomr\u00e5de. Fenomenmagasinet \u00e4r ett samarbete mellan Link\u00f6pings kommun, Region \u00d6sterg\u00f6tland och Link\u00f6pings Universitet, och med de nya st\u00f6rre och mer \u00e4ndam\u00e5lsenliga lokalerna, st\u00e4rks f\u00f6ruts\u00e4ttningarna att b\u00e5de inspirera barn och unga att studera teknik, naturvetenskap och kanske fram\u00e5t \u00e4ven medicin, och blir dessutom ett \u00e4nnu starkare bes\u00f6ksm\u00e5l f\u00f6r inte minst barnfamiljer. Ett bra komplement till de \u00f6vriga kreativa bes\u00f6ksm\u00e5l f\u00f6r den m\u00e5lgruppen som redan finns i \u00d6sterg\u00f6tland.<\/p>\n<p><strong>Uppstartstr\u00e4ff f\u00f6r \u00d6stg\u00f6tadagarna p\u00e5 Vreta Kluster<\/strong><br \/>\nI onsdags kv\u00e4ll arrangerade Region \u00d6sterg\u00f6tland en uppstartstr\u00e4ff f\u00f6r alla akt\u00f6rer som medverkar p\u00e5 \u00d6stg\u00f6tadagarna. \u00d6stg\u00f6tadagarna, som sedan 2022 arrangeras b\u00e5de p\u00e5 v\u00e5ren (mitten av maj) och h\u00f6sten (f\u00f6rsta helgen i september), syftar till att lyfta fram och st\u00e4rka f\u00f6retagande p\u00e5 den \u00f6stg\u00f6tska landsbygden. G\u00e5rdsbutiker, konstgallerier, f\u00f6reningar m.fl. erbjuder en stor bredd av aktiviteter, n\u00e4rproducerade varor och tj\u00e4nster, och dagarna ger m\u00f6jlighet f\u00f6r alla oss som \u00e4r stadsbor att uppt\u00e4cka allt som finns och erbjuds \u00e4ven utanf\u00f6r de st\u00f6rre orterna. Uppstartstr\u00e4ffen lyfte fram n\u00e5gra av akt\u00f6rerna som medverkat p\u00e5 dagarna, men gav ocks\u00e5 v\u00e4rdefulla tips om anv\u00e4ndande av sociala medier i marknadsf\u00f6ring liksom inspiration fr\u00e5n den id\u00e9rika entrepren\u00f6ren Susanne Liljenberg. Nu ser vi fram emot tv\u00e5 lyckade helger med \u00d6stg\u00f6tadagarnas v\u00e5r- och h\u00f6stupplagor!<\/p>\n<p><strong>M\u00f6te med \u00d6sterg\u00f6tlands Arkivf\u00f6rbund<\/strong><br \/>\nI g\u00e5r torsdag deltog jag i styrelsem\u00f6te med styrelsen f\u00f6r \u00d6sterg\u00f6tlands Arkivf\u00f6rbund. Det gav ocks\u00e5 tillf\u00e4lle att bes\u00f6ka Arkivf\u00f6rbundets nya kontorslokaler i kulturkvarteret Hallarna i Norrk\u00f6ping. \u00d6sterg\u00f6tlands Arkivf\u00f6rbund \u00e4r en ideell f\u00f6rening som \u00e4r uppdragstagare inom kultursamverkansmodellen f\u00f6r regional arkivverksamhet, och har framf\u00f6rallt som uppgift att st\u00f6tta och serva enskild arkiv runt om i \u00d6sterg\u00f6tland. Det handlar allts\u00e5 om s\u00e5v\u00e4l f\u00f6reningars och organisationers arkiv, som f\u00f6retagsarkiv. Ett viktigt och intressant uppdrag, som gl\u00e4djande \u00e4r en av flera civilsamh\u00e4llsakt\u00f6rer som har regionala uppdrag!<\/p>\n<p>Nu v\u00e4ntar snart helgen. F\u00f6r egen del blir det lite regionpolitik \u00e4ven imorgon l\u00f6rdag, d\u00e5 jag ska g\u00e4sta en konferens om inkludering i idrottsr\u00f6relsen, f\u00f6r att ber\u00e4tta om den nya idrottspolitiska planen som snart ska beslutas av regionutvecklingsn\u00e4mnden. Men, lite helgledighet hoppas jag ocks\u00e5 att det ska kunna bli. I vilket fall som helst \u00f6nskar jag er alla en riktigt trevlig helg!<\/p>\n<p>Med v\u00e4nlig h\u00e4lsning<br \/>\nPer Larsson<br \/>\nRegionr\u00e5d \u2022 Ordf\u00f6rande i Regionutvecklingsn\u00e4mnden<br \/>\nGruppledare f\u00f6r Kristdemokraterna i Region \u00d6sterg\u00f6tland<br \/>\ntfn 010-103 72 84 (arb)<br \/>\ntfn 0702-88 21 34 (mobil)<br \/>\nper.larsson@regionostergotland.se<\/p>\n","protected":false},"excerpt":{"rendered":"<p>Hej! Den h\u00e4r veckan har onekligen bjudit p\u00e5 dramatiska f\u00f6r\u00e4ndringar p\u00e5 v\u00e4derfronten. I m\u00e5ndags tog jag en lunchpromenad i solskenet i Tr\u00e4dg\u00e5rdsf\u00f6reningen och hittade v\u00e5rtecken i form av sn\u00f6droppar. Och p\u00e5 tisdagen var det inte bara n\u00e5gra droppar sn\u00f6, och rej\u00e4la m\u00e4ngder som helt klar innebar en comeback f\u00f6r vintern. I regionpolitiken \u00e4r det ocks\u00e5 <a class=\"read-more-link\" href=\"https:\/\/wp.kristdemokraterna.se\/regionostergotland\/nyhetsbrev-vecka-6-7\/\">Read More<\/a><\/p>\n","protected":false},"author":737,"featured_media":0,"comment_status":"closed","ping_status":"closed","sticky":false,"template":"","format":"standard","meta":{"_acf_changed":false,"footnotes":""},"categories":[1],"tags":[],"class_list":["post-2240","post","type-post","status-publish","format-standard","hentry","category-nyheter"],"acf":[],"yoast_head":"<!-- This site is optimized with the Yoast SEO plugin v27.5 - https:\/\/yoast.com\/product\/yoast-seo-wordpress\/ -->\n<title>Nyhetsbrev vecka 6 - i Region \u00d6sterg\u00f6tland<\/title>\n<meta name=\"robots\" content=\"index, follow, max-snippet:-1, max-image-preview:large, max-video-preview:-1\" \/>\n<link rel=\"canonical\" href=\"https:\/\/wp.kristdemokraterna.se\/regionostergotland\/nyhetsbrev-vecka-6-7\/\" \/>\n<meta property=\"og:locale\" content=\"sv_SE\" \/>\n<meta property=\"og:type\" content=\"article\" \/>\n<meta property=\"og:title\" content=\"Nyhetsbrev vecka 6 - i Region \u00d6sterg\u00f6tland\" \/>\n<meta property=\"og:description\" content=\"Hej! Den h\u00e4r veckan har onekligen bjudit p\u00e5 dramatiska f\u00f6r\u00e4ndringar p\u00e5 v\u00e4derfronten. I m\u00e5ndags tog jag en lunchpromenad i solskenet i Tr\u00e4dg\u00e5rdsf\u00f6reningen och hittade v\u00e5rtecken i form av sn\u00f6droppar. Och p\u00e5 tisdagen var det inte bara n\u00e5gra droppar sn\u00f6, och rej\u00e4la m\u00e4ngder som helt klar innebar en comeback f\u00f6r vintern. I regionpolitiken \u00e4r det ocks\u00e5 Read More\" \/>\n<meta property=\"og:url\" content=\"https:\/\/wp.kristdemokraterna.se\/regionostergotland\/nyhetsbrev-vecka-6-7\/\" \/>\n<meta property=\"og:site_name\" content=\"i Region \u00d6sterg\u00f6tland\" \/>\n<meta property=\"article:published_time\" content=\"2024-02-09T14:01:12+00:00\" \/>\n<meta property=\"og:image\" content=\"http:\/\/wp.kristdemokraterna.se\/regionostergotland\/files\/2024\/02\/bild-nyhetsbrev-2024-vecka-6-1024x533.jpg\" \/>\n\t<meta property=\"og:image:width\" content=\"1024\" \/>\n\t<meta property=\"og:image:height\" content=\"533\" \/>\n\t<meta property=\"og:image:type\" content=\"image\/jpeg\" \/>\n<meta name=\"author\" content=\"regionostergotland\" \/>\n<meta name=\"twitter:card\" content=\"summary_large_image\" \/>\n<meta name=\"twitter:label1\" content=\"Skriven av\" \/>\n\t<meta name=\"twitter:data1\" content=\"regionostergotland\" \/>\n\t<meta name=\"twitter:label2\" content=\"Ber\u00e4knad l\u00e4stid\" \/>\n\t<meta name=\"twitter:data2\" content=\"5 minuter\" \/>\n<script type=\"application\/ld+json\" class=\"yoast-schema-graph\">{\"@context\":\"https:\\\/\\\/schema.org\",\"@graph\":[{\"@type\":\"Article\",\"@id\":\"https:\\\/\\\/wp.kristdemokraterna.se\\\/regionostergotland\\\/nyhetsbrev-vecka-6-7\\\/#article\",\"isPartOf\":{\"@id\":\"https:\\\/\\\/wp.kristdemokraterna.se\\\/regionostergotland\\\/nyhetsbrev-vecka-6-7\\\/\"},\"author\":{\"name\":\"regionostergotland\",\"@id\":\"https:\\\/\\\/wp.kristdemokraterna.se\\\/regionostergotland\\\/#\\\/schema\\\/person\\\/74c3c4f502fcc489722a7be0dfe0088c\"},\"headline\":\"Nyhetsbrev vecka 6\",\"datePublished\":\"2024-02-09T14:01:12+00:00\",\"mainEntityOfPage\":{\"@id\":\"https:\\\/\\\/wp.kristdemokraterna.se\\\/regionostergotland\\\/nyhetsbrev-vecka-6-7\\\/\"},\"wordCount\":1031,\"articleSection\":[\"Nyheter\"],\"inLanguage\":\"sv-SE\"},{\"@type\":\"WebPage\",\"@id\":\"https:\\\/\\\/wp.kristdemokraterna.se\\\/regionostergotland\\\/nyhetsbrev-vecka-6-7\\\/\",\"url\":\"https:\\\/\\\/wp.kristdemokraterna.se\\\/regionostergotland\\\/nyhetsbrev-vecka-6-7\\\/\",\"name\":\"Nyhetsbrev vecka 6 - i Region \u00d6sterg\u00f6tland\",\"isPartOf\":{\"@id\":\"https:\\\/\\\/wp.kristdemokraterna.se\\\/regionostergotland\\\/#website\"},\"datePublished\":\"2024-02-09T14:01:12+00:00\",\"author\":{\"@id\":\"https:\\\/\\\/wp.kristdemokraterna.se\\\/regionostergotland\\\/#\\\/schema\\\/person\\\/74c3c4f502fcc489722a7be0dfe0088c\"},\"breadcrumb\":{\"@id\":\"https:\\\/\\\/wp.kristdemokraterna.se\\\/regionostergotland\\\/nyhetsbrev-vecka-6-7\\\/#breadcrumb\"},\"inLanguage\":\"sv-SE\",\"potentialAction\":[{\"@type\":\"ReadAction\",\"target\":[\"https:\\\/\\\/wp.kristdemokraterna.se\\\/regionostergotland\\\/nyhetsbrev-vecka-6-7\\\/\"]}]},{\"@type\":\"BreadcrumbList\",\"@id\":\"https:\\\/\\\/wp.kristdemokraterna.se\\\/regionostergotland\\\/nyhetsbrev-vecka-6-7\\\/#breadcrumb\",\"itemListElement\":[{\"@type\":\"ListItem\",\"position\":1,\"name\":\"Hem\",\"item\":\"https:\\\/\\\/wp.kristdemokraterna.se\\\/regionostergotland\\\/\"},{\"@type\":\"ListItem\",\"position\":2,\"name\":\"Nyhetsbrev vecka 6\"}]},{\"@type\":\"WebSite\",\"@id\":\"https:\\\/\\\/wp.kristdemokraterna.se\\\/regionostergotland\\\/#website\",\"url\":\"https:\\\/\\\/wp.kristdemokraterna.se\\\/regionostergotland\\\/\",\"name\":\"i Region \u00d6sterg\u00f6tland\",\"description\":\"\",\"inLanguage\":\"sv-SE\"},{\"@type\":\"Person\",\"@id\":\"https:\\\/\\\/wp.kristdemokraterna.se\\\/regionostergotland\\\/#\\\/schema\\\/person\\\/74c3c4f502fcc489722a7be0dfe0088c\",\"name\":\"regionostergotland\",\"image\":{\"@type\":\"ImageObject\",\"inLanguage\":\"sv-SE\",\"@id\":\"https:\\\/\\\/secure.gravatar.com\\\/avatar\\\/8fb8f0a216e627554da57506bfaf78d677f45512f24f703e185ec701423b1e92?s=96&d=mm&r=g\",\"url\":\"https:\\\/\\\/secure.gravatar.com\\\/avatar\\\/8fb8f0a216e627554da57506bfaf78d677f45512f24f703e185ec701423b1e92?s=96&d=mm&r=g\",\"contentUrl\":\"https:\\\/\\\/secure.gravatar.com\\\/avatar\\\/8fb8f0a216e627554da57506bfaf78d677f45512f24f703e185ec701423b1e92?s=96&d=mm&r=g\",\"caption\":\"regionostergotland\"},\"url\":\"https:\\\/\\\/wp.kristdemokraterna.se\\\/regionostergotland\\\/author\\\/regionostergotland\\\/\"}]}<\/script>\n<!-- \/ Yoast SEO plugin. -->","yoast_head_json":{"title":"Nyhetsbrev vecka 6 - i Region \u00d6sterg\u00f6tland","robots":{"index":"index","follow":"follow","max-snippet":"max-snippet:-1","max-image-preview":"max-image-preview:large","max-video-preview":"max-video-preview:-1"},"canonical":"https:\/\/wp.kristdemokraterna.se\/regionostergotland\/nyhetsbrev-vecka-6-7\/","og_locale":"sv_SE","og_type":"article","og_title":"Nyhetsbrev vecka 6 - i Region \u00d6sterg\u00f6tland","og_description":"Hej! Den h\u00e4r veckan har onekligen bjudit p\u00e5 dramatiska f\u00f6r\u00e4ndringar p\u00e5 v\u00e4derfronten. I m\u00e5ndags tog jag en lunchpromenad i solskenet i Tr\u00e4dg\u00e5rdsf\u00f6reningen och hittade v\u00e5rtecken i form av sn\u00f6droppar. Och p\u00e5 tisdagen var det inte bara n\u00e5gra droppar sn\u00f6, och rej\u00e4la m\u00e4ngder som helt klar innebar en comeback f\u00f6r vintern. I regionpolitiken \u00e4r det ocks\u00e5 Read More","og_url":"https:\/\/wp.kristdemokraterna.se\/regionostergotland\/nyhetsbrev-vecka-6-7\/","og_site_name":"i Region \u00d6sterg\u00f6tland","article_published_time":"2024-02-09T14:01:12+00:00","og_image":[{"width":1024,"height":533,"url":"http:\/\/wp.kristdemokraterna.se\/regionostergotland\/files\/2024\/02\/bild-nyhetsbrev-2024-vecka-6-1024x533.jpg","type":"image\/jpeg"}],"author":"regionostergotland","twitter_card":"summary_large_image","twitter_misc":{"Skriven av":"regionostergotland","Ber\u00e4knad l\u00e4stid":"5 minuter"},"schema":{"@context":"https:\/\/schema.org","@graph":[{"@type":"Article","@id":"https:\/\/wp.kristdemokraterna.se\/regionostergotland\/nyhetsbrev-vecka-6-7\/#article","isPartOf":{"@id":"https:\/\/wp.kristdemokraterna.se\/regionostergotland\/nyhetsbrev-vecka-6-7\/"},"author":{"name":"regionostergotland","@id":"https:\/\/wp.kristdemokraterna.se\/regionostergotland\/#\/schema\/person\/74c3c4f502fcc489722a7be0dfe0088c"},"headline":"Nyhetsbrev vecka 6","datePublished":"2024-02-09T14:01:12+00:00","mainEntityOfPage":{"@id":"https:\/\/wp.kristdemokraterna.se\/regionostergotland\/nyhetsbrev-vecka-6-7\/"},"wordCount":1031,"articleSection":["Nyheter"],"inLanguage":"sv-SE"},{"@type":"WebPage","@id":"https:\/\/wp.kristdemokraterna.se\/regionostergotland\/nyhetsbrev-vecka-6-7\/","url":"https:\/\/wp.kristdemokraterna.se\/regionostergotland\/nyhetsbrev-vecka-6-7\/","name":"Nyhetsbrev vecka 6 - i Region \u00d6sterg\u00f6tland","isPartOf":{"@id":"https:\/\/wp.kristdemokraterna.se\/regionostergotland\/#website"},"datePublished":"2024-02-09T14:01:12+00:00","author":{"@id":"https:\/\/wp.kristdemokraterna.se\/regionostergotland\/#\/schema\/person\/74c3c4f502fcc489722a7be0dfe0088c"},"breadcrumb":{"@id":"https:\/\/wp.kristdemokraterna.se\/regionostergotland\/nyhetsbrev-vecka-6-7\/#breadcrumb"},"inLanguage":"sv-SE","potentialAction":[{"@type":"ReadAction","target":["https:\/\/wp.kristdemokraterna.se\/regionostergotland\/nyhetsbrev-vecka-6-7\/"]}]},{"@type":"BreadcrumbList","@id":"https:\/\/wp.kristdemokraterna.se\/regionostergotland\/nyhetsbrev-vecka-6-7\/#breadcrumb","itemListElement":[{"@type":"ListItem","position":1,"name":"Hem","item":"https:\/\/wp.kristdemokraterna.se\/regionostergotland\/"},{"@type":"ListItem","position":2,"name":"Nyhetsbrev vecka 6"}]},{"@type":"WebSite","@id":"https:\/\/wp.kristdemokraterna.se\/regionostergotland\/#website","url":"https:\/\/wp.kristdemokraterna.se\/regionostergotland\/","name":"i Region \u00d6sterg\u00f6tland","description":"","inLanguage":"sv-SE"},{"@type":"Person","@id":"https:\/\/wp.kristdemokraterna.se\/regionostergotland\/#\/schema\/person\/74c3c4f502fcc489722a7be0dfe0088c","name":"regionostergotland","image":{"@type":"ImageObject","inLanguage":"sv-SE","@id":"https:\/\/secure.gravatar.com\/avatar\/8fb8f0a216e627554da57506bfaf78d677f45512f24f703e185ec701423b1e92?s=96&d=mm&r=g","url":"https:\/\/secure.gravatar.com\/avatar\/8fb8f0a216e627554da57506bfaf78d677f45512f24f703e185ec701423b1e92?s=96&d=mm&r=g","contentUrl":"https:\/\/secure.gravatar.com\/avatar\/8fb8f0a216e627554da57506bfaf78d677f45512f24f703e185ec701423b1e92?s=96&d=mm&r=g","caption":"regionostergotland"},"url":"https:\/\/wp.kristdemokraterna.se\/regionostergotland\/author\/regionostergotland\/"}]}},"_links":{"self":[{"href":"https:\/\/wp.kristdemokraterna.se\/regionostergotland\/wp-json\/wp\/v2\/posts\/2240","targetHints":{"allow":["GET"]}}],"collection":[{"href":"https:\/\/wp.kristdemokraterna.se\/regionostergotland\/wp-json\/wp\/v2\/posts"}],"about":[{"href":"https:\/\/wp.kristdemokraterna.se\/regionostergotland\/wp-json\/wp\/v2\/types\/post"}],"author":[{"embeddable":true,"href":"https:\/\/wp.kristdemokraterna.se\/regionostergotland\/wp-json\/wp\/v2\/users\/737"}],"replies":[{"embeddable":true,"href":"https:\/\/wp.kristdemokraterna.se\/regionostergotland\/wp-json\/wp\/v2\/comments?post=2240"}],"version-history":[{"count":1,"href":"https:\/\/wp.kristdemokraterna.se\/regionostergotland\/wp-json\/wp\/v2\/posts\/2240\/revisions"}],"predecessor-version":[{"id":2242,"href":"https:\/\/wp.kristdemokraterna.se\/regionostergotland\/wp-json\/wp\/v2\/posts\/2240\/revisions\/2242"}],"wp:attachment":[{"href":"https:\/\/wp.kristdemokraterna.se\/regionostergotland\/wp-json\/wp\/v2\/media?parent=2240"}],"wp:term":[{"taxonomy":"category","embeddable":true,"href":"https:\/\/wp.kristdemokraterna.se\/regionostergotland\/wp-json\/wp\/v2\/categories?post=2240"},{"taxonomy":"post_tag","embeddable":true,"href":"https:\/\/wp.kristdemokraterna.se\/regionostergotland\/wp-json\/wp\/v2\/tags?post=2240"}],"curies":[{"name":"wp","href":"https:\/\/api.w.org\/{rel}","templated":true}]}}