{"id":2246,"date":"2024-02-23T15:58:18","date_gmt":"2024-02-23T14:58:18","guid":{"rendered":"https:\/\/wp.kristdemokraterna.se\/regionostergotland\/?p=2246"},"modified":"2024-02-23T15:58:18","modified_gmt":"2024-02-23T14:58:18","slug":"nyhetsbrev-vecka-8-8","status":"publish","type":"post","link":"https:\/\/wp.kristdemokraterna.se\/regionostergotland\/nyhetsbrev-vecka-8-8\/","title":{"rendered":"Nyhetsbrev vecka 8"},"content":{"rendered":"<p>Hej!<\/p>\n<p>Det \u00e4r fredag i sportlovsveckan, och \u00e4ven om det f\u00f6r min del har varit flera m\u00f6ten och arbetsuppgifter under veckan, har det helt klart varit lite lugnare \u00e4n vanligt p\u00e5 m\u00f6tesfronten. N\u00e5gra nedslag i det som har h\u00e4nt och skett i veckan, kommer h\u00e4r som vanligt i nyhetsbrevet. Trevlig l\u00e4sning!<!--more--><\/p>\n<p><strong>M\u00e5ndagsm\u00f6te med fokus p\u00e5 budgetprocess och reglemente<\/strong><br \/>\nM\u00e5ndagsm\u00f6tet med ledningen f\u00f6r \u00d6stg\u00f6tasamverkan hade inte tagit sportlov, utan vi samlades som vanligt med en inneh\u00e5llsrik dagordning. Tv\u00e5 fr\u00e5gor som vi beh\u00f6vde \u00e4gna lite extra tid \u00e5t denna g\u00e5ng, \u00e4r v\u00e5rens process att ta fram f\u00f6rslag till tre\u00e5rsbudget f\u00f6r regionen 2025-2027 och uppdatering av regionens reglemente, f\u00f6r att skapa st\u00f6rre tydlighet n\u00e4r det g\u00e4ller regionens styrning.<\/p>\n<p><strong>Sammantr\u00e4de med beredningen f\u00f6r kultur och friluftsliv<\/strong><br \/>\nI tisdags f\u00f6rmiddag h\u00f6lls \u00e5rets f\u00f6rsta sammantr\u00e4de med regionutvecklingsn\u00e4mndens beredning f\u00f6r kultur och friluftsliv. P\u00e5 dagordningen stod bl.a. genomg\u00e5ng av f\u00f6rslag till kvalitetsstandard f\u00f6r \u00d6stg\u00f6taleden med f\u00f6rslag till ny utformning av avtal mellan region och kommun n\u00e4r det g\u00e4ller leden. Anne Heder\u00e9n och Marie Landh, som \u00e4r ansvariga tj\u00e4nstepersoner, f\u00f6redrog f\u00f6rslaget och ber\u00e4ttade om processen att ta fram kvalitetsstandarden, som slutligt ska beslutas i regionutvecklingsn\u00e4mnden i maj. Beredningen fick ocks\u00e5 f\u00f6redragning av f\u00f6rslag till regionens remissvar p\u00e5 kultursamverkansutredningen och en introduktion till beredningens uppdrag att utreda m\u00f6jligheten att bredda deltagandet i kultur i \u00e4ldreomsorgen med digitala kulturupplevelser.<\/p>\n<p><strong>M\u00f6te mellan regiongruppledare och sjukv\u00e5rdsministern<\/strong><br \/>\nI g\u00e5r torsdag b\u00f6rjade dagen med digitalt m\u00f6te mellan Kristdemokraternas regiongruppledare runt om i landet och sjukv\u00e5rdsminister Acko Ankarberg Johansson. Aktuella fr\u00e5gor inom ministerns ansvarsomr\u00e5de och inspel och fr\u00e5gor fr\u00e5n regionf\u00f6retr\u00e4darna, inte minst n\u00e4r det g\u00e4ller regionernas ekonomiska l\u00e4ge, men \u00e4ven h\u00f6gaktuella beredskapsfr\u00e5gor, vidareutveckling av cancerstrategin och kliniska pr\u00f6vningar.<\/p>\n<p><strong>M\u00f6te mellan regionutvecklingsn\u00e4mnden och regionens revisorer<\/strong><br \/>\nTorsdagsf\u00f6rmiddagen fortsatte med \u00e5rets f\u00f6rsta dialogm\u00f6te mellan regionutvecklingsn\u00e4mnden och regionens revisorer. Revisorerna tr\u00e4ffar n\u00e4mndens presidium och en f\u00f6retr\u00e4dare f\u00f6r varje parti i n\u00e4mnden tv\u00e5 g\u00e5nger om \u00e5ret, p\u00e5 v\u00e5ren framf\u00f6rallt med koppling till \u00e5rsredovisningen f\u00f6r det g\u00e5ngna \u00e5ret. Det brukar vara bra samtal, d\u00e4r b\u00e5de vi i n\u00e4mnden och revisorerna kan ge varandra bra information och medskick till det fortsatta arbetet.<\/p>\n<p><strong>Dialog med koncernledningen f\u00f6r Almi AB<\/strong><br \/>\nI g\u00e5r torsdag vid lunchtid styrdes kosan mot Stockholm f\u00f6r ett par dagar med olika m\u00f6ten. F\u00f6rst ut var dialog mellan f\u00f6retr\u00e4dare f\u00f6r landets regioner och koncernledningen f\u00f6r Almi AB. De 21 regionerna i Sverige \u00e4r del\u00e4gare i de regionala dotterbolagen till Almi, t.ex. \u00e4ger Region \u00d6sterg\u00f6tland 49 procent av Almi F\u00f6retagspartner \u00d6sterg\u00f6tland AB. Och genom Almis arbete med s\u00e5v\u00e4l r\u00e5dgivning som utl\u00e5ning till nya och befintliga sm\u00e5 och medelstora f\u00f6retag, blir det regionala dotterbolaget ett av regionens viktigaste tillv\u00e4xtverktyg och en betydelsefull samarbetspartner i flera sammanhang. Moderbolaget Almi AB har initierat en \u00f6versyn av hela koncernens struktur, och presentation av det arbetet och m\u00f6jlighet till synpunkter fr\u00e5n oss regionala f\u00f6retr\u00e4dare stod p\u00e5 dagordningen f\u00f6r g\u00e5rdagens m\u00f6te. Med tanke p\u00e5 Almis viktiga roll regionalt, \u00e4r det f\u00f6rst\u00e5s mycket v\u00e4sentligt f\u00f6r regionerna med dialog.<\/p>\n<p><strong>Politikerforum &#8211; dialog med regeringen om regionala utvecklingsfr\u00e5gor<\/strong><br \/>\nTorsdag och fredag har ocks\u00e5 \u00e5rets f\u00f6rsta sammantr\u00e4desdagar f\u00f6r Politikerforum g\u00e5tt av stapeln. Forumet \u00e4r regionernas dialog med regeringen om regionala utvecklingsfr\u00e5gor, och sker fyra g\u00e5nger om \u00e5ret. P\u00e5 torsdagseftermiddagen samlas regionerna i SKR:s (Sveriges Kommuner och Regioner) regi f\u00f6r ett f\u00f6rm\u00f6te inf\u00f6r fredagens heldagsm\u00f6te, som \u00e4r sj\u00e4lva forumet p\u00e5 regeringskansliet. Forumet leds av Dan Ericsson (KD) i sin roll som statssekreterare p\u00e5 Landsbygds- och Infrastrukturdepartementet. P\u00e5 dagordningen f\u00f6r detta Politikerforum, var bl.a. Sveriges arbete med EU:s framtid, Produktivitetskommitt\u00e9n, Strategi f\u00f6r Sveriges utrikeshandel, investeringar och globala konkurrenskraft, regeringens klimathandlingsplan, EU:s sammanh\u00e5llningspolitik och den kommande statliga utredningen av den regionala utvecklingspolitiken och landsbygdspolitiken. Flera intressanta f\u00f6redragningar och bra diskussioner!<\/p>\n<p>D\u00e5 n\u00e4rmar sig helgen och lite helgledigt. Jag hoppas att ni alla f\u00e5r en riktigt trevlig helg!<\/p>\n<p>Med v\u00e4nlig h\u00e4lsning<br \/>\nPer Larsson<br \/>\nRegionr\u00e5d &#8211; Ordf\u00f6rande i Regionutvecklingsn\u00e4mnden<br \/>\nGruppledare f\u00f6r Kristdemokraterna i Region \u00d6sterg\u00f6tland<br \/>\ntfn 010-103 72 84 (arb)<br \/>\ntfn 0702-88 21 34 (mobil)<br \/>\nper.larsson@regionostergotland.se<\/p>\n<p>&nbsp;<\/p>\n","protected":false},"excerpt":{"rendered":"<p>Hej! Det \u00e4r fredag i sportlovsveckan, och \u00e4ven om det f\u00f6r min del har varit flera m\u00f6ten och arbetsuppgifter under veckan, har det helt klart varit lite lugnare \u00e4n vanligt p\u00e5 m\u00f6tesfronten. N\u00e5gra nedslag i det som har h\u00e4nt och skett i veckan, kommer h\u00e4r som vanligt i nyhetsbrevet. Trevlig l\u00e4sning!<\/p>\n","protected":false},"author":737,"featured_media":0,"comment_status":"closed","ping_status":"closed","sticky":false,"template":"","format":"standard","meta":{"_acf_changed":false,"footnotes":""},"categories":[1],"tags":[],"class_list":["post-2246","post","type-post","status-publish","format-standard","hentry","category-nyheter"],"acf":[],"yoast_head":"<!-- This site is optimized with the Yoast SEO plugin v27.5 - https:\/\/yoast.com\/product\/yoast-seo-wordpress\/ -->\n<title>Nyhetsbrev vecka 8 - i Region \u00d6sterg\u00f6tland<\/title>\n<meta name=\"robots\" content=\"index, follow, max-snippet:-1, max-image-preview:large, max-video-preview:-1\" \/>\n<link rel=\"canonical\" href=\"https:\/\/wp.kristdemokraterna.se\/regionostergotland\/nyhetsbrev-vecka-8-8\/\" \/>\n<meta property=\"og:locale\" content=\"sv_SE\" \/>\n<meta property=\"og:type\" content=\"article\" \/>\n<meta property=\"og:title\" content=\"Nyhetsbrev vecka 8 - i Region \u00d6sterg\u00f6tland\" \/>\n<meta property=\"og:description\" content=\"Hej! Det \u00e4r fredag i sportlovsveckan, och \u00e4ven om det f\u00f6r min del har varit flera m\u00f6ten och arbetsuppgifter under veckan, har det helt klart varit lite lugnare \u00e4n vanligt p\u00e5 m\u00f6tesfronten. N\u00e5gra nedslag i det som har h\u00e4nt och skett i veckan, kommer h\u00e4r som vanligt i nyhetsbrevet. Trevlig l\u00e4sning!\" \/>\n<meta property=\"og:url\" content=\"https:\/\/wp.kristdemokraterna.se\/regionostergotland\/nyhetsbrev-vecka-8-8\/\" \/>\n<meta property=\"og:site_name\" content=\"i Region \u00d6sterg\u00f6tland\" \/>\n<meta property=\"article:published_time\" content=\"2024-02-23T14:58:18+00:00\" \/>\n<meta property=\"og:image\" content=\"http:\/\/wp.kristdemokraterna.se\/regionostergotland\/files\/2024\/02\/bild-nyhetsbrev-2024-vecka-8-1024x533.jpg\" \/>\n\t<meta property=\"og:image:width\" content=\"1024\" \/>\n\t<meta property=\"og:image:height\" content=\"533\" \/>\n\t<meta property=\"og:image:type\" content=\"image\/jpeg\" \/>\n<meta name=\"author\" content=\"regionostergotland\" \/>\n<meta name=\"twitter:card\" content=\"summary_large_image\" \/>\n<meta name=\"twitter:label1\" content=\"Skriven av\" \/>\n\t<meta name=\"twitter:data1\" content=\"regionostergotland\" \/>\n\t<meta name=\"twitter:label2\" content=\"Ber\u00e4knad l\u00e4stid\" \/>\n\t<meta name=\"twitter:data2\" content=\"4 minuter\" \/>\n<script type=\"application\/ld+json\" class=\"yoast-schema-graph\">{\"@context\":\"https:\\\/\\\/schema.org\",\"@graph\":[{\"@type\":\"Article\",\"@id\":\"https:\\\/\\\/wp.kristdemokraterna.se\\\/regionostergotland\\\/nyhetsbrev-vecka-8-8\\\/#article\",\"isPartOf\":{\"@id\":\"https:\\\/\\\/wp.kristdemokraterna.se\\\/regionostergotland\\\/nyhetsbrev-vecka-8-8\\\/\"},\"author\":{\"name\":\"regionostergotland\",\"@id\":\"https:\\\/\\\/wp.kristdemokraterna.se\\\/regionostergotland\\\/#\\\/schema\\\/person\\\/74c3c4f502fcc489722a7be0dfe0088c\"},\"headline\":\"Nyhetsbrev vecka 8\",\"datePublished\":\"2024-02-23T14:58:18+00:00\",\"mainEntityOfPage\":{\"@id\":\"https:\\\/\\\/wp.kristdemokraterna.se\\\/regionostergotland\\\/nyhetsbrev-vecka-8-8\\\/\"},\"wordCount\":789,\"articleSection\":[\"Nyheter\"],\"inLanguage\":\"sv-SE\"},{\"@type\":\"WebPage\",\"@id\":\"https:\\\/\\\/wp.kristdemokraterna.se\\\/regionostergotland\\\/nyhetsbrev-vecka-8-8\\\/\",\"url\":\"https:\\\/\\\/wp.kristdemokraterna.se\\\/regionostergotland\\\/nyhetsbrev-vecka-8-8\\\/\",\"name\":\"Nyhetsbrev vecka 8 - i Region \u00d6sterg\u00f6tland\",\"isPartOf\":{\"@id\":\"https:\\\/\\\/wp.kristdemokraterna.se\\\/regionostergotland\\\/#website\"},\"datePublished\":\"2024-02-23T14:58:18+00:00\",\"author\":{\"@id\":\"https:\\\/\\\/wp.kristdemokraterna.se\\\/regionostergotland\\\/#\\\/schema\\\/person\\\/74c3c4f502fcc489722a7be0dfe0088c\"},\"breadcrumb\":{\"@id\":\"https:\\\/\\\/wp.kristdemokraterna.se\\\/regionostergotland\\\/nyhetsbrev-vecka-8-8\\\/#breadcrumb\"},\"inLanguage\":\"sv-SE\",\"potentialAction\":[{\"@type\":\"ReadAction\",\"target\":[\"https:\\\/\\\/wp.kristdemokraterna.se\\\/regionostergotland\\\/nyhetsbrev-vecka-8-8\\\/\"]}]},{\"@type\":\"BreadcrumbList\",\"@id\":\"https:\\\/\\\/wp.kristdemokraterna.se\\\/regionostergotland\\\/nyhetsbrev-vecka-8-8\\\/#breadcrumb\",\"itemListElement\":[{\"@type\":\"ListItem\",\"position\":1,\"name\":\"Hem\",\"item\":\"https:\\\/\\\/wp.kristdemokraterna.se\\\/regionostergotland\\\/\"},{\"@type\":\"ListItem\",\"position\":2,\"name\":\"Nyhetsbrev vecka 8\"}]},{\"@type\":\"WebSite\",\"@id\":\"https:\\\/\\\/wp.kristdemokraterna.se\\\/regionostergotland\\\/#website\",\"url\":\"https:\\\/\\\/wp.kristdemokraterna.se\\\/regionostergotland\\\/\",\"name\":\"i Region \u00d6sterg\u00f6tland\",\"description\":\"\",\"inLanguage\":\"sv-SE\"},{\"@type\":\"Person\",\"@id\":\"https:\\\/\\\/wp.kristdemokraterna.se\\\/regionostergotland\\\/#\\\/schema\\\/person\\\/74c3c4f502fcc489722a7be0dfe0088c\",\"name\":\"regionostergotland\",\"image\":{\"@type\":\"ImageObject\",\"inLanguage\":\"sv-SE\",\"@id\":\"https:\\\/\\\/secure.gravatar.com\\\/avatar\\\/8fb8f0a216e627554da57506bfaf78d677f45512f24f703e185ec701423b1e92?s=96&d=mm&r=g\",\"url\":\"https:\\\/\\\/secure.gravatar.com\\\/avatar\\\/8fb8f0a216e627554da57506bfaf78d677f45512f24f703e185ec701423b1e92?s=96&d=mm&r=g\",\"contentUrl\":\"https:\\\/\\\/secure.gravatar.com\\\/avatar\\\/8fb8f0a216e627554da57506bfaf78d677f45512f24f703e185ec701423b1e92?s=96&d=mm&r=g\",\"caption\":\"regionostergotland\"},\"url\":\"https:\\\/\\\/wp.kristdemokraterna.se\\\/regionostergotland\\\/author\\\/regionostergotland\\\/\"}]}<\/script>\n<!-- \/ Yoast SEO plugin. -->","yoast_head_json":{"title":"Nyhetsbrev vecka 8 - i Region \u00d6sterg\u00f6tland","robots":{"index":"index","follow":"follow","max-snippet":"max-snippet:-1","max-image-preview":"max-image-preview:large","max-video-preview":"max-video-preview:-1"},"canonical":"https:\/\/wp.kristdemokraterna.se\/regionostergotland\/nyhetsbrev-vecka-8-8\/","og_locale":"sv_SE","og_type":"article","og_title":"Nyhetsbrev vecka 8 - i Region \u00d6sterg\u00f6tland","og_description":"Hej! Det \u00e4r fredag i sportlovsveckan, och \u00e4ven om det f\u00f6r min del har varit flera m\u00f6ten och arbetsuppgifter under veckan, har det helt klart varit lite lugnare \u00e4n vanligt p\u00e5 m\u00f6tesfronten. N\u00e5gra nedslag i det som har h\u00e4nt och skett i veckan, kommer h\u00e4r som vanligt i nyhetsbrevet. Trevlig l\u00e4sning!","og_url":"https:\/\/wp.kristdemokraterna.se\/regionostergotland\/nyhetsbrev-vecka-8-8\/","og_site_name":"i Region \u00d6sterg\u00f6tland","article_published_time":"2024-02-23T14:58:18+00:00","og_image":[{"width":1024,"height":533,"url":"http:\/\/wp.kristdemokraterna.se\/regionostergotland\/files\/2024\/02\/bild-nyhetsbrev-2024-vecka-8-1024x533.jpg","type":"image\/jpeg"}],"author":"regionostergotland","twitter_card":"summary_large_image","twitter_misc":{"Skriven av":"regionostergotland","Ber\u00e4knad l\u00e4stid":"4 minuter"},"schema":{"@context":"https:\/\/schema.org","@graph":[{"@type":"Article","@id":"https:\/\/wp.kristdemokraterna.se\/regionostergotland\/nyhetsbrev-vecka-8-8\/#article","isPartOf":{"@id":"https:\/\/wp.kristdemokraterna.se\/regionostergotland\/nyhetsbrev-vecka-8-8\/"},"author":{"name":"regionostergotland","@id":"https:\/\/wp.kristdemokraterna.se\/regionostergotland\/#\/schema\/person\/74c3c4f502fcc489722a7be0dfe0088c"},"headline":"Nyhetsbrev vecka 8","datePublished":"2024-02-23T14:58:18+00:00","mainEntityOfPage":{"@id":"https:\/\/wp.kristdemokraterna.se\/regionostergotland\/nyhetsbrev-vecka-8-8\/"},"wordCount":789,"articleSection":["Nyheter"],"inLanguage":"sv-SE"},{"@type":"WebPage","@id":"https:\/\/wp.kristdemokraterna.se\/regionostergotland\/nyhetsbrev-vecka-8-8\/","url":"https:\/\/wp.kristdemokraterna.se\/regionostergotland\/nyhetsbrev-vecka-8-8\/","name":"Nyhetsbrev vecka 8 - i Region \u00d6sterg\u00f6tland","isPartOf":{"@id":"https:\/\/wp.kristdemokraterna.se\/regionostergotland\/#website"},"datePublished":"2024-02-23T14:58:18+00:00","author":{"@id":"https:\/\/wp.kristdemokraterna.se\/regionostergotland\/#\/schema\/person\/74c3c4f502fcc489722a7be0dfe0088c"},"breadcrumb":{"@id":"https:\/\/wp.kristdemokraterna.se\/regionostergotland\/nyhetsbrev-vecka-8-8\/#breadcrumb"},"inLanguage":"sv-SE","potentialAction":[{"@type":"ReadAction","target":["https:\/\/wp.kristdemokraterna.se\/regionostergotland\/nyhetsbrev-vecka-8-8\/"]}]},{"@type":"BreadcrumbList","@id":"https:\/\/wp.kristdemokraterna.se\/regionostergotland\/nyhetsbrev-vecka-8-8\/#breadcrumb","itemListElement":[{"@type":"ListItem","position":1,"name":"Hem","item":"https:\/\/wp.kristdemokraterna.se\/regionostergotland\/"},{"@type":"ListItem","position":2,"name":"Nyhetsbrev vecka 8"}]},{"@type":"WebSite","@id":"https:\/\/wp.kristdemokraterna.se\/regionostergotland\/#website","url":"https:\/\/wp.kristdemokraterna.se\/regionostergotland\/","name":"i Region \u00d6sterg\u00f6tland","description":"","inLanguage":"sv-SE"},{"@type":"Person","@id":"https:\/\/wp.kristdemokraterna.se\/regionostergotland\/#\/schema\/person\/74c3c4f502fcc489722a7be0dfe0088c","name":"regionostergotland","image":{"@type":"ImageObject","inLanguage":"sv-SE","@id":"https:\/\/secure.gravatar.com\/avatar\/8fb8f0a216e627554da57506bfaf78d677f45512f24f703e185ec701423b1e92?s=96&d=mm&r=g","url":"https:\/\/secure.gravatar.com\/avatar\/8fb8f0a216e627554da57506bfaf78d677f45512f24f703e185ec701423b1e92?s=96&d=mm&r=g","contentUrl":"https:\/\/secure.gravatar.com\/avatar\/8fb8f0a216e627554da57506bfaf78d677f45512f24f703e185ec701423b1e92?s=96&d=mm&r=g","caption":"regionostergotland"},"url":"https:\/\/wp.kristdemokraterna.se\/regionostergotland\/author\/regionostergotland\/"}]}},"_links":{"self":[{"href":"https:\/\/wp.kristdemokraterna.se\/regionostergotland\/wp-json\/wp\/v2\/posts\/2246","targetHints":{"allow":["GET"]}}],"collection":[{"href":"https:\/\/wp.kristdemokraterna.se\/regionostergotland\/wp-json\/wp\/v2\/posts"}],"about":[{"href":"https:\/\/wp.kristdemokraterna.se\/regionostergotland\/wp-json\/wp\/v2\/types\/post"}],"author":[{"embeddable":true,"href":"https:\/\/wp.kristdemokraterna.se\/regionostergotland\/wp-json\/wp\/v2\/users\/737"}],"replies":[{"embeddable":true,"href":"https:\/\/wp.kristdemokraterna.se\/regionostergotland\/wp-json\/wp\/v2\/comments?post=2246"}],"version-history":[{"count":1,"href":"https:\/\/wp.kristdemokraterna.se\/regionostergotland\/wp-json\/wp\/v2\/posts\/2246\/revisions"}],"predecessor-version":[{"id":2248,"href":"https:\/\/wp.kristdemokraterna.se\/regionostergotland\/wp-json\/wp\/v2\/posts\/2246\/revisions\/2248"}],"wp:attachment":[{"href":"https:\/\/wp.kristdemokraterna.se\/regionostergotland\/wp-json\/wp\/v2\/media?parent=2246"}],"wp:term":[{"taxonomy":"category","embeddable":true,"href":"https:\/\/wp.kristdemokraterna.se\/regionostergotland\/wp-json\/wp\/v2\/categories?post=2246"},{"taxonomy":"post_tag","embeddable":true,"href":"https:\/\/wp.kristdemokraterna.se\/regionostergotland\/wp-json\/wp\/v2\/tags?post=2246"}],"curies":[{"name":"wp","href":"https:\/\/api.w.org\/{rel}","templated":true}]}}