{"id":2264,"date":"2024-04-05T16:32:42","date_gmt":"2024-04-05T14:32:42","guid":{"rendered":"https:\/\/wp.kristdemokraterna.se\/regionostergotland\/?p=2264"},"modified":"2024-04-05T16:32:42","modified_gmt":"2024-04-05T14:32:42","slug":"nyhetsbrev-vecka-14-7","status":"publish","type":"post","link":"https:\/\/wp.kristdemokraterna.se\/regionostergotland\/nyhetsbrev-vecka-14-7\/","title":{"rendered":"Nyhetsbrev vecka 14"},"content":{"rendered":"<p>Hej!<\/p>\n<p>Denna vecka har m\u00e5nga barn och unga haft p\u00e5sklov fr\u00e5n skolan. En lovvecka inneb\u00e4r oftast att det inte planeras in n\u00e5gra ordinarie politiska m\u00f6ten i regionen, som fullm\u00e4ktige, n\u00e4mnder och beredningar. Eftersom veckan dessutom b\u00f6rjade med helgdagen Annandag P\u00e5sk, har den kortare fyradagarsveckan varit ovanligt lugn och inte s\u00e5 m\u00e5nga inbokade m\u00f6ten som en vanlig vecka. Det ger dock m\u00f6jlighet att hinna med en del kontorsarbete, vilket inte \u00e4r fel! N\u00e5gra m\u00f6ten och aktiviteter har dock hunnits med, och en kort rekapitulering av dem kommer h\u00e4r i veckans nyhetsbrev. Trevlig l\u00e4sning!<!--more--><\/p>\n<p><strong>Debattartikel om att lokala livsmedel ska prioriteras<\/strong><br \/>\nI veckan har vi fr\u00e5n \u00d6stg\u00f6tasamverkan haft debattartiklar i n\u00e5gra tidningar i l\u00e4net, om att lokalproducerade livsmedel ska prioriteras i Region \u00d6sterg\u00f6tlands omfattande ink\u00f6p av livsmedel till v\u00e5ra verksamheter, inte minst de tre sjukhusen. Efter ett beslut under f\u00f6reg\u00e5ende mandatperiod har det funnits ett krav p\u00e5 att 50 procent av livsmedelsink\u00f6pen ska vara ekologiska, vilket har f\u00f6rsv\u00e5rat m\u00f6jligheten att k\u00f6pa lokalproducerat, har f\u00f6rdyrat kostnaderna och ocks\u00e5 i f\u00f6rl\u00e4ngningen verkar negativt p\u00e5 beredskapsperspektivet. D\u00e4rf\u00f6r l\u00e4gger vi nu fram beslut med borttagande av kravet p\u00e5 50 procent ekologiskt, f\u00f6r att kunna prioritera lokala livsmedel fram\u00e5t. Du kan l\u00e4sa debattartikeln som publicerats i bl.a. Corren, h\u00e4r: (<a href=\"https:\/\/corren.se\/debatt\/artikel\/styret-lokala-livsmedel-ska-prioriteras\/r2d0p03j\" target=\"_blank\" rel=\"noopener\">https:\/\/corren.se\/debatt\/artikel\/styret-lokala-livsmedel-ska-prioriteras\/r2d0p03j<\/a>)<\/p>\n<p><strong>M\u00f6te om kollektivtrafik i sk\u00e4rg\u00e5rden<\/strong><br \/>\nI onsdags tr\u00e4ffade jag och Anette Olsson (M), f\u00f6rste vice ordf\u00f6rande i trafik- och samh\u00e4llsplaneringsn\u00e4mnden, en entrepren\u00f6r verksam i den \u00f6stg\u00f6tska sk\u00e4rg\u00e5rden, f\u00f6r att dels lyssna in tankar och f\u00f6rslag kring utvecklingen av kollektivtrafik i sk\u00e4rg\u00e5rden, dels, s\u00e4rskilt Anette, kunna ber\u00e4tta vilka processer som just nu p\u00e5g\u00e5r kring utveckling av sk\u00e4rg\u00e5rdstrafiken. Alltid bra och viktigt att m\u00f6ta m\u00e4nniskor som bor och verkar inom olika delar av \u00d6sterg\u00f6tland.<\/p>\n<p><strong>M\u00f6te om utveckling av Barnkultur \u00d6st<\/strong><br \/>\nI dag p\u00e5 f\u00f6rmiddagen, hade jag tillsammans med Anna Nilsson (M), f\u00f6rste vice ordf\u00f6rande i regionutvecklingsn\u00e4mnden och Anna Drake (L), politisk sekreterare och ledamot i regionutvecklingsn\u00e4mnden, ett m\u00f6te med representanter f\u00f6r regionens kulturenhet, f\u00f6r att diskutera tankar kring utveckling av arbetet med Barnkultur \u00d6st. Att n\u00e5 med kultur till barn och unga i \u00d6sterg\u00f6tland \u00e4r helt klart ett prioriterat omr\u00e5de, och det \u00e4r intressant att diskutera vilka v\u00e4gar som finns f\u00f6r att utveckla omr\u00e5det fram\u00e5t!<\/p>\n<p><strong>M\u00f6te med Trafikverket<\/strong><br \/>\nIdag p\u00e5 eftermiddagen hade n\u00e5gra representanter fr\u00e5n Kristdemokraternas regiongrupp ett m\u00f6te med Jonas Bruce fr\u00e5n Trafikverkets kontor i Link\u00f6ping. Hans enhet ansvarar bl.a. f\u00f6r j\u00e4rnv\u00e4gen p\u00e5 St\u00e5ng\u00e5dalsbanan och Tjustbanan, och med tanke p\u00e5 det uppdrag i \u00d6stg\u00f6tasamverkans budget b\u00e5de f\u00f6r f\u00f6rra \u00e5ret och innevarande \u00e5r som handlar om utveckling av t\u00e5gtrafiken p\u00e5 St\u00e5ng\u00e5dalsbanan och om att verka f\u00f6r ett t\u00e5gstopp i Sturefors, var det intressant att f\u00e5 kunskap och information om hur Trafikverkets ansvar ser ut och hur de arbetar med t.ex. upprustning av banorna. Stort tack f\u00f6r att vi fick m\u00f6jlighet att m\u00f6tas och ut\u00f6ka v\u00e5r kunskap!<\/p>\n<p>Nu n\u00e4rmar sig helgen och jag hoppas att ni alla f\u00e5r en riktigt fin helg, med kanske lite mer v\u00e5rv\u00e4der \u00e4n vad den g\u00e5ngna veckan bjudit p\u00e5!<\/p>\n<p>Med v\u00e4nlig h\u00e4lsning<br \/>\nPer Larsson<br \/>\nRegionr\u00e5d &#8211; Ordf\u00f6rande i Regionutvecklingsn\u00e4mnden<br \/>\nGruppledare f\u00f6r Kristdemokraterna i Region \u00d6sterg\u00f6tland<br \/>\ntfn 010-103 72 84 (arb)<br \/>\ntfn 0702-88 21 34 (mobil)<br \/>\nper.larsson@regionostergotland.se<\/p>\n<p>&nbsp;<\/p>\n","protected":false},"excerpt":{"rendered":"<p>Hej! Denna vecka har m\u00e5nga barn och unga haft p\u00e5sklov fr\u00e5n skolan. En lovvecka inneb\u00e4r oftast att det inte planeras in n\u00e5gra ordinarie politiska m\u00f6ten i regionen, som fullm\u00e4ktige, n\u00e4mnder och beredningar. Eftersom veckan dessutom b\u00f6rjade med helgdagen Annandag P\u00e5sk, har den kortare fyradagarsveckan varit ovanligt lugn och inte s\u00e5 m\u00e5nga inbokade m\u00f6ten som en <a class=\"read-more-link\" href=\"https:\/\/wp.kristdemokraterna.se\/regionostergotland\/nyhetsbrev-vecka-14-7\/\">Read More<\/a><\/p>\n","protected":false},"author":737,"featured_media":0,"comment_status":"closed","ping_status":"closed","sticky":false,"template":"","format":"standard","meta":{"_acf_changed":false,"footnotes":""},"categories":[1],"tags":[],"class_list":["post-2264","post","type-post","status-publish","format-standard","hentry","category-nyheter"],"acf":[],"yoast_head":"<!-- This site is optimized with the Yoast SEO plugin v27.5 - https:\/\/yoast.com\/product\/yoast-seo-wordpress\/ -->\n<title>Nyhetsbrev vecka 14 - i Region \u00d6sterg\u00f6tland<\/title>\n<meta name=\"robots\" content=\"index, follow, max-snippet:-1, max-image-preview:large, max-video-preview:-1\" \/>\n<link rel=\"canonical\" href=\"https:\/\/wp.kristdemokraterna.se\/regionostergotland\/nyhetsbrev-vecka-14-7\/\" \/>\n<meta property=\"og:locale\" content=\"sv_SE\" \/>\n<meta property=\"og:type\" content=\"article\" \/>\n<meta property=\"og:title\" content=\"Nyhetsbrev vecka 14 - i Region \u00d6sterg\u00f6tland\" \/>\n<meta property=\"og:description\" content=\"Hej! Denna vecka har m\u00e5nga barn och unga haft p\u00e5sklov fr\u00e5n skolan. En lovvecka inneb\u00e4r oftast att det inte planeras in n\u00e5gra ordinarie politiska m\u00f6ten i regionen, som fullm\u00e4ktige, n\u00e4mnder och beredningar. Eftersom veckan dessutom b\u00f6rjade med helgdagen Annandag P\u00e5sk, har den kortare fyradagarsveckan varit ovanligt lugn och inte s\u00e5 m\u00e5nga inbokade m\u00f6ten som en Read More\" \/>\n<meta property=\"og:url\" content=\"https:\/\/wp.kristdemokraterna.se\/regionostergotland\/nyhetsbrev-vecka-14-7\/\" \/>\n<meta property=\"og:site_name\" content=\"i Region \u00d6sterg\u00f6tland\" \/>\n<meta property=\"article:published_time\" content=\"2024-04-05T14:32:42+00:00\" \/>\n<meta property=\"og:image\" content=\"http:\/\/wp.kristdemokraterna.se\/regionostergotland\/files\/2024\/04\/bild-nyhetsbrev-2024-vecka-14-1024x533.jpg\" \/>\n\t<meta property=\"og:image:width\" content=\"1024\" \/>\n\t<meta property=\"og:image:height\" content=\"533\" \/>\n\t<meta property=\"og:image:type\" content=\"image\/jpeg\" \/>\n<meta name=\"author\" content=\"regionostergotland\" \/>\n<meta name=\"twitter:card\" content=\"summary_large_image\" \/>\n<meta name=\"twitter:label1\" content=\"Skriven av\" \/>\n\t<meta name=\"twitter:data1\" content=\"regionostergotland\" \/>\n\t<meta name=\"twitter:label2\" content=\"Ber\u00e4knad l\u00e4stid\" \/>\n\t<meta name=\"twitter:data2\" content=\"3 minuter\" \/>\n<script type=\"application\/ld+json\" class=\"yoast-schema-graph\">{\"@context\":\"https:\\\/\\\/schema.org\",\"@graph\":[{\"@type\":\"Article\",\"@id\":\"https:\\\/\\\/wp.kristdemokraterna.se\\\/regionostergotland\\\/nyhetsbrev-vecka-14-7\\\/#article\",\"isPartOf\":{\"@id\":\"https:\\\/\\\/wp.kristdemokraterna.se\\\/regionostergotland\\\/nyhetsbrev-vecka-14-7\\\/\"},\"author\":{\"name\":\"regionostergotland\",\"@id\":\"https:\\\/\\\/wp.kristdemokraterna.se\\\/regionostergotland\\\/#\\\/schema\\\/person\\\/74c3c4f502fcc489722a7be0dfe0088c\"},\"headline\":\"Nyhetsbrev vecka 14\",\"datePublished\":\"2024-04-05T14:32:42+00:00\",\"mainEntityOfPage\":{\"@id\":\"https:\\\/\\\/wp.kristdemokraterna.se\\\/regionostergotland\\\/nyhetsbrev-vecka-14-7\\\/\"},\"wordCount\":641,\"articleSection\":[\"Nyheter\"],\"inLanguage\":\"sv-SE\"},{\"@type\":\"WebPage\",\"@id\":\"https:\\\/\\\/wp.kristdemokraterna.se\\\/regionostergotland\\\/nyhetsbrev-vecka-14-7\\\/\",\"url\":\"https:\\\/\\\/wp.kristdemokraterna.se\\\/regionostergotland\\\/nyhetsbrev-vecka-14-7\\\/\",\"name\":\"Nyhetsbrev vecka 14 - i Region \u00d6sterg\u00f6tland\",\"isPartOf\":{\"@id\":\"https:\\\/\\\/wp.kristdemokraterna.se\\\/regionostergotland\\\/#website\"},\"datePublished\":\"2024-04-05T14:32:42+00:00\",\"author\":{\"@id\":\"https:\\\/\\\/wp.kristdemokraterna.se\\\/regionostergotland\\\/#\\\/schema\\\/person\\\/74c3c4f502fcc489722a7be0dfe0088c\"},\"breadcrumb\":{\"@id\":\"https:\\\/\\\/wp.kristdemokraterna.se\\\/regionostergotland\\\/nyhetsbrev-vecka-14-7\\\/#breadcrumb\"},\"inLanguage\":\"sv-SE\",\"potentialAction\":[{\"@type\":\"ReadAction\",\"target\":[\"https:\\\/\\\/wp.kristdemokraterna.se\\\/regionostergotland\\\/nyhetsbrev-vecka-14-7\\\/\"]}]},{\"@type\":\"BreadcrumbList\",\"@id\":\"https:\\\/\\\/wp.kristdemokraterna.se\\\/regionostergotland\\\/nyhetsbrev-vecka-14-7\\\/#breadcrumb\",\"itemListElement\":[{\"@type\":\"ListItem\",\"position\":1,\"name\":\"Hem\",\"item\":\"https:\\\/\\\/wp.kristdemokraterna.se\\\/regionostergotland\\\/\"},{\"@type\":\"ListItem\",\"position\":2,\"name\":\"Nyhetsbrev vecka 14\"}]},{\"@type\":\"WebSite\",\"@id\":\"https:\\\/\\\/wp.kristdemokraterna.se\\\/regionostergotland\\\/#website\",\"url\":\"https:\\\/\\\/wp.kristdemokraterna.se\\\/regionostergotland\\\/\",\"name\":\"i Region \u00d6sterg\u00f6tland\",\"description\":\"\",\"inLanguage\":\"sv-SE\"},{\"@type\":\"Person\",\"@id\":\"https:\\\/\\\/wp.kristdemokraterna.se\\\/regionostergotland\\\/#\\\/schema\\\/person\\\/74c3c4f502fcc489722a7be0dfe0088c\",\"name\":\"regionostergotland\",\"image\":{\"@type\":\"ImageObject\",\"inLanguage\":\"sv-SE\",\"@id\":\"https:\\\/\\\/secure.gravatar.com\\\/avatar\\\/8fb8f0a216e627554da57506bfaf78d677f45512f24f703e185ec701423b1e92?s=96&d=mm&r=g\",\"url\":\"https:\\\/\\\/secure.gravatar.com\\\/avatar\\\/8fb8f0a216e627554da57506bfaf78d677f45512f24f703e185ec701423b1e92?s=96&d=mm&r=g\",\"contentUrl\":\"https:\\\/\\\/secure.gravatar.com\\\/avatar\\\/8fb8f0a216e627554da57506bfaf78d677f45512f24f703e185ec701423b1e92?s=96&d=mm&r=g\",\"caption\":\"regionostergotland\"},\"url\":\"https:\\\/\\\/wp.kristdemokraterna.se\\\/regionostergotland\\\/author\\\/regionostergotland\\\/\"}]}<\/script>\n<!-- \/ Yoast SEO plugin. -->","yoast_head_json":{"title":"Nyhetsbrev vecka 14 - i Region \u00d6sterg\u00f6tland","robots":{"index":"index","follow":"follow","max-snippet":"max-snippet:-1","max-image-preview":"max-image-preview:large","max-video-preview":"max-video-preview:-1"},"canonical":"https:\/\/wp.kristdemokraterna.se\/regionostergotland\/nyhetsbrev-vecka-14-7\/","og_locale":"sv_SE","og_type":"article","og_title":"Nyhetsbrev vecka 14 - i Region \u00d6sterg\u00f6tland","og_description":"Hej! Denna vecka har m\u00e5nga barn och unga haft p\u00e5sklov fr\u00e5n skolan. En lovvecka inneb\u00e4r oftast att det inte planeras in n\u00e5gra ordinarie politiska m\u00f6ten i regionen, som fullm\u00e4ktige, n\u00e4mnder och beredningar. Eftersom veckan dessutom b\u00f6rjade med helgdagen Annandag P\u00e5sk, har den kortare fyradagarsveckan varit ovanligt lugn och inte s\u00e5 m\u00e5nga inbokade m\u00f6ten som en Read More","og_url":"https:\/\/wp.kristdemokraterna.se\/regionostergotland\/nyhetsbrev-vecka-14-7\/","og_site_name":"i Region \u00d6sterg\u00f6tland","article_published_time":"2024-04-05T14:32:42+00:00","og_image":[{"width":1024,"height":533,"url":"http:\/\/wp.kristdemokraterna.se\/regionostergotland\/files\/2024\/04\/bild-nyhetsbrev-2024-vecka-14-1024x533.jpg","type":"image\/jpeg"}],"author":"regionostergotland","twitter_card":"summary_large_image","twitter_misc":{"Skriven av":"regionostergotland","Ber\u00e4knad l\u00e4stid":"3 minuter"},"schema":{"@context":"https:\/\/schema.org","@graph":[{"@type":"Article","@id":"https:\/\/wp.kristdemokraterna.se\/regionostergotland\/nyhetsbrev-vecka-14-7\/#article","isPartOf":{"@id":"https:\/\/wp.kristdemokraterna.se\/regionostergotland\/nyhetsbrev-vecka-14-7\/"},"author":{"name":"regionostergotland","@id":"https:\/\/wp.kristdemokraterna.se\/regionostergotland\/#\/schema\/person\/74c3c4f502fcc489722a7be0dfe0088c"},"headline":"Nyhetsbrev vecka 14","datePublished":"2024-04-05T14:32:42+00:00","mainEntityOfPage":{"@id":"https:\/\/wp.kristdemokraterna.se\/regionostergotland\/nyhetsbrev-vecka-14-7\/"},"wordCount":641,"articleSection":["Nyheter"],"inLanguage":"sv-SE"},{"@type":"WebPage","@id":"https:\/\/wp.kristdemokraterna.se\/regionostergotland\/nyhetsbrev-vecka-14-7\/","url":"https:\/\/wp.kristdemokraterna.se\/regionostergotland\/nyhetsbrev-vecka-14-7\/","name":"Nyhetsbrev vecka 14 - i Region \u00d6sterg\u00f6tland","isPartOf":{"@id":"https:\/\/wp.kristdemokraterna.se\/regionostergotland\/#website"},"datePublished":"2024-04-05T14:32:42+00:00","author":{"@id":"https:\/\/wp.kristdemokraterna.se\/regionostergotland\/#\/schema\/person\/74c3c4f502fcc489722a7be0dfe0088c"},"breadcrumb":{"@id":"https:\/\/wp.kristdemokraterna.se\/regionostergotland\/nyhetsbrev-vecka-14-7\/#breadcrumb"},"inLanguage":"sv-SE","potentialAction":[{"@type":"ReadAction","target":["https:\/\/wp.kristdemokraterna.se\/regionostergotland\/nyhetsbrev-vecka-14-7\/"]}]},{"@type":"BreadcrumbList","@id":"https:\/\/wp.kristdemokraterna.se\/regionostergotland\/nyhetsbrev-vecka-14-7\/#breadcrumb","itemListElement":[{"@type":"ListItem","position":1,"name":"Hem","item":"https:\/\/wp.kristdemokraterna.se\/regionostergotland\/"},{"@type":"ListItem","position":2,"name":"Nyhetsbrev vecka 14"}]},{"@type":"WebSite","@id":"https:\/\/wp.kristdemokraterna.se\/regionostergotland\/#website","url":"https:\/\/wp.kristdemokraterna.se\/regionostergotland\/","name":"i Region \u00d6sterg\u00f6tland","description":"","inLanguage":"sv-SE"},{"@type":"Person","@id":"https:\/\/wp.kristdemokraterna.se\/regionostergotland\/#\/schema\/person\/74c3c4f502fcc489722a7be0dfe0088c","name":"regionostergotland","image":{"@type":"ImageObject","inLanguage":"sv-SE","@id":"https:\/\/secure.gravatar.com\/avatar\/8fb8f0a216e627554da57506bfaf78d677f45512f24f703e185ec701423b1e92?s=96&d=mm&r=g","url":"https:\/\/secure.gravatar.com\/avatar\/8fb8f0a216e627554da57506bfaf78d677f45512f24f703e185ec701423b1e92?s=96&d=mm&r=g","contentUrl":"https:\/\/secure.gravatar.com\/avatar\/8fb8f0a216e627554da57506bfaf78d677f45512f24f703e185ec701423b1e92?s=96&d=mm&r=g","caption":"regionostergotland"},"url":"https:\/\/wp.kristdemokraterna.se\/regionostergotland\/author\/regionostergotland\/"}]}},"_links":{"self":[{"href":"https:\/\/wp.kristdemokraterna.se\/regionostergotland\/wp-json\/wp\/v2\/posts\/2264","targetHints":{"allow":["GET"]}}],"collection":[{"href":"https:\/\/wp.kristdemokraterna.se\/regionostergotland\/wp-json\/wp\/v2\/posts"}],"about":[{"href":"https:\/\/wp.kristdemokraterna.se\/regionostergotland\/wp-json\/wp\/v2\/types\/post"}],"author":[{"embeddable":true,"href":"https:\/\/wp.kristdemokraterna.se\/regionostergotland\/wp-json\/wp\/v2\/users\/737"}],"replies":[{"embeddable":true,"href":"https:\/\/wp.kristdemokraterna.se\/regionostergotland\/wp-json\/wp\/v2\/comments?post=2264"}],"version-history":[{"count":1,"href":"https:\/\/wp.kristdemokraterna.se\/regionostergotland\/wp-json\/wp\/v2\/posts\/2264\/revisions"}],"predecessor-version":[{"id":2266,"href":"https:\/\/wp.kristdemokraterna.se\/regionostergotland\/wp-json\/wp\/v2\/posts\/2264\/revisions\/2266"}],"wp:attachment":[{"href":"https:\/\/wp.kristdemokraterna.se\/regionostergotland\/wp-json\/wp\/v2\/media?parent=2264"}],"wp:term":[{"taxonomy":"category","embeddable":true,"href":"https:\/\/wp.kristdemokraterna.se\/regionostergotland\/wp-json\/wp\/v2\/categories?post=2264"},{"taxonomy":"post_tag","embeddable":true,"href":"https:\/\/wp.kristdemokraterna.se\/regionostergotland\/wp-json\/wp\/v2\/tags?post=2264"}],"curies":[{"name":"wp","href":"https:\/\/api.w.org\/{rel}","templated":true}]}}